{"id":139218,"date":"2022-05-26T22:18:51","date_gmt":"2022-05-27T05:18:51","guid":{"rendered":"https:\/\/www.sonoraenequipo.com.mx\/?p=139218"},"modified":"2022-05-26T22:18:51","modified_gmt":"2022-05-27T05:18:51","slug":"llevamos-educacion-sexual-y-espacios-deportivos-a-los-jovenes-nogalenses-gobernador-durazo","status":"publish","type":"post","link":"https:\/\/www.sonoraenequipo.com.mx\/llevamos-educacion-sexual-y-espacios-deportivos-a-los-jovenes-nogalenses-gobernador-durazo\/","title":{"rendered":"Llevamos educaci\u00f3n sexual y espacios deportivos a los j\u00f3venes nogalenses: gobernador Durazo"},"content":{"rendered":"<p>NOGALES,SONORA,MX.\u2500El mandatario estatal, acompa\u00f1ado del presidente municipal de Nogales, Juan Gim Nogales, y de los secretarios de Salud y de Educaci\u00f3n y Cultura, Jos\u00e9 Luis Alom\u00eda Zegarra y Aar\u00f3n Grajeda Bustamante, respectivamente, dio inicio a la Jornada Integral de Atenci\u00f3n a la Salud de las y los Adolescentes, donde tambi\u00e9n entreg\u00f3 una unidad m\u00f3vil itinerante EduSex que recorrer\u00e1 todo el estado ofreciendo informaci\u00f3n de planificaci\u00f3n sexual.<\/p>\n<p>&nbsp;<\/p>\n<p>El secretario de Salud, Jos\u00e9 Luis Alom\u00eda, detall\u00f3 que la Jornada Integral de Atenci\u00f3n a la Salud de las y los Adolescentes se enfocar\u00e1 en varios temas de salud, pero principalmente en concientizar a las y los j\u00f3venes del riesgo del consumo de drogas; embarazos en la adolescencia; y fomentar estrategias de vida saludable, como buenos h\u00e1bitos de salud, ejercicio, entre otros.<\/p>\n<p>&nbsp;<\/p>\n<p>Al finalizar el evento el gobernador Alfonso Durazo recorri\u00f3 los stands de informaci\u00f3n de la Jornada Integral de Atenci\u00f3n a la Salud de las y los Adolescentes, as\u00ed como en la Unidad de Especialidades Medicas de Enfermedades Cr\u00f3nicas de Nogales (Uneme-Enfermedades Cr\u00f3nicas).<\/p>\n<p>Fecha de publicaci\u00f3n jueves\u00a0 26 de mayo de 2022<\/p>\n","protected":false},"excerpt":{"rendered":"<p>NOGALES,SONORA,MX.\u2500El mandatario estatal, acompa\u00f1ado del presidente municipal de Nogales, Juan Gim Nogales, y de los&#8230;<\/p>\n","protected":false},"author":1,"featured_media":139223,"comment_status":"open","ping_status":"open","sticky":false,"template":"","format":"standard","meta":{"_monsterinsights_skip_tracking":false,"_monsterinsights_sitenote_active":false,"_monsterinsights_sitenote_note":"","_monsterinsights_sitenote_category":0,"footnotes":""},"categories":[22],"tags":[3635,1222],"class_list":["post"],"yoast_head":" \n<title>Sonora en Equipo. Llevamos educaci\u00f3n sexual y espacios deportivos a los j\u00f3venes nogalenses: gobernador Durazo Sonora<\/title>\n<meta name=\"description\" content=\"NOGALES,SONORA,MX.\u2500El mandatario estatal, acompa\u00f1ado del presidente municipal de Nogales, Juan Gim Nogales, y de los secretarios de Salud y de Educaci\u00f3n y En Sonora en Equipo publicamos toda la informaci\u00f3n de Sonora, M\u00e9xico y el Mundo de manera oportuna y busca que la libertad de expresi\u00f3n sea real. Visita nuestro medio informativo publicado desde Hermosillo, Sonora. %\" \/>\n<meta name=\"robots\" content=\"index, follow, max-snippet:-1, max-image-preview:large, max-video-preview:-1\" \/>\n<link rel=\"canonical\" href=\"https:\/\/www.sonoraenequipo.com.mx\/llevamos-educacion-sexual-y-espacios-deportivos-a-los-jovenes-nogalenses-gobernador-durazo\/\" \/>\n<meta property=\"og:locale\" content=\"es_ES\" \/>\n<meta property=\"og:type\" content=\"article\" \/>\n<meta property=\"og:title\" content=\"Sonora en Equipo. Llevamos educaci\u00f3n sexual y espacios deportivos a los j\u00f3venes nogalenses: gobernador Durazo Sonora\" \/>\n<meta property=\"og:description\" content=\"NOGALES,SONORA,MX.\u2500El mandatario estatal, acompa\u00f1ado del presidente municipal de Nogales, Juan Gim Nogales, y de los secretarios de Salud y de Educaci\u00f3n y En Sonora en Equipo publicamos toda la informaci\u00f3n de Sonora, M\u00e9xico y el Mundo de manera oportuna y busca que la libertad de expresi\u00f3n sea real. Visita nuestro medio informativo publicado desde Hermosillo, Sonora. %\" \/>\n<meta property=\"og:url\" content=\"https:\/\/www.sonoraenequipo.com.mx\/llevamos-educacion-sexual-y-espacios-deportivos-a-los-jovenes-nogalenses-gobernador-durazo\/\" \/>\n<meta property=\"og:site_name\" content=\"Sonora en Equipo.\" \/>\n<meta property=\"article:publisher\" content=\"https:\/\/www.facebook.com\/SonoraEE\/\" \/>\n<meta property=\"article:author\" content=\"https:\/\/www.facebook.com\/SonoraEE\" \/>\n<meta property=\"article:published_time\" content=\"2022-05-27T05:18:51+00:00\" \/>\n<meta property=\"og:image\" content=\"https:\/\/www.sonoraenequipo.com.mx\/storage\/2022\/05\/ADM-JOVENES.jpg\" \/>\n\t<meta property=\"og:image:width\" content=\"700\" \/>\n\t<meta property=\"og:image:height\" content=\"400\" \/>\n\t<meta property=\"og:image:type\" content=\"image\/jpeg\" \/>\n<meta name=\"author\" content=\"enequipo\" \/>\n<meta name=\"twitter:card\" content=\"summary_large_image\" \/>\n<meta name=\"twitter:creator\" content=\"@sonoraenequipo\" \/>\n<meta name=\"twitter:site\" content=\"@sonoraenequipo\" \/>\n<meta name=\"twitter:label1\" content=\"Escrito por\" \/>\n\t<meta name=\"twitter:data1\" content=\"enequipo\" \/>\n\t<meta name=\"twitter:label2\" content=\"Tiempo de lectura\" \/>\n\t<meta name=\"twitter:data2\" content=\"1 minuto\" \/>\n<script type=\"application\/ld+json\" class=\"yoast-schema-graph\">{\"@context\":\"https:\/\/schema.org\",\"@graph\":[{\"@type\":\"Article\",\"@id\":\"https:\/\/www.sonoraenequipo.com.mx\/llevamos-educacion-sexual-y-espacios-deportivos-a-los-jovenes-nogalenses-gobernador-durazo\/#article\",\"isPartOf\":{\"@id\":\"https:\/\/www.sonoraenequipo.com.mx\/llevamos-educacion-sexual-y-espacios-deportivos-a-los-jovenes-nogalenses-gobernador-durazo\/\"},\"author\":{\"name\":\"enequipo\",\"@id\":\"https:\/\/www.sonoraenequipo.com.mx\/#\/schema\/person\/50102df0fb23a8fa9e8effad8fa81386\"},\"headline\":\"Llevamos educaci\u00f3n sexual y espacios deportivos a los j\u00f3venes nogalenses: gobernador Durazo\",\"datePublished\":\"2022-05-27T05:18:51+00:00\",\"mainEntityOfPage\":{\"@id\":\"https:\/\/www.sonoraenequipo.com.mx\/llevamos-educacion-sexual-y-espacios-deportivos-a-los-jovenes-nogalenses-gobernador-durazo\/\"},\"wordCount\":214,\"commentCount\":0,\"publisher\":{\"@id\":\"https:\/\/www.sonoraenequipo.com.mx\/#organization\"},\"image\":{\"@id\":\"https:\/\/www.sonoraenequipo.com.mx\/llevamos-educacion-sexual-y-espacios-deportivos-a-los-jovenes-nogalenses-gobernador-durazo\/#primaryimage\"},\"thumbnailUrl\":\"https:\/\/www.sonoraenequipo.com.mx\/storage\/2022\/05\/ADM-JOVENES.jpg\",\"keywords\":[\"DURAZO\",\"j\u00f3venes\"],\"articleSection\":[\"Sonora\"],\"inLanguage\":\"es\",\"potentialAction\":[{\"@type\":\"CommentAction\",\"name\":\"Comment\",\"target\":[\"https:\/\/www.sonoraenequipo.com.mx\/llevamos-educacion-sexual-y-espacios-deportivos-a-los-jovenes-nogalenses-gobernador-durazo\/#respond\"]}]},{\"@type\":\"WebPage\",\"@id\":\"https:\/\/www.sonoraenequipo.com.mx\/llevamos-educacion-sexual-y-espacios-deportivos-a-los-jovenes-nogalenses-gobernador-durazo\/\",\"url\":\"https:\/\/www.sonoraenequipo.com.mx\/llevamos-educacion-sexual-y-espacios-deportivos-a-los-jovenes-nogalenses-gobernador-durazo\/\",\"name\":\"Sonora en Equipo. Llevamos educaci\u00f3n sexual y espacios deportivos a los j\u00f3venes nogalenses: gobernador Durazo Sonora\",\"isPartOf\":{\"@id\":\"https:\/\/www.sonoraenequipo.com.mx\/#website\"},\"primaryImageOfPage\":{\"@id\":\"https:\/\/www.sonoraenequipo.com.mx\/llevamos-educacion-sexual-y-espacios-deportivos-a-los-jovenes-nogalenses-gobernador-durazo\/#primaryimage\"},\"image\":{\"@id\":\"https:\/\/www.sonoraenequipo.com.mx\/llevamos-educacion-sexual-y-espacios-deportivos-a-los-jovenes-nogalenses-gobernador-durazo\/#primaryimage\"},\"thumbnailUrl\":\"https:\/\/www.sonoraenequipo.com.mx\/storage\/2022\/05\/ADM-JOVENES.jpg\",\"datePublished\":\"2022-05-27T05:18:51+00:00\",\"description\":\"NOGALES,SONORA,MX.\u2500El mandatario estatal, acompa\u00f1ado del presidente municipal de Nogales, Juan Gim Nogales, y de los secretarios de Salud y de Educaci\u00f3n y En Sonora en Equipo publicamos toda la informaci\u00f3n de Sonora, M\u00e9xico y el Mundo de manera oportuna y busca que la libertad de expresi\u00f3n sea real. Visita nuestro medio informativo publicado desde Hermosillo, Sonora. %\",\"breadcrumb\":{\"@id\":\"https:\/\/www.sonoraenequipo.com.mx\/llevamos-educacion-sexual-y-espacios-deportivos-a-los-jovenes-nogalenses-gobernador-durazo\/#breadcrumb\"},\"inLanguage\":\"es\",\"potentialAction\":[{\"@type\":\"ReadAction\",\"target\":[\"https:\/\/www.sonoraenequipo.com.mx\/llevamos-educacion-sexual-y-espacios-deportivos-a-los-jovenes-nogalenses-gobernador-durazo\/\"]}]},{\"@type\":\"ImageObject\",\"inLanguage\":\"es\",\"@id\":\"https:\/\/www.sonoraenequipo.com.mx\/llevamos-educacion-sexual-y-espacios-deportivos-a-los-jovenes-nogalenses-gobernador-durazo\/#primaryimage\",\"url\":\"https:\/\/www.sonoraenequipo.com.mx\/storage\/2022\/05\/ADM-JOVENES.jpg\",\"contentUrl\":\"https:\/\/www.sonoraenequipo.com.mx\/storage\/2022\/05\/ADM-JOVENES.jpg\",\"width\":700,\"height\":400},{\"@type\":\"BreadcrumbList\",\"@id\":\"https:\/\/www.sonoraenequipo.com.mx\/llevamos-educacion-sexual-y-espacios-deportivos-a-los-jovenes-nogalenses-gobernador-durazo\/#breadcrumb\",\"itemListElement\":[{\"@type\":\"ListItem\",\"position\":1,\"name\":\"Portada\",\"item\":\"https:\/\/www.sonoraenequipo.com.mx\/\"},{\"@type\":\"ListItem\",\"position\":2,\"name\":\"Llevamos educaci\u00f3n sexual y espacios deportivos a los j\u00f3venes nogalenses: gobernador Durazo\"}]},{\"@type\":\"WebSite\",\"@id\":\"https:\/\/www.sonoraenequipo.com.mx\/#website\",\"url\":\"https:\/\/www.sonoraenequipo.com.mx\/\",\"name\":\"Sonora en Equipo.\",\"description\":\"Diario en l\u00ednea con Noticias desde Hermosillo, Sonora\",\"publisher\":{\"@id\":\"https:\/\/www.sonoraenequipo.com.mx\/#organization\"},\"potentialAction\":[{\"@type\":\"SearchAction\",\"target\":{\"@type\":\"EntryPoint\",\"urlTemplate\":\"https:\/\/www.sonoraenequipo.com.mx\/?s={search_term_string}\"},\"query-input\":{\"@type\":\"PropertyValueSpecification\",\"valueRequired\":true,\"valueName\":\"search_term_string\"}}],\"inLanguage\":\"es\"},{\"@type\":\"Organization\",\"@id\":\"https:\/\/www.sonoraenequipo.com.mx\/#organization\",\"name\":\"Sonoraenequipo.com.mx\",\"url\":\"https:\/\/www.sonoraenequipo.com.mx\/\",\"logo\":{\"@type\":\"ImageObject\",\"inLanguage\":\"es\",\"@id\":\"https:\/\/www.sonoraenequipo.com.mx\/#\/schema\/logo\/image\/\",\"url\":\"https:\/\/www.sonoraenequipo.com.mx\/storage\/2019\/01\/sonoraenequipo_opt.png\",\"contentUrl\":\"https:\/\/www.sonoraenequipo.com.mx\/storage\/2019\/01\/sonoraenequipo_opt.png\",\"width\":375,\"height\":125,\"caption\":\"Sonoraenequipo.com.mx\"},\"image\":{\"@id\":\"https:\/\/www.sonoraenequipo.com.mx\/#\/schema\/logo\/image\/\"},\"sameAs\":[\"https:\/\/www.facebook.com\/SonoraEE\/\",\"https:\/\/x.com\/sonoraenequipo\",\"https:\/\/www.youtube.com\/channel\/UC338nW-lPEYmJQs4ZABQ1SQ\"]},{\"@type\":\"Person\",\"@id\":\"https:\/\/www.sonoraenequipo.com.mx\/#\/schema\/person\/50102df0fb23a8fa9e8effad8fa81386\",\"name\":\"enequipo\",\"image\":{\"@type\":\"ImageObject\",\"inLanguage\":\"es\",\"@id\":\"https:\/\/www.sonoraenequipo.com.mx\/#\/schema\/person\/image\/\",\"url\":\"https:\/\/secure.gravatar.com\/avatar\/049821681b589dabc0bc20695993ccebb09f5b5d4d790cd9251b97faac7c652b?s=96&d=blank&r=g\",\"contentUrl\":\"https:\/\/secure.gravatar.com\/avatar\/049821681b589dabc0bc20695993ccebb09f5b5d4d790cd9251b97faac7c652b?s=96&d=blank&r=g\",\"caption\":\"enequipo\"},\"sameAs\":[\"https:\/\/www.facebook.com\/SonoraEE\"]}]}<\/script>\n ","yoast_head_json":{"title":"Sonora en Equipo. Llevamos educaci\u00f3n sexual y espacios deportivos a los j\u00f3venes nogalenses: gobernador Durazo Sonora","description":"NOGALES,SONORA,MX.\u2500El mandatario estatal, acompa\u00f1ado del presidente municipal de Nogales, Juan Gim Nogales, y de los secretarios de Salud y de Educaci\u00f3n y En Sonora en Equipo publicamos toda la informaci\u00f3n de Sonora, M\u00e9xico y el Mundo de manera oportuna y busca que la libertad de expresi\u00f3n sea real. Visita nuestro medio informativo publicado desde Hermosillo, Sonora. %","robots":{"index":"index","follow":"follow","max-snippet":"max-snippet:-1","max-image-preview":"max-image-preview:large","max-video-preview":"max-video-preview:-1"},"canonical":"https:\/\/www.sonoraenequipo.com.mx\/llevamos-educacion-sexual-y-espacios-deportivos-a-los-jovenes-nogalenses-gobernador-durazo\/","og_locale":"es_ES","og_type":"article","og_title":"Sonora en Equipo. Llevamos educaci\u00f3n sexual y espacios deportivos a los j\u00f3venes nogalenses: gobernador Durazo Sonora","og_description":"NOGALES,SONORA,MX.\u2500El mandatario estatal, acompa\u00f1ado del presidente municipal de Nogales, Juan Gim Nogales, y de los secretarios de Salud y de Educaci\u00f3n y En Sonora en Equipo publicamos toda la informaci\u00f3n de Sonora, M\u00e9xico y el Mundo de manera oportuna y busca que la libertad de expresi\u00f3n sea real. Visita nuestro medio informativo publicado desde Hermosillo, Sonora. %","og_url":"https:\/\/www.sonoraenequipo.com.mx\/llevamos-educacion-sexual-y-espacios-deportivos-a-los-jovenes-nogalenses-gobernador-durazo\/","og_site_name":"Sonora en Equipo.","article_publisher":"https:\/\/www.facebook.com\/SonoraEE\/","article_author":"https:\/\/www.facebook.com\/SonoraEE","article_published_time":"2022-05-27T05:18:51+00:00","og_image":[{"width":700,"height":400,"url":"https:\/\/www.sonoraenequipo.com.mx\/storage\/2022\/05\/ADM-JOVENES.jpg","type":"image\/jpeg"}],"author":"enequipo","twitter_card":"summary_large_image","twitter_creator":"@sonoraenequipo","twitter_site":"@sonoraenequipo","twitter_misc":{"Escrito por":"enequipo","Tiempo de lectura":"1 minuto"},"schema":{"@context":"https:\/\/schema.org","@graph":[{"@type":"Article","@id":"https:\/\/www.sonoraenequipo.com.mx\/llevamos-educacion-sexual-y-espacios-deportivos-a-los-jovenes-nogalenses-gobernador-durazo\/#article","isPartOf":{"@id":"https:\/\/www.sonoraenequipo.com.mx\/llevamos-educacion-sexual-y-espacios-deportivos-a-los-jovenes-nogalenses-gobernador-durazo\/"},"author":{"name":"enequipo","@id":"https:\/\/www.sonoraenequipo.com.mx\/#\/schema\/person\/50102df0fb23a8fa9e8effad8fa81386"},"headline":"Llevamos educaci\u00f3n sexual y espacios deportivos a los j\u00f3venes nogalenses: gobernador Durazo","datePublished":"2022-05-27T05:18:51+00:00","mainEntityOfPage":{"@id":"https:\/\/www.sonoraenequipo.com.mx\/llevamos-educacion-sexual-y-espacios-deportivos-a-los-jovenes-nogalenses-gobernador-durazo\/"},"wordCount":214,"commentCount":0,"publisher":{"@id":"https:\/\/www.sonoraenequipo.com.mx\/#organization"},"image":{"@id":"https:\/\/www.sonoraenequipo.com.mx\/llevamos-educacion-sexual-y-espacios-deportivos-a-los-jovenes-nogalenses-gobernador-durazo\/#primaryimage"},"thumbnailUrl":"https:\/\/www.sonoraenequipo.com.mx\/storage\/2022\/05\/ADM-JOVENES.jpg","keywords":["DURAZO","j\u00f3venes"],"articleSection":["Sonora"],"inLanguage":"es","potentialAction":[{"@type":"CommentAction","name":"Comment","target":["https:\/\/www.sonoraenequipo.com.mx\/llevamos-educacion-sexual-y-espacios-deportivos-a-los-jovenes-nogalenses-gobernador-durazo\/#respond"]}]},{"@type":"WebPage","@id":"https:\/\/www.sonoraenequipo.com.mx\/llevamos-educacion-sexual-y-espacios-deportivos-a-los-jovenes-nogalenses-gobernador-durazo\/","url":"https:\/\/www.sonoraenequipo.com.mx\/llevamos-educacion-sexual-y-espacios-deportivos-a-los-jovenes-nogalenses-gobernador-durazo\/","name":"Sonora en Equipo. Llevamos educaci\u00f3n sexual y espacios deportivos a los j\u00f3venes nogalenses: gobernador Durazo Sonora","isPartOf":{"@id":"https:\/\/www.sonoraenequipo.com.mx\/#website"},"primaryImageOfPage":{"@id":"https:\/\/www.sonoraenequipo.com.mx\/llevamos-educacion-sexual-y-espacios-deportivos-a-los-jovenes-nogalenses-gobernador-durazo\/#primaryimage"},"image":{"@id":"https:\/\/www.sonoraenequipo.com.mx\/llevamos-educacion-sexual-y-espacios-deportivos-a-los-jovenes-nogalenses-gobernador-durazo\/#primaryimage"},"thumbnailUrl":"https:\/\/www.sonoraenequipo.com.mx\/storage\/2022\/05\/ADM-JOVENES.jpg","datePublished":"2022-05-27T05:18:51+00:00","description":"NOGALES,SONORA,MX.\u2500El mandatario estatal, acompa\u00f1ado del presidente municipal de Nogales, Juan Gim Nogales, y de los secretarios de Salud y de Educaci\u00f3n y En Sonora en Equipo publicamos toda la informaci\u00f3n de Sonora, M\u00e9xico y el Mundo de manera oportuna y busca que la libertad de expresi\u00f3n sea real. Visita nuestro medio informativo publicado desde Hermosillo, Sonora. %","breadcrumb":{"@id":"https:\/\/www.sonoraenequipo.com.mx\/llevamos-educacion-sexual-y-espacios-deportivos-a-los-jovenes-nogalenses-gobernador-durazo\/#breadcrumb"},"inLanguage":"es","potentialAction":[{"@type":"ReadAction","target":["https:\/\/www.sonoraenequipo.com.mx\/llevamos-educacion-sexual-y-espacios-deportivos-a-los-jovenes-nogalenses-gobernador-durazo\/"]}]},{"@type":"ImageObject","inLanguage":"es","@id":"https:\/\/www.sonoraenequipo.com.mx\/llevamos-educacion-sexual-y-espacios-deportivos-a-los-jovenes-nogalenses-gobernador-durazo\/#primaryimage","url":"https:\/\/www.sonoraenequipo.com.mx\/storage\/2022\/05\/ADM-JOVENES.jpg","contentUrl":"https:\/\/www.sonoraenequipo.com.mx\/storage\/2022\/05\/ADM-JOVENES.jpg","width":700,"height":400},{"@type":"BreadcrumbList","@id":"https:\/\/www.sonoraenequipo.com.mx\/llevamos-educacion-sexual-y-espacios-deportivos-a-los-jovenes-nogalenses-gobernador-durazo\/#breadcrumb","itemListElement":[{"@type":"ListItem","position":1,"name":"Portada","item":"https:\/\/www.sonoraenequipo.com.mx\/"},{"@type":"ListItem","position":2,"name":"Llevamos educaci\u00f3n sexual y espacios deportivos a los j\u00f3venes nogalenses: gobernador Durazo"}]},{"@type":"WebSite","@id":"https:\/\/www.sonoraenequipo.com.mx\/#website","url":"https:\/\/www.sonoraenequipo.com.mx\/","name":"Sonora en Equipo.","description":"Diario en l\u00ednea con Noticias desde Hermosillo, Sonora","publisher":{"@id":"https:\/\/www.sonoraenequipo.com.mx\/#organization"},"potentialAction":[{"@type":"SearchAction","target":{"@type":"EntryPoint","urlTemplate":"https:\/\/www.sonoraenequipo.com.mx\/?s={search_term_string}"},"query-input":{"@type":"PropertyValueSpecification","valueRequired":true,"valueName":"search_term_string"}}],"inLanguage":"es"},{"@type":"Organization","@id":"https:\/\/www.sonoraenequipo.com.mx\/#organization","name":"Sonoraenequipo.com.mx","url":"https:\/\/www.sonoraenequipo.com.mx\/","logo":{"@type":"ImageObject","inLanguage":"es","@id":"https:\/\/www.sonoraenequipo.com.mx\/#\/schema\/logo\/image\/","url":"https:\/\/www.sonoraenequipo.com.mx\/storage\/2019\/01\/sonoraenequipo_opt.png","contentUrl":"https:\/\/www.sonoraenequipo.com.mx\/storage\/2019\/01\/sonoraenequipo_opt.png","width":375,"height":125,"caption":"Sonoraenequipo.com.mx"},"image":{"@id":"https:\/\/www.sonoraenequipo.com.mx\/#\/schema\/logo\/image\/"},"sameAs":["https:\/\/www.facebook.com\/SonoraEE\/","https:\/\/x.com\/sonoraenequipo","https:\/\/www.youtube.com\/channel\/UC338nW-lPEYmJQs4ZABQ1SQ"]},{"@type":"Person","@id":"https:\/\/www.sonoraenequipo.com.mx\/#\/schema\/person\/50102df0fb23a8fa9e8effad8fa81386","name":"enequipo","image":{"@type":"ImageObject","inLanguage":"es","@id":"https:\/\/www.sonoraenequipo.com.mx\/#\/schema\/person\/image\/","url":"https:\/\/secure.gravatar.com\/avatar\/049821681b589dabc0bc20695993ccebb09f5b5d4d790cd9251b97faac7c652b?s=96&d=blank&r=g","contentUrl":"https:\/\/secure.gravatar.com\/avatar\/049821681b589dabc0bc20695993ccebb09f5b5d4d790cd9251b97faac7c652b?s=96&d=blank&r=g","caption":"enequipo"},"sameAs":["https:\/\/www.facebook.com\/SonoraEE"]}]}},"jetpack_featured_media_url":"https:\/\/www.sonoraenequipo.com.mx\/storage\/2022\/05\/ADM-JOVENES.jpg","_links":{"self":[{"href":"https:\/\/www.sonoraenequipo.com.mx\/api\/wp\/v2\/posts\/139218","targetHints":{"allow":["GET"]}}],"collection":[{"href":"https:\/\/www.sonoraenequipo.com.mx\/api\/wp\/v2\/posts"}],"about":[{"href":"https:\/\/www.sonoraenequipo.com.mx\/api\/wp\/v2\/types\/post"}],"author":[{"embeddable":true,"href":"https:\/\/www.sonoraenequipo.com.mx\/api\/wp\/v2\/users\/1"}],"replies":[{"embeddable":true,"href":"https:\/\/www.sonoraenequipo.com.mx\/api\/wp\/v2\/comments?post=139218"}],"version-history":[{"count":1,"href":"https:\/\/www.sonoraenequipo.com.mx\/api\/wp\/v2\/posts\/139218\/revisions"}],"predecessor-version":[{"id":139226,"href":"https:\/\/www.sonoraenequipo.com.mx\/api\/wp\/v2\/posts\/139218\/revisions\/139226"}],"wp:featuredmedia":[{"embeddable":true,"href":"https:\/\/www.sonoraenequipo.com.mx\/api\/wp\/v2\/media\/139223"}],"wp:attachment":[{"href":"https:\/\/www.sonoraenequipo.com.mx\/api\/wp\/v2\/media?parent=139218"}],"wp:term":[{"taxonomy":"category","embeddable":true,"href":"https:\/\/www.sonoraenequipo.com.mx\/api\/wp\/v2\/categories?post=139218"},{"taxonomy":"post_tag","embeddable":true,"href":"https:\/\/www.sonoraenequipo.com.mx\/api\/wp\/v2\/tags?post=139218"}],"curies":[{"name":"wp","href":"https:\/\/api.w.org\/{rel}","templated":true}]}}