{"id":139253,"date":"2022-05-26T19:10:20","date_gmt":"2022-05-27T02:10:20","guid":{"rendered":"https:\/\/www.sonoraenequipo.com.mx\/?p=139253"},"modified":"2022-05-27T11:31:56","modified_gmt":"2022-05-27T18:31:56","slug":"papa-de-debanhi-lamenta-que-vayan-a-exhumar-el-cuerpo-de-su-hija","status":"publish","type":"post","link":"https:\/\/www.sonoraenequipo.com.mx\/papa-de-debanhi-lamenta-que-vayan-a-exhumar-el-cuerpo-de-su-hija\/","title":{"rendered":"Pap\u00e1 de Debanhi lamenta que vayan a exhumar el cuerpo de su hija"},"content":{"rendered":"<p><strong>MONTERREY, NUEVO LE\u00d3N. \u2014<\/strong> Mario Escobar, padre de Debanhi Susana Escobar Bazaldua, confes\u00f3 que le duele que su hija tenga que ser exhumada para encontrar la verdad de su muerte; \u201cme duele como familia, como pap\u00e1, me duele como ser humano y todav\u00eda a 40 d\u00edas de la desaparici\u00f3n, no le podemos dar ese luto que se merece\u201d..<\/p>\n<p>&nbsp;<\/p>\n<p> <\/p>\n<p>&nbsp;<\/p>\n<p>&nbsp;<\/p>\n<p>Escobar public\u00f3 un video en su canal de YouTube, tras darse a conocer que se solicitar\u00e1 la exhumaci\u00f3n del cuerpo de su hija para homologar los dict\u00e1menes forenses de su caso; \u201ces incre\u00edble que despu\u00e9s de mucho tiempo lleguemos a esto, a la exhumaci\u00f3n\u201d, dijo.<\/p>\n<p>&nbsp;<\/p>\n<p>&nbsp;<\/p>\n<p>Sin embargo, a\u00f1adi\u00f3 que si esta exhumaci\u00f3n constituye un parteaguas para cambiar el \u201cantes y despu\u00e9s de Debanhi\u201d entonces lo acepta.<\/p>\n<p>&nbsp;<\/p>\n<p>&nbsp;<\/p>\n<p>Por la secrec\u00eda de la investigaci\u00f3n, indic\u00f3 que no podr\u00e1 compartir cu\u00e1ndo se realizar\u00e1 el proceso; por otra parte, el padre de familia coment\u00f3 que ahora, la Fiscal\u00eda determin\u00f3 catear la habitaci\u00f3n de su hija.<\/p>\n<p>\u201cEso deber\u00edan de haberlo hecho hace mucho tiempo tambi\u00e9n, hace 40 d\u00edas; hubo mucha negligencia de parte de la Fiscal\u00eda de Desaparecidos, hay que decirlo\u201d, expres\u00f3.<\/p>\n<p>&nbsp;<\/p>\n<p>Expuso que no sabe qu\u00e9 es lo que buscaban en el cuarto de la joven, quien desapareci\u00f3 el 9 de abril tras haber asistido a una fiesta en una quinta y fue hallada 13 d\u00edas despu\u00e9s en una cisterna en desuso del Motel Nuevo Castilla.<\/p>\n<p>&nbsp;<\/p>\n<p>&nbsp;<\/p>\n<p>(Publicada el 26\/05\/2022)<\/p>\n","protected":false},"excerpt":{"rendered":"<p>MONTERREY, NUEVO LE\u00d3N. \u2014 Mario Escobar, padre de Debanhi Susana Escobar Bazaldua, confes\u00f3 que le&#8230;<\/p>\n","protected":false},"author":1,"featured_media":139245,"comment_status":"open","ping_status":"open","sticky":false,"template":"","format":"standard","meta":{"_monsterinsights_skip_tracking":false,"_monsterinsights_sitenote_active":false,"_monsterinsights_sitenote_note":"","_monsterinsights_sitenote_category":0,"footnotes":""},"categories":[5],"tags":[],"class_list":["post"],"yoast_head":" \n<title>Sonora en Equipo. Pap\u00e1 de Debanhi lamenta que vayan a exhumar el cuerpo de su hija Rep\u00fablica<\/title>\n<meta name=\"description\" content=\"MONTERREY, NUEVO LE\u00d3N. \u2014 Mario Escobar, padre de Debanhi Susana Escobar Bazaldua, confes\u00f3 que le duele que su hija tenga que ser exhumada para encontrar En Sonora en Equipo publicamos toda la informaci\u00f3n de Sonora, M\u00e9xico y el Mundo de manera oportuna y busca que la libertad de expresi\u00f3n sea real. Visita nuestro medio informativo publicado desde Hermosillo, Sonora. %\" \/>\n<meta name=\"robots\" content=\"index, follow, max-snippet:-1, max-image-preview:large, max-video-preview:-1\" \/>\n<link rel=\"canonical\" href=\"https:\/\/www.sonoraenequipo.com.mx\/papa-de-debanhi-lamenta-que-vayan-a-exhumar-el-cuerpo-de-su-hija\/\" \/>\n<meta property=\"og:locale\" content=\"es_ES\" \/>\n<meta property=\"og:type\" content=\"article\" \/>\n<meta property=\"og:title\" content=\"Sonora en Equipo. Pap\u00e1 de Debanhi lamenta que vayan a exhumar el cuerpo de su hija Rep\u00fablica\" \/>\n<meta property=\"og:description\" content=\"MONTERREY, NUEVO LE\u00d3N. \u2014 Mario Escobar, padre de Debanhi Susana Escobar Bazaldua, confes\u00f3 que le duele que su hija tenga que ser exhumada para encontrar En Sonora en Equipo publicamos toda la informaci\u00f3n de Sonora, M\u00e9xico y el Mundo de manera oportuna y busca que la libertad de expresi\u00f3n sea real. Visita nuestro medio informativo publicado desde Hermosillo, Sonora. %\" \/>\n<meta property=\"og:url\" content=\"https:\/\/www.sonoraenequipo.com.mx\/papa-de-debanhi-lamenta-que-vayan-a-exhumar-el-cuerpo-de-su-hija\/\" \/>\n<meta property=\"og:site_name\" content=\"Sonora en Equipo.\" \/>\n<meta property=\"article:publisher\" content=\"https:\/\/www.facebook.com\/SonoraEE\/\" \/>\n<meta property=\"article:author\" content=\"https:\/\/www.facebook.com\/SonoraEE\" \/>\n<meta property=\"article:published_time\" content=\"2022-05-27T02:10:20+00:00\" \/>\n<meta property=\"article:modified_time\" content=\"2022-05-27T18:31:56+00:00\" \/>\n<meta property=\"og:image\" content=\"https:\/\/www.sonoraenequipo.com.mx\/storage\/2022\/05\/Papa-de-Debanhi-2.jpg\" \/>\n\t<meta property=\"og:image:width\" content=\"651\" \/>\n\t<meta property=\"og:image:height\" content=\"400\" \/>\n\t<meta property=\"og:image:type\" content=\"image\/jpeg\" \/>\n<meta name=\"author\" content=\"enequipo\" \/>\n<meta name=\"twitter:card\" content=\"summary_large_image\" \/>\n<meta name=\"twitter:creator\" content=\"@sonoraenequipo\" \/>\n<meta name=\"twitter:site\" content=\"@sonoraenequipo\" \/>\n<meta name=\"twitter:label1\" content=\"Escrito por\" \/>\n\t<meta name=\"twitter:data1\" content=\"enequipo\" \/>\n\t<meta name=\"twitter:label2\" content=\"Tiempo de lectura\" \/>\n\t<meta name=\"twitter:data2\" content=\"2 minutos\" \/>\n<script type=\"application\/ld+json\" class=\"yoast-schema-graph\">{\"@context\":\"https:\/\/schema.org\",\"@graph\":[{\"@type\":\"Article\",\"@id\":\"https:\/\/www.sonoraenequipo.com.mx\/papa-de-debanhi-lamenta-que-vayan-a-exhumar-el-cuerpo-de-su-hija\/#article\",\"isPartOf\":{\"@id\":\"https:\/\/www.sonoraenequipo.com.mx\/papa-de-debanhi-lamenta-que-vayan-a-exhumar-el-cuerpo-de-su-hija\/\"},\"author\":{\"name\":\"enequipo\",\"@id\":\"https:\/\/www.sonoraenequipo.com.mx\/#\/schema\/person\/50102df0fb23a8fa9e8effad8fa81386\"},\"headline\":\"Pap\u00e1 de Debanhi lamenta que vayan a exhumar el cuerpo de su hija\",\"datePublished\":\"2022-05-27T02:10:20+00:00\",\"dateModified\":\"2022-05-27T18:31:56+00:00\",\"mainEntityOfPage\":{\"@id\":\"https:\/\/www.sonoraenequipo.com.mx\/papa-de-debanhi-lamenta-que-vayan-a-exhumar-el-cuerpo-de-su-hija\/\"},\"wordCount\":273,\"commentCount\":0,\"publisher\":{\"@id\":\"https:\/\/www.sonoraenequipo.com.mx\/#organization\"},\"image\":{\"@id\":\"https:\/\/www.sonoraenequipo.com.mx\/papa-de-debanhi-lamenta-que-vayan-a-exhumar-el-cuerpo-de-su-hija\/#primaryimage\"},\"thumbnailUrl\":\"https:\/\/www.sonoraenequipo.com.mx\/storage\/2022\/05\/Papa-de-Debanhi-2.jpg\",\"articleSection\":[\"Rep\u00fablica\"],\"inLanguage\":\"es\",\"potentialAction\":[{\"@type\":\"CommentAction\",\"name\":\"Comment\",\"target\":[\"https:\/\/www.sonoraenequipo.com.mx\/papa-de-debanhi-lamenta-que-vayan-a-exhumar-el-cuerpo-de-su-hija\/#respond\"]}]},{\"@type\":\"WebPage\",\"@id\":\"https:\/\/www.sonoraenequipo.com.mx\/papa-de-debanhi-lamenta-que-vayan-a-exhumar-el-cuerpo-de-su-hija\/\",\"url\":\"https:\/\/www.sonoraenequipo.com.mx\/papa-de-debanhi-lamenta-que-vayan-a-exhumar-el-cuerpo-de-su-hija\/\",\"name\":\"Sonora en Equipo. Pap\u00e1 de Debanhi lamenta que vayan a exhumar el cuerpo de su hija Rep\u00fablica\",\"isPartOf\":{\"@id\":\"https:\/\/www.sonoraenequipo.com.mx\/#website\"},\"primaryImageOfPage\":{\"@id\":\"https:\/\/www.sonoraenequipo.com.mx\/papa-de-debanhi-lamenta-que-vayan-a-exhumar-el-cuerpo-de-su-hija\/#primaryimage\"},\"image\":{\"@id\":\"https:\/\/www.sonoraenequipo.com.mx\/papa-de-debanhi-lamenta-que-vayan-a-exhumar-el-cuerpo-de-su-hija\/#primaryimage\"},\"thumbnailUrl\":\"https:\/\/www.sonoraenequipo.com.mx\/storage\/2022\/05\/Papa-de-Debanhi-2.jpg\",\"datePublished\":\"2022-05-27T02:10:20+00:00\",\"dateModified\":\"2022-05-27T18:31:56+00:00\",\"description\":\"MONTERREY, NUEVO LE\u00d3N. \u2014 Mario Escobar, padre de Debanhi Susana Escobar Bazaldua, confes\u00f3 que le duele que su hija tenga que ser exhumada para encontrar En Sonora en Equipo publicamos toda la informaci\u00f3n de Sonora, M\u00e9xico y el Mundo de manera oportuna y busca que la libertad de expresi\u00f3n sea real. Visita nuestro medio informativo publicado desde Hermosillo, Sonora. %\",\"breadcrumb\":{\"@id\":\"https:\/\/www.sonoraenequipo.com.mx\/papa-de-debanhi-lamenta-que-vayan-a-exhumar-el-cuerpo-de-su-hija\/#breadcrumb\"},\"inLanguage\":\"es\",\"potentialAction\":[{\"@type\":\"ReadAction\",\"target\":[\"https:\/\/www.sonoraenequipo.com.mx\/papa-de-debanhi-lamenta-que-vayan-a-exhumar-el-cuerpo-de-su-hija\/\"]}]},{\"@type\":\"ImageObject\",\"inLanguage\":\"es\",\"@id\":\"https:\/\/www.sonoraenequipo.com.mx\/papa-de-debanhi-lamenta-que-vayan-a-exhumar-el-cuerpo-de-su-hija\/#primaryimage\",\"url\":\"https:\/\/www.sonoraenequipo.com.mx\/storage\/2022\/05\/Papa-de-Debanhi-2.jpg\",\"contentUrl\":\"https:\/\/www.sonoraenequipo.com.mx\/storage\/2022\/05\/Papa-de-Debanhi-2.jpg\",\"width\":651,\"height\":400},{\"@type\":\"BreadcrumbList\",\"@id\":\"https:\/\/www.sonoraenequipo.com.mx\/papa-de-debanhi-lamenta-que-vayan-a-exhumar-el-cuerpo-de-su-hija\/#breadcrumb\",\"itemListElement\":[{\"@type\":\"ListItem\",\"position\":1,\"name\":\"Portada\",\"item\":\"https:\/\/www.sonoraenequipo.com.mx\/\"},{\"@type\":\"ListItem\",\"position\":2,\"name\":\"Pap\u00e1 de Debanhi lamenta que vayan a exhumar el cuerpo de su hija\"}]},{\"@type\":\"WebSite\",\"@id\":\"https:\/\/www.sonoraenequipo.com.mx\/#website\",\"url\":\"https:\/\/www.sonoraenequipo.com.mx\/\",\"name\":\"Sonora en Equipo.\",\"description\":\"Diario en l\u00ednea con Noticias desde Hermosillo, Sonora\",\"publisher\":{\"@id\":\"https:\/\/www.sonoraenequipo.com.mx\/#organization\"},\"potentialAction\":[{\"@type\":\"SearchAction\",\"target\":{\"@type\":\"EntryPoint\",\"urlTemplate\":\"https:\/\/www.sonoraenequipo.com.mx\/?s={search_term_string}\"},\"query-input\":{\"@type\":\"PropertyValueSpecification\",\"valueRequired\":true,\"valueName\":\"search_term_string\"}}],\"inLanguage\":\"es\"},{\"@type\":\"Organization\",\"@id\":\"https:\/\/www.sonoraenequipo.com.mx\/#organization\",\"name\":\"Sonoraenequipo.com.mx\",\"url\":\"https:\/\/www.sonoraenequipo.com.mx\/\",\"logo\":{\"@type\":\"ImageObject\",\"inLanguage\":\"es\",\"@id\":\"https:\/\/www.sonoraenequipo.com.mx\/#\/schema\/logo\/image\/\",\"url\":\"https:\/\/www.sonoraenequipo.com.mx\/storage\/2019\/01\/sonoraenequipo_opt.png\",\"contentUrl\":\"https:\/\/www.sonoraenequipo.com.mx\/storage\/2019\/01\/sonoraenequipo_opt.png\",\"width\":375,\"height\":125,\"caption\":\"Sonoraenequipo.com.mx\"},\"image\":{\"@id\":\"https:\/\/www.sonoraenequipo.com.mx\/#\/schema\/logo\/image\/\"},\"sameAs\":[\"https:\/\/www.facebook.com\/SonoraEE\/\",\"https:\/\/x.com\/sonoraenequipo\",\"https:\/\/www.youtube.com\/channel\/UC338nW-lPEYmJQs4ZABQ1SQ\"]},{\"@type\":\"Person\",\"@id\":\"https:\/\/www.sonoraenequipo.com.mx\/#\/schema\/person\/50102df0fb23a8fa9e8effad8fa81386\",\"name\":\"enequipo\",\"image\":{\"@type\":\"ImageObject\",\"inLanguage\":\"es\",\"@id\":\"https:\/\/www.sonoraenequipo.com.mx\/#\/schema\/person\/image\/\",\"url\":\"https:\/\/secure.gravatar.com\/avatar\/049821681b589dabc0bc20695993ccebb09f5b5d4d790cd9251b97faac7c652b?s=96&d=blank&r=g\",\"contentUrl\":\"https:\/\/secure.gravatar.com\/avatar\/049821681b589dabc0bc20695993ccebb09f5b5d4d790cd9251b97faac7c652b?s=96&d=blank&r=g\",\"caption\":\"enequipo\"},\"sameAs\":[\"https:\/\/www.facebook.com\/SonoraEE\"]}]}<\/script>\n ","yoast_head_json":{"title":"Sonora en Equipo. Pap\u00e1 de Debanhi lamenta que vayan a exhumar el cuerpo de su hija Rep\u00fablica","description":"MONTERREY, NUEVO LE\u00d3N. \u2014 Mario Escobar, padre de Debanhi Susana Escobar Bazaldua, confes\u00f3 que le duele que su hija tenga que ser exhumada para encontrar En Sonora en Equipo publicamos toda la informaci\u00f3n de Sonora, M\u00e9xico y el Mundo de manera oportuna y busca que la libertad de expresi\u00f3n sea real. Visita nuestro medio informativo publicado desde Hermosillo, Sonora. %","robots":{"index":"index","follow":"follow","max-snippet":"max-snippet:-1","max-image-preview":"max-image-preview:large","max-video-preview":"max-video-preview:-1"},"canonical":"https:\/\/www.sonoraenequipo.com.mx\/papa-de-debanhi-lamenta-que-vayan-a-exhumar-el-cuerpo-de-su-hija\/","og_locale":"es_ES","og_type":"article","og_title":"Sonora en Equipo. Pap\u00e1 de Debanhi lamenta que vayan a exhumar el cuerpo de su hija Rep\u00fablica","og_description":"MONTERREY, NUEVO LE\u00d3N. \u2014 Mario Escobar, padre de Debanhi Susana Escobar Bazaldua, confes\u00f3 que le duele que su hija tenga que ser exhumada para encontrar En Sonora en Equipo publicamos toda la informaci\u00f3n de Sonora, M\u00e9xico y el Mundo de manera oportuna y busca que la libertad de expresi\u00f3n sea real. Visita nuestro medio informativo publicado desde Hermosillo, Sonora. %","og_url":"https:\/\/www.sonoraenequipo.com.mx\/papa-de-debanhi-lamenta-que-vayan-a-exhumar-el-cuerpo-de-su-hija\/","og_site_name":"Sonora en Equipo.","article_publisher":"https:\/\/www.facebook.com\/SonoraEE\/","article_author":"https:\/\/www.facebook.com\/SonoraEE","article_published_time":"2022-05-27T02:10:20+00:00","article_modified_time":"2022-05-27T18:31:56+00:00","og_image":[{"width":651,"height":400,"url":"https:\/\/www.sonoraenequipo.com.mx\/storage\/2022\/05\/Papa-de-Debanhi-2.jpg","type":"image\/jpeg"}],"author":"enequipo","twitter_card":"summary_large_image","twitter_creator":"@sonoraenequipo","twitter_site":"@sonoraenequipo","twitter_misc":{"Escrito por":"enequipo","Tiempo de lectura":"2 minutos"},"schema":{"@context":"https:\/\/schema.org","@graph":[{"@type":"Article","@id":"https:\/\/www.sonoraenequipo.com.mx\/papa-de-debanhi-lamenta-que-vayan-a-exhumar-el-cuerpo-de-su-hija\/#article","isPartOf":{"@id":"https:\/\/www.sonoraenequipo.com.mx\/papa-de-debanhi-lamenta-que-vayan-a-exhumar-el-cuerpo-de-su-hija\/"},"author":{"name":"enequipo","@id":"https:\/\/www.sonoraenequipo.com.mx\/#\/schema\/person\/50102df0fb23a8fa9e8effad8fa81386"},"headline":"Pap\u00e1 de Debanhi lamenta que vayan a exhumar el cuerpo de su hija","datePublished":"2022-05-27T02:10:20+00:00","dateModified":"2022-05-27T18:31:56+00:00","mainEntityOfPage":{"@id":"https:\/\/www.sonoraenequipo.com.mx\/papa-de-debanhi-lamenta-que-vayan-a-exhumar-el-cuerpo-de-su-hija\/"},"wordCount":273,"commentCount":0,"publisher":{"@id":"https:\/\/www.sonoraenequipo.com.mx\/#organization"},"image":{"@id":"https:\/\/www.sonoraenequipo.com.mx\/papa-de-debanhi-lamenta-que-vayan-a-exhumar-el-cuerpo-de-su-hija\/#primaryimage"},"thumbnailUrl":"https:\/\/www.sonoraenequipo.com.mx\/storage\/2022\/05\/Papa-de-Debanhi-2.jpg","articleSection":["Rep\u00fablica"],"inLanguage":"es","potentialAction":[{"@type":"CommentAction","name":"Comment","target":["https:\/\/www.sonoraenequipo.com.mx\/papa-de-debanhi-lamenta-que-vayan-a-exhumar-el-cuerpo-de-su-hija\/#respond"]}]},{"@type":"WebPage","@id":"https:\/\/www.sonoraenequipo.com.mx\/papa-de-debanhi-lamenta-que-vayan-a-exhumar-el-cuerpo-de-su-hija\/","url":"https:\/\/www.sonoraenequipo.com.mx\/papa-de-debanhi-lamenta-que-vayan-a-exhumar-el-cuerpo-de-su-hija\/","name":"Sonora en Equipo. Pap\u00e1 de Debanhi lamenta que vayan a exhumar el cuerpo de su hija Rep\u00fablica","isPartOf":{"@id":"https:\/\/www.sonoraenequipo.com.mx\/#website"},"primaryImageOfPage":{"@id":"https:\/\/www.sonoraenequipo.com.mx\/papa-de-debanhi-lamenta-que-vayan-a-exhumar-el-cuerpo-de-su-hija\/#primaryimage"},"image":{"@id":"https:\/\/www.sonoraenequipo.com.mx\/papa-de-debanhi-lamenta-que-vayan-a-exhumar-el-cuerpo-de-su-hija\/#primaryimage"},"thumbnailUrl":"https:\/\/www.sonoraenequipo.com.mx\/storage\/2022\/05\/Papa-de-Debanhi-2.jpg","datePublished":"2022-05-27T02:10:20+00:00","dateModified":"2022-05-27T18:31:56+00:00","description":"MONTERREY, NUEVO LE\u00d3N. \u2014 Mario Escobar, padre de Debanhi Susana Escobar Bazaldua, confes\u00f3 que le duele que su hija tenga que ser exhumada para encontrar En Sonora en Equipo publicamos toda la informaci\u00f3n de Sonora, M\u00e9xico y el Mundo de manera oportuna y busca que la libertad de expresi\u00f3n sea real. Visita nuestro medio informativo publicado desde Hermosillo, Sonora. %","breadcrumb":{"@id":"https:\/\/www.sonoraenequipo.com.mx\/papa-de-debanhi-lamenta-que-vayan-a-exhumar-el-cuerpo-de-su-hija\/#breadcrumb"},"inLanguage":"es","potentialAction":[{"@type":"ReadAction","target":["https:\/\/www.sonoraenequipo.com.mx\/papa-de-debanhi-lamenta-que-vayan-a-exhumar-el-cuerpo-de-su-hija\/"]}]},{"@type":"ImageObject","inLanguage":"es","@id":"https:\/\/www.sonoraenequipo.com.mx\/papa-de-debanhi-lamenta-que-vayan-a-exhumar-el-cuerpo-de-su-hija\/#primaryimage","url":"https:\/\/www.sonoraenequipo.com.mx\/storage\/2022\/05\/Papa-de-Debanhi-2.jpg","contentUrl":"https:\/\/www.sonoraenequipo.com.mx\/storage\/2022\/05\/Papa-de-Debanhi-2.jpg","width":651,"height":400},{"@type":"BreadcrumbList","@id":"https:\/\/www.sonoraenequipo.com.mx\/papa-de-debanhi-lamenta-que-vayan-a-exhumar-el-cuerpo-de-su-hija\/#breadcrumb","itemListElement":[{"@type":"ListItem","position":1,"name":"Portada","item":"https:\/\/www.sonoraenequipo.com.mx\/"},{"@type":"ListItem","position":2,"name":"Pap\u00e1 de Debanhi lamenta que vayan a exhumar el cuerpo de su hija"}]},{"@type":"WebSite","@id":"https:\/\/www.sonoraenequipo.com.mx\/#website","url":"https:\/\/www.sonoraenequipo.com.mx\/","name":"Sonora en Equipo.","description":"Diario en l\u00ednea con Noticias desde Hermosillo, Sonora","publisher":{"@id":"https:\/\/www.sonoraenequipo.com.mx\/#organization"},"potentialAction":[{"@type":"SearchAction","target":{"@type":"EntryPoint","urlTemplate":"https:\/\/www.sonoraenequipo.com.mx\/?s={search_term_string}"},"query-input":{"@type":"PropertyValueSpecification","valueRequired":true,"valueName":"search_term_string"}}],"inLanguage":"es"},{"@type":"Organization","@id":"https:\/\/www.sonoraenequipo.com.mx\/#organization","name":"Sonoraenequipo.com.mx","url":"https:\/\/www.sonoraenequipo.com.mx\/","logo":{"@type":"ImageObject","inLanguage":"es","@id":"https:\/\/www.sonoraenequipo.com.mx\/#\/schema\/logo\/image\/","url":"https:\/\/www.sonoraenequipo.com.mx\/storage\/2019\/01\/sonoraenequipo_opt.png","contentUrl":"https:\/\/www.sonoraenequipo.com.mx\/storage\/2019\/01\/sonoraenequipo_opt.png","width":375,"height":125,"caption":"Sonoraenequipo.com.mx"},"image":{"@id":"https:\/\/www.sonoraenequipo.com.mx\/#\/schema\/logo\/image\/"},"sameAs":["https:\/\/www.facebook.com\/SonoraEE\/","https:\/\/x.com\/sonoraenequipo","https:\/\/www.youtube.com\/channel\/UC338nW-lPEYmJQs4ZABQ1SQ"]},{"@type":"Person","@id":"https:\/\/www.sonoraenequipo.com.mx\/#\/schema\/person\/50102df0fb23a8fa9e8effad8fa81386","name":"enequipo","image":{"@type":"ImageObject","inLanguage":"es","@id":"https:\/\/www.sonoraenequipo.com.mx\/#\/schema\/person\/image\/","url":"https:\/\/secure.gravatar.com\/avatar\/049821681b589dabc0bc20695993ccebb09f5b5d4d790cd9251b97faac7c652b?s=96&d=blank&r=g","contentUrl":"https:\/\/secure.gravatar.com\/avatar\/049821681b589dabc0bc20695993ccebb09f5b5d4d790cd9251b97faac7c652b?s=96&d=blank&r=g","caption":"enequipo"},"sameAs":["https:\/\/www.facebook.com\/SonoraEE"]}]}},"jetpack_featured_media_url":"https:\/\/www.sonoraenequipo.com.mx\/storage\/2022\/05\/Papa-de-Debanhi-2.jpg","_links":{"self":[{"href":"https:\/\/www.sonoraenequipo.com.mx\/api\/wp\/v2\/posts\/139253","targetHints":{"allow":["GET"]}}],"collection":[{"href":"https:\/\/www.sonoraenequipo.com.mx\/api\/wp\/v2\/posts"}],"about":[{"href":"https:\/\/www.sonoraenequipo.com.mx\/api\/wp\/v2\/types\/post"}],"author":[{"embeddable":true,"href":"https:\/\/www.sonoraenequipo.com.mx\/api\/wp\/v2\/users\/1"}],"replies":[{"embeddable":true,"href":"https:\/\/www.sonoraenequipo.com.mx\/api\/wp\/v2\/comments?post=139253"}],"version-history":[{"count":1,"href":"https:\/\/www.sonoraenequipo.com.mx\/api\/wp\/v2\/posts\/139253\/revisions"}],"predecessor-version":[{"id":139254,"href":"https:\/\/www.sonoraenequipo.com.mx\/api\/wp\/v2\/posts\/139253\/revisions\/139254"}],"wp:featuredmedia":[{"embeddable":true,"href":"https:\/\/www.sonoraenequipo.com.mx\/api\/wp\/v2\/media\/139245"}],"wp:attachment":[{"href":"https:\/\/www.sonoraenequipo.com.mx\/api\/wp\/v2\/media?parent=139253"}],"wp:term":[{"taxonomy":"category","embeddable":true,"href":"https:\/\/www.sonoraenequipo.com.mx\/api\/wp\/v2\/categories?post=139253"},{"taxonomy":"post_tag","embeddable":true,"href":"https:\/\/www.sonoraenequipo.com.mx\/api\/wp\/v2\/tags?post=139253"}],"curies":[{"name":"wp","href":"https:\/\/api.w.org\/{rel}","templated":true}]}}