{"id":141192,"date":"2022-06-24T11:54:39","date_gmt":"2022-06-24T18:54:39","guid":{"rendered":"https:\/\/www.sonoraenequipo.com.mx\/?p=141192"},"modified":"2022-06-24T13:53:28","modified_gmt":"2022-06-24T20:53:28","slug":"recuperara-sonora-su-liderazgo-como-entidad-fronteriza-gobernador-durazo","status":"publish","type":"post","link":"https:\/\/www.sonoraenequipo.com.mx\/recuperara-sonora-su-liderazgo-como-entidad-fronteriza-gobernador-durazo\/","title":{"rendered":"Recuperar\u00e1 Sonora su liderazgo como entidad fronteriza: gobernador\u00a0 Durazo"},"content":{"rendered":"<p>Recuperar\u00e1 Sonora su liderazgo como entidad fronteriza: gobernador\u00a0 Durazo<\/p>\n<p>&nbsp;<\/p>\n<p>HERMOSILLO, SONORA,MX.\u2500\u2500 Gracias a las estrategias de atracci\u00f3n de inversiones puestas en marcha por la presente administraci\u00f3n, Sonora se ha colocado en los primeros lugares a nivel nacional en materia de generaci\u00f3n de empleos, con lo cual el estado est\u00e1 en camino para recuperar su lugar de liderazgo como entidad fronteriza, resalt\u00f3 ayer el gobernador Alfonso Durazo Monta\u00f1o.<\/p>\n<p>&nbsp;<\/p>\n<p>Al participar en el Foro Forbes Econom\u00eda y Negocios, el mandatario estatal mencion\u00f3 que Sonora cuenta con una situaci\u00f3n privilegiada para atraer la inversi\u00f3n extranjera directa en sectores de alta tecnolog\u00eda, como la industria de fabricaci\u00f3n de equipo m\u00e9dico, automotriz y telecomunicaciones.<\/p>\n<p>&nbsp;<\/p>\n<p>El gobernador Durazo Monta\u00f1o se comprometi\u00f3 a trabajar para impulsar las condiciones pol\u00edticas, administrativas y legales para el desarrollo econ\u00f3mico de Sonora, empezando con una desregulaci\u00f3n que simplifique los tr\u00e1mites para el establecimiento de empresas, mismas que ser\u00e1n generadoras de fuentes de empleo.<\/p>\n<p>&nbsp;<\/p>\n<p>Agreg\u00f3 que desde septiembre de 2021 se han concretado 24 proyectos de inversi\u00f3n en la entidad en distintos giros, que han tra\u00eddo consigo empleos bien remunerados, mientras que otros 38 proyectos en proceso de negociaci\u00f3n estar\u00e1n desarroll\u00e1ndose pr\u00f3ximamente.<\/p>\n<p>&nbsp;<\/p>\n<p>\u201cEstas inversiones por si solas, adicionales a los dos grandes proyectos de licuefacci\u00f3n que alcanzan cuatro mil millones de d\u00f3lares de inversi\u00f3n en los pr\u00f3ximos tres a\u00f1os, ascienden al orden de los mil 417 millones de d\u00f3lares, y han generado ya m\u00e1s de nueve mil empleos.<\/p>\n<p>&nbsp;<\/p>\n<p>El titular del Ejecutivo estatal enumer\u00f3 importantes proyectos que se desarrollar\u00e1n en Sonora, como la modernizaci\u00f3n del puerto de Guaymas, as\u00ed como la renovaci\u00f3n de todos los puertos fronterizos, con lo cual se dinamizar\u00e1 la econom\u00eda de la entidad.<\/p>\n<p><strong><u>Fecha de publicaci\u00f3n: Junio 24 de 2022 <\/u><\/strong><\/p>\n<p>&nbsp;<\/p>\n<p>&nbsp;<\/p>\n","protected":false},"excerpt":{"rendered":"<p>Recuperar\u00e1 Sonora su liderazgo como entidad fronteriza: gobernador\u00a0 Durazo &nbsp; HERMOSILLO, SONORA,MX.\u2500\u2500 Gracias a las&#8230;<\/p>\n","protected":false},"author":1,"featured_media":141195,"comment_status":"open","ping_status":"open","sticky":false,"template":"","format":"standard","meta":{"_monsterinsights_skip_tracking":false,"_monsterinsights_sitenote_active":false,"_monsterinsights_sitenote_note":"","_monsterinsights_sitenote_category":0,"footnotes":""},"categories":[22],"tags":[],"class_list":["post"],"yoast_head":" \n<title>Sonora en Equipo. Recuperar\u00e1 Sonora su liderazgo como entidad fronteriza: gobernador\u00a0 Durazo<\/title>\n<meta name=\"description\" content=\"Recuperar\u00e1 Sonora su liderazgo como entidad fronteriza: gobernador\u00a0 Durazo &nbsp; HERMOSILLO, SONORA,MX.\u2500\u2500 Gracias a las estrategias de atracci\u00f3n de En Sonora en Equipo publicamos toda la informaci\u00f3n de Sonora, M\u00e9xico y el Mundo de manera oportuna y busca que la libertad de expresi\u00f3n sea real. Visita nuestro medio informativo publicado desde Hermosillo, Sonora. %\" \/>\n<meta name=\"robots\" content=\"index, follow, max-snippet:-1, max-image-preview:large, max-video-preview:-1\" \/>\n<link rel=\"canonical\" href=\"https:\/\/www.sonoraenequipo.com.mx\/recuperara-sonora-su-liderazgo-como-entidad-fronteriza-gobernador-durazo\/\" \/>\n<meta property=\"og:locale\" content=\"es_ES\" \/>\n<meta property=\"og:type\" content=\"article\" \/>\n<meta property=\"og:title\" content=\"Sonora en Equipo. Recuperar\u00e1 Sonora su liderazgo como entidad fronteriza: gobernador\u00a0 Durazo\" \/>\n<meta property=\"og:description\" content=\"Recuperar\u00e1 Sonora su liderazgo como entidad fronteriza: gobernador\u00a0 Durazo &nbsp; HERMOSILLO, SONORA,MX.\u2500\u2500 Gracias a las estrategias de atracci\u00f3n de En Sonora en Equipo publicamos toda la informaci\u00f3n de Sonora, M\u00e9xico y el Mundo de manera oportuna y busca que la libertad de expresi\u00f3n sea real. Visita nuestro medio informativo publicado desde Hermosillo, Sonora. %\" \/>\n<meta property=\"og:url\" content=\"https:\/\/www.sonoraenequipo.com.mx\/recuperara-sonora-su-liderazgo-como-entidad-fronteriza-gobernador-durazo\/\" \/>\n<meta property=\"og:site_name\" content=\"Sonora en Equipo.\" \/>\n<meta property=\"article:publisher\" content=\"https:\/\/www.facebook.com\/SonoraEE\/\" \/>\n<meta property=\"article:author\" content=\"https:\/\/www.facebook.com\/SonoraEE\" \/>\n<meta property=\"article:published_time\" content=\"2022-06-24T18:54:39+00:00\" \/>\n<meta property=\"article:modified_time\" content=\"2022-06-24T20:53:28+00:00\" \/>\n<meta property=\"og:image\" content=\"https:\/\/www.sonoraenequipo.com.mx\/storage\/2022\/06\/forbes.jpg\" \/>\n\t<meta property=\"og:image:width\" content=\"700\" \/>\n\t<meta property=\"og:image:height\" content=\"400\" \/>\n\t<meta property=\"og:image:type\" content=\"image\/jpeg\" \/>\n<meta name=\"author\" content=\"enequipo\" \/>\n<meta name=\"twitter:card\" content=\"summary_large_image\" \/>\n<meta name=\"twitter:creator\" content=\"@sonoraenequipo\" \/>\n<meta name=\"twitter:site\" content=\"@sonoraenequipo\" \/>\n<meta name=\"twitter:label1\" content=\"Escrito por\" \/>\n\t<meta name=\"twitter:data1\" content=\"enequipo\" \/>\n\t<meta name=\"twitter:label2\" content=\"Tiempo de lectura\" \/>\n\t<meta name=\"twitter:data2\" content=\"2 minutos\" \/>\n<script type=\"application\/ld+json\" class=\"yoast-schema-graph\">{\"@context\":\"https:\/\/schema.org\",\"@graph\":[{\"@type\":\"Article\",\"@id\":\"https:\/\/www.sonoraenequipo.com.mx\/recuperara-sonora-su-liderazgo-como-entidad-fronteriza-gobernador-durazo\/#article\",\"isPartOf\":{\"@id\":\"https:\/\/www.sonoraenequipo.com.mx\/recuperara-sonora-su-liderazgo-como-entidad-fronteriza-gobernador-durazo\/\"},\"author\":{\"name\":\"enequipo\",\"@id\":\"https:\/\/www.sonoraenequipo.com.mx\/#\/schema\/person\/50102df0fb23a8fa9e8effad8fa81386\"},\"headline\":\"Recuperar\u00e1 Sonora su liderazgo como entidad fronteriza: gobernador\u00a0 Durazo\",\"datePublished\":\"2022-06-24T18:54:39+00:00\",\"dateModified\":\"2022-06-24T20:53:28+00:00\",\"mainEntityOfPage\":{\"@id\":\"https:\/\/www.sonoraenequipo.com.mx\/recuperara-sonora-su-liderazgo-como-entidad-fronteriza-gobernador-durazo\/\"},\"wordCount\":328,\"commentCount\":0,\"publisher\":{\"@id\":\"https:\/\/www.sonoraenequipo.com.mx\/#organization\"},\"image\":{\"@id\":\"https:\/\/www.sonoraenequipo.com.mx\/recuperara-sonora-su-liderazgo-como-entidad-fronteriza-gobernador-durazo\/#primaryimage\"},\"thumbnailUrl\":\"https:\/\/www.sonoraenequipo.com.mx\/storage\/2022\/06\/forbes.jpg\",\"articleSection\":[\"Sonora\"],\"inLanguage\":\"es\",\"potentialAction\":[{\"@type\":\"CommentAction\",\"name\":\"Comment\",\"target\":[\"https:\/\/www.sonoraenequipo.com.mx\/recuperara-sonora-su-liderazgo-como-entidad-fronteriza-gobernador-durazo\/#respond\"]}]},{\"@type\":\"WebPage\",\"@id\":\"https:\/\/www.sonoraenequipo.com.mx\/recuperara-sonora-su-liderazgo-como-entidad-fronteriza-gobernador-durazo\/\",\"url\":\"https:\/\/www.sonoraenequipo.com.mx\/recuperara-sonora-su-liderazgo-como-entidad-fronteriza-gobernador-durazo\/\",\"name\":\"Sonora en Equipo. Recuperar\u00e1 Sonora su liderazgo como entidad fronteriza: gobernador\u00a0 Durazo\",\"isPartOf\":{\"@id\":\"https:\/\/www.sonoraenequipo.com.mx\/#website\"},\"primaryImageOfPage\":{\"@id\":\"https:\/\/www.sonoraenequipo.com.mx\/recuperara-sonora-su-liderazgo-como-entidad-fronteriza-gobernador-durazo\/#primaryimage\"},\"image\":{\"@id\":\"https:\/\/www.sonoraenequipo.com.mx\/recuperara-sonora-su-liderazgo-como-entidad-fronteriza-gobernador-durazo\/#primaryimage\"},\"thumbnailUrl\":\"https:\/\/www.sonoraenequipo.com.mx\/storage\/2022\/06\/forbes.jpg\",\"datePublished\":\"2022-06-24T18:54:39+00:00\",\"dateModified\":\"2022-06-24T20:53:28+00:00\",\"description\":\"Recuperar\u00e1 Sonora su liderazgo como entidad fronteriza: gobernador\u00a0 Durazo &nbsp; HERMOSILLO, SONORA,MX.\u2500\u2500 Gracias a las estrategias de atracci\u00f3n de En Sonora en Equipo publicamos toda la informaci\u00f3n de Sonora, M\u00e9xico y el Mundo de manera oportuna y busca que la libertad de expresi\u00f3n sea real. Visita nuestro medio informativo publicado desde Hermosillo, Sonora. %\",\"breadcrumb\":{\"@id\":\"https:\/\/www.sonoraenequipo.com.mx\/recuperara-sonora-su-liderazgo-como-entidad-fronteriza-gobernador-durazo\/#breadcrumb\"},\"inLanguage\":\"es\",\"potentialAction\":[{\"@type\":\"ReadAction\",\"target\":[\"https:\/\/www.sonoraenequipo.com.mx\/recuperara-sonora-su-liderazgo-como-entidad-fronteriza-gobernador-durazo\/\"]}]},{\"@type\":\"ImageObject\",\"inLanguage\":\"es\",\"@id\":\"https:\/\/www.sonoraenequipo.com.mx\/recuperara-sonora-su-liderazgo-como-entidad-fronteriza-gobernador-durazo\/#primaryimage\",\"url\":\"https:\/\/www.sonoraenequipo.com.mx\/storage\/2022\/06\/forbes.jpg\",\"contentUrl\":\"https:\/\/www.sonoraenequipo.com.mx\/storage\/2022\/06\/forbes.jpg\",\"width\":700,\"height\":400},{\"@type\":\"BreadcrumbList\",\"@id\":\"https:\/\/www.sonoraenequipo.com.mx\/recuperara-sonora-su-liderazgo-como-entidad-fronteriza-gobernador-durazo\/#breadcrumb\",\"itemListElement\":[{\"@type\":\"ListItem\",\"position\":1,\"name\":\"Portada\",\"item\":\"https:\/\/www.sonoraenequipo.com.mx\/\"},{\"@type\":\"ListItem\",\"position\":2,\"name\":\"Recuperar\u00e1 Sonora su liderazgo como entidad fronteriza: gobernador\u00a0 Durazo\"}]},{\"@type\":\"WebSite\",\"@id\":\"https:\/\/www.sonoraenequipo.com.mx\/#website\",\"url\":\"https:\/\/www.sonoraenequipo.com.mx\/\",\"name\":\"Sonora en Equipo.\",\"description\":\"Diario en l\u00ednea con Noticias desde Hermosillo, Sonora\",\"publisher\":{\"@id\":\"https:\/\/www.sonoraenequipo.com.mx\/#organization\"},\"potentialAction\":[{\"@type\":\"SearchAction\",\"target\":{\"@type\":\"EntryPoint\",\"urlTemplate\":\"https:\/\/www.sonoraenequipo.com.mx\/?s={search_term_string}\"},\"query-input\":{\"@type\":\"PropertyValueSpecification\",\"valueRequired\":true,\"valueName\":\"search_term_string\"}}],\"inLanguage\":\"es\"},{\"@type\":\"Organization\",\"@id\":\"https:\/\/www.sonoraenequipo.com.mx\/#organization\",\"name\":\"Sonoraenequipo.com.mx\",\"url\":\"https:\/\/www.sonoraenequipo.com.mx\/\",\"logo\":{\"@type\":\"ImageObject\",\"inLanguage\":\"es\",\"@id\":\"https:\/\/www.sonoraenequipo.com.mx\/#\/schema\/logo\/image\/\",\"url\":\"https:\/\/www.sonoraenequipo.com.mx\/storage\/2019\/01\/sonoraenequipo_opt.png\",\"contentUrl\":\"https:\/\/www.sonoraenequipo.com.mx\/storage\/2019\/01\/sonoraenequipo_opt.png\",\"width\":375,\"height\":125,\"caption\":\"Sonoraenequipo.com.mx\"},\"image\":{\"@id\":\"https:\/\/www.sonoraenequipo.com.mx\/#\/schema\/logo\/image\/\"},\"sameAs\":[\"https:\/\/www.facebook.com\/SonoraEE\/\",\"https:\/\/x.com\/sonoraenequipo\",\"https:\/\/www.youtube.com\/channel\/UC338nW-lPEYmJQs4ZABQ1SQ\"]},{\"@type\":\"Person\",\"@id\":\"https:\/\/www.sonoraenequipo.com.mx\/#\/schema\/person\/50102df0fb23a8fa9e8effad8fa81386\",\"name\":\"enequipo\",\"image\":{\"@type\":\"ImageObject\",\"inLanguage\":\"es\",\"@id\":\"https:\/\/www.sonoraenequipo.com.mx\/#\/schema\/person\/image\/\",\"url\":\"https:\/\/secure.gravatar.com\/avatar\/049821681b589dabc0bc20695993ccebb09f5b5d4d790cd9251b97faac7c652b?s=96&d=blank&r=g\",\"contentUrl\":\"https:\/\/secure.gravatar.com\/avatar\/049821681b589dabc0bc20695993ccebb09f5b5d4d790cd9251b97faac7c652b?s=96&d=blank&r=g\",\"caption\":\"enequipo\"},\"sameAs\":[\"https:\/\/www.facebook.com\/SonoraEE\"]}]}<\/script>\n ","yoast_head_json":{"title":"Sonora en Equipo. Recuperar\u00e1 Sonora su liderazgo como entidad fronteriza: gobernador\u00a0 Durazo","description":"Recuperar\u00e1 Sonora su liderazgo como entidad fronteriza: gobernador\u00a0 Durazo &nbsp; HERMOSILLO, SONORA,MX.\u2500\u2500 Gracias a las estrategias de atracci\u00f3n de En Sonora en Equipo publicamos toda la informaci\u00f3n de Sonora, M\u00e9xico y el Mundo de manera oportuna y busca que la libertad de expresi\u00f3n sea real. Visita nuestro medio informativo publicado desde Hermosillo, Sonora. %","robots":{"index":"index","follow":"follow","max-snippet":"max-snippet:-1","max-image-preview":"max-image-preview:large","max-video-preview":"max-video-preview:-1"},"canonical":"https:\/\/www.sonoraenequipo.com.mx\/recuperara-sonora-su-liderazgo-como-entidad-fronteriza-gobernador-durazo\/","og_locale":"es_ES","og_type":"article","og_title":"Sonora en Equipo. Recuperar\u00e1 Sonora su liderazgo como entidad fronteriza: gobernador\u00a0 Durazo","og_description":"Recuperar\u00e1 Sonora su liderazgo como entidad fronteriza: gobernador\u00a0 Durazo &nbsp; HERMOSILLO, SONORA,MX.\u2500\u2500 Gracias a las estrategias de atracci\u00f3n de En Sonora en Equipo publicamos toda la informaci\u00f3n de Sonora, M\u00e9xico y el Mundo de manera oportuna y busca que la libertad de expresi\u00f3n sea real. Visita nuestro medio informativo publicado desde Hermosillo, Sonora. %","og_url":"https:\/\/www.sonoraenequipo.com.mx\/recuperara-sonora-su-liderazgo-como-entidad-fronteriza-gobernador-durazo\/","og_site_name":"Sonora en Equipo.","article_publisher":"https:\/\/www.facebook.com\/SonoraEE\/","article_author":"https:\/\/www.facebook.com\/SonoraEE","article_published_time":"2022-06-24T18:54:39+00:00","article_modified_time":"2022-06-24T20:53:28+00:00","og_image":[{"width":700,"height":400,"url":"https:\/\/www.sonoraenequipo.com.mx\/storage\/2022\/06\/forbes.jpg","type":"image\/jpeg"}],"author":"enequipo","twitter_card":"summary_large_image","twitter_creator":"@sonoraenequipo","twitter_site":"@sonoraenequipo","twitter_misc":{"Escrito por":"enequipo","Tiempo de lectura":"2 minutos"},"schema":{"@context":"https:\/\/schema.org","@graph":[{"@type":"Article","@id":"https:\/\/www.sonoraenequipo.com.mx\/recuperara-sonora-su-liderazgo-como-entidad-fronteriza-gobernador-durazo\/#article","isPartOf":{"@id":"https:\/\/www.sonoraenequipo.com.mx\/recuperara-sonora-su-liderazgo-como-entidad-fronteriza-gobernador-durazo\/"},"author":{"name":"enequipo","@id":"https:\/\/www.sonoraenequipo.com.mx\/#\/schema\/person\/50102df0fb23a8fa9e8effad8fa81386"},"headline":"Recuperar\u00e1 Sonora su liderazgo como entidad fronteriza: gobernador\u00a0 Durazo","datePublished":"2022-06-24T18:54:39+00:00","dateModified":"2022-06-24T20:53:28+00:00","mainEntityOfPage":{"@id":"https:\/\/www.sonoraenequipo.com.mx\/recuperara-sonora-su-liderazgo-como-entidad-fronteriza-gobernador-durazo\/"},"wordCount":328,"commentCount":0,"publisher":{"@id":"https:\/\/www.sonoraenequipo.com.mx\/#organization"},"image":{"@id":"https:\/\/www.sonoraenequipo.com.mx\/recuperara-sonora-su-liderazgo-como-entidad-fronteriza-gobernador-durazo\/#primaryimage"},"thumbnailUrl":"https:\/\/www.sonoraenequipo.com.mx\/storage\/2022\/06\/forbes.jpg","articleSection":["Sonora"],"inLanguage":"es","potentialAction":[{"@type":"CommentAction","name":"Comment","target":["https:\/\/www.sonoraenequipo.com.mx\/recuperara-sonora-su-liderazgo-como-entidad-fronteriza-gobernador-durazo\/#respond"]}]},{"@type":"WebPage","@id":"https:\/\/www.sonoraenequipo.com.mx\/recuperara-sonora-su-liderazgo-como-entidad-fronteriza-gobernador-durazo\/","url":"https:\/\/www.sonoraenequipo.com.mx\/recuperara-sonora-su-liderazgo-como-entidad-fronteriza-gobernador-durazo\/","name":"Sonora en Equipo. Recuperar\u00e1 Sonora su liderazgo como entidad fronteriza: gobernador\u00a0 Durazo","isPartOf":{"@id":"https:\/\/www.sonoraenequipo.com.mx\/#website"},"primaryImageOfPage":{"@id":"https:\/\/www.sonoraenequipo.com.mx\/recuperara-sonora-su-liderazgo-como-entidad-fronteriza-gobernador-durazo\/#primaryimage"},"image":{"@id":"https:\/\/www.sonoraenequipo.com.mx\/recuperara-sonora-su-liderazgo-como-entidad-fronteriza-gobernador-durazo\/#primaryimage"},"thumbnailUrl":"https:\/\/www.sonoraenequipo.com.mx\/storage\/2022\/06\/forbes.jpg","datePublished":"2022-06-24T18:54:39+00:00","dateModified":"2022-06-24T20:53:28+00:00","description":"Recuperar\u00e1 Sonora su liderazgo como entidad fronteriza: gobernador\u00a0 Durazo &nbsp; HERMOSILLO, SONORA,MX.\u2500\u2500 Gracias a las estrategias de atracci\u00f3n de En Sonora en Equipo publicamos toda la informaci\u00f3n de Sonora, M\u00e9xico y el Mundo de manera oportuna y busca que la libertad de expresi\u00f3n sea real. Visita nuestro medio informativo publicado desde Hermosillo, Sonora. %","breadcrumb":{"@id":"https:\/\/www.sonoraenequipo.com.mx\/recuperara-sonora-su-liderazgo-como-entidad-fronteriza-gobernador-durazo\/#breadcrumb"},"inLanguage":"es","potentialAction":[{"@type":"ReadAction","target":["https:\/\/www.sonoraenequipo.com.mx\/recuperara-sonora-su-liderazgo-como-entidad-fronteriza-gobernador-durazo\/"]}]},{"@type":"ImageObject","inLanguage":"es","@id":"https:\/\/www.sonoraenequipo.com.mx\/recuperara-sonora-su-liderazgo-como-entidad-fronteriza-gobernador-durazo\/#primaryimage","url":"https:\/\/www.sonoraenequipo.com.mx\/storage\/2022\/06\/forbes.jpg","contentUrl":"https:\/\/www.sonoraenequipo.com.mx\/storage\/2022\/06\/forbes.jpg","width":700,"height":400},{"@type":"BreadcrumbList","@id":"https:\/\/www.sonoraenequipo.com.mx\/recuperara-sonora-su-liderazgo-como-entidad-fronteriza-gobernador-durazo\/#breadcrumb","itemListElement":[{"@type":"ListItem","position":1,"name":"Portada","item":"https:\/\/www.sonoraenequipo.com.mx\/"},{"@type":"ListItem","position":2,"name":"Recuperar\u00e1 Sonora su liderazgo como entidad fronteriza: gobernador\u00a0 Durazo"}]},{"@type":"WebSite","@id":"https:\/\/www.sonoraenequipo.com.mx\/#website","url":"https:\/\/www.sonoraenequipo.com.mx\/","name":"Sonora en Equipo.","description":"Diario en l\u00ednea con Noticias desde Hermosillo, Sonora","publisher":{"@id":"https:\/\/www.sonoraenequipo.com.mx\/#organization"},"potentialAction":[{"@type":"SearchAction","target":{"@type":"EntryPoint","urlTemplate":"https:\/\/www.sonoraenequipo.com.mx\/?s={search_term_string}"},"query-input":{"@type":"PropertyValueSpecification","valueRequired":true,"valueName":"search_term_string"}}],"inLanguage":"es"},{"@type":"Organization","@id":"https:\/\/www.sonoraenequipo.com.mx\/#organization","name":"Sonoraenequipo.com.mx","url":"https:\/\/www.sonoraenequipo.com.mx\/","logo":{"@type":"ImageObject","inLanguage":"es","@id":"https:\/\/www.sonoraenequipo.com.mx\/#\/schema\/logo\/image\/","url":"https:\/\/www.sonoraenequipo.com.mx\/storage\/2019\/01\/sonoraenequipo_opt.png","contentUrl":"https:\/\/www.sonoraenequipo.com.mx\/storage\/2019\/01\/sonoraenequipo_opt.png","width":375,"height":125,"caption":"Sonoraenequipo.com.mx"},"image":{"@id":"https:\/\/www.sonoraenequipo.com.mx\/#\/schema\/logo\/image\/"},"sameAs":["https:\/\/www.facebook.com\/SonoraEE\/","https:\/\/x.com\/sonoraenequipo","https:\/\/www.youtube.com\/channel\/UC338nW-lPEYmJQs4ZABQ1SQ"]},{"@type":"Person","@id":"https:\/\/www.sonoraenequipo.com.mx\/#\/schema\/person\/50102df0fb23a8fa9e8effad8fa81386","name":"enequipo","image":{"@type":"ImageObject","inLanguage":"es","@id":"https:\/\/www.sonoraenequipo.com.mx\/#\/schema\/person\/image\/","url":"https:\/\/secure.gravatar.com\/avatar\/049821681b589dabc0bc20695993ccebb09f5b5d4d790cd9251b97faac7c652b?s=96&d=blank&r=g","contentUrl":"https:\/\/secure.gravatar.com\/avatar\/049821681b589dabc0bc20695993ccebb09f5b5d4d790cd9251b97faac7c652b?s=96&d=blank&r=g","caption":"enequipo"},"sameAs":["https:\/\/www.facebook.com\/SonoraEE"]}]}},"jetpack_featured_media_url":"https:\/\/www.sonoraenequipo.com.mx\/storage\/2022\/06\/forbes.jpg","_links":{"self":[{"href":"https:\/\/www.sonoraenequipo.com.mx\/api\/wp\/v2\/posts\/141192","targetHints":{"allow":["GET"]}}],"collection":[{"href":"https:\/\/www.sonoraenequipo.com.mx\/api\/wp\/v2\/posts"}],"about":[{"href":"https:\/\/www.sonoraenequipo.com.mx\/api\/wp\/v2\/types\/post"}],"author":[{"embeddable":true,"href":"https:\/\/www.sonoraenequipo.com.mx\/api\/wp\/v2\/users\/1"}],"replies":[{"embeddable":true,"href":"https:\/\/www.sonoraenequipo.com.mx\/api\/wp\/v2\/comments?post=141192"}],"version-history":[{"count":2,"href":"https:\/\/www.sonoraenequipo.com.mx\/api\/wp\/v2\/posts\/141192\/revisions"}],"predecessor-version":[{"id":141211,"href":"https:\/\/www.sonoraenequipo.com.mx\/api\/wp\/v2\/posts\/141192\/revisions\/141211"}],"wp:featuredmedia":[{"embeddable":true,"href":"https:\/\/www.sonoraenequipo.com.mx\/api\/wp\/v2\/media\/141195"}],"wp:attachment":[{"href":"https:\/\/www.sonoraenequipo.com.mx\/api\/wp\/v2\/media?parent=141192"}],"wp:term":[{"taxonomy":"category","embeddable":true,"href":"https:\/\/www.sonoraenequipo.com.mx\/api\/wp\/v2\/categories?post=141192"},{"taxonomy":"post_tag","embeddable":true,"href":"https:\/\/www.sonoraenequipo.com.mx\/api\/wp\/v2\/tags?post=141192"}],"curies":[{"name":"wp","href":"https:\/\/api.w.org\/{rel}","templated":true}]}}