{"id":141228,"date":"2022-06-24T12:16:29","date_gmt":"2022-06-24T19:16:29","guid":{"rendered":"https:\/\/www.sonoraenequipo.com.mx\/?p=141228"},"modified":"2022-06-24T12:16:29","modified_gmt":"2022-06-24T19:16:29","slug":"realiza-el-cluster-minero-de-sonora-5to-foro-internacional-de-seguridad-integral-en-mineria","status":"publish","type":"post","link":"https:\/\/www.sonoraenequipo.com.mx\/realiza-el-cluster-minero-de-sonora-5to-foro-internacional-de-seguridad-integral-en-mineria\/","title":{"rendered":"Realiza el Cl\u00faster Minero de Sonora 5to. Foro Internacional de Seguridad Integral en Miner\u00eda"},"content":{"rendered":"<p><strong>HERMOSILLO, SONORA,MX.<\/strong><strong>\u2500\u2500<\/strong> La Comisi\u00f3n de Seguridad y Salud del Cl\u00faster Minero de Sonora, A.C., organiz\u00f3 la 5ta. Edici\u00f3n del Foro Internacional de Seguridad Integral en Miner\u00eda (5to.<\/p>\n<p>&nbsp;<\/p>\n<p>ACTUEMOS JUNTOS es el llamado a la acci\u00f3n que este a\u00f1o realiza la Organizaci\u00f3n Internacional del Trabajo (OIT) y al cual nos sumamos con la preparaci\u00f3n de este evento emblem\u00e1tico para construir y fortalecer nuestra cultura de seguridad y salud en el sector minero y su cadena de valor.<\/p>\n<p>&nbsp;<\/p>\n<p>Rom\u00e1n Garc\u00eda, Presidente y Vicepresidente de la Comisi\u00f3n de Seguridad y Salud del\u00a0 Cl\u00faster Minero de Sonora.<\/p>\n<p>&nbsp;<\/p>\n<p>Para construir una cultura de seguridad y salud esta edici\u00f3n del foro cont\u00f3 con un interesante programa de conferencias y actividades l\u00fadicas con reconocidos expositores de talla nacional e internacional, principalmente de M\u00e9xico y Espa\u00f1a, para generar un espacio de reflexi\u00f3n, conversaci\u00f3n y aprendizaje desde diversas perspectivas.<\/p>\n<p>&nbsp;<\/p>\n<p>En esta quinta edici\u00f3n se reunieron alrededor de 200 actores vinculados al sector minero: l\u00edderes de las empresas mineras y proveedoras del ramo, encargados de la seguridad y salud laboral, acad\u00e9micos y autoridades en la materia.<\/p>\n<p>&nbsp;<\/p>\n<p>Todos los d\u00edas trabajamos por la seguridad y salud de nuestros colaboradores(as) fortaleciendo la cultura de seguridad integral y promoviendo la adopci\u00f3n de nuevas soluciones y tecnolog\u00edas que la proveedur\u00eda desarrolla para el sector minero.<\/p>\n<p><strong><u>Fecha de publicaci\u00f3n: Junio 24 de 2022 <\/u><\/strong><\/p>\n<p>&nbsp;<\/p>\n<p>&nbsp;<\/p>\n","protected":false},"excerpt":{"rendered":"<p>HERMOSILLO, SONORA,MX.\u2500\u2500 La Comisi\u00f3n de Seguridad y Salud del Cl\u00faster Minero de Sonora, A.C., organiz\u00f3&#8230;<\/p>\n","protected":false},"author":1,"featured_media":141229,"comment_status":"open","ping_status":"open","sticky":false,"template":"","format":"standard","meta":{"_monsterinsights_skip_tracking":false,"_monsterinsights_sitenote_active":false,"_monsterinsights_sitenote_note":"","_monsterinsights_sitenote_category":0,"footnotes":""},"categories":[22],"tags":[5235],"class_list":["post"],"yoast_head":" \n<title>Sonora en Equipo. Realiza el Cl\u00faster Minero de Sonora 5to. Foro Internacional de Seguridad Integral en Miner\u00eda Sonora<\/title>\n<meta name=\"description\" content=\"HERMOSILLO, SONORA,MX.\u2500\u2500 La Comisi\u00f3n de Seguridad y Salud del Cl\u00faster Minero de Sonora, A.C., organiz\u00f3 la 5ta. Edici\u00f3n del Foro Internacional de Seguridad En Sonora en Equipo publicamos toda la informaci\u00f3n de Sonora, M\u00e9xico y el Mundo de manera oportuna y busca que la libertad de expresi\u00f3n sea real. Visita nuestro medio informativo publicado desde Hermosillo, Sonora. %\" \/>\n<meta name=\"robots\" content=\"index, follow, max-snippet:-1, max-image-preview:large, max-video-preview:-1\" \/>\n<link rel=\"canonical\" href=\"https:\/\/www.sonoraenequipo.com.mx\/realiza-el-cluster-minero-de-sonora-5to-foro-internacional-de-seguridad-integral-en-mineria\/\" \/>\n<meta property=\"og:locale\" content=\"es_ES\" \/>\n<meta property=\"og:type\" content=\"article\" \/>\n<meta property=\"og:title\" content=\"Sonora en Equipo. Realiza el Cl\u00faster Minero de Sonora 5to. Foro Internacional de Seguridad Integral en Miner\u00eda Sonora\" \/>\n<meta property=\"og:description\" content=\"HERMOSILLO, SONORA,MX.\u2500\u2500 La Comisi\u00f3n de Seguridad y Salud del Cl\u00faster Minero de Sonora, A.C., organiz\u00f3 la 5ta. Edici\u00f3n del Foro Internacional de Seguridad En Sonora en Equipo publicamos toda la informaci\u00f3n de Sonora, M\u00e9xico y el Mundo de manera oportuna y busca que la libertad de expresi\u00f3n sea real. Visita nuestro medio informativo publicado desde Hermosillo, Sonora. %\" \/>\n<meta property=\"og:url\" content=\"https:\/\/www.sonoraenequipo.com.mx\/realiza-el-cluster-minero-de-sonora-5to-foro-internacional-de-seguridad-integral-en-mineria\/\" \/>\n<meta property=\"og:site_name\" content=\"Sonora en Equipo.\" \/>\n<meta property=\"article:publisher\" content=\"https:\/\/www.facebook.com\/SonoraEE\/\" \/>\n<meta property=\"article:author\" content=\"https:\/\/www.facebook.com\/SonoraEE\" \/>\n<meta property=\"article:published_time\" content=\"2022-06-24T19:16:29+00:00\" \/>\n<meta property=\"og:image\" content=\"https:\/\/www.sonoraenequipo.com.mx\/storage\/2022\/06\/mineria-foro.jpg\" \/>\n\t<meta property=\"og:image:width\" content=\"700\" \/>\n\t<meta property=\"og:image:height\" content=\"400\" \/>\n\t<meta property=\"og:image:type\" content=\"image\/jpeg\" \/>\n<meta name=\"author\" content=\"enequipo\" \/>\n<meta name=\"twitter:card\" content=\"summary_large_image\" \/>\n<meta name=\"twitter:creator\" content=\"@sonoraenequipo\" \/>\n<meta name=\"twitter:site\" content=\"@sonoraenequipo\" \/>\n<meta name=\"twitter:label1\" content=\"Escrito por\" \/>\n\t<meta name=\"twitter:data1\" content=\"enequipo\" \/>\n\t<meta name=\"twitter:label2\" content=\"Tiempo de lectura\" \/>\n\t<meta name=\"twitter:data2\" content=\"2 minutos\" \/>\n<script type=\"application\/ld+json\" class=\"yoast-schema-graph\">{\"@context\":\"https:\/\/schema.org\",\"@graph\":[{\"@type\":\"Article\",\"@id\":\"https:\/\/www.sonoraenequipo.com.mx\/realiza-el-cluster-minero-de-sonora-5to-foro-internacional-de-seguridad-integral-en-mineria\/#article\",\"isPartOf\":{\"@id\":\"https:\/\/www.sonoraenequipo.com.mx\/realiza-el-cluster-minero-de-sonora-5to-foro-internacional-de-seguridad-integral-en-mineria\/\"},\"author\":{\"name\":\"enequipo\",\"@id\":\"https:\/\/www.sonoraenequipo.com.mx\/#\/schema\/person\/50102df0fb23a8fa9e8effad8fa81386\"},\"headline\":\"Realiza el Cl\u00faster Minero de Sonora 5to. Foro Internacional de Seguridad Integral en Miner\u00eda\",\"datePublished\":\"2022-06-24T19:16:29+00:00\",\"mainEntityOfPage\":{\"@id\":\"https:\/\/www.sonoraenequipo.com.mx\/realiza-el-cluster-minero-de-sonora-5to-foro-internacional-de-seguridad-integral-en-mineria\/\"},\"wordCount\":268,\"commentCount\":0,\"publisher\":{\"@id\":\"https:\/\/www.sonoraenequipo.com.mx\/#organization\"},\"image\":{\"@id\":\"https:\/\/www.sonoraenequipo.com.mx\/realiza-el-cluster-minero-de-sonora-5to-foro-internacional-de-seguridad-integral-en-mineria\/#primaryimage\"},\"thumbnailUrl\":\"https:\/\/www.sonoraenequipo.com.mx\/storage\/2022\/06\/mineria-foro.jpg\",\"keywords\":[\"cluster minero\"],\"articleSection\":[\"Sonora\"],\"inLanguage\":\"es\",\"potentialAction\":[{\"@type\":\"CommentAction\",\"name\":\"Comment\",\"target\":[\"https:\/\/www.sonoraenequipo.com.mx\/realiza-el-cluster-minero-de-sonora-5to-foro-internacional-de-seguridad-integral-en-mineria\/#respond\"]}]},{\"@type\":\"WebPage\",\"@id\":\"https:\/\/www.sonoraenequipo.com.mx\/realiza-el-cluster-minero-de-sonora-5to-foro-internacional-de-seguridad-integral-en-mineria\/\",\"url\":\"https:\/\/www.sonoraenequipo.com.mx\/realiza-el-cluster-minero-de-sonora-5to-foro-internacional-de-seguridad-integral-en-mineria\/\",\"name\":\"Sonora en Equipo. Realiza el Cl\u00faster Minero de Sonora 5to. Foro Internacional de Seguridad Integral en Miner\u00eda Sonora\",\"isPartOf\":{\"@id\":\"https:\/\/www.sonoraenequipo.com.mx\/#website\"},\"primaryImageOfPage\":{\"@id\":\"https:\/\/www.sonoraenequipo.com.mx\/realiza-el-cluster-minero-de-sonora-5to-foro-internacional-de-seguridad-integral-en-mineria\/#primaryimage\"},\"image\":{\"@id\":\"https:\/\/www.sonoraenequipo.com.mx\/realiza-el-cluster-minero-de-sonora-5to-foro-internacional-de-seguridad-integral-en-mineria\/#primaryimage\"},\"thumbnailUrl\":\"https:\/\/www.sonoraenequipo.com.mx\/storage\/2022\/06\/mineria-foro.jpg\",\"datePublished\":\"2022-06-24T19:16:29+00:00\",\"description\":\"HERMOSILLO, SONORA,MX.\u2500\u2500 La Comisi\u00f3n de Seguridad y Salud del Cl\u00faster Minero de Sonora, A.C., organiz\u00f3 la 5ta. Edici\u00f3n del Foro Internacional de Seguridad En Sonora en Equipo publicamos toda la informaci\u00f3n de Sonora, M\u00e9xico y el Mundo de manera oportuna y busca que la libertad de expresi\u00f3n sea real. Visita nuestro medio informativo publicado desde Hermosillo, Sonora. %\",\"breadcrumb\":{\"@id\":\"https:\/\/www.sonoraenequipo.com.mx\/realiza-el-cluster-minero-de-sonora-5to-foro-internacional-de-seguridad-integral-en-mineria\/#breadcrumb\"},\"inLanguage\":\"es\",\"potentialAction\":[{\"@type\":\"ReadAction\",\"target\":[\"https:\/\/www.sonoraenequipo.com.mx\/realiza-el-cluster-minero-de-sonora-5to-foro-internacional-de-seguridad-integral-en-mineria\/\"]}]},{\"@type\":\"ImageObject\",\"inLanguage\":\"es\",\"@id\":\"https:\/\/www.sonoraenequipo.com.mx\/realiza-el-cluster-minero-de-sonora-5to-foro-internacional-de-seguridad-integral-en-mineria\/#primaryimage\",\"url\":\"https:\/\/www.sonoraenequipo.com.mx\/storage\/2022\/06\/mineria-foro.jpg\",\"contentUrl\":\"https:\/\/www.sonoraenequipo.com.mx\/storage\/2022\/06\/mineria-foro.jpg\",\"width\":700,\"height\":400},{\"@type\":\"BreadcrumbList\",\"@id\":\"https:\/\/www.sonoraenequipo.com.mx\/realiza-el-cluster-minero-de-sonora-5to-foro-internacional-de-seguridad-integral-en-mineria\/#breadcrumb\",\"itemListElement\":[{\"@type\":\"ListItem\",\"position\":1,\"name\":\"Portada\",\"item\":\"https:\/\/www.sonoraenequipo.com.mx\/\"},{\"@type\":\"ListItem\",\"position\":2,\"name\":\"Realiza el Cl\u00faster Minero de Sonora 5to. Foro Internacional de Seguridad Integral en Miner\u00eda\"}]},{\"@type\":\"WebSite\",\"@id\":\"https:\/\/www.sonoraenequipo.com.mx\/#website\",\"url\":\"https:\/\/www.sonoraenequipo.com.mx\/\",\"name\":\"Sonora en Equipo.\",\"description\":\"Diario en l\u00ednea con Noticias desde Hermosillo, Sonora\",\"publisher\":{\"@id\":\"https:\/\/www.sonoraenequipo.com.mx\/#organization\"},\"potentialAction\":[{\"@type\":\"SearchAction\",\"target\":{\"@type\":\"EntryPoint\",\"urlTemplate\":\"https:\/\/www.sonoraenequipo.com.mx\/?s={search_term_string}\"},\"query-input\":{\"@type\":\"PropertyValueSpecification\",\"valueRequired\":true,\"valueName\":\"search_term_string\"}}],\"inLanguage\":\"es\"},{\"@type\":\"Organization\",\"@id\":\"https:\/\/www.sonoraenequipo.com.mx\/#organization\",\"name\":\"Sonoraenequipo.com.mx\",\"url\":\"https:\/\/www.sonoraenequipo.com.mx\/\",\"logo\":{\"@type\":\"ImageObject\",\"inLanguage\":\"es\",\"@id\":\"https:\/\/www.sonoraenequipo.com.mx\/#\/schema\/logo\/image\/\",\"url\":\"https:\/\/www.sonoraenequipo.com.mx\/storage\/2019\/01\/sonoraenequipo_opt.png\",\"contentUrl\":\"https:\/\/www.sonoraenequipo.com.mx\/storage\/2019\/01\/sonoraenequipo_opt.png\",\"width\":375,\"height\":125,\"caption\":\"Sonoraenequipo.com.mx\"},\"image\":{\"@id\":\"https:\/\/www.sonoraenequipo.com.mx\/#\/schema\/logo\/image\/\"},\"sameAs\":[\"https:\/\/www.facebook.com\/SonoraEE\/\",\"https:\/\/x.com\/sonoraenequipo\",\"https:\/\/www.youtube.com\/channel\/UC338nW-lPEYmJQs4ZABQ1SQ\"]},{\"@type\":\"Person\",\"@id\":\"https:\/\/www.sonoraenequipo.com.mx\/#\/schema\/person\/50102df0fb23a8fa9e8effad8fa81386\",\"name\":\"enequipo\",\"image\":{\"@type\":\"ImageObject\",\"inLanguage\":\"es\",\"@id\":\"https:\/\/www.sonoraenequipo.com.mx\/#\/schema\/person\/image\/\",\"url\":\"https:\/\/secure.gravatar.com\/avatar\/049821681b589dabc0bc20695993ccebb09f5b5d4d790cd9251b97faac7c652b?s=96&d=blank&r=g\",\"contentUrl\":\"https:\/\/secure.gravatar.com\/avatar\/049821681b589dabc0bc20695993ccebb09f5b5d4d790cd9251b97faac7c652b?s=96&d=blank&r=g\",\"caption\":\"enequipo\"},\"sameAs\":[\"https:\/\/www.facebook.com\/SonoraEE\"]}]}<\/script>\n ","yoast_head_json":{"title":"Sonora en Equipo. Realiza el Cl\u00faster Minero de Sonora 5to. Foro Internacional de Seguridad Integral en Miner\u00eda Sonora","description":"HERMOSILLO, SONORA,MX.\u2500\u2500 La Comisi\u00f3n de Seguridad y Salud del Cl\u00faster Minero de Sonora, A.C., organiz\u00f3 la 5ta. Edici\u00f3n del Foro Internacional de Seguridad En Sonora en Equipo publicamos toda la informaci\u00f3n de Sonora, M\u00e9xico y el Mundo de manera oportuna y busca que la libertad de expresi\u00f3n sea real. Visita nuestro medio informativo publicado desde Hermosillo, Sonora. %","robots":{"index":"index","follow":"follow","max-snippet":"max-snippet:-1","max-image-preview":"max-image-preview:large","max-video-preview":"max-video-preview:-1"},"canonical":"https:\/\/www.sonoraenequipo.com.mx\/realiza-el-cluster-minero-de-sonora-5to-foro-internacional-de-seguridad-integral-en-mineria\/","og_locale":"es_ES","og_type":"article","og_title":"Sonora en Equipo. Realiza el Cl\u00faster Minero de Sonora 5to. Foro Internacional de Seguridad Integral en Miner\u00eda Sonora","og_description":"HERMOSILLO, SONORA,MX.\u2500\u2500 La Comisi\u00f3n de Seguridad y Salud del Cl\u00faster Minero de Sonora, A.C., organiz\u00f3 la 5ta. Edici\u00f3n del Foro Internacional de Seguridad En Sonora en Equipo publicamos toda la informaci\u00f3n de Sonora, M\u00e9xico y el Mundo de manera oportuna y busca que la libertad de expresi\u00f3n sea real. Visita nuestro medio informativo publicado desde Hermosillo, Sonora. %","og_url":"https:\/\/www.sonoraenequipo.com.mx\/realiza-el-cluster-minero-de-sonora-5to-foro-internacional-de-seguridad-integral-en-mineria\/","og_site_name":"Sonora en Equipo.","article_publisher":"https:\/\/www.facebook.com\/SonoraEE\/","article_author":"https:\/\/www.facebook.com\/SonoraEE","article_published_time":"2022-06-24T19:16:29+00:00","og_image":[{"width":700,"height":400,"url":"https:\/\/www.sonoraenequipo.com.mx\/storage\/2022\/06\/mineria-foro.jpg","type":"image\/jpeg"}],"author":"enequipo","twitter_card":"summary_large_image","twitter_creator":"@sonoraenequipo","twitter_site":"@sonoraenequipo","twitter_misc":{"Escrito por":"enequipo","Tiempo de lectura":"2 minutos"},"schema":{"@context":"https:\/\/schema.org","@graph":[{"@type":"Article","@id":"https:\/\/www.sonoraenequipo.com.mx\/realiza-el-cluster-minero-de-sonora-5to-foro-internacional-de-seguridad-integral-en-mineria\/#article","isPartOf":{"@id":"https:\/\/www.sonoraenequipo.com.mx\/realiza-el-cluster-minero-de-sonora-5to-foro-internacional-de-seguridad-integral-en-mineria\/"},"author":{"name":"enequipo","@id":"https:\/\/www.sonoraenequipo.com.mx\/#\/schema\/person\/50102df0fb23a8fa9e8effad8fa81386"},"headline":"Realiza el Cl\u00faster Minero de Sonora 5to. Foro Internacional de Seguridad Integral en Miner\u00eda","datePublished":"2022-06-24T19:16:29+00:00","mainEntityOfPage":{"@id":"https:\/\/www.sonoraenequipo.com.mx\/realiza-el-cluster-minero-de-sonora-5to-foro-internacional-de-seguridad-integral-en-mineria\/"},"wordCount":268,"commentCount":0,"publisher":{"@id":"https:\/\/www.sonoraenequipo.com.mx\/#organization"},"image":{"@id":"https:\/\/www.sonoraenequipo.com.mx\/realiza-el-cluster-minero-de-sonora-5to-foro-internacional-de-seguridad-integral-en-mineria\/#primaryimage"},"thumbnailUrl":"https:\/\/www.sonoraenequipo.com.mx\/storage\/2022\/06\/mineria-foro.jpg","keywords":["cluster minero"],"articleSection":["Sonora"],"inLanguage":"es","potentialAction":[{"@type":"CommentAction","name":"Comment","target":["https:\/\/www.sonoraenequipo.com.mx\/realiza-el-cluster-minero-de-sonora-5to-foro-internacional-de-seguridad-integral-en-mineria\/#respond"]}]},{"@type":"WebPage","@id":"https:\/\/www.sonoraenequipo.com.mx\/realiza-el-cluster-minero-de-sonora-5to-foro-internacional-de-seguridad-integral-en-mineria\/","url":"https:\/\/www.sonoraenequipo.com.mx\/realiza-el-cluster-minero-de-sonora-5to-foro-internacional-de-seguridad-integral-en-mineria\/","name":"Sonora en Equipo. Realiza el Cl\u00faster Minero de Sonora 5to. Foro Internacional de Seguridad Integral en Miner\u00eda Sonora","isPartOf":{"@id":"https:\/\/www.sonoraenequipo.com.mx\/#website"},"primaryImageOfPage":{"@id":"https:\/\/www.sonoraenequipo.com.mx\/realiza-el-cluster-minero-de-sonora-5to-foro-internacional-de-seguridad-integral-en-mineria\/#primaryimage"},"image":{"@id":"https:\/\/www.sonoraenequipo.com.mx\/realiza-el-cluster-minero-de-sonora-5to-foro-internacional-de-seguridad-integral-en-mineria\/#primaryimage"},"thumbnailUrl":"https:\/\/www.sonoraenequipo.com.mx\/storage\/2022\/06\/mineria-foro.jpg","datePublished":"2022-06-24T19:16:29+00:00","description":"HERMOSILLO, SONORA,MX.\u2500\u2500 La Comisi\u00f3n de Seguridad y Salud del Cl\u00faster Minero de Sonora, A.C., organiz\u00f3 la 5ta. Edici\u00f3n del Foro Internacional de Seguridad En Sonora en Equipo publicamos toda la informaci\u00f3n de Sonora, M\u00e9xico y el Mundo de manera oportuna y busca que la libertad de expresi\u00f3n sea real. Visita nuestro medio informativo publicado desde Hermosillo, Sonora. %","breadcrumb":{"@id":"https:\/\/www.sonoraenequipo.com.mx\/realiza-el-cluster-minero-de-sonora-5to-foro-internacional-de-seguridad-integral-en-mineria\/#breadcrumb"},"inLanguage":"es","potentialAction":[{"@type":"ReadAction","target":["https:\/\/www.sonoraenequipo.com.mx\/realiza-el-cluster-minero-de-sonora-5to-foro-internacional-de-seguridad-integral-en-mineria\/"]}]},{"@type":"ImageObject","inLanguage":"es","@id":"https:\/\/www.sonoraenequipo.com.mx\/realiza-el-cluster-minero-de-sonora-5to-foro-internacional-de-seguridad-integral-en-mineria\/#primaryimage","url":"https:\/\/www.sonoraenequipo.com.mx\/storage\/2022\/06\/mineria-foro.jpg","contentUrl":"https:\/\/www.sonoraenequipo.com.mx\/storage\/2022\/06\/mineria-foro.jpg","width":700,"height":400},{"@type":"BreadcrumbList","@id":"https:\/\/www.sonoraenequipo.com.mx\/realiza-el-cluster-minero-de-sonora-5to-foro-internacional-de-seguridad-integral-en-mineria\/#breadcrumb","itemListElement":[{"@type":"ListItem","position":1,"name":"Portada","item":"https:\/\/www.sonoraenequipo.com.mx\/"},{"@type":"ListItem","position":2,"name":"Realiza el Cl\u00faster Minero de Sonora 5to. Foro Internacional de Seguridad Integral en Miner\u00eda"}]},{"@type":"WebSite","@id":"https:\/\/www.sonoraenequipo.com.mx\/#website","url":"https:\/\/www.sonoraenequipo.com.mx\/","name":"Sonora en Equipo.","description":"Diario en l\u00ednea con Noticias desde Hermosillo, Sonora","publisher":{"@id":"https:\/\/www.sonoraenequipo.com.mx\/#organization"},"potentialAction":[{"@type":"SearchAction","target":{"@type":"EntryPoint","urlTemplate":"https:\/\/www.sonoraenequipo.com.mx\/?s={search_term_string}"},"query-input":{"@type":"PropertyValueSpecification","valueRequired":true,"valueName":"search_term_string"}}],"inLanguage":"es"},{"@type":"Organization","@id":"https:\/\/www.sonoraenequipo.com.mx\/#organization","name":"Sonoraenequipo.com.mx","url":"https:\/\/www.sonoraenequipo.com.mx\/","logo":{"@type":"ImageObject","inLanguage":"es","@id":"https:\/\/www.sonoraenequipo.com.mx\/#\/schema\/logo\/image\/","url":"https:\/\/www.sonoraenequipo.com.mx\/storage\/2019\/01\/sonoraenequipo_opt.png","contentUrl":"https:\/\/www.sonoraenequipo.com.mx\/storage\/2019\/01\/sonoraenequipo_opt.png","width":375,"height":125,"caption":"Sonoraenequipo.com.mx"},"image":{"@id":"https:\/\/www.sonoraenequipo.com.mx\/#\/schema\/logo\/image\/"},"sameAs":["https:\/\/www.facebook.com\/SonoraEE\/","https:\/\/x.com\/sonoraenequipo","https:\/\/www.youtube.com\/channel\/UC338nW-lPEYmJQs4ZABQ1SQ"]},{"@type":"Person","@id":"https:\/\/www.sonoraenequipo.com.mx\/#\/schema\/person\/50102df0fb23a8fa9e8effad8fa81386","name":"enequipo","image":{"@type":"ImageObject","inLanguage":"es","@id":"https:\/\/www.sonoraenequipo.com.mx\/#\/schema\/person\/image\/","url":"https:\/\/secure.gravatar.com\/avatar\/049821681b589dabc0bc20695993ccebb09f5b5d4d790cd9251b97faac7c652b?s=96&d=blank&r=g","contentUrl":"https:\/\/secure.gravatar.com\/avatar\/049821681b589dabc0bc20695993ccebb09f5b5d4d790cd9251b97faac7c652b?s=96&d=blank&r=g","caption":"enequipo"},"sameAs":["https:\/\/www.facebook.com\/SonoraEE"]}]}},"jetpack_featured_media_url":"https:\/\/www.sonoraenequipo.com.mx\/storage\/2022\/06\/mineria-foro.jpg","_links":{"self":[{"href":"https:\/\/www.sonoraenequipo.com.mx\/api\/wp\/v2\/posts\/141228","targetHints":{"allow":["GET"]}}],"collection":[{"href":"https:\/\/www.sonoraenequipo.com.mx\/api\/wp\/v2\/posts"}],"about":[{"href":"https:\/\/www.sonoraenequipo.com.mx\/api\/wp\/v2\/types\/post"}],"author":[{"embeddable":true,"href":"https:\/\/www.sonoraenequipo.com.mx\/api\/wp\/v2\/users\/1"}],"replies":[{"embeddable":true,"href":"https:\/\/www.sonoraenequipo.com.mx\/api\/wp\/v2\/comments?post=141228"}],"version-history":[{"count":1,"href":"https:\/\/www.sonoraenequipo.com.mx\/api\/wp\/v2\/posts\/141228\/revisions"}],"predecessor-version":[{"id":141230,"href":"https:\/\/www.sonoraenequipo.com.mx\/api\/wp\/v2\/posts\/141228\/revisions\/141230"}],"wp:featuredmedia":[{"embeddable":true,"href":"https:\/\/www.sonoraenequipo.com.mx\/api\/wp\/v2\/media\/141229"}],"wp:attachment":[{"href":"https:\/\/www.sonoraenequipo.com.mx\/api\/wp\/v2\/media?parent=141228"}],"wp:term":[{"taxonomy":"category","embeddable":true,"href":"https:\/\/www.sonoraenequipo.com.mx\/api\/wp\/v2\/categories?post=141228"},{"taxonomy":"post_tag","embeddable":true,"href":"https:\/\/www.sonoraenequipo.com.mx\/api\/wp\/v2\/tags?post=141228"}],"curies":[{"name":"wp","href":"https:\/\/api.w.org\/{rel}","templated":true}]}}