{"id":141255,"date":"2022-06-25T11:49:28","date_gmt":"2022-06-25T18:49:28","guid":{"rendered":"https:\/\/www.sonoraenequipo.com.mx\/?p=141255"},"modified":"2022-06-25T17:09:29","modified_gmt":"2022-06-26T00:09:29","slug":"apoyaran-a-familia-de-joven-mexicano-asesinado-en-los-angeles-para-trasladar-su-cuerpo-a-durango","status":"publish","type":"post","link":"https:\/\/www.sonoraenequipo.com.mx\/apoyaran-a-familia-de-joven-mexicano-asesinado-en-los-angeles-para-trasladar-su-cuerpo-a-durango\/","title":{"rendered":"Apoyar\u00e1n a familia de joven mexicano\u00a0 asesinado en Los Angeles para trasladar su cuerpo a Durango"},"content":{"rendered":"<p>&nbsp;<\/p>\n<p><strong>G\u00d3MEZ PALACIO, DURANGO.<\/strong><strong>\u2500\u2500<\/strong> Habitantes de la regi\u00f3n de La Laguna no s\u00f3lo acompa\u00f1an en su dolor a la familia del estudiante \u00c1ngel David Flores Trevi\u00f1o, asesinado el pasado s\u00e1bado en California, sino que se suman a la exigencia a las autoridades de Estados Unidos para que castiguen al homicida y agilicen la entrega del cuerpo.<\/p>\n<p>&nbsp;<\/p>\n<p>El s\u00e1bado, alrededor de las 15:00 horas, el joven de 17 a\u00f1os fue privado de la vida cuando, a bordo de un veh\u00edculo en compa\u00f1\u00eda de otras personas, esperaban el cambio de luz del sem\u00e1foro en el Bulevar Baldwin Hills, de Los \u00c1ngeles.<\/p>\n<p>&nbsp;<\/p>\n<p>El homicida dispar\u00f3 en varias ocasiones contra el estudiante, quien vacacionaba en la cuidad, y lesion\u00f3 a otro joven, para enseguida huir.<\/p>\n<p>En el colegio donde \u00c1ngel David estaba por concluir la preparatoria, ayer se ofreci\u00f3 una misa.<\/p>\n<p>&nbsp;<\/p>\n<p>La comunidad de San Gabriel, familiares y amigos que participaron en la ceremonia, externaron su tristeza y se unieron a la pena de la familia del joven, en especial de su madre, Lizbeth Trevi\u00f1o, quien se encontraba con \u00e9l en el momento de la agresi\u00f3n y result\u00f3 ilesa.<\/p>\n<p>&nbsp;<\/p>\n<p>El Gobernador de Durango, el panista Jos\u00e9 Rosas Aispuro, inform\u00f3 que se apoyar\u00e1 a la familia Flores Trevi\u00f1o para que el cuerpo pueda ser trasladado a G\u00f3mez Palacio y sea sepultado.<\/p>\n<p>&nbsp;<\/p>\n<p>\u201cLos padres de este muchacho, lamentablemente asesinado en los Estados Unidos, se encuentran precisamente ahorita en el estado de California, en Estados Unidos; desde ayer se tuvo contacto con los padres, los vamos a ayudar\u201d, indic\u00f3.<\/p>\n<p><strong><u>Fecha de publicaci\u00f3n: Junio 25 de 2022 \u00a0<\/u>tomado de Luces del siglo<\/strong><\/p>\n<p>&nbsp;<\/p>\n","protected":false},"excerpt":{"rendered":"<p>&nbsp; G\u00d3MEZ PALACIO, DURANGO.\u2500\u2500 Habitantes de la regi\u00f3n de La Laguna no s\u00f3lo acompa\u00f1an en&#8230;<\/p>\n","protected":false},"author":1,"featured_media":141256,"comment_status":"open","ping_status":"open","sticky":false,"template":"","format":"standard","meta":{"_monsterinsights_skip_tracking":false,"_monsterinsights_sitenote_active":false,"_monsterinsights_sitenote_note":"","_monsterinsights_sitenote_category":0,"footnotes":""},"categories":[3],"tags":[],"class_list":["post"],"yoast_head":" \n<title>Sonora en Equipo. Apoyar\u00e1n a familia de joven mexicano\u00a0 asesinado en Los Angeles para trasladar su cuerpo a Durango MUNDO<\/title>\n<meta name=\"description\" content=\"&nbsp; G\u00d3MEZ PALACIO, DURANGO.\u2500\u2500 Habitantes de la regi\u00f3n de La Laguna no s\u00f3lo acompa\u00f1an en su dolor a la familia del estudiante \u00c1ngel David Flores En Sonora en Equipo publicamos toda la informaci\u00f3n de Sonora, M\u00e9xico y el Mundo de manera oportuna y busca que la libertad de expresi\u00f3n sea real. Visita nuestro medio informativo publicado desde Hermosillo, Sonora. %\" \/>\n<meta name=\"robots\" content=\"index, follow, max-snippet:-1, max-image-preview:large, max-video-preview:-1\" \/>\n<link rel=\"canonical\" href=\"https:\/\/www.sonoraenequipo.com.mx\/apoyaran-a-familia-de-joven-mexicano-asesinado-en-los-angeles-para-trasladar-su-cuerpo-a-durango\/\" \/>\n<meta property=\"og:locale\" content=\"es_ES\" \/>\n<meta property=\"og:type\" content=\"article\" \/>\n<meta property=\"og:title\" content=\"Sonora en Equipo. Apoyar\u00e1n a familia de joven mexicano\u00a0 asesinado en Los Angeles para trasladar su cuerpo a Durango MUNDO\" \/>\n<meta property=\"og:description\" content=\"&nbsp; G\u00d3MEZ PALACIO, DURANGO.\u2500\u2500 Habitantes de la regi\u00f3n de La Laguna no s\u00f3lo acompa\u00f1an en su dolor a la familia del estudiante \u00c1ngel David Flores En Sonora en Equipo publicamos toda la informaci\u00f3n de Sonora, M\u00e9xico y el Mundo de manera oportuna y busca que la libertad de expresi\u00f3n sea real. Visita nuestro medio informativo publicado desde Hermosillo, Sonora. %\" \/>\n<meta property=\"og:url\" content=\"https:\/\/www.sonoraenequipo.com.mx\/apoyaran-a-familia-de-joven-mexicano-asesinado-en-los-angeles-para-trasladar-su-cuerpo-a-durango\/\" \/>\n<meta property=\"og:site_name\" content=\"Sonora en Equipo.\" \/>\n<meta property=\"article:publisher\" content=\"https:\/\/www.facebook.com\/SonoraEE\/\" \/>\n<meta property=\"article:author\" content=\"https:\/\/www.facebook.com\/SonoraEE\" \/>\n<meta property=\"article:published_time\" content=\"2022-06-25T18:49:28+00:00\" \/>\n<meta property=\"article:modified_time\" content=\"2022-06-26T00:09:29+00:00\" \/>\n<meta property=\"og:image\" content=\"https:\/\/www.sonoraenequipo.com.mx\/storage\/2022\/06\/david.jpg\" \/>\n\t<meta property=\"og:image:width\" content=\"700\" \/>\n\t<meta property=\"og:image:height\" content=\"396\" \/>\n\t<meta property=\"og:image:type\" content=\"image\/jpeg\" \/>\n<meta name=\"author\" content=\"enequipo\" \/>\n<meta name=\"twitter:card\" content=\"summary_large_image\" \/>\n<meta name=\"twitter:creator\" content=\"@sonoraenequipo\" \/>\n<meta name=\"twitter:site\" content=\"@sonoraenequipo\" \/>\n<meta name=\"twitter:label1\" content=\"Escrito por\" \/>\n\t<meta name=\"twitter:data1\" content=\"enequipo\" \/>\n\t<meta name=\"twitter:label2\" content=\"Tiempo de lectura\" \/>\n\t<meta name=\"twitter:data2\" content=\"2 minutos\" \/>\n<script type=\"application\/ld+json\" class=\"yoast-schema-graph\">{\"@context\":\"https:\/\/schema.org\",\"@graph\":[{\"@type\":\"Article\",\"@id\":\"https:\/\/www.sonoraenequipo.com.mx\/apoyaran-a-familia-de-joven-mexicano-asesinado-en-los-angeles-para-trasladar-su-cuerpo-a-durango\/#article\",\"isPartOf\":{\"@id\":\"https:\/\/www.sonoraenequipo.com.mx\/apoyaran-a-familia-de-joven-mexicano-asesinado-en-los-angeles-para-trasladar-su-cuerpo-a-durango\/\"},\"author\":{\"name\":\"enequipo\",\"@id\":\"https:\/\/www.sonoraenequipo.com.mx\/#\/schema\/person\/50102df0fb23a8fa9e8effad8fa81386\"},\"headline\":\"Apoyar\u00e1n a familia de joven mexicano\u00a0 asesinado en Los Angeles para trasladar su cuerpo a Durango\",\"datePublished\":\"2022-06-25T18:49:28+00:00\",\"dateModified\":\"2022-06-26T00:09:29+00:00\",\"mainEntityOfPage\":{\"@id\":\"https:\/\/www.sonoraenequipo.com.mx\/apoyaran-a-familia-de-joven-mexicano-asesinado-en-los-angeles-para-trasladar-su-cuerpo-a-durango\/\"},\"wordCount\":299,\"commentCount\":0,\"publisher\":{\"@id\":\"https:\/\/www.sonoraenequipo.com.mx\/#organization\"},\"image\":{\"@id\":\"https:\/\/www.sonoraenequipo.com.mx\/apoyaran-a-familia-de-joven-mexicano-asesinado-en-los-angeles-para-trasladar-su-cuerpo-a-durango\/#primaryimage\"},\"thumbnailUrl\":\"https:\/\/www.sonoraenequipo.com.mx\/storage\/2022\/06\/david.jpg\",\"articleSection\":[\"MUNDO\"],\"inLanguage\":\"es\",\"potentialAction\":[{\"@type\":\"CommentAction\",\"name\":\"Comment\",\"target\":[\"https:\/\/www.sonoraenequipo.com.mx\/apoyaran-a-familia-de-joven-mexicano-asesinado-en-los-angeles-para-trasladar-su-cuerpo-a-durango\/#respond\"]}]},{\"@type\":\"WebPage\",\"@id\":\"https:\/\/www.sonoraenequipo.com.mx\/apoyaran-a-familia-de-joven-mexicano-asesinado-en-los-angeles-para-trasladar-su-cuerpo-a-durango\/\",\"url\":\"https:\/\/www.sonoraenequipo.com.mx\/apoyaran-a-familia-de-joven-mexicano-asesinado-en-los-angeles-para-trasladar-su-cuerpo-a-durango\/\",\"name\":\"Sonora en Equipo. Apoyar\u00e1n a familia de joven mexicano\u00a0 asesinado en Los Angeles para trasladar su cuerpo a Durango MUNDO\",\"isPartOf\":{\"@id\":\"https:\/\/www.sonoraenequipo.com.mx\/#website\"},\"primaryImageOfPage\":{\"@id\":\"https:\/\/www.sonoraenequipo.com.mx\/apoyaran-a-familia-de-joven-mexicano-asesinado-en-los-angeles-para-trasladar-su-cuerpo-a-durango\/#primaryimage\"},\"image\":{\"@id\":\"https:\/\/www.sonoraenequipo.com.mx\/apoyaran-a-familia-de-joven-mexicano-asesinado-en-los-angeles-para-trasladar-su-cuerpo-a-durango\/#primaryimage\"},\"thumbnailUrl\":\"https:\/\/www.sonoraenequipo.com.mx\/storage\/2022\/06\/david.jpg\",\"datePublished\":\"2022-06-25T18:49:28+00:00\",\"dateModified\":\"2022-06-26T00:09:29+00:00\",\"description\":\"&nbsp; G\u00d3MEZ PALACIO, DURANGO.\u2500\u2500 Habitantes de la regi\u00f3n de La Laguna no s\u00f3lo acompa\u00f1an en su dolor a la familia del estudiante \u00c1ngel David Flores En Sonora en Equipo publicamos toda la informaci\u00f3n de Sonora, M\u00e9xico y el Mundo de manera oportuna y busca que la libertad de expresi\u00f3n sea real. Visita nuestro medio informativo publicado desde Hermosillo, Sonora. %\",\"breadcrumb\":{\"@id\":\"https:\/\/www.sonoraenequipo.com.mx\/apoyaran-a-familia-de-joven-mexicano-asesinado-en-los-angeles-para-trasladar-su-cuerpo-a-durango\/#breadcrumb\"},\"inLanguage\":\"es\",\"potentialAction\":[{\"@type\":\"ReadAction\",\"target\":[\"https:\/\/www.sonoraenequipo.com.mx\/apoyaran-a-familia-de-joven-mexicano-asesinado-en-los-angeles-para-trasladar-su-cuerpo-a-durango\/\"]}]},{\"@type\":\"ImageObject\",\"inLanguage\":\"es\",\"@id\":\"https:\/\/www.sonoraenequipo.com.mx\/apoyaran-a-familia-de-joven-mexicano-asesinado-en-los-angeles-para-trasladar-su-cuerpo-a-durango\/#primaryimage\",\"url\":\"https:\/\/www.sonoraenequipo.com.mx\/storage\/2022\/06\/david.jpg\",\"contentUrl\":\"https:\/\/www.sonoraenequipo.com.mx\/storage\/2022\/06\/david.jpg\",\"width\":700,\"height\":396},{\"@type\":\"BreadcrumbList\",\"@id\":\"https:\/\/www.sonoraenequipo.com.mx\/apoyaran-a-familia-de-joven-mexicano-asesinado-en-los-angeles-para-trasladar-su-cuerpo-a-durango\/#breadcrumb\",\"itemListElement\":[{\"@type\":\"ListItem\",\"position\":1,\"name\":\"Portada\",\"item\":\"https:\/\/www.sonoraenequipo.com.mx\/\"},{\"@type\":\"ListItem\",\"position\":2,\"name\":\"Apoyar\u00e1n a familia de joven mexicano\u00a0 asesinado en Los Angeles para trasladar su cuerpo a Durango\"}]},{\"@type\":\"WebSite\",\"@id\":\"https:\/\/www.sonoraenequipo.com.mx\/#website\",\"url\":\"https:\/\/www.sonoraenequipo.com.mx\/\",\"name\":\"Sonora en Equipo.\",\"description\":\"Diario en l\u00ednea con Noticias desde Hermosillo, Sonora\",\"publisher\":{\"@id\":\"https:\/\/www.sonoraenequipo.com.mx\/#organization\"},\"potentialAction\":[{\"@type\":\"SearchAction\",\"target\":{\"@type\":\"EntryPoint\",\"urlTemplate\":\"https:\/\/www.sonoraenequipo.com.mx\/?s={search_term_string}\"},\"query-input\":{\"@type\":\"PropertyValueSpecification\",\"valueRequired\":true,\"valueName\":\"search_term_string\"}}],\"inLanguage\":\"es\"},{\"@type\":\"Organization\",\"@id\":\"https:\/\/www.sonoraenequipo.com.mx\/#organization\",\"name\":\"Sonoraenequipo.com.mx\",\"url\":\"https:\/\/www.sonoraenequipo.com.mx\/\",\"logo\":{\"@type\":\"ImageObject\",\"inLanguage\":\"es\",\"@id\":\"https:\/\/www.sonoraenequipo.com.mx\/#\/schema\/logo\/image\/\",\"url\":\"https:\/\/www.sonoraenequipo.com.mx\/storage\/2019\/01\/sonoraenequipo_opt.png\",\"contentUrl\":\"https:\/\/www.sonoraenequipo.com.mx\/storage\/2019\/01\/sonoraenequipo_opt.png\",\"width\":375,\"height\":125,\"caption\":\"Sonoraenequipo.com.mx\"},\"image\":{\"@id\":\"https:\/\/www.sonoraenequipo.com.mx\/#\/schema\/logo\/image\/\"},\"sameAs\":[\"https:\/\/www.facebook.com\/SonoraEE\/\",\"https:\/\/x.com\/sonoraenequipo\",\"https:\/\/www.youtube.com\/channel\/UC338nW-lPEYmJQs4ZABQ1SQ\"]},{\"@type\":\"Person\",\"@id\":\"https:\/\/www.sonoraenequipo.com.mx\/#\/schema\/person\/50102df0fb23a8fa9e8effad8fa81386\",\"name\":\"enequipo\",\"image\":{\"@type\":\"ImageObject\",\"inLanguage\":\"es\",\"@id\":\"https:\/\/www.sonoraenequipo.com.mx\/#\/schema\/person\/image\/\",\"url\":\"https:\/\/secure.gravatar.com\/avatar\/049821681b589dabc0bc20695993ccebb09f5b5d4d790cd9251b97faac7c652b?s=96&d=blank&r=g\",\"contentUrl\":\"https:\/\/secure.gravatar.com\/avatar\/049821681b589dabc0bc20695993ccebb09f5b5d4d790cd9251b97faac7c652b?s=96&d=blank&r=g\",\"caption\":\"enequipo\"},\"sameAs\":[\"https:\/\/www.facebook.com\/SonoraEE\"]}]}<\/script>\n ","yoast_head_json":{"title":"Sonora en Equipo. Apoyar\u00e1n a familia de joven mexicano\u00a0 asesinado en Los Angeles para trasladar su cuerpo a Durango MUNDO","description":"&nbsp; G\u00d3MEZ PALACIO, DURANGO.\u2500\u2500 Habitantes de la regi\u00f3n de La Laguna no s\u00f3lo acompa\u00f1an en su dolor a la familia del estudiante \u00c1ngel David Flores En Sonora en Equipo publicamos toda la informaci\u00f3n de Sonora, M\u00e9xico y el Mundo de manera oportuna y busca que la libertad de expresi\u00f3n sea real. Visita nuestro medio informativo publicado desde Hermosillo, Sonora. %","robots":{"index":"index","follow":"follow","max-snippet":"max-snippet:-1","max-image-preview":"max-image-preview:large","max-video-preview":"max-video-preview:-1"},"canonical":"https:\/\/www.sonoraenequipo.com.mx\/apoyaran-a-familia-de-joven-mexicano-asesinado-en-los-angeles-para-trasladar-su-cuerpo-a-durango\/","og_locale":"es_ES","og_type":"article","og_title":"Sonora en Equipo. Apoyar\u00e1n a familia de joven mexicano\u00a0 asesinado en Los Angeles para trasladar su cuerpo a Durango MUNDO","og_description":"&nbsp; G\u00d3MEZ PALACIO, DURANGO.\u2500\u2500 Habitantes de la regi\u00f3n de La Laguna no s\u00f3lo acompa\u00f1an en su dolor a la familia del estudiante \u00c1ngel David Flores En Sonora en Equipo publicamos toda la informaci\u00f3n de Sonora, M\u00e9xico y el Mundo de manera oportuna y busca que la libertad de expresi\u00f3n sea real. Visita nuestro medio informativo publicado desde Hermosillo, Sonora. %","og_url":"https:\/\/www.sonoraenequipo.com.mx\/apoyaran-a-familia-de-joven-mexicano-asesinado-en-los-angeles-para-trasladar-su-cuerpo-a-durango\/","og_site_name":"Sonora en Equipo.","article_publisher":"https:\/\/www.facebook.com\/SonoraEE\/","article_author":"https:\/\/www.facebook.com\/SonoraEE","article_published_time":"2022-06-25T18:49:28+00:00","article_modified_time":"2022-06-26T00:09:29+00:00","og_image":[{"width":700,"height":396,"url":"https:\/\/www.sonoraenequipo.com.mx\/storage\/2022\/06\/david.jpg","type":"image\/jpeg"}],"author":"enequipo","twitter_card":"summary_large_image","twitter_creator":"@sonoraenequipo","twitter_site":"@sonoraenequipo","twitter_misc":{"Escrito por":"enequipo","Tiempo de lectura":"2 minutos"},"schema":{"@context":"https:\/\/schema.org","@graph":[{"@type":"Article","@id":"https:\/\/www.sonoraenequipo.com.mx\/apoyaran-a-familia-de-joven-mexicano-asesinado-en-los-angeles-para-trasladar-su-cuerpo-a-durango\/#article","isPartOf":{"@id":"https:\/\/www.sonoraenequipo.com.mx\/apoyaran-a-familia-de-joven-mexicano-asesinado-en-los-angeles-para-trasladar-su-cuerpo-a-durango\/"},"author":{"name":"enequipo","@id":"https:\/\/www.sonoraenequipo.com.mx\/#\/schema\/person\/50102df0fb23a8fa9e8effad8fa81386"},"headline":"Apoyar\u00e1n a familia de joven mexicano\u00a0 asesinado en Los Angeles para trasladar su cuerpo a Durango","datePublished":"2022-06-25T18:49:28+00:00","dateModified":"2022-06-26T00:09:29+00:00","mainEntityOfPage":{"@id":"https:\/\/www.sonoraenequipo.com.mx\/apoyaran-a-familia-de-joven-mexicano-asesinado-en-los-angeles-para-trasladar-su-cuerpo-a-durango\/"},"wordCount":299,"commentCount":0,"publisher":{"@id":"https:\/\/www.sonoraenequipo.com.mx\/#organization"},"image":{"@id":"https:\/\/www.sonoraenequipo.com.mx\/apoyaran-a-familia-de-joven-mexicano-asesinado-en-los-angeles-para-trasladar-su-cuerpo-a-durango\/#primaryimage"},"thumbnailUrl":"https:\/\/www.sonoraenequipo.com.mx\/storage\/2022\/06\/david.jpg","articleSection":["MUNDO"],"inLanguage":"es","potentialAction":[{"@type":"CommentAction","name":"Comment","target":["https:\/\/www.sonoraenequipo.com.mx\/apoyaran-a-familia-de-joven-mexicano-asesinado-en-los-angeles-para-trasladar-su-cuerpo-a-durango\/#respond"]}]},{"@type":"WebPage","@id":"https:\/\/www.sonoraenequipo.com.mx\/apoyaran-a-familia-de-joven-mexicano-asesinado-en-los-angeles-para-trasladar-su-cuerpo-a-durango\/","url":"https:\/\/www.sonoraenequipo.com.mx\/apoyaran-a-familia-de-joven-mexicano-asesinado-en-los-angeles-para-trasladar-su-cuerpo-a-durango\/","name":"Sonora en Equipo. Apoyar\u00e1n a familia de joven mexicano\u00a0 asesinado en Los Angeles para trasladar su cuerpo a Durango MUNDO","isPartOf":{"@id":"https:\/\/www.sonoraenequipo.com.mx\/#website"},"primaryImageOfPage":{"@id":"https:\/\/www.sonoraenequipo.com.mx\/apoyaran-a-familia-de-joven-mexicano-asesinado-en-los-angeles-para-trasladar-su-cuerpo-a-durango\/#primaryimage"},"image":{"@id":"https:\/\/www.sonoraenequipo.com.mx\/apoyaran-a-familia-de-joven-mexicano-asesinado-en-los-angeles-para-trasladar-su-cuerpo-a-durango\/#primaryimage"},"thumbnailUrl":"https:\/\/www.sonoraenequipo.com.mx\/storage\/2022\/06\/david.jpg","datePublished":"2022-06-25T18:49:28+00:00","dateModified":"2022-06-26T00:09:29+00:00","description":"&nbsp; G\u00d3MEZ PALACIO, DURANGO.\u2500\u2500 Habitantes de la regi\u00f3n de La Laguna no s\u00f3lo acompa\u00f1an en su dolor a la familia del estudiante \u00c1ngel David Flores En Sonora en Equipo publicamos toda la informaci\u00f3n de Sonora, M\u00e9xico y el Mundo de manera oportuna y busca que la libertad de expresi\u00f3n sea real. Visita nuestro medio informativo publicado desde Hermosillo, Sonora. %","breadcrumb":{"@id":"https:\/\/www.sonoraenequipo.com.mx\/apoyaran-a-familia-de-joven-mexicano-asesinado-en-los-angeles-para-trasladar-su-cuerpo-a-durango\/#breadcrumb"},"inLanguage":"es","potentialAction":[{"@type":"ReadAction","target":["https:\/\/www.sonoraenequipo.com.mx\/apoyaran-a-familia-de-joven-mexicano-asesinado-en-los-angeles-para-trasladar-su-cuerpo-a-durango\/"]}]},{"@type":"ImageObject","inLanguage":"es","@id":"https:\/\/www.sonoraenequipo.com.mx\/apoyaran-a-familia-de-joven-mexicano-asesinado-en-los-angeles-para-trasladar-su-cuerpo-a-durango\/#primaryimage","url":"https:\/\/www.sonoraenequipo.com.mx\/storage\/2022\/06\/david.jpg","contentUrl":"https:\/\/www.sonoraenequipo.com.mx\/storage\/2022\/06\/david.jpg","width":700,"height":396},{"@type":"BreadcrumbList","@id":"https:\/\/www.sonoraenequipo.com.mx\/apoyaran-a-familia-de-joven-mexicano-asesinado-en-los-angeles-para-trasladar-su-cuerpo-a-durango\/#breadcrumb","itemListElement":[{"@type":"ListItem","position":1,"name":"Portada","item":"https:\/\/www.sonoraenequipo.com.mx\/"},{"@type":"ListItem","position":2,"name":"Apoyar\u00e1n a familia de joven mexicano\u00a0 asesinado en Los Angeles para trasladar su cuerpo a Durango"}]},{"@type":"WebSite","@id":"https:\/\/www.sonoraenequipo.com.mx\/#website","url":"https:\/\/www.sonoraenequipo.com.mx\/","name":"Sonora en Equipo.","description":"Diario en l\u00ednea con Noticias desde Hermosillo, Sonora","publisher":{"@id":"https:\/\/www.sonoraenequipo.com.mx\/#organization"},"potentialAction":[{"@type":"SearchAction","target":{"@type":"EntryPoint","urlTemplate":"https:\/\/www.sonoraenequipo.com.mx\/?s={search_term_string}"},"query-input":{"@type":"PropertyValueSpecification","valueRequired":true,"valueName":"search_term_string"}}],"inLanguage":"es"},{"@type":"Organization","@id":"https:\/\/www.sonoraenequipo.com.mx\/#organization","name":"Sonoraenequipo.com.mx","url":"https:\/\/www.sonoraenequipo.com.mx\/","logo":{"@type":"ImageObject","inLanguage":"es","@id":"https:\/\/www.sonoraenequipo.com.mx\/#\/schema\/logo\/image\/","url":"https:\/\/www.sonoraenequipo.com.mx\/storage\/2019\/01\/sonoraenequipo_opt.png","contentUrl":"https:\/\/www.sonoraenequipo.com.mx\/storage\/2019\/01\/sonoraenequipo_opt.png","width":375,"height":125,"caption":"Sonoraenequipo.com.mx"},"image":{"@id":"https:\/\/www.sonoraenequipo.com.mx\/#\/schema\/logo\/image\/"},"sameAs":["https:\/\/www.facebook.com\/SonoraEE\/","https:\/\/x.com\/sonoraenequipo","https:\/\/www.youtube.com\/channel\/UC338nW-lPEYmJQs4ZABQ1SQ"]},{"@type":"Person","@id":"https:\/\/www.sonoraenequipo.com.mx\/#\/schema\/person\/50102df0fb23a8fa9e8effad8fa81386","name":"enequipo","image":{"@type":"ImageObject","inLanguage":"es","@id":"https:\/\/www.sonoraenequipo.com.mx\/#\/schema\/person\/image\/","url":"https:\/\/secure.gravatar.com\/avatar\/049821681b589dabc0bc20695993ccebb09f5b5d4d790cd9251b97faac7c652b?s=96&d=blank&r=g","contentUrl":"https:\/\/secure.gravatar.com\/avatar\/049821681b589dabc0bc20695993ccebb09f5b5d4d790cd9251b97faac7c652b?s=96&d=blank&r=g","caption":"enequipo"},"sameAs":["https:\/\/www.facebook.com\/SonoraEE"]}]}},"jetpack_featured_media_url":"https:\/\/www.sonoraenequipo.com.mx\/storage\/2022\/06\/david.jpg","_links":{"self":[{"href":"https:\/\/www.sonoraenequipo.com.mx\/api\/wp\/v2\/posts\/141255","targetHints":{"allow":["GET"]}}],"collection":[{"href":"https:\/\/www.sonoraenequipo.com.mx\/api\/wp\/v2\/posts"}],"about":[{"href":"https:\/\/www.sonoraenequipo.com.mx\/api\/wp\/v2\/types\/post"}],"author":[{"embeddable":true,"href":"https:\/\/www.sonoraenequipo.com.mx\/api\/wp\/v2\/users\/1"}],"replies":[{"embeddable":true,"href":"https:\/\/www.sonoraenequipo.com.mx\/api\/wp\/v2\/comments?post=141255"}],"version-history":[{"count":1,"href":"https:\/\/www.sonoraenequipo.com.mx\/api\/wp\/v2\/posts\/141255\/revisions"}],"predecessor-version":[{"id":141257,"href":"https:\/\/www.sonoraenequipo.com.mx\/api\/wp\/v2\/posts\/141255\/revisions\/141257"}],"wp:featuredmedia":[{"embeddable":true,"href":"https:\/\/www.sonoraenequipo.com.mx\/api\/wp\/v2\/media\/141256"}],"wp:attachment":[{"href":"https:\/\/www.sonoraenequipo.com.mx\/api\/wp\/v2\/media?parent=141255"}],"wp:term":[{"taxonomy":"category","embeddable":true,"href":"https:\/\/www.sonoraenequipo.com.mx\/api\/wp\/v2\/categories?post=141255"},{"taxonomy":"post_tag","embeddable":true,"href":"https:\/\/www.sonoraenequipo.com.mx\/api\/wp\/v2\/tags?post=141255"}],"curies":[{"name":"wp","href":"https:\/\/api.w.org\/{rel}","templated":true}]}}