{"id":1413,"date":"2015-12-10T14:28:09","date_gmt":"2015-12-10T14:28:09","guid":{"rendered":"http:\/\/www.sonoraenequipo.com.mx\/?p=1413"},"modified":"2015-12-13T14:34:29","modified_gmt":"2015-12-13T14:34:29","slug":"habra-nuevo-hospital-en-magdalena-de-kino","status":"publish","type":"post","link":"https:\/\/www.sonoraenequipo.com.mx\/habra-nuevo-hospital-en-magdalena-de-kino\/","title":{"rendered":"Habr\u00e1 nuevo hospital en Magdalena de Kino"},"content":{"rendered":"<p>10122015. MAGDALENA DE KINO, SONORA.\u2014 En su primera gira de trabajo por su ciudad natal, Magdalena, la Gobernadora Claudia Pavlovich anunci\u00f3 la construcci\u00f3n a partir de enero del nuevo Hospital General en ese municipio, con el que se atender\u00e1 a m\u00e1s de 40 mil habitantes de la regi\u00f3n. <\/p>\n<p>Al visitar el terreno de 16 mil metros cuadrados, donde se asentar\u00e1 este hospital general de 4 mil 200 metros cuadrados de construcci\u00f3n, la Gobernadora Claudia Pavlovich Arellano dijo que constar\u00e1 de 30 camas censables y \u00e1rea de urgencias para sustituir el antiguo hospital que presenta serias deficiencias en su servicios.<\/p>\n<p>Record\u00f3 a su madre, Do\u00f1a Alicia Arellano Tapia, que como alcaldesa de esta ciudad luch\u00f3 por a\u00f1os por contar con servicios de salud de calidad y hoy, dijo, le cumplimos a ella, a los ex alcaldes y todos aquellos que en su momento encabezaron un gran esfuerzo por hacerlo realidad.<\/p>\n<p>Quer\u00eda volver a mi tierra con buenas noticias y creo que estas si son buenas noticias para Magdalena y para toda la regi\u00f3n.<\/p>\n<p>La salud es un tema primordial para mi gobierno y vamos a luchar por tener los est\u00e1ndares de calidad que ten\u00edamos antes, apunt\u00f3.<\/p>\n<p>Dijo que el nuevo Hospital es un paso adelante para rescatar los sistemas de salud en Sonora y es adem\u00e1s cumplir un viejo anhelo de los habitantes de Magdalena de Kino, de Cucurpe, de Santa Ana, de Benjam\u00edn Hill, de Imuris y de otras comunidades y rancher\u00edas de contar con espacio digno donde curar a los enfermos, resalt\u00f3 la Gobernadora.<\/p>\n<p>Anunci\u00f3 adem\u00e1s la reconstrucci\u00f3n de la avenida 5 de mayo desde el arroyo la Zapatera hasta la calle Diana Laura Riojas de Magdalena de Kino, que incluir\u00e1 la rehabilitaci\u00f3n de los sistemas de agua potable, drenaje, banquetas electrificaci\u00f3n, alumbrado p\u00fablico con lo cual se mejorar\u00e1 la imagen urbana del primer cuadro de la ciudad.<\/p>\n<p>El alcalde de Magdalena Luis Alfonso Robles agradeci\u00f3 los anuncios de inversi\u00f3n para este municipio que muestran, se\u00f1al\u00f3, el compromiso de la Gobernadora por su ciudad natal y por todos los habitantes.<\/p>\n<p>Reconstruir\u00e1n carretera Caborca-Y Griega-Desemboque<br \/>\nUsuarios del Distrito de Riego de Caborca reconocieron a la Gobernadora Claudia Pavlovich Arellano por lograr que levantara el bloqueo en V\u00edcam, ya que ello permite mejores condiciones para el tr\u00e1nsito de productos perecederos.<\/p>\n<p>Ah\u00ed, acompa\u00f1ada de la alcaldesa Karina Garc\u00eda, la Gobernadora Claudia Pavlovich anunci\u00f3 que se invertir\u00e1n el pr\u00f3ximo a\u00f1o 120 millones de pesos en reconstruir la carretera Caborca-Y Griega, que est\u00e1 pr\u00e1cticamente intransitable y adem\u00e1s rehabilitar la carretera Y Griega-Desemboque, que son demandas sentidas de productores y habitantes de la regi\u00f3n.<\/p>\n<p>La Gobernadora Claudia Pavlovich Arellano fue acompa\u00f1ada por los titulares de Salud, Gilberto Ungson Beltr\u00e1n, de Educaci\u00f3n y Cultura, Ernesto de Lucas Hopkins y de Infraestructura y Desarrollo Urbano, Ricardo Mart\u00ednez Terrazas.<\/p>\n","protected":false},"excerpt":{"rendered":"<p>10122015. MAGDALENA DE KINO, SONORA.\u2014 En su primera gira de trabajo por su ciudad natal,&#8230;<\/p>\n","protected":false},"author":1,"featured_media":0,"comment_status":"open","ping_status":"open","sticky":false,"template":"","format":"standard","meta":{"_monsterinsights_skip_tracking":false,"_monsterinsights_sitenote_active":false,"_monsterinsights_sitenote_note":"","_monsterinsights_sitenote_category":0,"footnotes":""},"categories":[13,22],"tags":[116,1239,1238,74,15],"class_list":["post"],"yoast_head":" \n<title>Sonora en Equipo. Habr\u00e1 nuevo hospital en Magdalena de Kino<\/title>\n<meta name=\"description\" content=\"10122015. MAGDALENA DE KINO, SONORA.\u2014 En su primera gira de trabajo por su ciudad natal, Magdalena, la Gobernadora Claudia Pavlovich anunci\u00f3 la En Sonora en Equipo publicamos toda la informaci\u00f3n de Sonora, M\u00e9xico y el Mundo de manera oportuna y busca que la libertad de expresi\u00f3n sea real. Visita nuestro medio informativo publicado desde Hermosillo, Sonora. %\" \/>\n<meta name=\"robots\" content=\"index, follow, max-snippet:-1, max-image-preview:large, max-video-preview:-1\" \/>\n<link rel=\"canonical\" href=\"https:\/\/www.sonoraenequipo.com.mx\/habra-nuevo-hospital-en-magdalena-de-kino\/\" \/>\n<meta property=\"og:locale\" content=\"es_ES\" \/>\n<meta property=\"og:type\" content=\"article\" \/>\n<meta property=\"og:title\" content=\"Sonora en Equipo. Habr\u00e1 nuevo hospital en Magdalena de Kino\" \/>\n<meta property=\"og:description\" content=\"10122015. MAGDALENA DE KINO, SONORA.\u2014 En su primera gira de trabajo por su ciudad natal, Magdalena, la Gobernadora Claudia Pavlovich anunci\u00f3 la En Sonora en Equipo publicamos toda la informaci\u00f3n de Sonora, M\u00e9xico y el Mundo de manera oportuna y busca que la libertad de expresi\u00f3n sea real. Visita nuestro medio informativo publicado desde Hermosillo, Sonora. %\" \/>\n<meta property=\"og:url\" content=\"https:\/\/www.sonoraenequipo.com.mx\/habra-nuevo-hospital-en-magdalena-de-kino\/\" \/>\n<meta property=\"og:site_name\" content=\"Sonora en Equipo.\" \/>\n<meta property=\"article:publisher\" content=\"https:\/\/www.facebook.com\/SonoraEE\/\" \/>\n<meta property=\"article:author\" content=\"https:\/\/www.facebook.com\/SonoraEE\" \/>\n<meta property=\"article:published_time\" content=\"2015-12-10T14:28:09+00:00\" \/>\n<meta property=\"article:modified_time\" content=\"2015-12-13T14:34:29+00:00\" \/>\n<meta name=\"author\" content=\"enequipo\" \/>\n<meta name=\"twitter:card\" content=\"summary_large_image\" \/>\n<meta name=\"twitter:creator\" content=\"@sonoraenequipo\" \/>\n<meta name=\"twitter:site\" content=\"@sonoraenequipo\" \/>\n<meta name=\"twitter:label1\" content=\"Escrito por\" \/>\n\t<meta name=\"twitter:data1\" content=\"enequipo\" \/>\n\t<meta name=\"twitter:label2\" content=\"Tiempo de lectura\" \/>\n\t<meta name=\"twitter:data2\" content=\"2 minutos\" \/>\n<script type=\"application\/ld+json\" class=\"yoast-schema-graph\">{\"@context\":\"https:\/\/schema.org\",\"@graph\":[{\"@type\":\"Article\",\"@id\":\"https:\/\/www.sonoraenequipo.com.mx\/habra-nuevo-hospital-en-magdalena-de-kino\/#article\",\"isPartOf\":{\"@id\":\"https:\/\/www.sonoraenequipo.com.mx\/habra-nuevo-hospital-en-magdalena-de-kino\/\"},\"author\":{\"name\":\"enequipo\",\"@id\":\"https:\/\/www.sonoraenequipo.com.mx\/#\/schema\/person\/50102df0fb23a8fa9e8effad8fa81386\"},\"headline\":\"Habr\u00e1 nuevo hospital en Magdalena de Kino\",\"datePublished\":\"2015-12-10T14:28:09+00:00\",\"dateModified\":\"2015-12-13T14:34:29+00:00\",\"mainEntityOfPage\":{\"@id\":\"https:\/\/www.sonoraenequipo.com.mx\/habra-nuevo-hospital-en-magdalena-de-kino\/\"},\"wordCount\":495,\"commentCount\":0,\"publisher\":{\"@id\":\"https:\/\/www.sonoraenequipo.com.mx\/#organization\"},\"keywords\":[\"claudia pavlovich\",\"Do\u00f1a Alicia Arellano\",\"Magdalena\",\"salud\",\"Sonora\"],\"articleSection\":[\"Destacadas\",\"Sonora\"],\"inLanguage\":\"es\",\"potentialAction\":[{\"@type\":\"CommentAction\",\"name\":\"Comment\",\"target\":[\"https:\/\/www.sonoraenequipo.com.mx\/habra-nuevo-hospital-en-magdalena-de-kino\/#respond\"]}]},{\"@type\":\"WebPage\",\"@id\":\"https:\/\/www.sonoraenequipo.com.mx\/habra-nuevo-hospital-en-magdalena-de-kino\/\",\"url\":\"https:\/\/www.sonoraenequipo.com.mx\/habra-nuevo-hospital-en-magdalena-de-kino\/\",\"name\":\"Sonora en Equipo. Habr\u00e1 nuevo hospital en Magdalena de Kino\",\"isPartOf\":{\"@id\":\"https:\/\/www.sonoraenequipo.com.mx\/#website\"},\"datePublished\":\"2015-12-10T14:28:09+00:00\",\"dateModified\":\"2015-12-13T14:34:29+00:00\",\"description\":\"10122015. MAGDALENA DE KINO, SONORA.\u2014 En su primera gira de trabajo por su ciudad natal, Magdalena, la Gobernadora Claudia Pavlovich anunci\u00f3 la En Sonora en Equipo publicamos toda la informaci\u00f3n de Sonora, M\u00e9xico y el Mundo de manera oportuna y busca que la libertad de expresi\u00f3n sea real. Visita nuestro medio informativo publicado desde Hermosillo, Sonora. %\",\"breadcrumb\":{\"@id\":\"https:\/\/www.sonoraenequipo.com.mx\/habra-nuevo-hospital-en-magdalena-de-kino\/#breadcrumb\"},\"inLanguage\":\"es\",\"potentialAction\":[{\"@type\":\"ReadAction\",\"target\":[\"https:\/\/www.sonoraenequipo.com.mx\/habra-nuevo-hospital-en-magdalena-de-kino\/\"]}]},{\"@type\":\"BreadcrumbList\",\"@id\":\"https:\/\/www.sonoraenequipo.com.mx\/habra-nuevo-hospital-en-magdalena-de-kino\/#breadcrumb\",\"itemListElement\":[{\"@type\":\"ListItem\",\"position\":1,\"name\":\"Portada\",\"item\":\"https:\/\/www.sonoraenequipo.com.mx\/\"},{\"@type\":\"ListItem\",\"position\":2,\"name\":\"Habr\u00e1 nuevo hospital en Magdalena de Kino\"}]},{\"@type\":\"WebSite\",\"@id\":\"https:\/\/www.sonoraenequipo.com.mx\/#website\",\"url\":\"https:\/\/www.sonoraenequipo.com.mx\/\",\"name\":\"Sonora en Equipo.\",\"description\":\"Diario en l\u00ednea con Noticias desde Hermosillo, Sonora\",\"publisher\":{\"@id\":\"https:\/\/www.sonoraenequipo.com.mx\/#organization\"},\"potentialAction\":[{\"@type\":\"SearchAction\",\"target\":{\"@type\":\"EntryPoint\",\"urlTemplate\":\"https:\/\/www.sonoraenequipo.com.mx\/?s={search_term_string}\"},\"query-input\":{\"@type\":\"PropertyValueSpecification\",\"valueRequired\":true,\"valueName\":\"search_term_string\"}}],\"inLanguage\":\"es\"},{\"@type\":\"Organization\",\"@id\":\"https:\/\/www.sonoraenequipo.com.mx\/#organization\",\"name\":\"Sonoraenequipo.com.mx\",\"url\":\"https:\/\/www.sonoraenequipo.com.mx\/\",\"logo\":{\"@type\":\"ImageObject\",\"inLanguage\":\"es\",\"@id\":\"https:\/\/www.sonoraenequipo.com.mx\/#\/schema\/logo\/image\/\",\"url\":\"https:\/\/www.sonoraenequipo.com.mx\/storage\/2019\/01\/sonoraenequipo_opt.png\",\"contentUrl\":\"https:\/\/www.sonoraenequipo.com.mx\/storage\/2019\/01\/sonoraenequipo_opt.png\",\"width\":375,\"height\":125,\"caption\":\"Sonoraenequipo.com.mx\"},\"image\":{\"@id\":\"https:\/\/www.sonoraenequipo.com.mx\/#\/schema\/logo\/image\/\"},\"sameAs\":[\"https:\/\/www.facebook.com\/SonoraEE\/\",\"https:\/\/x.com\/sonoraenequipo\",\"https:\/\/www.youtube.com\/channel\/UC338nW-lPEYmJQs4ZABQ1SQ\"]},{\"@type\":\"Person\",\"@id\":\"https:\/\/www.sonoraenequipo.com.mx\/#\/schema\/person\/50102df0fb23a8fa9e8effad8fa81386\",\"name\":\"enequipo\",\"image\":{\"@type\":\"ImageObject\",\"inLanguage\":\"es\",\"@id\":\"https:\/\/www.sonoraenequipo.com.mx\/#\/schema\/person\/image\/\",\"url\":\"https:\/\/secure.gravatar.com\/avatar\/049821681b589dabc0bc20695993ccebb09f5b5d4d790cd9251b97faac7c652b?s=96&d=blank&r=g\",\"contentUrl\":\"https:\/\/secure.gravatar.com\/avatar\/049821681b589dabc0bc20695993ccebb09f5b5d4d790cd9251b97faac7c652b?s=96&d=blank&r=g\",\"caption\":\"enequipo\"},\"sameAs\":[\"https:\/\/www.facebook.com\/SonoraEE\"]}]}<\/script>\n ","yoast_head_json":{"title":"Sonora en Equipo. Habr\u00e1 nuevo hospital en Magdalena de Kino","description":"10122015. MAGDALENA DE KINO, SONORA.\u2014 En su primera gira de trabajo por su ciudad natal, Magdalena, la Gobernadora Claudia Pavlovich anunci\u00f3 la En Sonora en Equipo publicamos toda la informaci\u00f3n de Sonora, M\u00e9xico y el Mundo de manera oportuna y busca que la libertad de expresi\u00f3n sea real. Visita nuestro medio informativo publicado desde Hermosillo, Sonora. %","robots":{"index":"index","follow":"follow","max-snippet":"max-snippet:-1","max-image-preview":"max-image-preview:large","max-video-preview":"max-video-preview:-1"},"canonical":"https:\/\/www.sonoraenequipo.com.mx\/habra-nuevo-hospital-en-magdalena-de-kino\/","og_locale":"es_ES","og_type":"article","og_title":"Sonora en Equipo. Habr\u00e1 nuevo hospital en Magdalena de Kino","og_description":"10122015. MAGDALENA DE KINO, SONORA.\u2014 En su primera gira de trabajo por su ciudad natal, Magdalena, la Gobernadora Claudia Pavlovich anunci\u00f3 la En Sonora en Equipo publicamos toda la informaci\u00f3n de Sonora, M\u00e9xico y el Mundo de manera oportuna y busca que la libertad de expresi\u00f3n sea real. Visita nuestro medio informativo publicado desde Hermosillo, Sonora. %","og_url":"https:\/\/www.sonoraenequipo.com.mx\/habra-nuevo-hospital-en-magdalena-de-kino\/","og_site_name":"Sonora en Equipo.","article_publisher":"https:\/\/www.facebook.com\/SonoraEE\/","article_author":"https:\/\/www.facebook.com\/SonoraEE","article_published_time":"2015-12-10T14:28:09+00:00","article_modified_time":"2015-12-13T14:34:29+00:00","author":"enequipo","twitter_card":"summary_large_image","twitter_creator":"@sonoraenequipo","twitter_site":"@sonoraenequipo","twitter_misc":{"Escrito por":"enequipo","Tiempo de lectura":"2 minutos"},"schema":{"@context":"https:\/\/schema.org","@graph":[{"@type":"Article","@id":"https:\/\/www.sonoraenequipo.com.mx\/habra-nuevo-hospital-en-magdalena-de-kino\/#article","isPartOf":{"@id":"https:\/\/www.sonoraenequipo.com.mx\/habra-nuevo-hospital-en-magdalena-de-kino\/"},"author":{"name":"enequipo","@id":"https:\/\/www.sonoraenequipo.com.mx\/#\/schema\/person\/50102df0fb23a8fa9e8effad8fa81386"},"headline":"Habr\u00e1 nuevo hospital en Magdalena de Kino","datePublished":"2015-12-10T14:28:09+00:00","dateModified":"2015-12-13T14:34:29+00:00","mainEntityOfPage":{"@id":"https:\/\/www.sonoraenequipo.com.mx\/habra-nuevo-hospital-en-magdalena-de-kino\/"},"wordCount":495,"commentCount":0,"publisher":{"@id":"https:\/\/www.sonoraenequipo.com.mx\/#organization"},"keywords":["claudia pavlovich","Do\u00f1a Alicia Arellano","Magdalena","salud","Sonora"],"articleSection":["Destacadas","Sonora"],"inLanguage":"es","potentialAction":[{"@type":"CommentAction","name":"Comment","target":["https:\/\/www.sonoraenequipo.com.mx\/habra-nuevo-hospital-en-magdalena-de-kino\/#respond"]}]},{"@type":"WebPage","@id":"https:\/\/www.sonoraenequipo.com.mx\/habra-nuevo-hospital-en-magdalena-de-kino\/","url":"https:\/\/www.sonoraenequipo.com.mx\/habra-nuevo-hospital-en-magdalena-de-kino\/","name":"Sonora en Equipo. Habr\u00e1 nuevo hospital en Magdalena de Kino","isPartOf":{"@id":"https:\/\/www.sonoraenequipo.com.mx\/#website"},"datePublished":"2015-12-10T14:28:09+00:00","dateModified":"2015-12-13T14:34:29+00:00","description":"10122015. MAGDALENA DE KINO, SONORA.\u2014 En su primera gira de trabajo por su ciudad natal, Magdalena, la Gobernadora Claudia Pavlovich anunci\u00f3 la En Sonora en Equipo publicamos toda la informaci\u00f3n de Sonora, M\u00e9xico y el Mundo de manera oportuna y busca que la libertad de expresi\u00f3n sea real. Visita nuestro medio informativo publicado desde Hermosillo, Sonora. %","breadcrumb":{"@id":"https:\/\/www.sonoraenequipo.com.mx\/habra-nuevo-hospital-en-magdalena-de-kino\/#breadcrumb"},"inLanguage":"es","potentialAction":[{"@type":"ReadAction","target":["https:\/\/www.sonoraenequipo.com.mx\/habra-nuevo-hospital-en-magdalena-de-kino\/"]}]},{"@type":"BreadcrumbList","@id":"https:\/\/www.sonoraenequipo.com.mx\/habra-nuevo-hospital-en-magdalena-de-kino\/#breadcrumb","itemListElement":[{"@type":"ListItem","position":1,"name":"Portada","item":"https:\/\/www.sonoraenequipo.com.mx\/"},{"@type":"ListItem","position":2,"name":"Habr\u00e1 nuevo hospital en Magdalena de Kino"}]},{"@type":"WebSite","@id":"https:\/\/www.sonoraenequipo.com.mx\/#website","url":"https:\/\/www.sonoraenequipo.com.mx\/","name":"Sonora en Equipo.","description":"Diario en l\u00ednea con Noticias desde Hermosillo, Sonora","publisher":{"@id":"https:\/\/www.sonoraenequipo.com.mx\/#organization"},"potentialAction":[{"@type":"SearchAction","target":{"@type":"EntryPoint","urlTemplate":"https:\/\/www.sonoraenequipo.com.mx\/?s={search_term_string}"},"query-input":{"@type":"PropertyValueSpecification","valueRequired":true,"valueName":"search_term_string"}}],"inLanguage":"es"},{"@type":"Organization","@id":"https:\/\/www.sonoraenequipo.com.mx\/#organization","name":"Sonoraenequipo.com.mx","url":"https:\/\/www.sonoraenequipo.com.mx\/","logo":{"@type":"ImageObject","inLanguage":"es","@id":"https:\/\/www.sonoraenequipo.com.mx\/#\/schema\/logo\/image\/","url":"https:\/\/www.sonoraenequipo.com.mx\/storage\/2019\/01\/sonoraenequipo_opt.png","contentUrl":"https:\/\/www.sonoraenequipo.com.mx\/storage\/2019\/01\/sonoraenequipo_opt.png","width":375,"height":125,"caption":"Sonoraenequipo.com.mx"},"image":{"@id":"https:\/\/www.sonoraenequipo.com.mx\/#\/schema\/logo\/image\/"},"sameAs":["https:\/\/www.facebook.com\/SonoraEE\/","https:\/\/x.com\/sonoraenequipo","https:\/\/www.youtube.com\/channel\/UC338nW-lPEYmJQs4ZABQ1SQ"]},{"@type":"Person","@id":"https:\/\/www.sonoraenequipo.com.mx\/#\/schema\/person\/50102df0fb23a8fa9e8effad8fa81386","name":"enequipo","image":{"@type":"ImageObject","inLanguage":"es","@id":"https:\/\/www.sonoraenequipo.com.mx\/#\/schema\/person\/image\/","url":"https:\/\/secure.gravatar.com\/avatar\/049821681b589dabc0bc20695993ccebb09f5b5d4d790cd9251b97faac7c652b?s=96&d=blank&r=g","contentUrl":"https:\/\/secure.gravatar.com\/avatar\/049821681b589dabc0bc20695993ccebb09f5b5d4d790cd9251b97faac7c652b?s=96&d=blank&r=g","caption":"enequipo"},"sameAs":["https:\/\/www.facebook.com\/SonoraEE"]}]}},"jetpack_featured_media_url":"","_links":{"self":[{"href":"https:\/\/www.sonoraenequipo.com.mx\/api\/wp\/v2\/posts\/1413","targetHints":{"allow":["GET"]}}],"collection":[{"href":"https:\/\/www.sonoraenequipo.com.mx\/api\/wp\/v2\/posts"}],"about":[{"href":"https:\/\/www.sonoraenequipo.com.mx\/api\/wp\/v2\/types\/post"}],"author":[{"embeddable":true,"href":"https:\/\/www.sonoraenequipo.com.mx\/api\/wp\/v2\/users\/1"}],"replies":[{"embeddable":true,"href":"https:\/\/www.sonoraenequipo.com.mx\/api\/wp\/v2\/comments?post=1413"}],"version-history":[{"count":0,"href":"https:\/\/www.sonoraenequipo.com.mx\/api\/wp\/v2\/posts\/1413\/revisions"}],"wp:attachment":[{"href":"https:\/\/www.sonoraenequipo.com.mx\/api\/wp\/v2\/media?parent=1413"}],"wp:term":[{"taxonomy":"category","embeddable":true,"href":"https:\/\/www.sonoraenequipo.com.mx\/api\/wp\/v2\/categories?post=1413"},{"taxonomy":"post_tag","embeddable":true,"href":"https:\/\/www.sonoraenequipo.com.mx\/api\/wp\/v2\/tags?post=1413"}],"curies":[{"name":"wp","href":"https:\/\/api.w.org\/{rel}","templated":true}]}}