{"id":141471,"date":"2022-06-28T07:00:46","date_gmt":"2022-06-28T14:00:46","guid":{"rendered":"https:\/\/www.sonoraenequipo.com.mx\/?p=141471"},"modified":"2022-06-28T09:12:59","modified_gmt":"2022-06-28T16:12:59","slug":"agencia-fiscal-del-centro-de-gobierno-reanuda-actividades","status":"publish","type":"post","link":"https:\/\/www.sonoraenequipo.com.mx\/agencia-fiscal-del-centro-de-gobierno-reanuda-actividades\/","title":{"rendered":"Agencia Fiscal del Centro de Gobierno reanuda actividades."},"content":{"rendered":"<p><strong>HERMOSILLO, SONORA.<\/strong> <strong>MX<\/strong>. \u2014 Concluyeron este lunes (27.06.2022),\u00a0 las labores de mantenimiento a los sistemas de aire acondicionado, iniciadas el pasado mi\u00e9rcoles 22 de junio, por lo que la Agencia Fiscal ubicada en el Centro de Gobierno reanud\u00f3 sus servicios, inform\u00f3 la Secretar\u00eda de Hacienda.<\/p>\n<p>&nbsp;<\/p>\n<p> <\/p>\n<p>&nbsp;<\/p>\n<p>Dichos trabajos de mantenimiento se llevaron a cabo con la finalidad de mejorar la experiencia de estancia y atenci\u00f3n para las y los hermosillenses, ante las altas temperaturas de la temporada de verano.<\/p>\n<p>&nbsp;<\/p>\n<p>Los contribuyentes podr\u00e1n acudir a realizar sus tr\u00e1mites fiscales en las Agencias Fiscales del Centro de Gobierno, Parque Industrial y Centro de Usos M\u00faltiples (CUM), las cuales laboran de lunes a viernes en un horario de 8:00 de la ma\u00f1ana a 3:00 de la tarde, mientras que las oficinas fiscales del CUM tambi\u00e9n ofrecen sus servicios los s\u00e1bados de 9:00 de la ma\u00f1ana a 1:00 de la tarde.<\/p>\n<p>&nbsp;<\/p>\n<p>De igual forma, se encuentra disponible el portal www.haciendasonora.gob.mx para realizar tr\u00e1mites en l\u00ednea, as\u00ed como las l\u00edneas de orientaci\u00f3n y atenci\u00f3n al contribuyente, marcando al 800 312 70 11, o bien, al WhatsApp (662) 316 97 34, para informaci\u00f3n de horarios, requisitos o cualquier otra duda relacionada con los servicios de la dependencia.<\/p>\n<p>&nbsp;<\/p>\n<p>(Publicada el 28\/06\/2022 \/Con informaci\u00f3n de GOBSON 0622-278)<\/p>\n","protected":false},"excerpt":{"rendered":"<p>HERMOSILLO, SONORA. MX. \u2014 Concluyeron este lunes (27.06.2022),\u00a0 las labores de mantenimiento a los sistemas&#8230;<\/p>\n","protected":false},"author":1,"featured_media":141472,"comment_status":"open","ping_status":"open","sticky":false,"template":"","format":"standard","meta":{"_monsterinsights_skip_tracking":false,"_monsterinsights_sitenote_active":false,"_monsterinsights_sitenote_note":"","_monsterinsights_sitenote_category":0,"footnotes":""},"categories":[22],"tags":[],"class_list":["post"],"yoast_head":" \n<title>Sonora en Equipo. Agencia Fiscal del Centro de Gobierno reanuda actividades. Sonora<\/title>\n<meta name=\"description\" content=\"HERMOSILLO, SONORA. MX. \u2014 Concluyeron este lunes (27.06.2022),\u00a0 las labores de mantenimiento a los sistemas de aire acondicionado, iniciadas el pasado En Sonora en Equipo publicamos toda la informaci\u00f3n de Sonora, M\u00e9xico y el Mundo de manera oportuna y busca que la libertad de expresi\u00f3n sea real. Visita nuestro medio informativo publicado desde Hermosillo, Sonora. %\" \/>\n<meta name=\"robots\" content=\"index, follow, max-snippet:-1, max-image-preview:large, max-video-preview:-1\" \/>\n<link rel=\"canonical\" href=\"https:\/\/www.sonoraenequipo.com.mx\/agencia-fiscal-del-centro-de-gobierno-reanuda-actividades\/\" \/>\n<meta property=\"og:locale\" content=\"es_ES\" \/>\n<meta property=\"og:type\" content=\"article\" \/>\n<meta property=\"og:title\" content=\"Sonora en Equipo. Agencia Fiscal del Centro de Gobierno reanuda actividades. Sonora\" \/>\n<meta property=\"og:description\" content=\"HERMOSILLO, SONORA. MX. \u2014 Concluyeron este lunes (27.06.2022),\u00a0 las labores de mantenimiento a los sistemas de aire acondicionado, iniciadas el pasado En Sonora en Equipo publicamos toda la informaci\u00f3n de Sonora, M\u00e9xico y el Mundo de manera oportuna y busca que la libertad de expresi\u00f3n sea real. Visita nuestro medio informativo publicado desde Hermosillo, Sonora. %\" \/>\n<meta property=\"og:url\" content=\"https:\/\/www.sonoraenequipo.com.mx\/agencia-fiscal-del-centro-de-gobierno-reanuda-actividades\/\" \/>\n<meta property=\"og:site_name\" content=\"Sonora en Equipo.\" \/>\n<meta property=\"article:publisher\" content=\"https:\/\/www.facebook.com\/SonoraEE\/\" \/>\n<meta property=\"article:author\" content=\"https:\/\/www.facebook.com\/SonoraEE\" \/>\n<meta property=\"article:published_time\" content=\"2022-06-28T14:00:46+00:00\" \/>\n<meta property=\"article:modified_time\" content=\"2022-06-28T16:12:59+00:00\" \/>\n<meta property=\"og:image\" content=\"https:\/\/www.sonoraenequipo.com.mx\/storage\/2022\/06\/shacienda-centro-de-gobierno.jpg\" \/>\n\t<meta property=\"og:image:width\" content=\"700\" \/>\n\t<meta property=\"og:image:height\" content=\"400\" \/>\n\t<meta property=\"og:image:type\" content=\"image\/jpeg\" \/>\n<meta name=\"author\" content=\"enequipo\" \/>\n<meta name=\"twitter:card\" content=\"summary_large_image\" \/>\n<meta name=\"twitter:creator\" content=\"@sonoraenequipo\" \/>\n<meta name=\"twitter:site\" content=\"@sonoraenequipo\" \/>\n<meta name=\"twitter:label1\" content=\"Escrito por\" \/>\n\t<meta name=\"twitter:data1\" content=\"enequipo\" \/>\n\t<meta name=\"twitter:label2\" content=\"Tiempo de lectura\" \/>\n\t<meta name=\"twitter:data2\" content=\"1 minuto\" \/>\n<script type=\"application\/ld+json\" class=\"yoast-schema-graph\">{\"@context\":\"https:\/\/schema.org\",\"@graph\":[{\"@type\":\"Article\",\"@id\":\"https:\/\/www.sonoraenequipo.com.mx\/agencia-fiscal-del-centro-de-gobierno-reanuda-actividades\/#article\",\"isPartOf\":{\"@id\":\"https:\/\/www.sonoraenequipo.com.mx\/agencia-fiscal-del-centro-de-gobierno-reanuda-actividades\/\"},\"author\":{\"name\":\"enequipo\",\"@id\":\"https:\/\/www.sonoraenequipo.com.mx\/#\/schema\/person\/50102df0fb23a8fa9e8effad8fa81386\"},\"headline\":\"Agencia Fiscal del Centro de Gobierno reanuda actividades.\",\"datePublished\":\"2022-06-28T14:00:46+00:00\",\"dateModified\":\"2022-06-28T16:12:59+00:00\",\"mainEntityOfPage\":{\"@id\":\"https:\/\/www.sonoraenequipo.com.mx\/agencia-fiscal-del-centro-de-gobierno-reanuda-actividades\/\"},\"wordCount\":225,\"commentCount\":0,\"publisher\":{\"@id\":\"https:\/\/www.sonoraenequipo.com.mx\/#organization\"},\"image\":{\"@id\":\"https:\/\/www.sonoraenequipo.com.mx\/agencia-fiscal-del-centro-de-gobierno-reanuda-actividades\/#primaryimage\"},\"thumbnailUrl\":\"https:\/\/www.sonoraenequipo.com.mx\/storage\/2022\/06\/shacienda-centro-de-gobierno.jpg\",\"articleSection\":[\"Sonora\"],\"inLanguage\":\"es\",\"potentialAction\":[{\"@type\":\"CommentAction\",\"name\":\"Comment\",\"target\":[\"https:\/\/www.sonoraenequipo.com.mx\/agencia-fiscal-del-centro-de-gobierno-reanuda-actividades\/#respond\"]}]},{\"@type\":\"WebPage\",\"@id\":\"https:\/\/www.sonoraenequipo.com.mx\/agencia-fiscal-del-centro-de-gobierno-reanuda-actividades\/\",\"url\":\"https:\/\/www.sonoraenequipo.com.mx\/agencia-fiscal-del-centro-de-gobierno-reanuda-actividades\/\",\"name\":\"Sonora en Equipo. Agencia Fiscal del Centro de Gobierno reanuda actividades. Sonora\",\"isPartOf\":{\"@id\":\"https:\/\/www.sonoraenequipo.com.mx\/#website\"},\"primaryImageOfPage\":{\"@id\":\"https:\/\/www.sonoraenequipo.com.mx\/agencia-fiscal-del-centro-de-gobierno-reanuda-actividades\/#primaryimage\"},\"image\":{\"@id\":\"https:\/\/www.sonoraenequipo.com.mx\/agencia-fiscal-del-centro-de-gobierno-reanuda-actividades\/#primaryimage\"},\"thumbnailUrl\":\"https:\/\/www.sonoraenequipo.com.mx\/storage\/2022\/06\/shacienda-centro-de-gobierno.jpg\",\"datePublished\":\"2022-06-28T14:00:46+00:00\",\"dateModified\":\"2022-06-28T16:12:59+00:00\",\"description\":\"HERMOSILLO, SONORA. MX. \u2014 Concluyeron este lunes (27.06.2022),\u00a0 las labores de mantenimiento a los sistemas de aire acondicionado, iniciadas el pasado En Sonora en Equipo publicamos toda la informaci\u00f3n de Sonora, M\u00e9xico y el Mundo de manera oportuna y busca que la libertad de expresi\u00f3n sea real. Visita nuestro medio informativo publicado desde Hermosillo, Sonora. %\",\"breadcrumb\":{\"@id\":\"https:\/\/www.sonoraenequipo.com.mx\/agencia-fiscal-del-centro-de-gobierno-reanuda-actividades\/#breadcrumb\"},\"inLanguage\":\"es\",\"potentialAction\":[{\"@type\":\"ReadAction\",\"target\":[\"https:\/\/www.sonoraenequipo.com.mx\/agencia-fiscal-del-centro-de-gobierno-reanuda-actividades\/\"]}]},{\"@type\":\"ImageObject\",\"inLanguage\":\"es\",\"@id\":\"https:\/\/www.sonoraenequipo.com.mx\/agencia-fiscal-del-centro-de-gobierno-reanuda-actividades\/#primaryimage\",\"url\":\"https:\/\/www.sonoraenequipo.com.mx\/storage\/2022\/06\/shacienda-centro-de-gobierno.jpg\",\"contentUrl\":\"https:\/\/www.sonoraenequipo.com.mx\/storage\/2022\/06\/shacienda-centro-de-gobierno.jpg\",\"width\":700,\"height\":400},{\"@type\":\"BreadcrumbList\",\"@id\":\"https:\/\/www.sonoraenequipo.com.mx\/agencia-fiscal-del-centro-de-gobierno-reanuda-actividades\/#breadcrumb\",\"itemListElement\":[{\"@type\":\"ListItem\",\"position\":1,\"name\":\"Portada\",\"item\":\"https:\/\/www.sonoraenequipo.com.mx\/\"},{\"@type\":\"ListItem\",\"position\":2,\"name\":\"Agencia Fiscal del Centro de Gobierno reanuda actividades.\"}]},{\"@type\":\"WebSite\",\"@id\":\"https:\/\/www.sonoraenequipo.com.mx\/#website\",\"url\":\"https:\/\/www.sonoraenequipo.com.mx\/\",\"name\":\"Sonora en Equipo.\",\"description\":\"Diario en l\u00ednea con Noticias desde Hermosillo, Sonora\",\"publisher\":{\"@id\":\"https:\/\/www.sonoraenequipo.com.mx\/#organization\"},\"potentialAction\":[{\"@type\":\"SearchAction\",\"target\":{\"@type\":\"EntryPoint\",\"urlTemplate\":\"https:\/\/www.sonoraenequipo.com.mx\/?s={search_term_string}\"},\"query-input\":{\"@type\":\"PropertyValueSpecification\",\"valueRequired\":true,\"valueName\":\"search_term_string\"}}],\"inLanguage\":\"es\"},{\"@type\":\"Organization\",\"@id\":\"https:\/\/www.sonoraenequipo.com.mx\/#organization\",\"name\":\"Sonoraenequipo.com.mx\",\"url\":\"https:\/\/www.sonoraenequipo.com.mx\/\",\"logo\":{\"@type\":\"ImageObject\",\"inLanguage\":\"es\",\"@id\":\"https:\/\/www.sonoraenequipo.com.mx\/#\/schema\/logo\/image\/\",\"url\":\"https:\/\/www.sonoraenequipo.com.mx\/storage\/2019\/01\/sonoraenequipo_opt.png\",\"contentUrl\":\"https:\/\/www.sonoraenequipo.com.mx\/storage\/2019\/01\/sonoraenequipo_opt.png\",\"width\":375,\"height\":125,\"caption\":\"Sonoraenequipo.com.mx\"},\"image\":{\"@id\":\"https:\/\/www.sonoraenequipo.com.mx\/#\/schema\/logo\/image\/\"},\"sameAs\":[\"https:\/\/www.facebook.com\/SonoraEE\/\",\"https:\/\/x.com\/sonoraenequipo\",\"https:\/\/www.youtube.com\/channel\/UC338nW-lPEYmJQs4ZABQ1SQ\"]},{\"@type\":\"Person\",\"@id\":\"https:\/\/www.sonoraenequipo.com.mx\/#\/schema\/person\/50102df0fb23a8fa9e8effad8fa81386\",\"name\":\"enequipo\",\"image\":{\"@type\":\"ImageObject\",\"inLanguage\":\"es\",\"@id\":\"https:\/\/www.sonoraenequipo.com.mx\/#\/schema\/person\/image\/\",\"url\":\"https:\/\/secure.gravatar.com\/avatar\/049821681b589dabc0bc20695993ccebb09f5b5d4d790cd9251b97faac7c652b?s=96&d=blank&r=g\",\"contentUrl\":\"https:\/\/secure.gravatar.com\/avatar\/049821681b589dabc0bc20695993ccebb09f5b5d4d790cd9251b97faac7c652b?s=96&d=blank&r=g\",\"caption\":\"enequipo\"},\"sameAs\":[\"https:\/\/www.facebook.com\/SonoraEE\"]}]}<\/script>\n ","yoast_head_json":{"title":"Sonora en Equipo. Agencia Fiscal del Centro de Gobierno reanuda actividades. Sonora","description":"HERMOSILLO, SONORA. MX. \u2014 Concluyeron este lunes (27.06.2022),\u00a0 las labores de mantenimiento a los sistemas de aire acondicionado, iniciadas el pasado En Sonora en Equipo publicamos toda la informaci\u00f3n de Sonora, M\u00e9xico y el Mundo de manera oportuna y busca que la libertad de expresi\u00f3n sea real. Visita nuestro medio informativo publicado desde Hermosillo, Sonora. %","robots":{"index":"index","follow":"follow","max-snippet":"max-snippet:-1","max-image-preview":"max-image-preview:large","max-video-preview":"max-video-preview:-1"},"canonical":"https:\/\/www.sonoraenequipo.com.mx\/agencia-fiscal-del-centro-de-gobierno-reanuda-actividades\/","og_locale":"es_ES","og_type":"article","og_title":"Sonora en Equipo. Agencia Fiscal del Centro de Gobierno reanuda actividades. Sonora","og_description":"HERMOSILLO, SONORA. MX. \u2014 Concluyeron este lunes (27.06.2022),\u00a0 las labores de mantenimiento a los sistemas de aire acondicionado, iniciadas el pasado En Sonora en Equipo publicamos toda la informaci\u00f3n de Sonora, M\u00e9xico y el Mundo de manera oportuna y busca que la libertad de expresi\u00f3n sea real. Visita nuestro medio informativo publicado desde Hermosillo, Sonora. %","og_url":"https:\/\/www.sonoraenequipo.com.mx\/agencia-fiscal-del-centro-de-gobierno-reanuda-actividades\/","og_site_name":"Sonora en Equipo.","article_publisher":"https:\/\/www.facebook.com\/SonoraEE\/","article_author":"https:\/\/www.facebook.com\/SonoraEE","article_published_time":"2022-06-28T14:00:46+00:00","article_modified_time":"2022-06-28T16:12:59+00:00","og_image":[{"width":700,"height":400,"url":"https:\/\/www.sonoraenequipo.com.mx\/storage\/2022\/06\/shacienda-centro-de-gobierno.jpg","type":"image\/jpeg"}],"author":"enequipo","twitter_card":"summary_large_image","twitter_creator":"@sonoraenequipo","twitter_site":"@sonoraenequipo","twitter_misc":{"Escrito por":"enequipo","Tiempo de lectura":"1 minuto"},"schema":{"@context":"https:\/\/schema.org","@graph":[{"@type":"Article","@id":"https:\/\/www.sonoraenequipo.com.mx\/agencia-fiscal-del-centro-de-gobierno-reanuda-actividades\/#article","isPartOf":{"@id":"https:\/\/www.sonoraenequipo.com.mx\/agencia-fiscal-del-centro-de-gobierno-reanuda-actividades\/"},"author":{"name":"enequipo","@id":"https:\/\/www.sonoraenequipo.com.mx\/#\/schema\/person\/50102df0fb23a8fa9e8effad8fa81386"},"headline":"Agencia Fiscal del Centro de Gobierno reanuda actividades.","datePublished":"2022-06-28T14:00:46+00:00","dateModified":"2022-06-28T16:12:59+00:00","mainEntityOfPage":{"@id":"https:\/\/www.sonoraenequipo.com.mx\/agencia-fiscal-del-centro-de-gobierno-reanuda-actividades\/"},"wordCount":225,"commentCount":0,"publisher":{"@id":"https:\/\/www.sonoraenequipo.com.mx\/#organization"},"image":{"@id":"https:\/\/www.sonoraenequipo.com.mx\/agencia-fiscal-del-centro-de-gobierno-reanuda-actividades\/#primaryimage"},"thumbnailUrl":"https:\/\/www.sonoraenequipo.com.mx\/storage\/2022\/06\/shacienda-centro-de-gobierno.jpg","articleSection":["Sonora"],"inLanguage":"es","potentialAction":[{"@type":"CommentAction","name":"Comment","target":["https:\/\/www.sonoraenequipo.com.mx\/agencia-fiscal-del-centro-de-gobierno-reanuda-actividades\/#respond"]}]},{"@type":"WebPage","@id":"https:\/\/www.sonoraenequipo.com.mx\/agencia-fiscal-del-centro-de-gobierno-reanuda-actividades\/","url":"https:\/\/www.sonoraenequipo.com.mx\/agencia-fiscal-del-centro-de-gobierno-reanuda-actividades\/","name":"Sonora en Equipo. Agencia Fiscal del Centro de Gobierno reanuda actividades. Sonora","isPartOf":{"@id":"https:\/\/www.sonoraenequipo.com.mx\/#website"},"primaryImageOfPage":{"@id":"https:\/\/www.sonoraenequipo.com.mx\/agencia-fiscal-del-centro-de-gobierno-reanuda-actividades\/#primaryimage"},"image":{"@id":"https:\/\/www.sonoraenequipo.com.mx\/agencia-fiscal-del-centro-de-gobierno-reanuda-actividades\/#primaryimage"},"thumbnailUrl":"https:\/\/www.sonoraenequipo.com.mx\/storage\/2022\/06\/shacienda-centro-de-gobierno.jpg","datePublished":"2022-06-28T14:00:46+00:00","dateModified":"2022-06-28T16:12:59+00:00","description":"HERMOSILLO, SONORA. MX. \u2014 Concluyeron este lunes (27.06.2022),\u00a0 las labores de mantenimiento a los sistemas de aire acondicionado, iniciadas el pasado En Sonora en Equipo publicamos toda la informaci\u00f3n de Sonora, M\u00e9xico y el Mundo de manera oportuna y busca que la libertad de expresi\u00f3n sea real. Visita nuestro medio informativo publicado desde Hermosillo, Sonora. %","breadcrumb":{"@id":"https:\/\/www.sonoraenequipo.com.mx\/agencia-fiscal-del-centro-de-gobierno-reanuda-actividades\/#breadcrumb"},"inLanguage":"es","potentialAction":[{"@type":"ReadAction","target":["https:\/\/www.sonoraenequipo.com.mx\/agencia-fiscal-del-centro-de-gobierno-reanuda-actividades\/"]}]},{"@type":"ImageObject","inLanguage":"es","@id":"https:\/\/www.sonoraenequipo.com.mx\/agencia-fiscal-del-centro-de-gobierno-reanuda-actividades\/#primaryimage","url":"https:\/\/www.sonoraenequipo.com.mx\/storage\/2022\/06\/shacienda-centro-de-gobierno.jpg","contentUrl":"https:\/\/www.sonoraenequipo.com.mx\/storage\/2022\/06\/shacienda-centro-de-gobierno.jpg","width":700,"height":400},{"@type":"BreadcrumbList","@id":"https:\/\/www.sonoraenequipo.com.mx\/agencia-fiscal-del-centro-de-gobierno-reanuda-actividades\/#breadcrumb","itemListElement":[{"@type":"ListItem","position":1,"name":"Portada","item":"https:\/\/www.sonoraenequipo.com.mx\/"},{"@type":"ListItem","position":2,"name":"Agencia Fiscal del Centro de Gobierno reanuda actividades."}]},{"@type":"WebSite","@id":"https:\/\/www.sonoraenequipo.com.mx\/#website","url":"https:\/\/www.sonoraenequipo.com.mx\/","name":"Sonora en Equipo.","description":"Diario en l\u00ednea con Noticias desde Hermosillo, Sonora","publisher":{"@id":"https:\/\/www.sonoraenequipo.com.mx\/#organization"},"potentialAction":[{"@type":"SearchAction","target":{"@type":"EntryPoint","urlTemplate":"https:\/\/www.sonoraenequipo.com.mx\/?s={search_term_string}"},"query-input":{"@type":"PropertyValueSpecification","valueRequired":true,"valueName":"search_term_string"}}],"inLanguage":"es"},{"@type":"Organization","@id":"https:\/\/www.sonoraenequipo.com.mx\/#organization","name":"Sonoraenequipo.com.mx","url":"https:\/\/www.sonoraenequipo.com.mx\/","logo":{"@type":"ImageObject","inLanguage":"es","@id":"https:\/\/www.sonoraenequipo.com.mx\/#\/schema\/logo\/image\/","url":"https:\/\/www.sonoraenequipo.com.mx\/storage\/2019\/01\/sonoraenequipo_opt.png","contentUrl":"https:\/\/www.sonoraenequipo.com.mx\/storage\/2019\/01\/sonoraenequipo_opt.png","width":375,"height":125,"caption":"Sonoraenequipo.com.mx"},"image":{"@id":"https:\/\/www.sonoraenequipo.com.mx\/#\/schema\/logo\/image\/"},"sameAs":["https:\/\/www.facebook.com\/SonoraEE\/","https:\/\/x.com\/sonoraenequipo","https:\/\/www.youtube.com\/channel\/UC338nW-lPEYmJQs4ZABQ1SQ"]},{"@type":"Person","@id":"https:\/\/www.sonoraenequipo.com.mx\/#\/schema\/person\/50102df0fb23a8fa9e8effad8fa81386","name":"enequipo","image":{"@type":"ImageObject","inLanguage":"es","@id":"https:\/\/www.sonoraenequipo.com.mx\/#\/schema\/person\/image\/","url":"https:\/\/secure.gravatar.com\/avatar\/049821681b589dabc0bc20695993ccebb09f5b5d4d790cd9251b97faac7c652b?s=96&d=blank&r=g","contentUrl":"https:\/\/secure.gravatar.com\/avatar\/049821681b589dabc0bc20695993ccebb09f5b5d4d790cd9251b97faac7c652b?s=96&d=blank&r=g","caption":"enequipo"},"sameAs":["https:\/\/www.facebook.com\/SonoraEE"]}]}},"jetpack_featured_media_url":"https:\/\/www.sonoraenequipo.com.mx\/storage\/2022\/06\/shacienda-centro-de-gobierno.jpg","_links":{"self":[{"href":"https:\/\/www.sonoraenequipo.com.mx\/api\/wp\/v2\/posts\/141471","targetHints":{"allow":["GET"]}}],"collection":[{"href":"https:\/\/www.sonoraenequipo.com.mx\/api\/wp\/v2\/posts"}],"about":[{"href":"https:\/\/www.sonoraenequipo.com.mx\/api\/wp\/v2\/types\/post"}],"author":[{"embeddable":true,"href":"https:\/\/www.sonoraenequipo.com.mx\/api\/wp\/v2\/users\/1"}],"replies":[{"embeddable":true,"href":"https:\/\/www.sonoraenequipo.com.mx\/api\/wp\/v2\/comments?post=141471"}],"version-history":[{"count":2,"href":"https:\/\/www.sonoraenequipo.com.mx\/api\/wp\/v2\/posts\/141471\/revisions"}],"predecessor-version":[{"id":141486,"href":"https:\/\/www.sonoraenequipo.com.mx\/api\/wp\/v2\/posts\/141471\/revisions\/141486"}],"wp:featuredmedia":[{"embeddable":true,"href":"https:\/\/www.sonoraenequipo.com.mx\/api\/wp\/v2\/media\/141472"}],"wp:attachment":[{"href":"https:\/\/www.sonoraenequipo.com.mx\/api\/wp\/v2\/media?parent=141471"}],"wp:term":[{"taxonomy":"category","embeddable":true,"href":"https:\/\/www.sonoraenequipo.com.mx\/api\/wp\/v2\/categories?post=141471"},{"taxonomy":"post_tag","embeddable":true,"href":"https:\/\/www.sonoraenequipo.com.mx\/api\/wp\/v2\/tags?post=141471"}],"curies":[{"name":"wp","href":"https:\/\/api.w.org\/{rel}","templated":true}]}}