{"id":141481,"date":"2022-06-28T08:00:02","date_gmt":"2022-06-28T15:00:02","guid":{"rendered":"https:\/\/www.sonoraenequipo.com.mx\/?p=141481"},"modified":"2022-06-28T09:08:22","modified_gmt":"2022-06-28T16:08:22","slug":"inicia-en-unison-el-primer-simposio-sobre-el-litio","status":"publish","type":"post","link":"https:\/\/www.sonoraenequipo.com.mx\/inicia-en-unison-el-primer-simposio-sobre-el-litio\/","title":{"rendered":"Inicia en Unison el Primer Simposio sobre el Litio"},"content":{"rendered":"<p><strong>HERMOSILLO, SONORA. MX. \u2014<\/strong> El Simposio sobre litio que se desarrolla en la Universidad de Sonora, pretende ser no s\u00f3lo un escenario para reflexionar sobre los grandes temas que rodean a este metal, sino tambi\u00e9n, la invaluable oportunidad para configurar un modelo de sociedad que a trav\u00e9s del litio proporcione bienestar a sus habitantes, disminuya las brechas entre regiones y grupos sociales.<\/p>\n<p>&nbsp;<\/p>\n<p> <\/p>\n<p>&nbsp;<\/p>\n<p>As\u00ed se expres\u00f3 la rectora Mar\u00eda Rita Plancarte Mart\u00ednez al inaugurar los trabajos que por dos d\u00edas desarrollar\u00e1n especialistas, acad\u00e9micos e investigadores en torno al tema del litio a la espera de que se promueva, igualmente, una mejor convivencia social y se faciliten los medios para que los individuos innoven y mejoren constantemente las condiciones de vida desde una perspectiva integral de desarrollo humano.<\/p>\n<p>&nbsp;<\/p>\n<p><em>\u201cPara la Universidad de Sonora es un honor se sede de este Simposio sobre litio: Oportunidades presentes y futuras para Sonora, en la que expertas y expertos en el tema nos compartir\u00e1n estudios y experiencias sobre explotaci\u00f3n, extracci\u00f3n y metalurgia del litio, as\u00ed como ciencia, tecnolog\u00eda, impacto y legislaci\u00f3n sobre la explotaci\u00f3n y uso de este mineral, as\u00ed como su impacto socioecon\u00f3mico y ambiental<\/em>\u201d, expres\u00f3.<\/p>\n<p>&nbsp;<\/p>\n<p>Ante el subsecretario de Educaci\u00f3n Media Superior y Superior en el Estado, Rodolfo Basurto \u00c1lvarez y la secretaria General Acad\u00e9mica de la Universidad Estatal de Sonora, Mar\u00eda del Rosario F\u00e1tima Robles Robles, la rectora reconoci\u00f3 a los participantes y a los organizadores del evento que no fue f\u00e1cil cristalizar.<\/p>\n<p>&nbsp;<\/p>\n<p><em>\u201cEste encuentro adquiere importancia por muchas razones en particular porque la c\u00e1mara de diputados aprob\u00f3 apenas en abril pasado, reformas a la Ley Minera para que el Litio sea patrimonio de la naci\u00f3n estableci\u00e9ndose las modificaciones que reserva al Estado la explotaci\u00f3n y el producto, lo que sin duda representa un contexto relevante para M\u00e9xico y Sonora en particular\u201d,<\/em> agreg\u00f3.<\/p>\n<p>&nbsp;<\/p>\n<p>Previamente a la intervenci\u00f3n de la Rectora, Rodolfo Basurto \u00c1lvarez fue el encargado de dar la bienvenida a los asistentes, tanto de manera presencial en el auditorio \u201cAlfredo Padilla Barba\u201d del Departamento de Medicina, como a quienes siguen la transmisi\u00f3n a trav\u00e9s de plataformas y resalt\u00f3 la importancia del Simposio y de la colaboraci\u00f3n interinstitucional.<\/p>\n<p>&nbsp;<\/p>\n<p>Como organizadores mencion\u00f3 a la Universidad de Sonora, a la Universidad Estatal de Sonora, al primer Grupo Interinstitucional de la Entidad de Investigadores en Pro del Aprovechamiento Nacional del Litio, y a la Comisi\u00f3n Estatal para la financiaci\u00f3n de la Educaci\u00f3n Superior que preside la Secretar\u00eda de Educaci\u00f3n y Cultura (SEC).<\/p>\n<p>&nbsp;<\/p>\n<p>Su agradecimiento fue para las rector\u00edas de las diferentes universidades, las direcciones generales de instituciones de educaci\u00f3n superior y centros de investigaci\u00f3n y que atendieron la invitaci\u00f3n, destacando a los rectores de la Universidad de la Universidad de la Sierra, as\u00ed como directores y rectores de los institutos tecnol\u00f3gicos integrantes del Sistema Estatal de Educaci\u00f3n Superior.<\/p>\n<p>&nbsp;<\/p>\n<p><em>\u201cEs por eso que tambi\u00e9n saludamos la participaci\u00f3n en este evento de las representaciones regional y nacional del Conacyt de investigadores de la UABC, de la Universidad Aut\u00f3noma de Ciudad Ju\u00e1rez, de la UAM y de la Benem\u00e9rita Universidad Aut\u00f3noma de Puebla, que representan s\u00f3lo una muestra del inter\u00e9s nacional y regional creciente en este tema\u201d,<\/em> a\u00f1adi\u00f3.<\/p>\n<p>&nbsp;<\/p>\n<p>Igualmente, destac\u00f3 la intervenci\u00f3n entusiasta de legisladores y legisladoras federales de Sonora y Chihuahua que colaboran en este simposio con la visi\u00f3n legislativa en la definici\u00f3n del litio como el mineral estrat\u00e9gico de la naci\u00f3n.<\/p>\n<p>&nbsp;<\/p>\n<p>El potencial de producci\u00f3n del litio en Sonora esta en cuencas terciarias<\/p>\n<p>&nbsp;<\/p>\n<p>El principal uso del litio es en bater\u00edas, vidrio, cer\u00e1mica, engrasantes y lubricantes; no es un elemento raro y se le debe ver como cualquier otra materia prima que depende de las reglas del mercado de oferta y demanda, consider\u00f3 Efr\u00e9n P\u00e9rez Segura en su conferencia: El estado actual del conocimiento sobre yacimientos de litio en M\u00e9xico y en Sonora.<\/p>\n<p>&nbsp;<\/p>\n<p><em>\u201cHasta el a\u00f1o 2013 las principales aplicaciones del litio eran en cer\u00e1mica y vidrio el 35%; en las bater\u00edas recargables, que es actualmente el gran furor, el 29%; en grasas y lubricantes el 8%; y el resto en otro tipo de usos. Sin embargo, en el a\u00f1o 2022, actualmente, las bater\u00edas ya ocupan el 74% del litio que se produce en el mundo, la cer\u00e1mica y el vidrio el 14%, y las grasas y lubricantes el 3%.\u201d<\/em> Inform\u00f3 el ingeniero ge\u00f3logo.<\/p>\n<p>&nbsp;<\/p>\n<p>Indic\u00f3 que el litio no se utiliza como elemento met\u00e1lico, por lo que a su parecer no es un elemento raro, que de hecho ocupa el lugar n\u00famero 30 en la corteza, es menos abundante que el cobre, pero mucho m\u00e1s abundante que el plomo y la plata; sus dos grandes fuentes son rocas duras y salmueras, aguas sobresaturas en sales.<\/p>\n<p>&nbsp;<\/p>\n<p>P\u00e9rez Segura se\u00f1al\u00f3 que la producci\u00f3n mundial de este elemento est\u00e1 concentrada en cuatro pa\u00edses; en el mundo se considera que los recursos ascienden a unos 80 mil millones de toneladas, m\u00e1s de la mitad en Bolivia, Argentina y Chile, mientras que en M\u00e9xico se estiman 1.7 millones de toneladas.<\/p>\n<p>&nbsp;<\/p>\n<p><img loading=\"lazy\" decoding=\"async\" class=\" size-full x-left\" src=\"https:\/\/www.sonoraenequipo.com.mx\/storage\/2022\/06\/simpsio-litio-unison.jpg\" alt=\"\" width=\"700\" height=\"400\" \/>Para el fundador de la maestr\u00eda en Ciencias Geol\u00f3gicas, la posibilidad de explotaci\u00f3n de pegmatitas y por lo tanto la producci\u00f3n de litio en Sonora es limitada por las caracter\u00edsticas geol\u00f3gicas y que el potencial se ve en cuencas terciarias, siempre y cuando el \u00e1rea de Bacad\u00e9huachi demuestre su viabilidad.<\/p>\n<p>&nbsp;<\/p>\n<p><em>\u201cEs una provincia fisiogr\u00e1fica donde tenemos nosotros cuencas alargadas en todo el noroeste del estado, es la provincia de cuencas y sierras donde tenemos rocas de estas edades y en estas edades es donde se encuentran los yacimientos de litio, entonces si tenemos una provincia tan extensa tenemos muchas probabilidades de tener yacimientos de este tipo\u201d,<\/em> explic\u00f3.<\/p>\n<p>&nbsp;<\/p>\n<p>El proyecto de Bacad\u00e9uachi, puntualiz\u00f3, pretende producir carbonato de litio para bater\u00edas durante 19 a\u00f1os al estimarse la presencia de 300 millones de toneladas de mineral, con 0.3% de litio y 1.4 % de potasio, con una producci\u00f3n de 17 mil toneladas por a\u00f1o los primeros cuatro y despu\u00e9s duplicarla.<\/p>\n<p>&nbsp;<\/p>\n<p>El evento continuar\u00e1 este martes 28 de junio con actividades en el auditorio del Departamento de Medicina y Ciencias de la Salud. Para consultar el programa s\u00f3lo<\/p>\n<p>&nbsp;<\/p>\n<p>&nbsp;<\/p>\n<p>(Publicada el 28\/06\/2022)<\/p>\n","protected":false},"excerpt":{"rendered":"<p>HERMOSILLO, SONORA. MX. \u2014 El Simposio sobre litio que se desarrolla en la Universidad de&#8230;<\/p>\n","protected":false},"author":1,"featured_media":141451,"comment_status":"open","ping_status":"open","sticky":false,"template":"","format":"standard","meta":{"_monsterinsights_skip_tracking":false,"_monsterinsights_sitenote_active":false,"_monsterinsights_sitenote_note":"","_monsterinsights_sitenote_category":0,"footnotes":""},"categories":[22],"tags":[],"class_list":["post"],"yoast_head":" \n<title>Sonora en Equipo. Inicia en Unison el Primer Simposio sobre el Litio Sonora<\/title>\n<meta name=\"description\" content=\"HERMOSILLO, SONORA. MX. \u2014 El Simposio sobre litio que se desarrolla en la Universidad de Sonora, pretende ser no s\u00f3lo un escenario para reflexionar sobre En Sonora en Equipo publicamos toda la informaci\u00f3n de Sonora, M\u00e9xico y el Mundo de manera oportuna y busca que la libertad de expresi\u00f3n sea real. Visita nuestro medio informativo publicado desde Hermosillo, Sonora. %\" \/>\n<meta name=\"robots\" content=\"index, follow, max-snippet:-1, max-image-preview:large, max-video-preview:-1\" \/>\n<link rel=\"canonical\" href=\"https:\/\/www.sonoraenequipo.com.mx\/inicia-en-unison-el-primer-simposio-sobre-el-litio\/\" \/>\n<meta property=\"og:locale\" content=\"es_ES\" \/>\n<meta property=\"og:type\" content=\"article\" \/>\n<meta property=\"og:title\" content=\"Sonora en Equipo. Inicia en Unison el Primer Simposio sobre el Litio Sonora\" \/>\n<meta property=\"og:description\" content=\"HERMOSILLO, SONORA. MX. \u2014 El Simposio sobre litio que se desarrolla en la Universidad de Sonora, pretende ser no s\u00f3lo un escenario para reflexionar sobre En Sonora en Equipo publicamos toda la informaci\u00f3n de Sonora, M\u00e9xico y el Mundo de manera oportuna y busca que la libertad de expresi\u00f3n sea real. Visita nuestro medio informativo publicado desde Hermosillo, Sonora. %\" \/>\n<meta property=\"og:url\" content=\"https:\/\/www.sonoraenequipo.com.mx\/inicia-en-unison-el-primer-simposio-sobre-el-litio\/\" \/>\n<meta property=\"og:site_name\" content=\"Sonora en Equipo.\" \/>\n<meta property=\"article:publisher\" content=\"https:\/\/www.facebook.com\/SonoraEE\/\" \/>\n<meta property=\"article:author\" content=\"https:\/\/www.facebook.com\/SonoraEE\" \/>\n<meta property=\"article:published_time\" content=\"2022-06-28T15:00:02+00:00\" \/>\n<meta property=\"article:modified_time\" content=\"2022-06-28T16:08:22+00:00\" \/>\n<meta property=\"og:image\" content=\"https:\/\/www.sonoraenequipo.com.mx\/storage\/2022\/06\/Efren-Perez-yacimientos-de-litio-en-Sonora.jpg\" \/>\n\t<meta property=\"og:image:width\" content=\"700\" \/>\n\t<meta property=\"og:image:height\" content=\"400\" \/>\n\t<meta property=\"og:image:type\" content=\"image\/jpeg\" \/>\n<meta name=\"author\" content=\"enequipo\" \/>\n<meta name=\"twitter:card\" content=\"summary_large_image\" \/>\n<meta name=\"twitter:creator\" content=\"@sonoraenequipo\" \/>\n<meta name=\"twitter:site\" content=\"@sonoraenequipo\" \/>\n<meta name=\"twitter:label1\" content=\"Escrito por\" \/>\n\t<meta name=\"twitter:data1\" content=\"enequipo\" \/>\n\t<meta name=\"twitter:label2\" content=\"Tiempo de lectura\" \/>\n\t<meta name=\"twitter:data2\" content=\"5 minutos\" \/>\n<script type=\"application\/ld+json\" class=\"yoast-schema-graph\">{\"@context\":\"https:\/\/schema.org\",\"@graph\":[{\"@type\":\"Article\",\"@id\":\"https:\/\/www.sonoraenequipo.com.mx\/inicia-en-unison-el-primer-simposio-sobre-el-litio\/#article\",\"isPartOf\":{\"@id\":\"https:\/\/www.sonoraenequipo.com.mx\/inicia-en-unison-el-primer-simposio-sobre-el-litio\/\"},\"author\":{\"name\":\"enequipo\",\"@id\":\"https:\/\/www.sonoraenequipo.com.mx\/#\/schema\/person\/50102df0fb23a8fa9e8effad8fa81386\"},\"headline\":\"Inicia en Unison el Primer Simposio sobre el Litio\",\"datePublished\":\"2022-06-28T15:00:02+00:00\",\"dateModified\":\"2022-06-28T16:08:22+00:00\",\"mainEntityOfPage\":{\"@id\":\"https:\/\/www.sonoraenequipo.com.mx\/inicia-en-unison-el-primer-simposio-sobre-el-litio\/\"},\"wordCount\":1106,\"commentCount\":0,\"publisher\":{\"@id\":\"https:\/\/www.sonoraenequipo.com.mx\/#organization\"},\"image\":{\"@id\":\"https:\/\/www.sonoraenequipo.com.mx\/inicia-en-unison-el-primer-simposio-sobre-el-litio\/#primaryimage\"},\"thumbnailUrl\":\"https:\/\/www.sonoraenequipo.com.mx\/storage\/2022\/06\/Efren-Perez-yacimientos-de-litio-en-Sonora.jpg\",\"articleSection\":[\"Sonora\"],\"inLanguage\":\"es\",\"potentialAction\":[{\"@type\":\"CommentAction\",\"name\":\"Comment\",\"target\":[\"https:\/\/www.sonoraenequipo.com.mx\/inicia-en-unison-el-primer-simposio-sobre-el-litio\/#respond\"]}]},{\"@type\":\"WebPage\",\"@id\":\"https:\/\/www.sonoraenequipo.com.mx\/inicia-en-unison-el-primer-simposio-sobre-el-litio\/\",\"url\":\"https:\/\/www.sonoraenequipo.com.mx\/inicia-en-unison-el-primer-simposio-sobre-el-litio\/\",\"name\":\"Sonora en Equipo. Inicia en Unison el Primer Simposio sobre el Litio Sonora\",\"isPartOf\":{\"@id\":\"https:\/\/www.sonoraenequipo.com.mx\/#website\"},\"primaryImageOfPage\":{\"@id\":\"https:\/\/www.sonoraenequipo.com.mx\/inicia-en-unison-el-primer-simposio-sobre-el-litio\/#primaryimage\"},\"image\":{\"@id\":\"https:\/\/www.sonoraenequipo.com.mx\/inicia-en-unison-el-primer-simposio-sobre-el-litio\/#primaryimage\"},\"thumbnailUrl\":\"https:\/\/www.sonoraenequipo.com.mx\/storage\/2022\/06\/Efren-Perez-yacimientos-de-litio-en-Sonora.jpg\",\"datePublished\":\"2022-06-28T15:00:02+00:00\",\"dateModified\":\"2022-06-28T16:08:22+00:00\",\"description\":\"HERMOSILLO, SONORA. MX. \u2014 El Simposio sobre litio que se desarrolla en la Universidad de Sonora, pretende ser no s\u00f3lo un escenario para reflexionar sobre En Sonora en Equipo publicamos toda la informaci\u00f3n de Sonora, M\u00e9xico y el Mundo de manera oportuna y busca que la libertad de expresi\u00f3n sea real. Visita nuestro medio informativo publicado desde Hermosillo, Sonora. %\",\"breadcrumb\":{\"@id\":\"https:\/\/www.sonoraenequipo.com.mx\/inicia-en-unison-el-primer-simposio-sobre-el-litio\/#breadcrumb\"},\"inLanguage\":\"es\",\"potentialAction\":[{\"@type\":\"ReadAction\",\"target\":[\"https:\/\/www.sonoraenequipo.com.mx\/inicia-en-unison-el-primer-simposio-sobre-el-litio\/\"]}]},{\"@type\":\"ImageObject\",\"inLanguage\":\"es\",\"@id\":\"https:\/\/www.sonoraenequipo.com.mx\/inicia-en-unison-el-primer-simposio-sobre-el-litio\/#primaryimage\",\"url\":\"https:\/\/www.sonoraenequipo.com.mx\/storage\/2022\/06\/Efren-Perez-yacimientos-de-litio-en-Sonora.jpg\",\"contentUrl\":\"https:\/\/www.sonoraenequipo.com.mx\/storage\/2022\/06\/Efren-Perez-yacimientos-de-litio-en-Sonora.jpg\",\"width\":700,\"height\":400},{\"@type\":\"BreadcrumbList\",\"@id\":\"https:\/\/www.sonoraenequipo.com.mx\/inicia-en-unison-el-primer-simposio-sobre-el-litio\/#breadcrumb\",\"itemListElement\":[{\"@type\":\"ListItem\",\"position\":1,\"name\":\"Portada\",\"item\":\"https:\/\/www.sonoraenequipo.com.mx\/\"},{\"@type\":\"ListItem\",\"position\":2,\"name\":\"Inicia en Unison el Primer Simposio sobre el Litio\"}]},{\"@type\":\"WebSite\",\"@id\":\"https:\/\/www.sonoraenequipo.com.mx\/#website\",\"url\":\"https:\/\/www.sonoraenequipo.com.mx\/\",\"name\":\"Sonora en Equipo.\",\"description\":\"Diario en l\u00ednea con Noticias desde Hermosillo, Sonora\",\"publisher\":{\"@id\":\"https:\/\/www.sonoraenequipo.com.mx\/#organization\"},\"potentialAction\":[{\"@type\":\"SearchAction\",\"target\":{\"@type\":\"EntryPoint\",\"urlTemplate\":\"https:\/\/www.sonoraenequipo.com.mx\/?s={search_term_string}\"},\"query-input\":{\"@type\":\"PropertyValueSpecification\",\"valueRequired\":true,\"valueName\":\"search_term_string\"}}],\"inLanguage\":\"es\"},{\"@type\":\"Organization\",\"@id\":\"https:\/\/www.sonoraenequipo.com.mx\/#organization\",\"name\":\"Sonoraenequipo.com.mx\",\"url\":\"https:\/\/www.sonoraenequipo.com.mx\/\",\"logo\":{\"@type\":\"ImageObject\",\"inLanguage\":\"es\",\"@id\":\"https:\/\/www.sonoraenequipo.com.mx\/#\/schema\/logo\/image\/\",\"url\":\"https:\/\/www.sonoraenequipo.com.mx\/storage\/2019\/01\/sonoraenequipo_opt.png\",\"contentUrl\":\"https:\/\/www.sonoraenequipo.com.mx\/storage\/2019\/01\/sonoraenequipo_opt.png\",\"width\":375,\"height\":125,\"caption\":\"Sonoraenequipo.com.mx\"},\"image\":{\"@id\":\"https:\/\/www.sonoraenequipo.com.mx\/#\/schema\/logo\/image\/\"},\"sameAs\":[\"https:\/\/www.facebook.com\/SonoraEE\/\",\"https:\/\/x.com\/sonoraenequipo\",\"https:\/\/www.youtube.com\/channel\/UC338nW-lPEYmJQs4ZABQ1SQ\"]},{\"@type\":\"Person\",\"@id\":\"https:\/\/www.sonoraenequipo.com.mx\/#\/schema\/person\/50102df0fb23a8fa9e8effad8fa81386\",\"name\":\"enequipo\",\"image\":{\"@type\":\"ImageObject\",\"inLanguage\":\"es\",\"@id\":\"https:\/\/www.sonoraenequipo.com.mx\/#\/schema\/person\/image\/\",\"url\":\"https:\/\/secure.gravatar.com\/avatar\/049821681b589dabc0bc20695993ccebb09f5b5d4d790cd9251b97faac7c652b?s=96&d=blank&r=g\",\"contentUrl\":\"https:\/\/secure.gravatar.com\/avatar\/049821681b589dabc0bc20695993ccebb09f5b5d4d790cd9251b97faac7c652b?s=96&d=blank&r=g\",\"caption\":\"enequipo\"},\"sameAs\":[\"https:\/\/www.facebook.com\/SonoraEE\"]}]}<\/script>\n ","yoast_head_json":{"title":"Sonora en Equipo. Inicia en Unison el Primer Simposio sobre el Litio Sonora","description":"HERMOSILLO, SONORA. MX. \u2014 El Simposio sobre litio que se desarrolla en la Universidad de Sonora, pretende ser no s\u00f3lo un escenario para reflexionar sobre En Sonora en Equipo publicamos toda la informaci\u00f3n de Sonora, M\u00e9xico y el Mundo de manera oportuna y busca que la libertad de expresi\u00f3n sea real. Visita nuestro medio informativo publicado desde Hermosillo, Sonora. %","robots":{"index":"index","follow":"follow","max-snippet":"max-snippet:-1","max-image-preview":"max-image-preview:large","max-video-preview":"max-video-preview:-1"},"canonical":"https:\/\/www.sonoraenequipo.com.mx\/inicia-en-unison-el-primer-simposio-sobre-el-litio\/","og_locale":"es_ES","og_type":"article","og_title":"Sonora en Equipo. Inicia en Unison el Primer Simposio sobre el Litio Sonora","og_description":"HERMOSILLO, SONORA. MX. \u2014 El Simposio sobre litio que se desarrolla en la Universidad de Sonora, pretende ser no s\u00f3lo un escenario para reflexionar sobre En Sonora en Equipo publicamos toda la informaci\u00f3n de Sonora, M\u00e9xico y el Mundo de manera oportuna y busca que la libertad de expresi\u00f3n sea real. Visita nuestro medio informativo publicado desde Hermosillo, Sonora. %","og_url":"https:\/\/www.sonoraenequipo.com.mx\/inicia-en-unison-el-primer-simposio-sobre-el-litio\/","og_site_name":"Sonora en Equipo.","article_publisher":"https:\/\/www.facebook.com\/SonoraEE\/","article_author":"https:\/\/www.facebook.com\/SonoraEE","article_published_time":"2022-06-28T15:00:02+00:00","article_modified_time":"2022-06-28T16:08:22+00:00","og_image":[{"width":700,"height":400,"url":"https:\/\/www.sonoraenequipo.com.mx\/storage\/2022\/06\/Efren-Perez-yacimientos-de-litio-en-Sonora.jpg","type":"image\/jpeg"}],"author":"enequipo","twitter_card":"summary_large_image","twitter_creator":"@sonoraenequipo","twitter_site":"@sonoraenequipo","twitter_misc":{"Escrito por":"enequipo","Tiempo de lectura":"5 minutos"},"schema":{"@context":"https:\/\/schema.org","@graph":[{"@type":"Article","@id":"https:\/\/www.sonoraenequipo.com.mx\/inicia-en-unison-el-primer-simposio-sobre-el-litio\/#article","isPartOf":{"@id":"https:\/\/www.sonoraenequipo.com.mx\/inicia-en-unison-el-primer-simposio-sobre-el-litio\/"},"author":{"name":"enequipo","@id":"https:\/\/www.sonoraenequipo.com.mx\/#\/schema\/person\/50102df0fb23a8fa9e8effad8fa81386"},"headline":"Inicia en Unison el Primer Simposio sobre el Litio","datePublished":"2022-06-28T15:00:02+00:00","dateModified":"2022-06-28T16:08:22+00:00","mainEntityOfPage":{"@id":"https:\/\/www.sonoraenequipo.com.mx\/inicia-en-unison-el-primer-simposio-sobre-el-litio\/"},"wordCount":1106,"commentCount":0,"publisher":{"@id":"https:\/\/www.sonoraenequipo.com.mx\/#organization"},"image":{"@id":"https:\/\/www.sonoraenequipo.com.mx\/inicia-en-unison-el-primer-simposio-sobre-el-litio\/#primaryimage"},"thumbnailUrl":"https:\/\/www.sonoraenequipo.com.mx\/storage\/2022\/06\/Efren-Perez-yacimientos-de-litio-en-Sonora.jpg","articleSection":["Sonora"],"inLanguage":"es","potentialAction":[{"@type":"CommentAction","name":"Comment","target":["https:\/\/www.sonoraenequipo.com.mx\/inicia-en-unison-el-primer-simposio-sobre-el-litio\/#respond"]}]},{"@type":"WebPage","@id":"https:\/\/www.sonoraenequipo.com.mx\/inicia-en-unison-el-primer-simposio-sobre-el-litio\/","url":"https:\/\/www.sonoraenequipo.com.mx\/inicia-en-unison-el-primer-simposio-sobre-el-litio\/","name":"Sonora en Equipo. Inicia en Unison el Primer Simposio sobre el Litio Sonora","isPartOf":{"@id":"https:\/\/www.sonoraenequipo.com.mx\/#website"},"primaryImageOfPage":{"@id":"https:\/\/www.sonoraenequipo.com.mx\/inicia-en-unison-el-primer-simposio-sobre-el-litio\/#primaryimage"},"image":{"@id":"https:\/\/www.sonoraenequipo.com.mx\/inicia-en-unison-el-primer-simposio-sobre-el-litio\/#primaryimage"},"thumbnailUrl":"https:\/\/www.sonoraenequipo.com.mx\/storage\/2022\/06\/Efren-Perez-yacimientos-de-litio-en-Sonora.jpg","datePublished":"2022-06-28T15:00:02+00:00","dateModified":"2022-06-28T16:08:22+00:00","description":"HERMOSILLO, SONORA. MX. \u2014 El Simposio sobre litio que se desarrolla en la Universidad de Sonora, pretende ser no s\u00f3lo un escenario para reflexionar sobre En Sonora en Equipo publicamos toda la informaci\u00f3n de Sonora, M\u00e9xico y el Mundo de manera oportuna y busca que la libertad de expresi\u00f3n sea real. Visita nuestro medio informativo publicado desde Hermosillo, Sonora. %","breadcrumb":{"@id":"https:\/\/www.sonoraenequipo.com.mx\/inicia-en-unison-el-primer-simposio-sobre-el-litio\/#breadcrumb"},"inLanguage":"es","potentialAction":[{"@type":"ReadAction","target":["https:\/\/www.sonoraenequipo.com.mx\/inicia-en-unison-el-primer-simposio-sobre-el-litio\/"]}]},{"@type":"ImageObject","inLanguage":"es","@id":"https:\/\/www.sonoraenequipo.com.mx\/inicia-en-unison-el-primer-simposio-sobre-el-litio\/#primaryimage","url":"https:\/\/www.sonoraenequipo.com.mx\/storage\/2022\/06\/Efren-Perez-yacimientos-de-litio-en-Sonora.jpg","contentUrl":"https:\/\/www.sonoraenequipo.com.mx\/storage\/2022\/06\/Efren-Perez-yacimientos-de-litio-en-Sonora.jpg","width":700,"height":400},{"@type":"BreadcrumbList","@id":"https:\/\/www.sonoraenequipo.com.mx\/inicia-en-unison-el-primer-simposio-sobre-el-litio\/#breadcrumb","itemListElement":[{"@type":"ListItem","position":1,"name":"Portada","item":"https:\/\/www.sonoraenequipo.com.mx\/"},{"@type":"ListItem","position":2,"name":"Inicia en Unison el Primer Simposio sobre el Litio"}]},{"@type":"WebSite","@id":"https:\/\/www.sonoraenequipo.com.mx\/#website","url":"https:\/\/www.sonoraenequipo.com.mx\/","name":"Sonora en Equipo.","description":"Diario en l\u00ednea con Noticias desde Hermosillo, Sonora","publisher":{"@id":"https:\/\/www.sonoraenequipo.com.mx\/#organization"},"potentialAction":[{"@type":"SearchAction","target":{"@type":"EntryPoint","urlTemplate":"https:\/\/www.sonoraenequipo.com.mx\/?s={search_term_string}"},"query-input":{"@type":"PropertyValueSpecification","valueRequired":true,"valueName":"search_term_string"}}],"inLanguage":"es"},{"@type":"Organization","@id":"https:\/\/www.sonoraenequipo.com.mx\/#organization","name":"Sonoraenequipo.com.mx","url":"https:\/\/www.sonoraenequipo.com.mx\/","logo":{"@type":"ImageObject","inLanguage":"es","@id":"https:\/\/www.sonoraenequipo.com.mx\/#\/schema\/logo\/image\/","url":"https:\/\/www.sonoraenequipo.com.mx\/storage\/2019\/01\/sonoraenequipo_opt.png","contentUrl":"https:\/\/www.sonoraenequipo.com.mx\/storage\/2019\/01\/sonoraenequipo_opt.png","width":375,"height":125,"caption":"Sonoraenequipo.com.mx"},"image":{"@id":"https:\/\/www.sonoraenequipo.com.mx\/#\/schema\/logo\/image\/"},"sameAs":["https:\/\/www.facebook.com\/SonoraEE\/","https:\/\/x.com\/sonoraenequipo","https:\/\/www.youtube.com\/channel\/UC338nW-lPEYmJQs4ZABQ1SQ"]},{"@type":"Person","@id":"https:\/\/www.sonoraenequipo.com.mx\/#\/schema\/person\/50102df0fb23a8fa9e8effad8fa81386","name":"enequipo","image":{"@type":"ImageObject","inLanguage":"es","@id":"https:\/\/www.sonoraenequipo.com.mx\/#\/schema\/person\/image\/","url":"https:\/\/secure.gravatar.com\/avatar\/049821681b589dabc0bc20695993ccebb09f5b5d4d790cd9251b97faac7c652b?s=96&d=blank&r=g","contentUrl":"https:\/\/secure.gravatar.com\/avatar\/049821681b589dabc0bc20695993ccebb09f5b5d4d790cd9251b97faac7c652b?s=96&d=blank&r=g","caption":"enequipo"},"sameAs":["https:\/\/www.facebook.com\/SonoraEE"]}]}},"jetpack_featured_media_url":"https:\/\/www.sonoraenequipo.com.mx\/storage\/2022\/06\/Efren-Perez-yacimientos-de-litio-en-Sonora.jpg","_links":{"self":[{"href":"https:\/\/www.sonoraenequipo.com.mx\/api\/wp\/v2\/posts\/141481","targetHints":{"allow":["GET"]}}],"collection":[{"href":"https:\/\/www.sonoraenequipo.com.mx\/api\/wp\/v2\/posts"}],"about":[{"href":"https:\/\/www.sonoraenequipo.com.mx\/api\/wp\/v2\/types\/post"}],"author":[{"embeddable":true,"href":"https:\/\/www.sonoraenequipo.com.mx\/api\/wp\/v2\/users\/1"}],"replies":[{"embeddable":true,"href":"https:\/\/www.sonoraenequipo.com.mx\/api\/wp\/v2\/comments?post=141481"}],"version-history":[{"count":2,"href":"https:\/\/www.sonoraenequipo.com.mx\/api\/wp\/v2\/posts\/141481\/revisions"}],"predecessor-version":[{"id":141483,"href":"https:\/\/www.sonoraenequipo.com.mx\/api\/wp\/v2\/posts\/141481\/revisions\/141483"}],"wp:featuredmedia":[{"embeddable":true,"href":"https:\/\/www.sonoraenequipo.com.mx\/api\/wp\/v2\/media\/141451"}],"wp:attachment":[{"href":"https:\/\/www.sonoraenequipo.com.mx\/api\/wp\/v2\/media?parent=141481"}],"wp:term":[{"taxonomy":"category","embeddable":true,"href":"https:\/\/www.sonoraenequipo.com.mx\/api\/wp\/v2\/categories?post=141481"},{"taxonomy":"post_tag","embeddable":true,"href":"https:\/\/www.sonoraenequipo.com.mx\/api\/wp\/v2\/tags?post=141481"}],"curies":[{"name":"wp","href":"https:\/\/api.w.org\/{rel}","templated":true}]}}