{"id":141498,"date":"2022-06-28T09:15:56","date_gmt":"2022-06-28T16:15:56","guid":{"rendered":"https:\/\/www.sonoraenequipo.com.mx\/?p=141498"},"modified":"2022-06-28T14:29:19","modified_gmt":"2022-06-28T21:29:19","slug":"instituto-de-infraestructura-educativa-y-asociacion-estatal-de-padres-de-familia-mantendran-trabajo-coordinado","status":"publish","type":"post","link":"https:\/\/www.sonoraenequipo.com.mx\/instituto-de-infraestructura-educativa-y-asociacion-estatal-de-padres-de-familia-mantendran-trabajo-coordinado\/","title":{"rendered":"Instituto de Infraestructura Educativa y AEPF mantendr\u00e1n trabajo coordinado"},"content":{"rendered":"<p><strong>HERMOSILLO, SONORA. MX. \u2014<\/strong> Para que las obras a realizarse en los planteles escolares fluyan con prontitud y sin contratiempos, la Asociaci\u00f3n Estatal de Padres de Familia (AEPAF) y el Instituto Sonorense de Infraestructura Educativa (ISIE) acordaron colaborar coordinadamente en beneficio de la ni\u00f1ez sonorense.<\/p>\n<p>&nbsp;<\/p>\n<p> <\/p>\n<p>&nbsp;<\/p>\n<p>Cuauht\u00e9moc Galindo Delgado, coordinador Ejecutivo del ISIE, le present\u00f3 a Cecilio Luna Salazar, presidente de la AEPAF Sonora, el nuevo plan de trabajo y los procedimientos que se establecer\u00e1n para intervenir en la rehabilitaci\u00f3n de los 204 planteles reci\u00e9n incluidos en el Programa Operativo Anual (POA) de la instituci\u00f3n, adem\u00e1s de los 29 centros escolares considerados monumentos hist\u00f3ricos que pr\u00f3ximamente tambi\u00e9n ser\u00e1n restaurados.<\/p>\n<p>&nbsp;<\/p>\n<p><em>\u201cComo ha venido diciendo el gobernador Alfonso Durazo, la transformaci\u00f3n de Sonora ser\u00e1 desde las aulas. Tenemos una gran responsabilidad en nuestras manos. Por eso, el Gobierno de Sonora, a trav\u00e9s del instituto, trabaja con muchas ganas para que las y los estudiantes de educaci\u00f3n b\u00e1sica encuentren sus escuelas en condiciones m\u00e1s funcionales, dignas y seguras\u201d<\/em> expres\u00f3 el funcionario estatal.<\/p>\n<p>&nbsp;<\/p>\n<p>Galindo Delgado agreg\u00f3 que la expectativa es que la Asociaci\u00f3n de Padres de Familia colabore con el gobierno dando a conocer y sensibilizar a los directores, padres y madres de familia sobre el tiempo que llevan los procesos administrativos, los per\u00edodos de ejecuci\u00f3n de una obra, hasta llegar a su conclusi\u00f3n, mismos que involucran a toda la comunidad educativa.<\/p>\n<p>&nbsp;<\/p>\n<p><em>\u201cLa invitaci\u00f3n es que, una vez terminadas esas obras, nos ayuden con el compromiso de mantenerlas en buenas condiciones, de cuidarlas; es un esfuerzo muy importante que est\u00e1 haciendo el gobernador Alfonso Durazo para que las necesidades de las escuelas sean atendidas, y as\u00ed, m\u00e1s adelante, destinar recursos a necesidades nuevas que requieran los planteles o al crecimiento de los mismos\u201d,<\/em> concluy\u00f3.<\/p>\n<p>&nbsp;<\/p>\n<p>&nbsp;<\/p>\n<p>(Publicada el 28\/06\/2022 \/Con informaci\u00f3n de GOBSON 0622-279)<\/p>\n","protected":false},"excerpt":{"rendered":"<p>HERMOSILLO, SONORA. MX. \u2014 Para que las obras a realizarse en los planteles escolares fluyan&#8230;<\/p>\n","protected":false},"author":1,"featured_media":141457,"comment_status":"open","ping_status":"open","sticky":false,"template":"","format":"standard","meta":{"_monsterinsights_skip_tracking":false,"_monsterinsights_sitenote_active":false,"_monsterinsights_sitenote_note":"","_monsterinsights_sitenote_category":0,"footnotes":""},"categories":[22],"tags":[],"class_list":["post"],"yoast_head":" \n<title>Sonora en Equipo. Instituto de Infraestructura Educativa y AEPF mantendr\u00e1n trabajo coordinado Sonora<\/title>\n<meta name=\"description\" content=\"HERMOSILLO, SONORA. MX. \u2014 Para que las obras a realizarse en los planteles escolares fluyan con prontitud y sin contratiempos, la Asociaci\u00f3n Estatal de En Sonora en Equipo publicamos toda la informaci\u00f3n de Sonora, M\u00e9xico y el Mundo de manera oportuna y busca que la libertad de expresi\u00f3n sea real. Visita nuestro medio informativo publicado desde Hermosillo, Sonora. %\" \/>\n<meta name=\"robots\" content=\"index, follow, max-snippet:-1, max-image-preview:large, max-video-preview:-1\" \/>\n<link rel=\"canonical\" href=\"https:\/\/www.sonoraenequipo.com.mx\/instituto-de-infraestructura-educativa-y-asociacion-estatal-de-padres-de-familia-mantendran-trabajo-coordinado\/\" \/>\n<meta property=\"og:locale\" content=\"es_ES\" \/>\n<meta property=\"og:type\" content=\"article\" \/>\n<meta property=\"og:title\" content=\"Sonora en Equipo. Instituto de Infraestructura Educativa y AEPF mantendr\u00e1n trabajo coordinado Sonora\" \/>\n<meta property=\"og:description\" content=\"HERMOSILLO, SONORA. MX. \u2014 Para que las obras a realizarse en los planteles escolares fluyan con prontitud y sin contratiempos, la Asociaci\u00f3n Estatal de En Sonora en Equipo publicamos toda la informaci\u00f3n de Sonora, M\u00e9xico y el Mundo de manera oportuna y busca que la libertad de expresi\u00f3n sea real. Visita nuestro medio informativo publicado desde Hermosillo, Sonora. %\" \/>\n<meta property=\"og:url\" content=\"https:\/\/www.sonoraenequipo.com.mx\/instituto-de-infraestructura-educativa-y-asociacion-estatal-de-padres-de-familia-mantendran-trabajo-coordinado\/\" \/>\n<meta property=\"og:site_name\" content=\"Sonora en Equipo.\" \/>\n<meta property=\"article:publisher\" content=\"https:\/\/www.facebook.com\/SonoraEE\/\" \/>\n<meta property=\"article:author\" content=\"https:\/\/www.facebook.com\/SonoraEE\" \/>\n<meta property=\"article:published_time\" content=\"2022-06-28T16:15:56+00:00\" \/>\n<meta property=\"article:modified_time\" content=\"2022-06-28T21:29:19+00:00\" \/>\n<meta property=\"og:image\" content=\"https:\/\/www.sonoraenequipo.com.mx\/storage\/2022\/06\/soc-de-padres-de-familia.jpg\" \/>\n\t<meta property=\"og:image:width\" content=\"700\" \/>\n\t<meta property=\"og:image:height\" content=\"400\" \/>\n\t<meta property=\"og:image:type\" content=\"image\/jpeg\" \/>\n<meta name=\"author\" content=\"enequipo\" \/>\n<meta name=\"twitter:card\" content=\"summary_large_image\" \/>\n<meta name=\"twitter:creator\" content=\"@sonoraenequipo\" \/>\n<meta name=\"twitter:site\" content=\"@sonoraenequipo\" \/>\n<meta name=\"twitter:label1\" content=\"Escrito por\" \/>\n\t<meta name=\"twitter:data1\" content=\"enequipo\" \/>\n\t<meta name=\"twitter:label2\" content=\"Tiempo de lectura\" \/>\n\t<meta name=\"twitter:data2\" content=\"2 minutos\" \/>\n<script type=\"application\/ld+json\" class=\"yoast-schema-graph\">{\"@context\":\"https:\/\/schema.org\",\"@graph\":[{\"@type\":\"Article\",\"@id\":\"https:\/\/www.sonoraenequipo.com.mx\/instituto-de-infraestructura-educativa-y-asociacion-estatal-de-padres-de-familia-mantendran-trabajo-coordinado\/#article\",\"isPartOf\":{\"@id\":\"https:\/\/www.sonoraenequipo.com.mx\/instituto-de-infraestructura-educativa-y-asociacion-estatal-de-padres-de-familia-mantendran-trabajo-coordinado\/\"},\"author\":{\"name\":\"enequipo\",\"@id\":\"https:\/\/www.sonoraenequipo.com.mx\/#\/schema\/person\/50102df0fb23a8fa9e8effad8fa81386\"},\"headline\":\"Instituto de Infraestructura Educativa y AEPF mantendr\u00e1n trabajo coordinado\",\"datePublished\":\"2022-06-28T16:15:56+00:00\",\"dateModified\":\"2022-06-28T21:29:19+00:00\",\"mainEntityOfPage\":{\"@id\":\"https:\/\/www.sonoraenequipo.com.mx\/instituto-de-infraestructura-educativa-y-asociacion-estatal-de-padres-de-familia-mantendran-trabajo-coordinado\/\"},\"wordCount\":334,\"commentCount\":0,\"publisher\":{\"@id\":\"https:\/\/www.sonoraenequipo.com.mx\/#organization\"},\"image\":{\"@id\":\"https:\/\/www.sonoraenequipo.com.mx\/instituto-de-infraestructura-educativa-y-asociacion-estatal-de-padres-de-familia-mantendran-trabajo-coordinado\/#primaryimage\"},\"thumbnailUrl\":\"https:\/\/www.sonoraenequipo.com.mx\/storage\/2022\/06\/soc-de-padres-de-familia.jpg\",\"articleSection\":[\"Sonora\"],\"inLanguage\":\"es\",\"potentialAction\":[{\"@type\":\"CommentAction\",\"name\":\"Comment\",\"target\":[\"https:\/\/www.sonoraenequipo.com.mx\/instituto-de-infraestructura-educativa-y-asociacion-estatal-de-padres-de-familia-mantendran-trabajo-coordinado\/#respond\"]}]},{\"@type\":\"WebPage\",\"@id\":\"https:\/\/www.sonoraenequipo.com.mx\/instituto-de-infraestructura-educativa-y-asociacion-estatal-de-padres-de-familia-mantendran-trabajo-coordinado\/\",\"url\":\"https:\/\/www.sonoraenequipo.com.mx\/instituto-de-infraestructura-educativa-y-asociacion-estatal-de-padres-de-familia-mantendran-trabajo-coordinado\/\",\"name\":\"Sonora en Equipo. Instituto de Infraestructura Educativa y AEPF mantendr\u00e1n trabajo coordinado Sonora\",\"isPartOf\":{\"@id\":\"https:\/\/www.sonoraenequipo.com.mx\/#website\"},\"primaryImageOfPage\":{\"@id\":\"https:\/\/www.sonoraenequipo.com.mx\/instituto-de-infraestructura-educativa-y-asociacion-estatal-de-padres-de-familia-mantendran-trabajo-coordinado\/#primaryimage\"},\"image\":{\"@id\":\"https:\/\/www.sonoraenequipo.com.mx\/instituto-de-infraestructura-educativa-y-asociacion-estatal-de-padres-de-familia-mantendran-trabajo-coordinado\/#primaryimage\"},\"thumbnailUrl\":\"https:\/\/www.sonoraenequipo.com.mx\/storage\/2022\/06\/soc-de-padres-de-familia.jpg\",\"datePublished\":\"2022-06-28T16:15:56+00:00\",\"dateModified\":\"2022-06-28T21:29:19+00:00\",\"description\":\"HERMOSILLO, SONORA. MX. \u2014 Para que las obras a realizarse en los planteles escolares fluyan con prontitud y sin contratiempos, la Asociaci\u00f3n Estatal de En Sonora en Equipo publicamos toda la informaci\u00f3n de Sonora, M\u00e9xico y el Mundo de manera oportuna y busca que la libertad de expresi\u00f3n sea real. Visita nuestro medio informativo publicado desde Hermosillo, Sonora. %\",\"breadcrumb\":{\"@id\":\"https:\/\/www.sonoraenequipo.com.mx\/instituto-de-infraestructura-educativa-y-asociacion-estatal-de-padres-de-familia-mantendran-trabajo-coordinado\/#breadcrumb\"},\"inLanguage\":\"es\",\"potentialAction\":[{\"@type\":\"ReadAction\",\"target\":[\"https:\/\/www.sonoraenequipo.com.mx\/instituto-de-infraestructura-educativa-y-asociacion-estatal-de-padres-de-familia-mantendran-trabajo-coordinado\/\"]}]},{\"@type\":\"ImageObject\",\"inLanguage\":\"es\",\"@id\":\"https:\/\/www.sonoraenequipo.com.mx\/instituto-de-infraestructura-educativa-y-asociacion-estatal-de-padres-de-familia-mantendran-trabajo-coordinado\/#primaryimage\",\"url\":\"https:\/\/www.sonoraenequipo.com.mx\/storage\/2022\/06\/soc-de-padres-de-familia.jpg\",\"contentUrl\":\"https:\/\/www.sonoraenequipo.com.mx\/storage\/2022\/06\/soc-de-padres-de-familia.jpg\",\"width\":700,\"height\":400},{\"@type\":\"BreadcrumbList\",\"@id\":\"https:\/\/www.sonoraenequipo.com.mx\/instituto-de-infraestructura-educativa-y-asociacion-estatal-de-padres-de-familia-mantendran-trabajo-coordinado\/#breadcrumb\",\"itemListElement\":[{\"@type\":\"ListItem\",\"position\":1,\"name\":\"Portada\",\"item\":\"https:\/\/www.sonoraenequipo.com.mx\/\"},{\"@type\":\"ListItem\",\"position\":2,\"name\":\"Instituto de Infraestructura Educativa y AEPF mantendr\u00e1n trabajo coordinado\"}]},{\"@type\":\"WebSite\",\"@id\":\"https:\/\/www.sonoraenequipo.com.mx\/#website\",\"url\":\"https:\/\/www.sonoraenequipo.com.mx\/\",\"name\":\"Sonora en Equipo.\",\"description\":\"Diario en l\u00ednea con Noticias desde Hermosillo, Sonora\",\"publisher\":{\"@id\":\"https:\/\/www.sonoraenequipo.com.mx\/#organization\"},\"potentialAction\":[{\"@type\":\"SearchAction\",\"target\":{\"@type\":\"EntryPoint\",\"urlTemplate\":\"https:\/\/www.sonoraenequipo.com.mx\/?s={search_term_string}\"},\"query-input\":{\"@type\":\"PropertyValueSpecification\",\"valueRequired\":true,\"valueName\":\"search_term_string\"}}],\"inLanguage\":\"es\"},{\"@type\":\"Organization\",\"@id\":\"https:\/\/www.sonoraenequipo.com.mx\/#organization\",\"name\":\"Sonoraenequipo.com.mx\",\"url\":\"https:\/\/www.sonoraenequipo.com.mx\/\",\"logo\":{\"@type\":\"ImageObject\",\"inLanguage\":\"es\",\"@id\":\"https:\/\/www.sonoraenequipo.com.mx\/#\/schema\/logo\/image\/\",\"url\":\"https:\/\/www.sonoraenequipo.com.mx\/storage\/2019\/01\/sonoraenequipo_opt.png\",\"contentUrl\":\"https:\/\/www.sonoraenequipo.com.mx\/storage\/2019\/01\/sonoraenequipo_opt.png\",\"width\":375,\"height\":125,\"caption\":\"Sonoraenequipo.com.mx\"},\"image\":{\"@id\":\"https:\/\/www.sonoraenequipo.com.mx\/#\/schema\/logo\/image\/\"},\"sameAs\":[\"https:\/\/www.facebook.com\/SonoraEE\/\",\"https:\/\/x.com\/sonoraenequipo\",\"https:\/\/www.youtube.com\/channel\/UC338nW-lPEYmJQs4ZABQ1SQ\"]},{\"@type\":\"Person\",\"@id\":\"https:\/\/www.sonoraenequipo.com.mx\/#\/schema\/person\/50102df0fb23a8fa9e8effad8fa81386\",\"name\":\"enequipo\",\"image\":{\"@type\":\"ImageObject\",\"inLanguage\":\"es\",\"@id\":\"https:\/\/www.sonoraenequipo.com.mx\/#\/schema\/person\/image\/\",\"url\":\"https:\/\/secure.gravatar.com\/avatar\/049821681b589dabc0bc20695993ccebb09f5b5d4d790cd9251b97faac7c652b?s=96&d=blank&r=g\",\"contentUrl\":\"https:\/\/secure.gravatar.com\/avatar\/049821681b589dabc0bc20695993ccebb09f5b5d4d790cd9251b97faac7c652b?s=96&d=blank&r=g\",\"caption\":\"enequipo\"},\"sameAs\":[\"https:\/\/www.facebook.com\/SonoraEE\"]}]}<\/script>\n ","yoast_head_json":{"title":"Sonora en Equipo. Instituto de Infraestructura Educativa y AEPF mantendr\u00e1n trabajo coordinado Sonora","description":"HERMOSILLO, SONORA. MX. \u2014 Para que las obras a realizarse en los planteles escolares fluyan con prontitud y sin contratiempos, la Asociaci\u00f3n Estatal de En Sonora en Equipo publicamos toda la informaci\u00f3n de Sonora, M\u00e9xico y el Mundo de manera oportuna y busca que la libertad de expresi\u00f3n sea real. Visita nuestro medio informativo publicado desde Hermosillo, Sonora. %","robots":{"index":"index","follow":"follow","max-snippet":"max-snippet:-1","max-image-preview":"max-image-preview:large","max-video-preview":"max-video-preview:-1"},"canonical":"https:\/\/www.sonoraenequipo.com.mx\/instituto-de-infraestructura-educativa-y-asociacion-estatal-de-padres-de-familia-mantendran-trabajo-coordinado\/","og_locale":"es_ES","og_type":"article","og_title":"Sonora en Equipo. Instituto de Infraestructura Educativa y AEPF mantendr\u00e1n trabajo coordinado Sonora","og_description":"HERMOSILLO, SONORA. MX. \u2014 Para que las obras a realizarse en los planteles escolares fluyan con prontitud y sin contratiempos, la Asociaci\u00f3n Estatal de En Sonora en Equipo publicamos toda la informaci\u00f3n de Sonora, M\u00e9xico y el Mundo de manera oportuna y busca que la libertad de expresi\u00f3n sea real. Visita nuestro medio informativo publicado desde Hermosillo, Sonora. %","og_url":"https:\/\/www.sonoraenequipo.com.mx\/instituto-de-infraestructura-educativa-y-asociacion-estatal-de-padres-de-familia-mantendran-trabajo-coordinado\/","og_site_name":"Sonora en Equipo.","article_publisher":"https:\/\/www.facebook.com\/SonoraEE\/","article_author":"https:\/\/www.facebook.com\/SonoraEE","article_published_time":"2022-06-28T16:15:56+00:00","article_modified_time":"2022-06-28T21:29:19+00:00","og_image":[{"width":700,"height":400,"url":"https:\/\/www.sonoraenequipo.com.mx\/storage\/2022\/06\/soc-de-padres-de-familia.jpg","type":"image\/jpeg"}],"author":"enequipo","twitter_card":"summary_large_image","twitter_creator":"@sonoraenequipo","twitter_site":"@sonoraenequipo","twitter_misc":{"Escrito por":"enequipo","Tiempo de lectura":"2 minutos"},"schema":{"@context":"https:\/\/schema.org","@graph":[{"@type":"Article","@id":"https:\/\/www.sonoraenequipo.com.mx\/instituto-de-infraestructura-educativa-y-asociacion-estatal-de-padres-de-familia-mantendran-trabajo-coordinado\/#article","isPartOf":{"@id":"https:\/\/www.sonoraenequipo.com.mx\/instituto-de-infraestructura-educativa-y-asociacion-estatal-de-padres-de-familia-mantendran-trabajo-coordinado\/"},"author":{"name":"enequipo","@id":"https:\/\/www.sonoraenequipo.com.mx\/#\/schema\/person\/50102df0fb23a8fa9e8effad8fa81386"},"headline":"Instituto de Infraestructura Educativa y AEPF mantendr\u00e1n trabajo coordinado","datePublished":"2022-06-28T16:15:56+00:00","dateModified":"2022-06-28T21:29:19+00:00","mainEntityOfPage":{"@id":"https:\/\/www.sonoraenequipo.com.mx\/instituto-de-infraestructura-educativa-y-asociacion-estatal-de-padres-de-familia-mantendran-trabajo-coordinado\/"},"wordCount":334,"commentCount":0,"publisher":{"@id":"https:\/\/www.sonoraenequipo.com.mx\/#organization"},"image":{"@id":"https:\/\/www.sonoraenequipo.com.mx\/instituto-de-infraestructura-educativa-y-asociacion-estatal-de-padres-de-familia-mantendran-trabajo-coordinado\/#primaryimage"},"thumbnailUrl":"https:\/\/www.sonoraenequipo.com.mx\/storage\/2022\/06\/soc-de-padres-de-familia.jpg","articleSection":["Sonora"],"inLanguage":"es","potentialAction":[{"@type":"CommentAction","name":"Comment","target":["https:\/\/www.sonoraenequipo.com.mx\/instituto-de-infraestructura-educativa-y-asociacion-estatal-de-padres-de-familia-mantendran-trabajo-coordinado\/#respond"]}]},{"@type":"WebPage","@id":"https:\/\/www.sonoraenequipo.com.mx\/instituto-de-infraestructura-educativa-y-asociacion-estatal-de-padres-de-familia-mantendran-trabajo-coordinado\/","url":"https:\/\/www.sonoraenequipo.com.mx\/instituto-de-infraestructura-educativa-y-asociacion-estatal-de-padres-de-familia-mantendran-trabajo-coordinado\/","name":"Sonora en Equipo. Instituto de Infraestructura Educativa y AEPF mantendr\u00e1n trabajo coordinado Sonora","isPartOf":{"@id":"https:\/\/www.sonoraenequipo.com.mx\/#website"},"primaryImageOfPage":{"@id":"https:\/\/www.sonoraenequipo.com.mx\/instituto-de-infraestructura-educativa-y-asociacion-estatal-de-padres-de-familia-mantendran-trabajo-coordinado\/#primaryimage"},"image":{"@id":"https:\/\/www.sonoraenequipo.com.mx\/instituto-de-infraestructura-educativa-y-asociacion-estatal-de-padres-de-familia-mantendran-trabajo-coordinado\/#primaryimage"},"thumbnailUrl":"https:\/\/www.sonoraenequipo.com.mx\/storage\/2022\/06\/soc-de-padres-de-familia.jpg","datePublished":"2022-06-28T16:15:56+00:00","dateModified":"2022-06-28T21:29:19+00:00","description":"HERMOSILLO, SONORA. MX. \u2014 Para que las obras a realizarse en los planteles escolares fluyan con prontitud y sin contratiempos, la Asociaci\u00f3n Estatal de En Sonora en Equipo publicamos toda la informaci\u00f3n de Sonora, M\u00e9xico y el Mundo de manera oportuna y busca que la libertad de expresi\u00f3n sea real. Visita nuestro medio informativo publicado desde Hermosillo, Sonora. %","breadcrumb":{"@id":"https:\/\/www.sonoraenequipo.com.mx\/instituto-de-infraestructura-educativa-y-asociacion-estatal-de-padres-de-familia-mantendran-trabajo-coordinado\/#breadcrumb"},"inLanguage":"es","potentialAction":[{"@type":"ReadAction","target":["https:\/\/www.sonoraenequipo.com.mx\/instituto-de-infraestructura-educativa-y-asociacion-estatal-de-padres-de-familia-mantendran-trabajo-coordinado\/"]}]},{"@type":"ImageObject","inLanguage":"es","@id":"https:\/\/www.sonoraenequipo.com.mx\/instituto-de-infraestructura-educativa-y-asociacion-estatal-de-padres-de-familia-mantendran-trabajo-coordinado\/#primaryimage","url":"https:\/\/www.sonoraenequipo.com.mx\/storage\/2022\/06\/soc-de-padres-de-familia.jpg","contentUrl":"https:\/\/www.sonoraenequipo.com.mx\/storage\/2022\/06\/soc-de-padres-de-familia.jpg","width":700,"height":400},{"@type":"BreadcrumbList","@id":"https:\/\/www.sonoraenequipo.com.mx\/instituto-de-infraestructura-educativa-y-asociacion-estatal-de-padres-de-familia-mantendran-trabajo-coordinado\/#breadcrumb","itemListElement":[{"@type":"ListItem","position":1,"name":"Portada","item":"https:\/\/www.sonoraenequipo.com.mx\/"},{"@type":"ListItem","position":2,"name":"Instituto de Infraestructura Educativa y AEPF mantendr\u00e1n trabajo coordinado"}]},{"@type":"WebSite","@id":"https:\/\/www.sonoraenequipo.com.mx\/#website","url":"https:\/\/www.sonoraenequipo.com.mx\/","name":"Sonora en Equipo.","description":"Diario en l\u00ednea con Noticias desde Hermosillo, Sonora","publisher":{"@id":"https:\/\/www.sonoraenequipo.com.mx\/#organization"},"potentialAction":[{"@type":"SearchAction","target":{"@type":"EntryPoint","urlTemplate":"https:\/\/www.sonoraenequipo.com.mx\/?s={search_term_string}"},"query-input":{"@type":"PropertyValueSpecification","valueRequired":true,"valueName":"search_term_string"}}],"inLanguage":"es"},{"@type":"Organization","@id":"https:\/\/www.sonoraenequipo.com.mx\/#organization","name":"Sonoraenequipo.com.mx","url":"https:\/\/www.sonoraenequipo.com.mx\/","logo":{"@type":"ImageObject","inLanguage":"es","@id":"https:\/\/www.sonoraenequipo.com.mx\/#\/schema\/logo\/image\/","url":"https:\/\/www.sonoraenequipo.com.mx\/storage\/2019\/01\/sonoraenequipo_opt.png","contentUrl":"https:\/\/www.sonoraenequipo.com.mx\/storage\/2019\/01\/sonoraenequipo_opt.png","width":375,"height":125,"caption":"Sonoraenequipo.com.mx"},"image":{"@id":"https:\/\/www.sonoraenequipo.com.mx\/#\/schema\/logo\/image\/"},"sameAs":["https:\/\/www.facebook.com\/SonoraEE\/","https:\/\/x.com\/sonoraenequipo","https:\/\/www.youtube.com\/channel\/UC338nW-lPEYmJQs4ZABQ1SQ"]},{"@type":"Person","@id":"https:\/\/www.sonoraenequipo.com.mx\/#\/schema\/person\/50102df0fb23a8fa9e8effad8fa81386","name":"enequipo","image":{"@type":"ImageObject","inLanguage":"es","@id":"https:\/\/www.sonoraenequipo.com.mx\/#\/schema\/person\/image\/","url":"https:\/\/secure.gravatar.com\/avatar\/049821681b589dabc0bc20695993ccebb09f5b5d4d790cd9251b97faac7c652b?s=96&d=blank&r=g","contentUrl":"https:\/\/secure.gravatar.com\/avatar\/049821681b589dabc0bc20695993ccebb09f5b5d4d790cd9251b97faac7c652b?s=96&d=blank&r=g","caption":"enequipo"},"sameAs":["https:\/\/www.facebook.com\/SonoraEE"]}]}},"jetpack_featured_media_url":"https:\/\/www.sonoraenequipo.com.mx\/storage\/2022\/06\/soc-de-padres-de-familia.jpg","_links":{"self":[{"href":"https:\/\/www.sonoraenequipo.com.mx\/api\/wp\/v2\/posts\/141498","targetHints":{"allow":["GET"]}}],"collection":[{"href":"https:\/\/www.sonoraenequipo.com.mx\/api\/wp\/v2\/posts"}],"about":[{"href":"https:\/\/www.sonoraenequipo.com.mx\/api\/wp\/v2\/types\/post"}],"author":[{"embeddable":true,"href":"https:\/\/www.sonoraenequipo.com.mx\/api\/wp\/v2\/users\/1"}],"replies":[{"embeddable":true,"href":"https:\/\/www.sonoraenequipo.com.mx\/api\/wp\/v2\/comments?post=141498"}],"version-history":[{"count":3,"href":"https:\/\/www.sonoraenequipo.com.mx\/api\/wp\/v2\/posts\/141498\/revisions"}],"predecessor-version":[{"id":141501,"href":"https:\/\/www.sonoraenequipo.com.mx\/api\/wp\/v2\/posts\/141498\/revisions\/141501"}],"wp:featuredmedia":[{"embeddable":true,"href":"https:\/\/www.sonoraenequipo.com.mx\/api\/wp\/v2\/media\/141457"}],"wp:attachment":[{"href":"https:\/\/www.sonoraenequipo.com.mx\/api\/wp\/v2\/media?parent=141498"}],"wp:term":[{"taxonomy":"category","embeddable":true,"href":"https:\/\/www.sonoraenequipo.com.mx\/api\/wp\/v2\/categories?post=141498"},{"taxonomy":"post_tag","embeddable":true,"href":"https:\/\/www.sonoraenequipo.com.mx\/api\/wp\/v2\/tags?post=141498"}],"curies":[{"name":"wp","href":"https:\/\/api.w.org\/{rel}","templated":true}]}}