{"id":141521,"date":"2022-06-28T10:30:49","date_gmt":"2022-06-28T17:30:49","guid":{"rendered":"https:\/\/www.sonoraenequipo.com.mx\/?p=141521"},"modified":"2022-06-28T14:51:22","modified_gmt":"2022-06-28T21:51:22","slug":"presidente-lopez-obrador-se-reunira-con-biden-el-12-de-julio-en-washington","status":"publish","type":"post","link":"https:\/\/www.sonoraenequipo.com.mx\/presidente-lopez-obrador-se-reunira-con-biden-el-12-de-julio-en-washington\/","title":{"rendered":"Presidente L\u00f3pez Obrador se reunir\u00e1 con Biden el 12 de julio en Washington"},"content":{"rendered":"<p><strong>CIUDAD DE M\u00c9XICO. MX. \u2014 <\/strong>El presidente de M\u00e9xico, Andr\u00e9s Manuel L\u00f3pez Obrador (AMLO), inform\u00f3 hoy por la ma\u00f1na (28.06.2022),\u00a0 que se reunir\u00e1 con su colega de Estados Unidos, Joe Biden, el 12 de julio del 2022 en Washington.<\/p>\n<p>&nbsp;<\/p>\n<p> <\/p>\n<p>&nbsp;<\/p>\n<p><em><strong>\u201cQuiero comentar que el d\u00eda 12 de julio voy a tener una entrevista, un encuentro, con el presidente Biden en Washington\u201d,<\/strong><\/em> dijo y acot\u00f3 que el tema migratorio ser\u00e1 central, luego del hallazgo de 50 migrantes muertos en una caja de tr\u00e1iler en Texas, entre los que hab\u00eda al menos 22 mexicanos.<\/p>\n<p>&nbsp;<\/p>\n<p>L\u00f3pez Obrador se\u00f1al\u00f3, durante su conferencia ma\u00f1anera, que el tema migratorio se ha venido planteando por su gobierno y la muerte de los migrantes en Texas es una \u201camarga prueba de que hay que seguir insistiendo en apoyar a la gente par que no tenga necesidad de abandonar sus pueblos para irse a buscar la vida del otro lado de la frontera\u201d.<\/p>\n<p>&nbsp;<\/p>\n<p>Adem\u00e1s, dijo, estos hechos tan lamentables \u201ctienen que ver con la situaci\u00f3n de pobreza, de desesperaci\u00f3n, en hermanos centroamericanos, mexicanos\u201d.<\/p>\n<p>&nbsp;<\/p>\n<p>Y precis\u00f3 que suceden tambi\u00e9n porque hay tr\u00e1fico de personas y falta de controles en la frontera de Estados Unidos y M\u00e9xico.<\/p>\n<p>&nbsp;<\/p>\n<p>El mandatario confirm\u00f3 as\u00ed la reuni\u00f3n personal que tendr\u00e1 con Biden tras ausentarse de la Cumbre de las Am\u00e9ricas, que Estados Unidos organiz\u00f3 del 6 al 10 de junio pasado en Los \u00c1ngeles, y a donde el dirigente mexicano no acudi\u00f3 en protesta por la exclusi\u00f3n de Cuba, Nicaragua y Venezuela.<\/p>\n<p>&nbsp;<\/p>\n<p>L\u00f3pez Obrador dijo que partir\u00e1 el 11 de julio a Estados Unidos, un d\u00eda antes de la reuni\u00f3n. Se\u00f1al\u00f3 que a\u00fan se est\u00e1 definiendo la agenda a tratar.<\/p>\n<p>&nbsp;<\/p>\n<p>Insisti\u00f3 que el tema migratorio es central y tambi\u00e9n lo que tiene que ver con la cooperaci\u00f3n para enfrentar el tema inflacionario.<\/p>\n<p>&nbsp;<\/p>\n<p><strong><em>\u201cC\u00f3mo nos ayudamos mutuamente\u201d<\/em><\/strong>, dijo.<\/p>\n<p>&nbsp;<\/p>\n<p>Record\u00f3 que M\u00e9xico ha insistido en la necesidad de apoyar a Centrom\u00e9rica.<\/p>\n<p>&nbsp;<\/p>\n<p>L\u00f3pez Obrador inform\u00f3 que al viaje a Washington lo acompa\u00f1ar\u00e1 el secretario de Relaciones Exteriores, Marcelo Ebrard. Dijo que tambi\u00e9n ir\u00e1 su esposa, Beatriz Guti\u00e9rrez M\u00fcller,quien mantendr\u00e1 una reuni\u00f3n con la primera dama de Estados Unidos, Jill Biden.<\/p>\n<p>&nbsp;<\/p>\n<p>M\u00e9xico y Estados Unidos enfrentan un flujo migratorio sin precedentes, pues la Oficina de Aduanas y Protecci\u00f3n Fronteriza (CBP, en ingl\u00e9s) de Estados Unidos detect\u00f3 en el a\u00f1o fiscal 2021, que termin\u00f3 el 30 de septiembre pasado, a m\u00e1s de 1.7 millones de indocumentados en la frontera con M\u00e9xico.<\/p>\n<p>&nbsp;<\/p>\n<p>&nbsp;<\/p>\n<p>Mientras que el Gobierno mexicano report\u00f3 un incremento del 89% interanual en el n\u00famero de migrantes presentados o canalizados por la autoridad migratoria en el primer trimestre de 2022, al sumar 77,626 de enero a marzo.<\/p>\n<p>&nbsp;<\/p>\n<p>&nbsp;<\/p>\n<p>&nbsp;<\/p>\n<p>(Publicada el 28\/06\/2022 \/ Con informaci\u00f3n de\u00a0 EFE y N+)<\/p>\n","protected":false},"excerpt":{"rendered":"<p>CIUDAD DE M\u00c9XICO. MX. \u2014 El presidente de M\u00e9xico, Andr\u00e9s Manuel L\u00f3pez Obrador (AMLO), inform\u00f3&#8230;<\/p>\n","protected":false},"author":1,"featured_media":141522,"comment_status":"open","ping_status":"open","sticky":false,"template":"","format":"standard","meta":{"_monsterinsights_skip_tracking":false,"_monsterinsights_sitenote_active":false,"_monsterinsights_sitenote_note":"","_monsterinsights_sitenote_category":0,"footnotes":""},"categories":[5],"tags":[],"class_list":["post"],"yoast_head":" \n<title>Sonora en Equipo. Presidente L\u00f3pez Obrador se reunir\u00e1 con Biden el 12 de julio en Washington Rep\u00fablica<\/title>\n<meta name=\"description\" content=\"CIUDAD DE M\u00c9XICO. MX. \u2014 El presidente de M\u00e9xico, Andr\u00e9s Manuel L\u00f3pez Obrador (AMLO), inform\u00f3 hoy por la ma\u00f1na (28.06.2022),\u00a0 que se reunir\u00e1 con su colega En Sonora en Equipo publicamos toda la informaci\u00f3n de Sonora, M\u00e9xico y el Mundo de manera oportuna y busca que la libertad de expresi\u00f3n sea real. Visita nuestro medio informativo publicado desde Hermosillo, Sonora. %\" \/>\n<meta name=\"robots\" content=\"index, follow, max-snippet:-1, max-image-preview:large, max-video-preview:-1\" \/>\n<link rel=\"canonical\" href=\"https:\/\/www.sonoraenequipo.com.mx\/presidente-lopez-obrador-se-reunira-con-biden-el-12-de-julio-en-washington\/\" \/>\n<meta property=\"og:locale\" content=\"es_ES\" \/>\n<meta property=\"og:type\" content=\"article\" \/>\n<meta property=\"og:title\" content=\"Sonora en Equipo. Presidente L\u00f3pez Obrador se reunir\u00e1 con Biden el 12 de julio en Washington Rep\u00fablica\" \/>\n<meta property=\"og:description\" content=\"CIUDAD DE M\u00c9XICO. MX. \u2014 El presidente de M\u00e9xico, Andr\u00e9s Manuel L\u00f3pez Obrador (AMLO), inform\u00f3 hoy por la ma\u00f1na (28.06.2022),\u00a0 que se reunir\u00e1 con su colega En Sonora en Equipo publicamos toda la informaci\u00f3n de Sonora, M\u00e9xico y el Mundo de manera oportuna y busca que la libertad de expresi\u00f3n sea real. Visita nuestro medio informativo publicado desde Hermosillo, Sonora. %\" \/>\n<meta property=\"og:url\" content=\"https:\/\/www.sonoraenequipo.com.mx\/presidente-lopez-obrador-se-reunira-con-biden-el-12-de-julio-en-washington\/\" \/>\n<meta property=\"og:site_name\" content=\"Sonora en Equipo.\" \/>\n<meta property=\"article:publisher\" content=\"https:\/\/www.facebook.com\/SonoraEE\/\" \/>\n<meta property=\"article:author\" content=\"https:\/\/www.facebook.com\/SonoraEE\" \/>\n<meta property=\"article:published_time\" content=\"2022-06-28T17:30:49+00:00\" \/>\n<meta property=\"article:modified_time\" content=\"2022-06-28T21:51:22+00:00\" \/>\n<meta property=\"og:image\" content=\"https:\/\/www.sonoraenequipo.com.mx\/storage\/2022\/06\/Presidnete-Lopez-Obrador28.jpg\" \/>\n\t<meta property=\"og:image:width\" content=\"700\" \/>\n\t<meta property=\"og:image:height\" content=\"400\" \/>\n\t<meta property=\"og:image:type\" content=\"image\/jpeg\" \/>\n<meta name=\"author\" content=\"enequipo\" \/>\n<meta name=\"twitter:card\" content=\"summary_large_image\" \/>\n<meta name=\"twitter:creator\" content=\"@sonoraenequipo\" \/>\n<meta name=\"twitter:site\" content=\"@sonoraenequipo\" \/>\n<meta name=\"twitter:label1\" content=\"Escrito por\" \/>\n\t<meta name=\"twitter:data1\" content=\"enequipo\" \/>\n\t<meta name=\"twitter:label2\" content=\"Tiempo de lectura\" \/>\n\t<meta name=\"twitter:data2\" content=\"2 minutos\" \/>\n<script type=\"application\/ld+json\" class=\"yoast-schema-graph\">{\"@context\":\"https:\/\/schema.org\",\"@graph\":[{\"@type\":\"Article\",\"@id\":\"https:\/\/www.sonoraenequipo.com.mx\/presidente-lopez-obrador-se-reunira-con-biden-el-12-de-julio-en-washington\/#article\",\"isPartOf\":{\"@id\":\"https:\/\/www.sonoraenequipo.com.mx\/presidente-lopez-obrador-se-reunira-con-biden-el-12-de-julio-en-washington\/\"},\"author\":{\"name\":\"enequipo\",\"@id\":\"https:\/\/www.sonoraenequipo.com.mx\/#\/schema\/person\/50102df0fb23a8fa9e8effad8fa81386\"},\"headline\":\"Presidente L\u00f3pez Obrador se reunir\u00e1 con Biden el 12 de julio en Washington\",\"datePublished\":\"2022-06-28T17:30:49+00:00\",\"dateModified\":\"2022-06-28T21:51:22+00:00\",\"mainEntityOfPage\":{\"@id\":\"https:\/\/www.sonoraenequipo.com.mx\/presidente-lopez-obrador-se-reunira-con-biden-el-12-de-julio-en-washington\/\"},\"wordCount\":503,\"commentCount\":0,\"publisher\":{\"@id\":\"https:\/\/www.sonoraenequipo.com.mx\/#organization\"},\"image\":{\"@id\":\"https:\/\/www.sonoraenequipo.com.mx\/presidente-lopez-obrador-se-reunira-con-biden-el-12-de-julio-en-washington\/#primaryimage\"},\"thumbnailUrl\":\"https:\/\/www.sonoraenequipo.com.mx\/storage\/2022\/06\/Presidnete-Lopez-Obrador28.jpg\",\"articleSection\":[\"Rep\u00fablica\"],\"inLanguage\":\"es\",\"potentialAction\":[{\"@type\":\"CommentAction\",\"name\":\"Comment\",\"target\":[\"https:\/\/www.sonoraenequipo.com.mx\/presidente-lopez-obrador-se-reunira-con-biden-el-12-de-julio-en-washington\/#respond\"]}]},{\"@type\":\"WebPage\",\"@id\":\"https:\/\/www.sonoraenequipo.com.mx\/presidente-lopez-obrador-se-reunira-con-biden-el-12-de-julio-en-washington\/\",\"url\":\"https:\/\/www.sonoraenequipo.com.mx\/presidente-lopez-obrador-se-reunira-con-biden-el-12-de-julio-en-washington\/\",\"name\":\"Sonora en Equipo. Presidente L\u00f3pez Obrador se reunir\u00e1 con Biden el 12 de julio en Washington Rep\u00fablica\",\"isPartOf\":{\"@id\":\"https:\/\/www.sonoraenequipo.com.mx\/#website\"},\"primaryImageOfPage\":{\"@id\":\"https:\/\/www.sonoraenequipo.com.mx\/presidente-lopez-obrador-se-reunira-con-biden-el-12-de-julio-en-washington\/#primaryimage\"},\"image\":{\"@id\":\"https:\/\/www.sonoraenequipo.com.mx\/presidente-lopez-obrador-se-reunira-con-biden-el-12-de-julio-en-washington\/#primaryimage\"},\"thumbnailUrl\":\"https:\/\/www.sonoraenequipo.com.mx\/storage\/2022\/06\/Presidnete-Lopez-Obrador28.jpg\",\"datePublished\":\"2022-06-28T17:30:49+00:00\",\"dateModified\":\"2022-06-28T21:51:22+00:00\",\"description\":\"CIUDAD DE M\u00c9XICO. MX. \u2014 El presidente de M\u00e9xico, Andr\u00e9s Manuel L\u00f3pez Obrador (AMLO), inform\u00f3 hoy por la ma\u00f1na (28.06.2022),\u00a0 que se reunir\u00e1 con su colega En Sonora en Equipo publicamos toda la informaci\u00f3n de Sonora, M\u00e9xico y el Mundo de manera oportuna y busca que la libertad de expresi\u00f3n sea real. Visita nuestro medio informativo publicado desde Hermosillo, Sonora. %\",\"breadcrumb\":{\"@id\":\"https:\/\/www.sonoraenequipo.com.mx\/presidente-lopez-obrador-se-reunira-con-biden-el-12-de-julio-en-washington\/#breadcrumb\"},\"inLanguage\":\"es\",\"potentialAction\":[{\"@type\":\"ReadAction\",\"target\":[\"https:\/\/www.sonoraenequipo.com.mx\/presidente-lopez-obrador-se-reunira-con-biden-el-12-de-julio-en-washington\/\"]}]},{\"@type\":\"ImageObject\",\"inLanguage\":\"es\",\"@id\":\"https:\/\/www.sonoraenequipo.com.mx\/presidente-lopez-obrador-se-reunira-con-biden-el-12-de-julio-en-washington\/#primaryimage\",\"url\":\"https:\/\/www.sonoraenequipo.com.mx\/storage\/2022\/06\/Presidnete-Lopez-Obrador28.jpg\",\"contentUrl\":\"https:\/\/www.sonoraenequipo.com.mx\/storage\/2022\/06\/Presidnete-Lopez-Obrador28.jpg\",\"width\":700,\"height\":400},{\"@type\":\"BreadcrumbList\",\"@id\":\"https:\/\/www.sonoraenequipo.com.mx\/presidente-lopez-obrador-se-reunira-con-biden-el-12-de-julio-en-washington\/#breadcrumb\",\"itemListElement\":[{\"@type\":\"ListItem\",\"position\":1,\"name\":\"Portada\",\"item\":\"https:\/\/www.sonoraenequipo.com.mx\/\"},{\"@type\":\"ListItem\",\"position\":2,\"name\":\"Presidente L\u00f3pez Obrador se reunir\u00e1 con Biden el 12 de julio en Washington\"}]},{\"@type\":\"WebSite\",\"@id\":\"https:\/\/www.sonoraenequipo.com.mx\/#website\",\"url\":\"https:\/\/www.sonoraenequipo.com.mx\/\",\"name\":\"Sonora en Equipo.\",\"description\":\"Diario en l\u00ednea con Noticias desde Hermosillo, Sonora\",\"publisher\":{\"@id\":\"https:\/\/www.sonoraenequipo.com.mx\/#organization\"},\"potentialAction\":[{\"@type\":\"SearchAction\",\"target\":{\"@type\":\"EntryPoint\",\"urlTemplate\":\"https:\/\/www.sonoraenequipo.com.mx\/?s={search_term_string}\"},\"query-input\":{\"@type\":\"PropertyValueSpecification\",\"valueRequired\":true,\"valueName\":\"search_term_string\"}}],\"inLanguage\":\"es\"},{\"@type\":\"Organization\",\"@id\":\"https:\/\/www.sonoraenequipo.com.mx\/#organization\",\"name\":\"Sonoraenequipo.com.mx\",\"url\":\"https:\/\/www.sonoraenequipo.com.mx\/\",\"logo\":{\"@type\":\"ImageObject\",\"inLanguage\":\"es\",\"@id\":\"https:\/\/www.sonoraenequipo.com.mx\/#\/schema\/logo\/image\/\",\"url\":\"https:\/\/www.sonoraenequipo.com.mx\/storage\/2019\/01\/sonoraenequipo_opt.png\",\"contentUrl\":\"https:\/\/www.sonoraenequipo.com.mx\/storage\/2019\/01\/sonoraenequipo_opt.png\",\"width\":375,\"height\":125,\"caption\":\"Sonoraenequipo.com.mx\"},\"image\":{\"@id\":\"https:\/\/www.sonoraenequipo.com.mx\/#\/schema\/logo\/image\/\"},\"sameAs\":[\"https:\/\/www.facebook.com\/SonoraEE\/\",\"https:\/\/x.com\/sonoraenequipo\",\"https:\/\/www.youtube.com\/channel\/UC338nW-lPEYmJQs4ZABQ1SQ\"]},{\"@type\":\"Person\",\"@id\":\"https:\/\/www.sonoraenequipo.com.mx\/#\/schema\/person\/50102df0fb23a8fa9e8effad8fa81386\",\"name\":\"enequipo\",\"image\":{\"@type\":\"ImageObject\",\"inLanguage\":\"es\",\"@id\":\"https:\/\/www.sonoraenequipo.com.mx\/#\/schema\/person\/image\/\",\"url\":\"https:\/\/secure.gravatar.com\/avatar\/049821681b589dabc0bc20695993ccebb09f5b5d4d790cd9251b97faac7c652b?s=96&d=blank&r=g\",\"contentUrl\":\"https:\/\/secure.gravatar.com\/avatar\/049821681b589dabc0bc20695993ccebb09f5b5d4d790cd9251b97faac7c652b?s=96&d=blank&r=g\",\"caption\":\"enequipo\"},\"sameAs\":[\"https:\/\/www.facebook.com\/SonoraEE\"]}]}<\/script>\n ","yoast_head_json":{"title":"Sonora en Equipo. Presidente L\u00f3pez Obrador se reunir\u00e1 con Biden el 12 de julio en Washington Rep\u00fablica","description":"CIUDAD DE M\u00c9XICO. MX. \u2014 El presidente de M\u00e9xico, Andr\u00e9s Manuel L\u00f3pez Obrador (AMLO), inform\u00f3 hoy por la ma\u00f1na (28.06.2022),\u00a0 que se reunir\u00e1 con su colega En Sonora en Equipo publicamos toda la informaci\u00f3n de Sonora, M\u00e9xico y el Mundo de manera oportuna y busca que la libertad de expresi\u00f3n sea real. Visita nuestro medio informativo publicado desde Hermosillo, Sonora. %","robots":{"index":"index","follow":"follow","max-snippet":"max-snippet:-1","max-image-preview":"max-image-preview:large","max-video-preview":"max-video-preview:-1"},"canonical":"https:\/\/www.sonoraenequipo.com.mx\/presidente-lopez-obrador-se-reunira-con-biden-el-12-de-julio-en-washington\/","og_locale":"es_ES","og_type":"article","og_title":"Sonora en Equipo. Presidente L\u00f3pez Obrador se reunir\u00e1 con Biden el 12 de julio en Washington Rep\u00fablica","og_description":"CIUDAD DE M\u00c9XICO. MX. \u2014 El presidente de M\u00e9xico, Andr\u00e9s Manuel L\u00f3pez Obrador (AMLO), inform\u00f3 hoy por la ma\u00f1na (28.06.2022),\u00a0 que se reunir\u00e1 con su colega En Sonora en Equipo publicamos toda la informaci\u00f3n de Sonora, M\u00e9xico y el Mundo de manera oportuna y busca que la libertad de expresi\u00f3n sea real. Visita nuestro medio informativo publicado desde Hermosillo, Sonora. %","og_url":"https:\/\/www.sonoraenequipo.com.mx\/presidente-lopez-obrador-se-reunira-con-biden-el-12-de-julio-en-washington\/","og_site_name":"Sonora en Equipo.","article_publisher":"https:\/\/www.facebook.com\/SonoraEE\/","article_author":"https:\/\/www.facebook.com\/SonoraEE","article_published_time":"2022-06-28T17:30:49+00:00","article_modified_time":"2022-06-28T21:51:22+00:00","og_image":[{"width":700,"height":400,"url":"https:\/\/www.sonoraenequipo.com.mx\/storage\/2022\/06\/Presidnete-Lopez-Obrador28.jpg","type":"image\/jpeg"}],"author":"enequipo","twitter_card":"summary_large_image","twitter_creator":"@sonoraenequipo","twitter_site":"@sonoraenequipo","twitter_misc":{"Escrito por":"enequipo","Tiempo de lectura":"2 minutos"},"schema":{"@context":"https:\/\/schema.org","@graph":[{"@type":"Article","@id":"https:\/\/www.sonoraenequipo.com.mx\/presidente-lopez-obrador-se-reunira-con-biden-el-12-de-julio-en-washington\/#article","isPartOf":{"@id":"https:\/\/www.sonoraenequipo.com.mx\/presidente-lopez-obrador-se-reunira-con-biden-el-12-de-julio-en-washington\/"},"author":{"name":"enequipo","@id":"https:\/\/www.sonoraenequipo.com.mx\/#\/schema\/person\/50102df0fb23a8fa9e8effad8fa81386"},"headline":"Presidente L\u00f3pez Obrador se reunir\u00e1 con Biden el 12 de julio en Washington","datePublished":"2022-06-28T17:30:49+00:00","dateModified":"2022-06-28T21:51:22+00:00","mainEntityOfPage":{"@id":"https:\/\/www.sonoraenequipo.com.mx\/presidente-lopez-obrador-se-reunira-con-biden-el-12-de-julio-en-washington\/"},"wordCount":503,"commentCount":0,"publisher":{"@id":"https:\/\/www.sonoraenequipo.com.mx\/#organization"},"image":{"@id":"https:\/\/www.sonoraenequipo.com.mx\/presidente-lopez-obrador-se-reunira-con-biden-el-12-de-julio-en-washington\/#primaryimage"},"thumbnailUrl":"https:\/\/www.sonoraenequipo.com.mx\/storage\/2022\/06\/Presidnete-Lopez-Obrador28.jpg","articleSection":["Rep\u00fablica"],"inLanguage":"es","potentialAction":[{"@type":"CommentAction","name":"Comment","target":["https:\/\/www.sonoraenequipo.com.mx\/presidente-lopez-obrador-se-reunira-con-biden-el-12-de-julio-en-washington\/#respond"]}]},{"@type":"WebPage","@id":"https:\/\/www.sonoraenequipo.com.mx\/presidente-lopez-obrador-se-reunira-con-biden-el-12-de-julio-en-washington\/","url":"https:\/\/www.sonoraenequipo.com.mx\/presidente-lopez-obrador-se-reunira-con-biden-el-12-de-julio-en-washington\/","name":"Sonora en Equipo. Presidente L\u00f3pez Obrador se reunir\u00e1 con Biden el 12 de julio en Washington Rep\u00fablica","isPartOf":{"@id":"https:\/\/www.sonoraenequipo.com.mx\/#website"},"primaryImageOfPage":{"@id":"https:\/\/www.sonoraenequipo.com.mx\/presidente-lopez-obrador-se-reunira-con-biden-el-12-de-julio-en-washington\/#primaryimage"},"image":{"@id":"https:\/\/www.sonoraenequipo.com.mx\/presidente-lopez-obrador-se-reunira-con-biden-el-12-de-julio-en-washington\/#primaryimage"},"thumbnailUrl":"https:\/\/www.sonoraenequipo.com.mx\/storage\/2022\/06\/Presidnete-Lopez-Obrador28.jpg","datePublished":"2022-06-28T17:30:49+00:00","dateModified":"2022-06-28T21:51:22+00:00","description":"CIUDAD DE M\u00c9XICO. MX. \u2014 El presidente de M\u00e9xico, Andr\u00e9s Manuel L\u00f3pez Obrador (AMLO), inform\u00f3 hoy por la ma\u00f1na (28.06.2022),\u00a0 que se reunir\u00e1 con su colega En Sonora en Equipo publicamos toda la informaci\u00f3n de Sonora, M\u00e9xico y el Mundo de manera oportuna y busca que la libertad de expresi\u00f3n sea real. Visita nuestro medio informativo publicado desde Hermosillo, Sonora. %","breadcrumb":{"@id":"https:\/\/www.sonoraenequipo.com.mx\/presidente-lopez-obrador-se-reunira-con-biden-el-12-de-julio-en-washington\/#breadcrumb"},"inLanguage":"es","potentialAction":[{"@type":"ReadAction","target":["https:\/\/www.sonoraenequipo.com.mx\/presidente-lopez-obrador-se-reunira-con-biden-el-12-de-julio-en-washington\/"]}]},{"@type":"ImageObject","inLanguage":"es","@id":"https:\/\/www.sonoraenequipo.com.mx\/presidente-lopez-obrador-se-reunira-con-biden-el-12-de-julio-en-washington\/#primaryimage","url":"https:\/\/www.sonoraenequipo.com.mx\/storage\/2022\/06\/Presidnete-Lopez-Obrador28.jpg","contentUrl":"https:\/\/www.sonoraenequipo.com.mx\/storage\/2022\/06\/Presidnete-Lopez-Obrador28.jpg","width":700,"height":400},{"@type":"BreadcrumbList","@id":"https:\/\/www.sonoraenequipo.com.mx\/presidente-lopez-obrador-se-reunira-con-biden-el-12-de-julio-en-washington\/#breadcrumb","itemListElement":[{"@type":"ListItem","position":1,"name":"Portada","item":"https:\/\/www.sonoraenequipo.com.mx\/"},{"@type":"ListItem","position":2,"name":"Presidente L\u00f3pez Obrador se reunir\u00e1 con Biden el 12 de julio en Washington"}]},{"@type":"WebSite","@id":"https:\/\/www.sonoraenequipo.com.mx\/#website","url":"https:\/\/www.sonoraenequipo.com.mx\/","name":"Sonora en Equipo.","description":"Diario en l\u00ednea con Noticias desde Hermosillo, Sonora","publisher":{"@id":"https:\/\/www.sonoraenequipo.com.mx\/#organization"},"potentialAction":[{"@type":"SearchAction","target":{"@type":"EntryPoint","urlTemplate":"https:\/\/www.sonoraenequipo.com.mx\/?s={search_term_string}"},"query-input":{"@type":"PropertyValueSpecification","valueRequired":true,"valueName":"search_term_string"}}],"inLanguage":"es"},{"@type":"Organization","@id":"https:\/\/www.sonoraenequipo.com.mx\/#organization","name":"Sonoraenequipo.com.mx","url":"https:\/\/www.sonoraenequipo.com.mx\/","logo":{"@type":"ImageObject","inLanguage":"es","@id":"https:\/\/www.sonoraenequipo.com.mx\/#\/schema\/logo\/image\/","url":"https:\/\/www.sonoraenequipo.com.mx\/storage\/2019\/01\/sonoraenequipo_opt.png","contentUrl":"https:\/\/www.sonoraenequipo.com.mx\/storage\/2019\/01\/sonoraenequipo_opt.png","width":375,"height":125,"caption":"Sonoraenequipo.com.mx"},"image":{"@id":"https:\/\/www.sonoraenequipo.com.mx\/#\/schema\/logo\/image\/"},"sameAs":["https:\/\/www.facebook.com\/SonoraEE\/","https:\/\/x.com\/sonoraenequipo","https:\/\/www.youtube.com\/channel\/UC338nW-lPEYmJQs4ZABQ1SQ"]},{"@type":"Person","@id":"https:\/\/www.sonoraenequipo.com.mx\/#\/schema\/person\/50102df0fb23a8fa9e8effad8fa81386","name":"enequipo","image":{"@type":"ImageObject","inLanguage":"es","@id":"https:\/\/www.sonoraenequipo.com.mx\/#\/schema\/person\/image\/","url":"https:\/\/secure.gravatar.com\/avatar\/049821681b589dabc0bc20695993ccebb09f5b5d4d790cd9251b97faac7c652b?s=96&d=blank&r=g","contentUrl":"https:\/\/secure.gravatar.com\/avatar\/049821681b589dabc0bc20695993ccebb09f5b5d4d790cd9251b97faac7c652b?s=96&d=blank&r=g","caption":"enequipo"},"sameAs":["https:\/\/www.facebook.com\/SonoraEE"]}]}},"jetpack_featured_media_url":"https:\/\/www.sonoraenequipo.com.mx\/storage\/2022\/06\/Presidnete-Lopez-Obrador28.jpg","_links":{"self":[{"href":"https:\/\/www.sonoraenequipo.com.mx\/api\/wp\/v2\/posts\/141521","targetHints":{"allow":["GET"]}}],"collection":[{"href":"https:\/\/www.sonoraenequipo.com.mx\/api\/wp\/v2\/posts"}],"about":[{"href":"https:\/\/www.sonoraenequipo.com.mx\/api\/wp\/v2\/types\/post"}],"author":[{"embeddable":true,"href":"https:\/\/www.sonoraenequipo.com.mx\/api\/wp\/v2\/users\/1"}],"replies":[{"embeddable":true,"href":"https:\/\/www.sonoraenequipo.com.mx\/api\/wp\/v2\/comments?post=141521"}],"version-history":[{"count":1,"href":"https:\/\/www.sonoraenequipo.com.mx\/api\/wp\/v2\/posts\/141521\/revisions"}],"predecessor-version":[{"id":141523,"href":"https:\/\/www.sonoraenequipo.com.mx\/api\/wp\/v2\/posts\/141521\/revisions\/141523"}],"wp:featuredmedia":[{"embeddable":true,"href":"https:\/\/www.sonoraenequipo.com.mx\/api\/wp\/v2\/media\/141522"}],"wp:attachment":[{"href":"https:\/\/www.sonoraenequipo.com.mx\/api\/wp\/v2\/media?parent=141521"}],"wp:term":[{"taxonomy":"category","embeddable":true,"href":"https:\/\/www.sonoraenequipo.com.mx\/api\/wp\/v2\/categories?post=141521"},{"taxonomy":"post_tag","embeddable":true,"href":"https:\/\/www.sonoraenequipo.com.mx\/api\/wp\/v2\/tags?post=141521"}],"curies":[{"name":"wp","href":"https:\/\/api.w.org\/{rel}","templated":true}]}}