{"id":142646,"date":"2022-07-13T09:05:43","date_gmt":"2022-07-13T16:05:43","guid":{"rendered":"https:\/\/www.sonoraenequipo.com.mx\/?p=142646"},"modified":"2022-07-13T17:58:45","modified_gmt":"2022-07-14T00:58:45","slug":"euro-cae-por-debajo-del-dolar-por-primera-vez-desde-2002","status":"publish","type":"post","link":"https:\/\/www.sonoraenequipo.com.mx\/euro-cae-por-debajo-del-dolar-por-primera-vez-desde-2002\/","title":{"rendered":"Euro cae por debajo del d\u00f3lar por primera vez desde 2002"},"content":{"rendered":"<p><strong>ESTADOS UNIDOS. \u2014<\/strong> La cotizaci\u00f3n del euro cay\u00f3 brevemente por debajo de la del d\u00f3lar por primera vez desde diciembre de 2002, rompiendo un umbral simb\u00f3lico, lastrado por las perspectivas sombr\u00edas para la econom\u00eda europea ante los temores de que se suspenda el aprovisionamiento de gas ruso.<\/p>\n<p>&nbsp;<\/p>\n<p> <\/p>\n<p>En un momento de aceleraci\u00f3n inflacionaria en Estados Unidos, que abre la puerta a una pol\u00edtica monetaria contractiva de la Reserva Federal (Fed), el euro cotiz\u00f3 a 0.9998 d\u00f3lares.<\/p>\n<h3>Despu\u00e9s, la moneda \u00fanica europea repunt\u00f3.<\/h3>\n<p>Los temores sobre un cese total de las entregas de gas ruso hacia Europa ganan fuerza y el gobierno franc\u00e9s evoc\u00f3 este fin semana un \u201cprobable\u201d corte del suministro.<\/p>\n<p>&nbsp;<\/p>\n<p>\u201c\u00bfHasta d\u00f3nde puede ir esta ca\u00edda? Esto depende probablemente de la voluntad de Rusia de agravar la guerra econ\u00f3mica contra Europa\u201c, coment\u00f3 Jane Foley, de la firma Rabobank, que destac\u00f3 que \u201cadivinar\u201d las intenciones del presidente ruso Vladimir Putin no \u201ces f\u00e1cil\u201d.<\/p>\n<p>&nbsp;<\/p>\n<p>Ante un panorama inflacionario en Europa, el Banco Central Europeo (BCE) tiene poco margen, ya que una subida de las tasas puede amenazar el alica\u00eddo crecimiento en la zona.<\/p>\n<p>&nbsp;<\/p>\n<p>Con una subida de los precios r\u00e9cord de 10% en Espa\u00f1a, de 5.8 en Francia y de 7.6% en Alemania, el euro se ha depreciado un 12% desde principios de este a\u00f1o.<\/p>\n<p>&nbsp;<\/p>\n<p>Por su parte, el d\u00f3lar est\u00e1 sostenido por dos factores: su estatuto de valor refugio en un contexto de desaceleraci\u00f3n econ\u00f3mica y las subidas consecutivas de las tasas de inter\u00e9s de la Fed.<\/p>\n<p>&nbsp;<\/p>\n<p>&nbsp;<\/p>\n<p>(Publicada el 13\/07\/2022 \/ Con informaci\u00f3n de AFP)<\/p>\n","protected":false},"excerpt":{"rendered":"<p>ESTADOS UNIDOS. \u2014 La cotizaci\u00f3n del euro cay\u00f3 brevemente por debajo de la del d\u00f3lar&#8230;<\/p>\n","protected":false},"author":1,"featured_media":142647,"comment_status":"open","ping_status":"open","sticky":false,"template":"","format":"standard","meta":{"_monsterinsights_skip_tracking":false,"_monsterinsights_sitenote_active":false,"_monsterinsights_sitenote_note":"","_monsterinsights_sitenote_category":0,"footnotes":""},"categories":[3],"tags":[],"class_list":["post"],"yoast_head":" \n<title>Sonora en Equipo. Euro cae por debajo del d\u00f3lar por primera vez desde 2002 MUNDO<\/title>\n<meta name=\"description\" content=\"ESTADOS UNIDOS. \u2014 La cotizaci\u00f3n del euro cay\u00f3 brevemente por debajo de la del d\u00f3lar por primera vez desde diciembre de 2002, rompiendo un umbral En Sonora en Equipo publicamos toda la informaci\u00f3n de Sonora, M\u00e9xico y el Mundo de manera oportuna y busca que la libertad de expresi\u00f3n sea real. Visita nuestro medio informativo publicado desde Hermosillo, Sonora. %\" \/>\n<meta name=\"robots\" content=\"index, follow, max-snippet:-1, max-image-preview:large, max-video-preview:-1\" \/>\n<link rel=\"canonical\" href=\"https:\/\/www.sonoraenequipo.com.mx\/euro-cae-por-debajo-del-dolar-por-primera-vez-desde-2002\/\" \/>\n<meta property=\"og:locale\" content=\"es_ES\" \/>\n<meta property=\"og:type\" content=\"article\" \/>\n<meta property=\"og:title\" content=\"Sonora en Equipo. Euro cae por debajo del d\u00f3lar por primera vez desde 2002 MUNDO\" \/>\n<meta property=\"og:description\" content=\"ESTADOS UNIDOS. \u2014 La cotizaci\u00f3n del euro cay\u00f3 brevemente por debajo de la del d\u00f3lar por primera vez desde diciembre de 2002, rompiendo un umbral En Sonora en Equipo publicamos toda la informaci\u00f3n de Sonora, M\u00e9xico y el Mundo de manera oportuna y busca que la libertad de expresi\u00f3n sea real. Visita nuestro medio informativo publicado desde Hermosillo, Sonora. %\" \/>\n<meta property=\"og:url\" content=\"https:\/\/www.sonoraenequipo.com.mx\/euro-cae-por-debajo-del-dolar-por-primera-vez-desde-2002\/\" \/>\n<meta property=\"og:site_name\" content=\"Sonora en Equipo.\" \/>\n<meta property=\"article:publisher\" content=\"https:\/\/www.facebook.com\/SonoraEE\/\" \/>\n<meta property=\"article:author\" content=\"https:\/\/www.facebook.com\/SonoraEE\" \/>\n<meta property=\"article:published_time\" content=\"2022-07-13T16:05:43+00:00\" \/>\n<meta property=\"article:modified_time\" content=\"2022-07-14T00:58:45+00:00\" \/>\n<meta property=\"og:image\" content=\"https:\/\/www.sonoraenequipo.com.mx\/storage\/2022\/07\/Euro-cae-por-debajo-del-dolar-por-primera-vez-desde-2002.jpg\" \/>\n\t<meta property=\"og:image:width\" content=\"700\" \/>\n\t<meta property=\"og:image:height\" content=\"400\" \/>\n\t<meta property=\"og:image:type\" content=\"image\/jpeg\" \/>\n<meta name=\"author\" content=\"enequipo\" \/>\n<meta name=\"twitter:card\" content=\"summary_large_image\" \/>\n<meta name=\"twitter:creator\" content=\"@sonoraenequipo\" \/>\n<meta name=\"twitter:site\" content=\"@sonoraenequipo\" \/>\n<meta name=\"twitter:label1\" content=\"Escrito por\" \/>\n\t<meta name=\"twitter:data1\" content=\"enequipo\" \/>\n\t<meta name=\"twitter:label2\" content=\"Tiempo de lectura\" \/>\n\t<meta name=\"twitter:data2\" content=\"2 minutos\" \/>\n<script type=\"application\/ld+json\" class=\"yoast-schema-graph\">{\"@context\":\"https:\/\/schema.org\",\"@graph\":[{\"@type\":\"Article\",\"@id\":\"https:\/\/www.sonoraenequipo.com.mx\/euro-cae-por-debajo-del-dolar-por-primera-vez-desde-2002\/#article\",\"isPartOf\":{\"@id\":\"https:\/\/www.sonoraenequipo.com.mx\/euro-cae-por-debajo-del-dolar-por-primera-vez-desde-2002\/\"},\"author\":{\"name\":\"enequipo\",\"@id\":\"https:\/\/www.sonoraenequipo.com.mx\/#\/schema\/person\/50102df0fb23a8fa9e8effad8fa81386\"},\"headline\":\"Euro cae por debajo del d\u00f3lar por primera vez desde 2002\",\"datePublished\":\"2022-07-13T16:05:43+00:00\",\"dateModified\":\"2022-07-14T00:58:45+00:00\",\"mainEntityOfPage\":{\"@id\":\"https:\/\/www.sonoraenequipo.com.mx\/euro-cae-por-debajo-del-dolar-por-primera-vez-desde-2002\/\"},\"wordCount\":287,\"commentCount\":0,\"publisher\":{\"@id\":\"https:\/\/www.sonoraenequipo.com.mx\/#organization\"},\"image\":{\"@id\":\"https:\/\/www.sonoraenequipo.com.mx\/euro-cae-por-debajo-del-dolar-por-primera-vez-desde-2002\/#primaryimage\"},\"thumbnailUrl\":\"https:\/\/www.sonoraenequipo.com.mx\/storage\/2022\/07\/Euro-cae-por-debajo-del-dolar-por-primera-vez-desde-2002.jpg\",\"articleSection\":[\"MUNDO\"],\"inLanguage\":\"es\",\"potentialAction\":[{\"@type\":\"CommentAction\",\"name\":\"Comment\",\"target\":[\"https:\/\/www.sonoraenequipo.com.mx\/euro-cae-por-debajo-del-dolar-por-primera-vez-desde-2002\/#respond\"]}]},{\"@type\":\"WebPage\",\"@id\":\"https:\/\/www.sonoraenequipo.com.mx\/euro-cae-por-debajo-del-dolar-por-primera-vez-desde-2002\/\",\"url\":\"https:\/\/www.sonoraenequipo.com.mx\/euro-cae-por-debajo-del-dolar-por-primera-vez-desde-2002\/\",\"name\":\"Sonora en Equipo. Euro cae por debajo del d\u00f3lar por primera vez desde 2002 MUNDO\",\"isPartOf\":{\"@id\":\"https:\/\/www.sonoraenequipo.com.mx\/#website\"},\"primaryImageOfPage\":{\"@id\":\"https:\/\/www.sonoraenequipo.com.mx\/euro-cae-por-debajo-del-dolar-por-primera-vez-desde-2002\/#primaryimage\"},\"image\":{\"@id\":\"https:\/\/www.sonoraenequipo.com.mx\/euro-cae-por-debajo-del-dolar-por-primera-vez-desde-2002\/#primaryimage\"},\"thumbnailUrl\":\"https:\/\/www.sonoraenequipo.com.mx\/storage\/2022\/07\/Euro-cae-por-debajo-del-dolar-por-primera-vez-desde-2002.jpg\",\"datePublished\":\"2022-07-13T16:05:43+00:00\",\"dateModified\":\"2022-07-14T00:58:45+00:00\",\"description\":\"ESTADOS UNIDOS. \u2014 La cotizaci\u00f3n del euro cay\u00f3 brevemente por debajo de la del d\u00f3lar por primera vez desde diciembre de 2002, rompiendo un umbral En Sonora en Equipo publicamos toda la informaci\u00f3n de Sonora, M\u00e9xico y el Mundo de manera oportuna y busca que la libertad de expresi\u00f3n sea real. Visita nuestro medio informativo publicado desde Hermosillo, Sonora. %\",\"breadcrumb\":{\"@id\":\"https:\/\/www.sonoraenequipo.com.mx\/euro-cae-por-debajo-del-dolar-por-primera-vez-desde-2002\/#breadcrumb\"},\"inLanguage\":\"es\",\"potentialAction\":[{\"@type\":\"ReadAction\",\"target\":[\"https:\/\/www.sonoraenequipo.com.mx\/euro-cae-por-debajo-del-dolar-por-primera-vez-desde-2002\/\"]}]},{\"@type\":\"ImageObject\",\"inLanguage\":\"es\",\"@id\":\"https:\/\/www.sonoraenequipo.com.mx\/euro-cae-por-debajo-del-dolar-por-primera-vez-desde-2002\/#primaryimage\",\"url\":\"https:\/\/www.sonoraenequipo.com.mx\/storage\/2022\/07\/Euro-cae-por-debajo-del-dolar-por-primera-vez-desde-2002.jpg\",\"contentUrl\":\"https:\/\/www.sonoraenequipo.com.mx\/storage\/2022\/07\/Euro-cae-por-debajo-del-dolar-por-primera-vez-desde-2002.jpg\",\"width\":700,\"height\":400},{\"@type\":\"BreadcrumbList\",\"@id\":\"https:\/\/www.sonoraenequipo.com.mx\/euro-cae-por-debajo-del-dolar-por-primera-vez-desde-2002\/#breadcrumb\",\"itemListElement\":[{\"@type\":\"ListItem\",\"position\":1,\"name\":\"Portada\",\"item\":\"https:\/\/www.sonoraenequipo.com.mx\/\"},{\"@type\":\"ListItem\",\"position\":2,\"name\":\"Euro cae por debajo del d\u00f3lar por primera vez desde 2002\"}]},{\"@type\":\"WebSite\",\"@id\":\"https:\/\/www.sonoraenequipo.com.mx\/#website\",\"url\":\"https:\/\/www.sonoraenequipo.com.mx\/\",\"name\":\"Sonora en Equipo.\",\"description\":\"Diario en l\u00ednea con Noticias desde Hermosillo, Sonora\",\"publisher\":{\"@id\":\"https:\/\/www.sonoraenequipo.com.mx\/#organization\"},\"potentialAction\":[{\"@type\":\"SearchAction\",\"target\":{\"@type\":\"EntryPoint\",\"urlTemplate\":\"https:\/\/www.sonoraenequipo.com.mx\/?s={search_term_string}\"},\"query-input\":{\"@type\":\"PropertyValueSpecification\",\"valueRequired\":true,\"valueName\":\"search_term_string\"}}],\"inLanguage\":\"es\"},{\"@type\":\"Organization\",\"@id\":\"https:\/\/www.sonoraenequipo.com.mx\/#organization\",\"name\":\"Sonoraenequipo.com.mx\",\"url\":\"https:\/\/www.sonoraenequipo.com.mx\/\",\"logo\":{\"@type\":\"ImageObject\",\"inLanguage\":\"es\",\"@id\":\"https:\/\/www.sonoraenequipo.com.mx\/#\/schema\/logo\/image\/\",\"url\":\"https:\/\/www.sonoraenequipo.com.mx\/storage\/2019\/01\/sonoraenequipo_opt.png\",\"contentUrl\":\"https:\/\/www.sonoraenequipo.com.mx\/storage\/2019\/01\/sonoraenequipo_opt.png\",\"width\":375,\"height\":125,\"caption\":\"Sonoraenequipo.com.mx\"},\"image\":{\"@id\":\"https:\/\/www.sonoraenequipo.com.mx\/#\/schema\/logo\/image\/\"},\"sameAs\":[\"https:\/\/www.facebook.com\/SonoraEE\/\",\"https:\/\/x.com\/sonoraenequipo\",\"https:\/\/www.youtube.com\/channel\/UC338nW-lPEYmJQs4ZABQ1SQ\"]},{\"@type\":\"Person\",\"@id\":\"https:\/\/www.sonoraenequipo.com.mx\/#\/schema\/person\/50102df0fb23a8fa9e8effad8fa81386\",\"name\":\"enequipo\",\"image\":{\"@type\":\"ImageObject\",\"inLanguage\":\"es\",\"@id\":\"https:\/\/www.sonoraenequipo.com.mx\/#\/schema\/person\/image\/\",\"url\":\"https:\/\/secure.gravatar.com\/avatar\/049821681b589dabc0bc20695993ccebb09f5b5d4d790cd9251b97faac7c652b?s=96&d=blank&r=g\",\"contentUrl\":\"https:\/\/secure.gravatar.com\/avatar\/049821681b589dabc0bc20695993ccebb09f5b5d4d790cd9251b97faac7c652b?s=96&d=blank&r=g\",\"caption\":\"enequipo\"},\"sameAs\":[\"https:\/\/www.facebook.com\/SonoraEE\"]}]}<\/script>\n ","yoast_head_json":{"title":"Sonora en Equipo. Euro cae por debajo del d\u00f3lar por primera vez desde 2002 MUNDO","description":"ESTADOS UNIDOS. \u2014 La cotizaci\u00f3n del euro cay\u00f3 brevemente por debajo de la del d\u00f3lar por primera vez desde diciembre de 2002, rompiendo un umbral En Sonora en Equipo publicamos toda la informaci\u00f3n de Sonora, M\u00e9xico y el Mundo de manera oportuna y busca que la libertad de expresi\u00f3n sea real. Visita nuestro medio informativo publicado desde Hermosillo, Sonora. %","robots":{"index":"index","follow":"follow","max-snippet":"max-snippet:-1","max-image-preview":"max-image-preview:large","max-video-preview":"max-video-preview:-1"},"canonical":"https:\/\/www.sonoraenequipo.com.mx\/euro-cae-por-debajo-del-dolar-por-primera-vez-desde-2002\/","og_locale":"es_ES","og_type":"article","og_title":"Sonora en Equipo. Euro cae por debajo del d\u00f3lar por primera vez desde 2002 MUNDO","og_description":"ESTADOS UNIDOS. \u2014 La cotizaci\u00f3n del euro cay\u00f3 brevemente por debajo de la del d\u00f3lar por primera vez desde diciembre de 2002, rompiendo un umbral En Sonora en Equipo publicamos toda la informaci\u00f3n de Sonora, M\u00e9xico y el Mundo de manera oportuna y busca que la libertad de expresi\u00f3n sea real. Visita nuestro medio informativo publicado desde Hermosillo, Sonora. %","og_url":"https:\/\/www.sonoraenequipo.com.mx\/euro-cae-por-debajo-del-dolar-por-primera-vez-desde-2002\/","og_site_name":"Sonora en Equipo.","article_publisher":"https:\/\/www.facebook.com\/SonoraEE\/","article_author":"https:\/\/www.facebook.com\/SonoraEE","article_published_time":"2022-07-13T16:05:43+00:00","article_modified_time":"2022-07-14T00:58:45+00:00","og_image":[{"width":700,"height":400,"url":"https:\/\/www.sonoraenequipo.com.mx\/storage\/2022\/07\/Euro-cae-por-debajo-del-dolar-por-primera-vez-desde-2002.jpg","type":"image\/jpeg"}],"author":"enequipo","twitter_card":"summary_large_image","twitter_creator":"@sonoraenequipo","twitter_site":"@sonoraenequipo","twitter_misc":{"Escrito por":"enequipo","Tiempo de lectura":"2 minutos"},"schema":{"@context":"https:\/\/schema.org","@graph":[{"@type":"Article","@id":"https:\/\/www.sonoraenequipo.com.mx\/euro-cae-por-debajo-del-dolar-por-primera-vez-desde-2002\/#article","isPartOf":{"@id":"https:\/\/www.sonoraenequipo.com.mx\/euro-cae-por-debajo-del-dolar-por-primera-vez-desde-2002\/"},"author":{"name":"enequipo","@id":"https:\/\/www.sonoraenequipo.com.mx\/#\/schema\/person\/50102df0fb23a8fa9e8effad8fa81386"},"headline":"Euro cae por debajo del d\u00f3lar por primera vez desde 2002","datePublished":"2022-07-13T16:05:43+00:00","dateModified":"2022-07-14T00:58:45+00:00","mainEntityOfPage":{"@id":"https:\/\/www.sonoraenequipo.com.mx\/euro-cae-por-debajo-del-dolar-por-primera-vez-desde-2002\/"},"wordCount":287,"commentCount":0,"publisher":{"@id":"https:\/\/www.sonoraenequipo.com.mx\/#organization"},"image":{"@id":"https:\/\/www.sonoraenequipo.com.mx\/euro-cae-por-debajo-del-dolar-por-primera-vez-desde-2002\/#primaryimage"},"thumbnailUrl":"https:\/\/www.sonoraenequipo.com.mx\/storage\/2022\/07\/Euro-cae-por-debajo-del-dolar-por-primera-vez-desde-2002.jpg","articleSection":["MUNDO"],"inLanguage":"es","potentialAction":[{"@type":"CommentAction","name":"Comment","target":["https:\/\/www.sonoraenequipo.com.mx\/euro-cae-por-debajo-del-dolar-por-primera-vez-desde-2002\/#respond"]}]},{"@type":"WebPage","@id":"https:\/\/www.sonoraenequipo.com.mx\/euro-cae-por-debajo-del-dolar-por-primera-vez-desde-2002\/","url":"https:\/\/www.sonoraenequipo.com.mx\/euro-cae-por-debajo-del-dolar-por-primera-vez-desde-2002\/","name":"Sonora en Equipo. Euro cae por debajo del d\u00f3lar por primera vez desde 2002 MUNDO","isPartOf":{"@id":"https:\/\/www.sonoraenequipo.com.mx\/#website"},"primaryImageOfPage":{"@id":"https:\/\/www.sonoraenequipo.com.mx\/euro-cae-por-debajo-del-dolar-por-primera-vez-desde-2002\/#primaryimage"},"image":{"@id":"https:\/\/www.sonoraenequipo.com.mx\/euro-cae-por-debajo-del-dolar-por-primera-vez-desde-2002\/#primaryimage"},"thumbnailUrl":"https:\/\/www.sonoraenequipo.com.mx\/storage\/2022\/07\/Euro-cae-por-debajo-del-dolar-por-primera-vez-desde-2002.jpg","datePublished":"2022-07-13T16:05:43+00:00","dateModified":"2022-07-14T00:58:45+00:00","description":"ESTADOS UNIDOS. \u2014 La cotizaci\u00f3n del euro cay\u00f3 brevemente por debajo de la del d\u00f3lar por primera vez desde diciembre de 2002, rompiendo un umbral En Sonora en Equipo publicamos toda la informaci\u00f3n de Sonora, M\u00e9xico y el Mundo de manera oportuna y busca que la libertad de expresi\u00f3n sea real. Visita nuestro medio informativo publicado desde Hermosillo, Sonora. %","breadcrumb":{"@id":"https:\/\/www.sonoraenequipo.com.mx\/euro-cae-por-debajo-del-dolar-por-primera-vez-desde-2002\/#breadcrumb"},"inLanguage":"es","potentialAction":[{"@type":"ReadAction","target":["https:\/\/www.sonoraenequipo.com.mx\/euro-cae-por-debajo-del-dolar-por-primera-vez-desde-2002\/"]}]},{"@type":"ImageObject","inLanguage":"es","@id":"https:\/\/www.sonoraenequipo.com.mx\/euro-cae-por-debajo-del-dolar-por-primera-vez-desde-2002\/#primaryimage","url":"https:\/\/www.sonoraenequipo.com.mx\/storage\/2022\/07\/Euro-cae-por-debajo-del-dolar-por-primera-vez-desde-2002.jpg","contentUrl":"https:\/\/www.sonoraenequipo.com.mx\/storage\/2022\/07\/Euro-cae-por-debajo-del-dolar-por-primera-vez-desde-2002.jpg","width":700,"height":400},{"@type":"BreadcrumbList","@id":"https:\/\/www.sonoraenequipo.com.mx\/euro-cae-por-debajo-del-dolar-por-primera-vez-desde-2002\/#breadcrumb","itemListElement":[{"@type":"ListItem","position":1,"name":"Portada","item":"https:\/\/www.sonoraenequipo.com.mx\/"},{"@type":"ListItem","position":2,"name":"Euro cae por debajo del d\u00f3lar por primera vez desde 2002"}]},{"@type":"WebSite","@id":"https:\/\/www.sonoraenequipo.com.mx\/#website","url":"https:\/\/www.sonoraenequipo.com.mx\/","name":"Sonora en Equipo.","description":"Diario en l\u00ednea con Noticias desde Hermosillo, Sonora","publisher":{"@id":"https:\/\/www.sonoraenequipo.com.mx\/#organization"},"potentialAction":[{"@type":"SearchAction","target":{"@type":"EntryPoint","urlTemplate":"https:\/\/www.sonoraenequipo.com.mx\/?s={search_term_string}"},"query-input":{"@type":"PropertyValueSpecification","valueRequired":true,"valueName":"search_term_string"}}],"inLanguage":"es"},{"@type":"Organization","@id":"https:\/\/www.sonoraenequipo.com.mx\/#organization","name":"Sonoraenequipo.com.mx","url":"https:\/\/www.sonoraenequipo.com.mx\/","logo":{"@type":"ImageObject","inLanguage":"es","@id":"https:\/\/www.sonoraenequipo.com.mx\/#\/schema\/logo\/image\/","url":"https:\/\/www.sonoraenequipo.com.mx\/storage\/2019\/01\/sonoraenequipo_opt.png","contentUrl":"https:\/\/www.sonoraenequipo.com.mx\/storage\/2019\/01\/sonoraenequipo_opt.png","width":375,"height":125,"caption":"Sonoraenequipo.com.mx"},"image":{"@id":"https:\/\/www.sonoraenequipo.com.mx\/#\/schema\/logo\/image\/"},"sameAs":["https:\/\/www.facebook.com\/SonoraEE\/","https:\/\/x.com\/sonoraenequipo","https:\/\/www.youtube.com\/channel\/UC338nW-lPEYmJQs4ZABQ1SQ"]},{"@type":"Person","@id":"https:\/\/www.sonoraenequipo.com.mx\/#\/schema\/person\/50102df0fb23a8fa9e8effad8fa81386","name":"enequipo","image":{"@type":"ImageObject","inLanguage":"es","@id":"https:\/\/www.sonoraenequipo.com.mx\/#\/schema\/person\/image\/","url":"https:\/\/secure.gravatar.com\/avatar\/049821681b589dabc0bc20695993ccebb09f5b5d4d790cd9251b97faac7c652b?s=96&d=blank&r=g","contentUrl":"https:\/\/secure.gravatar.com\/avatar\/049821681b589dabc0bc20695993ccebb09f5b5d4d790cd9251b97faac7c652b?s=96&d=blank&r=g","caption":"enequipo"},"sameAs":["https:\/\/www.facebook.com\/SonoraEE"]}]}},"jetpack_featured_media_url":"https:\/\/www.sonoraenequipo.com.mx\/storage\/2022\/07\/Euro-cae-por-debajo-del-dolar-por-primera-vez-desde-2002.jpg","_links":{"self":[{"href":"https:\/\/www.sonoraenequipo.com.mx\/api\/wp\/v2\/posts\/142646","targetHints":{"allow":["GET"]}}],"collection":[{"href":"https:\/\/www.sonoraenequipo.com.mx\/api\/wp\/v2\/posts"}],"about":[{"href":"https:\/\/www.sonoraenequipo.com.mx\/api\/wp\/v2\/types\/post"}],"author":[{"embeddable":true,"href":"https:\/\/www.sonoraenequipo.com.mx\/api\/wp\/v2\/users\/1"}],"replies":[{"embeddable":true,"href":"https:\/\/www.sonoraenequipo.com.mx\/api\/wp\/v2\/comments?post=142646"}],"version-history":[{"count":2,"href":"https:\/\/www.sonoraenequipo.com.mx\/api\/wp\/v2\/posts\/142646\/revisions"}],"predecessor-version":[{"id":142649,"href":"https:\/\/www.sonoraenequipo.com.mx\/api\/wp\/v2\/posts\/142646\/revisions\/142649"}],"wp:featuredmedia":[{"embeddable":true,"href":"https:\/\/www.sonoraenequipo.com.mx\/api\/wp\/v2\/media\/142647"}],"wp:attachment":[{"href":"https:\/\/www.sonoraenequipo.com.mx\/api\/wp\/v2\/media?parent=142646"}],"wp:term":[{"taxonomy":"category","embeddable":true,"href":"https:\/\/www.sonoraenequipo.com.mx\/api\/wp\/v2\/categories?post=142646"},{"taxonomy":"post_tag","embeddable":true,"href":"https:\/\/www.sonoraenequipo.com.mx\/api\/wp\/v2\/tags?post=142646"}],"curies":[{"name":"wp","href":"https:\/\/api.w.org\/{rel}","templated":true}]}}