{"id":143329,"date":"2022-07-22T16:11:22","date_gmt":"2022-07-22T23:11:22","guid":{"rendered":"https:\/\/www.sonoraenequipo.com.mx\/?p=143329"},"modified":"2022-07-22T16:11:22","modified_gmt":"2022-07-22T23:11:22","slug":"mexico-refrenda-su-compromiso-con-la-conservacion-de-la-mariposa-monarca-y-su-habitat","status":"publish","type":"post","link":"https:\/\/www.sonoraenequipo.com.mx\/mexico-refrenda-su-compromiso-con-la-conservacion-de-la-mariposa-monarca-y-su-habitat\/","title":{"rendered":"M\u00e9xico refrenda su compromiso con la conservaci\u00f3n de la mariposa Monarca y su h\u00e1bitat"},"content":{"rendered":"<p>&nbsp;<\/p>\n<p>Monarca y el cuidado de su h\u00e1bitat<\/p>\n<p>&nbsp;<\/p>\n<p><strong>CIUDAD DE M\u00c9XICO.<\/strong><strong>\u2500\u2500<\/strong> El Gobierno de M\u00e9xico revisar\u00e1 y analizar\u00e1 la informaci\u00f3n emitida por la Uni\u00f3n<\/p>\n<p>Internacional para la Conservaci\u00f3n de la Naturaleza (UICN) respecto a la<\/p>\n<p>situaci\u00f3n de la mariposa Monarca, al incluirla en su lista roja de especies en peligro y ratifica su compromiso de conservar y<\/p>\n<p>proteger a esta especie y el fen\u00f3meno migratorio.<\/p>\n<p>En tanto, la Secretar\u00eda de Medio Ambiente y Recursos Naturales informa que a<\/p>\n<p>trav\u00e9s de sus organismos, la Comisi\u00f3n Nacional de \u00c1reas Naturales Protegidas<\/p>\n<p>(Conanp), la Comisi\u00f3n Nacional para el Conocimiento y Uso de la Biodiversidad<\/p>\n<p>(Conabio) y la Procuradur\u00eda Federal de Protecci\u00f3n al Ambiente (Profepa)<\/p>\n<p>realizan actividades de conservaci\u00f3n, protecci\u00f3n y restauraci\u00f3n de los<\/p>\n<p>ecosistemas y la biodiversidad de la Reserva de la Bi\u00f3sfera Mariposa Monarca,<\/p>\n<p>con el apoyo de aliados, los tres \u00f3rdenes de gobierno y las comunidades.<\/p>\n<p>Las medidas incluyen la restauraci\u00f3n forestal, vigilancia y monitoreo<\/p>\n<p>comunitario, prevenci\u00f3n, control y combate de incendios forestales en la RB<\/p>\n<p>Mariposa Monarca, adaptaci\u00f3n al cambio clim\u00e1tico, fortalecimiento del tejido<\/p>\n<p>social, impulso de estudios, proyectos productivos, capacitaciones y el trabajo<\/p>\n<p>con comuneros y ejidatarios. Asimismo, instancias como la Comisi\u00f3n Nacional<\/p>\n<p>Forestal (Conafor) y el Fondo Monarca generan obras de conservaci\u00f3n y<\/p>\n<p>aprovechamiento forestal, as\u00ed como pagos por la generaci\u00f3n de servicios<\/p>\n<p>ambientales.<\/p>\n<p>Estas acciones se llevan a cabo mediante la implementaci\u00f3n de programas de<\/p>\n<p>subsidio de la Conanp como el Programa para la Protecci\u00f3n y Restauraci\u00f3n de<\/p>\n<p>Ecosistemas y Especies en Riesgo (Prorest), el Programa de Conservaci\u00f3n para<\/p>\n<p>el Desarrollo Sostenible (Procodes) y el Pago por Servicios Ambientales (PSA), de<\/p>\n<p>Conafor.<\/p>\n<p>Destaca la prevenci\u00f3n, control y combate de incendios forestales en la RB<\/p>\n<p>Mariposa Monarca, se realizan con la participaci\u00f3n de los tres \u00f3rdenes de<\/p>\n<p>gobierno, las comunidades locales y organizaciones de la sociedad civil.<\/p>\n<p>Por su parte, el Decreto presidencial de diciembre de 2020 para disminuir<\/p>\n<p>gradualmente el uso de glifosato y prohibir la siembra de ma\u00edz transg\u00e9nico<\/p>\n<p>tiene un alcance importante en la conservaci\u00f3n de la mariposa Monarca, ya que<\/p>\n<p>el uso de herbicidas en las plantas de las que depende esta especie ha<\/p>\n<p>contribuido a su disminuci\u00f3n y pone en peligro el fen\u00f3meno de hibernaci\u00f3n,<\/p>\n<p>&nbsp;<\/p>\n<p>raz\u00f3n por la cual el Gobierno de M\u00e9xico seguir\u00e1 impulsando esta medida hasta<\/p>\n<p>la prohibici\u00f3n total del glifosato en nuestro pa\u00eds en 2024.<\/p>\n<p>En el Complejo Mariposa Monarca tambi\u00e9n se trabaja con apoyo del Programa<\/p>\n<p>de Adaptaci\u00f3n al Cambio Clim\u00e1tico, el cual permite implementar estrategias de<\/p>\n<p>adaptaci\u00f3n y mitigaci\u00f3n para reducir la vulnerabilidad de los ecosistemas y de<\/p>\n<p>las comunidades que habitan en las \u00c1reas Naturales Protegidas de la regi\u00f3n.<\/p>\n<p>Al buscar el equilibrio entre conservaci\u00f3n y desarrollo y mantener las tradiciones<\/p>\n<p>de las comunidades y ejidos que forman parte del \u00c1rea Natural Protegida, se<\/p>\n<p>fortalece el tejido social, incentivando su participaci\u00f3n en todas las actividades<\/p>\n<p>productivas y de conservaci\u00f3n.<\/p>\n<p>Se impulsan estudios y capacitaciones a trav\u00e9s de diferentes programas en<\/p>\n<p>coordinaci\u00f3n con los tres niveles de gobierno y organizaciones de la sociedad<\/p>\n<p>civil, lo que contribuye de manera significativa a la econom\u00eda de los pobladores<\/p>\n<p>que habitan en la Reserva de la Bi\u00f3sfera, genera fuentes de empleo y<\/p>\n<p>alternativas de producci\u00f3n y conservaci\u00f3n.<\/p>\n<p>El Complejo Mariposa Monarca involucra a cinco \u00c1reas Naturales Protegidas<\/p>\n<p>federales de M\u00e9xico, ubicadas en la Regi\u00f3n Centro y Eje Neovolc\u00e1nico: Reserva<\/p>\n<p>de la Bi\u00f3sfera Mariposa Monarca, \u00c1rea de Protecci\u00f3n de Recursos Naturales<\/p>\n<p>Zona Protectora Forestal los terrenos constitutivos de la cuenca de los r\u00edos Valle<\/p>\n<p>de Bravo, Malacatepec, Tilostoc y Temascaltepec, \u00c1rea de Protecci\u00f3n de Flora y<\/p>\n<p>Fauna Nevado de Toluca, Parque Nacional Iztacc\u00edhuatl-Popocat\u00e9petl y Parque<\/p>\n<p>Nacional La Malinche.<\/p>\n<p>En cuanto al fen\u00f3meno migratorio, la presencia de la mariposa Monarca en los<\/p>\n<p>bosques mexicanos de hibernaci\u00f3n aument\u00f3 en un 35% en diciembre de 2021,<\/p>\n<p>al ocupar 2.84 hect\u00e1reas (ha) de bosque frente a las 2.10 ha reportadas en el<\/p>\n<p>mismo mes de 2020; se ubicaron seis colonias dentro de la RBMM en 2.174 ha, y<\/p>\n<p>cuatro fuera de ella en 0.661 ha, divididas en cinco colonias en Michoac\u00e1n y<\/p>\n<p>cinco en el Estado de M\u00e9xico, con una ocupaci\u00f3n de 2.835 ha de bosque.<\/p>\n<p>Recientemente, el pasado 20 de julio, para fortalecer el trabajo de conservaci\u00f3n<\/p>\n<p>de manera coordinada, la secretaria de Medio Ambiente y Recursos Naturales,<\/p>\n<p>Mar\u00eda Luisa Albores Gonz\u00e1lez y el gobernador de Michoac\u00e1n, Alfredo Ram\u00edrez<\/p>\n<p>Bedolla, acordaron fomentar acciones de protecci\u00f3n, conservaci\u00f3n y<\/p>\n<p>preservaci\u00f3n de los bosques y del Santuario de la Mariposa Monarca en esa<\/p>\n<p>entidad.<\/p>\n<p><strong><u>Fecha de publicaci\u00f3n 22 de julio de 2022 <\/u><\/strong><\/p>\n<p>&nbsp;<\/p>\n","protected":false},"excerpt":{"rendered":"<p>&nbsp; Monarca y el cuidado de su h\u00e1bitat &nbsp; CIUDAD DE M\u00c9XICO.\u2500\u2500 El Gobierno de&#8230;<\/p>\n","protected":false},"author":1,"featured_media":143330,"comment_status":"open","ping_status":"open","sticky":false,"template":"","format":"standard","meta":{"_monsterinsights_skip_tracking":false,"_monsterinsights_sitenote_active":false,"_monsterinsights_sitenote_note":"","_monsterinsights_sitenote_category":0,"footnotes":""},"categories":[2216],"tags":[7308],"class_list":["post"],"yoast_head":" \n<title>Sonora en Equipo. M\u00e9xico refrenda su compromiso con la conservaci\u00f3n de la mariposa Monarca y su h\u00e1bitat Ciencia y Tecnolog\u00eda<\/title>\n<meta name=\"description\" content=\"&nbsp; Monarca y el cuidado de su h\u00e1bitat &nbsp; CIUDAD DE M\u00c9XICO.\u2500\u2500 El Gobierno de M\u00e9xico revisar\u00e1 y analizar\u00e1 la informaci\u00f3n emitida por la Uni\u00f3n En Sonora en Equipo publicamos toda la informaci\u00f3n de Sonora, M\u00e9xico y el Mundo de manera oportuna y busca que la libertad de expresi\u00f3n sea real. Visita nuestro medio informativo publicado desde Hermosillo, Sonora. %\" \/>\n<meta name=\"robots\" content=\"index, follow, max-snippet:-1, max-image-preview:large, max-video-preview:-1\" \/>\n<link rel=\"canonical\" href=\"https:\/\/www.sonoraenequipo.com.mx\/mexico-refrenda-su-compromiso-con-la-conservacion-de-la-mariposa-monarca-y-su-habitat\/\" \/>\n<meta property=\"og:locale\" content=\"es_ES\" \/>\n<meta property=\"og:type\" content=\"article\" \/>\n<meta property=\"og:title\" content=\"Sonora en Equipo. M\u00e9xico refrenda su compromiso con la conservaci\u00f3n de la mariposa Monarca y su h\u00e1bitat Ciencia y Tecnolog\u00eda\" \/>\n<meta property=\"og:description\" content=\"&nbsp; Monarca y el cuidado de su h\u00e1bitat &nbsp; CIUDAD DE M\u00c9XICO.\u2500\u2500 El Gobierno de M\u00e9xico revisar\u00e1 y analizar\u00e1 la informaci\u00f3n emitida por la Uni\u00f3n En Sonora en Equipo publicamos toda la informaci\u00f3n de Sonora, M\u00e9xico y el Mundo de manera oportuna y busca que la libertad de expresi\u00f3n sea real. Visita nuestro medio informativo publicado desde Hermosillo, Sonora. %\" \/>\n<meta property=\"og:url\" content=\"https:\/\/www.sonoraenequipo.com.mx\/mexico-refrenda-su-compromiso-con-la-conservacion-de-la-mariposa-monarca-y-su-habitat\/\" \/>\n<meta property=\"og:site_name\" content=\"Sonora en Equipo.\" \/>\n<meta property=\"article:publisher\" content=\"https:\/\/www.facebook.com\/SonoraEE\/\" \/>\n<meta property=\"article:author\" content=\"https:\/\/www.facebook.com\/SonoraEE\" \/>\n<meta property=\"article:published_time\" content=\"2022-07-22T23:11:22+00:00\" \/>\n<meta property=\"og:image\" content=\"https:\/\/www.sonoraenequipo.com.mx\/storage\/2022\/07\/monarca.jpg\" \/>\n\t<meta property=\"og:image:width\" content=\"900\" \/>\n\t<meta property=\"og:image:height\" content=\"555\" \/>\n\t<meta property=\"og:image:type\" content=\"image\/jpeg\" \/>\n<meta name=\"author\" content=\"enequipo\" \/>\n<meta name=\"twitter:card\" content=\"summary_large_image\" \/>\n<meta name=\"twitter:creator\" content=\"@sonoraenequipo\" \/>\n<meta name=\"twitter:site\" content=\"@sonoraenequipo\" \/>\n<meta name=\"twitter:label1\" content=\"Escrito por\" \/>\n\t<meta name=\"twitter:data1\" content=\"enequipo\" \/>\n\t<meta name=\"twitter:label2\" content=\"Tiempo de lectura\" \/>\n\t<meta name=\"twitter:data2\" content=\"4 minutos\" \/>\n<script type=\"application\/ld+json\" class=\"yoast-schema-graph\">{\"@context\":\"https:\/\/schema.org\",\"@graph\":[{\"@type\":\"Article\",\"@id\":\"https:\/\/www.sonoraenequipo.com.mx\/mexico-refrenda-su-compromiso-con-la-conservacion-de-la-mariposa-monarca-y-su-habitat\/#article\",\"isPartOf\":{\"@id\":\"https:\/\/www.sonoraenequipo.com.mx\/mexico-refrenda-su-compromiso-con-la-conservacion-de-la-mariposa-monarca-y-su-habitat\/\"},\"author\":{\"name\":\"enequipo\",\"@id\":\"https:\/\/www.sonoraenequipo.com.mx\/#\/schema\/person\/50102df0fb23a8fa9e8effad8fa81386\"},\"headline\":\"M\u00e9xico refrenda su compromiso con la conservaci\u00f3n de la mariposa Monarca y su h\u00e1bitat\",\"datePublished\":\"2022-07-22T23:11:22+00:00\",\"mainEntityOfPage\":{\"@id\":\"https:\/\/www.sonoraenequipo.com.mx\/mexico-refrenda-su-compromiso-con-la-conservacion-de-la-mariposa-monarca-y-su-habitat\/\"},\"wordCount\":831,\"commentCount\":0,\"publisher\":{\"@id\":\"https:\/\/www.sonoraenequipo.com.mx\/#organization\"},\"image\":{\"@id\":\"https:\/\/www.sonoraenequipo.com.mx\/mexico-refrenda-su-compromiso-con-la-conservacion-de-la-mariposa-monarca-y-su-habitat\/#primaryimage\"},\"thumbnailUrl\":\"https:\/\/www.sonoraenequipo.com.mx\/storage\/2022\/07\/monarca.jpg\",\"keywords\":[\"mariposa monarca\"],\"articleSection\":[\"Ciencia y Tecnolog\u00eda\"],\"inLanguage\":\"es\",\"potentialAction\":[{\"@type\":\"CommentAction\",\"name\":\"Comment\",\"target\":[\"https:\/\/www.sonoraenequipo.com.mx\/mexico-refrenda-su-compromiso-con-la-conservacion-de-la-mariposa-monarca-y-su-habitat\/#respond\"]}]},{\"@type\":\"WebPage\",\"@id\":\"https:\/\/www.sonoraenequipo.com.mx\/mexico-refrenda-su-compromiso-con-la-conservacion-de-la-mariposa-monarca-y-su-habitat\/\",\"url\":\"https:\/\/www.sonoraenequipo.com.mx\/mexico-refrenda-su-compromiso-con-la-conservacion-de-la-mariposa-monarca-y-su-habitat\/\",\"name\":\"Sonora en Equipo. M\u00e9xico refrenda su compromiso con la conservaci\u00f3n de la mariposa Monarca y su h\u00e1bitat Ciencia y Tecnolog\u00eda\",\"isPartOf\":{\"@id\":\"https:\/\/www.sonoraenequipo.com.mx\/#website\"},\"primaryImageOfPage\":{\"@id\":\"https:\/\/www.sonoraenequipo.com.mx\/mexico-refrenda-su-compromiso-con-la-conservacion-de-la-mariposa-monarca-y-su-habitat\/#primaryimage\"},\"image\":{\"@id\":\"https:\/\/www.sonoraenequipo.com.mx\/mexico-refrenda-su-compromiso-con-la-conservacion-de-la-mariposa-monarca-y-su-habitat\/#primaryimage\"},\"thumbnailUrl\":\"https:\/\/www.sonoraenequipo.com.mx\/storage\/2022\/07\/monarca.jpg\",\"datePublished\":\"2022-07-22T23:11:22+00:00\",\"description\":\"&nbsp; Monarca y el cuidado de su h\u00e1bitat &nbsp; CIUDAD DE M\u00c9XICO.\u2500\u2500 El Gobierno de M\u00e9xico revisar\u00e1 y analizar\u00e1 la informaci\u00f3n emitida por la Uni\u00f3n En Sonora en Equipo publicamos toda la informaci\u00f3n de Sonora, M\u00e9xico y el Mundo de manera oportuna y busca que la libertad de expresi\u00f3n sea real. Visita nuestro medio informativo publicado desde Hermosillo, Sonora. %\",\"breadcrumb\":{\"@id\":\"https:\/\/www.sonoraenequipo.com.mx\/mexico-refrenda-su-compromiso-con-la-conservacion-de-la-mariposa-monarca-y-su-habitat\/#breadcrumb\"},\"inLanguage\":\"es\",\"potentialAction\":[{\"@type\":\"ReadAction\",\"target\":[\"https:\/\/www.sonoraenequipo.com.mx\/mexico-refrenda-su-compromiso-con-la-conservacion-de-la-mariposa-monarca-y-su-habitat\/\"]}]},{\"@type\":\"ImageObject\",\"inLanguage\":\"es\",\"@id\":\"https:\/\/www.sonoraenequipo.com.mx\/mexico-refrenda-su-compromiso-con-la-conservacion-de-la-mariposa-monarca-y-su-habitat\/#primaryimage\",\"url\":\"https:\/\/www.sonoraenequipo.com.mx\/storage\/2022\/07\/monarca.jpg\",\"contentUrl\":\"https:\/\/www.sonoraenequipo.com.mx\/storage\/2022\/07\/monarca.jpg\",\"width\":900,\"height\":555},{\"@type\":\"BreadcrumbList\",\"@id\":\"https:\/\/www.sonoraenequipo.com.mx\/mexico-refrenda-su-compromiso-con-la-conservacion-de-la-mariposa-monarca-y-su-habitat\/#breadcrumb\",\"itemListElement\":[{\"@type\":\"ListItem\",\"position\":1,\"name\":\"Portada\",\"item\":\"https:\/\/www.sonoraenequipo.com.mx\/\"},{\"@type\":\"ListItem\",\"position\":2,\"name\":\"M\u00e9xico refrenda su compromiso con la conservaci\u00f3n de la mariposa Monarca y su h\u00e1bitat\"}]},{\"@type\":\"WebSite\",\"@id\":\"https:\/\/www.sonoraenequipo.com.mx\/#website\",\"url\":\"https:\/\/www.sonoraenequipo.com.mx\/\",\"name\":\"Sonora en Equipo.\",\"description\":\"Diario en l\u00ednea con Noticias desde Hermosillo, Sonora\",\"publisher\":{\"@id\":\"https:\/\/www.sonoraenequipo.com.mx\/#organization\"},\"potentialAction\":[{\"@type\":\"SearchAction\",\"target\":{\"@type\":\"EntryPoint\",\"urlTemplate\":\"https:\/\/www.sonoraenequipo.com.mx\/?s={search_term_string}\"},\"query-input\":{\"@type\":\"PropertyValueSpecification\",\"valueRequired\":true,\"valueName\":\"search_term_string\"}}],\"inLanguage\":\"es\"},{\"@type\":\"Organization\",\"@id\":\"https:\/\/www.sonoraenequipo.com.mx\/#organization\",\"name\":\"Sonoraenequipo.com.mx\",\"url\":\"https:\/\/www.sonoraenequipo.com.mx\/\",\"logo\":{\"@type\":\"ImageObject\",\"inLanguage\":\"es\",\"@id\":\"https:\/\/www.sonoraenequipo.com.mx\/#\/schema\/logo\/image\/\",\"url\":\"https:\/\/www.sonoraenequipo.com.mx\/storage\/2019\/01\/sonoraenequipo_opt.png\",\"contentUrl\":\"https:\/\/www.sonoraenequipo.com.mx\/storage\/2019\/01\/sonoraenequipo_opt.png\",\"width\":375,\"height\":125,\"caption\":\"Sonoraenequipo.com.mx\"},\"image\":{\"@id\":\"https:\/\/www.sonoraenequipo.com.mx\/#\/schema\/logo\/image\/\"},\"sameAs\":[\"https:\/\/www.facebook.com\/SonoraEE\/\",\"https:\/\/x.com\/sonoraenequipo\",\"https:\/\/www.youtube.com\/channel\/UC338nW-lPEYmJQs4ZABQ1SQ\"]},{\"@type\":\"Person\",\"@id\":\"https:\/\/www.sonoraenequipo.com.mx\/#\/schema\/person\/50102df0fb23a8fa9e8effad8fa81386\",\"name\":\"enequipo\",\"image\":{\"@type\":\"ImageObject\",\"inLanguage\":\"es\",\"@id\":\"https:\/\/www.sonoraenequipo.com.mx\/#\/schema\/person\/image\/\",\"url\":\"https:\/\/secure.gravatar.com\/avatar\/049821681b589dabc0bc20695993ccebb09f5b5d4d790cd9251b97faac7c652b?s=96&d=blank&r=g\",\"contentUrl\":\"https:\/\/secure.gravatar.com\/avatar\/049821681b589dabc0bc20695993ccebb09f5b5d4d790cd9251b97faac7c652b?s=96&d=blank&r=g\",\"caption\":\"enequipo\"},\"sameAs\":[\"https:\/\/www.facebook.com\/SonoraEE\"]}]}<\/script>\n ","yoast_head_json":{"title":"Sonora en Equipo. M\u00e9xico refrenda su compromiso con la conservaci\u00f3n de la mariposa Monarca y su h\u00e1bitat Ciencia y Tecnolog\u00eda","description":"&nbsp; Monarca y el cuidado de su h\u00e1bitat &nbsp; CIUDAD DE M\u00c9XICO.\u2500\u2500 El Gobierno de M\u00e9xico revisar\u00e1 y analizar\u00e1 la informaci\u00f3n emitida por la Uni\u00f3n En Sonora en Equipo publicamos toda la informaci\u00f3n de Sonora, M\u00e9xico y el Mundo de manera oportuna y busca que la libertad de expresi\u00f3n sea real. Visita nuestro medio informativo publicado desde Hermosillo, Sonora. %","robots":{"index":"index","follow":"follow","max-snippet":"max-snippet:-1","max-image-preview":"max-image-preview:large","max-video-preview":"max-video-preview:-1"},"canonical":"https:\/\/www.sonoraenequipo.com.mx\/mexico-refrenda-su-compromiso-con-la-conservacion-de-la-mariposa-monarca-y-su-habitat\/","og_locale":"es_ES","og_type":"article","og_title":"Sonora en Equipo. M\u00e9xico refrenda su compromiso con la conservaci\u00f3n de la mariposa Monarca y su h\u00e1bitat Ciencia y Tecnolog\u00eda","og_description":"&nbsp; Monarca y el cuidado de su h\u00e1bitat &nbsp; CIUDAD DE M\u00c9XICO.\u2500\u2500 El Gobierno de M\u00e9xico revisar\u00e1 y analizar\u00e1 la informaci\u00f3n emitida por la Uni\u00f3n En Sonora en Equipo publicamos toda la informaci\u00f3n de Sonora, M\u00e9xico y el Mundo de manera oportuna y busca que la libertad de expresi\u00f3n sea real. Visita nuestro medio informativo publicado desde Hermosillo, Sonora. %","og_url":"https:\/\/www.sonoraenequipo.com.mx\/mexico-refrenda-su-compromiso-con-la-conservacion-de-la-mariposa-monarca-y-su-habitat\/","og_site_name":"Sonora en Equipo.","article_publisher":"https:\/\/www.facebook.com\/SonoraEE\/","article_author":"https:\/\/www.facebook.com\/SonoraEE","article_published_time":"2022-07-22T23:11:22+00:00","og_image":[{"width":900,"height":555,"url":"https:\/\/www.sonoraenequipo.com.mx\/storage\/2022\/07\/monarca.jpg","type":"image\/jpeg"}],"author":"enequipo","twitter_card":"summary_large_image","twitter_creator":"@sonoraenequipo","twitter_site":"@sonoraenequipo","twitter_misc":{"Escrito por":"enequipo","Tiempo de lectura":"4 minutos"},"schema":{"@context":"https:\/\/schema.org","@graph":[{"@type":"Article","@id":"https:\/\/www.sonoraenequipo.com.mx\/mexico-refrenda-su-compromiso-con-la-conservacion-de-la-mariposa-monarca-y-su-habitat\/#article","isPartOf":{"@id":"https:\/\/www.sonoraenequipo.com.mx\/mexico-refrenda-su-compromiso-con-la-conservacion-de-la-mariposa-monarca-y-su-habitat\/"},"author":{"name":"enequipo","@id":"https:\/\/www.sonoraenequipo.com.mx\/#\/schema\/person\/50102df0fb23a8fa9e8effad8fa81386"},"headline":"M\u00e9xico refrenda su compromiso con la conservaci\u00f3n de la mariposa Monarca y su h\u00e1bitat","datePublished":"2022-07-22T23:11:22+00:00","mainEntityOfPage":{"@id":"https:\/\/www.sonoraenequipo.com.mx\/mexico-refrenda-su-compromiso-con-la-conservacion-de-la-mariposa-monarca-y-su-habitat\/"},"wordCount":831,"commentCount":0,"publisher":{"@id":"https:\/\/www.sonoraenequipo.com.mx\/#organization"},"image":{"@id":"https:\/\/www.sonoraenequipo.com.mx\/mexico-refrenda-su-compromiso-con-la-conservacion-de-la-mariposa-monarca-y-su-habitat\/#primaryimage"},"thumbnailUrl":"https:\/\/www.sonoraenequipo.com.mx\/storage\/2022\/07\/monarca.jpg","keywords":["mariposa monarca"],"articleSection":["Ciencia y Tecnolog\u00eda"],"inLanguage":"es","potentialAction":[{"@type":"CommentAction","name":"Comment","target":["https:\/\/www.sonoraenequipo.com.mx\/mexico-refrenda-su-compromiso-con-la-conservacion-de-la-mariposa-monarca-y-su-habitat\/#respond"]}]},{"@type":"WebPage","@id":"https:\/\/www.sonoraenequipo.com.mx\/mexico-refrenda-su-compromiso-con-la-conservacion-de-la-mariposa-monarca-y-su-habitat\/","url":"https:\/\/www.sonoraenequipo.com.mx\/mexico-refrenda-su-compromiso-con-la-conservacion-de-la-mariposa-monarca-y-su-habitat\/","name":"Sonora en Equipo. M\u00e9xico refrenda su compromiso con la conservaci\u00f3n de la mariposa Monarca y su h\u00e1bitat Ciencia y Tecnolog\u00eda","isPartOf":{"@id":"https:\/\/www.sonoraenequipo.com.mx\/#website"},"primaryImageOfPage":{"@id":"https:\/\/www.sonoraenequipo.com.mx\/mexico-refrenda-su-compromiso-con-la-conservacion-de-la-mariposa-monarca-y-su-habitat\/#primaryimage"},"image":{"@id":"https:\/\/www.sonoraenequipo.com.mx\/mexico-refrenda-su-compromiso-con-la-conservacion-de-la-mariposa-monarca-y-su-habitat\/#primaryimage"},"thumbnailUrl":"https:\/\/www.sonoraenequipo.com.mx\/storage\/2022\/07\/monarca.jpg","datePublished":"2022-07-22T23:11:22+00:00","description":"&nbsp; Monarca y el cuidado de su h\u00e1bitat &nbsp; CIUDAD DE M\u00c9XICO.\u2500\u2500 El Gobierno de M\u00e9xico revisar\u00e1 y analizar\u00e1 la informaci\u00f3n emitida por la Uni\u00f3n En Sonora en Equipo publicamos toda la informaci\u00f3n de Sonora, M\u00e9xico y el Mundo de manera oportuna y busca que la libertad de expresi\u00f3n sea real. Visita nuestro medio informativo publicado desde Hermosillo, Sonora. %","breadcrumb":{"@id":"https:\/\/www.sonoraenequipo.com.mx\/mexico-refrenda-su-compromiso-con-la-conservacion-de-la-mariposa-monarca-y-su-habitat\/#breadcrumb"},"inLanguage":"es","potentialAction":[{"@type":"ReadAction","target":["https:\/\/www.sonoraenequipo.com.mx\/mexico-refrenda-su-compromiso-con-la-conservacion-de-la-mariposa-monarca-y-su-habitat\/"]}]},{"@type":"ImageObject","inLanguage":"es","@id":"https:\/\/www.sonoraenequipo.com.mx\/mexico-refrenda-su-compromiso-con-la-conservacion-de-la-mariposa-monarca-y-su-habitat\/#primaryimage","url":"https:\/\/www.sonoraenequipo.com.mx\/storage\/2022\/07\/monarca.jpg","contentUrl":"https:\/\/www.sonoraenequipo.com.mx\/storage\/2022\/07\/monarca.jpg","width":900,"height":555},{"@type":"BreadcrumbList","@id":"https:\/\/www.sonoraenequipo.com.mx\/mexico-refrenda-su-compromiso-con-la-conservacion-de-la-mariposa-monarca-y-su-habitat\/#breadcrumb","itemListElement":[{"@type":"ListItem","position":1,"name":"Portada","item":"https:\/\/www.sonoraenequipo.com.mx\/"},{"@type":"ListItem","position":2,"name":"M\u00e9xico refrenda su compromiso con la conservaci\u00f3n de la mariposa Monarca y su h\u00e1bitat"}]},{"@type":"WebSite","@id":"https:\/\/www.sonoraenequipo.com.mx\/#website","url":"https:\/\/www.sonoraenequipo.com.mx\/","name":"Sonora en Equipo.","description":"Diario en l\u00ednea con Noticias desde Hermosillo, Sonora","publisher":{"@id":"https:\/\/www.sonoraenequipo.com.mx\/#organization"},"potentialAction":[{"@type":"SearchAction","target":{"@type":"EntryPoint","urlTemplate":"https:\/\/www.sonoraenequipo.com.mx\/?s={search_term_string}"},"query-input":{"@type":"PropertyValueSpecification","valueRequired":true,"valueName":"search_term_string"}}],"inLanguage":"es"},{"@type":"Organization","@id":"https:\/\/www.sonoraenequipo.com.mx\/#organization","name":"Sonoraenequipo.com.mx","url":"https:\/\/www.sonoraenequipo.com.mx\/","logo":{"@type":"ImageObject","inLanguage":"es","@id":"https:\/\/www.sonoraenequipo.com.mx\/#\/schema\/logo\/image\/","url":"https:\/\/www.sonoraenequipo.com.mx\/storage\/2019\/01\/sonoraenequipo_opt.png","contentUrl":"https:\/\/www.sonoraenequipo.com.mx\/storage\/2019\/01\/sonoraenequipo_opt.png","width":375,"height":125,"caption":"Sonoraenequipo.com.mx"},"image":{"@id":"https:\/\/www.sonoraenequipo.com.mx\/#\/schema\/logo\/image\/"},"sameAs":["https:\/\/www.facebook.com\/SonoraEE\/","https:\/\/x.com\/sonoraenequipo","https:\/\/www.youtube.com\/channel\/UC338nW-lPEYmJQs4ZABQ1SQ"]},{"@type":"Person","@id":"https:\/\/www.sonoraenequipo.com.mx\/#\/schema\/person\/50102df0fb23a8fa9e8effad8fa81386","name":"enequipo","image":{"@type":"ImageObject","inLanguage":"es","@id":"https:\/\/www.sonoraenequipo.com.mx\/#\/schema\/person\/image\/","url":"https:\/\/secure.gravatar.com\/avatar\/049821681b589dabc0bc20695993ccebb09f5b5d4d790cd9251b97faac7c652b?s=96&d=blank&r=g","contentUrl":"https:\/\/secure.gravatar.com\/avatar\/049821681b589dabc0bc20695993ccebb09f5b5d4d790cd9251b97faac7c652b?s=96&d=blank&r=g","caption":"enequipo"},"sameAs":["https:\/\/www.facebook.com\/SonoraEE"]}]}},"jetpack_featured_media_url":"https:\/\/www.sonoraenequipo.com.mx\/storage\/2022\/07\/monarca.jpg","_links":{"self":[{"href":"https:\/\/www.sonoraenequipo.com.mx\/api\/wp\/v2\/posts\/143329","targetHints":{"allow":["GET"]}}],"collection":[{"href":"https:\/\/www.sonoraenequipo.com.mx\/api\/wp\/v2\/posts"}],"about":[{"href":"https:\/\/www.sonoraenequipo.com.mx\/api\/wp\/v2\/types\/post"}],"author":[{"embeddable":true,"href":"https:\/\/www.sonoraenequipo.com.mx\/api\/wp\/v2\/users\/1"}],"replies":[{"embeddable":true,"href":"https:\/\/www.sonoraenequipo.com.mx\/api\/wp\/v2\/comments?post=143329"}],"version-history":[{"count":1,"href":"https:\/\/www.sonoraenequipo.com.mx\/api\/wp\/v2\/posts\/143329\/revisions"}],"predecessor-version":[{"id":143331,"href":"https:\/\/www.sonoraenequipo.com.mx\/api\/wp\/v2\/posts\/143329\/revisions\/143331"}],"wp:featuredmedia":[{"embeddable":true,"href":"https:\/\/www.sonoraenequipo.com.mx\/api\/wp\/v2\/media\/143330"}],"wp:attachment":[{"href":"https:\/\/www.sonoraenequipo.com.mx\/api\/wp\/v2\/media?parent=143329"}],"wp:term":[{"taxonomy":"category","embeddable":true,"href":"https:\/\/www.sonoraenequipo.com.mx\/api\/wp\/v2\/categories?post=143329"},{"taxonomy":"post_tag","embeddable":true,"href":"https:\/\/www.sonoraenequipo.com.mx\/api\/wp\/v2\/tags?post=143329"}],"curies":[{"name":"wp","href":"https:\/\/api.w.org\/{rel}","templated":true}]}}