{"id":143343,"date":"2022-07-23T10:22:20","date_gmt":"2022-07-23T17:22:20","guid":{"rendered":"https:\/\/www.sonoraenequipo.com.mx\/?p=143343"},"modified":"2022-07-23T10:22:20","modified_gmt":"2022-07-23T17:22:20","slug":"violencia-familiar-principales-reportes-que-atiende-la-policia-de-hermosillo","status":"publish","type":"post","link":"https:\/\/www.sonoraenequipo.com.mx\/violencia-familiar-principales-reportes-que-atiende-la-policia-de-hermosillo\/","title":{"rendered":"Violencia familiar principales reportes que atiende la Polic\u00eda de Hermosillo"},"content":{"rendered":"<p><strong>HERMOSILLO, SONORA,MX.<\/strong><strong>\u2500\u2500<\/strong>Felipe de Jes\u00fas \u00abN\u00bb de 41 a\u00f1os de edad,\u00a0 fue turnado al Ministerio P\u00fablico por el delito de violencia familiar en perjuicio de su esposa.<\/p>\n<p>&nbsp;<\/p>\n<p>A las 00:18 horas de hoy, la Polic\u00eda Municipal se traslad\u00f3 a la calle Vedra de la colonia La Cholla, de donde se recibi\u00f3 el reporte de ri\u00f1a familiar.<\/p>\n<p>&nbsp;<\/p>\n<p>La afectada cont\u00f3 que cuando hac\u00eda cena su esposo la insult\u00f3 y la amenaz\u00f3 con un cuchillo de cocina,\u00a0\u00a0 por lo que llam\u00f3 a la l\u00ednea de emergencia.<\/p>\n<p>&nbsp;<\/p>\n<p>Ante el se\u00f1alamiento con autorizaci\u00f3n de la reportante los oficiales ingresaron a la vivienda y procedieron al arresto del individuo.<\/p>\n<p>&nbsp;<\/p>\n<p>Miguel Alem\u00e1n. &#8211; En la comisar\u00eda Miguel Alem\u00e1n a las 00:35 horas de hoy se arrest\u00f3 a Florentino \u00abN\u00bb de 34 a\u00f1os de edad, por el delito de portaci\u00f3n de arma prohibida en su modalidad de cuchillo.<\/p>\n<p>&nbsp;<\/p>\n<p>La detenci\u00f3n se realiz\u00f3 en las calles Nicol\u00e1s Bravo y Pioneros de la Costa, a donde se dirigieron los oficiales ante el reporte de un hombre armado.<\/p>\n<p>&nbsp;<\/p>\n<p>Los oficiales municipales sorprendieron al sujeto con el cuchillo en la mano derecha y le ordenaron la arrojara al suelo para asegurarla.<\/p>\n<p>&nbsp;<\/p>\n<p>Posteriormente se procedi\u00f3 a presentarlo ante el Ministerio P\u00fablico junto con el arma blanca.<\/p>\n<p>&nbsp;<\/p>\n<p>&nbsp;<\/p>\n<p>Jes\u00fas Garc\u00eda. &#8211; En posesi\u00f3n de un cuchillo fue capturado a las 00:48 horas de hoy, quien dijo llamarse Esteban \u00abN\u00bb de 30 a\u00f1os de edad.<\/p>\n<p>&nbsp;<\/p>\n<p>La Polic\u00eda de Hermosillo lo detuvo en las calles 12 de Octubre y Jos\u00e9 Carmelo de la colonia Jes\u00fas Garc\u00eda, en el estacionamiento de una tienda de conveniencia.<\/p>\n<p>&nbsp;<\/p>\n<p>Los oficiales municipales transitaban por ls zona percat\u00e1ndose que el hombre tra\u00eda en su mano derecha el arma blanca antes mencionada, por lo que r\u00e1pidamente se le arrest\u00f3.<\/p>\n<p>&nbsp;<\/p>\n<p>El sujeto y el cuchillo quedaron a disposici\u00f3n del Ministerio P\u00fablico correspondiente.<\/p>\n<p>&nbsp;<\/p>\n<p>&nbsp;<\/p>\n<p>Puerta del Rey. &#8211; A Jonathan Iv\u00e1n \u00abN\u00bb de 30 a\u00f1os de edad, la Polic\u00eda Municipal le asegur\u00f3 un machete a las 23:23 horas de ayer.<\/p>\n<p>&nbsp;<\/p>\n<p>A la l\u00ednea de emergencia 911 se report\u00f3 que un hombre estaba armado en las calles Persia Oriente y Volcanes del fraccionamiento Puerta del Rey.<\/p>\n<p>&nbsp;<\/p>\n<p>Al llegar los agentes observaron sentado en la banqueta al sujeto, quien al ver la patrulla arroj\u00f3 al suelo el arma blanca para luego levantarse e intentar retirarse.<\/p>\n<p>&nbsp;<\/p>\n<p>Los elementos policiales de inmediato lo interceptaron y lo pusieron a disposici\u00f3n de la autoridad investigadora junto con el machete.<\/p>\n<p>&nbsp;<\/p>\n<p>San Benito. &#8211; Luego de que Daniel Francisco \u00abN\u00bb de 36 a\u00f1os de edad,\u00a0 intentar\u00e1 apoderarse de un veh\u00edculo fue atrapado por la Polic\u00eda Municipal.<\/p>\n<p>&nbsp;<\/p>\n<p>Eran las 03:40 horas de hoy, cuando se report\u00f3 un robo en proceso de un veh\u00edculo en las calles Escobedo y Campeche de la colonia San Benito.<\/p>\n<p>&nbsp;<\/p>\n<p>Los agentes municipales se dirigieron al lugar, en donde sorprendieron al individuo en el interior del carro Ford Fusi\u00f3n de color negro, modelo 2009.<\/p>\n<p>&nbsp;<\/p>\n<p>Al ver la patrulla el sujeto intent\u00f3 salir del auto para escapar, pero no lo logr\u00f3 toda vez que los polic\u00edas lo aprehendieron de inmediato.<\/p>\n<p>&nbsp;<\/p>\n<p>&nbsp;<\/p>\n<p>Solidaridad.- Ayer por la ma\u00f1ana fue detenido en las calles Sierra Oscura y Sierra Maycoba quien dijo llamarse Jos\u00e9 Guadalupe \u201cN\u201d, de 27 a\u00f1os, por el delito de portaci\u00f3n de arma prohibida.<\/p>\n<p>&nbsp;<\/p>\n<p>A las 10:36 horas, elementos de la Polic\u00eda Preventiva llevaban a cabo recorridos de vigilancia en la zona, cuando tuvieron a la vista a una persona del sexo masculino que caminaba por las calles mencionadas, la cual llevaba en su mano un machete.<\/p>\n<p>&nbsp;<\/p>\n<p>Los elementos del Grupo Motorizado Antirrobo lo abordaron y ordenaron soltar el arma prohibida, y al tenerlo asegurado lo pusieron a disposici\u00f3n del Ministerio P\u00fablico junto a la materia constitutiva de delito.<\/p>\n<p>&nbsp;<\/p>\n<p>El Jito.- Jos\u00e9 Enrique \u201cN\u201d, de 30 a\u00f1os, fue detenido por el delito de portaci\u00f3n de arma prohibida, esto a las 11:00 horas de ayer.<\/p>\n<p>&nbsp;<\/p>\n<p>Fue en el bulevar Vild\u00f3sola y calle Primero de Mayo, en la colonia El Jito, donde se percataron los oficiales que un hombre que caminaba por el bulevar , al ver acercarse la unidad sale corriendo, con lo que parec\u00eda ser un arma prohibida fajada a la cintura, parte posterior.<\/p>\n<p>&nbsp;<\/p>\n<p>Los agentes lo siguieron y alcanzaron, corroborando que el objeto en la parte trasera de la persona era un cuchillo, motivo por el cual fue detenido y presentado ante la autoridad investigadora.<\/p>\n<p>&nbsp;<\/p>\n<p>Centro.- Imelda \u201cN\u201d, de 46 a\u00f1os, fue detenida cuando intentaba salir de una tienda departamental ubicada sobre la calle Morelia, en la colonia Centro, con art\u00edculos que no hab\u00eda cubierto su costo en el \u00e1rea de cajas.<\/p>\n<p>&nbsp;<\/p>\n<p>A las 12:45 horas de ayer, agentes municipales acudieron al sitio donde se ubica la tienda, entrevist\u00e1ndose con una empleada de la tienda, la cual inform\u00f3 que hab\u00edan sorprendido a la mujer cuando ech\u00f3 al interior de su bolso una herramienta el\u00e9ctrica que ven\u00eda empaquetada, la cual recuperaron tras retenerla al momento de intentar salir.<\/p>\n<p>&nbsp;<\/p>\n<p>La mujer fue puesta a disposici\u00f3n del Ministerio P\u00fablico por el delito.<\/p>\n<p>&nbsp;<\/p>\n<p>Los Naranjos.- Dos personas, una del sexo femenino y otra del sexo masculino, fueron detenidos a las 17:30 horas de ayer, en las calles Sangrina y Cadenera, de la colonia Los Naranjos.<\/p>\n<p>&nbsp;<\/p>\n<p>Los oficiales municipales realizaban recorridos de vigilancia en la zona, cuando tuvieron a la vista a una pareja joven, la cual caminaba por la calle Sangrina, pero al ver la unidad policial, ambas personas toman una actitud evasiva.<\/p>\n<p>&nbsp;<\/p>\n<p>El hombre sale corriendo, mientras que la mujer arroja al suelo un objeto ante la vista de los oficiales.<\/p>\n<p>&nbsp;<\/p>\n<p>Ambos fueron seguidos y detenidos, regresando al lugar donde la joven abandon\u00f3 el objeto, el cual result\u00f3 ser nueve envoltorios de pl\u00e1stico en cuyo interior hab\u00eda una materia con las caracter\u00edsticas de un posible narc\u00f3tico.<\/p>\n<p>&nbsp;<\/p>\n<p>Los dos j\u00f3venes fueron puestos, junto a la materia presuntamente ilegal, ante el Ministerio P\u00fablico.<\/p>\n<p>&nbsp;<\/p>\n<p>Solidaridad.- Christi\u00e1n \u201cN\u201d, de 27 a\u00f1os, fue detenido por el delito de posesi\u00f3n de 11 envoltorios con un material con las caracter\u00edsticas de un posible narc\u00f3tico.<\/p>\n<p>&nbsp;<\/p>\n<p>Fue a las 17:40 horas de ayer cuando los elementos municipales realizaban recorridos en las calles Leandro P. Gaxiola y Tecoripa, de la colonia Solidaridad.<\/p>\n<p>&nbsp;<\/p>\n<p>En ese lugar tuvieron al a vista a un hombre que a simple vista se le apreciaba una empu\u00f1adura de lo que parec\u00eda ser un arma prohibida.<\/p>\n<p>&nbsp;<\/p>\n<p>Al abordarlo y revisarlo, los agentes le encuentran, 11 envoltorios de pl\u00e1stico con el material arriba descrito, adem\u00e1s de corroborar que portaba semioculta a la cintura, un arma prohibida tipo cuchillo.<\/p>\n<p>&nbsp;<\/p>\n<p>La persona fue presentada ante la autoridad investigadora.<\/p>\n<p>&nbsp;<\/p>\n<p>&nbsp;<\/p>\n<p>&nbsp;<\/p>\n<p>&nbsp;<\/p>\n<p>EMERGENCIAS<\/p>\n<p>&nbsp;<\/p>\n<p>&nbsp;<\/p>\n<p>&nbsp;<\/p>\n<p>Lomas del Norte.- A las 17:45 horas de ayer, elementos de la Polic\u00eda Preventiva apoyaron en el traslado de un menor, de 12 a\u00f1os, quien hab\u00eda sufrido una descarga el\u00e9ctrica en su domicilio, el cual se encuentra ubicado en la colonia Lomas del Norte.<\/p>\n<p>&nbsp;<\/p>\n<p>Al llegar al lugar, los oficiales tuvieron a la vista a un menor inconsciente, tirado en el piso, el cual fue atendido de inmediato por elementos de Cruz Roja para trasladarlo con urgencia al hospital ubicado en la colonia Bugambilias.<\/p>\n<p>&nbsp;<\/p>\n<p>Las unidades policiales abrieron camino para que la ambulancia llegara con prontitud al nosocomio, donde el menor lleg\u00f3 con signos vitales, pero inconsciente.<\/p>\n<p>&nbsp;<\/p>\n<p>&nbsp;<\/p>\n<p>Coloso Bajo.- Ayer a las 19:09 horas se atendi\u00f3 un reporte de una persona sin vida en la v\u00eda p\u00fablica, siendo las calles Circunvalaci\u00f3n y 18 de Marzo el lugar.<\/p>\n<p>&nbsp;<\/p>\n<p>Al llegar al sitio, los oficiales preventivos ven a una persona del sexo masculino que estaba tirado boca abajo en el \u00e1rea de estacionamiento de un comercio, convulsionando.<\/p>\n<p>&nbsp;<\/p>\n<p>De inmediato se solicit\u00f3 la presencia de param\u00e9dicos en el lugar, pero a su arribo, la persona ya no presentaba signos vitales.<\/p>\n<p>&nbsp;<\/p>\n<p>Se inform\u00f3 del suceso a elementos de Periciales de la Fiscal\u00eda General de Justicia para que ellos dieran continuidad al hecho.<\/p>\n<p>&nbsp;<\/p>\n<p>&nbsp;<\/p>\n<p>&nbsp;<\/p>\n<p>ATENCI\u00d3N DE REPORTES<\/p>\n<p>&nbsp;<\/p>\n<p>&nbsp;<\/p>\n<p>&nbsp;<\/p>\n<p>El Ranchito.- A las 17:27 horas de ayer\u00a0 se report\u00f3 al n\u00famero de emergencia un robo ocurrido en un comercio que se encuentra ubicado en las calles Canal Principal y Perif\u00e9rico Oriente, de la colonia El Ranchito.<\/p>\n<p>&nbsp;<\/p>\n<p>Al llegar al lugar, los elementos municipales se entrevistan con la cajera de la farmacia, quien dijo que un hombre hab\u00eda ingresado y la amenaz\u00f3 con un arma tipo pistola, exigi\u00e9ndole el dinero de las cajas registradoras.<\/p>\n<p>&nbsp;<\/p>\n<p>Por temor a resultar lesionada, la mujer hizo entrega del dinero, para que el sujeto saliera del lugar y huyera por la calle V\u00edrgenes, hacia el norte.<\/p>\n<p>&nbsp;<\/p>\n<p><strong><u>Fecha de publicaci\u00f3n 23 de julio de 2022 <\/u><\/strong><\/p>\n<p>&nbsp;<\/p>\n","protected":false},"excerpt":{"rendered":"<p>HERMOSILLO, SONORA,MX.\u2500\u2500Felipe de Jes\u00fas \u00abN\u00bb de 41 a\u00f1os de edad,\u00a0 fue turnado al Ministerio P\u00fablico&#8230;<\/p>\n","protected":false},"author":1,"featured_media":135325,"comment_status":"open","ping_status":"open","sticky":false,"template":"","format":"standard","meta":{"_monsterinsights_skip_tracking":false,"_monsterinsights_sitenote_active":false,"_monsterinsights_sitenote_note":"","_monsterinsights_sitenote_category":0,"footnotes":""},"categories":[3144],"tags":[35,4462],"class_list":["post"],"yoast_head":" \n<title>Sonora en Equipo. Violencia familiar principales reportes que atiende la Polic\u00eda de Hermosillo Polic\u00edaca<\/title>\n<meta name=\"description\" content=\"HERMOSILLO, SONORA,MX.\u2500\u2500Felipe de Jes\u00fas &quot;N&quot; de 41 a\u00f1os de edad,\u00a0 fue turnado al Ministerio P\u00fablico por el delito de violencia familiar en perjuicio de su En Sonora en Equipo publicamos toda la informaci\u00f3n de Sonora, M\u00e9xico y el Mundo de manera oportuna y busca que la libertad de expresi\u00f3n sea real. Visita nuestro medio informativo publicado desde Hermosillo, Sonora. %\" \/>\n<meta name=\"robots\" content=\"index, follow, max-snippet:-1, max-image-preview:large, max-video-preview:-1\" \/>\n<link rel=\"canonical\" href=\"https:\/\/www.sonoraenequipo.com.mx\/violencia-familiar-principales-reportes-que-atiende-la-policia-de-hermosillo\/\" \/>\n<meta property=\"og:locale\" content=\"es_ES\" \/>\n<meta property=\"og:type\" content=\"article\" \/>\n<meta property=\"og:title\" content=\"Sonora en Equipo. Violencia familiar principales reportes que atiende la Polic\u00eda de Hermosillo Polic\u00edaca\" \/>\n<meta property=\"og:description\" content=\"HERMOSILLO, SONORA,MX.\u2500\u2500Felipe de Jes\u00fas &quot;N&quot; de 41 a\u00f1os de edad,\u00a0 fue turnado al Ministerio P\u00fablico por el delito de violencia familiar en perjuicio de su En Sonora en Equipo publicamos toda la informaci\u00f3n de Sonora, M\u00e9xico y el Mundo de manera oportuna y busca que la libertad de expresi\u00f3n sea real. Visita nuestro medio informativo publicado desde Hermosillo, Sonora. %\" \/>\n<meta property=\"og:url\" content=\"https:\/\/www.sonoraenequipo.com.mx\/violencia-familiar-principales-reportes-que-atiende-la-policia-de-hermosillo\/\" \/>\n<meta property=\"og:site_name\" content=\"Sonora en Equipo.\" \/>\n<meta property=\"article:publisher\" content=\"https:\/\/www.facebook.com\/SonoraEE\/\" \/>\n<meta property=\"article:author\" content=\"https:\/\/www.facebook.com\/SonoraEE\" \/>\n<meta property=\"article:published_time\" content=\"2022-07-23T17:22:20+00:00\" \/>\n<meta property=\"og:image\" content=\"https:\/\/www.sonoraenequipo.com.mx\/storage\/2022\/03\/policia-hmopatrulla.jpg\" \/>\n\t<meta property=\"og:image:width\" content=\"700\" \/>\n\t<meta property=\"og:image:height\" content=\"400\" \/>\n\t<meta property=\"og:image:type\" content=\"image\/jpeg\" \/>\n<meta name=\"author\" content=\"enequipo\" \/>\n<meta name=\"twitter:card\" content=\"summary_large_image\" \/>\n<meta name=\"twitter:creator\" content=\"@sonoraenequipo\" \/>\n<meta name=\"twitter:site\" content=\"@sonoraenequipo\" \/>\n<meta name=\"twitter:label1\" content=\"Escrito por\" \/>\n\t<meta name=\"twitter:data1\" content=\"enequipo\" \/>\n\t<meta name=\"twitter:label2\" content=\"Tiempo de lectura\" \/>\n\t<meta name=\"twitter:data2\" content=\"7 minutos\" \/>\n<script type=\"application\/ld+json\" class=\"yoast-schema-graph\">{\"@context\":\"https:\/\/schema.org\",\"@graph\":[{\"@type\":\"Article\",\"@id\":\"https:\/\/www.sonoraenequipo.com.mx\/violencia-familiar-principales-reportes-que-atiende-la-policia-de-hermosillo\/#article\",\"isPartOf\":{\"@id\":\"https:\/\/www.sonoraenequipo.com.mx\/violencia-familiar-principales-reportes-que-atiende-la-policia-de-hermosillo\/\"},\"author\":{\"name\":\"enequipo\",\"@id\":\"https:\/\/www.sonoraenequipo.com.mx\/#\/schema\/person\/50102df0fb23a8fa9e8effad8fa81386\"},\"headline\":\"Violencia familiar principales reportes que atiende la Polic\u00eda de Hermosillo\",\"datePublished\":\"2022-07-23T17:22:20+00:00\",\"mainEntityOfPage\":{\"@id\":\"https:\/\/www.sonoraenequipo.com.mx\/violencia-familiar-principales-reportes-que-atiende-la-policia-de-hermosillo\/\"},\"wordCount\":1536,\"commentCount\":0,\"publisher\":{\"@id\":\"https:\/\/www.sonoraenequipo.com.mx\/#organization\"},\"image\":{\"@id\":\"https:\/\/www.sonoraenequipo.com.mx\/violencia-familiar-principales-reportes-que-atiende-la-policia-de-hermosillo\/#primaryimage\"},\"thumbnailUrl\":\"https:\/\/www.sonoraenequipo.com.mx\/storage\/2022\/03\/policia-hmopatrulla.jpg\",\"keywords\":[\"hermosillo\",\"violencia familiar\"],\"articleSection\":[\"Polic\u00edaca\"],\"inLanguage\":\"es\",\"potentialAction\":[{\"@type\":\"CommentAction\",\"name\":\"Comment\",\"target\":[\"https:\/\/www.sonoraenequipo.com.mx\/violencia-familiar-principales-reportes-que-atiende-la-policia-de-hermosillo\/#respond\"]}]},{\"@type\":\"WebPage\",\"@id\":\"https:\/\/www.sonoraenequipo.com.mx\/violencia-familiar-principales-reportes-que-atiende-la-policia-de-hermosillo\/\",\"url\":\"https:\/\/www.sonoraenequipo.com.mx\/violencia-familiar-principales-reportes-que-atiende-la-policia-de-hermosillo\/\",\"name\":\"Sonora en Equipo. Violencia familiar principales reportes que atiende la Polic\u00eda de Hermosillo Polic\u00edaca\",\"isPartOf\":{\"@id\":\"https:\/\/www.sonoraenequipo.com.mx\/#website\"},\"primaryImageOfPage\":{\"@id\":\"https:\/\/www.sonoraenequipo.com.mx\/violencia-familiar-principales-reportes-que-atiende-la-policia-de-hermosillo\/#primaryimage\"},\"image\":{\"@id\":\"https:\/\/www.sonoraenequipo.com.mx\/violencia-familiar-principales-reportes-que-atiende-la-policia-de-hermosillo\/#primaryimage\"},\"thumbnailUrl\":\"https:\/\/www.sonoraenequipo.com.mx\/storage\/2022\/03\/policia-hmopatrulla.jpg\",\"datePublished\":\"2022-07-23T17:22:20+00:00\",\"description\":\"HERMOSILLO, SONORA,MX.\u2500\u2500Felipe de Jes\u00fas \\\"N\\\" de 41 a\u00f1os de edad,\u00a0 fue turnado al Ministerio P\u00fablico por el delito de violencia familiar en perjuicio de su En Sonora en Equipo publicamos toda la informaci\u00f3n de Sonora, M\u00e9xico y el Mundo de manera oportuna y busca que la libertad de expresi\u00f3n sea real. Visita nuestro medio informativo publicado desde Hermosillo, Sonora. %\",\"breadcrumb\":{\"@id\":\"https:\/\/www.sonoraenequipo.com.mx\/violencia-familiar-principales-reportes-que-atiende-la-policia-de-hermosillo\/#breadcrumb\"},\"inLanguage\":\"es\",\"potentialAction\":[{\"@type\":\"ReadAction\",\"target\":[\"https:\/\/www.sonoraenequipo.com.mx\/violencia-familiar-principales-reportes-que-atiende-la-policia-de-hermosillo\/\"]}]},{\"@type\":\"ImageObject\",\"inLanguage\":\"es\",\"@id\":\"https:\/\/www.sonoraenequipo.com.mx\/violencia-familiar-principales-reportes-que-atiende-la-policia-de-hermosillo\/#primaryimage\",\"url\":\"https:\/\/www.sonoraenequipo.com.mx\/storage\/2022\/03\/policia-hmopatrulla.jpg\",\"contentUrl\":\"https:\/\/www.sonoraenequipo.com.mx\/storage\/2022\/03\/policia-hmopatrulla.jpg\",\"width\":700,\"height\":400},{\"@type\":\"BreadcrumbList\",\"@id\":\"https:\/\/www.sonoraenequipo.com.mx\/violencia-familiar-principales-reportes-que-atiende-la-policia-de-hermosillo\/#breadcrumb\",\"itemListElement\":[{\"@type\":\"ListItem\",\"position\":1,\"name\":\"Portada\",\"item\":\"https:\/\/www.sonoraenequipo.com.mx\/\"},{\"@type\":\"ListItem\",\"position\":2,\"name\":\"Violencia familiar principales reportes que atiende la Polic\u00eda de Hermosillo\"}]},{\"@type\":\"WebSite\",\"@id\":\"https:\/\/www.sonoraenequipo.com.mx\/#website\",\"url\":\"https:\/\/www.sonoraenequipo.com.mx\/\",\"name\":\"Sonora en Equipo.\",\"description\":\"Diario en l\u00ednea con Noticias desde Hermosillo, Sonora\",\"publisher\":{\"@id\":\"https:\/\/www.sonoraenequipo.com.mx\/#organization\"},\"potentialAction\":[{\"@type\":\"SearchAction\",\"target\":{\"@type\":\"EntryPoint\",\"urlTemplate\":\"https:\/\/www.sonoraenequipo.com.mx\/?s={search_term_string}\"},\"query-input\":{\"@type\":\"PropertyValueSpecification\",\"valueRequired\":true,\"valueName\":\"search_term_string\"}}],\"inLanguage\":\"es\"},{\"@type\":\"Organization\",\"@id\":\"https:\/\/www.sonoraenequipo.com.mx\/#organization\",\"name\":\"Sonoraenequipo.com.mx\",\"url\":\"https:\/\/www.sonoraenequipo.com.mx\/\",\"logo\":{\"@type\":\"ImageObject\",\"inLanguage\":\"es\",\"@id\":\"https:\/\/www.sonoraenequipo.com.mx\/#\/schema\/logo\/image\/\",\"url\":\"https:\/\/www.sonoraenequipo.com.mx\/storage\/2019\/01\/sonoraenequipo_opt.png\",\"contentUrl\":\"https:\/\/www.sonoraenequipo.com.mx\/storage\/2019\/01\/sonoraenequipo_opt.png\",\"width\":375,\"height\":125,\"caption\":\"Sonoraenequipo.com.mx\"},\"image\":{\"@id\":\"https:\/\/www.sonoraenequipo.com.mx\/#\/schema\/logo\/image\/\"},\"sameAs\":[\"https:\/\/www.facebook.com\/SonoraEE\/\",\"https:\/\/x.com\/sonoraenequipo\",\"https:\/\/www.youtube.com\/channel\/UC338nW-lPEYmJQs4ZABQ1SQ\"]},{\"@type\":\"Person\",\"@id\":\"https:\/\/www.sonoraenequipo.com.mx\/#\/schema\/person\/50102df0fb23a8fa9e8effad8fa81386\",\"name\":\"enequipo\",\"image\":{\"@type\":\"ImageObject\",\"inLanguage\":\"es\",\"@id\":\"https:\/\/www.sonoraenequipo.com.mx\/#\/schema\/person\/image\/\",\"url\":\"https:\/\/secure.gravatar.com\/avatar\/049821681b589dabc0bc20695993ccebb09f5b5d4d790cd9251b97faac7c652b?s=96&d=blank&r=g\",\"contentUrl\":\"https:\/\/secure.gravatar.com\/avatar\/049821681b589dabc0bc20695993ccebb09f5b5d4d790cd9251b97faac7c652b?s=96&d=blank&r=g\",\"caption\":\"enequipo\"},\"sameAs\":[\"https:\/\/www.facebook.com\/SonoraEE\"]}]}<\/script>\n ","yoast_head_json":{"title":"Sonora en Equipo. Violencia familiar principales reportes que atiende la Polic\u00eda de Hermosillo Polic\u00edaca","description":"HERMOSILLO, SONORA,MX.\u2500\u2500Felipe de Jes\u00fas \"N\" de 41 a\u00f1os de edad,\u00a0 fue turnado al Ministerio P\u00fablico por el delito de violencia familiar en perjuicio de su En Sonora en Equipo publicamos toda la informaci\u00f3n de Sonora, M\u00e9xico y el Mundo de manera oportuna y busca que la libertad de expresi\u00f3n sea real. Visita nuestro medio informativo publicado desde Hermosillo, Sonora. %","robots":{"index":"index","follow":"follow","max-snippet":"max-snippet:-1","max-image-preview":"max-image-preview:large","max-video-preview":"max-video-preview:-1"},"canonical":"https:\/\/www.sonoraenequipo.com.mx\/violencia-familiar-principales-reportes-que-atiende-la-policia-de-hermosillo\/","og_locale":"es_ES","og_type":"article","og_title":"Sonora en Equipo. Violencia familiar principales reportes que atiende la Polic\u00eda de Hermosillo Polic\u00edaca","og_description":"HERMOSILLO, SONORA,MX.\u2500\u2500Felipe de Jes\u00fas \"N\" de 41 a\u00f1os de edad,\u00a0 fue turnado al Ministerio P\u00fablico por el delito de violencia familiar en perjuicio de su En Sonora en Equipo publicamos toda la informaci\u00f3n de Sonora, M\u00e9xico y el Mundo de manera oportuna y busca que la libertad de expresi\u00f3n sea real. Visita nuestro medio informativo publicado desde Hermosillo, Sonora. %","og_url":"https:\/\/www.sonoraenequipo.com.mx\/violencia-familiar-principales-reportes-que-atiende-la-policia-de-hermosillo\/","og_site_name":"Sonora en Equipo.","article_publisher":"https:\/\/www.facebook.com\/SonoraEE\/","article_author":"https:\/\/www.facebook.com\/SonoraEE","article_published_time":"2022-07-23T17:22:20+00:00","og_image":[{"width":700,"height":400,"url":"https:\/\/www.sonoraenequipo.com.mx\/storage\/2022\/03\/policia-hmopatrulla.jpg","type":"image\/jpeg"}],"author":"enequipo","twitter_card":"summary_large_image","twitter_creator":"@sonoraenequipo","twitter_site":"@sonoraenequipo","twitter_misc":{"Escrito por":"enequipo","Tiempo de lectura":"7 minutos"},"schema":{"@context":"https:\/\/schema.org","@graph":[{"@type":"Article","@id":"https:\/\/www.sonoraenequipo.com.mx\/violencia-familiar-principales-reportes-que-atiende-la-policia-de-hermosillo\/#article","isPartOf":{"@id":"https:\/\/www.sonoraenequipo.com.mx\/violencia-familiar-principales-reportes-que-atiende-la-policia-de-hermosillo\/"},"author":{"name":"enequipo","@id":"https:\/\/www.sonoraenequipo.com.mx\/#\/schema\/person\/50102df0fb23a8fa9e8effad8fa81386"},"headline":"Violencia familiar principales reportes que atiende la Polic\u00eda de Hermosillo","datePublished":"2022-07-23T17:22:20+00:00","mainEntityOfPage":{"@id":"https:\/\/www.sonoraenequipo.com.mx\/violencia-familiar-principales-reportes-que-atiende-la-policia-de-hermosillo\/"},"wordCount":1536,"commentCount":0,"publisher":{"@id":"https:\/\/www.sonoraenequipo.com.mx\/#organization"},"image":{"@id":"https:\/\/www.sonoraenequipo.com.mx\/violencia-familiar-principales-reportes-que-atiende-la-policia-de-hermosillo\/#primaryimage"},"thumbnailUrl":"https:\/\/www.sonoraenequipo.com.mx\/storage\/2022\/03\/policia-hmopatrulla.jpg","keywords":["hermosillo","violencia familiar"],"articleSection":["Polic\u00edaca"],"inLanguage":"es","potentialAction":[{"@type":"CommentAction","name":"Comment","target":["https:\/\/www.sonoraenequipo.com.mx\/violencia-familiar-principales-reportes-que-atiende-la-policia-de-hermosillo\/#respond"]}]},{"@type":"WebPage","@id":"https:\/\/www.sonoraenequipo.com.mx\/violencia-familiar-principales-reportes-que-atiende-la-policia-de-hermosillo\/","url":"https:\/\/www.sonoraenequipo.com.mx\/violencia-familiar-principales-reportes-que-atiende-la-policia-de-hermosillo\/","name":"Sonora en Equipo. Violencia familiar principales reportes que atiende la Polic\u00eda de Hermosillo Polic\u00edaca","isPartOf":{"@id":"https:\/\/www.sonoraenequipo.com.mx\/#website"},"primaryImageOfPage":{"@id":"https:\/\/www.sonoraenequipo.com.mx\/violencia-familiar-principales-reportes-que-atiende-la-policia-de-hermosillo\/#primaryimage"},"image":{"@id":"https:\/\/www.sonoraenequipo.com.mx\/violencia-familiar-principales-reportes-que-atiende-la-policia-de-hermosillo\/#primaryimage"},"thumbnailUrl":"https:\/\/www.sonoraenequipo.com.mx\/storage\/2022\/03\/policia-hmopatrulla.jpg","datePublished":"2022-07-23T17:22:20+00:00","description":"HERMOSILLO, SONORA,MX.\u2500\u2500Felipe de Jes\u00fas \"N\" de 41 a\u00f1os de edad,\u00a0 fue turnado al Ministerio P\u00fablico por el delito de violencia familiar en perjuicio de su En Sonora en Equipo publicamos toda la informaci\u00f3n de Sonora, M\u00e9xico y el Mundo de manera oportuna y busca que la libertad de expresi\u00f3n sea real. Visita nuestro medio informativo publicado desde Hermosillo, Sonora. %","breadcrumb":{"@id":"https:\/\/www.sonoraenequipo.com.mx\/violencia-familiar-principales-reportes-que-atiende-la-policia-de-hermosillo\/#breadcrumb"},"inLanguage":"es","potentialAction":[{"@type":"ReadAction","target":["https:\/\/www.sonoraenequipo.com.mx\/violencia-familiar-principales-reportes-que-atiende-la-policia-de-hermosillo\/"]}]},{"@type":"ImageObject","inLanguage":"es","@id":"https:\/\/www.sonoraenequipo.com.mx\/violencia-familiar-principales-reportes-que-atiende-la-policia-de-hermosillo\/#primaryimage","url":"https:\/\/www.sonoraenequipo.com.mx\/storage\/2022\/03\/policia-hmopatrulla.jpg","contentUrl":"https:\/\/www.sonoraenequipo.com.mx\/storage\/2022\/03\/policia-hmopatrulla.jpg","width":700,"height":400},{"@type":"BreadcrumbList","@id":"https:\/\/www.sonoraenequipo.com.mx\/violencia-familiar-principales-reportes-que-atiende-la-policia-de-hermosillo\/#breadcrumb","itemListElement":[{"@type":"ListItem","position":1,"name":"Portada","item":"https:\/\/www.sonoraenequipo.com.mx\/"},{"@type":"ListItem","position":2,"name":"Violencia familiar principales reportes que atiende la Polic\u00eda de Hermosillo"}]},{"@type":"WebSite","@id":"https:\/\/www.sonoraenequipo.com.mx\/#website","url":"https:\/\/www.sonoraenequipo.com.mx\/","name":"Sonora en Equipo.","description":"Diario en l\u00ednea con Noticias desde Hermosillo, Sonora","publisher":{"@id":"https:\/\/www.sonoraenequipo.com.mx\/#organization"},"potentialAction":[{"@type":"SearchAction","target":{"@type":"EntryPoint","urlTemplate":"https:\/\/www.sonoraenequipo.com.mx\/?s={search_term_string}"},"query-input":{"@type":"PropertyValueSpecification","valueRequired":true,"valueName":"search_term_string"}}],"inLanguage":"es"},{"@type":"Organization","@id":"https:\/\/www.sonoraenequipo.com.mx\/#organization","name":"Sonoraenequipo.com.mx","url":"https:\/\/www.sonoraenequipo.com.mx\/","logo":{"@type":"ImageObject","inLanguage":"es","@id":"https:\/\/www.sonoraenequipo.com.mx\/#\/schema\/logo\/image\/","url":"https:\/\/www.sonoraenequipo.com.mx\/storage\/2019\/01\/sonoraenequipo_opt.png","contentUrl":"https:\/\/www.sonoraenequipo.com.mx\/storage\/2019\/01\/sonoraenequipo_opt.png","width":375,"height":125,"caption":"Sonoraenequipo.com.mx"},"image":{"@id":"https:\/\/www.sonoraenequipo.com.mx\/#\/schema\/logo\/image\/"},"sameAs":["https:\/\/www.facebook.com\/SonoraEE\/","https:\/\/x.com\/sonoraenequipo","https:\/\/www.youtube.com\/channel\/UC338nW-lPEYmJQs4ZABQ1SQ"]},{"@type":"Person","@id":"https:\/\/www.sonoraenequipo.com.mx\/#\/schema\/person\/50102df0fb23a8fa9e8effad8fa81386","name":"enequipo","image":{"@type":"ImageObject","inLanguage":"es","@id":"https:\/\/www.sonoraenequipo.com.mx\/#\/schema\/person\/image\/","url":"https:\/\/secure.gravatar.com\/avatar\/049821681b589dabc0bc20695993ccebb09f5b5d4d790cd9251b97faac7c652b?s=96&d=blank&r=g","contentUrl":"https:\/\/secure.gravatar.com\/avatar\/049821681b589dabc0bc20695993ccebb09f5b5d4d790cd9251b97faac7c652b?s=96&d=blank&r=g","caption":"enequipo"},"sameAs":["https:\/\/www.facebook.com\/SonoraEE"]}]}},"jetpack_featured_media_url":"https:\/\/www.sonoraenequipo.com.mx\/storage\/2022\/03\/policia-hmopatrulla.jpg","_links":{"self":[{"href":"https:\/\/www.sonoraenequipo.com.mx\/api\/wp\/v2\/posts\/143343","targetHints":{"allow":["GET"]}}],"collection":[{"href":"https:\/\/www.sonoraenequipo.com.mx\/api\/wp\/v2\/posts"}],"about":[{"href":"https:\/\/www.sonoraenequipo.com.mx\/api\/wp\/v2\/types\/post"}],"author":[{"embeddable":true,"href":"https:\/\/www.sonoraenequipo.com.mx\/api\/wp\/v2\/users\/1"}],"replies":[{"embeddable":true,"href":"https:\/\/www.sonoraenequipo.com.mx\/api\/wp\/v2\/comments?post=143343"}],"version-history":[{"count":1,"href":"https:\/\/www.sonoraenequipo.com.mx\/api\/wp\/v2\/posts\/143343\/revisions"}],"predecessor-version":[{"id":143344,"href":"https:\/\/www.sonoraenequipo.com.mx\/api\/wp\/v2\/posts\/143343\/revisions\/143344"}],"wp:featuredmedia":[{"embeddable":true,"href":"https:\/\/www.sonoraenequipo.com.mx\/api\/wp\/v2\/media\/135325"}],"wp:attachment":[{"href":"https:\/\/www.sonoraenequipo.com.mx\/api\/wp\/v2\/media?parent=143343"}],"wp:term":[{"taxonomy":"category","embeddable":true,"href":"https:\/\/www.sonoraenequipo.com.mx\/api\/wp\/v2\/categories?post=143343"},{"taxonomy":"post_tag","embeddable":true,"href":"https:\/\/www.sonoraenequipo.com.mx\/api\/wp\/v2\/tags?post=143343"}],"curies":[{"name":"wp","href":"https:\/\/api.w.org\/{rel}","templated":true}]}}