{"id":143348,"date":"2022-07-23T10:44:54","date_gmt":"2022-07-23T17:44:54","guid":{"rendered":"https:\/\/www.sonoraenequipo.com.mx\/?p=143348"},"modified":"2022-07-23T10:44:54","modified_gmt":"2022-07-23T17:44:54","slug":"entrega-proteccion-civil-sonora-material-de-apoyo-a-municipio-de-mazatan","status":"publish","type":"post","link":"https:\/\/www.sonoraenequipo.com.mx\/entrega-proteccion-civil-sonora-material-de-apoyo-a-municipio-de-mazatan\/","title":{"rendered":"Entrega Protecci\u00f3n Civil Sonora material de apoyo a municipio de Mazat\u00e1n"},"content":{"rendered":"<p>El gobernador de Sonora, Alfonso Durazo, gir\u00f3 instrucciones para ayudar a esa poblaci\u00f3n afectada por una fuerte tormenta el pasado 13 de julio<\/p>\n<p>&nbsp;<\/p>\n<p>&nbsp;<\/p>\n<p>&nbsp;<\/p>\n<p>Hermosillo, Sonora; 22 de julio de 2022.- Por instrucciones del gobernador de Sonora, Alfonso Durazo, el coordinador estatal de Protecci\u00f3n Civil, Juan Gonz\u00e1lez Alvarado, entreg\u00f3 material que ayudar\u00e1 a la comunidad de Mazat\u00e1n, afectada el pasado 13 de julio por una fuerte tormenta causada por el monz\u00f3n de verano.<\/p>\n<p>&nbsp;<\/p>\n<p>&nbsp;<\/p>\n<p>&nbsp;<\/p>\n<p>El material se entreg\u00f3 con recursos del Fondo de Desastres Materiales del Estado de Sonora (Fondes), que maneja la Coordinaci\u00f3n Estatal de Protecci\u00f3n Civil y fue recibido por el alcalde de Mazat\u00e1n, Ram\u00f3n Rogelio Esquer G\u00e1lvez, quien se encargar\u00e1 de hacerlo llegar a las y los habitantes con mayores necesidades de su municipio.<\/p>\n<p>&nbsp;<\/p>\n<p>&nbsp;<\/p>\n<p>&nbsp;<\/p>\n<p>La donaci\u00f3n const\u00f3 de 100 l\u00e1minas galvanizadas, calibre 28, de 14 pies, para reparar techos de las viviendas afectadas, adem\u00e1s de 100 colchonetas y 100 cobijas.<\/p>\n<p>&nbsp;<\/p>\n<p>&nbsp;<\/p>\n<p>&nbsp;<\/p>\n<p>Ram\u00f3n Rogelio Esquer reconoci\u00f3 y agradeci\u00f3 el apoyo brindado por el gobernador de Sonora a su comunidad, la cual fue afectada por una tormenta at\u00edpica el pasado 13 de julio.<\/p>\n<p>&nbsp;<\/p>\n<p>&nbsp;<\/p>\n<p>&nbsp;<\/p>\n<p>Juan Gonz\u00e1lez detall\u00f3 que ya se tramitan m\u00e1s apoyos de este tipo a municipios que han sido afectados recientemente por las lluvias de verano.<\/p>\n<p><strong><u>Fecha de publicaci\u00f3n 23 de julio de 2022 <\/u><\/strong><\/p>\n<p>&nbsp;<\/p>\n","protected":false},"excerpt":{"rendered":"<p>El gobernador de Sonora, Alfonso Durazo, gir\u00f3 instrucciones para ayudar a esa poblaci\u00f3n afectada por&#8230;<\/p>\n","protected":false},"author":1,"featured_media":143350,"comment_status":"open","ping_status":"open","sticky":false,"template":"","format":"standard","meta":{"_monsterinsights_skip_tracking":false,"_monsterinsights_sitenote_active":false,"_monsterinsights_sitenote_note":"","_monsterinsights_sitenote_category":0,"footnotes":""},"categories":[22],"tags":[319,36,15],"class_list":["post"],"yoast_head":" \n<title>Sonora en Equipo. Entrega Protecci\u00f3n Civil Sonora material de apoyo a municipio de Mazat\u00e1n Sonora<\/title>\n<meta name=\"description\" content=\"El gobernador de Sonora, Alfonso Durazo, gir\u00f3 instrucciones para ayudar a esa poblaci\u00f3n afectada por una fuerte tormenta el pasado 13 de julio &nbsp; En Sonora en Equipo publicamos toda la informaci\u00f3n de Sonora, M\u00e9xico y el Mundo de manera oportuna y busca que la libertad de expresi\u00f3n sea real. Visita nuestro medio informativo publicado desde Hermosillo, Sonora. %\" \/>\n<meta name=\"robots\" content=\"index, follow, max-snippet:-1, max-image-preview:large, max-video-preview:-1\" \/>\n<link rel=\"canonical\" href=\"https:\/\/www.sonoraenequipo.com.mx\/entrega-proteccion-civil-sonora-material-de-apoyo-a-municipio-de-mazatan\/\" \/>\n<meta property=\"og:locale\" content=\"es_ES\" \/>\n<meta property=\"og:type\" content=\"article\" \/>\n<meta property=\"og:title\" content=\"Sonora en Equipo. Entrega Protecci\u00f3n Civil Sonora material de apoyo a municipio de Mazat\u00e1n Sonora\" \/>\n<meta property=\"og:description\" content=\"El gobernador de Sonora, Alfonso Durazo, gir\u00f3 instrucciones para ayudar a esa poblaci\u00f3n afectada por una fuerte tormenta el pasado 13 de julio &nbsp; En Sonora en Equipo publicamos toda la informaci\u00f3n de Sonora, M\u00e9xico y el Mundo de manera oportuna y busca que la libertad de expresi\u00f3n sea real. Visita nuestro medio informativo publicado desde Hermosillo, Sonora. %\" \/>\n<meta property=\"og:url\" content=\"https:\/\/www.sonoraenequipo.com.mx\/entrega-proteccion-civil-sonora-material-de-apoyo-a-municipio-de-mazatan\/\" \/>\n<meta property=\"og:site_name\" content=\"Sonora en Equipo.\" \/>\n<meta property=\"article:publisher\" content=\"https:\/\/www.facebook.com\/SonoraEE\/\" \/>\n<meta property=\"article:author\" content=\"https:\/\/www.facebook.com\/SonoraEE\" \/>\n<meta property=\"article:published_time\" content=\"2022-07-23T17:44:54+00:00\" \/>\n<meta property=\"og:image\" content=\"https:\/\/www.sonoraenequipo.com.mx\/storage\/2022\/07\/Cepc.jpg\" \/>\n\t<meta property=\"og:image:width\" content=\"900\" \/>\n\t<meta property=\"og:image:height\" content=\"600\" \/>\n\t<meta property=\"og:image:type\" content=\"image\/jpeg\" \/>\n<meta name=\"author\" content=\"enequipo\" \/>\n<meta name=\"twitter:card\" content=\"summary_large_image\" \/>\n<meta name=\"twitter:creator\" content=\"@sonoraenequipo\" \/>\n<meta name=\"twitter:site\" content=\"@sonoraenequipo\" \/>\n<meta name=\"twitter:label1\" content=\"Escrito por\" \/>\n\t<meta name=\"twitter:data1\" content=\"enequipo\" \/>\n\t<meta name=\"twitter:label2\" content=\"Tiempo de lectura\" \/>\n\t<meta name=\"twitter:data2\" content=\"1 minuto\" \/>\n<script type=\"application\/ld+json\" class=\"yoast-schema-graph\">{\"@context\":\"https:\/\/schema.org\",\"@graph\":[{\"@type\":\"Article\",\"@id\":\"https:\/\/www.sonoraenequipo.com.mx\/entrega-proteccion-civil-sonora-material-de-apoyo-a-municipio-de-mazatan\/#article\",\"isPartOf\":{\"@id\":\"https:\/\/www.sonoraenequipo.com.mx\/entrega-proteccion-civil-sonora-material-de-apoyo-a-municipio-de-mazatan\/\"},\"author\":{\"name\":\"enequipo\",\"@id\":\"https:\/\/www.sonoraenequipo.com.mx\/#\/schema\/person\/50102df0fb23a8fa9e8effad8fa81386\"},\"headline\":\"Entrega Protecci\u00f3n Civil Sonora material de apoyo a municipio de Mazat\u00e1n\",\"datePublished\":\"2022-07-23T17:44:54+00:00\",\"mainEntityOfPage\":{\"@id\":\"https:\/\/www.sonoraenequipo.com.mx\/entrega-proteccion-civil-sonora-material-de-apoyo-a-municipio-de-mazatan\/\"},\"wordCount\":249,\"commentCount\":0,\"publisher\":{\"@id\":\"https:\/\/www.sonoraenequipo.com.mx\/#organization\"},\"image\":{\"@id\":\"https:\/\/www.sonoraenequipo.com.mx\/entrega-proteccion-civil-sonora-material-de-apoyo-a-municipio-de-mazatan\/#primaryimage\"},\"thumbnailUrl\":\"https:\/\/www.sonoraenequipo.com.mx\/storage\/2022\/07\/Cepc.jpg\",\"keywords\":[\"Apoyos\",\"proteccion civil\",\"Sonora\"],\"articleSection\":[\"Sonora\"],\"inLanguage\":\"es\",\"potentialAction\":[{\"@type\":\"CommentAction\",\"name\":\"Comment\",\"target\":[\"https:\/\/www.sonoraenequipo.com.mx\/entrega-proteccion-civil-sonora-material-de-apoyo-a-municipio-de-mazatan\/#respond\"]}]},{\"@type\":\"WebPage\",\"@id\":\"https:\/\/www.sonoraenequipo.com.mx\/entrega-proteccion-civil-sonora-material-de-apoyo-a-municipio-de-mazatan\/\",\"url\":\"https:\/\/www.sonoraenequipo.com.mx\/entrega-proteccion-civil-sonora-material-de-apoyo-a-municipio-de-mazatan\/\",\"name\":\"Sonora en Equipo. Entrega Protecci\u00f3n Civil Sonora material de apoyo a municipio de Mazat\u00e1n Sonora\",\"isPartOf\":{\"@id\":\"https:\/\/www.sonoraenequipo.com.mx\/#website\"},\"primaryImageOfPage\":{\"@id\":\"https:\/\/www.sonoraenequipo.com.mx\/entrega-proteccion-civil-sonora-material-de-apoyo-a-municipio-de-mazatan\/#primaryimage\"},\"image\":{\"@id\":\"https:\/\/www.sonoraenequipo.com.mx\/entrega-proteccion-civil-sonora-material-de-apoyo-a-municipio-de-mazatan\/#primaryimage\"},\"thumbnailUrl\":\"https:\/\/www.sonoraenequipo.com.mx\/storage\/2022\/07\/Cepc.jpg\",\"datePublished\":\"2022-07-23T17:44:54+00:00\",\"description\":\"El gobernador de Sonora, Alfonso Durazo, gir\u00f3 instrucciones para ayudar a esa poblaci\u00f3n afectada por una fuerte tormenta el pasado 13 de julio &nbsp; En Sonora en Equipo publicamos toda la informaci\u00f3n de Sonora, M\u00e9xico y el Mundo de manera oportuna y busca que la libertad de expresi\u00f3n sea real. Visita nuestro medio informativo publicado desde Hermosillo, Sonora. %\",\"breadcrumb\":{\"@id\":\"https:\/\/www.sonoraenequipo.com.mx\/entrega-proteccion-civil-sonora-material-de-apoyo-a-municipio-de-mazatan\/#breadcrumb\"},\"inLanguage\":\"es\",\"potentialAction\":[{\"@type\":\"ReadAction\",\"target\":[\"https:\/\/www.sonoraenequipo.com.mx\/entrega-proteccion-civil-sonora-material-de-apoyo-a-municipio-de-mazatan\/\"]}]},{\"@type\":\"ImageObject\",\"inLanguage\":\"es\",\"@id\":\"https:\/\/www.sonoraenequipo.com.mx\/entrega-proteccion-civil-sonora-material-de-apoyo-a-municipio-de-mazatan\/#primaryimage\",\"url\":\"https:\/\/www.sonoraenequipo.com.mx\/storage\/2022\/07\/Cepc.jpg\",\"contentUrl\":\"https:\/\/www.sonoraenequipo.com.mx\/storage\/2022\/07\/Cepc.jpg\",\"width\":900,\"height\":600},{\"@type\":\"BreadcrumbList\",\"@id\":\"https:\/\/www.sonoraenequipo.com.mx\/entrega-proteccion-civil-sonora-material-de-apoyo-a-municipio-de-mazatan\/#breadcrumb\",\"itemListElement\":[{\"@type\":\"ListItem\",\"position\":1,\"name\":\"Portada\",\"item\":\"https:\/\/www.sonoraenequipo.com.mx\/\"},{\"@type\":\"ListItem\",\"position\":2,\"name\":\"Entrega Protecci\u00f3n Civil Sonora material de apoyo a municipio de Mazat\u00e1n\"}]},{\"@type\":\"WebSite\",\"@id\":\"https:\/\/www.sonoraenequipo.com.mx\/#website\",\"url\":\"https:\/\/www.sonoraenequipo.com.mx\/\",\"name\":\"Sonora en Equipo.\",\"description\":\"Diario en l\u00ednea con Noticias desde Hermosillo, Sonora\",\"publisher\":{\"@id\":\"https:\/\/www.sonoraenequipo.com.mx\/#organization\"},\"potentialAction\":[{\"@type\":\"SearchAction\",\"target\":{\"@type\":\"EntryPoint\",\"urlTemplate\":\"https:\/\/www.sonoraenequipo.com.mx\/?s={search_term_string}\"},\"query-input\":{\"@type\":\"PropertyValueSpecification\",\"valueRequired\":true,\"valueName\":\"search_term_string\"}}],\"inLanguage\":\"es\"},{\"@type\":\"Organization\",\"@id\":\"https:\/\/www.sonoraenequipo.com.mx\/#organization\",\"name\":\"Sonoraenequipo.com.mx\",\"url\":\"https:\/\/www.sonoraenequipo.com.mx\/\",\"logo\":{\"@type\":\"ImageObject\",\"inLanguage\":\"es\",\"@id\":\"https:\/\/www.sonoraenequipo.com.mx\/#\/schema\/logo\/image\/\",\"url\":\"https:\/\/www.sonoraenequipo.com.mx\/storage\/2019\/01\/sonoraenequipo_opt.png\",\"contentUrl\":\"https:\/\/www.sonoraenequipo.com.mx\/storage\/2019\/01\/sonoraenequipo_opt.png\",\"width\":375,\"height\":125,\"caption\":\"Sonoraenequipo.com.mx\"},\"image\":{\"@id\":\"https:\/\/www.sonoraenequipo.com.mx\/#\/schema\/logo\/image\/\"},\"sameAs\":[\"https:\/\/www.facebook.com\/SonoraEE\/\",\"https:\/\/x.com\/sonoraenequipo\",\"https:\/\/www.youtube.com\/channel\/UC338nW-lPEYmJQs4ZABQ1SQ\"]},{\"@type\":\"Person\",\"@id\":\"https:\/\/www.sonoraenequipo.com.mx\/#\/schema\/person\/50102df0fb23a8fa9e8effad8fa81386\",\"name\":\"enequipo\",\"image\":{\"@type\":\"ImageObject\",\"inLanguage\":\"es\",\"@id\":\"https:\/\/www.sonoraenequipo.com.mx\/#\/schema\/person\/image\/\",\"url\":\"https:\/\/secure.gravatar.com\/avatar\/049821681b589dabc0bc20695993ccebb09f5b5d4d790cd9251b97faac7c652b?s=96&d=blank&r=g\",\"contentUrl\":\"https:\/\/secure.gravatar.com\/avatar\/049821681b589dabc0bc20695993ccebb09f5b5d4d790cd9251b97faac7c652b?s=96&d=blank&r=g\",\"caption\":\"enequipo\"},\"sameAs\":[\"https:\/\/www.facebook.com\/SonoraEE\"]}]}<\/script>\n ","yoast_head_json":{"title":"Sonora en Equipo. Entrega Protecci\u00f3n Civil Sonora material de apoyo a municipio de Mazat\u00e1n Sonora","description":"El gobernador de Sonora, Alfonso Durazo, gir\u00f3 instrucciones para ayudar a esa poblaci\u00f3n afectada por una fuerte tormenta el pasado 13 de julio &nbsp; En Sonora en Equipo publicamos toda la informaci\u00f3n de Sonora, M\u00e9xico y el Mundo de manera oportuna y busca que la libertad de expresi\u00f3n sea real. Visita nuestro medio informativo publicado desde Hermosillo, Sonora. %","robots":{"index":"index","follow":"follow","max-snippet":"max-snippet:-1","max-image-preview":"max-image-preview:large","max-video-preview":"max-video-preview:-1"},"canonical":"https:\/\/www.sonoraenequipo.com.mx\/entrega-proteccion-civil-sonora-material-de-apoyo-a-municipio-de-mazatan\/","og_locale":"es_ES","og_type":"article","og_title":"Sonora en Equipo. Entrega Protecci\u00f3n Civil Sonora material de apoyo a municipio de Mazat\u00e1n Sonora","og_description":"El gobernador de Sonora, Alfonso Durazo, gir\u00f3 instrucciones para ayudar a esa poblaci\u00f3n afectada por una fuerte tormenta el pasado 13 de julio &nbsp; En Sonora en Equipo publicamos toda la informaci\u00f3n de Sonora, M\u00e9xico y el Mundo de manera oportuna y busca que la libertad de expresi\u00f3n sea real. Visita nuestro medio informativo publicado desde Hermosillo, Sonora. %","og_url":"https:\/\/www.sonoraenequipo.com.mx\/entrega-proteccion-civil-sonora-material-de-apoyo-a-municipio-de-mazatan\/","og_site_name":"Sonora en Equipo.","article_publisher":"https:\/\/www.facebook.com\/SonoraEE\/","article_author":"https:\/\/www.facebook.com\/SonoraEE","article_published_time":"2022-07-23T17:44:54+00:00","og_image":[{"width":900,"height":600,"url":"https:\/\/www.sonoraenequipo.com.mx\/storage\/2022\/07\/Cepc.jpg","type":"image\/jpeg"}],"author":"enequipo","twitter_card":"summary_large_image","twitter_creator":"@sonoraenequipo","twitter_site":"@sonoraenequipo","twitter_misc":{"Escrito por":"enequipo","Tiempo de lectura":"1 minuto"},"schema":{"@context":"https:\/\/schema.org","@graph":[{"@type":"Article","@id":"https:\/\/www.sonoraenequipo.com.mx\/entrega-proteccion-civil-sonora-material-de-apoyo-a-municipio-de-mazatan\/#article","isPartOf":{"@id":"https:\/\/www.sonoraenequipo.com.mx\/entrega-proteccion-civil-sonora-material-de-apoyo-a-municipio-de-mazatan\/"},"author":{"name":"enequipo","@id":"https:\/\/www.sonoraenequipo.com.mx\/#\/schema\/person\/50102df0fb23a8fa9e8effad8fa81386"},"headline":"Entrega Protecci\u00f3n Civil Sonora material de apoyo a municipio de Mazat\u00e1n","datePublished":"2022-07-23T17:44:54+00:00","mainEntityOfPage":{"@id":"https:\/\/www.sonoraenequipo.com.mx\/entrega-proteccion-civil-sonora-material-de-apoyo-a-municipio-de-mazatan\/"},"wordCount":249,"commentCount":0,"publisher":{"@id":"https:\/\/www.sonoraenequipo.com.mx\/#organization"},"image":{"@id":"https:\/\/www.sonoraenequipo.com.mx\/entrega-proteccion-civil-sonora-material-de-apoyo-a-municipio-de-mazatan\/#primaryimage"},"thumbnailUrl":"https:\/\/www.sonoraenequipo.com.mx\/storage\/2022\/07\/Cepc.jpg","keywords":["Apoyos","proteccion civil","Sonora"],"articleSection":["Sonora"],"inLanguage":"es","potentialAction":[{"@type":"CommentAction","name":"Comment","target":["https:\/\/www.sonoraenequipo.com.mx\/entrega-proteccion-civil-sonora-material-de-apoyo-a-municipio-de-mazatan\/#respond"]}]},{"@type":"WebPage","@id":"https:\/\/www.sonoraenequipo.com.mx\/entrega-proteccion-civil-sonora-material-de-apoyo-a-municipio-de-mazatan\/","url":"https:\/\/www.sonoraenequipo.com.mx\/entrega-proteccion-civil-sonora-material-de-apoyo-a-municipio-de-mazatan\/","name":"Sonora en Equipo. Entrega Protecci\u00f3n Civil Sonora material de apoyo a municipio de Mazat\u00e1n Sonora","isPartOf":{"@id":"https:\/\/www.sonoraenequipo.com.mx\/#website"},"primaryImageOfPage":{"@id":"https:\/\/www.sonoraenequipo.com.mx\/entrega-proteccion-civil-sonora-material-de-apoyo-a-municipio-de-mazatan\/#primaryimage"},"image":{"@id":"https:\/\/www.sonoraenequipo.com.mx\/entrega-proteccion-civil-sonora-material-de-apoyo-a-municipio-de-mazatan\/#primaryimage"},"thumbnailUrl":"https:\/\/www.sonoraenequipo.com.mx\/storage\/2022\/07\/Cepc.jpg","datePublished":"2022-07-23T17:44:54+00:00","description":"El gobernador de Sonora, Alfonso Durazo, gir\u00f3 instrucciones para ayudar a esa poblaci\u00f3n afectada por una fuerte tormenta el pasado 13 de julio &nbsp; En Sonora en Equipo publicamos toda la informaci\u00f3n de Sonora, M\u00e9xico y el Mundo de manera oportuna y busca que la libertad de expresi\u00f3n sea real. Visita nuestro medio informativo publicado desde Hermosillo, Sonora. %","breadcrumb":{"@id":"https:\/\/www.sonoraenequipo.com.mx\/entrega-proteccion-civil-sonora-material-de-apoyo-a-municipio-de-mazatan\/#breadcrumb"},"inLanguage":"es","potentialAction":[{"@type":"ReadAction","target":["https:\/\/www.sonoraenequipo.com.mx\/entrega-proteccion-civil-sonora-material-de-apoyo-a-municipio-de-mazatan\/"]}]},{"@type":"ImageObject","inLanguage":"es","@id":"https:\/\/www.sonoraenequipo.com.mx\/entrega-proteccion-civil-sonora-material-de-apoyo-a-municipio-de-mazatan\/#primaryimage","url":"https:\/\/www.sonoraenequipo.com.mx\/storage\/2022\/07\/Cepc.jpg","contentUrl":"https:\/\/www.sonoraenequipo.com.mx\/storage\/2022\/07\/Cepc.jpg","width":900,"height":600},{"@type":"BreadcrumbList","@id":"https:\/\/www.sonoraenequipo.com.mx\/entrega-proteccion-civil-sonora-material-de-apoyo-a-municipio-de-mazatan\/#breadcrumb","itemListElement":[{"@type":"ListItem","position":1,"name":"Portada","item":"https:\/\/www.sonoraenequipo.com.mx\/"},{"@type":"ListItem","position":2,"name":"Entrega Protecci\u00f3n Civil Sonora material de apoyo a municipio de Mazat\u00e1n"}]},{"@type":"WebSite","@id":"https:\/\/www.sonoraenequipo.com.mx\/#website","url":"https:\/\/www.sonoraenequipo.com.mx\/","name":"Sonora en Equipo.","description":"Diario en l\u00ednea con Noticias desde Hermosillo, Sonora","publisher":{"@id":"https:\/\/www.sonoraenequipo.com.mx\/#organization"},"potentialAction":[{"@type":"SearchAction","target":{"@type":"EntryPoint","urlTemplate":"https:\/\/www.sonoraenequipo.com.mx\/?s={search_term_string}"},"query-input":{"@type":"PropertyValueSpecification","valueRequired":true,"valueName":"search_term_string"}}],"inLanguage":"es"},{"@type":"Organization","@id":"https:\/\/www.sonoraenequipo.com.mx\/#organization","name":"Sonoraenequipo.com.mx","url":"https:\/\/www.sonoraenequipo.com.mx\/","logo":{"@type":"ImageObject","inLanguage":"es","@id":"https:\/\/www.sonoraenequipo.com.mx\/#\/schema\/logo\/image\/","url":"https:\/\/www.sonoraenequipo.com.mx\/storage\/2019\/01\/sonoraenequipo_opt.png","contentUrl":"https:\/\/www.sonoraenequipo.com.mx\/storage\/2019\/01\/sonoraenequipo_opt.png","width":375,"height":125,"caption":"Sonoraenequipo.com.mx"},"image":{"@id":"https:\/\/www.sonoraenequipo.com.mx\/#\/schema\/logo\/image\/"},"sameAs":["https:\/\/www.facebook.com\/SonoraEE\/","https:\/\/x.com\/sonoraenequipo","https:\/\/www.youtube.com\/channel\/UC338nW-lPEYmJQs4ZABQ1SQ"]},{"@type":"Person","@id":"https:\/\/www.sonoraenequipo.com.mx\/#\/schema\/person\/50102df0fb23a8fa9e8effad8fa81386","name":"enequipo","image":{"@type":"ImageObject","inLanguage":"es","@id":"https:\/\/www.sonoraenequipo.com.mx\/#\/schema\/person\/image\/","url":"https:\/\/secure.gravatar.com\/avatar\/049821681b589dabc0bc20695993ccebb09f5b5d4d790cd9251b97faac7c652b?s=96&d=blank&r=g","contentUrl":"https:\/\/secure.gravatar.com\/avatar\/049821681b589dabc0bc20695993ccebb09f5b5d4d790cd9251b97faac7c652b?s=96&d=blank&r=g","caption":"enequipo"},"sameAs":["https:\/\/www.facebook.com\/SonoraEE"]}]}},"jetpack_featured_media_url":"https:\/\/www.sonoraenequipo.com.mx\/storage\/2022\/07\/Cepc.jpg","_links":{"self":[{"href":"https:\/\/www.sonoraenequipo.com.mx\/api\/wp\/v2\/posts\/143348","targetHints":{"allow":["GET"]}}],"collection":[{"href":"https:\/\/www.sonoraenequipo.com.mx\/api\/wp\/v2\/posts"}],"about":[{"href":"https:\/\/www.sonoraenequipo.com.mx\/api\/wp\/v2\/types\/post"}],"author":[{"embeddable":true,"href":"https:\/\/www.sonoraenequipo.com.mx\/api\/wp\/v2\/users\/1"}],"replies":[{"embeddable":true,"href":"https:\/\/www.sonoraenequipo.com.mx\/api\/wp\/v2\/comments?post=143348"}],"version-history":[{"count":1,"href":"https:\/\/www.sonoraenequipo.com.mx\/api\/wp\/v2\/posts\/143348\/revisions"}],"predecessor-version":[{"id":143351,"href":"https:\/\/www.sonoraenequipo.com.mx\/api\/wp\/v2\/posts\/143348\/revisions\/143351"}],"wp:featuredmedia":[{"embeddable":true,"href":"https:\/\/www.sonoraenequipo.com.mx\/api\/wp\/v2\/media\/143350"}],"wp:attachment":[{"href":"https:\/\/www.sonoraenequipo.com.mx\/api\/wp\/v2\/media?parent=143348"}],"wp:term":[{"taxonomy":"category","embeddable":true,"href":"https:\/\/www.sonoraenequipo.com.mx\/api\/wp\/v2\/categories?post=143348"},{"taxonomy":"post_tag","embeddable":true,"href":"https:\/\/www.sonoraenequipo.com.mx\/api\/wp\/v2\/tags?post=143348"}],"curies":[{"name":"wp","href":"https:\/\/api.w.org\/{rel}","templated":true}]}}