{"id":143357,"date":"2022-07-22T19:42:41","date_gmt":"2022-07-23T02:42:41","guid":{"rendered":"https:\/\/www.sonoraenequipo.com.mx\/?p=143357"},"modified":"2022-07-23T11:04:31","modified_gmt":"2022-07-23T18:04:31","slug":"bannon-exasesor-de-trump-declarado-culpable-de-obstruir-investigacion-sobre-asalto-al-capitolio","status":"publish","type":"post","link":"https:\/\/www.sonoraenequipo.com.mx\/bannon-exasesor-de-trump-declarado-culpable-de-obstruir-investigacion-sobre-asalto-al-capitolio\/","title":{"rendered":"Bannon, exasesor de Trump, declarado culpable de obstruir investigaci\u00f3n sobre asalto al Capitolio"},"content":{"rendered":"<p><strong>WASHINGTON, ESTADOS UNIDOS.<\/strong> \u2014 El jurado de un tribunal federal de Washington deliber\u00f3 durante menos de tres horas y concluy\u00f3 que Bannon es culpable de los dos cargos que pesaban contra \u00e9l.<\/p>\n<p>&nbsp;<\/p>\n<p> <\/p>\n<p>&nbsp;<\/p>\n<p>Se expone a entre un mes y un a\u00f1o de prisi\u00f3n por cada cargo.<\/p>\n<p>&nbsp;<\/p>\n<p>Incluso despu\u00e9s de ser expulsado de la Casa Blanca en agosto de 2017, Steve Bannon sigui\u00f3 en contacto con Trump y habl\u00f3 con \u00e9l la v\u00edspera del ataque contra la sede del Congreso.<\/p>\n<p>&nbsp;<\/p>\n<p>Para averiguar sobre qu\u00e9 hablaron esos d\u00edas, la comisi\u00f3n le cit\u00f3 a testificar y presentar documentos. Sin embargo, se neg\u00f3, invocando el derecho de los presidentes a mantener en secreto algunas de sus conversaciones.<\/p>\n<p>&nbsp;<\/p>\n<p>Este rechazo hizo que se le acusara de \u00abobstruir\u00bb el trabajo del Congreso.<\/p>\n<p>&nbsp;<\/p>\n<p><em>\u00abEs posible que hayamos perdido una batalla hoy, pero no perderemos la guerra\u00bb,<\/em> dijo Bannon a los periodistas despu\u00e9s de conocerse el veredicto.<em> \u00abApoyo a Trump y la Constituci\u00f3n\u00bb.<\/em><\/p>\n<p>&nbsp;<\/p>\n<p><em>\u00abVoy a luchar hasta el final\u00bb,<\/em> agreg\u00f3 unas horas despu\u00e9s en Fox News. <em>\u00abTenemos un largo proceso de apelaci\u00f3n\u00bb por delante. \u00abCreo que la ley est\u00e1 con nosotros en muchos puntos\u00bb.<\/em><\/p>\n<p>&nbsp;<\/p>\n<p>El exasesor pol\u00edtico tambi\u00e9n llam\u00f3 a los televidentes a derrotar a los dem\u00f3cratas en las legislativas de noviembre para que un Congreso dominado por los republicanos abra su propia comisi\u00f3n de investigaci\u00f3n sobre el asalto al Capitolio.<\/p>\n<p>&nbsp;<\/p>\n<p><em>\u00abNecesitamos una verdadera comisi\u00f3n del 6 de enero\u00bb,<\/em> le dijo al famoso presentador Tucker Carlson.<\/p>\n<p>&nbsp;<\/p>\n<h3>Defensa silenciosa<\/h3>\n<p>&nbsp;<\/p>\n<p>El presidente del comit\u00e9 de investigaci\u00f3n de la C\u00e1mara de Representantes sobre el asalto al Capitolio, Bennie Thompson, y su vicepresidenta, la republicana Liz Cheney, lo calificaron de <em>\u00abvictoria para el estado de derecho\u00bb.<\/em><\/p>\n<p>&nbsp;<\/p>\n<p><em>\u00abAs\u00ed como todos los responsables de los hechos del 6 de enero deben rendir cuentas, cualquiera que obstruya nuestra investigaci\u00f3n sobre estos hechos debe asumir las consecuencias\u00bb<\/em>, a\u00f1aden en un comunicado.<\/p>\n<p>&nbsp;<\/p>\n<p>En la apertura de los debates el martes, la fiscal Amanda Vaughn acus\u00f3 a Steve Bannon de creerse <em>\u00abpor encima de la ley\u00bb.<\/em><\/p>\n<p>&nbsp;<\/p>\n<p>Bannon <em>\u00abignor\u00f3 las \u00f3rdenes de cumplimiento, incluso despu\u00e9s de que el Congreso rechazara sus pretextos\u00bb<\/em> y le avisaran de que ser\u00eda juzgado si no acud\u00eda a la citaci\u00f3n, agreg\u00f3 Vaughn.<\/p>\n<p>&nbsp;<\/p>\n<p>Seg\u00fan ella, la comisi\u00f3n ten\u00eda motivos para pensar que \u00e9l, al igual que otros colaboradores del presidente, podr\u00eda tener informaci\u00f3n sobre los v\u00ednculos entre Donald Trump y sus simpatizantes que irrumpieron en el Capitolio mientras los congresistas certificaban la victoria presidencial del dem\u00f3crata Joe Biden.<\/p>\n<p>&nbsp;<\/p>\n<p>La defensa no present\u00f3 testigos en el juicio, que comenz\u00f3 el lunes con la selecci\u00f3n del jurado, y Steve Bannon no hizo uso de la palabra para defenderse.<\/p>\n<p>&nbsp;<\/p>\n<p>Su abogado, Evan Corcoran, denunci\u00f3 una persecuci\u00f3n pol\u00edtica, asegurando que \u00abnadie ignor\u00f3 la convocatoria de comparecencia\u00bb y que incluso se hab\u00eda negociado la fecha.<\/p>\n<p>&nbsp;<\/p>\n<p>Cuando se acercaba el juicio, Bannon acept\u00f3 cooperar con los congresistas. Pero la fiscal\u00eda denunci\u00f3 \u00abun intento de \u00faltima hora para evitar rendir cuentas\u00bb y el juez a cargo del caso decidi\u00f3 mantener el juicio.<\/p>\n<p>&nbsp;<\/p>\n<p>Steve Bannon est\u00e1 muy ligado a la ideolog\u00eda de extrema derecha y la promovi\u00f3 cuando Donald Trump lleg\u00f3 a la Casa Blanca en 2017.<\/p>\n<p>&nbsp;<\/p>\n<p>&nbsp;<\/p>\n<p>Antes dirigi\u00f3 el controvertido sitio de noticias Breitbart, una plataforma de la \u00abderecha alternativa\u00bb, un movimiento asociado a tesis conspirativas e integrado por militantes convencidos de la superioridad de la raza blanca.<\/p>\n<p>&nbsp;<\/p>\n<p>&nbsp;<\/p>\n<p>(Publicada 22\/07\/2022 Con informaci\u00f3n de AFP)<\/p>\n","protected":false},"excerpt":{"rendered":"<p>WASHINGTON, ESTADOS UNIDOS. \u2014 El jurado de un tribunal federal de Washington deliber\u00f3 durante menos&#8230;<\/p>\n","protected":false},"author":1,"featured_media":143353,"comment_status":"open","ping_status":"open","sticky":false,"template":"","format":"standard","meta":{"_monsterinsights_skip_tracking":false,"_monsterinsights_sitenote_active":false,"_monsterinsights_sitenote_note":"","_monsterinsights_sitenote_category":0,"footnotes":""},"categories":[3],"tags":[],"class_list":["post"],"yoast_head":" \n<title>Sonora en Equipo. Bannon, exasesor de Trump, declarado culpable de obstruir investigaci\u00f3n sobre asalto al Capitolio MUNDO<\/title>\n<meta name=\"description\" content=\"WASHINGTON, ESTADOS UNIDOS. \u2014 El jurado de un tribunal federal de Washington deliber\u00f3 durante menos de tres horas y concluy\u00f3 que Bannon es culpable de los En Sonora en Equipo publicamos toda la informaci\u00f3n de Sonora, M\u00e9xico y el Mundo de manera oportuna y busca que la libertad de expresi\u00f3n sea real. Visita nuestro medio informativo publicado desde Hermosillo, Sonora. %\" \/>\n<meta name=\"robots\" content=\"index, follow, max-snippet:-1, max-image-preview:large, max-video-preview:-1\" \/>\n<link rel=\"canonical\" href=\"https:\/\/www.sonoraenequipo.com.mx\/bannon-exasesor-de-trump-declarado-culpable-de-obstruir-investigacion-sobre-asalto-al-capitolio\/\" \/>\n<meta property=\"og:locale\" content=\"es_ES\" \/>\n<meta property=\"og:type\" content=\"article\" \/>\n<meta property=\"og:title\" content=\"Sonora en Equipo. Bannon, exasesor de Trump, declarado culpable de obstruir investigaci\u00f3n sobre asalto al Capitolio MUNDO\" \/>\n<meta property=\"og:description\" content=\"WASHINGTON, ESTADOS UNIDOS. \u2014 El jurado de un tribunal federal de Washington deliber\u00f3 durante menos de tres horas y concluy\u00f3 que Bannon es culpable de los En Sonora en Equipo publicamos toda la informaci\u00f3n de Sonora, M\u00e9xico y el Mundo de manera oportuna y busca que la libertad de expresi\u00f3n sea real. Visita nuestro medio informativo publicado desde Hermosillo, Sonora. %\" \/>\n<meta property=\"og:url\" content=\"https:\/\/www.sonoraenequipo.com.mx\/bannon-exasesor-de-trump-declarado-culpable-de-obstruir-investigacion-sobre-asalto-al-capitolio\/\" \/>\n<meta property=\"og:site_name\" content=\"Sonora en Equipo.\" \/>\n<meta property=\"article:publisher\" content=\"https:\/\/www.facebook.com\/SonoraEE\/\" \/>\n<meta property=\"article:author\" content=\"https:\/\/www.facebook.com\/SonoraEE\" \/>\n<meta property=\"article:published_time\" content=\"2022-07-23T02:42:41+00:00\" \/>\n<meta property=\"article:modified_time\" content=\"2022-07-23T18:04:31+00:00\" \/>\n<meta property=\"og:image\" content=\"https:\/\/www.sonoraenequipo.com.mx\/storage\/2022\/07\/steve-bannon.jpg\" \/>\n\t<meta property=\"og:image:width\" content=\"855\" \/>\n\t<meta property=\"og:image:height\" content=\"489\" \/>\n\t<meta property=\"og:image:type\" content=\"image\/jpeg\" \/>\n<meta name=\"author\" content=\"enequipo\" \/>\n<meta name=\"twitter:card\" content=\"summary_large_image\" \/>\n<meta name=\"twitter:creator\" content=\"@sonoraenequipo\" \/>\n<meta name=\"twitter:site\" content=\"@sonoraenequipo\" \/>\n<meta name=\"twitter:label1\" content=\"Escrito por\" \/>\n\t<meta name=\"twitter:data1\" content=\"enequipo\" \/>\n\t<meta name=\"twitter:label2\" content=\"Tiempo de lectura\" \/>\n\t<meta name=\"twitter:data2\" content=\"3 minutos\" \/>\n<script type=\"application\/ld+json\" class=\"yoast-schema-graph\">{\"@context\":\"https:\/\/schema.org\",\"@graph\":[{\"@type\":\"Article\",\"@id\":\"https:\/\/www.sonoraenequipo.com.mx\/bannon-exasesor-de-trump-declarado-culpable-de-obstruir-investigacion-sobre-asalto-al-capitolio\/#article\",\"isPartOf\":{\"@id\":\"https:\/\/www.sonoraenequipo.com.mx\/bannon-exasesor-de-trump-declarado-culpable-de-obstruir-investigacion-sobre-asalto-al-capitolio\/\"},\"author\":{\"name\":\"enequipo\",\"@id\":\"https:\/\/www.sonoraenequipo.com.mx\/#\/schema\/person\/50102df0fb23a8fa9e8effad8fa81386\"},\"headline\":\"Bannon, exasesor de Trump, declarado culpable de obstruir investigaci\u00f3n sobre asalto al Capitolio\",\"datePublished\":\"2022-07-23T02:42:41+00:00\",\"dateModified\":\"2022-07-23T18:04:31+00:00\",\"mainEntityOfPage\":{\"@id\":\"https:\/\/www.sonoraenequipo.com.mx\/bannon-exasesor-de-trump-declarado-culpable-de-obstruir-investigacion-sobre-asalto-al-capitolio\/\"},\"wordCount\":621,\"commentCount\":0,\"publisher\":{\"@id\":\"https:\/\/www.sonoraenequipo.com.mx\/#organization\"},\"image\":{\"@id\":\"https:\/\/www.sonoraenequipo.com.mx\/bannon-exasesor-de-trump-declarado-culpable-de-obstruir-investigacion-sobre-asalto-al-capitolio\/#primaryimage\"},\"thumbnailUrl\":\"https:\/\/www.sonoraenequipo.com.mx\/storage\/2022\/07\/steve-bannon.jpg\",\"articleSection\":[\"MUNDO\"],\"inLanguage\":\"es\",\"potentialAction\":[{\"@type\":\"CommentAction\",\"name\":\"Comment\",\"target\":[\"https:\/\/www.sonoraenequipo.com.mx\/bannon-exasesor-de-trump-declarado-culpable-de-obstruir-investigacion-sobre-asalto-al-capitolio\/#respond\"]}]},{\"@type\":\"WebPage\",\"@id\":\"https:\/\/www.sonoraenequipo.com.mx\/bannon-exasesor-de-trump-declarado-culpable-de-obstruir-investigacion-sobre-asalto-al-capitolio\/\",\"url\":\"https:\/\/www.sonoraenequipo.com.mx\/bannon-exasesor-de-trump-declarado-culpable-de-obstruir-investigacion-sobre-asalto-al-capitolio\/\",\"name\":\"Sonora en Equipo. Bannon, exasesor de Trump, declarado culpable de obstruir investigaci\u00f3n sobre asalto al Capitolio MUNDO\",\"isPartOf\":{\"@id\":\"https:\/\/www.sonoraenequipo.com.mx\/#website\"},\"primaryImageOfPage\":{\"@id\":\"https:\/\/www.sonoraenequipo.com.mx\/bannon-exasesor-de-trump-declarado-culpable-de-obstruir-investigacion-sobre-asalto-al-capitolio\/#primaryimage\"},\"image\":{\"@id\":\"https:\/\/www.sonoraenequipo.com.mx\/bannon-exasesor-de-trump-declarado-culpable-de-obstruir-investigacion-sobre-asalto-al-capitolio\/#primaryimage\"},\"thumbnailUrl\":\"https:\/\/www.sonoraenequipo.com.mx\/storage\/2022\/07\/steve-bannon.jpg\",\"datePublished\":\"2022-07-23T02:42:41+00:00\",\"dateModified\":\"2022-07-23T18:04:31+00:00\",\"description\":\"WASHINGTON, ESTADOS UNIDOS. \u2014 El jurado de un tribunal federal de Washington deliber\u00f3 durante menos de tres horas y concluy\u00f3 que Bannon es culpable de los En Sonora en Equipo publicamos toda la informaci\u00f3n de Sonora, M\u00e9xico y el Mundo de manera oportuna y busca que la libertad de expresi\u00f3n sea real. Visita nuestro medio informativo publicado desde Hermosillo, Sonora. %\",\"breadcrumb\":{\"@id\":\"https:\/\/www.sonoraenequipo.com.mx\/bannon-exasesor-de-trump-declarado-culpable-de-obstruir-investigacion-sobre-asalto-al-capitolio\/#breadcrumb\"},\"inLanguage\":\"es\",\"potentialAction\":[{\"@type\":\"ReadAction\",\"target\":[\"https:\/\/www.sonoraenequipo.com.mx\/bannon-exasesor-de-trump-declarado-culpable-de-obstruir-investigacion-sobre-asalto-al-capitolio\/\"]}]},{\"@type\":\"ImageObject\",\"inLanguage\":\"es\",\"@id\":\"https:\/\/www.sonoraenequipo.com.mx\/bannon-exasesor-de-trump-declarado-culpable-de-obstruir-investigacion-sobre-asalto-al-capitolio\/#primaryimage\",\"url\":\"https:\/\/www.sonoraenequipo.com.mx\/storage\/2022\/07\/steve-bannon.jpg\",\"contentUrl\":\"https:\/\/www.sonoraenequipo.com.mx\/storage\/2022\/07\/steve-bannon.jpg\",\"width\":855,\"height\":489},{\"@type\":\"BreadcrumbList\",\"@id\":\"https:\/\/www.sonoraenequipo.com.mx\/bannon-exasesor-de-trump-declarado-culpable-de-obstruir-investigacion-sobre-asalto-al-capitolio\/#breadcrumb\",\"itemListElement\":[{\"@type\":\"ListItem\",\"position\":1,\"name\":\"Portada\",\"item\":\"https:\/\/www.sonoraenequipo.com.mx\/\"},{\"@type\":\"ListItem\",\"position\":2,\"name\":\"Bannon, exasesor de Trump, declarado culpable de obstruir investigaci\u00f3n sobre asalto al Capitolio\"}]},{\"@type\":\"WebSite\",\"@id\":\"https:\/\/www.sonoraenequipo.com.mx\/#website\",\"url\":\"https:\/\/www.sonoraenequipo.com.mx\/\",\"name\":\"Sonora en Equipo.\",\"description\":\"Diario en l\u00ednea con Noticias desde Hermosillo, Sonora\",\"publisher\":{\"@id\":\"https:\/\/www.sonoraenequipo.com.mx\/#organization\"},\"potentialAction\":[{\"@type\":\"SearchAction\",\"target\":{\"@type\":\"EntryPoint\",\"urlTemplate\":\"https:\/\/www.sonoraenequipo.com.mx\/?s={search_term_string}\"},\"query-input\":{\"@type\":\"PropertyValueSpecification\",\"valueRequired\":true,\"valueName\":\"search_term_string\"}}],\"inLanguage\":\"es\"},{\"@type\":\"Organization\",\"@id\":\"https:\/\/www.sonoraenequipo.com.mx\/#organization\",\"name\":\"Sonoraenequipo.com.mx\",\"url\":\"https:\/\/www.sonoraenequipo.com.mx\/\",\"logo\":{\"@type\":\"ImageObject\",\"inLanguage\":\"es\",\"@id\":\"https:\/\/www.sonoraenequipo.com.mx\/#\/schema\/logo\/image\/\",\"url\":\"https:\/\/www.sonoraenequipo.com.mx\/storage\/2019\/01\/sonoraenequipo_opt.png\",\"contentUrl\":\"https:\/\/www.sonoraenequipo.com.mx\/storage\/2019\/01\/sonoraenequipo_opt.png\",\"width\":375,\"height\":125,\"caption\":\"Sonoraenequipo.com.mx\"},\"image\":{\"@id\":\"https:\/\/www.sonoraenequipo.com.mx\/#\/schema\/logo\/image\/\"},\"sameAs\":[\"https:\/\/www.facebook.com\/SonoraEE\/\",\"https:\/\/x.com\/sonoraenequipo\",\"https:\/\/www.youtube.com\/channel\/UC338nW-lPEYmJQs4ZABQ1SQ\"]},{\"@type\":\"Person\",\"@id\":\"https:\/\/www.sonoraenequipo.com.mx\/#\/schema\/person\/50102df0fb23a8fa9e8effad8fa81386\",\"name\":\"enequipo\",\"image\":{\"@type\":\"ImageObject\",\"inLanguage\":\"es\",\"@id\":\"https:\/\/www.sonoraenequipo.com.mx\/#\/schema\/person\/image\/\",\"url\":\"https:\/\/secure.gravatar.com\/avatar\/049821681b589dabc0bc20695993ccebb09f5b5d4d790cd9251b97faac7c652b?s=96&d=blank&r=g\",\"contentUrl\":\"https:\/\/secure.gravatar.com\/avatar\/049821681b589dabc0bc20695993ccebb09f5b5d4d790cd9251b97faac7c652b?s=96&d=blank&r=g\",\"caption\":\"enequipo\"},\"sameAs\":[\"https:\/\/www.facebook.com\/SonoraEE\"]}]}<\/script>\n ","yoast_head_json":{"title":"Sonora en Equipo. Bannon, exasesor de Trump, declarado culpable de obstruir investigaci\u00f3n sobre asalto al Capitolio MUNDO","description":"WASHINGTON, ESTADOS UNIDOS. \u2014 El jurado de un tribunal federal de Washington deliber\u00f3 durante menos de tres horas y concluy\u00f3 que Bannon es culpable de los En Sonora en Equipo publicamos toda la informaci\u00f3n de Sonora, M\u00e9xico y el Mundo de manera oportuna y busca que la libertad de expresi\u00f3n sea real. Visita nuestro medio informativo publicado desde Hermosillo, Sonora. %","robots":{"index":"index","follow":"follow","max-snippet":"max-snippet:-1","max-image-preview":"max-image-preview:large","max-video-preview":"max-video-preview:-1"},"canonical":"https:\/\/www.sonoraenequipo.com.mx\/bannon-exasesor-de-trump-declarado-culpable-de-obstruir-investigacion-sobre-asalto-al-capitolio\/","og_locale":"es_ES","og_type":"article","og_title":"Sonora en Equipo. Bannon, exasesor de Trump, declarado culpable de obstruir investigaci\u00f3n sobre asalto al Capitolio MUNDO","og_description":"WASHINGTON, ESTADOS UNIDOS. \u2014 El jurado de un tribunal federal de Washington deliber\u00f3 durante menos de tres horas y concluy\u00f3 que Bannon es culpable de los En Sonora en Equipo publicamos toda la informaci\u00f3n de Sonora, M\u00e9xico y el Mundo de manera oportuna y busca que la libertad de expresi\u00f3n sea real. Visita nuestro medio informativo publicado desde Hermosillo, Sonora. %","og_url":"https:\/\/www.sonoraenequipo.com.mx\/bannon-exasesor-de-trump-declarado-culpable-de-obstruir-investigacion-sobre-asalto-al-capitolio\/","og_site_name":"Sonora en Equipo.","article_publisher":"https:\/\/www.facebook.com\/SonoraEE\/","article_author":"https:\/\/www.facebook.com\/SonoraEE","article_published_time":"2022-07-23T02:42:41+00:00","article_modified_time":"2022-07-23T18:04:31+00:00","og_image":[{"width":855,"height":489,"url":"https:\/\/www.sonoraenequipo.com.mx\/storage\/2022\/07\/steve-bannon.jpg","type":"image\/jpeg"}],"author":"enequipo","twitter_card":"summary_large_image","twitter_creator":"@sonoraenequipo","twitter_site":"@sonoraenequipo","twitter_misc":{"Escrito por":"enequipo","Tiempo de lectura":"3 minutos"},"schema":{"@context":"https:\/\/schema.org","@graph":[{"@type":"Article","@id":"https:\/\/www.sonoraenequipo.com.mx\/bannon-exasesor-de-trump-declarado-culpable-de-obstruir-investigacion-sobre-asalto-al-capitolio\/#article","isPartOf":{"@id":"https:\/\/www.sonoraenequipo.com.mx\/bannon-exasesor-de-trump-declarado-culpable-de-obstruir-investigacion-sobre-asalto-al-capitolio\/"},"author":{"name":"enequipo","@id":"https:\/\/www.sonoraenequipo.com.mx\/#\/schema\/person\/50102df0fb23a8fa9e8effad8fa81386"},"headline":"Bannon, exasesor de Trump, declarado culpable de obstruir investigaci\u00f3n sobre asalto al Capitolio","datePublished":"2022-07-23T02:42:41+00:00","dateModified":"2022-07-23T18:04:31+00:00","mainEntityOfPage":{"@id":"https:\/\/www.sonoraenequipo.com.mx\/bannon-exasesor-de-trump-declarado-culpable-de-obstruir-investigacion-sobre-asalto-al-capitolio\/"},"wordCount":621,"commentCount":0,"publisher":{"@id":"https:\/\/www.sonoraenequipo.com.mx\/#organization"},"image":{"@id":"https:\/\/www.sonoraenequipo.com.mx\/bannon-exasesor-de-trump-declarado-culpable-de-obstruir-investigacion-sobre-asalto-al-capitolio\/#primaryimage"},"thumbnailUrl":"https:\/\/www.sonoraenequipo.com.mx\/storage\/2022\/07\/steve-bannon.jpg","articleSection":["MUNDO"],"inLanguage":"es","potentialAction":[{"@type":"CommentAction","name":"Comment","target":["https:\/\/www.sonoraenequipo.com.mx\/bannon-exasesor-de-trump-declarado-culpable-de-obstruir-investigacion-sobre-asalto-al-capitolio\/#respond"]}]},{"@type":"WebPage","@id":"https:\/\/www.sonoraenequipo.com.mx\/bannon-exasesor-de-trump-declarado-culpable-de-obstruir-investigacion-sobre-asalto-al-capitolio\/","url":"https:\/\/www.sonoraenequipo.com.mx\/bannon-exasesor-de-trump-declarado-culpable-de-obstruir-investigacion-sobre-asalto-al-capitolio\/","name":"Sonora en Equipo. Bannon, exasesor de Trump, declarado culpable de obstruir investigaci\u00f3n sobre asalto al Capitolio MUNDO","isPartOf":{"@id":"https:\/\/www.sonoraenequipo.com.mx\/#website"},"primaryImageOfPage":{"@id":"https:\/\/www.sonoraenequipo.com.mx\/bannon-exasesor-de-trump-declarado-culpable-de-obstruir-investigacion-sobre-asalto-al-capitolio\/#primaryimage"},"image":{"@id":"https:\/\/www.sonoraenequipo.com.mx\/bannon-exasesor-de-trump-declarado-culpable-de-obstruir-investigacion-sobre-asalto-al-capitolio\/#primaryimage"},"thumbnailUrl":"https:\/\/www.sonoraenequipo.com.mx\/storage\/2022\/07\/steve-bannon.jpg","datePublished":"2022-07-23T02:42:41+00:00","dateModified":"2022-07-23T18:04:31+00:00","description":"WASHINGTON, ESTADOS UNIDOS. \u2014 El jurado de un tribunal federal de Washington deliber\u00f3 durante menos de tres horas y concluy\u00f3 que Bannon es culpable de los En Sonora en Equipo publicamos toda la informaci\u00f3n de Sonora, M\u00e9xico y el Mundo de manera oportuna y busca que la libertad de expresi\u00f3n sea real. Visita nuestro medio informativo publicado desde Hermosillo, Sonora. %","breadcrumb":{"@id":"https:\/\/www.sonoraenequipo.com.mx\/bannon-exasesor-de-trump-declarado-culpable-de-obstruir-investigacion-sobre-asalto-al-capitolio\/#breadcrumb"},"inLanguage":"es","potentialAction":[{"@type":"ReadAction","target":["https:\/\/www.sonoraenequipo.com.mx\/bannon-exasesor-de-trump-declarado-culpable-de-obstruir-investigacion-sobre-asalto-al-capitolio\/"]}]},{"@type":"ImageObject","inLanguage":"es","@id":"https:\/\/www.sonoraenequipo.com.mx\/bannon-exasesor-de-trump-declarado-culpable-de-obstruir-investigacion-sobre-asalto-al-capitolio\/#primaryimage","url":"https:\/\/www.sonoraenequipo.com.mx\/storage\/2022\/07\/steve-bannon.jpg","contentUrl":"https:\/\/www.sonoraenequipo.com.mx\/storage\/2022\/07\/steve-bannon.jpg","width":855,"height":489},{"@type":"BreadcrumbList","@id":"https:\/\/www.sonoraenequipo.com.mx\/bannon-exasesor-de-trump-declarado-culpable-de-obstruir-investigacion-sobre-asalto-al-capitolio\/#breadcrumb","itemListElement":[{"@type":"ListItem","position":1,"name":"Portada","item":"https:\/\/www.sonoraenequipo.com.mx\/"},{"@type":"ListItem","position":2,"name":"Bannon, exasesor de Trump, declarado culpable de obstruir investigaci\u00f3n sobre asalto al Capitolio"}]},{"@type":"WebSite","@id":"https:\/\/www.sonoraenequipo.com.mx\/#website","url":"https:\/\/www.sonoraenequipo.com.mx\/","name":"Sonora en Equipo.","description":"Diario en l\u00ednea con Noticias desde Hermosillo, Sonora","publisher":{"@id":"https:\/\/www.sonoraenequipo.com.mx\/#organization"},"potentialAction":[{"@type":"SearchAction","target":{"@type":"EntryPoint","urlTemplate":"https:\/\/www.sonoraenequipo.com.mx\/?s={search_term_string}"},"query-input":{"@type":"PropertyValueSpecification","valueRequired":true,"valueName":"search_term_string"}}],"inLanguage":"es"},{"@type":"Organization","@id":"https:\/\/www.sonoraenequipo.com.mx\/#organization","name":"Sonoraenequipo.com.mx","url":"https:\/\/www.sonoraenequipo.com.mx\/","logo":{"@type":"ImageObject","inLanguage":"es","@id":"https:\/\/www.sonoraenequipo.com.mx\/#\/schema\/logo\/image\/","url":"https:\/\/www.sonoraenequipo.com.mx\/storage\/2019\/01\/sonoraenequipo_opt.png","contentUrl":"https:\/\/www.sonoraenequipo.com.mx\/storage\/2019\/01\/sonoraenequipo_opt.png","width":375,"height":125,"caption":"Sonoraenequipo.com.mx"},"image":{"@id":"https:\/\/www.sonoraenequipo.com.mx\/#\/schema\/logo\/image\/"},"sameAs":["https:\/\/www.facebook.com\/SonoraEE\/","https:\/\/x.com\/sonoraenequipo","https:\/\/www.youtube.com\/channel\/UC338nW-lPEYmJQs4ZABQ1SQ"]},{"@type":"Person","@id":"https:\/\/www.sonoraenequipo.com.mx\/#\/schema\/person\/50102df0fb23a8fa9e8effad8fa81386","name":"enequipo","image":{"@type":"ImageObject","inLanguage":"es","@id":"https:\/\/www.sonoraenequipo.com.mx\/#\/schema\/person\/image\/","url":"https:\/\/secure.gravatar.com\/avatar\/049821681b589dabc0bc20695993ccebb09f5b5d4d790cd9251b97faac7c652b?s=96&d=blank&r=g","contentUrl":"https:\/\/secure.gravatar.com\/avatar\/049821681b589dabc0bc20695993ccebb09f5b5d4d790cd9251b97faac7c652b?s=96&d=blank&r=g","caption":"enequipo"},"sameAs":["https:\/\/www.facebook.com\/SonoraEE"]}]}},"jetpack_featured_media_url":"https:\/\/www.sonoraenequipo.com.mx\/storage\/2022\/07\/steve-bannon.jpg","_links":{"self":[{"href":"https:\/\/www.sonoraenequipo.com.mx\/api\/wp\/v2\/posts\/143357","targetHints":{"allow":["GET"]}}],"collection":[{"href":"https:\/\/www.sonoraenequipo.com.mx\/api\/wp\/v2\/posts"}],"about":[{"href":"https:\/\/www.sonoraenequipo.com.mx\/api\/wp\/v2\/types\/post"}],"author":[{"embeddable":true,"href":"https:\/\/www.sonoraenequipo.com.mx\/api\/wp\/v2\/users\/1"}],"replies":[{"embeddable":true,"href":"https:\/\/www.sonoraenequipo.com.mx\/api\/wp\/v2\/comments?post=143357"}],"version-history":[{"count":1,"href":"https:\/\/www.sonoraenequipo.com.mx\/api\/wp\/v2\/posts\/143357\/revisions"}],"predecessor-version":[{"id":143358,"href":"https:\/\/www.sonoraenequipo.com.mx\/api\/wp\/v2\/posts\/143357\/revisions\/143358"}],"wp:featuredmedia":[{"embeddable":true,"href":"https:\/\/www.sonoraenequipo.com.mx\/api\/wp\/v2\/media\/143353"}],"wp:attachment":[{"href":"https:\/\/www.sonoraenequipo.com.mx\/api\/wp\/v2\/media?parent=143357"}],"wp:term":[{"taxonomy":"category","embeddable":true,"href":"https:\/\/www.sonoraenequipo.com.mx\/api\/wp\/v2\/categories?post=143357"},{"taxonomy":"post_tag","embeddable":true,"href":"https:\/\/www.sonoraenequipo.com.mx\/api\/wp\/v2\/tags?post=143357"}],"curies":[{"name":"wp","href":"https:\/\/api.w.org\/{rel}","templated":true}]}}