{"id":143360,"date":"2022-07-23T09:20:46","date_gmt":"2022-07-23T16:20:46","guid":{"rendered":"https:\/\/www.sonoraenequipo.com.mx\/?p=143360"},"modified":"2022-07-23T12:19:32","modified_gmt":"2022-07-23T19:19:32","slug":"elementos-amic-rescatan-en-carretera-guaymas-obregon-a-u-nino-de-ocho-anos-sustraido-del-hogar-sin-permiso-por-su-padre-en-slrc","status":"publish","type":"post","link":"https:\/\/www.sonoraenequipo.com.mx\/elementos-amic-rescatan-en-carretera-guaymas-obregon-a-u-nino-de-ocho-anos-sustraido-del-hogar-sin-permiso-por-su-padre-en-slrc\/","title":{"rendered":"Elementos AMIC rescatan, en carretera guaymas \u00a0obreg\u00f3n, a u ni\u00f1o de ocho a\u00f1os sustra\u00eddo del hogar sin permiso por su padre en SLRC"},"content":{"rendered":"<p>Elementos AMIC rescatan, en carretera guaymas \u00a0obreg\u00f3n, a u ni\u00f1o de ocho a\u00f1os sustra\u00eddo del hogar sin permiso por su padre en SLRC<\/p>\n<p><strong>\u00a0<\/strong><\/p>\n<p><strong>GUAYMAS, SONORA, MX.<\/strong><strong>\u2500\u2500<\/strong> Mediante operativo t\u00e1ctico de b\u00fasqueda y rescate, implementado por elementos AMIC de la Fiscal\u00eda de Sonora, fue ubicado un menor de 8 a\u00f1os de edad que fue sustra\u00eddo de su hogar, en San Luis R\u00edo Colorado (SRC), por su padre biol\u00f3gico quien pretend\u00eda trasladarlo a Michoac\u00e1n sin autorizaci\u00f3n de su madre.<\/p>\n<p>&nbsp;<\/p>\n<p>Agentes Ministeriales de Investigaci\u00f3n Criminal ubicaron al menor y a Jos\u00e9 Alain \u201cN.\u201d, su padre, a bordo de un veh\u00edculo Honda, color gris, con placas del Distrito Federal, en la Carretera Federal No. 15, en el tramo carretero Guaymas \u2013 Ciudad Obreg\u00f3n, a la altura de las Gu\u00e1simas, en el km 86 hacia el sur.<\/p>\n<p>&nbsp;<\/p>\n<p>En este operativo implementado por el Departamento de Personas Desaparecidas o Extraviadas de la Fiscal\u00eda de Sonora, participaron las bases operativas de la Agencia Ministerial de Investigaci\u00f3n Criminal (AMIC) de San Luis R\u00edo Colorado, Hermosillo y del sur de la entidad como son: Empalme, V\u00edcam, La Atravesada, Cd. Obreg\u00f3n, Navojoa, San Carlos y Guaymas, logrando ubicar y rescatar al menor, aproximadamente seis horas despu\u00e9s de recibida la denuncia.<\/p>\n<p>&nbsp;<\/p>\n<p>El menor rescatado fue entregado a su madre el viernes 22 de julio y Jos\u00e9 Alain \u201cN.\u201d, padre y sustractor del menor, detenido.<\/p>\n<p>&nbsp;<\/p>\n<p>&nbsp;<\/p>\n<p>&nbsp;<\/p>\n<p>El veh\u00edculo en el que se desplazaban fue asegurado y los dem\u00e1s tripulantes de la unidad fueron entrevistados como testigos presenciales.<\/p>\n<p>&nbsp;<\/p>\n<p>Cabe destacar que en la solicitud de informaci\u00f3n que se hizo, sobre el padre del menor, ante la Fiscal\u00eda General del Estado de Michoac\u00e1n, se pudo constatar que Jos\u00e9 Alain \u201cN.\u201d cuenta con m\u00faltiples ingresos a centros de readaptaci\u00f3n social de Michoac\u00e1n y Guanajuato, desde 2006, por delitos como: fraude espec\u00edfico, robo calificado grave, tentativa de extorsi\u00f3n, da\u00f1os, violencia familiar, amenazas y narcomenudeo.<\/p>\n<p>&nbsp;<\/p>\n<p>De acuerdo con la narraci\u00f3n de los hechos realizada por la madre del menor, al interponer la denuncia, se\u00f1al\u00f3 que aproximadamente a las 12:30 horas del 21 de julio, ella se encontraba en el porche de su vivienda junto con sus dos hijos, la v\u00edctima y una menor de edad que estaba sentada en una carriola, mientras conversaba con su hijo record\u00f3 que ten\u00eda que meter ropa a la lavadora y le pidi\u00f3 que cuidara a la ni\u00f1a en lo que ella regresaba.<\/p>\n<p>&nbsp;<\/p>\n<p>Ingres\u00f3 al domicilio y cuando estaba a punto de iniciar sus labores, escuch\u00f3 los gritos de su hijo llam\u00e1ndola, por lo que sali\u00f3 corriendo, pero ya no lo encontr\u00f3, la puerta hacia la calle estaba abierta y la ni\u00f1a permanec\u00eda en la carriola.<\/p>\n<p>&nbsp;<\/p>\n<p>Inmediatamente la madre, muy asustada, inici\u00f3 la b\u00fasqueda, pero al no obtener resultados acudi\u00f3 a la Fiscal\u00eda de Sonora, con los datos que les dieron testigos, para interponer la denuncia de la desaparici\u00f3n del menor de 8 a\u00f1os.<\/p>\n<p>&nbsp;<\/p>\n<p>Cabe aclarar que la madre, su pareja actual y la v\u00edctima sustra\u00edda son originarios de Michoac\u00e1n, lugar del que salieron por el hostigamiento, persecuci\u00f3n y amenazas que Jos\u00e9 Alain \u201cN.\u201d continuamente hac\u00eda a la madre del menor, a su nueva pareja, y a su familia. Los padres del menor hab\u00edan concluido su relaci\u00f3n en 2015, debido a las actividades il\u00edcitas en las que se hab\u00eda visto involucrado y a las agresiones que el sujeto ejerc\u00eda sobre ella.<\/p>\n<p>&nbsp;<\/p>\n<p>Por estas razones la madre y su hijo viajaron cientos de kil\u00f3metros de su lugar de origen y se asentaron en San Luis R\u00edo Colorado, Sonora, lugar donde la familia ten\u00eda posibilidades de iniciar un negocio de carrocer\u00eda, pero manten\u00edan en secreto su ubicaci\u00f3n.<\/p>\n<p>&nbsp;<\/p>\n<p>Ante la desaparici\u00f3n del menor, la madre intuy\u00f3 que el pap\u00e1 biol\u00f3gico podr\u00eda ser el responsable de sustraer al ni\u00f1o y as\u00ed lo hizo saber en su denuncia.<\/p>\n<p>&nbsp;<\/p>\n<p>Con esta informaci\u00f3n, de manera inmediata la Fiscal\u00eda de Sonora inici\u00f3 un operativo t\u00e1ctico ininterrumpido exhaustivo en las carreteras de todo el Estado, m\u00e1s espec\u00edfico hacia sur, y as\u00ed, seis horas despu\u00e9s de la denuncia, elementos AMIC asignados a la base operativa de Guaymas lograron ubicar al veh\u00edculo en el que era trasladado el menor hacia Michoac\u00e1n.<\/p>\n<p>La Fiscal\u00eda de Sonora ser\u00e1 implacable ante el delito de sustracci\u00f3n de menores, mucho m\u00e1s, cuando se pretenda introducirlos a entornos violentos.<\/p>\n<p><strong><u>Fecha de publicaci\u00f3n 23 de julio de 2022 <\/u><\/strong><\/p>\n","protected":false},"excerpt":{"rendered":"<p>Elementos AMIC rescatan, en carretera guaymas \u00a0obreg\u00f3n, a u ni\u00f1o de ocho a\u00f1os sustra\u00eddo del&#8230;<\/p>\n","protected":false},"author":1,"featured_media":143361,"comment_status":"open","ping_status":"open","sticky":false,"template":"","format":"standard","meta":{"_monsterinsights_skip_tracking":false,"_monsterinsights_sitenote_active":false,"_monsterinsights_sitenote_note":"","_monsterinsights_sitenote_category":0,"footnotes":""},"categories":[3144],"tags":[170,15,4462],"class_list":["post"],"yoast_head":" \n<title>Sonora en Equipo. Elementos AMIC rescatan, en carretera guaymas \u00a0obreg\u00f3n, a u ni\u00f1o de ocho a\u00f1os sustra\u00eddo del hogar sin permiso por su padre en SLRC Polic\u00edaca<\/title>\n<meta name=\"description\" content=\"Elementos AMIC rescatan, en carretera guaymas \u00a0obreg\u00f3n, a u ni\u00f1o de ocho a\u00f1os sustra\u00eddo del hogar sin permiso por su padre en SLRC \u00a0 GUAYMAS, SONORA, En Sonora en Equipo publicamos toda la informaci\u00f3n de Sonora, M\u00e9xico y el Mundo de manera oportuna y busca que la libertad de expresi\u00f3n sea real. Visita nuestro medio informativo publicado desde Hermosillo, Sonora. %\" \/>\n<meta name=\"robots\" content=\"index, follow, max-snippet:-1, max-image-preview:large, max-video-preview:-1\" \/>\n<link rel=\"canonical\" href=\"https:\/\/www.sonoraenequipo.com.mx\/elementos-amic-rescatan-en-carretera-guaymas-obregon-a-u-nino-de-ocho-anos-sustraido-del-hogar-sin-permiso-por-su-padre-en-slrc\/\" \/>\n<meta property=\"og:locale\" content=\"es_ES\" \/>\n<meta property=\"og:type\" content=\"article\" \/>\n<meta property=\"og:title\" content=\"Sonora en Equipo. Elementos AMIC rescatan, en carretera guaymas \u00a0obreg\u00f3n, a u ni\u00f1o de ocho a\u00f1os sustra\u00eddo del hogar sin permiso por su padre en SLRC Polic\u00edaca\" \/>\n<meta property=\"og:description\" content=\"Elementos AMIC rescatan, en carretera guaymas \u00a0obreg\u00f3n, a u ni\u00f1o de ocho a\u00f1os sustra\u00eddo del hogar sin permiso por su padre en SLRC \u00a0 GUAYMAS, SONORA, En Sonora en Equipo publicamos toda la informaci\u00f3n de Sonora, M\u00e9xico y el Mundo de manera oportuna y busca que la libertad de expresi\u00f3n sea real. Visita nuestro medio informativo publicado desde Hermosillo, Sonora. %\" \/>\n<meta property=\"og:url\" content=\"https:\/\/www.sonoraenequipo.com.mx\/elementos-amic-rescatan-en-carretera-guaymas-obregon-a-u-nino-de-ocho-anos-sustraido-del-hogar-sin-permiso-por-su-padre-en-slrc\/\" \/>\n<meta property=\"og:site_name\" content=\"Sonora en Equipo.\" \/>\n<meta property=\"article:publisher\" content=\"https:\/\/www.facebook.com\/SonoraEE\/\" \/>\n<meta property=\"article:author\" content=\"https:\/\/www.facebook.com\/SonoraEE\" \/>\n<meta property=\"article:published_time\" content=\"2022-07-23T16:20:46+00:00\" \/>\n<meta property=\"article:modified_time\" content=\"2022-07-23T19:19:32+00:00\" \/>\n<meta property=\"og:image\" content=\"https:\/\/www.sonoraenequipo.com.mx\/storage\/2022\/07\/nino-slrc.jpg\" \/>\n\t<meta property=\"og:image:width\" content=\"900\" \/>\n\t<meta property=\"og:image:height\" content=\"628\" \/>\n\t<meta property=\"og:image:type\" content=\"image\/jpeg\" \/>\n<meta name=\"author\" content=\"enequipo\" \/>\n<meta name=\"twitter:card\" content=\"summary_large_image\" \/>\n<meta name=\"twitter:creator\" content=\"@sonoraenequipo\" \/>\n<meta name=\"twitter:site\" content=\"@sonoraenequipo\" \/>\n<meta name=\"twitter:label1\" content=\"Escrito por\" \/>\n\t<meta name=\"twitter:data1\" content=\"enequipo\" \/>\n\t<meta name=\"twitter:label2\" content=\"Tiempo de lectura\" \/>\n\t<meta name=\"twitter:data2\" content=\"4 minutos\" \/>\n<script type=\"application\/ld+json\" class=\"yoast-schema-graph\">{\"@context\":\"https:\/\/schema.org\",\"@graph\":[{\"@type\":\"Article\",\"@id\":\"https:\/\/www.sonoraenequipo.com.mx\/elementos-amic-rescatan-en-carretera-guaymas-obregon-a-u-nino-de-ocho-anos-sustraido-del-hogar-sin-permiso-por-su-padre-en-slrc\/#article\",\"isPartOf\":{\"@id\":\"https:\/\/www.sonoraenequipo.com.mx\/elementos-amic-rescatan-en-carretera-guaymas-obregon-a-u-nino-de-ocho-anos-sustraido-del-hogar-sin-permiso-por-su-padre-en-slrc\/\"},\"author\":{\"name\":\"enequipo\",\"@id\":\"https:\/\/www.sonoraenequipo.com.mx\/#\/schema\/person\/50102df0fb23a8fa9e8effad8fa81386\"},\"headline\":\"Elementos AMIC rescatan, en carretera guaymas \u00a0obreg\u00f3n, a u ni\u00f1o de ocho a\u00f1os sustra\u00eddo del hogar sin permiso por su padre en SLRC\",\"datePublished\":\"2022-07-23T16:20:46+00:00\",\"dateModified\":\"2022-07-23T19:19:32+00:00\",\"mainEntityOfPage\":{\"@id\":\"https:\/\/www.sonoraenequipo.com.mx\/elementos-amic-rescatan-en-carretera-guaymas-obregon-a-u-nino-de-ocho-anos-sustraido-del-hogar-sin-permiso-por-su-padre-en-slrc\/\"},\"wordCount\":815,\"commentCount\":0,\"publisher\":{\"@id\":\"https:\/\/www.sonoraenequipo.com.mx\/#organization\"},\"image\":{\"@id\":\"https:\/\/www.sonoraenequipo.com.mx\/elementos-amic-rescatan-en-carretera-guaymas-obregon-a-u-nino-de-ocho-anos-sustraido-del-hogar-sin-permiso-por-su-padre-en-slrc\/#primaryimage\"},\"thumbnailUrl\":\"https:\/\/www.sonoraenequipo.com.mx\/storage\/2022\/07\/nino-slrc.jpg\",\"keywords\":[\"Seguridad\",\"Sonora\",\"violencia familiar\"],\"articleSection\":[\"Polic\u00edaca\"],\"inLanguage\":\"es\",\"potentialAction\":[{\"@type\":\"CommentAction\",\"name\":\"Comment\",\"target\":[\"https:\/\/www.sonoraenequipo.com.mx\/elementos-amic-rescatan-en-carretera-guaymas-obregon-a-u-nino-de-ocho-anos-sustraido-del-hogar-sin-permiso-por-su-padre-en-slrc\/#respond\"]}]},{\"@type\":\"WebPage\",\"@id\":\"https:\/\/www.sonoraenequipo.com.mx\/elementos-amic-rescatan-en-carretera-guaymas-obregon-a-u-nino-de-ocho-anos-sustraido-del-hogar-sin-permiso-por-su-padre-en-slrc\/\",\"url\":\"https:\/\/www.sonoraenequipo.com.mx\/elementos-amic-rescatan-en-carretera-guaymas-obregon-a-u-nino-de-ocho-anos-sustraido-del-hogar-sin-permiso-por-su-padre-en-slrc\/\",\"name\":\"Sonora en Equipo. Elementos AMIC rescatan, en carretera guaymas \u00a0obreg\u00f3n, a u ni\u00f1o de ocho a\u00f1os sustra\u00eddo del hogar sin permiso por su padre en SLRC Polic\u00edaca\",\"isPartOf\":{\"@id\":\"https:\/\/www.sonoraenequipo.com.mx\/#website\"},\"primaryImageOfPage\":{\"@id\":\"https:\/\/www.sonoraenequipo.com.mx\/elementos-amic-rescatan-en-carretera-guaymas-obregon-a-u-nino-de-ocho-anos-sustraido-del-hogar-sin-permiso-por-su-padre-en-slrc\/#primaryimage\"},\"image\":{\"@id\":\"https:\/\/www.sonoraenequipo.com.mx\/elementos-amic-rescatan-en-carretera-guaymas-obregon-a-u-nino-de-ocho-anos-sustraido-del-hogar-sin-permiso-por-su-padre-en-slrc\/#primaryimage\"},\"thumbnailUrl\":\"https:\/\/www.sonoraenequipo.com.mx\/storage\/2022\/07\/nino-slrc.jpg\",\"datePublished\":\"2022-07-23T16:20:46+00:00\",\"dateModified\":\"2022-07-23T19:19:32+00:00\",\"description\":\"Elementos AMIC rescatan, en carretera guaymas \u00a0obreg\u00f3n, a u ni\u00f1o de ocho a\u00f1os sustra\u00eddo del hogar sin permiso por su padre en SLRC \u00a0 GUAYMAS, SONORA, En Sonora en Equipo publicamos toda la informaci\u00f3n de Sonora, M\u00e9xico y el Mundo de manera oportuna y busca que la libertad de expresi\u00f3n sea real. Visita nuestro medio informativo publicado desde Hermosillo, Sonora. %\",\"breadcrumb\":{\"@id\":\"https:\/\/www.sonoraenequipo.com.mx\/elementos-amic-rescatan-en-carretera-guaymas-obregon-a-u-nino-de-ocho-anos-sustraido-del-hogar-sin-permiso-por-su-padre-en-slrc\/#breadcrumb\"},\"inLanguage\":\"es\",\"potentialAction\":[{\"@type\":\"ReadAction\",\"target\":[\"https:\/\/www.sonoraenequipo.com.mx\/elementos-amic-rescatan-en-carretera-guaymas-obregon-a-u-nino-de-ocho-anos-sustraido-del-hogar-sin-permiso-por-su-padre-en-slrc\/\"]}]},{\"@type\":\"ImageObject\",\"inLanguage\":\"es\",\"@id\":\"https:\/\/www.sonoraenequipo.com.mx\/elementos-amic-rescatan-en-carretera-guaymas-obregon-a-u-nino-de-ocho-anos-sustraido-del-hogar-sin-permiso-por-su-padre-en-slrc\/#primaryimage\",\"url\":\"https:\/\/www.sonoraenequipo.com.mx\/storage\/2022\/07\/nino-slrc.jpg\",\"contentUrl\":\"https:\/\/www.sonoraenequipo.com.mx\/storage\/2022\/07\/nino-slrc.jpg\",\"width\":900,\"height\":628},{\"@type\":\"BreadcrumbList\",\"@id\":\"https:\/\/www.sonoraenequipo.com.mx\/elementos-amic-rescatan-en-carretera-guaymas-obregon-a-u-nino-de-ocho-anos-sustraido-del-hogar-sin-permiso-por-su-padre-en-slrc\/#breadcrumb\",\"itemListElement\":[{\"@type\":\"ListItem\",\"position\":1,\"name\":\"Portada\",\"item\":\"https:\/\/www.sonoraenequipo.com.mx\/\"},{\"@type\":\"ListItem\",\"position\":2,\"name\":\"Elementos AMIC rescatan, en carretera guaymas \u00a0obreg\u00f3n, a u ni\u00f1o de ocho a\u00f1os sustra\u00eddo del hogar sin permiso por su padre en SLRC\"}]},{\"@type\":\"WebSite\",\"@id\":\"https:\/\/www.sonoraenequipo.com.mx\/#website\",\"url\":\"https:\/\/www.sonoraenequipo.com.mx\/\",\"name\":\"Sonora en Equipo.\",\"description\":\"Diario en l\u00ednea con Noticias desde Hermosillo, Sonora\",\"publisher\":{\"@id\":\"https:\/\/www.sonoraenequipo.com.mx\/#organization\"},\"potentialAction\":[{\"@type\":\"SearchAction\",\"target\":{\"@type\":\"EntryPoint\",\"urlTemplate\":\"https:\/\/www.sonoraenequipo.com.mx\/?s={search_term_string}\"},\"query-input\":{\"@type\":\"PropertyValueSpecification\",\"valueRequired\":true,\"valueName\":\"search_term_string\"}}],\"inLanguage\":\"es\"},{\"@type\":\"Organization\",\"@id\":\"https:\/\/www.sonoraenequipo.com.mx\/#organization\",\"name\":\"Sonoraenequipo.com.mx\",\"url\":\"https:\/\/www.sonoraenequipo.com.mx\/\",\"logo\":{\"@type\":\"ImageObject\",\"inLanguage\":\"es\",\"@id\":\"https:\/\/www.sonoraenequipo.com.mx\/#\/schema\/logo\/image\/\",\"url\":\"https:\/\/www.sonoraenequipo.com.mx\/storage\/2019\/01\/sonoraenequipo_opt.png\",\"contentUrl\":\"https:\/\/www.sonoraenequipo.com.mx\/storage\/2019\/01\/sonoraenequipo_opt.png\",\"width\":375,\"height\":125,\"caption\":\"Sonoraenequipo.com.mx\"},\"image\":{\"@id\":\"https:\/\/www.sonoraenequipo.com.mx\/#\/schema\/logo\/image\/\"},\"sameAs\":[\"https:\/\/www.facebook.com\/SonoraEE\/\",\"https:\/\/x.com\/sonoraenequipo\",\"https:\/\/www.youtube.com\/channel\/UC338nW-lPEYmJQs4ZABQ1SQ\"]},{\"@type\":\"Person\",\"@id\":\"https:\/\/www.sonoraenequipo.com.mx\/#\/schema\/person\/50102df0fb23a8fa9e8effad8fa81386\",\"name\":\"enequipo\",\"image\":{\"@type\":\"ImageObject\",\"inLanguage\":\"es\",\"@id\":\"https:\/\/www.sonoraenequipo.com.mx\/#\/schema\/person\/image\/\",\"url\":\"https:\/\/secure.gravatar.com\/avatar\/049821681b589dabc0bc20695993ccebb09f5b5d4d790cd9251b97faac7c652b?s=96&d=blank&r=g\",\"contentUrl\":\"https:\/\/secure.gravatar.com\/avatar\/049821681b589dabc0bc20695993ccebb09f5b5d4d790cd9251b97faac7c652b?s=96&d=blank&r=g\",\"caption\":\"enequipo\"},\"sameAs\":[\"https:\/\/www.facebook.com\/SonoraEE\"]}]}<\/script>\n ","yoast_head_json":{"title":"Sonora en Equipo. Elementos AMIC rescatan, en carretera guaymas \u00a0obreg\u00f3n, a u ni\u00f1o de ocho a\u00f1os sustra\u00eddo del hogar sin permiso por su padre en SLRC Polic\u00edaca","description":"Elementos AMIC rescatan, en carretera guaymas \u00a0obreg\u00f3n, a u ni\u00f1o de ocho a\u00f1os sustra\u00eddo del hogar sin permiso por su padre en SLRC \u00a0 GUAYMAS, SONORA, En Sonora en Equipo publicamos toda la informaci\u00f3n de Sonora, M\u00e9xico y el Mundo de manera oportuna y busca que la libertad de expresi\u00f3n sea real. Visita nuestro medio informativo publicado desde Hermosillo, Sonora. %","robots":{"index":"index","follow":"follow","max-snippet":"max-snippet:-1","max-image-preview":"max-image-preview:large","max-video-preview":"max-video-preview:-1"},"canonical":"https:\/\/www.sonoraenequipo.com.mx\/elementos-amic-rescatan-en-carretera-guaymas-obregon-a-u-nino-de-ocho-anos-sustraido-del-hogar-sin-permiso-por-su-padre-en-slrc\/","og_locale":"es_ES","og_type":"article","og_title":"Sonora en Equipo. Elementos AMIC rescatan, en carretera guaymas \u00a0obreg\u00f3n, a u ni\u00f1o de ocho a\u00f1os sustra\u00eddo del hogar sin permiso por su padre en SLRC Polic\u00edaca","og_description":"Elementos AMIC rescatan, en carretera guaymas \u00a0obreg\u00f3n, a u ni\u00f1o de ocho a\u00f1os sustra\u00eddo del hogar sin permiso por su padre en SLRC \u00a0 GUAYMAS, SONORA, En Sonora en Equipo publicamos toda la informaci\u00f3n de Sonora, M\u00e9xico y el Mundo de manera oportuna y busca que la libertad de expresi\u00f3n sea real. Visita nuestro medio informativo publicado desde Hermosillo, Sonora. %","og_url":"https:\/\/www.sonoraenequipo.com.mx\/elementos-amic-rescatan-en-carretera-guaymas-obregon-a-u-nino-de-ocho-anos-sustraido-del-hogar-sin-permiso-por-su-padre-en-slrc\/","og_site_name":"Sonora en Equipo.","article_publisher":"https:\/\/www.facebook.com\/SonoraEE\/","article_author":"https:\/\/www.facebook.com\/SonoraEE","article_published_time":"2022-07-23T16:20:46+00:00","article_modified_time":"2022-07-23T19:19:32+00:00","og_image":[{"width":900,"height":628,"url":"https:\/\/www.sonoraenequipo.com.mx\/storage\/2022\/07\/nino-slrc.jpg","type":"image\/jpeg"}],"author":"enequipo","twitter_card":"summary_large_image","twitter_creator":"@sonoraenequipo","twitter_site":"@sonoraenequipo","twitter_misc":{"Escrito por":"enequipo","Tiempo de lectura":"4 minutos"},"schema":{"@context":"https:\/\/schema.org","@graph":[{"@type":"Article","@id":"https:\/\/www.sonoraenequipo.com.mx\/elementos-amic-rescatan-en-carretera-guaymas-obregon-a-u-nino-de-ocho-anos-sustraido-del-hogar-sin-permiso-por-su-padre-en-slrc\/#article","isPartOf":{"@id":"https:\/\/www.sonoraenequipo.com.mx\/elementos-amic-rescatan-en-carretera-guaymas-obregon-a-u-nino-de-ocho-anos-sustraido-del-hogar-sin-permiso-por-su-padre-en-slrc\/"},"author":{"name":"enequipo","@id":"https:\/\/www.sonoraenequipo.com.mx\/#\/schema\/person\/50102df0fb23a8fa9e8effad8fa81386"},"headline":"Elementos AMIC rescatan, en carretera guaymas \u00a0obreg\u00f3n, a u ni\u00f1o de ocho a\u00f1os sustra\u00eddo del hogar sin permiso por su padre en SLRC","datePublished":"2022-07-23T16:20:46+00:00","dateModified":"2022-07-23T19:19:32+00:00","mainEntityOfPage":{"@id":"https:\/\/www.sonoraenequipo.com.mx\/elementos-amic-rescatan-en-carretera-guaymas-obregon-a-u-nino-de-ocho-anos-sustraido-del-hogar-sin-permiso-por-su-padre-en-slrc\/"},"wordCount":815,"commentCount":0,"publisher":{"@id":"https:\/\/www.sonoraenequipo.com.mx\/#organization"},"image":{"@id":"https:\/\/www.sonoraenequipo.com.mx\/elementos-amic-rescatan-en-carretera-guaymas-obregon-a-u-nino-de-ocho-anos-sustraido-del-hogar-sin-permiso-por-su-padre-en-slrc\/#primaryimage"},"thumbnailUrl":"https:\/\/www.sonoraenequipo.com.mx\/storage\/2022\/07\/nino-slrc.jpg","keywords":["Seguridad","Sonora","violencia familiar"],"articleSection":["Polic\u00edaca"],"inLanguage":"es","potentialAction":[{"@type":"CommentAction","name":"Comment","target":["https:\/\/www.sonoraenequipo.com.mx\/elementos-amic-rescatan-en-carretera-guaymas-obregon-a-u-nino-de-ocho-anos-sustraido-del-hogar-sin-permiso-por-su-padre-en-slrc\/#respond"]}]},{"@type":"WebPage","@id":"https:\/\/www.sonoraenequipo.com.mx\/elementos-amic-rescatan-en-carretera-guaymas-obregon-a-u-nino-de-ocho-anos-sustraido-del-hogar-sin-permiso-por-su-padre-en-slrc\/","url":"https:\/\/www.sonoraenequipo.com.mx\/elementos-amic-rescatan-en-carretera-guaymas-obregon-a-u-nino-de-ocho-anos-sustraido-del-hogar-sin-permiso-por-su-padre-en-slrc\/","name":"Sonora en Equipo. Elementos AMIC rescatan, en carretera guaymas \u00a0obreg\u00f3n, a u ni\u00f1o de ocho a\u00f1os sustra\u00eddo del hogar sin permiso por su padre en SLRC Polic\u00edaca","isPartOf":{"@id":"https:\/\/www.sonoraenequipo.com.mx\/#website"},"primaryImageOfPage":{"@id":"https:\/\/www.sonoraenequipo.com.mx\/elementos-amic-rescatan-en-carretera-guaymas-obregon-a-u-nino-de-ocho-anos-sustraido-del-hogar-sin-permiso-por-su-padre-en-slrc\/#primaryimage"},"image":{"@id":"https:\/\/www.sonoraenequipo.com.mx\/elementos-amic-rescatan-en-carretera-guaymas-obregon-a-u-nino-de-ocho-anos-sustraido-del-hogar-sin-permiso-por-su-padre-en-slrc\/#primaryimage"},"thumbnailUrl":"https:\/\/www.sonoraenequipo.com.mx\/storage\/2022\/07\/nino-slrc.jpg","datePublished":"2022-07-23T16:20:46+00:00","dateModified":"2022-07-23T19:19:32+00:00","description":"Elementos AMIC rescatan, en carretera guaymas \u00a0obreg\u00f3n, a u ni\u00f1o de ocho a\u00f1os sustra\u00eddo del hogar sin permiso por su padre en SLRC \u00a0 GUAYMAS, SONORA, En Sonora en Equipo publicamos toda la informaci\u00f3n de Sonora, M\u00e9xico y el Mundo de manera oportuna y busca que la libertad de expresi\u00f3n sea real. Visita nuestro medio informativo publicado desde Hermosillo, Sonora. %","breadcrumb":{"@id":"https:\/\/www.sonoraenequipo.com.mx\/elementos-amic-rescatan-en-carretera-guaymas-obregon-a-u-nino-de-ocho-anos-sustraido-del-hogar-sin-permiso-por-su-padre-en-slrc\/#breadcrumb"},"inLanguage":"es","potentialAction":[{"@type":"ReadAction","target":["https:\/\/www.sonoraenequipo.com.mx\/elementos-amic-rescatan-en-carretera-guaymas-obregon-a-u-nino-de-ocho-anos-sustraido-del-hogar-sin-permiso-por-su-padre-en-slrc\/"]}]},{"@type":"ImageObject","inLanguage":"es","@id":"https:\/\/www.sonoraenequipo.com.mx\/elementos-amic-rescatan-en-carretera-guaymas-obregon-a-u-nino-de-ocho-anos-sustraido-del-hogar-sin-permiso-por-su-padre-en-slrc\/#primaryimage","url":"https:\/\/www.sonoraenequipo.com.mx\/storage\/2022\/07\/nino-slrc.jpg","contentUrl":"https:\/\/www.sonoraenequipo.com.mx\/storage\/2022\/07\/nino-slrc.jpg","width":900,"height":628},{"@type":"BreadcrumbList","@id":"https:\/\/www.sonoraenequipo.com.mx\/elementos-amic-rescatan-en-carretera-guaymas-obregon-a-u-nino-de-ocho-anos-sustraido-del-hogar-sin-permiso-por-su-padre-en-slrc\/#breadcrumb","itemListElement":[{"@type":"ListItem","position":1,"name":"Portada","item":"https:\/\/www.sonoraenequipo.com.mx\/"},{"@type":"ListItem","position":2,"name":"Elementos AMIC rescatan, en carretera guaymas \u00a0obreg\u00f3n, a u ni\u00f1o de ocho a\u00f1os sustra\u00eddo del hogar sin permiso por su padre en SLRC"}]},{"@type":"WebSite","@id":"https:\/\/www.sonoraenequipo.com.mx\/#website","url":"https:\/\/www.sonoraenequipo.com.mx\/","name":"Sonora en Equipo.","description":"Diario en l\u00ednea con Noticias desde Hermosillo, Sonora","publisher":{"@id":"https:\/\/www.sonoraenequipo.com.mx\/#organization"},"potentialAction":[{"@type":"SearchAction","target":{"@type":"EntryPoint","urlTemplate":"https:\/\/www.sonoraenequipo.com.mx\/?s={search_term_string}"},"query-input":{"@type":"PropertyValueSpecification","valueRequired":true,"valueName":"search_term_string"}}],"inLanguage":"es"},{"@type":"Organization","@id":"https:\/\/www.sonoraenequipo.com.mx\/#organization","name":"Sonoraenequipo.com.mx","url":"https:\/\/www.sonoraenequipo.com.mx\/","logo":{"@type":"ImageObject","inLanguage":"es","@id":"https:\/\/www.sonoraenequipo.com.mx\/#\/schema\/logo\/image\/","url":"https:\/\/www.sonoraenequipo.com.mx\/storage\/2019\/01\/sonoraenequipo_opt.png","contentUrl":"https:\/\/www.sonoraenequipo.com.mx\/storage\/2019\/01\/sonoraenequipo_opt.png","width":375,"height":125,"caption":"Sonoraenequipo.com.mx"},"image":{"@id":"https:\/\/www.sonoraenequipo.com.mx\/#\/schema\/logo\/image\/"},"sameAs":["https:\/\/www.facebook.com\/SonoraEE\/","https:\/\/x.com\/sonoraenequipo","https:\/\/www.youtube.com\/channel\/UC338nW-lPEYmJQs4ZABQ1SQ"]},{"@type":"Person","@id":"https:\/\/www.sonoraenequipo.com.mx\/#\/schema\/person\/50102df0fb23a8fa9e8effad8fa81386","name":"enequipo","image":{"@type":"ImageObject","inLanguage":"es","@id":"https:\/\/www.sonoraenequipo.com.mx\/#\/schema\/person\/image\/","url":"https:\/\/secure.gravatar.com\/avatar\/049821681b589dabc0bc20695993ccebb09f5b5d4d790cd9251b97faac7c652b?s=96&d=blank&r=g","contentUrl":"https:\/\/secure.gravatar.com\/avatar\/049821681b589dabc0bc20695993ccebb09f5b5d4d790cd9251b97faac7c652b?s=96&d=blank&r=g","caption":"enequipo"},"sameAs":["https:\/\/www.facebook.com\/SonoraEE"]}]}},"jetpack_featured_media_url":"https:\/\/www.sonoraenequipo.com.mx\/storage\/2022\/07\/nino-slrc.jpg","_links":{"self":[{"href":"https:\/\/www.sonoraenequipo.com.mx\/api\/wp\/v2\/posts\/143360","targetHints":{"allow":["GET"]}}],"collection":[{"href":"https:\/\/www.sonoraenequipo.com.mx\/api\/wp\/v2\/posts"}],"about":[{"href":"https:\/\/www.sonoraenequipo.com.mx\/api\/wp\/v2\/types\/post"}],"author":[{"embeddable":true,"href":"https:\/\/www.sonoraenequipo.com.mx\/api\/wp\/v2\/users\/1"}],"replies":[{"embeddable":true,"href":"https:\/\/www.sonoraenequipo.com.mx\/api\/wp\/v2\/comments?post=143360"}],"version-history":[{"count":1,"href":"https:\/\/www.sonoraenequipo.com.mx\/api\/wp\/v2\/posts\/143360\/revisions"}],"predecessor-version":[{"id":143362,"href":"https:\/\/www.sonoraenequipo.com.mx\/api\/wp\/v2\/posts\/143360\/revisions\/143362"}],"wp:featuredmedia":[{"embeddable":true,"href":"https:\/\/www.sonoraenequipo.com.mx\/api\/wp\/v2\/media\/143361"}],"wp:attachment":[{"href":"https:\/\/www.sonoraenequipo.com.mx\/api\/wp\/v2\/media?parent=143360"}],"wp:term":[{"taxonomy":"category","embeddable":true,"href":"https:\/\/www.sonoraenequipo.com.mx\/api\/wp\/v2\/categories?post=143360"},{"taxonomy":"post_tag","embeddable":true,"href":"https:\/\/www.sonoraenequipo.com.mx\/api\/wp\/v2\/tags?post=143360"}],"curies":[{"name":"wp","href":"https:\/\/api.w.org\/{rel}","templated":true}]}}