{"id":143368,"date":"2022-07-22T22:50:37","date_gmt":"2022-07-23T05:50:37","guid":{"rendered":"https:\/\/www.sonoraenequipo.com.mx\/?p=143368"},"modified":"2022-07-23T12:13:34","modified_gmt":"2022-07-23T19:13:34","slug":"california-aprueba-polemica-ley-de-control-de-armas","status":"publish","type":"post","link":"https:\/\/www.sonoraenequipo.com.mx\/california-aprueba-polemica-ley-de-control-de-armas\/","title":{"rendered":"California aprueba pol\u00e9mica ley de control de armas"},"content":{"rendered":"<p><strong>LOS \u00c1NGELES, CALIFORNIA. ESTADOS UNIDOS. \u2014<\/strong> California respondi\u00f3 el viernes (22.07.2022) a dos sentencias recientes de la Corte Suprema de Estados Unidos con el anuncio del gobernador Gavin Newson de que sancionar\u00e1 una controvertida ley de control de armas, primera de su tipo en el pa\u00eds y que sigue el modelo de la ley de Texas que proh\u00edbe el aborto.<\/p>\n<p>&nbsp;<\/p>\n<p> <\/p>\n<p>&nbsp;<\/p>\n<p>Hace un mes, los jueces conservadores del tribunal supremo derogaron el derecho constitucional de las mujeres al aborto y socavaron las leyes de control de armas de varios estados, incluido California.<\/p>\n<p>&nbsp;<\/p>\n<p>Newsom reuni\u00f3 los dos temas en una ley que permite a la gente demandar a quienes distribuyen armas de asalto ilegales, las partes que se pueden usar para fabricar dichas armas, las armas sin n\u00fameros de serie o los rifles calibre 50. Se les otorgar\u00eda al menos 10,000 d\u00f3lares en da\u00f1os por cada arma y los costos de los abogados.<\/p>\n<p>&nbsp;<\/p>\n<p><em>\u201cMientras la Corte Suprema deroga medidas razonables de seguridad en armamentos, California sigue agregando nuevas disposiciones para proteger la vida de nuestros ni\u00f1os\u201d<\/em>, anunci\u00f3 Newsom en un comunicado antes de firmar la ley. \u201c<em>California utilizar\u00e1 cada arma a nuestra disposici\u00f3n para salvar vidas, sobre todo ante una Corte Suprema cada vez m\u00e1s extrema\u201d.<\/em><\/p>\n<p>&nbsp;<\/p>\n<p>Por pedido de Newsom, los redactores de la ley aplicaron el modelo de una ley de Texas bajo la cual un ciudadano puede demandar a cualquiera que realiza un aborto o ayuda a realizarlo. La Corte Suprema aprob\u00f3 de manera preliminar la ley de Texas, pero la de California quedar\u00e1 invalidada autom\u00e1ticamente si finalmente se declara que la de Texas es inconstitucional.<\/p>\n<p>&nbsp;<\/p>\n<p>&nbsp;<\/p>\n<p><em>\u201cEs una mala decisi\u00f3n, pero la realidad es que mientras sea ley, aprovech\u00e9mosla para salvar vidas, tratar de salvar vidas, en California\u201d,<\/em> dijo el redactor del proyecto, el senador estatal dem\u00f3crata Robert Hertzberg, en una entrevista. \u201c<em>Se trata de estos dos grandes problemas que enfrentamos. Adicionalmente, no se puede tener un doble criterio. No se puede aplicar un criterio a las armas y otro criterio a la salud reproductiva de las mujeres. No es justo\u201d.<\/em><\/p>\n<p>&nbsp;<\/p>\n<p>&nbsp;<\/p>\n<p>Contra la ley se ha formado una sorprendente alianza de defensores de los poseedores de armas y la Uni\u00f3n Americana de Libertades Civiles (ACLU, por sus siglas en ingl\u00e9s), que critican lo que llaman un sistema de recompensas para alentar demandas de parte de los civiles. La ACLU calific\u00f3 la ley de \u201cataque a la constituci\u00f3n\u201d por tratar de soslayar deliberadamente el proceso judicial al otorgar a los ciudadanos poderes que son de los gobiernos y por socavar el debido proceso de ley.<\/p>\n<p>&nbsp;<\/p>\n<p>(Publicada 22\/07\/2022 Con informaci\u00f3n de AP)<\/p>\n","protected":false},"excerpt":{"rendered":"<p>LOS \u00c1NGELES, CALIFORNIA. ESTADOS UNIDOS. \u2014 California respondi\u00f3 el viernes (22.07.2022) a dos sentencias recientes&#8230;<\/p>\n","protected":false},"author":1,"featured_media":143352,"comment_status":"open","ping_status":"open","sticky":false,"template":"","format":"standard","meta":{"_monsterinsights_skip_tracking":false,"_monsterinsights_sitenote_active":false,"_monsterinsights_sitenote_note":"","_monsterinsights_sitenote_category":0,"footnotes":""},"categories":[3],"tags":[],"class_list":["post"],"yoast_head":" \n<title>Sonora en Equipo. California aprueba pol\u00e9mica ley de control de armas MUNDO<\/title>\n<meta name=\"description\" content=\"LOS \u00c1NGELES, CALIFORNIA. ESTADOS UNIDOS. \u2014 California respondi\u00f3 el viernes (22.07.2022) a dos sentencias recientes de la Corte Suprema de Estados Unidos En Sonora en Equipo publicamos toda la informaci\u00f3n de Sonora, M\u00e9xico y el Mundo de manera oportuna y busca que la libertad de expresi\u00f3n sea real. Visita nuestro medio informativo publicado desde Hermosillo, Sonora. %\" \/>\n<meta name=\"robots\" content=\"index, follow, max-snippet:-1, max-image-preview:large, max-video-preview:-1\" \/>\n<link rel=\"canonical\" href=\"https:\/\/www.sonoraenequipo.com.mx\/california-aprueba-polemica-ley-de-control-de-armas\/\" \/>\n<meta property=\"og:locale\" content=\"es_ES\" \/>\n<meta property=\"og:type\" content=\"article\" \/>\n<meta property=\"og:title\" content=\"Sonora en Equipo. California aprueba pol\u00e9mica ley de control de armas MUNDO\" \/>\n<meta property=\"og:description\" content=\"LOS \u00c1NGELES, CALIFORNIA. ESTADOS UNIDOS. \u2014 California respondi\u00f3 el viernes (22.07.2022) a dos sentencias recientes de la Corte Suprema de Estados Unidos En Sonora en Equipo publicamos toda la informaci\u00f3n de Sonora, M\u00e9xico y el Mundo de manera oportuna y busca que la libertad de expresi\u00f3n sea real. Visita nuestro medio informativo publicado desde Hermosillo, Sonora. %\" \/>\n<meta property=\"og:url\" content=\"https:\/\/www.sonoraenequipo.com.mx\/california-aprueba-polemica-ley-de-control-de-armas\/\" \/>\n<meta property=\"og:site_name\" content=\"Sonora en Equipo.\" \/>\n<meta property=\"article:publisher\" content=\"https:\/\/www.facebook.com\/SonoraEE\/\" \/>\n<meta property=\"article:author\" content=\"https:\/\/www.facebook.com\/SonoraEE\" \/>\n<meta property=\"article:published_time\" content=\"2022-07-23T05:50:37+00:00\" \/>\n<meta property=\"article:modified_time\" content=\"2022-07-23T19:13:34+00:00\" \/>\n<meta property=\"og:image\" content=\"https:\/\/www.sonoraenequipo.com.mx\/storage\/2022\/07\/amn-gen-california-armas.jpg\" \/>\n\t<meta property=\"og:image:width\" content=\"855\" \/>\n\t<meta property=\"og:image:height\" content=\"489\" \/>\n\t<meta property=\"og:image:type\" content=\"image\/jpeg\" \/>\n<meta name=\"author\" content=\"enequipo\" \/>\n<meta name=\"twitter:card\" content=\"summary_large_image\" \/>\n<meta name=\"twitter:creator\" content=\"@sonoraenequipo\" \/>\n<meta name=\"twitter:site\" content=\"@sonoraenequipo\" \/>\n<meta name=\"twitter:label1\" content=\"Escrito por\" \/>\n\t<meta name=\"twitter:data1\" content=\"enequipo\" \/>\n\t<meta name=\"twitter:label2\" content=\"Tiempo de lectura\" \/>\n\t<meta name=\"twitter:data2\" content=\"2 minutos\" \/>\n<script type=\"application\/ld+json\" class=\"yoast-schema-graph\">{\"@context\":\"https:\/\/schema.org\",\"@graph\":[{\"@type\":\"Article\",\"@id\":\"https:\/\/www.sonoraenequipo.com.mx\/california-aprueba-polemica-ley-de-control-de-armas\/#article\",\"isPartOf\":{\"@id\":\"https:\/\/www.sonoraenequipo.com.mx\/california-aprueba-polemica-ley-de-control-de-armas\/\"},\"author\":{\"name\":\"enequipo\",\"@id\":\"https:\/\/www.sonoraenequipo.com.mx\/#\/schema\/person\/50102df0fb23a8fa9e8effad8fa81386\"},\"headline\":\"California aprueba pol\u00e9mica ley de control de armas\",\"datePublished\":\"2022-07-23T05:50:37+00:00\",\"dateModified\":\"2022-07-23T19:13:34+00:00\",\"mainEntityOfPage\":{\"@id\":\"https:\/\/www.sonoraenequipo.com.mx\/california-aprueba-polemica-ley-de-control-de-armas\/\"},\"wordCount\":461,\"commentCount\":0,\"publisher\":{\"@id\":\"https:\/\/www.sonoraenequipo.com.mx\/#organization\"},\"image\":{\"@id\":\"https:\/\/www.sonoraenequipo.com.mx\/california-aprueba-polemica-ley-de-control-de-armas\/#primaryimage\"},\"thumbnailUrl\":\"https:\/\/www.sonoraenequipo.com.mx\/storage\/2022\/07\/amn-gen-california-armas.jpg\",\"articleSection\":[\"MUNDO\"],\"inLanguage\":\"es\",\"potentialAction\":[{\"@type\":\"CommentAction\",\"name\":\"Comment\",\"target\":[\"https:\/\/www.sonoraenequipo.com.mx\/california-aprueba-polemica-ley-de-control-de-armas\/#respond\"]}]},{\"@type\":\"WebPage\",\"@id\":\"https:\/\/www.sonoraenequipo.com.mx\/california-aprueba-polemica-ley-de-control-de-armas\/\",\"url\":\"https:\/\/www.sonoraenequipo.com.mx\/california-aprueba-polemica-ley-de-control-de-armas\/\",\"name\":\"Sonora en Equipo. California aprueba pol\u00e9mica ley de control de armas MUNDO\",\"isPartOf\":{\"@id\":\"https:\/\/www.sonoraenequipo.com.mx\/#website\"},\"primaryImageOfPage\":{\"@id\":\"https:\/\/www.sonoraenequipo.com.mx\/california-aprueba-polemica-ley-de-control-de-armas\/#primaryimage\"},\"image\":{\"@id\":\"https:\/\/www.sonoraenequipo.com.mx\/california-aprueba-polemica-ley-de-control-de-armas\/#primaryimage\"},\"thumbnailUrl\":\"https:\/\/www.sonoraenequipo.com.mx\/storage\/2022\/07\/amn-gen-california-armas.jpg\",\"datePublished\":\"2022-07-23T05:50:37+00:00\",\"dateModified\":\"2022-07-23T19:13:34+00:00\",\"description\":\"LOS \u00c1NGELES, CALIFORNIA. ESTADOS UNIDOS. \u2014 California respondi\u00f3 el viernes (22.07.2022) a dos sentencias recientes de la Corte Suprema de Estados Unidos En Sonora en Equipo publicamos toda la informaci\u00f3n de Sonora, M\u00e9xico y el Mundo de manera oportuna y busca que la libertad de expresi\u00f3n sea real. Visita nuestro medio informativo publicado desde Hermosillo, Sonora. %\",\"breadcrumb\":{\"@id\":\"https:\/\/www.sonoraenequipo.com.mx\/california-aprueba-polemica-ley-de-control-de-armas\/#breadcrumb\"},\"inLanguage\":\"es\",\"potentialAction\":[{\"@type\":\"ReadAction\",\"target\":[\"https:\/\/www.sonoraenequipo.com.mx\/california-aprueba-polemica-ley-de-control-de-armas\/\"]}]},{\"@type\":\"ImageObject\",\"inLanguage\":\"es\",\"@id\":\"https:\/\/www.sonoraenequipo.com.mx\/california-aprueba-polemica-ley-de-control-de-armas\/#primaryimage\",\"url\":\"https:\/\/www.sonoraenequipo.com.mx\/storage\/2022\/07\/amn-gen-california-armas.jpg\",\"contentUrl\":\"https:\/\/www.sonoraenequipo.com.mx\/storage\/2022\/07\/amn-gen-california-armas.jpg\",\"width\":855,\"height\":489},{\"@type\":\"BreadcrumbList\",\"@id\":\"https:\/\/www.sonoraenequipo.com.mx\/california-aprueba-polemica-ley-de-control-de-armas\/#breadcrumb\",\"itemListElement\":[{\"@type\":\"ListItem\",\"position\":1,\"name\":\"Portada\",\"item\":\"https:\/\/www.sonoraenequipo.com.mx\/\"},{\"@type\":\"ListItem\",\"position\":2,\"name\":\"California aprueba pol\u00e9mica ley de control de armas\"}]},{\"@type\":\"WebSite\",\"@id\":\"https:\/\/www.sonoraenequipo.com.mx\/#website\",\"url\":\"https:\/\/www.sonoraenequipo.com.mx\/\",\"name\":\"Sonora en Equipo.\",\"description\":\"Diario en l\u00ednea con Noticias desde Hermosillo, Sonora\",\"publisher\":{\"@id\":\"https:\/\/www.sonoraenequipo.com.mx\/#organization\"},\"potentialAction\":[{\"@type\":\"SearchAction\",\"target\":{\"@type\":\"EntryPoint\",\"urlTemplate\":\"https:\/\/www.sonoraenequipo.com.mx\/?s={search_term_string}\"},\"query-input\":{\"@type\":\"PropertyValueSpecification\",\"valueRequired\":true,\"valueName\":\"search_term_string\"}}],\"inLanguage\":\"es\"},{\"@type\":\"Organization\",\"@id\":\"https:\/\/www.sonoraenequipo.com.mx\/#organization\",\"name\":\"Sonoraenequipo.com.mx\",\"url\":\"https:\/\/www.sonoraenequipo.com.mx\/\",\"logo\":{\"@type\":\"ImageObject\",\"inLanguage\":\"es\",\"@id\":\"https:\/\/www.sonoraenequipo.com.mx\/#\/schema\/logo\/image\/\",\"url\":\"https:\/\/www.sonoraenequipo.com.mx\/storage\/2019\/01\/sonoraenequipo_opt.png\",\"contentUrl\":\"https:\/\/www.sonoraenequipo.com.mx\/storage\/2019\/01\/sonoraenequipo_opt.png\",\"width\":375,\"height\":125,\"caption\":\"Sonoraenequipo.com.mx\"},\"image\":{\"@id\":\"https:\/\/www.sonoraenequipo.com.mx\/#\/schema\/logo\/image\/\"},\"sameAs\":[\"https:\/\/www.facebook.com\/SonoraEE\/\",\"https:\/\/x.com\/sonoraenequipo\",\"https:\/\/www.youtube.com\/channel\/UC338nW-lPEYmJQs4ZABQ1SQ\"]},{\"@type\":\"Person\",\"@id\":\"https:\/\/www.sonoraenequipo.com.mx\/#\/schema\/person\/50102df0fb23a8fa9e8effad8fa81386\",\"name\":\"enequipo\",\"image\":{\"@type\":\"ImageObject\",\"inLanguage\":\"es\",\"@id\":\"https:\/\/www.sonoraenequipo.com.mx\/#\/schema\/person\/image\/\",\"url\":\"https:\/\/secure.gravatar.com\/avatar\/049821681b589dabc0bc20695993ccebb09f5b5d4d790cd9251b97faac7c652b?s=96&d=blank&r=g\",\"contentUrl\":\"https:\/\/secure.gravatar.com\/avatar\/049821681b589dabc0bc20695993ccebb09f5b5d4d790cd9251b97faac7c652b?s=96&d=blank&r=g\",\"caption\":\"enequipo\"},\"sameAs\":[\"https:\/\/www.facebook.com\/SonoraEE\"]}]}<\/script>\n ","yoast_head_json":{"title":"Sonora en Equipo. California aprueba pol\u00e9mica ley de control de armas MUNDO","description":"LOS \u00c1NGELES, CALIFORNIA. ESTADOS UNIDOS. \u2014 California respondi\u00f3 el viernes (22.07.2022) a dos sentencias recientes de la Corte Suprema de Estados Unidos En Sonora en Equipo publicamos toda la informaci\u00f3n de Sonora, M\u00e9xico y el Mundo de manera oportuna y busca que la libertad de expresi\u00f3n sea real. Visita nuestro medio informativo publicado desde Hermosillo, Sonora. %","robots":{"index":"index","follow":"follow","max-snippet":"max-snippet:-1","max-image-preview":"max-image-preview:large","max-video-preview":"max-video-preview:-1"},"canonical":"https:\/\/www.sonoraenequipo.com.mx\/california-aprueba-polemica-ley-de-control-de-armas\/","og_locale":"es_ES","og_type":"article","og_title":"Sonora en Equipo. California aprueba pol\u00e9mica ley de control de armas MUNDO","og_description":"LOS \u00c1NGELES, CALIFORNIA. ESTADOS UNIDOS. \u2014 California respondi\u00f3 el viernes (22.07.2022) a dos sentencias recientes de la Corte Suprema de Estados Unidos En Sonora en Equipo publicamos toda la informaci\u00f3n de Sonora, M\u00e9xico y el Mundo de manera oportuna y busca que la libertad de expresi\u00f3n sea real. Visita nuestro medio informativo publicado desde Hermosillo, Sonora. %","og_url":"https:\/\/www.sonoraenequipo.com.mx\/california-aprueba-polemica-ley-de-control-de-armas\/","og_site_name":"Sonora en Equipo.","article_publisher":"https:\/\/www.facebook.com\/SonoraEE\/","article_author":"https:\/\/www.facebook.com\/SonoraEE","article_published_time":"2022-07-23T05:50:37+00:00","article_modified_time":"2022-07-23T19:13:34+00:00","og_image":[{"width":855,"height":489,"url":"https:\/\/www.sonoraenequipo.com.mx\/storage\/2022\/07\/amn-gen-california-armas.jpg","type":"image\/jpeg"}],"author":"enequipo","twitter_card":"summary_large_image","twitter_creator":"@sonoraenequipo","twitter_site":"@sonoraenequipo","twitter_misc":{"Escrito por":"enequipo","Tiempo de lectura":"2 minutos"},"schema":{"@context":"https:\/\/schema.org","@graph":[{"@type":"Article","@id":"https:\/\/www.sonoraenequipo.com.mx\/california-aprueba-polemica-ley-de-control-de-armas\/#article","isPartOf":{"@id":"https:\/\/www.sonoraenequipo.com.mx\/california-aprueba-polemica-ley-de-control-de-armas\/"},"author":{"name":"enequipo","@id":"https:\/\/www.sonoraenequipo.com.mx\/#\/schema\/person\/50102df0fb23a8fa9e8effad8fa81386"},"headline":"California aprueba pol\u00e9mica ley de control de armas","datePublished":"2022-07-23T05:50:37+00:00","dateModified":"2022-07-23T19:13:34+00:00","mainEntityOfPage":{"@id":"https:\/\/www.sonoraenequipo.com.mx\/california-aprueba-polemica-ley-de-control-de-armas\/"},"wordCount":461,"commentCount":0,"publisher":{"@id":"https:\/\/www.sonoraenequipo.com.mx\/#organization"},"image":{"@id":"https:\/\/www.sonoraenequipo.com.mx\/california-aprueba-polemica-ley-de-control-de-armas\/#primaryimage"},"thumbnailUrl":"https:\/\/www.sonoraenequipo.com.mx\/storage\/2022\/07\/amn-gen-california-armas.jpg","articleSection":["MUNDO"],"inLanguage":"es","potentialAction":[{"@type":"CommentAction","name":"Comment","target":["https:\/\/www.sonoraenequipo.com.mx\/california-aprueba-polemica-ley-de-control-de-armas\/#respond"]}]},{"@type":"WebPage","@id":"https:\/\/www.sonoraenequipo.com.mx\/california-aprueba-polemica-ley-de-control-de-armas\/","url":"https:\/\/www.sonoraenequipo.com.mx\/california-aprueba-polemica-ley-de-control-de-armas\/","name":"Sonora en Equipo. California aprueba pol\u00e9mica ley de control de armas MUNDO","isPartOf":{"@id":"https:\/\/www.sonoraenequipo.com.mx\/#website"},"primaryImageOfPage":{"@id":"https:\/\/www.sonoraenequipo.com.mx\/california-aprueba-polemica-ley-de-control-de-armas\/#primaryimage"},"image":{"@id":"https:\/\/www.sonoraenequipo.com.mx\/california-aprueba-polemica-ley-de-control-de-armas\/#primaryimage"},"thumbnailUrl":"https:\/\/www.sonoraenequipo.com.mx\/storage\/2022\/07\/amn-gen-california-armas.jpg","datePublished":"2022-07-23T05:50:37+00:00","dateModified":"2022-07-23T19:13:34+00:00","description":"LOS \u00c1NGELES, CALIFORNIA. ESTADOS UNIDOS. \u2014 California respondi\u00f3 el viernes (22.07.2022) a dos sentencias recientes de la Corte Suprema de Estados Unidos En Sonora en Equipo publicamos toda la informaci\u00f3n de Sonora, M\u00e9xico y el Mundo de manera oportuna y busca que la libertad de expresi\u00f3n sea real. Visita nuestro medio informativo publicado desde Hermosillo, Sonora. %","breadcrumb":{"@id":"https:\/\/www.sonoraenequipo.com.mx\/california-aprueba-polemica-ley-de-control-de-armas\/#breadcrumb"},"inLanguage":"es","potentialAction":[{"@type":"ReadAction","target":["https:\/\/www.sonoraenequipo.com.mx\/california-aprueba-polemica-ley-de-control-de-armas\/"]}]},{"@type":"ImageObject","inLanguage":"es","@id":"https:\/\/www.sonoraenequipo.com.mx\/california-aprueba-polemica-ley-de-control-de-armas\/#primaryimage","url":"https:\/\/www.sonoraenequipo.com.mx\/storage\/2022\/07\/amn-gen-california-armas.jpg","contentUrl":"https:\/\/www.sonoraenequipo.com.mx\/storage\/2022\/07\/amn-gen-california-armas.jpg","width":855,"height":489},{"@type":"BreadcrumbList","@id":"https:\/\/www.sonoraenequipo.com.mx\/california-aprueba-polemica-ley-de-control-de-armas\/#breadcrumb","itemListElement":[{"@type":"ListItem","position":1,"name":"Portada","item":"https:\/\/www.sonoraenequipo.com.mx\/"},{"@type":"ListItem","position":2,"name":"California aprueba pol\u00e9mica ley de control de armas"}]},{"@type":"WebSite","@id":"https:\/\/www.sonoraenequipo.com.mx\/#website","url":"https:\/\/www.sonoraenequipo.com.mx\/","name":"Sonora en Equipo.","description":"Diario en l\u00ednea con Noticias desde Hermosillo, Sonora","publisher":{"@id":"https:\/\/www.sonoraenequipo.com.mx\/#organization"},"potentialAction":[{"@type":"SearchAction","target":{"@type":"EntryPoint","urlTemplate":"https:\/\/www.sonoraenequipo.com.mx\/?s={search_term_string}"},"query-input":{"@type":"PropertyValueSpecification","valueRequired":true,"valueName":"search_term_string"}}],"inLanguage":"es"},{"@type":"Organization","@id":"https:\/\/www.sonoraenequipo.com.mx\/#organization","name":"Sonoraenequipo.com.mx","url":"https:\/\/www.sonoraenequipo.com.mx\/","logo":{"@type":"ImageObject","inLanguage":"es","@id":"https:\/\/www.sonoraenequipo.com.mx\/#\/schema\/logo\/image\/","url":"https:\/\/www.sonoraenequipo.com.mx\/storage\/2019\/01\/sonoraenequipo_opt.png","contentUrl":"https:\/\/www.sonoraenequipo.com.mx\/storage\/2019\/01\/sonoraenequipo_opt.png","width":375,"height":125,"caption":"Sonoraenequipo.com.mx"},"image":{"@id":"https:\/\/www.sonoraenequipo.com.mx\/#\/schema\/logo\/image\/"},"sameAs":["https:\/\/www.facebook.com\/SonoraEE\/","https:\/\/x.com\/sonoraenequipo","https:\/\/www.youtube.com\/channel\/UC338nW-lPEYmJQs4ZABQ1SQ"]},{"@type":"Person","@id":"https:\/\/www.sonoraenequipo.com.mx\/#\/schema\/person\/50102df0fb23a8fa9e8effad8fa81386","name":"enequipo","image":{"@type":"ImageObject","inLanguage":"es","@id":"https:\/\/www.sonoraenequipo.com.mx\/#\/schema\/person\/image\/","url":"https:\/\/secure.gravatar.com\/avatar\/049821681b589dabc0bc20695993ccebb09f5b5d4d790cd9251b97faac7c652b?s=96&d=blank&r=g","contentUrl":"https:\/\/secure.gravatar.com\/avatar\/049821681b589dabc0bc20695993ccebb09f5b5d4d790cd9251b97faac7c652b?s=96&d=blank&r=g","caption":"enequipo"},"sameAs":["https:\/\/www.facebook.com\/SonoraEE"]}]}},"jetpack_featured_media_url":"https:\/\/www.sonoraenequipo.com.mx\/storage\/2022\/07\/amn-gen-california-armas.jpg","_links":{"self":[{"href":"https:\/\/www.sonoraenequipo.com.mx\/api\/wp\/v2\/posts\/143368","targetHints":{"allow":["GET"]}}],"collection":[{"href":"https:\/\/www.sonoraenequipo.com.mx\/api\/wp\/v2\/posts"}],"about":[{"href":"https:\/\/www.sonoraenequipo.com.mx\/api\/wp\/v2\/types\/post"}],"author":[{"embeddable":true,"href":"https:\/\/www.sonoraenequipo.com.mx\/api\/wp\/v2\/users\/1"}],"replies":[{"embeddable":true,"href":"https:\/\/www.sonoraenequipo.com.mx\/api\/wp\/v2\/comments?post=143368"}],"version-history":[{"count":1,"href":"https:\/\/www.sonoraenequipo.com.mx\/api\/wp\/v2\/posts\/143368\/revisions"}],"predecessor-version":[{"id":143372,"href":"https:\/\/www.sonoraenequipo.com.mx\/api\/wp\/v2\/posts\/143368\/revisions\/143372"}],"wp:featuredmedia":[{"embeddable":true,"href":"https:\/\/www.sonoraenequipo.com.mx\/api\/wp\/v2\/media\/143352"}],"wp:attachment":[{"href":"https:\/\/www.sonoraenequipo.com.mx\/api\/wp\/v2\/media?parent=143368"}],"wp:term":[{"taxonomy":"category","embeddable":true,"href":"https:\/\/www.sonoraenequipo.com.mx\/api\/wp\/v2\/categories?post=143368"},{"taxonomy":"post_tag","embeddable":true,"href":"https:\/\/www.sonoraenequipo.com.mx\/api\/wp\/v2\/tags?post=143368"}],"curies":[{"name":"wp","href":"https:\/\/api.w.org\/{rel}","templated":true}]}}