{"id":143378,"date":"2022-07-22T17:50:09","date_gmt":"2022-07-23T00:50:09","guid":{"rendered":"https:\/\/www.sonoraenequipo.com.mx\/?p=143378"},"modified":"2022-07-23T13:19:45","modified_gmt":"2022-07-23T20:19:45","slug":"detienen-a-un-sospechoso-de-la-muerte-de-luz-raquel-padilla","status":"publish","type":"post","link":"https:\/\/www.sonoraenequipo.com.mx\/detienen-a-un-sospechoso-de-la-muerte-de-luz-raquel-padilla\/","title":{"rendered":"Detienen a un sospechoso de la muerte de Luz Raquel Padilla"},"content":{"rendered":"<p><strong>GUADALAJARA, JALISCO. MX.\u2014<\/strong> Decenas de mujeres protestaron el jueves 21 de julio en M\u00e9xico exigiendo justicia para Luz Raquel Padilla, una activista que muri\u00f3 luego de que desconocidos le prendieron fuego, un caso por el que fue detenido un sospechoso.<\/p>\n<p>&nbsp;<\/p>\n<p> <\/p>\n<p>&nbsp;<\/p>\n<p>Portando carteles frente a la comisar\u00eda de Zapopan, el municipio donde viv\u00eda y fue atacada Padilla el pasado s\u00e1bado 16 de julio, las manifestantes denunciaron la inacci\u00f3n e indiferencia de las autoridades.<\/p>\n<p>&nbsp;<\/p>\n<p>\u201c\u00a1Justicia para Luz y justicia para su hijo! \u00a1Ni una m\u00e1s, ni una m\u00e1s!\u201d, demand\u00f3 Guadalupe Ortega, de 62 a\u00f1os, integrante de Red de Mujeres Insurgentes, un colectivo que re\u00fane a cuidadores de personas con necesidades especiales.<\/p>\n<p>&nbsp;<\/p>\n<p>Madre de un ni\u00f1o autista, Padilla, de 35 a\u00f1os y quien falleci\u00f3 el martes 19 de julio, formaba parte de \u2018<strong>Yo cuido M\u00e9xico<\/strong>\u2019, organizaci\u00f3n que busca visibilizar la labor de cuidados como un trabajo y un derecho.<\/p>\n<p>&nbsp;<\/p>\n<p>&nbsp;<\/p>\n<p>Para Norma Villanueva, miembro de la oeneg\u00e9, el asesinato fue resultado de la intolerancia de vecinos hacia Bruno, hijo de la v\u00edctima.<\/p>\n<p>&nbsp;<\/p>\n<p><em><strong>\u201cLa sociedad tiene cero tolerancia (\u2026), no aceptan a los ni\u00f1os con una condici\u00f3n diferente. Que se haga justicia por Luz y su ni\u00f1o\u201d<\/strong><\/em>, declar\u00f3 Villanueva a periodistas.<\/p>\n<p>&nbsp;<\/p>\n<p>En tanto, amigos y familiares, portando flores y globos de color morado, acompa\u00f1aron el f\u00e9retro de Padilla durante una misa de cuerpo presente en la que el sacerdote pidi\u00f3 frenar la violencia contra las mujeres.<\/p>\n<p>&nbsp;<\/p>\n<p>La fiscal\u00eda de Jalisco inform\u00f3 que detuvo a Sergio Ismael \u201cN\u201d, vecino de Luz Raquel. La mujer lo hab\u00eda acusado en mayo de amenazarla y pintar mensajes en las paredes del edificio donde viv\u00edan con mensajes como \u201c<strong><em>te voy a quemar viva\u201d o \u201cte vaz a morir<\/em><\/strong> Lus\u201d (sic).<\/p>\n<p>&nbsp;<\/p>\n<p>En sus redes sociales, la v\u00edctima denunci\u00f3 adem\u00e1s otros comportamientos del hombre, como escuchar m\u00fasica a alto volumen, que afectaban la salud de su hijo. A\u00f1os atr\u00e1s, la mujer tambi\u00e9n hab\u00eda sido v\u00edctima de agresiones de su expareja.<\/p>\n<p>&nbsp;<\/p>\n<p>&nbsp;<\/p>\n<p>El jueves 21 de julio, la fiscal\u00eda formul\u00f3 cargos al sospechoso por delitos contra la dignidad de personas, amenazas y lesiones, relacionados con la denuncia que interpuso Padilla en mayo.<\/p>\n<p>&nbsp;<\/p>\n<p>A\u00fan no se le acusa de femicidio. El individuo, quien presuntamente no estuvo en el lugar de la agresi\u00f3n, se hab\u00eda presentado el mi\u00e9rcoles ante la fiscal\u00eda para testificar sobre el caso.<\/p>\n<p>&nbsp;<\/p>\n<p>&nbsp;<\/p>\n<p>El video que muestra la arriesgada maniobra que hicieron tres j\u00f3venes para subirse encima de un metro en movimiento en M\u00e9xico<\/p>\n<p>&nbsp;<\/p>\n<p>El presidente Andr\u00e9s Manuel L\u00f3pez Obrador consider\u00f3 el jueves 21 de julio que el crimen de Padilla se explica por la <em><strong>\u201cp\u00e9rdida de valores\u201d<\/strong><\/em><strong> qu<\/strong><strong>e<\/strong><em><strong> \u201cse impuls\u00f3 en el per\u00edodo neoliberal\u201d.<\/strong><\/em><\/p>\n<p>&nbsp;<\/p>\n<p>&nbsp;<\/p>\n<p><em><strong>\u201cEs un modelo deshumanizante que produce odios, rencores, frustraci\u00f3n (\u2026) Triste, su hijo enfermo y ella quemada\u201d,<\/strong><\/em> lament\u00f3 el mandatario izquierdista durante su conferencia diaria.<\/p>\n<p>&nbsp;<\/p>\n<p>&nbsp;<\/p>\n<p>M\u00e9xico sum\u00f3 493 femicidios en el primer semestre de este a\u00f1o y mil 16 en todo 2021, seg\u00fan cifras oficiales que muestran un ascenso sostenido desde 2015.<\/p>\n<p>&nbsp;<\/p>\n<h3>\u201cAcoso y violencia\u201d<\/h3>\n<p>&nbsp;<\/p>\n<p><strong><em>\u201c\u00a1Hasta cu\u00e1ndo voy a tener que vivir con miedo de que me pueda pasar algo y a mi familia, y mi agresor sigue campante por la ciudad con el peligro de seguir haciendo da\u00f1o!\u201d,<\/em><\/strong> escribi\u00f3 Padilla en su Twitter cuando denunci\u00f3 las intimidaciones.<\/p>\n<p>&nbsp;<\/p>\n<p>&nbsp;<\/p>\n<p><em><strong>\u201cLo que ella externaba era constante acoso y violencia verbal en su contra\u201d,<\/strong> <\/em>coment\u00f3 Mily Cruz, coordinadora de \u2018Yo cuido M\u00e9xico\u2019 en Jalisco.<\/p>\n<p>&nbsp;<\/p>\n<p>La activista falleci\u00f3 por las graves quemaduras en el 90% del cuerpo que le provocaron tres hombres y una mujer al rociarle alcohol y prenderle fuego en un jard\u00edn p\u00fablico de Zapopan, seg\u00fan autoridades.<\/p>\n<p>&nbsp;<\/p>\n<p>El asesinato ocurri\u00f3 pese a que la fiscal\u00eda le hab\u00eda concedido medidas de protecci\u00f3n tras denunciar las amenazas de su vecino. \u201c<em><strong>En este caso hubo omisiones que est\u00e1n claramente identificadas\u201d,<\/strong><\/em> se\u00f1al\u00f3 Cruz a la televisora Imagen TV.<\/p>\n<p>&nbsp;<\/p>\n<p>Padilla <strong><em>\u201cno es la \u00fanica madre y cuidadora que ha recibido amenazas asociadas a la discriminaci\u00f3n e ignorancia que se manifiestan en contra de personas con discapacidad\u201d<\/em><\/strong>, denunci\u00f3 \u2018Yo cuido M\u00e9xico\u2019 en sus redes sociales.<\/p>\n<p>&nbsp;<\/p>\n<p>El crimen conmociona nuevamente a M\u00e9xico tras el sonado caso de Debanhi Escobar, una adolescente de 18 a\u00f1os cuyo cad\u00e1ver fue hallado en abril en un tanque de agua, tras pasar 12 d\u00edas desaparecida, en la norte\u00f1a ciudad de Monterrey.<\/p>\n<p>&nbsp;<\/p>\n<p>El caso de Debanhi -que a la fecha no ha sido esclarecido- gener\u00f3 inusitado inter\u00e9s y protestas en M\u00e9xico, golpeado por una crisis de femicidios desde hace tres d\u00e9cadas.<\/p>\n<p>&nbsp;<\/p>\n<p>&nbsp;<\/p>\n<p>En M\u00e9xico son asesinadas en promedio 10 mujeres diariamente, seg\u00fan cifras oficiales, la mayor\u00eda pertenecientes a sectores pobres. Muchos de esos casos corresponden a violencia de g\u00e9nero.<\/p>\n<p>&nbsp;<\/p>\n<p>&nbsp;<\/p>\n<p>(Publicada 22\/07\/2022 Con informaci\u00f3n de medios locales)<\/p>\n","protected":false},"excerpt":{"rendered":"<p>GUADALAJARA, JALISCO. MX.\u2014 Decenas de mujeres protestaron el jueves 21 de julio en M\u00e9xico exigiendo&#8230;<\/p>\n","protected":false},"author":1,"featured_media":143380,"comment_status":"open","ping_status":"open","sticky":false,"template":"","format":"standard","meta":{"_monsterinsights_skip_tracking":false,"_monsterinsights_sitenote_active":false,"_monsterinsights_sitenote_note":"","_monsterinsights_sitenote_category":0,"footnotes":""},"categories":[5],"tags":[],"class_list":["post"],"yoast_head":" \n<title>Sonora en Equipo. Detienen a un sospechoso de la muerte de Luz Raquel Padilla Rep\u00fablica<\/title>\n<meta name=\"description\" content=\"GUADALAJARA, JALISCO. MX.\u2014 Decenas de mujeres protestaron el jueves 21 de julio en M\u00e9xico exigiendo justicia para Luz Raquel Padilla, una activista que En Sonora en Equipo publicamos toda la informaci\u00f3n de Sonora, M\u00e9xico y el Mundo de manera oportuna y busca que la libertad de expresi\u00f3n sea real. Visita nuestro medio informativo publicado desde Hermosillo, Sonora. %\" \/>\n<meta name=\"robots\" content=\"index, follow, max-snippet:-1, max-image-preview:large, max-video-preview:-1\" \/>\n<link rel=\"canonical\" href=\"https:\/\/www.sonoraenequipo.com.mx\/detienen-a-un-sospechoso-de-la-muerte-de-luz-raquel-padilla\/\" \/>\n<meta property=\"og:locale\" content=\"es_ES\" \/>\n<meta property=\"og:type\" content=\"article\" \/>\n<meta property=\"og:title\" content=\"Sonora en Equipo. Detienen a un sospechoso de la muerte de Luz Raquel Padilla Rep\u00fablica\" \/>\n<meta property=\"og:description\" content=\"GUADALAJARA, JALISCO. MX.\u2014 Decenas de mujeres protestaron el jueves 21 de julio en M\u00e9xico exigiendo justicia para Luz Raquel Padilla, una activista que En Sonora en Equipo publicamos toda la informaci\u00f3n de Sonora, M\u00e9xico y el Mundo de manera oportuna y busca que la libertad de expresi\u00f3n sea real. Visita nuestro medio informativo publicado desde Hermosillo, Sonora. %\" \/>\n<meta property=\"og:url\" content=\"https:\/\/www.sonoraenequipo.com.mx\/detienen-a-un-sospechoso-de-la-muerte-de-luz-raquel-padilla\/\" \/>\n<meta property=\"og:site_name\" content=\"Sonora en Equipo.\" \/>\n<meta property=\"article:publisher\" content=\"https:\/\/www.facebook.com\/SonoraEE\/\" \/>\n<meta property=\"article:author\" content=\"https:\/\/www.facebook.com\/SonoraEE\" \/>\n<meta property=\"article:published_time\" content=\"2022-07-23T00:50:09+00:00\" \/>\n<meta property=\"article:modified_time\" content=\"2022-07-23T20:19:45+00:00\" \/>\n<meta property=\"og:image\" content=\"https:\/\/www.sonoraenequipo.com.mx\/storage\/2022\/07\/amenaza-del-asesino-de-luz-raquel-padilla.jpg\" \/>\n\t<meta property=\"og:image:width\" content=\"900\" \/>\n\t<meta property=\"og:image:height\" content=\"514\" \/>\n\t<meta property=\"og:image:type\" content=\"image\/jpeg\" \/>\n<meta name=\"author\" content=\"enequipo\" \/>\n<meta name=\"twitter:card\" content=\"summary_large_image\" \/>\n<meta name=\"twitter:creator\" content=\"@sonoraenequipo\" \/>\n<meta name=\"twitter:site\" content=\"@sonoraenequipo\" \/>\n<meta name=\"twitter:label1\" content=\"Escrito por\" \/>\n\t<meta name=\"twitter:data1\" content=\"enequipo\" \/>\n\t<meta name=\"twitter:label2\" content=\"Tiempo de lectura\" \/>\n\t<meta name=\"twitter:data2\" content=\"4 minutos\" \/>\n<script type=\"application\/ld+json\" class=\"yoast-schema-graph\">{\"@context\":\"https:\/\/schema.org\",\"@graph\":[{\"@type\":\"Article\",\"@id\":\"https:\/\/www.sonoraenequipo.com.mx\/detienen-a-un-sospechoso-de-la-muerte-de-luz-raquel-padilla\/#article\",\"isPartOf\":{\"@id\":\"https:\/\/www.sonoraenequipo.com.mx\/detienen-a-un-sospechoso-de-la-muerte-de-luz-raquel-padilla\/\"},\"author\":{\"name\":\"enequipo\",\"@id\":\"https:\/\/www.sonoraenequipo.com.mx\/#\/schema\/person\/50102df0fb23a8fa9e8effad8fa81386\"},\"headline\":\"Detienen a un sospechoso de la muerte de Luz Raquel Padilla\",\"datePublished\":\"2022-07-23T00:50:09+00:00\",\"dateModified\":\"2022-07-23T20:19:45+00:00\",\"mainEntityOfPage\":{\"@id\":\"https:\/\/www.sonoraenequipo.com.mx\/detienen-a-un-sospechoso-de-la-muerte-de-luz-raquel-padilla\/\"},\"wordCount\":861,\"commentCount\":0,\"publisher\":{\"@id\":\"https:\/\/www.sonoraenequipo.com.mx\/#organization\"},\"image\":{\"@id\":\"https:\/\/www.sonoraenequipo.com.mx\/detienen-a-un-sospechoso-de-la-muerte-de-luz-raquel-padilla\/#primaryimage\"},\"thumbnailUrl\":\"https:\/\/www.sonoraenequipo.com.mx\/storage\/2022\/07\/amenaza-del-asesino-de-luz-raquel-padilla.jpg\",\"articleSection\":[\"Rep\u00fablica\"],\"inLanguage\":\"es\",\"potentialAction\":[{\"@type\":\"CommentAction\",\"name\":\"Comment\",\"target\":[\"https:\/\/www.sonoraenequipo.com.mx\/detienen-a-un-sospechoso-de-la-muerte-de-luz-raquel-padilla\/#respond\"]}]},{\"@type\":\"WebPage\",\"@id\":\"https:\/\/www.sonoraenequipo.com.mx\/detienen-a-un-sospechoso-de-la-muerte-de-luz-raquel-padilla\/\",\"url\":\"https:\/\/www.sonoraenequipo.com.mx\/detienen-a-un-sospechoso-de-la-muerte-de-luz-raquel-padilla\/\",\"name\":\"Sonora en Equipo. Detienen a un sospechoso de la muerte de Luz Raquel Padilla Rep\u00fablica\",\"isPartOf\":{\"@id\":\"https:\/\/www.sonoraenequipo.com.mx\/#website\"},\"primaryImageOfPage\":{\"@id\":\"https:\/\/www.sonoraenequipo.com.mx\/detienen-a-un-sospechoso-de-la-muerte-de-luz-raquel-padilla\/#primaryimage\"},\"image\":{\"@id\":\"https:\/\/www.sonoraenequipo.com.mx\/detienen-a-un-sospechoso-de-la-muerte-de-luz-raquel-padilla\/#primaryimage\"},\"thumbnailUrl\":\"https:\/\/www.sonoraenequipo.com.mx\/storage\/2022\/07\/amenaza-del-asesino-de-luz-raquel-padilla.jpg\",\"datePublished\":\"2022-07-23T00:50:09+00:00\",\"dateModified\":\"2022-07-23T20:19:45+00:00\",\"description\":\"GUADALAJARA, JALISCO. MX.\u2014 Decenas de mujeres protestaron el jueves 21 de julio en M\u00e9xico exigiendo justicia para Luz Raquel Padilla, una activista que En Sonora en Equipo publicamos toda la informaci\u00f3n de Sonora, M\u00e9xico y el Mundo de manera oportuna y busca que la libertad de expresi\u00f3n sea real. Visita nuestro medio informativo publicado desde Hermosillo, Sonora. %\",\"breadcrumb\":{\"@id\":\"https:\/\/www.sonoraenequipo.com.mx\/detienen-a-un-sospechoso-de-la-muerte-de-luz-raquel-padilla\/#breadcrumb\"},\"inLanguage\":\"es\",\"potentialAction\":[{\"@type\":\"ReadAction\",\"target\":[\"https:\/\/www.sonoraenequipo.com.mx\/detienen-a-un-sospechoso-de-la-muerte-de-luz-raquel-padilla\/\"]}]},{\"@type\":\"ImageObject\",\"inLanguage\":\"es\",\"@id\":\"https:\/\/www.sonoraenequipo.com.mx\/detienen-a-un-sospechoso-de-la-muerte-de-luz-raquel-padilla\/#primaryimage\",\"url\":\"https:\/\/www.sonoraenequipo.com.mx\/storage\/2022\/07\/amenaza-del-asesino-de-luz-raquel-padilla.jpg\",\"contentUrl\":\"https:\/\/www.sonoraenequipo.com.mx\/storage\/2022\/07\/amenaza-del-asesino-de-luz-raquel-padilla.jpg\",\"width\":900,\"height\":514},{\"@type\":\"BreadcrumbList\",\"@id\":\"https:\/\/www.sonoraenequipo.com.mx\/detienen-a-un-sospechoso-de-la-muerte-de-luz-raquel-padilla\/#breadcrumb\",\"itemListElement\":[{\"@type\":\"ListItem\",\"position\":1,\"name\":\"Portada\",\"item\":\"https:\/\/www.sonoraenequipo.com.mx\/\"},{\"@type\":\"ListItem\",\"position\":2,\"name\":\"Detienen a un sospechoso de la muerte de Luz Raquel Padilla\"}]},{\"@type\":\"WebSite\",\"@id\":\"https:\/\/www.sonoraenequipo.com.mx\/#website\",\"url\":\"https:\/\/www.sonoraenequipo.com.mx\/\",\"name\":\"Sonora en Equipo.\",\"description\":\"Diario en l\u00ednea con Noticias desde Hermosillo, Sonora\",\"publisher\":{\"@id\":\"https:\/\/www.sonoraenequipo.com.mx\/#organization\"},\"potentialAction\":[{\"@type\":\"SearchAction\",\"target\":{\"@type\":\"EntryPoint\",\"urlTemplate\":\"https:\/\/www.sonoraenequipo.com.mx\/?s={search_term_string}\"},\"query-input\":{\"@type\":\"PropertyValueSpecification\",\"valueRequired\":true,\"valueName\":\"search_term_string\"}}],\"inLanguage\":\"es\"},{\"@type\":\"Organization\",\"@id\":\"https:\/\/www.sonoraenequipo.com.mx\/#organization\",\"name\":\"Sonoraenequipo.com.mx\",\"url\":\"https:\/\/www.sonoraenequipo.com.mx\/\",\"logo\":{\"@type\":\"ImageObject\",\"inLanguage\":\"es\",\"@id\":\"https:\/\/www.sonoraenequipo.com.mx\/#\/schema\/logo\/image\/\",\"url\":\"https:\/\/www.sonoraenequipo.com.mx\/storage\/2019\/01\/sonoraenequipo_opt.png\",\"contentUrl\":\"https:\/\/www.sonoraenequipo.com.mx\/storage\/2019\/01\/sonoraenequipo_opt.png\",\"width\":375,\"height\":125,\"caption\":\"Sonoraenequipo.com.mx\"},\"image\":{\"@id\":\"https:\/\/www.sonoraenequipo.com.mx\/#\/schema\/logo\/image\/\"},\"sameAs\":[\"https:\/\/www.facebook.com\/SonoraEE\/\",\"https:\/\/x.com\/sonoraenequipo\",\"https:\/\/www.youtube.com\/channel\/UC338nW-lPEYmJQs4ZABQ1SQ\"]},{\"@type\":\"Person\",\"@id\":\"https:\/\/www.sonoraenequipo.com.mx\/#\/schema\/person\/50102df0fb23a8fa9e8effad8fa81386\",\"name\":\"enequipo\",\"image\":{\"@type\":\"ImageObject\",\"inLanguage\":\"es\",\"@id\":\"https:\/\/www.sonoraenequipo.com.mx\/#\/schema\/person\/image\/\",\"url\":\"https:\/\/secure.gravatar.com\/avatar\/049821681b589dabc0bc20695993ccebb09f5b5d4d790cd9251b97faac7c652b?s=96&d=blank&r=g\",\"contentUrl\":\"https:\/\/secure.gravatar.com\/avatar\/049821681b589dabc0bc20695993ccebb09f5b5d4d790cd9251b97faac7c652b?s=96&d=blank&r=g\",\"caption\":\"enequipo\"},\"sameAs\":[\"https:\/\/www.facebook.com\/SonoraEE\"]}]}<\/script>\n ","yoast_head_json":{"title":"Sonora en Equipo. Detienen a un sospechoso de la muerte de Luz Raquel Padilla Rep\u00fablica","description":"GUADALAJARA, JALISCO. MX.\u2014 Decenas de mujeres protestaron el jueves 21 de julio en M\u00e9xico exigiendo justicia para Luz Raquel Padilla, una activista que En Sonora en Equipo publicamos toda la informaci\u00f3n de Sonora, M\u00e9xico y el Mundo de manera oportuna y busca que la libertad de expresi\u00f3n sea real. Visita nuestro medio informativo publicado desde Hermosillo, Sonora. %","robots":{"index":"index","follow":"follow","max-snippet":"max-snippet:-1","max-image-preview":"max-image-preview:large","max-video-preview":"max-video-preview:-1"},"canonical":"https:\/\/www.sonoraenequipo.com.mx\/detienen-a-un-sospechoso-de-la-muerte-de-luz-raquel-padilla\/","og_locale":"es_ES","og_type":"article","og_title":"Sonora en Equipo. Detienen a un sospechoso de la muerte de Luz Raquel Padilla Rep\u00fablica","og_description":"GUADALAJARA, JALISCO. MX.\u2014 Decenas de mujeres protestaron el jueves 21 de julio en M\u00e9xico exigiendo justicia para Luz Raquel Padilla, una activista que En Sonora en Equipo publicamos toda la informaci\u00f3n de Sonora, M\u00e9xico y el Mundo de manera oportuna y busca que la libertad de expresi\u00f3n sea real. Visita nuestro medio informativo publicado desde Hermosillo, Sonora. %","og_url":"https:\/\/www.sonoraenequipo.com.mx\/detienen-a-un-sospechoso-de-la-muerte-de-luz-raquel-padilla\/","og_site_name":"Sonora en Equipo.","article_publisher":"https:\/\/www.facebook.com\/SonoraEE\/","article_author":"https:\/\/www.facebook.com\/SonoraEE","article_published_time":"2022-07-23T00:50:09+00:00","article_modified_time":"2022-07-23T20:19:45+00:00","og_image":[{"width":900,"height":514,"url":"https:\/\/www.sonoraenequipo.com.mx\/storage\/2022\/07\/amenaza-del-asesino-de-luz-raquel-padilla.jpg","type":"image\/jpeg"}],"author":"enequipo","twitter_card":"summary_large_image","twitter_creator":"@sonoraenequipo","twitter_site":"@sonoraenequipo","twitter_misc":{"Escrito por":"enequipo","Tiempo de lectura":"4 minutos"},"schema":{"@context":"https:\/\/schema.org","@graph":[{"@type":"Article","@id":"https:\/\/www.sonoraenequipo.com.mx\/detienen-a-un-sospechoso-de-la-muerte-de-luz-raquel-padilla\/#article","isPartOf":{"@id":"https:\/\/www.sonoraenequipo.com.mx\/detienen-a-un-sospechoso-de-la-muerte-de-luz-raquel-padilla\/"},"author":{"name":"enequipo","@id":"https:\/\/www.sonoraenequipo.com.mx\/#\/schema\/person\/50102df0fb23a8fa9e8effad8fa81386"},"headline":"Detienen a un sospechoso de la muerte de Luz Raquel Padilla","datePublished":"2022-07-23T00:50:09+00:00","dateModified":"2022-07-23T20:19:45+00:00","mainEntityOfPage":{"@id":"https:\/\/www.sonoraenequipo.com.mx\/detienen-a-un-sospechoso-de-la-muerte-de-luz-raquel-padilla\/"},"wordCount":861,"commentCount":0,"publisher":{"@id":"https:\/\/www.sonoraenequipo.com.mx\/#organization"},"image":{"@id":"https:\/\/www.sonoraenequipo.com.mx\/detienen-a-un-sospechoso-de-la-muerte-de-luz-raquel-padilla\/#primaryimage"},"thumbnailUrl":"https:\/\/www.sonoraenequipo.com.mx\/storage\/2022\/07\/amenaza-del-asesino-de-luz-raquel-padilla.jpg","articleSection":["Rep\u00fablica"],"inLanguage":"es","potentialAction":[{"@type":"CommentAction","name":"Comment","target":["https:\/\/www.sonoraenequipo.com.mx\/detienen-a-un-sospechoso-de-la-muerte-de-luz-raquel-padilla\/#respond"]}]},{"@type":"WebPage","@id":"https:\/\/www.sonoraenequipo.com.mx\/detienen-a-un-sospechoso-de-la-muerte-de-luz-raquel-padilla\/","url":"https:\/\/www.sonoraenequipo.com.mx\/detienen-a-un-sospechoso-de-la-muerte-de-luz-raquel-padilla\/","name":"Sonora en Equipo. Detienen a un sospechoso de la muerte de Luz Raquel Padilla Rep\u00fablica","isPartOf":{"@id":"https:\/\/www.sonoraenequipo.com.mx\/#website"},"primaryImageOfPage":{"@id":"https:\/\/www.sonoraenequipo.com.mx\/detienen-a-un-sospechoso-de-la-muerte-de-luz-raquel-padilla\/#primaryimage"},"image":{"@id":"https:\/\/www.sonoraenequipo.com.mx\/detienen-a-un-sospechoso-de-la-muerte-de-luz-raquel-padilla\/#primaryimage"},"thumbnailUrl":"https:\/\/www.sonoraenequipo.com.mx\/storage\/2022\/07\/amenaza-del-asesino-de-luz-raquel-padilla.jpg","datePublished":"2022-07-23T00:50:09+00:00","dateModified":"2022-07-23T20:19:45+00:00","description":"GUADALAJARA, JALISCO. MX.\u2014 Decenas de mujeres protestaron el jueves 21 de julio en M\u00e9xico exigiendo justicia para Luz Raquel Padilla, una activista que En Sonora en Equipo publicamos toda la informaci\u00f3n de Sonora, M\u00e9xico y el Mundo de manera oportuna y busca que la libertad de expresi\u00f3n sea real. Visita nuestro medio informativo publicado desde Hermosillo, Sonora. %","breadcrumb":{"@id":"https:\/\/www.sonoraenequipo.com.mx\/detienen-a-un-sospechoso-de-la-muerte-de-luz-raquel-padilla\/#breadcrumb"},"inLanguage":"es","potentialAction":[{"@type":"ReadAction","target":["https:\/\/www.sonoraenequipo.com.mx\/detienen-a-un-sospechoso-de-la-muerte-de-luz-raquel-padilla\/"]}]},{"@type":"ImageObject","inLanguage":"es","@id":"https:\/\/www.sonoraenequipo.com.mx\/detienen-a-un-sospechoso-de-la-muerte-de-luz-raquel-padilla\/#primaryimage","url":"https:\/\/www.sonoraenequipo.com.mx\/storage\/2022\/07\/amenaza-del-asesino-de-luz-raquel-padilla.jpg","contentUrl":"https:\/\/www.sonoraenequipo.com.mx\/storage\/2022\/07\/amenaza-del-asesino-de-luz-raquel-padilla.jpg","width":900,"height":514},{"@type":"BreadcrumbList","@id":"https:\/\/www.sonoraenequipo.com.mx\/detienen-a-un-sospechoso-de-la-muerte-de-luz-raquel-padilla\/#breadcrumb","itemListElement":[{"@type":"ListItem","position":1,"name":"Portada","item":"https:\/\/www.sonoraenequipo.com.mx\/"},{"@type":"ListItem","position":2,"name":"Detienen a un sospechoso de la muerte de Luz Raquel Padilla"}]},{"@type":"WebSite","@id":"https:\/\/www.sonoraenequipo.com.mx\/#website","url":"https:\/\/www.sonoraenequipo.com.mx\/","name":"Sonora en Equipo.","description":"Diario en l\u00ednea con Noticias desde Hermosillo, Sonora","publisher":{"@id":"https:\/\/www.sonoraenequipo.com.mx\/#organization"},"potentialAction":[{"@type":"SearchAction","target":{"@type":"EntryPoint","urlTemplate":"https:\/\/www.sonoraenequipo.com.mx\/?s={search_term_string}"},"query-input":{"@type":"PropertyValueSpecification","valueRequired":true,"valueName":"search_term_string"}}],"inLanguage":"es"},{"@type":"Organization","@id":"https:\/\/www.sonoraenequipo.com.mx\/#organization","name":"Sonoraenequipo.com.mx","url":"https:\/\/www.sonoraenequipo.com.mx\/","logo":{"@type":"ImageObject","inLanguage":"es","@id":"https:\/\/www.sonoraenequipo.com.mx\/#\/schema\/logo\/image\/","url":"https:\/\/www.sonoraenequipo.com.mx\/storage\/2019\/01\/sonoraenequipo_opt.png","contentUrl":"https:\/\/www.sonoraenequipo.com.mx\/storage\/2019\/01\/sonoraenequipo_opt.png","width":375,"height":125,"caption":"Sonoraenequipo.com.mx"},"image":{"@id":"https:\/\/www.sonoraenequipo.com.mx\/#\/schema\/logo\/image\/"},"sameAs":["https:\/\/www.facebook.com\/SonoraEE\/","https:\/\/x.com\/sonoraenequipo","https:\/\/www.youtube.com\/channel\/UC338nW-lPEYmJQs4ZABQ1SQ"]},{"@type":"Person","@id":"https:\/\/www.sonoraenequipo.com.mx\/#\/schema\/person\/50102df0fb23a8fa9e8effad8fa81386","name":"enequipo","image":{"@type":"ImageObject","inLanguage":"es","@id":"https:\/\/www.sonoraenequipo.com.mx\/#\/schema\/person\/image\/","url":"https:\/\/secure.gravatar.com\/avatar\/049821681b589dabc0bc20695993ccebb09f5b5d4d790cd9251b97faac7c652b?s=96&d=blank&r=g","contentUrl":"https:\/\/secure.gravatar.com\/avatar\/049821681b589dabc0bc20695993ccebb09f5b5d4d790cd9251b97faac7c652b?s=96&d=blank&r=g","caption":"enequipo"},"sameAs":["https:\/\/www.facebook.com\/SonoraEE"]}]}},"jetpack_featured_media_url":"https:\/\/www.sonoraenequipo.com.mx\/storage\/2022\/07\/amenaza-del-asesino-de-luz-raquel-padilla.jpg","_links":{"self":[{"href":"https:\/\/www.sonoraenequipo.com.mx\/api\/wp\/v2\/posts\/143378","targetHints":{"allow":["GET"]}}],"collection":[{"href":"https:\/\/www.sonoraenequipo.com.mx\/api\/wp\/v2\/posts"}],"about":[{"href":"https:\/\/www.sonoraenequipo.com.mx\/api\/wp\/v2\/types\/post"}],"author":[{"embeddable":true,"href":"https:\/\/www.sonoraenequipo.com.mx\/api\/wp\/v2\/users\/1"}],"replies":[{"embeddable":true,"href":"https:\/\/www.sonoraenequipo.com.mx\/api\/wp\/v2\/comments?post=143378"}],"version-history":[{"count":2,"href":"https:\/\/www.sonoraenequipo.com.mx\/api\/wp\/v2\/posts\/143378\/revisions"}],"predecessor-version":[{"id":143382,"href":"https:\/\/www.sonoraenequipo.com.mx\/api\/wp\/v2\/posts\/143378\/revisions\/143382"}],"wp:featuredmedia":[{"embeddable":true,"href":"https:\/\/www.sonoraenequipo.com.mx\/api\/wp\/v2\/media\/143380"}],"wp:attachment":[{"href":"https:\/\/www.sonoraenequipo.com.mx\/api\/wp\/v2\/media?parent=143378"}],"wp:term":[{"taxonomy":"category","embeddable":true,"href":"https:\/\/www.sonoraenequipo.com.mx\/api\/wp\/v2\/categories?post=143378"},{"taxonomy":"post_tag","embeddable":true,"href":"https:\/\/www.sonoraenequipo.com.mx\/api\/wp\/v2\/tags?post=143378"}],"curies":[{"name":"wp","href":"https:\/\/api.w.org\/{rel}","templated":true}]}}