{"id":143389,"date":"2022-07-22T23:20:22","date_gmt":"2022-07-23T06:20:22","guid":{"rendered":"https:\/\/www.sonoraenequipo.com.mx\/?p=143389"},"modified":"2022-07-23T13:57:55","modified_gmt":"2022-07-23T20:57:55","slug":"fiscal-general-de-ee-uu-llama-a-ebrard-para-tratar-la-extradicion-de-caro-quintero","status":"publish","type":"post","link":"https:\/\/www.sonoraenequipo.com.mx\/fiscal-general-de-ee-uu-llama-a-ebrard-para-tratar-la-extradicion-de-caro-quintero\/","title":{"rendered":"Fiscal General de EE. UU. llama a Ebrard para tratar la extradici\u00f3n de Caro Quintero"},"content":{"rendered":"<p><strong>WASHINGTON, ESTADOS UNIDOS. \u2014<\/strong> El fiscal general de Estados Unidos, Merrick Garland, llam\u00f3 este viernes por tel\u00e9fono al canciller mexicano, Marcelo Ebrard, para hablar sobre la extradici\u00f3n a EE.UU. del capo Rafael Caro Quintero, quien hasta hace una semana era el fugitivo m\u00e1s buscado por la Agencia Antidrogas Estadounidense (DEA, en ingl\u00e9s).<\/p>\n<p>&nbsp;<\/p>\n<p> <\/p>\n<p>&nbsp;<\/p>\n<p>En un comunicado, el Departamento de Justicia de EE.UU. inform\u00f3 de que Garland llam\u00f3 por tel\u00e9fono a Ebrar para agradecer al Gobierno de M\u00e9xico la detenci\u00f3n el viernes de la semana pasada de Caro Quintero, acusado en EE.UU. de varios cargos penales como el secuestro y asesinato del agente de la DEA Enrique \u201cKiki\u201d Camarena\u201d en 1985.<\/p>\n<p>&nbsp;<\/p>\n<p>Los representantes de ambos pa\u00edses reiteraron el compromiso que existe para trabajar de forma r\u00e1pida en la extradici\u00f3n del narcotraficante.<\/p>\n<p>&nbsp;<\/p>\n<p>Caro Quintero, por quien se ofrec\u00eda una recompensa de 20 millones de d\u00f3lares por informaci\u00f3n para su captura, fue detenido en el municipio de Guachochi, en el norte\u00f1o estado de Chihuahua.<\/p>\n<p>&nbsp;<\/p>\n<p>La detenci\u00f3n del narcotraficante, de 69 a\u00f1os, se debi\u00f3 a que las autoridades supuestamente hab\u00edan detectado que regres\u00f3 a la actividad criminal a m\u00ednima escala, seg\u00fan confirmaron fuentes oficiales.<\/p>\n<p>&nbsp;<\/p>\n<p>Nacido el 3 de octubre de 1952, en el estado mexicano de Sinaloa, cuna de los grandes capos mexicanos, Caro Quintero, que amas\u00f3 una gran fortuna, fund\u00f3 su cartel junto con Miguel \u00c1ngel F\u00e9lix Gallardo y Ernesto Fonseca Carrillo, alias \u201c<em>Don Neto\u201d.<\/em><\/p>\n<p>&nbsp;<\/p>\n<p>&nbsp;<\/p>\n<p>(Publicada 22\/07\/2022 \/Con informaci\u00f3n de Prensa Libre y AFP)<\/p>\n","protected":false},"excerpt":{"rendered":"<p>WASHINGTON, ESTADOS UNIDOS. \u2014 El fiscal general de Estados Unidos, Merrick Garland, llam\u00f3 este viernes&#8230;<\/p>\n","protected":false},"author":1,"featured_media":0,"comment_status":"open","ping_status":"open","sticky":false,"template":"","format":"standard","meta":{"_monsterinsights_skip_tracking":false,"_monsterinsights_sitenote_active":false,"_monsterinsights_sitenote_note":"","_monsterinsights_sitenote_category":0,"footnotes":""},"categories":[3],"tags":[],"class_list":["post"],"yoast_head":" \n<title>Sonora en Equipo. Fiscal General de EE. UU. llama a Ebrard para tratar la extradici\u00f3n de Caro Quintero MUNDO<\/title>\n<meta name=\"description\" content=\"WASHINGTON, ESTADOS UNIDOS. \u2014 El fiscal general de Estados Unidos, Merrick Garland, llam\u00f3 este viernes por tel\u00e9fono al canciller mexicano, Marcelo Ebrard, En Sonora en Equipo publicamos toda la informaci\u00f3n de Sonora, M\u00e9xico y el Mundo de manera oportuna y busca que la libertad de expresi\u00f3n sea real. Visita nuestro medio informativo publicado desde Hermosillo, Sonora. %\" \/>\n<meta name=\"robots\" content=\"index, follow, max-snippet:-1, max-image-preview:large, max-video-preview:-1\" \/>\n<link rel=\"canonical\" href=\"https:\/\/www.sonoraenequipo.com.mx\/fiscal-general-de-ee-uu-llama-a-ebrard-para-tratar-la-extradicion-de-caro-quintero\/\" \/>\n<meta property=\"og:locale\" content=\"es_ES\" \/>\n<meta property=\"og:type\" content=\"article\" \/>\n<meta property=\"og:title\" content=\"Sonora en Equipo. Fiscal General de EE. UU. llama a Ebrard para tratar la extradici\u00f3n de Caro Quintero MUNDO\" \/>\n<meta property=\"og:description\" content=\"WASHINGTON, ESTADOS UNIDOS. \u2014 El fiscal general de Estados Unidos, Merrick Garland, llam\u00f3 este viernes por tel\u00e9fono al canciller mexicano, Marcelo Ebrard, En Sonora en Equipo publicamos toda la informaci\u00f3n de Sonora, M\u00e9xico y el Mundo de manera oportuna y busca que la libertad de expresi\u00f3n sea real. Visita nuestro medio informativo publicado desde Hermosillo, Sonora. %\" \/>\n<meta property=\"og:url\" content=\"https:\/\/www.sonoraenequipo.com.mx\/fiscal-general-de-ee-uu-llama-a-ebrard-para-tratar-la-extradicion-de-caro-quintero\/\" \/>\n<meta property=\"og:site_name\" content=\"Sonora en Equipo.\" \/>\n<meta property=\"article:publisher\" content=\"https:\/\/www.facebook.com\/SonoraEE\/\" \/>\n<meta property=\"article:author\" content=\"https:\/\/www.facebook.com\/SonoraEE\" \/>\n<meta property=\"article:published_time\" content=\"2022-07-23T06:20:22+00:00\" \/>\n<meta property=\"article:modified_time\" content=\"2022-07-23T20:57:55+00:00\" \/>\n<meta name=\"author\" content=\"enequipo\" \/>\n<meta name=\"twitter:card\" content=\"summary_large_image\" \/>\n<meta name=\"twitter:creator\" content=\"@sonoraenequipo\" \/>\n<meta name=\"twitter:site\" content=\"@sonoraenequipo\" \/>\n<meta name=\"twitter:label1\" content=\"Escrito por\" \/>\n\t<meta name=\"twitter:data1\" content=\"enequipo\" \/>\n\t<meta name=\"twitter:label2\" content=\"Tiempo de lectura\" \/>\n\t<meta name=\"twitter:data2\" content=\"1 minuto\" \/>\n<script type=\"application\/ld+json\" class=\"yoast-schema-graph\">{\"@context\":\"https:\/\/schema.org\",\"@graph\":[{\"@type\":\"Article\",\"@id\":\"https:\/\/www.sonoraenequipo.com.mx\/fiscal-general-de-ee-uu-llama-a-ebrard-para-tratar-la-extradicion-de-caro-quintero\/#article\",\"isPartOf\":{\"@id\":\"https:\/\/www.sonoraenequipo.com.mx\/fiscal-general-de-ee-uu-llama-a-ebrard-para-tratar-la-extradicion-de-caro-quintero\/\"},\"author\":{\"name\":\"enequipo\",\"@id\":\"https:\/\/www.sonoraenequipo.com.mx\/#\/schema\/person\/50102df0fb23a8fa9e8effad8fa81386\"},\"headline\":\"Fiscal General de EE. UU. llama a Ebrard para tratar la extradici\u00f3n de Caro Quintero\",\"datePublished\":\"2022-07-23T06:20:22+00:00\",\"dateModified\":\"2022-07-23T20:57:55+00:00\",\"mainEntityOfPage\":{\"@id\":\"https:\/\/www.sonoraenequipo.com.mx\/fiscal-general-de-ee-uu-llama-a-ebrard-para-tratar-la-extradicion-de-caro-quintero\/\"},\"wordCount\":281,\"commentCount\":0,\"publisher\":{\"@id\":\"https:\/\/www.sonoraenequipo.com.mx\/#organization\"},\"articleSection\":[\"MUNDO\"],\"inLanguage\":\"es\",\"potentialAction\":[{\"@type\":\"CommentAction\",\"name\":\"Comment\",\"target\":[\"https:\/\/www.sonoraenequipo.com.mx\/fiscal-general-de-ee-uu-llama-a-ebrard-para-tratar-la-extradicion-de-caro-quintero\/#respond\"]}]},{\"@type\":\"WebPage\",\"@id\":\"https:\/\/www.sonoraenequipo.com.mx\/fiscal-general-de-ee-uu-llama-a-ebrard-para-tratar-la-extradicion-de-caro-quintero\/\",\"url\":\"https:\/\/www.sonoraenequipo.com.mx\/fiscal-general-de-ee-uu-llama-a-ebrard-para-tratar-la-extradicion-de-caro-quintero\/\",\"name\":\"Sonora en Equipo. Fiscal General de EE. UU. llama a Ebrard para tratar la extradici\u00f3n de Caro Quintero MUNDO\",\"isPartOf\":{\"@id\":\"https:\/\/www.sonoraenequipo.com.mx\/#website\"},\"datePublished\":\"2022-07-23T06:20:22+00:00\",\"dateModified\":\"2022-07-23T20:57:55+00:00\",\"description\":\"WASHINGTON, ESTADOS UNIDOS. \u2014 El fiscal general de Estados Unidos, Merrick Garland, llam\u00f3 este viernes por tel\u00e9fono al canciller mexicano, Marcelo Ebrard, En Sonora en Equipo publicamos toda la informaci\u00f3n de Sonora, M\u00e9xico y el Mundo de manera oportuna y busca que la libertad de expresi\u00f3n sea real. Visita nuestro medio informativo publicado desde Hermosillo, Sonora. %\",\"breadcrumb\":{\"@id\":\"https:\/\/www.sonoraenequipo.com.mx\/fiscal-general-de-ee-uu-llama-a-ebrard-para-tratar-la-extradicion-de-caro-quintero\/#breadcrumb\"},\"inLanguage\":\"es\",\"potentialAction\":[{\"@type\":\"ReadAction\",\"target\":[\"https:\/\/www.sonoraenequipo.com.mx\/fiscal-general-de-ee-uu-llama-a-ebrard-para-tratar-la-extradicion-de-caro-quintero\/\"]}]},{\"@type\":\"BreadcrumbList\",\"@id\":\"https:\/\/www.sonoraenequipo.com.mx\/fiscal-general-de-ee-uu-llama-a-ebrard-para-tratar-la-extradicion-de-caro-quintero\/#breadcrumb\",\"itemListElement\":[{\"@type\":\"ListItem\",\"position\":1,\"name\":\"Portada\",\"item\":\"https:\/\/www.sonoraenequipo.com.mx\/\"},{\"@type\":\"ListItem\",\"position\":2,\"name\":\"Fiscal General de EE. UU. llama a Ebrard para tratar la extradici\u00f3n de Caro Quintero\"}]},{\"@type\":\"WebSite\",\"@id\":\"https:\/\/www.sonoraenequipo.com.mx\/#website\",\"url\":\"https:\/\/www.sonoraenequipo.com.mx\/\",\"name\":\"Sonora en Equipo.\",\"description\":\"Diario en l\u00ednea con Noticias desde Hermosillo, Sonora\",\"publisher\":{\"@id\":\"https:\/\/www.sonoraenequipo.com.mx\/#organization\"},\"potentialAction\":[{\"@type\":\"SearchAction\",\"target\":{\"@type\":\"EntryPoint\",\"urlTemplate\":\"https:\/\/www.sonoraenequipo.com.mx\/?s={search_term_string}\"},\"query-input\":{\"@type\":\"PropertyValueSpecification\",\"valueRequired\":true,\"valueName\":\"search_term_string\"}}],\"inLanguage\":\"es\"},{\"@type\":\"Organization\",\"@id\":\"https:\/\/www.sonoraenequipo.com.mx\/#organization\",\"name\":\"Sonoraenequipo.com.mx\",\"url\":\"https:\/\/www.sonoraenequipo.com.mx\/\",\"logo\":{\"@type\":\"ImageObject\",\"inLanguage\":\"es\",\"@id\":\"https:\/\/www.sonoraenequipo.com.mx\/#\/schema\/logo\/image\/\",\"url\":\"https:\/\/www.sonoraenequipo.com.mx\/storage\/2019\/01\/sonoraenequipo_opt.png\",\"contentUrl\":\"https:\/\/www.sonoraenequipo.com.mx\/storage\/2019\/01\/sonoraenequipo_opt.png\",\"width\":375,\"height\":125,\"caption\":\"Sonoraenequipo.com.mx\"},\"image\":{\"@id\":\"https:\/\/www.sonoraenequipo.com.mx\/#\/schema\/logo\/image\/\"},\"sameAs\":[\"https:\/\/www.facebook.com\/SonoraEE\/\",\"https:\/\/x.com\/sonoraenequipo\",\"https:\/\/www.youtube.com\/channel\/UC338nW-lPEYmJQs4ZABQ1SQ\"]},{\"@type\":\"Person\",\"@id\":\"https:\/\/www.sonoraenequipo.com.mx\/#\/schema\/person\/50102df0fb23a8fa9e8effad8fa81386\",\"name\":\"enequipo\",\"image\":{\"@type\":\"ImageObject\",\"inLanguage\":\"es\",\"@id\":\"https:\/\/www.sonoraenequipo.com.mx\/#\/schema\/person\/image\/\",\"url\":\"https:\/\/secure.gravatar.com\/avatar\/049821681b589dabc0bc20695993ccebb09f5b5d4d790cd9251b97faac7c652b?s=96&d=blank&r=g\",\"contentUrl\":\"https:\/\/secure.gravatar.com\/avatar\/049821681b589dabc0bc20695993ccebb09f5b5d4d790cd9251b97faac7c652b?s=96&d=blank&r=g\",\"caption\":\"enequipo\"},\"sameAs\":[\"https:\/\/www.facebook.com\/SonoraEE\"]}]}<\/script>\n ","yoast_head_json":{"title":"Sonora en Equipo. Fiscal General de EE. UU. llama a Ebrard para tratar la extradici\u00f3n de Caro Quintero MUNDO","description":"WASHINGTON, ESTADOS UNIDOS. \u2014 El fiscal general de Estados Unidos, Merrick Garland, llam\u00f3 este viernes por tel\u00e9fono al canciller mexicano, Marcelo Ebrard, En Sonora en Equipo publicamos toda la informaci\u00f3n de Sonora, M\u00e9xico y el Mundo de manera oportuna y busca que la libertad de expresi\u00f3n sea real. Visita nuestro medio informativo publicado desde Hermosillo, Sonora. %","robots":{"index":"index","follow":"follow","max-snippet":"max-snippet:-1","max-image-preview":"max-image-preview:large","max-video-preview":"max-video-preview:-1"},"canonical":"https:\/\/www.sonoraenequipo.com.mx\/fiscal-general-de-ee-uu-llama-a-ebrard-para-tratar-la-extradicion-de-caro-quintero\/","og_locale":"es_ES","og_type":"article","og_title":"Sonora en Equipo. Fiscal General de EE. UU. llama a Ebrard para tratar la extradici\u00f3n de Caro Quintero MUNDO","og_description":"WASHINGTON, ESTADOS UNIDOS. \u2014 El fiscal general de Estados Unidos, Merrick Garland, llam\u00f3 este viernes por tel\u00e9fono al canciller mexicano, Marcelo Ebrard, En Sonora en Equipo publicamos toda la informaci\u00f3n de Sonora, M\u00e9xico y el Mundo de manera oportuna y busca que la libertad de expresi\u00f3n sea real. Visita nuestro medio informativo publicado desde Hermosillo, Sonora. %","og_url":"https:\/\/www.sonoraenequipo.com.mx\/fiscal-general-de-ee-uu-llama-a-ebrard-para-tratar-la-extradicion-de-caro-quintero\/","og_site_name":"Sonora en Equipo.","article_publisher":"https:\/\/www.facebook.com\/SonoraEE\/","article_author":"https:\/\/www.facebook.com\/SonoraEE","article_published_time":"2022-07-23T06:20:22+00:00","article_modified_time":"2022-07-23T20:57:55+00:00","author":"enequipo","twitter_card":"summary_large_image","twitter_creator":"@sonoraenequipo","twitter_site":"@sonoraenequipo","twitter_misc":{"Escrito por":"enequipo","Tiempo de lectura":"1 minuto"},"schema":{"@context":"https:\/\/schema.org","@graph":[{"@type":"Article","@id":"https:\/\/www.sonoraenequipo.com.mx\/fiscal-general-de-ee-uu-llama-a-ebrard-para-tratar-la-extradicion-de-caro-quintero\/#article","isPartOf":{"@id":"https:\/\/www.sonoraenequipo.com.mx\/fiscal-general-de-ee-uu-llama-a-ebrard-para-tratar-la-extradicion-de-caro-quintero\/"},"author":{"name":"enequipo","@id":"https:\/\/www.sonoraenequipo.com.mx\/#\/schema\/person\/50102df0fb23a8fa9e8effad8fa81386"},"headline":"Fiscal General de EE. UU. llama a Ebrard para tratar la extradici\u00f3n de Caro Quintero","datePublished":"2022-07-23T06:20:22+00:00","dateModified":"2022-07-23T20:57:55+00:00","mainEntityOfPage":{"@id":"https:\/\/www.sonoraenequipo.com.mx\/fiscal-general-de-ee-uu-llama-a-ebrard-para-tratar-la-extradicion-de-caro-quintero\/"},"wordCount":281,"commentCount":0,"publisher":{"@id":"https:\/\/www.sonoraenequipo.com.mx\/#organization"},"articleSection":["MUNDO"],"inLanguage":"es","potentialAction":[{"@type":"CommentAction","name":"Comment","target":["https:\/\/www.sonoraenequipo.com.mx\/fiscal-general-de-ee-uu-llama-a-ebrard-para-tratar-la-extradicion-de-caro-quintero\/#respond"]}]},{"@type":"WebPage","@id":"https:\/\/www.sonoraenequipo.com.mx\/fiscal-general-de-ee-uu-llama-a-ebrard-para-tratar-la-extradicion-de-caro-quintero\/","url":"https:\/\/www.sonoraenequipo.com.mx\/fiscal-general-de-ee-uu-llama-a-ebrard-para-tratar-la-extradicion-de-caro-quintero\/","name":"Sonora en Equipo. Fiscal General de EE. UU. llama a Ebrard para tratar la extradici\u00f3n de Caro Quintero MUNDO","isPartOf":{"@id":"https:\/\/www.sonoraenequipo.com.mx\/#website"},"datePublished":"2022-07-23T06:20:22+00:00","dateModified":"2022-07-23T20:57:55+00:00","description":"WASHINGTON, ESTADOS UNIDOS. \u2014 El fiscal general de Estados Unidos, Merrick Garland, llam\u00f3 este viernes por tel\u00e9fono al canciller mexicano, Marcelo Ebrard, En Sonora en Equipo publicamos toda la informaci\u00f3n de Sonora, M\u00e9xico y el Mundo de manera oportuna y busca que la libertad de expresi\u00f3n sea real. Visita nuestro medio informativo publicado desde Hermosillo, Sonora. %","breadcrumb":{"@id":"https:\/\/www.sonoraenequipo.com.mx\/fiscal-general-de-ee-uu-llama-a-ebrard-para-tratar-la-extradicion-de-caro-quintero\/#breadcrumb"},"inLanguage":"es","potentialAction":[{"@type":"ReadAction","target":["https:\/\/www.sonoraenequipo.com.mx\/fiscal-general-de-ee-uu-llama-a-ebrard-para-tratar-la-extradicion-de-caro-quintero\/"]}]},{"@type":"BreadcrumbList","@id":"https:\/\/www.sonoraenequipo.com.mx\/fiscal-general-de-ee-uu-llama-a-ebrard-para-tratar-la-extradicion-de-caro-quintero\/#breadcrumb","itemListElement":[{"@type":"ListItem","position":1,"name":"Portada","item":"https:\/\/www.sonoraenequipo.com.mx\/"},{"@type":"ListItem","position":2,"name":"Fiscal General de EE. UU. llama a Ebrard para tratar la extradici\u00f3n de Caro Quintero"}]},{"@type":"WebSite","@id":"https:\/\/www.sonoraenequipo.com.mx\/#website","url":"https:\/\/www.sonoraenequipo.com.mx\/","name":"Sonora en Equipo.","description":"Diario en l\u00ednea con Noticias desde Hermosillo, Sonora","publisher":{"@id":"https:\/\/www.sonoraenequipo.com.mx\/#organization"},"potentialAction":[{"@type":"SearchAction","target":{"@type":"EntryPoint","urlTemplate":"https:\/\/www.sonoraenequipo.com.mx\/?s={search_term_string}"},"query-input":{"@type":"PropertyValueSpecification","valueRequired":true,"valueName":"search_term_string"}}],"inLanguage":"es"},{"@type":"Organization","@id":"https:\/\/www.sonoraenequipo.com.mx\/#organization","name":"Sonoraenequipo.com.mx","url":"https:\/\/www.sonoraenequipo.com.mx\/","logo":{"@type":"ImageObject","inLanguage":"es","@id":"https:\/\/www.sonoraenequipo.com.mx\/#\/schema\/logo\/image\/","url":"https:\/\/www.sonoraenequipo.com.mx\/storage\/2019\/01\/sonoraenequipo_opt.png","contentUrl":"https:\/\/www.sonoraenequipo.com.mx\/storage\/2019\/01\/sonoraenequipo_opt.png","width":375,"height":125,"caption":"Sonoraenequipo.com.mx"},"image":{"@id":"https:\/\/www.sonoraenequipo.com.mx\/#\/schema\/logo\/image\/"},"sameAs":["https:\/\/www.facebook.com\/SonoraEE\/","https:\/\/x.com\/sonoraenequipo","https:\/\/www.youtube.com\/channel\/UC338nW-lPEYmJQs4ZABQ1SQ"]},{"@type":"Person","@id":"https:\/\/www.sonoraenequipo.com.mx\/#\/schema\/person\/50102df0fb23a8fa9e8effad8fa81386","name":"enequipo","image":{"@type":"ImageObject","inLanguage":"es","@id":"https:\/\/www.sonoraenequipo.com.mx\/#\/schema\/person\/image\/","url":"https:\/\/secure.gravatar.com\/avatar\/049821681b589dabc0bc20695993ccebb09f5b5d4d790cd9251b97faac7c652b?s=96&d=blank&r=g","contentUrl":"https:\/\/secure.gravatar.com\/avatar\/049821681b589dabc0bc20695993ccebb09f5b5d4d790cd9251b97faac7c652b?s=96&d=blank&r=g","caption":"enequipo"},"sameAs":["https:\/\/www.facebook.com\/SonoraEE"]}]}},"jetpack_featured_media_url":"","_links":{"self":[{"href":"https:\/\/www.sonoraenequipo.com.mx\/api\/wp\/v2\/posts\/143389","targetHints":{"allow":["GET"]}}],"collection":[{"href":"https:\/\/www.sonoraenequipo.com.mx\/api\/wp\/v2\/posts"}],"about":[{"href":"https:\/\/www.sonoraenequipo.com.mx\/api\/wp\/v2\/types\/post"}],"author":[{"embeddable":true,"href":"https:\/\/www.sonoraenequipo.com.mx\/api\/wp\/v2\/users\/1"}],"replies":[{"embeddable":true,"href":"https:\/\/www.sonoraenequipo.com.mx\/api\/wp\/v2\/comments?post=143389"}],"version-history":[{"count":1,"href":"https:\/\/www.sonoraenequipo.com.mx\/api\/wp\/v2\/posts\/143389\/revisions"}],"predecessor-version":[{"id":143391,"href":"https:\/\/www.sonoraenequipo.com.mx\/api\/wp\/v2\/posts\/143389\/revisions\/143391"}],"wp:attachment":[{"href":"https:\/\/www.sonoraenequipo.com.mx\/api\/wp\/v2\/media?parent=143389"}],"wp:term":[{"taxonomy":"category","embeddable":true,"href":"https:\/\/www.sonoraenequipo.com.mx\/api\/wp\/v2\/categories?post=143389"},{"taxonomy":"post_tag","embeddable":true,"href":"https:\/\/www.sonoraenequipo.com.mx\/api\/wp\/v2\/tags?post=143389"}],"curies":[{"name":"wp","href":"https:\/\/api.w.org\/{rel}","templated":true}]}}