{"id":143417,"date":"2022-07-23T08:28:46","date_gmt":"2022-07-23T15:28:46","guid":{"rendered":"https:\/\/www.sonoraenequipo.com.mx\/?p=143417"},"modified":"2022-07-23T19:44:59","modified_gmt":"2022-07-24T02:44:59","slug":"oms-declara-a-la-viruela-del-mono-como-emergencia-de-salud-publica-internacional","status":"publish","type":"post","link":"https:\/\/www.sonoraenequipo.com.mx\/oms-declara-a-la-viruela-del-mono-como-emergencia-de-salud-publica-internacional\/","title":{"rendered":"OMS declara a la viruela del mono como emergencia de salud p\u00fablica internacional"},"content":{"rendered":"<p><strong>GINEBRA.\u2014<\/strong> La Organizaci\u00f3n Mundial de la Salud (OMS) activ\u00f3 el s\u00e1bado su m\u00e1ximo nivel de alerta para tratar de contener el brote de viruela del mono, que ha afectado a casi 17,000 personas en 74 pa\u00edses, anunci\u00f3 su director general.<\/p>\n<p>&nbsp;<\/p>\n<p> <\/p>\n<p>&nbsp;<\/p>\n<p><em>\u201cHe decidido declarar una emergencia de salud p\u00fablica de alcance internacional\u201d,<\/em> dijo Tedros Adhanom Ghebreyesus en una rueda de prensa, afirmando que el riesgo en el mundo es relativamente moderado, salvo en Europa, donde es alto.<\/p>\n<p>&nbsp;<\/p>\n<p>Tedros explic\u00f3 que el comit\u00e9 de expertos no hab\u00eda podido llegar a un consenso y segu\u00eda dividido en cuanto a la necesidad del m\u00e1ximo nivel de alerta. En \u00faltima instancia, la decisi\u00f3n corresponde al director general.<\/p>\n<p>&nbsp;<\/p>\n<p><em>\u201cEs un llamado a la acci\u00f3n, pero no es el primero\u201d<\/em>, dijo Mike Ryan, responsable de emergencias de la OMS, quien esper\u00f3 que la alerta permita una acci\u00f3n colectiva contra la enfermedad.<\/p>\n<blockquote class=\"twitter-tweet\" data-width=\"550\" data-dnt=\"true\">\n<p lang=\"en\" dir=\"ltr\">LIVE: Media briefing on <a href=\"https:\/\/twitter.com\/hashtag\/monkeypox?src=hash&amp;ref_src=twsrc%5Etfw\">#monkeypox<\/a> with <a href=\"https:\/\/twitter.com\/DrTedros?ref_src=twsrc%5Etfw\">@DrTedros<\/a> <a href=\"https:\/\/t.co\/2DkNE1eeoU\">https:\/\/t.co\/2DkNE1eeoU<\/a><\/p>\n<p>&mdash; World Health Organization (WHO) (@WHO) <a href=\"https:\/\/twitter.com\/WHO\/status\/1550844182473805824?ref_src=twsrc%5Etfw\">July 23, 2022<\/a><\/p><\/blockquote>\n<p><script async src=\"https:\/\/platform.twitter.com\/widgets.js\" charset=\"utf-8\"><\/script><\/p>\n<p>Desde principios de mayo, cuando se detect\u00f3 por primera vez fuera de los pa\u00edses africanos donde es end\u00e9mica, la enfermedad ha afectado a m\u00e1s de 16,836 personas en 74 pa\u00edses, seg\u00fan los centros para el control y la prevenci\u00f3n de enfermedades de Estados Unidos (CDC) a fecha de 22 de julio.<\/p>\n<p>&nbsp;<\/p>\n<p>La viruela del mono no es una enfermedad de transmisi\u00f3n sexual, pero fuera de las zonas end\u00e9micas afecta a los hombres que tienen relaciones sexuales con hombres, con algunas excepciones.<\/p>\n<p>&nbsp;<\/p>\n<p>&nbsp;<\/p>\n<p>(Publicada 23\/07\/2022 \/ Con informaci\u00f3n de AFP)<\/p>\n","protected":false},"excerpt":{"rendered":"<p>GINEBRA.\u2014 La Organizaci\u00f3n Mundial de la Salud (OMS) activ\u00f3 el s\u00e1bado su m\u00e1ximo nivel de&#8230;<\/p>\n","protected":false},"author":1,"featured_media":143406,"comment_status":"open","ping_status":"open","sticky":false,"template":"","format":"standard","meta":{"_monsterinsights_skip_tracking":false,"_monsterinsights_sitenote_active":false,"_monsterinsights_sitenote_note":"","_monsterinsights_sitenote_category":0,"footnotes":""},"categories":[2216],"tags":[],"class_list":["post"],"yoast_head":" \n<title>Sonora en Equipo. OMS declara a la viruela del mono como emergencia de salud p\u00fablica internacional Ciencia y Tecnolog\u00eda<\/title>\n<meta name=\"description\" content=\"GINEBRA.\u2014 La Organizaci\u00f3n Mundial de la Salud (OMS) activ\u00f3 el s\u00e1bado su m\u00e1ximo nivel de alerta para tratar de contener el brote de viruela del mono, que En Sonora en Equipo publicamos toda la informaci\u00f3n de Sonora, M\u00e9xico y el Mundo de manera oportuna y busca que la libertad de expresi\u00f3n sea real. Visita nuestro medio informativo publicado desde Hermosillo, Sonora. %\" \/>\n<meta name=\"robots\" content=\"index, follow, max-snippet:-1, max-image-preview:large, max-video-preview:-1\" \/>\n<link rel=\"canonical\" href=\"https:\/\/www.sonoraenequipo.com.mx\/oms-declara-a-la-viruela-del-mono-como-emergencia-de-salud-publica-internacional\/\" \/>\n<meta property=\"og:locale\" content=\"es_ES\" \/>\n<meta property=\"og:type\" content=\"article\" \/>\n<meta property=\"og:title\" content=\"Sonora en Equipo. OMS declara a la viruela del mono como emergencia de salud p\u00fablica internacional Ciencia y Tecnolog\u00eda\" \/>\n<meta property=\"og:description\" content=\"GINEBRA.\u2014 La Organizaci\u00f3n Mundial de la Salud (OMS) activ\u00f3 el s\u00e1bado su m\u00e1ximo nivel de alerta para tratar de contener el brote de viruela del mono, que En Sonora en Equipo publicamos toda la informaci\u00f3n de Sonora, M\u00e9xico y el Mundo de manera oportuna y busca que la libertad de expresi\u00f3n sea real. Visita nuestro medio informativo publicado desde Hermosillo, Sonora. %\" \/>\n<meta property=\"og:url\" content=\"https:\/\/www.sonoraenequipo.com.mx\/oms-declara-a-la-viruela-del-mono-como-emergencia-de-salud-publica-internacional\/\" \/>\n<meta property=\"og:site_name\" content=\"Sonora en Equipo.\" \/>\n<meta property=\"article:publisher\" content=\"https:\/\/www.facebook.com\/SonoraEE\/\" \/>\n<meta property=\"article:author\" content=\"https:\/\/www.facebook.com\/SonoraEE\" \/>\n<meta property=\"article:published_time\" content=\"2022-07-23T15:28:46+00:00\" \/>\n<meta property=\"article:modified_time\" content=\"2022-07-24T02:44:59+00:00\" \/>\n<meta property=\"og:image\" content=\"https:\/\/www.sonoraenequipo.com.mx\/storage\/2022\/07\/viruela-del-mono-ap-archivo.jpg\" \/>\n\t<meta property=\"og:image:width\" content=\"900\" \/>\n\t<meta property=\"og:image:height\" content=\"514\" \/>\n\t<meta property=\"og:image:type\" content=\"image\/jpeg\" \/>\n<meta name=\"author\" content=\"enequipo\" \/>\n<meta name=\"twitter:card\" content=\"summary_large_image\" \/>\n<meta name=\"twitter:creator\" content=\"@sonoraenequipo\" \/>\n<meta name=\"twitter:site\" content=\"@sonoraenequipo\" \/>\n<meta name=\"twitter:label1\" content=\"Escrito por\" \/>\n\t<meta name=\"twitter:data1\" content=\"enequipo\" \/>\n\t<meta name=\"twitter:label2\" content=\"Tiempo de lectura\" \/>\n\t<meta name=\"twitter:data2\" content=\"1 minuto\" \/>\n<script type=\"application\/ld+json\" class=\"yoast-schema-graph\">{\"@context\":\"https:\/\/schema.org\",\"@graph\":[{\"@type\":\"Article\",\"@id\":\"https:\/\/www.sonoraenequipo.com.mx\/oms-declara-a-la-viruela-del-mono-como-emergencia-de-salud-publica-internacional\/#article\",\"isPartOf\":{\"@id\":\"https:\/\/www.sonoraenequipo.com.mx\/oms-declara-a-la-viruela-del-mono-como-emergencia-de-salud-publica-internacional\/\"},\"author\":{\"name\":\"enequipo\",\"@id\":\"https:\/\/www.sonoraenequipo.com.mx\/#\/schema\/person\/50102df0fb23a8fa9e8effad8fa81386\"},\"headline\":\"OMS declara a la viruela del mono como emergencia de salud p\u00fablica internacional\",\"datePublished\":\"2022-07-23T15:28:46+00:00\",\"dateModified\":\"2022-07-24T02:44:59+00:00\",\"mainEntityOfPage\":{\"@id\":\"https:\/\/www.sonoraenequipo.com.mx\/oms-declara-a-la-viruela-del-mono-como-emergencia-de-salud-publica-internacional\/\"},\"wordCount\":271,\"commentCount\":0,\"publisher\":{\"@id\":\"https:\/\/www.sonoraenequipo.com.mx\/#organization\"},\"image\":{\"@id\":\"https:\/\/www.sonoraenequipo.com.mx\/oms-declara-a-la-viruela-del-mono-como-emergencia-de-salud-publica-internacional\/#primaryimage\"},\"thumbnailUrl\":\"https:\/\/www.sonoraenequipo.com.mx\/storage\/2022\/07\/viruela-del-mono-ap-archivo.jpg\",\"articleSection\":[\"Ciencia y Tecnolog\u00eda\"],\"inLanguage\":\"es\",\"potentialAction\":[{\"@type\":\"CommentAction\",\"name\":\"Comment\",\"target\":[\"https:\/\/www.sonoraenequipo.com.mx\/oms-declara-a-la-viruela-del-mono-como-emergencia-de-salud-publica-internacional\/#respond\"]}]},{\"@type\":\"WebPage\",\"@id\":\"https:\/\/www.sonoraenequipo.com.mx\/oms-declara-a-la-viruela-del-mono-como-emergencia-de-salud-publica-internacional\/\",\"url\":\"https:\/\/www.sonoraenequipo.com.mx\/oms-declara-a-la-viruela-del-mono-como-emergencia-de-salud-publica-internacional\/\",\"name\":\"Sonora en Equipo. OMS declara a la viruela del mono como emergencia de salud p\u00fablica internacional Ciencia y Tecnolog\u00eda\",\"isPartOf\":{\"@id\":\"https:\/\/www.sonoraenequipo.com.mx\/#website\"},\"primaryImageOfPage\":{\"@id\":\"https:\/\/www.sonoraenequipo.com.mx\/oms-declara-a-la-viruela-del-mono-como-emergencia-de-salud-publica-internacional\/#primaryimage\"},\"image\":{\"@id\":\"https:\/\/www.sonoraenequipo.com.mx\/oms-declara-a-la-viruela-del-mono-como-emergencia-de-salud-publica-internacional\/#primaryimage\"},\"thumbnailUrl\":\"https:\/\/www.sonoraenequipo.com.mx\/storage\/2022\/07\/viruela-del-mono-ap-archivo.jpg\",\"datePublished\":\"2022-07-23T15:28:46+00:00\",\"dateModified\":\"2022-07-24T02:44:59+00:00\",\"description\":\"GINEBRA.\u2014 La Organizaci\u00f3n Mundial de la Salud (OMS) activ\u00f3 el s\u00e1bado su m\u00e1ximo nivel de alerta para tratar de contener el brote de viruela del mono, que En Sonora en Equipo publicamos toda la informaci\u00f3n de Sonora, M\u00e9xico y el Mundo de manera oportuna y busca que la libertad de expresi\u00f3n sea real. Visita nuestro medio informativo publicado desde Hermosillo, Sonora. %\",\"breadcrumb\":{\"@id\":\"https:\/\/www.sonoraenequipo.com.mx\/oms-declara-a-la-viruela-del-mono-como-emergencia-de-salud-publica-internacional\/#breadcrumb\"},\"inLanguage\":\"es\",\"potentialAction\":[{\"@type\":\"ReadAction\",\"target\":[\"https:\/\/www.sonoraenequipo.com.mx\/oms-declara-a-la-viruela-del-mono-como-emergencia-de-salud-publica-internacional\/\"]}]},{\"@type\":\"ImageObject\",\"inLanguage\":\"es\",\"@id\":\"https:\/\/www.sonoraenequipo.com.mx\/oms-declara-a-la-viruela-del-mono-como-emergencia-de-salud-publica-internacional\/#primaryimage\",\"url\":\"https:\/\/www.sonoraenequipo.com.mx\/storage\/2022\/07\/viruela-del-mono-ap-archivo.jpg\",\"contentUrl\":\"https:\/\/www.sonoraenequipo.com.mx\/storage\/2022\/07\/viruela-del-mono-ap-archivo.jpg\",\"width\":900,\"height\":514},{\"@type\":\"BreadcrumbList\",\"@id\":\"https:\/\/www.sonoraenequipo.com.mx\/oms-declara-a-la-viruela-del-mono-como-emergencia-de-salud-publica-internacional\/#breadcrumb\",\"itemListElement\":[{\"@type\":\"ListItem\",\"position\":1,\"name\":\"Portada\",\"item\":\"https:\/\/www.sonoraenequipo.com.mx\/\"},{\"@type\":\"ListItem\",\"position\":2,\"name\":\"OMS declara a la viruela del mono como emergencia de salud p\u00fablica internacional\"}]},{\"@type\":\"WebSite\",\"@id\":\"https:\/\/www.sonoraenequipo.com.mx\/#website\",\"url\":\"https:\/\/www.sonoraenequipo.com.mx\/\",\"name\":\"Sonora en Equipo.\",\"description\":\"Diario en l\u00ednea con Noticias desde Hermosillo, Sonora\",\"publisher\":{\"@id\":\"https:\/\/www.sonoraenequipo.com.mx\/#organization\"},\"potentialAction\":[{\"@type\":\"SearchAction\",\"target\":{\"@type\":\"EntryPoint\",\"urlTemplate\":\"https:\/\/www.sonoraenequipo.com.mx\/?s={search_term_string}\"},\"query-input\":{\"@type\":\"PropertyValueSpecification\",\"valueRequired\":true,\"valueName\":\"search_term_string\"}}],\"inLanguage\":\"es\"},{\"@type\":\"Organization\",\"@id\":\"https:\/\/www.sonoraenequipo.com.mx\/#organization\",\"name\":\"Sonoraenequipo.com.mx\",\"url\":\"https:\/\/www.sonoraenequipo.com.mx\/\",\"logo\":{\"@type\":\"ImageObject\",\"inLanguage\":\"es\",\"@id\":\"https:\/\/www.sonoraenequipo.com.mx\/#\/schema\/logo\/image\/\",\"url\":\"https:\/\/www.sonoraenequipo.com.mx\/storage\/2019\/01\/sonoraenequipo_opt.png\",\"contentUrl\":\"https:\/\/www.sonoraenequipo.com.mx\/storage\/2019\/01\/sonoraenequipo_opt.png\",\"width\":375,\"height\":125,\"caption\":\"Sonoraenequipo.com.mx\"},\"image\":{\"@id\":\"https:\/\/www.sonoraenequipo.com.mx\/#\/schema\/logo\/image\/\"},\"sameAs\":[\"https:\/\/www.facebook.com\/SonoraEE\/\",\"https:\/\/x.com\/sonoraenequipo\",\"https:\/\/www.youtube.com\/channel\/UC338nW-lPEYmJQs4ZABQ1SQ\"]},{\"@type\":\"Person\",\"@id\":\"https:\/\/www.sonoraenequipo.com.mx\/#\/schema\/person\/50102df0fb23a8fa9e8effad8fa81386\",\"name\":\"enequipo\",\"image\":{\"@type\":\"ImageObject\",\"inLanguage\":\"es\",\"@id\":\"https:\/\/www.sonoraenequipo.com.mx\/#\/schema\/person\/image\/\",\"url\":\"https:\/\/secure.gravatar.com\/avatar\/049821681b589dabc0bc20695993ccebb09f5b5d4d790cd9251b97faac7c652b?s=96&d=blank&r=g\",\"contentUrl\":\"https:\/\/secure.gravatar.com\/avatar\/049821681b589dabc0bc20695993ccebb09f5b5d4d790cd9251b97faac7c652b?s=96&d=blank&r=g\",\"caption\":\"enequipo\"},\"sameAs\":[\"https:\/\/www.facebook.com\/SonoraEE\"]}]}<\/script>\n ","yoast_head_json":{"title":"Sonora en Equipo. OMS declara a la viruela del mono como emergencia de salud p\u00fablica internacional Ciencia y Tecnolog\u00eda","description":"GINEBRA.\u2014 La Organizaci\u00f3n Mundial de la Salud (OMS) activ\u00f3 el s\u00e1bado su m\u00e1ximo nivel de alerta para tratar de contener el brote de viruela del mono, que En Sonora en Equipo publicamos toda la informaci\u00f3n de Sonora, M\u00e9xico y el Mundo de manera oportuna y busca que la libertad de expresi\u00f3n sea real. Visita nuestro medio informativo publicado desde Hermosillo, Sonora. %","robots":{"index":"index","follow":"follow","max-snippet":"max-snippet:-1","max-image-preview":"max-image-preview:large","max-video-preview":"max-video-preview:-1"},"canonical":"https:\/\/www.sonoraenequipo.com.mx\/oms-declara-a-la-viruela-del-mono-como-emergencia-de-salud-publica-internacional\/","og_locale":"es_ES","og_type":"article","og_title":"Sonora en Equipo. OMS declara a la viruela del mono como emergencia de salud p\u00fablica internacional Ciencia y Tecnolog\u00eda","og_description":"GINEBRA.\u2014 La Organizaci\u00f3n Mundial de la Salud (OMS) activ\u00f3 el s\u00e1bado su m\u00e1ximo nivel de alerta para tratar de contener el brote de viruela del mono, que En Sonora en Equipo publicamos toda la informaci\u00f3n de Sonora, M\u00e9xico y el Mundo de manera oportuna y busca que la libertad de expresi\u00f3n sea real. Visita nuestro medio informativo publicado desde Hermosillo, Sonora. %","og_url":"https:\/\/www.sonoraenequipo.com.mx\/oms-declara-a-la-viruela-del-mono-como-emergencia-de-salud-publica-internacional\/","og_site_name":"Sonora en Equipo.","article_publisher":"https:\/\/www.facebook.com\/SonoraEE\/","article_author":"https:\/\/www.facebook.com\/SonoraEE","article_published_time":"2022-07-23T15:28:46+00:00","article_modified_time":"2022-07-24T02:44:59+00:00","og_image":[{"width":900,"height":514,"url":"https:\/\/www.sonoraenequipo.com.mx\/storage\/2022\/07\/viruela-del-mono-ap-archivo.jpg","type":"image\/jpeg"}],"author":"enequipo","twitter_card":"summary_large_image","twitter_creator":"@sonoraenequipo","twitter_site":"@sonoraenequipo","twitter_misc":{"Escrito por":"enequipo","Tiempo de lectura":"1 minuto"},"schema":{"@context":"https:\/\/schema.org","@graph":[{"@type":"Article","@id":"https:\/\/www.sonoraenequipo.com.mx\/oms-declara-a-la-viruela-del-mono-como-emergencia-de-salud-publica-internacional\/#article","isPartOf":{"@id":"https:\/\/www.sonoraenequipo.com.mx\/oms-declara-a-la-viruela-del-mono-como-emergencia-de-salud-publica-internacional\/"},"author":{"name":"enequipo","@id":"https:\/\/www.sonoraenequipo.com.mx\/#\/schema\/person\/50102df0fb23a8fa9e8effad8fa81386"},"headline":"OMS declara a la viruela del mono como emergencia de salud p\u00fablica internacional","datePublished":"2022-07-23T15:28:46+00:00","dateModified":"2022-07-24T02:44:59+00:00","mainEntityOfPage":{"@id":"https:\/\/www.sonoraenequipo.com.mx\/oms-declara-a-la-viruela-del-mono-como-emergencia-de-salud-publica-internacional\/"},"wordCount":271,"commentCount":0,"publisher":{"@id":"https:\/\/www.sonoraenequipo.com.mx\/#organization"},"image":{"@id":"https:\/\/www.sonoraenequipo.com.mx\/oms-declara-a-la-viruela-del-mono-como-emergencia-de-salud-publica-internacional\/#primaryimage"},"thumbnailUrl":"https:\/\/www.sonoraenequipo.com.mx\/storage\/2022\/07\/viruela-del-mono-ap-archivo.jpg","articleSection":["Ciencia y Tecnolog\u00eda"],"inLanguage":"es","potentialAction":[{"@type":"CommentAction","name":"Comment","target":["https:\/\/www.sonoraenequipo.com.mx\/oms-declara-a-la-viruela-del-mono-como-emergencia-de-salud-publica-internacional\/#respond"]}]},{"@type":"WebPage","@id":"https:\/\/www.sonoraenequipo.com.mx\/oms-declara-a-la-viruela-del-mono-como-emergencia-de-salud-publica-internacional\/","url":"https:\/\/www.sonoraenequipo.com.mx\/oms-declara-a-la-viruela-del-mono-como-emergencia-de-salud-publica-internacional\/","name":"Sonora en Equipo. OMS declara a la viruela del mono como emergencia de salud p\u00fablica internacional Ciencia y Tecnolog\u00eda","isPartOf":{"@id":"https:\/\/www.sonoraenequipo.com.mx\/#website"},"primaryImageOfPage":{"@id":"https:\/\/www.sonoraenequipo.com.mx\/oms-declara-a-la-viruela-del-mono-como-emergencia-de-salud-publica-internacional\/#primaryimage"},"image":{"@id":"https:\/\/www.sonoraenequipo.com.mx\/oms-declara-a-la-viruela-del-mono-como-emergencia-de-salud-publica-internacional\/#primaryimage"},"thumbnailUrl":"https:\/\/www.sonoraenequipo.com.mx\/storage\/2022\/07\/viruela-del-mono-ap-archivo.jpg","datePublished":"2022-07-23T15:28:46+00:00","dateModified":"2022-07-24T02:44:59+00:00","description":"GINEBRA.\u2014 La Organizaci\u00f3n Mundial de la Salud (OMS) activ\u00f3 el s\u00e1bado su m\u00e1ximo nivel de alerta para tratar de contener el brote de viruela del mono, que En Sonora en Equipo publicamos toda la informaci\u00f3n de Sonora, M\u00e9xico y el Mundo de manera oportuna y busca que la libertad de expresi\u00f3n sea real. Visita nuestro medio informativo publicado desde Hermosillo, Sonora. %","breadcrumb":{"@id":"https:\/\/www.sonoraenequipo.com.mx\/oms-declara-a-la-viruela-del-mono-como-emergencia-de-salud-publica-internacional\/#breadcrumb"},"inLanguage":"es","potentialAction":[{"@type":"ReadAction","target":["https:\/\/www.sonoraenequipo.com.mx\/oms-declara-a-la-viruela-del-mono-como-emergencia-de-salud-publica-internacional\/"]}]},{"@type":"ImageObject","inLanguage":"es","@id":"https:\/\/www.sonoraenequipo.com.mx\/oms-declara-a-la-viruela-del-mono-como-emergencia-de-salud-publica-internacional\/#primaryimage","url":"https:\/\/www.sonoraenequipo.com.mx\/storage\/2022\/07\/viruela-del-mono-ap-archivo.jpg","contentUrl":"https:\/\/www.sonoraenequipo.com.mx\/storage\/2022\/07\/viruela-del-mono-ap-archivo.jpg","width":900,"height":514},{"@type":"BreadcrumbList","@id":"https:\/\/www.sonoraenequipo.com.mx\/oms-declara-a-la-viruela-del-mono-como-emergencia-de-salud-publica-internacional\/#breadcrumb","itemListElement":[{"@type":"ListItem","position":1,"name":"Portada","item":"https:\/\/www.sonoraenequipo.com.mx\/"},{"@type":"ListItem","position":2,"name":"OMS declara a la viruela del mono como emergencia de salud p\u00fablica internacional"}]},{"@type":"WebSite","@id":"https:\/\/www.sonoraenequipo.com.mx\/#website","url":"https:\/\/www.sonoraenequipo.com.mx\/","name":"Sonora en Equipo.","description":"Diario en l\u00ednea con Noticias desde Hermosillo, Sonora","publisher":{"@id":"https:\/\/www.sonoraenequipo.com.mx\/#organization"},"potentialAction":[{"@type":"SearchAction","target":{"@type":"EntryPoint","urlTemplate":"https:\/\/www.sonoraenequipo.com.mx\/?s={search_term_string}"},"query-input":{"@type":"PropertyValueSpecification","valueRequired":true,"valueName":"search_term_string"}}],"inLanguage":"es"},{"@type":"Organization","@id":"https:\/\/www.sonoraenequipo.com.mx\/#organization","name":"Sonoraenequipo.com.mx","url":"https:\/\/www.sonoraenequipo.com.mx\/","logo":{"@type":"ImageObject","inLanguage":"es","@id":"https:\/\/www.sonoraenequipo.com.mx\/#\/schema\/logo\/image\/","url":"https:\/\/www.sonoraenequipo.com.mx\/storage\/2019\/01\/sonoraenequipo_opt.png","contentUrl":"https:\/\/www.sonoraenequipo.com.mx\/storage\/2019\/01\/sonoraenequipo_opt.png","width":375,"height":125,"caption":"Sonoraenequipo.com.mx"},"image":{"@id":"https:\/\/www.sonoraenequipo.com.mx\/#\/schema\/logo\/image\/"},"sameAs":["https:\/\/www.facebook.com\/SonoraEE\/","https:\/\/x.com\/sonoraenequipo","https:\/\/www.youtube.com\/channel\/UC338nW-lPEYmJQs4ZABQ1SQ"]},{"@type":"Person","@id":"https:\/\/www.sonoraenequipo.com.mx\/#\/schema\/person\/50102df0fb23a8fa9e8effad8fa81386","name":"enequipo","image":{"@type":"ImageObject","inLanguage":"es","@id":"https:\/\/www.sonoraenequipo.com.mx\/#\/schema\/person\/image\/","url":"https:\/\/secure.gravatar.com\/avatar\/049821681b589dabc0bc20695993ccebb09f5b5d4d790cd9251b97faac7c652b?s=96&d=blank&r=g","contentUrl":"https:\/\/secure.gravatar.com\/avatar\/049821681b589dabc0bc20695993ccebb09f5b5d4d790cd9251b97faac7c652b?s=96&d=blank&r=g","caption":"enequipo"},"sameAs":["https:\/\/www.facebook.com\/SonoraEE"]}]}},"jetpack_featured_media_url":"https:\/\/www.sonoraenequipo.com.mx\/storage\/2022\/07\/viruela-del-mono-ap-archivo.jpg","_links":{"self":[{"href":"https:\/\/www.sonoraenequipo.com.mx\/api\/wp\/v2\/posts\/143417","targetHints":{"allow":["GET"]}}],"collection":[{"href":"https:\/\/www.sonoraenequipo.com.mx\/api\/wp\/v2\/posts"}],"about":[{"href":"https:\/\/www.sonoraenequipo.com.mx\/api\/wp\/v2\/types\/post"}],"author":[{"embeddable":true,"href":"https:\/\/www.sonoraenequipo.com.mx\/api\/wp\/v2\/users\/1"}],"replies":[{"embeddable":true,"href":"https:\/\/www.sonoraenequipo.com.mx\/api\/wp\/v2\/comments?post=143417"}],"version-history":[{"count":1,"href":"https:\/\/www.sonoraenequipo.com.mx\/api\/wp\/v2\/posts\/143417\/revisions"}],"predecessor-version":[{"id":143418,"href":"https:\/\/www.sonoraenequipo.com.mx\/api\/wp\/v2\/posts\/143417\/revisions\/143418"}],"wp:featuredmedia":[{"embeddable":true,"href":"https:\/\/www.sonoraenequipo.com.mx\/api\/wp\/v2\/media\/143406"}],"wp:attachment":[{"href":"https:\/\/www.sonoraenequipo.com.mx\/api\/wp\/v2\/media?parent=143417"}],"wp:term":[{"taxonomy":"category","embeddable":true,"href":"https:\/\/www.sonoraenequipo.com.mx\/api\/wp\/v2\/categories?post=143417"},{"taxonomy":"post_tag","embeddable":true,"href":"https:\/\/www.sonoraenequipo.com.mx\/api\/wp\/v2\/tags?post=143417"}],"curies":[{"name":"wp","href":"https:\/\/api.w.org\/{rel}","templated":true}]}}