{"id":143812,"date":"2022-07-30T07:40:46","date_gmt":"2022-07-30T14:40:46","guid":{"rendered":"https:\/\/www.sonoraenequipo.com.mx\/?p=143812"},"modified":"2022-07-30T11:03:51","modified_gmt":"2022-07-30T18:03:51","slug":"hombre-de-24-anos-primer-caso-de-viruela-del-mono-en-baja-california-sur","status":"publish","type":"post","link":"https:\/\/www.sonoraenequipo.com.mx\/hombre-de-24-anos-primer-caso-de-viruela-del-mono-en-baja-california-sur\/","title":{"rendered":"Hombre de 24 a\u00f1os, primer caso de viruela del mono en Baja California Sur"},"content":{"rendered":"<p><strong>LOS CABOS, BAJA CALIFORNIA. MX.\u2014<\/strong> El Gobierno de Baja California Sur confirm\u00f3 el primer caso de viruela del mono en la entidad; se trata de un hombre de 24 a\u00f1os, residente del municipio de Los Cabos, a quien ya se ha puesto en resguardo domiciliario y se le mantiene en vigilancia epidemiol\u00f3gica.<\/p>\n<p>&nbsp;<\/p>\n<p> <\/p>\n<p>&nbsp;<\/p>\n<p>\u201cConforme lo indica la gu\u00eda para el manejo m\u00e9dico de los casos de viruela s\u00edmica emitida por autoridad federal, esta incidencia se corrobor\u00f3 mediante una prueba de laboratorio que se proces\u00f3 en el Instituto de Diagn\u00f3stico y Referencia Epidemiol\u00f3gicos (InDRE)\u201d, afirm\u00f3 la secretaria de Salud estatal, Zazil Flores Aldape.<\/p>\n<p>&nbsp;<\/p>\n<p>La funcionaria resalt\u00f3 que el paciente fue muestreado en d\u00edas pasados al presentar sintomatolog\u00eda asociada a la viruela del mono, como erupciones cut\u00e1neas, dolor de cabeza, espalda y cuerpo, inflamaci\u00f3n de ganglios y cansancio.<\/p>\n<p>&nbsp;<\/p>\n<p>Aunado a ello, dijo, se conoci\u00f3 del antecedente de que este paciente hab\u00eda convivido en el extranjero durante los primeros d\u00edas de julio con una persona, quien a su vez en los 15 d\u00edas previos curs\u00f3 con un diagn\u00f3stico positivo a esta enfermedad.<\/p>\n<p>&nbsp;<\/p>\n<p>Flores Aldape asegur\u00f3 que el paciente se encuentra en monitoreo m\u00e9dico con apego a las medidas de prevenci\u00f3n y control de infecciones en su domicilio, a trav\u00e9s del \u00e1rea de Epidemiolog\u00eda, a fin de cortar las cadenas de transmisi\u00f3n. Hasta el momento \u2013abund\u00f3\u2013 \u201cno se tienen incidencias adicionales\u201d.<\/p>\n<p>&nbsp;<\/p>\n<p>La secretaria de Salud de Baja California Sur hizo un llamado a la poblaci\u00f3n a que si presenta s\u00edntomas de alerta asociadas a la enfermedad de viruela del mono, acudan de inmediato a la consulta m\u00e9dica.<\/p>\n<p>&nbsp;<\/p>\n<p>&nbsp;<\/p>\n<p>Publicada 30\/07\/2022<\/p>\n","protected":false},"excerpt":{"rendered":"<p>LOS CABOS, BAJA CALIFORNIA. MX.\u2014 El Gobierno de Baja California Sur confirm\u00f3 el primer caso&#8230;<\/p>\n","protected":false},"author":1,"featured_media":143815,"comment_status":"open","ping_status":"open","sticky":false,"template":"","format":"standard","meta":{"_monsterinsights_skip_tracking":false,"_monsterinsights_sitenote_active":false,"_monsterinsights_sitenote_note":"","_monsterinsights_sitenote_category":0,"footnotes":""},"categories":[5],"tags":[],"class_list":["post"],"yoast_head":" \n<title>Sonora en Equipo. Hombre de 24 a\u00f1os, primer caso de viruela del mono en Baja California Sur Rep\u00fablica<\/title>\n<meta name=\"description\" content=\"LOS CABOS, BAJA CALIFORNIA. MX.\u2014 El Gobierno de Baja California Sur confirm\u00f3 el primer caso de viruela del mono en la entidad; se trata de un hombre de 24 En Sonora en Equipo publicamos toda la informaci\u00f3n de Sonora, M\u00e9xico y el Mundo de manera oportuna y busca que la libertad de expresi\u00f3n sea real. Visita nuestro medio informativo publicado desde Hermosillo, Sonora. %\" \/>\n<meta name=\"robots\" content=\"index, follow, max-snippet:-1, max-image-preview:large, max-video-preview:-1\" \/>\n<link rel=\"canonical\" href=\"https:\/\/www.sonoraenequipo.com.mx\/hombre-de-24-anos-primer-caso-de-viruela-del-mono-en-baja-california-sur\/\" \/>\n<meta property=\"og:locale\" content=\"es_ES\" \/>\n<meta property=\"og:type\" content=\"article\" \/>\n<meta property=\"og:title\" content=\"Sonora en Equipo. Hombre de 24 a\u00f1os, primer caso de viruela del mono en Baja California Sur Rep\u00fablica\" \/>\n<meta property=\"og:description\" content=\"LOS CABOS, BAJA CALIFORNIA. MX.\u2014 El Gobierno de Baja California Sur confirm\u00f3 el primer caso de viruela del mono en la entidad; se trata de un hombre de 24 En Sonora en Equipo publicamos toda la informaci\u00f3n de Sonora, M\u00e9xico y el Mundo de manera oportuna y busca que la libertad de expresi\u00f3n sea real. Visita nuestro medio informativo publicado desde Hermosillo, Sonora. %\" \/>\n<meta property=\"og:url\" content=\"https:\/\/www.sonoraenequipo.com.mx\/hombre-de-24-anos-primer-caso-de-viruela-del-mono-en-baja-california-sur\/\" \/>\n<meta property=\"og:site_name\" content=\"Sonora en Equipo.\" \/>\n<meta property=\"article:publisher\" content=\"https:\/\/www.facebook.com\/SonoraEE\/\" \/>\n<meta property=\"article:author\" content=\"https:\/\/www.facebook.com\/SonoraEE\" \/>\n<meta property=\"article:published_time\" content=\"2022-07-30T14:40:46+00:00\" \/>\n<meta property=\"article:modified_time\" content=\"2022-07-30T18:03:51+00:00\" \/>\n<meta property=\"og:image\" content=\"https:\/\/www.sonoraenequipo.com.mx\/storage\/2022\/07\/aviruelamono.jpg\" \/>\n\t<meta property=\"og:image:width\" content=\"750\" \/>\n\t<meta property=\"og:image:height\" content=\"429\" \/>\n\t<meta property=\"og:image:type\" content=\"image\/jpeg\" \/>\n<meta name=\"author\" content=\"enequipo\" \/>\n<meta name=\"twitter:card\" content=\"summary_large_image\" \/>\n<meta name=\"twitter:creator\" content=\"@sonoraenequipo\" \/>\n<meta name=\"twitter:site\" content=\"@sonoraenequipo\" \/>\n<meta name=\"twitter:label1\" content=\"Escrito por\" \/>\n\t<meta name=\"twitter:data1\" content=\"enequipo\" \/>\n\t<meta name=\"twitter:label2\" content=\"Tiempo de lectura\" \/>\n\t<meta name=\"twitter:data2\" content=\"2 minutos\" \/>\n<script type=\"application\/ld+json\" class=\"yoast-schema-graph\">{\"@context\":\"https:\/\/schema.org\",\"@graph\":[{\"@type\":\"Article\",\"@id\":\"https:\/\/www.sonoraenequipo.com.mx\/hombre-de-24-anos-primer-caso-de-viruela-del-mono-en-baja-california-sur\/#article\",\"isPartOf\":{\"@id\":\"https:\/\/www.sonoraenequipo.com.mx\/hombre-de-24-anos-primer-caso-de-viruela-del-mono-en-baja-california-sur\/\"},\"author\":{\"name\":\"enequipo\",\"@id\":\"https:\/\/www.sonoraenequipo.com.mx\/#\/schema\/person\/50102df0fb23a8fa9e8effad8fa81386\"},\"headline\":\"Hombre de 24 a\u00f1os, primer caso de viruela del mono en Baja California Sur\",\"datePublished\":\"2022-07-30T14:40:46+00:00\",\"dateModified\":\"2022-07-30T18:03:51+00:00\",\"mainEntityOfPage\":{\"@id\":\"https:\/\/www.sonoraenequipo.com.mx\/hombre-de-24-anos-primer-caso-de-viruela-del-mono-en-baja-california-sur\/\"},\"wordCount\":306,\"commentCount\":0,\"publisher\":{\"@id\":\"https:\/\/www.sonoraenequipo.com.mx\/#organization\"},\"image\":{\"@id\":\"https:\/\/www.sonoraenequipo.com.mx\/hombre-de-24-anos-primer-caso-de-viruela-del-mono-en-baja-california-sur\/#primaryimage\"},\"thumbnailUrl\":\"https:\/\/www.sonoraenequipo.com.mx\/storage\/2022\/07\/aviruelamono.jpg\",\"articleSection\":[\"Rep\u00fablica\"],\"inLanguage\":\"es\",\"potentialAction\":[{\"@type\":\"CommentAction\",\"name\":\"Comment\",\"target\":[\"https:\/\/www.sonoraenequipo.com.mx\/hombre-de-24-anos-primer-caso-de-viruela-del-mono-en-baja-california-sur\/#respond\"]}]},{\"@type\":\"WebPage\",\"@id\":\"https:\/\/www.sonoraenequipo.com.mx\/hombre-de-24-anos-primer-caso-de-viruela-del-mono-en-baja-california-sur\/\",\"url\":\"https:\/\/www.sonoraenequipo.com.mx\/hombre-de-24-anos-primer-caso-de-viruela-del-mono-en-baja-california-sur\/\",\"name\":\"Sonora en Equipo. Hombre de 24 a\u00f1os, primer caso de viruela del mono en Baja California Sur Rep\u00fablica\",\"isPartOf\":{\"@id\":\"https:\/\/www.sonoraenequipo.com.mx\/#website\"},\"primaryImageOfPage\":{\"@id\":\"https:\/\/www.sonoraenequipo.com.mx\/hombre-de-24-anos-primer-caso-de-viruela-del-mono-en-baja-california-sur\/#primaryimage\"},\"image\":{\"@id\":\"https:\/\/www.sonoraenequipo.com.mx\/hombre-de-24-anos-primer-caso-de-viruela-del-mono-en-baja-california-sur\/#primaryimage\"},\"thumbnailUrl\":\"https:\/\/www.sonoraenequipo.com.mx\/storage\/2022\/07\/aviruelamono.jpg\",\"datePublished\":\"2022-07-30T14:40:46+00:00\",\"dateModified\":\"2022-07-30T18:03:51+00:00\",\"description\":\"LOS CABOS, BAJA CALIFORNIA. MX.\u2014 El Gobierno de Baja California Sur confirm\u00f3 el primer caso de viruela del mono en la entidad; se trata de un hombre de 24 En Sonora en Equipo publicamos toda la informaci\u00f3n de Sonora, M\u00e9xico y el Mundo de manera oportuna y busca que la libertad de expresi\u00f3n sea real. Visita nuestro medio informativo publicado desde Hermosillo, Sonora. %\",\"breadcrumb\":{\"@id\":\"https:\/\/www.sonoraenequipo.com.mx\/hombre-de-24-anos-primer-caso-de-viruela-del-mono-en-baja-california-sur\/#breadcrumb\"},\"inLanguage\":\"es\",\"potentialAction\":[{\"@type\":\"ReadAction\",\"target\":[\"https:\/\/www.sonoraenequipo.com.mx\/hombre-de-24-anos-primer-caso-de-viruela-del-mono-en-baja-california-sur\/\"]}]},{\"@type\":\"ImageObject\",\"inLanguage\":\"es\",\"@id\":\"https:\/\/www.sonoraenequipo.com.mx\/hombre-de-24-anos-primer-caso-de-viruela-del-mono-en-baja-california-sur\/#primaryimage\",\"url\":\"https:\/\/www.sonoraenequipo.com.mx\/storage\/2022\/07\/aviruelamono.jpg\",\"contentUrl\":\"https:\/\/www.sonoraenequipo.com.mx\/storage\/2022\/07\/aviruelamono.jpg\",\"width\":750,\"height\":429},{\"@type\":\"BreadcrumbList\",\"@id\":\"https:\/\/www.sonoraenequipo.com.mx\/hombre-de-24-anos-primer-caso-de-viruela-del-mono-en-baja-california-sur\/#breadcrumb\",\"itemListElement\":[{\"@type\":\"ListItem\",\"position\":1,\"name\":\"Portada\",\"item\":\"https:\/\/www.sonoraenequipo.com.mx\/\"},{\"@type\":\"ListItem\",\"position\":2,\"name\":\"Hombre de 24 a\u00f1os, primer caso de viruela del mono en Baja California Sur\"}]},{\"@type\":\"WebSite\",\"@id\":\"https:\/\/www.sonoraenequipo.com.mx\/#website\",\"url\":\"https:\/\/www.sonoraenequipo.com.mx\/\",\"name\":\"Sonora en Equipo.\",\"description\":\"Diario en l\u00ednea con Noticias desde Hermosillo, Sonora\",\"publisher\":{\"@id\":\"https:\/\/www.sonoraenequipo.com.mx\/#organization\"},\"potentialAction\":[{\"@type\":\"SearchAction\",\"target\":{\"@type\":\"EntryPoint\",\"urlTemplate\":\"https:\/\/www.sonoraenequipo.com.mx\/?s={search_term_string}\"},\"query-input\":{\"@type\":\"PropertyValueSpecification\",\"valueRequired\":true,\"valueName\":\"search_term_string\"}}],\"inLanguage\":\"es\"},{\"@type\":\"Organization\",\"@id\":\"https:\/\/www.sonoraenequipo.com.mx\/#organization\",\"name\":\"Sonoraenequipo.com.mx\",\"url\":\"https:\/\/www.sonoraenequipo.com.mx\/\",\"logo\":{\"@type\":\"ImageObject\",\"inLanguage\":\"es\",\"@id\":\"https:\/\/www.sonoraenequipo.com.mx\/#\/schema\/logo\/image\/\",\"url\":\"https:\/\/www.sonoraenequipo.com.mx\/storage\/2019\/01\/sonoraenequipo_opt.png\",\"contentUrl\":\"https:\/\/www.sonoraenequipo.com.mx\/storage\/2019\/01\/sonoraenequipo_opt.png\",\"width\":375,\"height\":125,\"caption\":\"Sonoraenequipo.com.mx\"},\"image\":{\"@id\":\"https:\/\/www.sonoraenequipo.com.mx\/#\/schema\/logo\/image\/\"},\"sameAs\":[\"https:\/\/www.facebook.com\/SonoraEE\/\",\"https:\/\/x.com\/sonoraenequipo\",\"https:\/\/www.youtube.com\/channel\/UC338nW-lPEYmJQs4ZABQ1SQ\"]},{\"@type\":\"Person\",\"@id\":\"https:\/\/www.sonoraenequipo.com.mx\/#\/schema\/person\/50102df0fb23a8fa9e8effad8fa81386\",\"name\":\"enequipo\",\"image\":{\"@type\":\"ImageObject\",\"inLanguage\":\"es\",\"@id\":\"https:\/\/www.sonoraenequipo.com.mx\/#\/schema\/person\/image\/\",\"url\":\"https:\/\/secure.gravatar.com\/avatar\/049821681b589dabc0bc20695993ccebb09f5b5d4d790cd9251b97faac7c652b?s=96&d=blank&r=g\",\"contentUrl\":\"https:\/\/secure.gravatar.com\/avatar\/049821681b589dabc0bc20695993ccebb09f5b5d4d790cd9251b97faac7c652b?s=96&d=blank&r=g\",\"caption\":\"enequipo\"},\"sameAs\":[\"https:\/\/www.facebook.com\/SonoraEE\"]}]}<\/script>\n ","yoast_head_json":{"title":"Sonora en Equipo. Hombre de 24 a\u00f1os, primer caso de viruela del mono en Baja California Sur Rep\u00fablica","description":"LOS CABOS, BAJA CALIFORNIA. MX.\u2014 El Gobierno de Baja California Sur confirm\u00f3 el primer caso de viruela del mono en la entidad; se trata de un hombre de 24 En Sonora en Equipo publicamos toda la informaci\u00f3n de Sonora, M\u00e9xico y el Mundo de manera oportuna y busca que la libertad de expresi\u00f3n sea real. Visita nuestro medio informativo publicado desde Hermosillo, Sonora. %","robots":{"index":"index","follow":"follow","max-snippet":"max-snippet:-1","max-image-preview":"max-image-preview:large","max-video-preview":"max-video-preview:-1"},"canonical":"https:\/\/www.sonoraenequipo.com.mx\/hombre-de-24-anos-primer-caso-de-viruela-del-mono-en-baja-california-sur\/","og_locale":"es_ES","og_type":"article","og_title":"Sonora en Equipo. Hombre de 24 a\u00f1os, primer caso de viruela del mono en Baja California Sur Rep\u00fablica","og_description":"LOS CABOS, BAJA CALIFORNIA. MX.\u2014 El Gobierno de Baja California Sur confirm\u00f3 el primer caso de viruela del mono en la entidad; se trata de un hombre de 24 En Sonora en Equipo publicamos toda la informaci\u00f3n de Sonora, M\u00e9xico y el Mundo de manera oportuna y busca que la libertad de expresi\u00f3n sea real. Visita nuestro medio informativo publicado desde Hermosillo, Sonora. %","og_url":"https:\/\/www.sonoraenequipo.com.mx\/hombre-de-24-anos-primer-caso-de-viruela-del-mono-en-baja-california-sur\/","og_site_name":"Sonora en Equipo.","article_publisher":"https:\/\/www.facebook.com\/SonoraEE\/","article_author":"https:\/\/www.facebook.com\/SonoraEE","article_published_time":"2022-07-30T14:40:46+00:00","article_modified_time":"2022-07-30T18:03:51+00:00","og_image":[{"width":750,"height":429,"url":"https:\/\/www.sonoraenequipo.com.mx\/storage\/2022\/07\/aviruelamono.jpg","type":"image\/jpeg"}],"author":"enequipo","twitter_card":"summary_large_image","twitter_creator":"@sonoraenequipo","twitter_site":"@sonoraenequipo","twitter_misc":{"Escrito por":"enequipo","Tiempo de lectura":"2 minutos"},"schema":{"@context":"https:\/\/schema.org","@graph":[{"@type":"Article","@id":"https:\/\/www.sonoraenequipo.com.mx\/hombre-de-24-anos-primer-caso-de-viruela-del-mono-en-baja-california-sur\/#article","isPartOf":{"@id":"https:\/\/www.sonoraenequipo.com.mx\/hombre-de-24-anos-primer-caso-de-viruela-del-mono-en-baja-california-sur\/"},"author":{"name":"enequipo","@id":"https:\/\/www.sonoraenequipo.com.mx\/#\/schema\/person\/50102df0fb23a8fa9e8effad8fa81386"},"headline":"Hombre de 24 a\u00f1os, primer caso de viruela del mono en Baja California Sur","datePublished":"2022-07-30T14:40:46+00:00","dateModified":"2022-07-30T18:03:51+00:00","mainEntityOfPage":{"@id":"https:\/\/www.sonoraenequipo.com.mx\/hombre-de-24-anos-primer-caso-de-viruela-del-mono-en-baja-california-sur\/"},"wordCount":306,"commentCount":0,"publisher":{"@id":"https:\/\/www.sonoraenequipo.com.mx\/#organization"},"image":{"@id":"https:\/\/www.sonoraenequipo.com.mx\/hombre-de-24-anos-primer-caso-de-viruela-del-mono-en-baja-california-sur\/#primaryimage"},"thumbnailUrl":"https:\/\/www.sonoraenequipo.com.mx\/storage\/2022\/07\/aviruelamono.jpg","articleSection":["Rep\u00fablica"],"inLanguage":"es","potentialAction":[{"@type":"CommentAction","name":"Comment","target":["https:\/\/www.sonoraenequipo.com.mx\/hombre-de-24-anos-primer-caso-de-viruela-del-mono-en-baja-california-sur\/#respond"]}]},{"@type":"WebPage","@id":"https:\/\/www.sonoraenequipo.com.mx\/hombre-de-24-anos-primer-caso-de-viruela-del-mono-en-baja-california-sur\/","url":"https:\/\/www.sonoraenequipo.com.mx\/hombre-de-24-anos-primer-caso-de-viruela-del-mono-en-baja-california-sur\/","name":"Sonora en Equipo. Hombre de 24 a\u00f1os, primer caso de viruela del mono en Baja California Sur Rep\u00fablica","isPartOf":{"@id":"https:\/\/www.sonoraenequipo.com.mx\/#website"},"primaryImageOfPage":{"@id":"https:\/\/www.sonoraenequipo.com.mx\/hombre-de-24-anos-primer-caso-de-viruela-del-mono-en-baja-california-sur\/#primaryimage"},"image":{"@id":"https:\/\/www.sonoraenequipo.com.mx\/hombre-de-24-anos-primer-caso-de-viruela-del-mono-en-baja-california-sur\/#primaryimage"},"thumbnailUrl":"https:\/\/www.sonoraenequipo.com.mx\/storage\/2022\/07\/aviruelamono.jpg","datePublished":"2022-07-30T14:40:46+00:00","dateModified":"2022-07-30T18:03:51+00:00","description":"LOS CABOS, BAJA CALIFORNIA. MX.\u2014 El Gobierno de Baja California Sur confirm\u00f3 el primer caso de viruela del mono en la entidad; se trata de un hombre de 24 En Sonora en Equipo publicamos toda la informaci\u00f3n de Sonora, M\u00e9xico y el Mundo de manera oportuna y busca que la libertad de expresi\u00f3n sea real. Visita nuestro medio informativo publicado desde Hermosillo, Sonora. %","breadcrumb":{"@id":"https:\/\/www.sonoraenequipo.com.mx\/hombre-de-24-anos-primer-caso-de-viruela-del-mono-en-baja-california-sur\/#breadcrumb"},"inLanguage":"es","potentialAction":[{"@type":"ReadAction","target":["https:\/\/www.sonoraenequipo.com.mx\/hombre-de-24-anos-primer-caso-de-viruela-del-mono-en-baja-california-sur\/"]}]},{"@type":"ImageObject","inLanguage":"es","@id":"https:\/\/www.sonoraenequipo.com.mx\/hombre-de-24-anos-primer-caso-de-viruela-del-mono-en-baja-california-sur\/#primaryimage","url":"https:\/\/www.sonoraenequipo.com.mx\/storage\/2022\/07\/aviruelamono.jpg","contentUrl":"https:\/\/www.sonoraenequipo.com.mx\/storage\/2022\/07\/aviruelamono.jpg","width":750,"height":429},{"@type":"BreadcrumbList","@id":"https:\/\/www.sonoraenequipo.com.mx\/hombre-de-24-anos-primer-caso-de-viruela-del-mono-en-baja-california-sur\/#breadcrumb","itemListElement":[{"@type":"ListItem","position":1,"name":"Portada","item":"https:\/\/www.sonoraenequipo.com.mx\/"},{"@type":"ListItem","position":2,"name":"Hombre de 24 a\u00f1os, primer caso de viruela del mono en Baja California Sur"}]},{"@type":"WebSite","@id":"https:\/\/www.sonoraenequipo.com.mx\/#website","url":"https:\/\/www.sonoraenequipo.com.mx\/","name":"Sonora en Equipo.","description":"Diario en l\u00ednea con Noticias desde Hermosillo, Sonora","publisher":{"@id":"https:\/\/www.sonoraenequipo.com.mx\/#organization"},"potentialAction":[{"@type":"SearchAction","target":{"@type":"EntryPoint","urlTemplate":"https:\/\/www.sonoraenequipo.com.mx\/?s={search_term_string}"},"query-input":{"@type":"PropertyValueSpecification","valueRequired":true,"valueName":"search_term_string"}}],"inLanguage":"es"},{"@type":"Organization","@id":"https:\/\/www.sonoraenequipo.com.mx\/#organization","name":"Sonoraenequipo.com.mx","url":"https:\/\/www.sonoraenequipo.com.mx\/","logo":{"@type":"ImageObject","inLanguage":"es","@id":"https:\/\/www.sonoraenequipo.com.mx\/#\/schema\/logo\/image\/","url":"https:\/\/www.sonoraenequipo.com.mx\/storage\/2019\/01\/sonoraenequipo_opt.png","contentUrl":"https:\/\/www.sonoraenequipo.com.mx\/storage\/2019\/01\/sonoraenequipo_opt.png","width":375,"height":125,"caption":"Sonoraenequipo.com.mx"},"image":{"@id":"https:\/\/www.sonoraenequipo.com.mx\/#\/schema\/logo\/image\/"},"sameAs":["https:\/\/www.facebook.com\/SonoraEE\/","https:\/\/x.com\/sonoraenequipo","https:\/\/www.youtube.com\/channel\/UC338nW-lPEYmJQs4ZABQ1SQ"]},{"@type":"Person","@id":"https:\/\/www.sonoraenequipo.com.mx\/#\/schema\/person\/50102df0fb23a8fa9e8effad8fa81386","name":"enequipo","image":{"@type":"ImageObject","inLanguage":"es","@id":"https:\/\/www.sonoraenequipo.com.mx\/#\/schema\/person\/image\/","url":"https:\/\/secure.gravatar.com\/avatar\/049821681b589dabc0bc20695993ccebb09f5b5d4d790cd9251b97faac7c652b?s=96&d=blank&r=g","contentUrl":"https:\/\/secure.gravatar.com\/avatar\/049821681b589dabc0bc20695993ccebb09f5b5d4d790cd9251b97faac7c652b?s=96&d=blank&r=g","caption":"enequipo"},"sameAs":["https:\/\/www.facebook.com\/SonoraEE"]}]}},"jetpack_featured_media_url":"https:\/\/www.sonoraenequipo.com.mx\/storage\/2022\/07\/aviruelamono.jpg","_links":{"self":[{"href":"https:\/\/www.sonoraenequipo.com.mx\/api\/wp\/v2\/posts\/143812","targetHints":{"allow":["GET"]}}],"collection":[{"href":"https:\/\/www.sonoraenequipo.com.mx\/api\/wp\/v2\/posts"}],"about":[{"href":"https:\/\/www.sonoraenequipo.com.mx\/api\/wp\/v2\/types\/post"}],"author":[{"embeddable":true,"href":"https:\/\/www.sonoraenequipo.com.mx\/api\/wp\/v2\/users\/1"}],"replies":[{"embeddable":true,"href":"https:\/\/www.sonoraenequipo.com.mx\/api\/wp\/v2\/comments?post=143812"}],"version-history":[{"count":1,"href":"https:\/\/www.sonoraenequipo.com.mx\/api\/wp\/v2\/posts\/143812\/revisions"}],"predecessor-version":[{"id":143816,"href":"https:\/\/www.sonoraenequipo.com.mx\/api\/wp\/v2\/posts\/143812\/revisions\/143816"}],"wp:featuredmedia":[{"embeddable":true,"href":"https:\/\/www.sonoraenequipo.com.mx\/api\/wp\/v2\/media\/143815"}],"wp:attachment":[{"href":"https:\/\/www.sonoraenequipo.com.mx\/api\/wp\/v2\/media?parent=143812"}],"wp:term":[{"taxonomy":"category","embeddable":true,"href":"https:\/\/www.sonoraenequipo.com.mx\/api\/wp\/v2\/categories?post=143812"},{"taxonomy":"post_tag","embeddable":true,"href":"https:\/\/www.sonoraenequipo.com.mx\/api\/wp\/v2\/tags?post=143812"}],"curies":[{"name":"wp","href":"https:\/\/api.w.org\/{rel}","templated":true}]}}