{"id":143821,"date":"2022-07-30T10:03:21","date_gmt":"2022-07-30T17:03:21","guid":{"rendered":"https:\/\/www.sonoraenequipo.com.mx\/?p=143821"},"modified":"2022-07-30T22:25:37","modified_gmt":"2022-07-31T05:25:37","slug":"papa-francisco-no-es-una-catastrofe-la-posibilidad-de-una-renuncia","status":"publish","type":"post","link":"https:\/\/www.sonoraenequipo.com.mx\/papa-francisco-no-es-una-catastrofe-la-posibilidad-de-una-renuncia\/","title":{"rendered":"Papa Francisco: \u201cNo es una cat\u00e1strofe\u201d la posibilidad de una renuncia"},"content":{"rendered":"<p>CIUDAD DE EL VATICANO.\u2500\u2500 El Papa Francisco asegur\u00f3 hoy que \u201cno es una cat\u00e1strofe\u201d considerar \u201cla posibilidad de hacerme a un lado\u201d y dejar el Pontificado.<\/p>\n<p>&nbsp;<\/p>\n<p>Al ser consultado por la periodista mexicana Valentina Alazraki sobre sus futuros viajes y las \u201climitaciones\u201d de su salud, en la rueda de prensa a su regreso del viaje apost\u00f3lico a Canad\u00e1, el Santo Padre dijo que \u201cno creo que pueda andar con el mismo ritmo de viajes que antes\u201d.<\/p>\n<p>&nbsp;<\/p>\n<p>\u201cCreo que a mi edad y con esta limitaci\u00f3n debo medirme un poco para poder servir a la Iglesia, o al contrario pensar en la posibilidad de hacerme a un lado\u201d, se\u00f1al\u00f3.<\/p>\n<p>&nbsp;<\/p>\n<p>\u201cEsto no tiene nada de extra\u00f1o, no es una cat\u00e1strofe\u201d, subray\u00f3, a\u00f1adiendo que \u201cse puede cambiar Papa\u2026 se puede cambiar, no hay problema. Pero creo que debo limitarme un poco con estos esfuerzos\u201d.<\/p>\n<p>&nbsp;<\/p>\n<p>Sobre la posibilidad de una \u201cintervenci\u00f3n quir\u00fargica\u201d para su rodilla, el Santo Padre dijo que \u201cno va en mi caso. Los t\u00e9cnicos dicen que s\u00ed, pero est\u00e1 todo el problema de la anestesia\u201d.<\/p>\n<p>&nbsp;<\/p>\n<p>El Papa record\u00f3 que \u201chace diez meses estuve m\u00e1s de seis horas con anestesia y a\u00fan hay secuelas. No se juega, no se bromea con la anestesia\u201d.<\/p>\n<p>&nbsp;<\/p>\n<p>\u201cY por esto se piensa que no es del todo conveniente, pero tratar\u00e9 de seguir haciendo los viajes para estar cerca a la gente, porque creo que es un modo de servir, la cercan\u00eda, pero m\u00e1s all\u00e1 de esto no digo nada. Esperemos. \u00bfA M\u00e9xico no hay ning\u00fan viaje todav\u00eda, no?\u201d, a\u00f1adi\u00f3.<\/p>\n<p>&nbsp;<\/p>\n<p>En una pregunta posterior, el Papa Francisco dijo que est\u00e1 disponible a \u201clo que el Se\u00f1or diga. El Se\u00f1or puede decir que renuncie. Es el Se\u00f1or quien manda\u201d.<\/p>\n<p>&nbsp;<\/p>\n<p>Para el Santo Padre, \u201cla forma de vida religiosa de un jesuita\u201d implica \u201cestar en discernimiento espiritual para tomar decisiones, para elegir caminos, para discernir compromisos tambi\u00e9n\u201d.<\/p>\n<p>&nbsp;<\/p>\n<p>&nbsp;<\/p>\n<p>\u201cEl discernimiento es clave en la vocaci\u00f3n del jesuita. Esto es importante. San Ignacio fue muy fino en esto, porque fue su propia experiencia de discernimiento espiritual la que le llev\u00f3 a la conversi\u00f3n\u201d.<\/p>\n<p>&nbsp;<\/p>\n<p>\u201cEl jesuita debe ser por vocaci\u00f3n un hombre de discernimiento. Discernir las situaciones, discernir la conciencia, discernir las decisiones por tomar. Y para ello debe estar abierto a lo que el Se\u00f1or le pida. Esta es un poco de nuestra espiritualidad\u201d, expres\u00f3.<\/p>\n<p><strong><u>Fecha de Publicaci\u00f3n 30 de julio de 2022 <\/u><\/strong><\/p>\n<p>Por David Ramos \/ ACI Prensa<\/p>\n","protected":false},"excerpt":{"rendered":"<p>CIUDAD DE EL VATICANO.\u2500\u2500 El Papa Francisco asegur\u00f3 hoy que \u201cno es una cat\u00e1strofe\u201d considerar&#8230;<\/p>\n","protected":false},"author":1,"featured_media":143822,"comment_status":"open","ping_status":"open","sticky":false,"template":"","format":"standard","meta":{"_monsterinsights_skip_tracking":false,"_monsterinsights_sitenote_active":false,"_monsterinsights_sitenote_note":"","_monsterinsights_sitenote_category":0,"footnotes":""},"categories":[3],"tags":[579,3463],"class_list":["post"],"yoast_head":" \n<title>Sonora en Equipo. Papa Francisco: \u201cNo es una cat\u00e1strofe\u201d la posibilidad de una renuncia MUNDO<\/title>\n<meta name=\"description\" content=\"CIUDAD DE EL VATICANO.\u2500\u2500 El Papa Francisco asegur\u00f3 hoy que \u201cno es una cat\u00e1strofe\u201d considerar \u201cla posibilidad de hacerme a un lado\u201d y dejar el En Sonora en Equipo publicamos toda la informaci\u00f3n de Sonora, M\u00e9xico y el Mundo de manera oportuna y busca que la libertad de expresi\u00f3n sea real. Visita nuestro medio informativo publicado desde Hermosillo, Sonora. %\" \/>\n<meta name=\"robots\" content=\"index, follow, max-snippet:-1, max-image-preview:large, max-video-preview:-1\" \/>\n<link rel=\"canonical\" href=\"https:\/\/www.sonoraenequipo.com.mx\/papa-francisco-no-es-una-catastrofe-la-posibilidad-de-una-renuncia\/\" \/>\n<meta property=\"og:locale\" content=\"es_ES\" \/>\n<meta property=\"og:type\" content=\"article\" \/>\n<meta property=\"og:title\" content=\"Sonora en Equipo. Papa Francisco: \u201cNo es una cat\u00e1strofe\u201d la posibilidad de una renuncia MUNDO\" \/>\n<meta property=\"og:description\" content=\"CIUDAD DE EL VATICANO.\u2500\u2500 El Papa Francisco asegur\u00f3 hoy que \u201cno es una cat\u00e1strofe\u201d considerar \u201cla posibilidad de hacerme a un lado\u201d y dejar el En Sonora en Equipo publicamos toda la informaci\u00f3n de Sonora, M\u00e9xico y el Mundo de manera oportuna y busca que la libertad de expresi\u00f3n sea real. Visita nuestro medio informativo publicado desde Hermosillo, Sonora. %\" \/>\n<meta property=\"og:url\" content=\"https:\/\/www.sonoraenequipo.com.mx\/papa-francisco-no-es-una-catastrofe-la-posibilidad-de-una-renuncia\/\" \/>\n<meta property=\"og:site_name\" content=\"Sonora en Equipo.\" \/>\n<meta property=\"article:publisher\" content=\"https:\/\/www.facebook.com\/SonoraEE\/\" \/>\n<meta property=\"article:author\" content=\"https:\/\/www.facebook.com\/SonoraEE\" \/>\n<meta property=\"article:published_time\" content=\"2022-07-30T17:03:21+00:00\" \/>\n<meta property=\"article:modified_time\" content=\"2022-07-31T05:25:37+00:00\" \/>\n<meta property=\"og:image\" content=\"https:\/\/www.sonoraenequipo.com.mx\/storage\/2022\/07\/papa.jpg\" \/>\n\t<meta property=\"og:image:width\" content=\"600\" \/>\n\t<meta property=\"og:image:height\" content=\"400\" \/>\n\t<meta property=\"og:image:type\" content=\"image\/jpeg\" \/>\n<meta name=\"author\" content=\"enequipo\" \/>\n<meta name=\"twitter:card\" content=\"summary_large_image\" \/>\n<meta name=\"twitter:creator\" content=\"@sonoraenequipo\" \/>\n<meta name=\"twitter:site\" content=\"@sonoraenequipo\" \/>\n<meta name=\"twitter:label1\" content=\"Escrito por\" \/>\n\t<meta name=\"twitter:data1\" content=\"enequipo\" \/>\n\t<meta name=\"twitter:label2\" content=\"Tiempo de lectura\" \/>\n\t<meta name=\"twitter:data2\" content=\"2 minutos\" \/>\n<script type=\"application\/ld+json\" class=\"yoast-schema-graph\">{\"@context\":\"https:\/\/schema.org\",\"@graph\":[{\"@type\":\"Article\",\"@id\":\"https:\/\/www.sonoraenequipo.com.mx\/papa-francisco-no-es-una-catastrofe-la-posibilidad-de-una-renuncia\/#article\",\"isPartOf\":{\"@id\":\"https:\/\/www.sonoraenequipo.com.mx\/papa-francisco-no-es-una-catastrofe-la-posibilidad-de-una-renuncia\/\"},\"author\":{\"name\":\"enequipo\",\"@id\":\"https:\/\/www.sonoraenequipo.com.mx\/#\/schema\/person\/50102df0fb23a8fa9e8effad8fa81386\"},\"headline\":\"Papa Francisco: \u201cNo es una cat\u00e1strofe\u201d la posibilidad de una renuncia\",\"datePublished\":\"2022-07-30T17:03:21+00:00\",\"dateModified\":\"2022-07-31T05:25:37+00:00\",\"mainEntityOfPage\":{\"@id\":\"https:\/\/www.sonoraenequipo.com.mx\/papa-francisco-no-es-una-catastrofe-la-posibilidad-de-una-renuncia\/\"},\"wordCount\":445,\"commentCount\":0,\"publisher\":{\"@id\":\"https:\/\/www.sonoraenequipo.com.mx\/#organization\"},\"image\":{\"@id\":\"https:\/\/www.sonoraenequipo.com.mx\/papa-francisco-no-es-una-catastrofe-la-posibilidad-de-una-renuncia\/#primaryimage\"},\"thumbnailUrl\":\"https:\/\/www.sonoraenequipo.com.mx\/storage\/2022\/07\/papa.jpg\",\"keywords\":[\"PAPA FRANCISCO\",\"renuncia\"],\"articleSection\":[\"MUNDO\"],\"inLanguage\":\"es\",\"potentialAction\":[{\"@type\":\"CommentAction\",\"name\":\"Comment\",\"target\":[\"https:\/\/www.sonoraenequipo.com.mx\/papa-francisco-no-es-una-catastrofe-la-posibilidad-de-una-renuncia\/#respond\"]}]},{\"@type\":\"WebPage\",\"@id\":\"https:\/\/www.sonoraenequipo.com.mx\/papa-francisco-no-es-una-catastrofe-la-posibilidad-de-una-renuncia\/\",\"url\":\"https:\/\/www.sonoraenequipo.com.mx\/papa-francisco-no-es-una-catastrofe-la-posibilidad-de-una-renuncia\/\",\"name\":\"Sonora en Equipo. Papa Francisco: \u201cNo es una cat\u00e1strofe\u201d la posibilidad de una renuncia MUNDO\",\"isPartOf\":{\"@id\":\"https:\/\/www.sonoraenequipo.com.mx\/#website\"},\"primaryImageOfPage\":{\"@id\":\"https:\/\/www.sonoraenequipo.com.mx\/papa-francisco-no-es-una-catastrofe-la-posibilidad-de-una-renuncia\/#primaryimage\"},\"image\":{\"@id\":\"https:\/\/www.sonoraenequipo.com.mx\/papa-francisco-no-es-una-catastrofe-la-posibilidad-de-una-renuncia\/#primaryimage\"},\"thumbnailUrl\":\"https:\/\/www.sonoraenequipo.com.mx\/storage\/2022\/07\/papa.jpg\",\"datePublished\":\"2022-07-30T17:03:21+00:00\",\"dateModified\":\"2022-07-31T05:25:37+00:00\",\"description\":\"CIUDAD DE EL VATICANO.\u2500\u2500 El Papa Francisco asegur\u00f3 hoy que \u201cno es una cat\u00e1strofe\u201d considerar \u201cla posibilidad de hacerme a un lado\u201d y dejar el En Sonora en Equipo publicamos toda la informaci\u00f3n de Sonora, M\u00e9xico y el Mundo de manera oportuna y busca que la libertad de expresi\u00f3n sea real. Visita nuestro medio informativo publicado desde Hermosillo, Sonora. %\",\"breadcrumb\":{\"@id\":\"https:\/\/www.sonoraenequipo.com.mx\/papa-francisco-no-es-una-catastrofe-la-posibilidad-de-una-renuncia\/#breadcrumb\"},\"inLanguage\":\"es\",\"potentialAction\":[{\"@type\":\"ReadAction\",\"target\":[\"https:\/\/www.sonoraenequipo.com.mx\/papa-francisco-no-es-una-catastrofe-la-posibilidad-de-una-renuncia\/\"]}]},{\"@type\":\"ImageObject\",\"inLanguage\":\"es\",\"@id\":\"https:\/\/www.sonoraenequipo.com.mx\/papa-francisco-no-es-una-catastrofe-la-posibilidad-de-una-renuncia\/#primaryimage\",\"url\":\"https:\/\/www.sonoraenequipo.com.mx\/storage\/2022\/07\/papa.jpg\",\"contentUrl\":\"https:\/\/www.sonoraenequipo.com.mx\/storage\/2022\/07\/papa.jpg\",\"width\":600,\"height\":400},{\"@type\":\"BreadcrumbList\",\"@id\":\"https:\/\/www.sonoraenequipo.com.mx\/papa-francisco-no-es-una-catastrofe-la-posibilidad-de-una-renuncia\/#breadcrumb\",\"itemListElement\":[{\"@type\":\"ListItem\",\"position\":1,\"name\":\"Portada\",\"item\":\"https:\/\/www.sonoraenequipo.com.mx\/\"},{\"@type\":\"ListItem\",\"position\":2,\"name\":\"Papa Francisco: \u201cNo es una cat\u00e1strofe\u201d la posibilidad de una renuncia\"}]},{\"@type\":\"WebSite\",\"@id\":\"https:\/\/www.sonoraenequipo.com.mx\/#website\",\"url\":\"https:\/\/www.sonoraenequipo.com.mx\/\",\"name\":\"Sonora en Equipo.\",\"description\":\"Diario en l\u00ednea con Noticias desde Hermosillo, Sonora\",\"publisher\":{\"@id\":\"https:\/\/www.sonoraenequipo.com.mx\/#organization\"},\"potentialAction\":[{\"@type\":\"SearchAction\",\"target\":{\"@type\":\"EntryPoint\",\"urlTemplate\":\"https:\/\/www.sonoraenequipo.com.mx\/?s={search_term_string}\"},\"query-input\":{\"@type\":\"PropertyValueSpecification\",\"valueRequired\":true,\"valueName\":\"search_term_string\"}}],\"inLanguage\":\"es\"},{\"@type\":\"Organization\",\"@id\":\"https:\/\/www.sonoraenequipo.com.mx\/#organization\",\"name\":\"Sonoraenequipo.com.mx\",\"url\":\"https:\/\/www.sonoraenequipo.com.mx\/\",\"logo\":{\"@type\":\"ImageObject\",\"inLanguage\":\"es\",\"@id\":\"https:\/\/www.sonoraenequipo.com.mx\/#\/schema\/logo\/image\/\",\"url\":\"https:\/\/www.sonoraenequipo.com.mx\/storage\/2019\/01\/sonoraenequipo_opt.png\",\"contentUrl\":\"https:\/\/www.sonoraenequipo.com.mx\/storage\/2019\/01\/sonoraenequipo_opt.png\",\"width\":375,\"height\":125,\"caption\":\"Sonoraenequipo.com.mx\"},\"image\":{\"@id\":\"https:\/\/www.sonoraenequipo.com.mx\/#\/schema\/logo\/image\/\"},\"sameAs\":[\"https:\/\/www.facebook.com\/SonoraEE\/\",\"https:\/\/x.com\/sonoraenequipo\",\"https:\/\/www.youtube.com\/channel\/UC338nW-lPEYmJQs4ZABQ1SQ\"]},{\"@type\":\"Person\",\"@id\":\"https:\/\/www.sonoraenequipo.com.mx\/#\/schema\/person\/50102df0fb23a8fa9e8effad8fa81386\",\"name\":\"enequipo\",\"image\":{\"@type\":\"ImageObject\",\"inLanguage\":\"es\",\"@id\":\"https:\/\/www.sonoraenequipo.com.mx\/#\/schema\/person\/image\/\",\"url\":\"https:\/\/secure.gravatar.com\/avatar\/049821681b589dabc0bc20695993ccebb09f5b5d4d790cd9251b97faac7c652b?s=96&d=blank&r=g\",\"contentUrl\":\"https:\/\/secure.gravatar.com\/avatar\/049821681b589dabc0bc20695993ccebb09f5b5d4d790cd9251b97faac7c652b?s=96&d=blank&r=g\",\"caption\":\"enequipo\"},\"sameAs\":[\"https:\/\/www.facebook.com\/SonoraEE\"]}]}<\/script>\n ","yoast_head_json":{"title":"Sonora en Equipo. Papa Francisco: \u201cNo es una cat\u00e1strofe\u201d la posibilidad de una renuncia MUNDO","description":"CIUDAD DE EL VATICANO.\u2500\u2500 El Papa Francisco asegur\u00f3 hoy que \u201cno es una cat\u00e1strofe\u201d considerar \u201cla posibilidad de hacerme a un lado\u201d y dejar el En Sonora en Equipo publicamos toda la informaci\u00f3n de Sonora, M\u00e9xico y el Mundo de manera oportuna y busca que la libertad de expresi\u00f3n sea real. Visita nuestro medio informativo publicado desde Hermosillo, Sonora. %","robots":{"index":"index","follow":"follow","max-snippet":"max-snippet:-1","max-image-preview":"max-image-preview:large","max-video-preview":"max-video-preview:-1"},"canonical":"https:\/\/www.sonoraenequipo.com.mx\/papa-francisco-no-es-una-catastrofe-la-posibilidad-de-una-renuncia\/","og_locale":"es_ES","og_type":"article","og_title":"Sonora en Equipo. Papa Francisco: \u201cNo es una cat\u00e1strofe\u201d la posibilidad de una renuncia MUNDO","og_description":"CIUDAD DE EL VATICANO.\u2500\u2500 El Papa Francisco asegur\u00f3 hoy que \u201cno es una cat\u00e1strofe\u201d considerar \u201cla posibilidad de hacerme a un lado\u201d y dejar el En Sonora en Equipo publicamos toda la informaci\u00f3n de Sonora, M\u00e9xico y el Mundo de manera oportuna y busca que la libertad de expresi\u00f3n sea real. Visita nuestro medio informativo publicado desde Hermosillo, Sonora. %","og_url":"https:\/\/www.sonoraenequipo.com.mx\/papa-francisco-no-es-una-catastrofe-la-posibilidad-de-una-renuncia\/","og_site_name":"Sonora en Equipo.","article_publisher":"https:\/\/www.facebook.com\/SonoraEE\/","article_author":"https:\/\/www.facebook.com\/SonoraEE","article_published_time":"2022-07-30T17:03:21+00:00","article_modified_time":"2022-07-31T05:25:37+00:00","og_image":[{"width":600,"height":400,"url":"https:\/\/www.sonoraenequipo.com.mx\/storage\/2022\/07\/papa.jpg","type":"image\/jpeg"}],"author":"enequipo","twitter_card":"summary_large_image","twitter_creator":"@sonoraenequipo","twitter_site":"@sonoraenequipo","twitter_misc":{"Escrito por":"enequipo","Tiempo de lectura":"2 minutos"},"schema":{"@context":"https:\/\/schema.org","@graph":[{"@type":"Article","@id":"https:\/\/www.sonoraenequipo.com.mx\/papa-francisco-no-es-una-catastrofe-la-posibilidad-de-una-renuncia\/#article","isPartOf":{"@id":"https:\/\/www.sonoraenequipo.com.mx\/papa-francisco-no-es-una-catastrofe-la-posibilidad-de-una-renuncia\/"},"author":{"name":"enequipo","@id":"https:\/\/www.sonoraenequipo.com.mx\/#\/schema\/person\/50102df0fb23a8fa9e8effad8fa81386"},"headline":"Papa Francisco: \u201cNo es una cat\u00e1strofe\u201d la posibilidad de una renuncia","datePublished":"2022-07-30T17:03:21+00:00","dateModified":"2022-07-31T05:25:37+00:00","mainEntityOfPage":{"@id":"https:\/\/www.sonoraenequipo.com.mx\/papa-francisco-no-es-una-catastrofe-la-posibilidad-de-una-renuncia\/"},"wordCount":445,"commentCount":0,"publisher":{"@id":"https:\/\/www.sonoraenequipo.com.mx\/#organization"},"image":{"@id":"https:\/\/www.sonoraenequipo.com.mx\/papa-francisco-no-es-una-catastrofe-la-posibilidad-de-una-renuncia\/#primaryimage"},"thumbnailUrl":"https:\/\/www.sonoraenequipo.com.mx\/storage\/2022\/07\/papa.jpg","keywords":["PAPA FRANCISCO","renuncia"],"articleSection":["MUNDO"],"inLanguage":"es","potentialAction":[{"@type":"CommentAction","name":"Comment","target":["https:\/\/www.sonoraenequipo.com.mx\/papa-francisco-no-es-una-catastrofe-la-posibilidad-de-una-renuncia\/#respond"]}]},{"@type":"WebPage","@id":"https:\/\/www.sonoraenequipo.com.mx\/papa-francisco-no-es-una-catastrofe-la-posibilidad-de-una-renuncia\/","url":"https:\/\/www.sonoraenequipo.com.mx\/papa-francisco-no-es-una-catastrofe-la-posibilidad-de-una-renuncia\/","name":"Sonora en Equipo. Papa Francisco: \u201cNo es una cat\u00e1strofe\u201d la posibilidad de una renuncia MUNDO","isPartOf":{"@id":"https:\/\/www.sonoraenequipo.com.mx\/#website"},"primaryImageOfPage":{"@id":"https:\/\/www.sonoraenequipo.com.mx\/papa-francisco-no-es-una-catastrofe-la-posibilidad-de-una-renuncia\/#primaryimage"},"image":{"@id":"https:\/\/www.sonoraenequipo.com.mx\/papa-francisco-no-es-una-catastrofe-la-posibilidad-de-una-renuncia\/#primaryimage"},"thumbnailUrl":"https:\/\/www.sonoraenequipo.com.mx\/storage\/2022\/07\/papa.jpg","datePublished":"2022-07-30T17:03:21+00:00","dateModified":"2022-07-31T05:25:37+00:00","description":"CIUDAD DE EL VATICANO.\u2500\u2500 El Papa Francisco asegur\u00f3 hoy que \u201cno es una cat\u00e1strofe\u201d considerar \u201cla posibilidad de hacerme a un lado\u201d y dejar el En Sonora en Equipo publicamos toda la informaci\u00f3n de Sonora, M\u00e9xico y el Mundo de manera oportuna y busca que la libertad de expresi\u00f3n sea real. Visita nuestro medio informativo publicado desde Hermosillo, Sonora. %","breadcrumb":{"@id":"https:\/\/www.sonoraenequipo.com.mx\/papa-francisco-no-es-una-catastrofe-la-posibilidad-de-una-renuncia\/#breadcrumb"},"inLanguage":"es","potentialAction":[{"@type":"ReadAction","target":["https:\/\/www.sonoraenequipo.com.mx\/papa-francisco-no-es-una-catastrofe-la-posibilidad-de-una-renuncia\/"]}]},{"@type":"ImageObject","inLanguage":"es","@id":"https:\/\/www.sonoraenequipo.com.mx\/papa-francisco-no-es-una-catastrofe-la-posibilidad-de-una-renuncia\/#primaryimage","url":"https:\/\/www.sonoraenequipo.com.mx\/storage\/2022\/07\/papa.jpg","contentUrl":"https:\/\/www.sonoraenequipo.com.mx\/storage\/2022\/07\/papa.jpg","width":600,"height":400},{"@type":"BreadcrumbList","@id":"https:\/\/www.sonoraenequipo.com.mx\/papa-francisco-no-es-una-catastrofe-la-posibilidad-de-una-renuncia\/#breadcrumb","itemListElement":[{"@type":"ListItem","position":1,"name":"Portada","item":"https:\/\/www.sonoraenequipo.com.mx\/"},{"@type":"ListItem","position":2,"name":"Papa Francisco: \u201cNo es una cat\u00e1strofe\u201d la posibilidad de una renuncia"}]},{"@type":"WebSite","@id":"https:\/\/www.sonoraenequipo.com.mx\/#website","url":"https:\/\/www.sonoraenequipo.com.mx\/","name":"Sonora en Equipo.","description":"Diario en l\u00ednea con Noticias desde Hermosillo, Sonora","publisher":{"@id":"https:\/\/www.sonoraenequipo.com.mx\/#organization"},"potentialAction":[{"@type":"SearchAction","target":{"@type":"EntryPoint","urlTemplate":"https:\/\/www.sonoraenequipo.com.mx\/?s={search_term_string}"},"query-input":{"@type":"PropertyValueSpecification","valueRequired":true,"valueName":"search_term_string"}}],"inLanguage":"es"},{"@type":"Organization","@id":"https:\/\/www.sonoraenequipo.com.mx\/#organization","name":"Sonoraenequipo.com.mx","url":"https:\/\/www.sonoraenequipo.com.mx\/","logo":{"@type":"ImageObject","inLanguage":"es","@id":"https:\/\/www.sonoraenequipo.com.mx\/#\/schema\/logo\/image\/","url":"https:\/\/www.sonoraenequipo.com.mx\/storage\/2019\/01\/sonoraenequipo_opt.png","contentUrl":"https:\/\/www.sonoraenequipo.com.mx\/storage\/2019\/01\/sonoraenequipo_opt.png","width":375,"height":125,"caption":"Sonoraenequipo.com.mx"},"image":{"@id":"https:\/\/www.sonoraenequipo.com.mx\/#\/schema\/logo\/image\/"},"sameAs":["https:\/\/www.facebook.com\/SonoraEE\/","https:\/\/x.com\/sonoraenequipo","https:\/\/www.youtube.com\/channel\/UC338nW-lPEYmJQs4ZABQ1SQ"]},{"@type":"Person","@id":"https:\/\/www.sonoraenequipo.com.mx\/#\/schema\/person\/50102df0fb23a8fa9e8effad8fa81386","name":"enequipo","image":{"@type":"ImageObject","inLanguage":"es","@id":"https:\/\/www.sonoraenequipo.com.mx\/#\/schema\/person\/image\/","url":"https:\/\/secure.gravatar.com\/avatar\/049821681b589dabc0bc20695993ccebb09f5b5d4d790cd9251b97faac7c652b?s=96&d=blank&r=g","contentUrl":"https:\/\/secure.gravatar.com\/avatar\/049821681b589dabc0bc20695993ccebb09f5b5d4d790cd9251b97faac7c652b?s=96&d=blank&r=g","caption":"enequipo"},"sameAs":["https:\/\/www.facebook.com\/SonoraEE"]}]}},"jetpack_featured_media_url":"https:\/\/www.sonoraenequipo.com.mx\/storage\/2022\/07\/papa.jpg","_links":{"self":[{"href":"https:\/\/www.sonoraenequipo.com.mx\/api\/wp\/v2\/posts\/143821","targetHints":{"allow":["GET"]}}],"collection":[{"href":"https:\/\/www.sonoraenequipo.com.mx\/api\/wp\/v2\/posts"}],"about":[{"href":"https:\/\/www.sonoraenequipo.com.mx\/api\/wp\/v2\/types\/post"}],"author":[{"embeddable":true,"href":"https:\/\/www.sonoraenequipo.com.mx\/api\/wp\/v2\/users\/1"}],"replies":[{"embeddable":true,"href":"https:\/\/www.sonoraenequipo.com.mx\/api\/wp\/v2\/comments?post=143821"}],"version-history":[{"count":1,"href":"https:\/\/www.sonoraenequipo.com.mx\/api\/wp\/v2\/posts\/143821\/revisions"}],"predecessor-version":[{"id":143823,"href":"https:\/\/www.sonoraenequipo.com.mx\/api\/wp\/v2\/posts\/143821\/revisions\/143823"}],"wp:featuredmedia":[{"embeddable":true,"href":"https:\/\/www.sonoraenequipo.com.mx\/api\/wp\/v2\/media\/143822"}],"wp:attachment":[{"href":"https:\/\/www.sonoraenequipo.com.mx\/api\/wp\/v2\/media?parent=143821"}],"wp:term":[{"taxonomy":"category","embeddable":true,"href":"https:\/\/www.sonoraenequipo.com.mx\/api\/wp\/v2\/categories?post=143821"},{"taxonomy":"post_tag","embeddable":true,"href":"https:\/\/www.sonoraenequipo.com.mx\/api\/wp\/v2\/tags?post=143821"}],"curies":[{"name":"wp","href":"https:\/\/api.w.org\/{rel}","templated":true}]}}