{"id":143825,"date":"2022-07-30T11:20:50","date_gmt":"2022-07-30T18:20:50","guid":{"rendered":"https:\/\/www.sonoraenequipo.com.mx\/?p=143825"},"modified":"2022-07-30T22:24:25","modified_gmt":"2022-07-31T05:24:25","slug":"confirman-segunda-muerte-por-viruela-del-mono-en-espana","status":"publish","type":"post","link":"https:\/\/www.sonoraenequipo.com.mx\/confirman-segunda-muerte-por-viruela-del-mono-en-espana\/","title":{"rendered":"Confirman segunda muerte por viruela del mono en Espa\u00f1a"},"content":{"rendered":"<p><strong>MADRID,ESPA\u00d1A.<\/strong><strong>\u2500\u2500<\/strong> El Ministerio de Sanidad ha informado este s\u00e1bado de la segunda muerte por viruela del mono en Espa\u00f1a, tras notificar el viernes la primera, que se registr\u00f3 en la Comunitat Valenciana, tal inform\u00f3 la Agencia Europa Press.<\/p>\n<p>&nbsp;<\/p>\n<p>Seg\u00fan los datos de la Red Nacional de Vigilancia Epidemiol\u00f3gica (RENAVE), a d\u00eda 29 de julio, se han notificado un total de 4.298 casos confirmados de viruela del mono en Espa\u00f1a.<\/p>\n<p>&nbsp;<\/p>\n<p>De los 3.750 de los que se tiene informaci\u00f3n disponible, 120 casos han sido hospitalizados (3,2%) y dos de ellos ya han fallecido, seg\u00fan ha precisado este s\u00e1bado Sanidad, que ha comunicado la informaci\u00f3n a la Organizaci\u00f3n Mundial de la Salud (OMS) y la Comisi\u00f3n Europea.<\/p>\n<p>&nbsp;<\/p>\n<p>La primera muerte por viruela del mono en Espa\u00f1a, que se conoci\u00f3 el viernes, se registr\u00f3 en la Comunitat Valenciana y se produjo por encefalitis asociada a la infecci\u00f3n, tal y como detall\u00f3 la Conselleria de Sanidad Universal.<\/p>\n<p><strong><u>Fecha de Publicaci\u00f3n 30 de julio de 2022 <\/u><\/strong><\/p>\n<p>&nbsp;<\/p>\n","protected":false},"excerpt":{"rendered":"<p>MADRID,ESPA\u00d1A.\u2500\u2500 El Ministerio de Sanidad ha informado este s\u00e1bado de la segunda muerte por viruela&#8230;<\/p>\n","protected":false},"author":1,"featured_media":143483,"comment_status":"open","ping_status":"open","sticky":false,"template":"","format":"standard","meta":{"_monsterinsights_skip_tracking":false,"_monsterinsights_sitenote_active":false,"_monsterinsights_sitenote_note":"","_monsterinsights_sitenote_category":0,"footnotes":""},"categories":[3],"tags":[2390,7313],"class_list":["post"],"yoast_head":" \n<title>Sonora en Equipo. Confirman segunda muerte por viruela del mono en Espa\u00f1a MUNDO<\/title>\n<meta name=\"description\" content=\"MADRID,ESPA\u00d1A.\u2500\u2500 El Ministerio de Sanidad ha informado este s\u00e1bado de la segunda muerte por viruela del mono en Espa\u00f1a, tras notificar el viernes la En Sonora en Equipo publicamos toda la informaci\u00f3n de Sonora, M\u00e9xico y el Mundo de manera oportuna y busca que la libertad de expresi\u00f3n sea real. Visita nuestro medio informativo publicado desde Hermosillo, Sonora. %\" \/>\n<meta name=\"robots\" content=\"index, follow, max-snippet:-1, max-image-preview:large, max-video-preview:-1\" \/>\n<link rel=\"canonical\" href=\"https:\/\/www.sonoraenequipo.com.mx\/confirman-segunda-muerte-por-viruela-del-mono-en-espana\/\" \/>\n<meta property=\"og:locale\" content=\"es_ES\" \/>\n<meta property=\"og:type\" content=\"article\" \/>\n<meta property=\"og:title\" content=\"Sonora en Equipo. Confirman segunda muerte por viruela del mono en Espa\u00f1a MUNDO\" \/>\n<meta property=\"og:description\" content=\"MADRID,ESPA\u00d1A.\u2500\u2500 El Ministerio de Sanidad ha informado este s\u00e1bado de la segunda muerte por viruela del mono en Espa\u00f1a, tras notificar el viernes la En Sonora en Equipo publicamos toda la informaci\u00f3n de Sonora, M\u00e9xico y el Mundo de manera oportuna y busca que la libertad de expresi\u00f3n sea real. Visita nuestro medio informativo publicado desde Hermosillo, Sonora. %\" \/>\n<meta property=\"og:url\" content=\"https:\/\/www.sonoraenequipo.com.mx\/confirman-segunda-muerte-por-viruela-del-mono-en-espana\/\" \/>\n<meta property=\"og:site_name\" content=\"Sonora en Equipo.\" \/>\n<meta property=\"article:publisher\" content=\"https:\/\/www.facebook.com\/SonoraEE\/\" \/>\n<meta property=\"article:author\" content=\"https:\/\/www.facebook.com\/SonoraEE\" \/>\n<meta property=\"article:published_time\" content=\"2022-07-30T18:20:50+00:00\" \/>\n<meta property=\"article:modified_time\" content=\"2022-07-31T05:24:25+00:00\" \/>\n<meta property=\"og:image\" content=\"https:\/\/www.sonoraenequipo.com.mx\/storage\/2022\/07\/lesiones-viruela-del-mono.jpg\" \/>\n\t<meta property=\"og:image:width\" content=\"900\" \/>\n\t<meta property=\"og:image:height\" content=\"514\" \/>\n\t<meta property=\"og:image:type\" content=\"image\/jpeg\" \/>\n<meta name=\"author\" content=\"enequipo\" \/>\n<meta name=\"twitter:card\" content=\"summary_large_image\" \/>\n<meta name=\"twitter:creator\" content=\"@sonoraenequipo\" \/>\n<meta name=\"twitter:site\" content=\"@sonoraenequipo\" \/>\n<meta name=\"twitter:label1\" content=\"Escrito por\" \/>\n\t<meta name=\"twitter:data1\" content=\"enequipo\" \/>\n\t<meta name=\"twitter:label2\" content=\"Tiempo de lectura\" \/>\n\t<meta name=\"twitter:data2\" content=\"1 minuto\" \/>\n<script type=\"application\/ld+json\" class=\"yoast-schema-graph\">{\"@context\":\"https:\/\/schema.org\",\"@graph\":[{\"@type\":\"Article\",\"@id\":\"https:\/\/www.sonoraenequipo.com.mx\/confirman-segunda-muerte-por-viruela-del-mono-en-espana\/#article\",\"isPartOf\":{\"@id\":\"https:\/\/www.sonoraenequipo.com.mx\/confirman-segunda-muerte-por-viruela-del-mono-en-espana\/\"},\"author\":{\"name\":\"enequipo\",\"@id\":\"https:\/\/www.sonoraenequipo.com.mx\/#\/schema\/person\/50102df0fb23a8fa9e8effad8fa81386\"},\"headline\":\"Confirman segunda muerte por viruela del mono en Espa\u00f1a\",\"datePublished\":\"2022-07-30T18:20:50+00:00\",\"dateModified\":\"2022-07-31T05:24:25+00:00\",\"mainEntityOfPage\":{\"@id\":\"https:\/\/www.sonoraenequipo.com.mx\/confirman-segunda-muerte-por-viruela-del-mono-en-espana\/\"},\"wordCount\":185,\"commentCount\":0,\"publisher\":{\"@id\":\"https:\/\/www.sonoraenequipo.com.mx\/#organization\"},\"image\":{\"@id\":\"https:\/\/www.sonoraenequipo.com.mx\/confirman-segunda-muerte-por-viruela-del-mono-en-espana\/#primaryimage\"},\"thumbnailUrl\":\"https:\/\/www.sonoraenequipo.com.mx\/storage\/2022\/07\/lesiones-viruela-del-mono.jpg\",\"keywords\":[\"Espa\u00f1a\",\"viruela del mono\"],\"articleSection\":[\"MUNDO\"],\"inLanguage\":\"es\",\"potentialAction\":[{\"@type\":\"CommentAction\",\"name\":\"Comment\",\"target\":[\"https:\/\/www.sonoraenequipo.com.mx\/confirman-segunda-muerte-por-viruela-del-mono-en-espana\/#respond\"]}]},{\"@type\":\"WebPage\",\"@id\":\"https:\/\/www.sonoraenequipo.com.mx\/confirman-segunda-muerte-por-viruela-del-mono-en-espana\/\",\"url\":\"https:\/\/www.sonoraenequipo.com.mx\/confirman-segunda-muerte-por-viruela-del-mono-en-espana\/\",\"name\":\"Sonora en Equipo. Confirman segunda muerte por viruela del mono en Espa\u00f1a MUNDO\",\"isPartOf\":{\"@id\":\"https:\/\/www.sonoraenequipo.com.mx\/#website\"},\"primaryImageOfPage\":{\"@id\":\"https:\/\/www.sonoraenequipo.com.mx\/confirman-segunda-muerte-por-viruela-del-mono-en-espana\/#primaryimage\"},\"image\":{\"@id\":\"https:\/\/www.sonoraenequipo.com.mx\/confirman-segunda-muerte-por-viruela-del-mono-en-espana\/#primaryimage\"},\"thumbnailUrl\":\"https:\/\/www.sonoraenequipo.com.mx\/storage\/2022\/07\/lesiones-viruela-del-mono.jpg\",\"datePublished\":\"2022-07-30T18:20:50+00:00\",\"dateModified\":\"2022-07-31T05:24:25+00:00\",\"description\":\"MADRID,ESPA\u00d1A.\u2500\u2500 El Ministerio de Sanidad ha informado este s\u00e1bado de la segunda muerte por viruela del mono en Espa\u00f1a, tras notificar el viernes la En Sonora en Equipo publicamos toda la informaci\u00f3n de Sonora, M\u00e9xico y el Mundo de manera oportuna y busca que la libertad de expresi\u00f3n sea real. Visita nuestro medio informativo publicado desde Hermosillo, Sonora. %\",\"breadcrumb\":{\"@id\":\"https:\/\/www.sonoraenequipo.com.mx\/confirman-segunda-muerte-por-viruela-del-mono-en-espana\/#breadcrumb\"},\"inLanguage\":\"es\",\"potentialAction\":[{\"@type\":\"ReadAction\",\"target\":[\"https:\/\/www.sonoraenequipo.com.mx\/confirman-segunda-muerte-por-viruela-del-mono-en-espana\/\"]}]},{\"@type\":\"ImageObject\",\"inLanguage\":\"es\",\"@id\":\"https:\/\/www.sonoraenequipo.com.mx\/confirman-segunda-muerte-por-viruela-del-mono-en-espana\/#primaryimage\",\"url\":\"https:\/\/www.sonoraenequipo.com.mx\/storage\/2022\/07\/lesiones-viruela-del-mono.jpg\",\"contentUrl\":\"https:\/\/www.sonoraenequipo.com.mx\/storage\/2022\/07\/lesiones-viruela-del-mono.jpg\",\"width\":900,\"height\":514},{\"@type\":\"BreadcrumbList\",\"@id\":\"https:\/\/www.sonoraenequipo.com.mx\/confirman-segunda-muerte-por-viruela-del-mono-en-espana\/#breadcrumb\",\"itemListElement\":[{\"@type\":\"ListItem\",\"position\":1,\"name\":\"Portada\",\"item\":\"https:\/\/www.sonoraenequipo.com.mx\/\"},{\"@type\":\"ListItem\",\"position\":2,\"name\":\"Confirman segunda muerte por viruela del mono en Espa\u00f1a\"}]},{\"@type\":\"WebSite\",\"@id\":\"https:\/\/www.sonoraenequipo.com.mx\/#website\",\"url\":\"https:\/\/www.sonoraenequipo.com.mx\/\",\"name\":\"Sonora en Equipo.\",\"description\":\"Diario en l\u00ednea con Noticias desde Hermosillo, Sonora\",\"publisher\":{\"@id\":\"https:\/\/www.sonoraenequipo.com.mx\/#organization\"},\"potentialAction\":[{\"@type\":\"SearchAction\",\"target\":{\"@type\":\"EntryPoint\",\"urlTemplate\":\"https:\/\/www.sonoraenequipo.com.mx\/?s={search_term_string}\"},\"query-input\":{\"@type\":\"PropertyValueSpecification\",\"valueRequired\":true,\"valueName\":\"search_term_string\"}}],\"inLanguage\":\"es\"},{\"@type\":\"Organization\",\"@id\":\"https:\/\/www.sonoraenequipo.com.mx\/#organization\",\"name\":\"Sonoraenequipo.com.mx\",\"url\":\"https:\/\/www.sonoraenequipo.com.mx\/\",\"logo\":{\"@type\":\"ImageObject\",\"inLanguage\":\"es\",\"@id\":\"https:\/\/www.sonoraenequipo.com.mx\/#\/schema\/logo\/image\/\",\"url\":\"https:\/\/www.sonoraenequipo.com.mx\/storage\/2019\/01\/sonoraenequipo_opt.png\",\"contentUrl\":\"https:\/\/www.sonoraenequipo.com.mx\/storage\/2019\/01\/sonoraenequipo_opt.png\",\"width\":375,\"height\":125,\"caption\":\"Sonoraenequipo.com.mx\"},\"image\":{\"@id\":\"https:\/\/www.sonoraenequipo.com.mx\/#\/schema\/logo\/image\/\"},\"sameAs\":[\"https:\/\/www.facebook.com\/SonoraEE\/\",\"https:\/\/x.com\/sonoraenequipo\",\"https:\/\/www.youtube.com\/channel\/UC338nW-lPEYmJQs4ZABQ1SQ\"]},{\"@type\":\"Person\",\"@id\":\"https:\/\/www.sonoraenequipo.com.mx\/#\/schema\/person\/50102df0fb23a8fa9e8effad8fa81386\",\"name\":\"enequipo\",\"image\":{\"@type\":\"ImageObject\",\"inLanguage\":\"es\",\"@id\":\"https:\/\/www.sonoraenequipo.com.mx\/#\/schema\/person\/image\/\",\"url\":\"https:\/\/secure.gravatar.com\/avatar\/049821681b589dabc0bc20695993ccebb09f5b5d4d790cd9251b97faac7c652b?s=96&d=blank&r=g\",\"contentUrl\":\"https:\/\/secure.gravatar.com\/avatar\/049821681b589dabc0bc20695993ccebb09f5b5d4d790cd9251b97faac7c652b?s=96&d=blank&r=g\",\"caption\":\"enequipo\"},\"sameAs\":[\"https:\/\/www.facebook.com\/SonoraEE\"]}]}<\/script>\n ","yoast_head_json":{"title":"Sonora en Equipo. Confirman segunda muerte por viruela del mono en Espa\u00f1a MUNDO","description":"MADRID,ESPA\u00d1A.\u2500\u2500 El Ministerio de Sanidad ha informado este s\u00e1bado de la segunda muerte por viruela del mono en Espa\u00f1a, tras notificar el viernes la En Sonora en Equipo publicamos toda la informaci\u00f3n de Sonora, M\u00e9xico y el Mundo de manera oportuna y busca que la libertad de expresi\u00f3n sea real. Visita nuestro medio informativo publicado desde Hermosillo, Sonora. %","robots":{"index":"index","follow":"follow","max-snippet":"max-snippet:-1","max-image-preview":"max-image-preview:large","max-video-preview":"max-video-preview:-1"},"canonical":"https:\/\/www.sonoraenequipo.com.mx\/confirman-segunda-muerte-por-viruela-del-mono-en-espana\/","og_locale":"es_ES","og_type":"article","og_title":"Sonora en Equipo. Confirman segunda muerte por viruela del mono en Espa\u00f1a MUNDO","og_description":"MADRID,ESPA\u00d1A.\u2500\u2500 El Ministerio de Sanidad ha informado este s\u00e1bado de la segunda muerte por viruela del mono en Espa\u00f1a, tras notificar el viernes la En Sonora en Equipo publicamos toda la informaci\u00f3n de Sonora, M\u00e9xico y el Mundo de manera oportuna y busca que la libertad de expresi\u00f3n sea real. Visita nuestro medio informativo publicado desde Hermosillo, Sonora. %","og_url":"https:\/\/www.sonoraenequipo.com.mx\/confirman-segunda-muerte-por-viruela-del-mono-en-espana\/","og_site_name":"Sonora en Equipo.","article_publisher":"https:\/\/www.facebook.com\/SonoraEE\/","article_author":"https:\/\/www.facebook.com\/SonoraEE","article_published_time":"2022-07-30T18:20:50+00:00","article_modified_time":"2022-07-31T05:24:25+00:00","og_image":[{"width":900,"height":514,"url":"https:\/\/www.sonoraenequipo.com.mx\/storage\/2022\/07\/lesiones-viruela-del-mono.jpg","type":"image\/jpeg"}],"author":"enequipo","twitter_card":"summary_large_image","twitter_creator":"@sonoraenequipo","twitter_site":"@sonoraenequipo","twitter_misc":{"Escrito por":"enequipo","Tiempo de lectura":"1 minuto"},"schema":{"@context":"https:\/\/schema.org","@graph":[{"@type":"Article","@id":"https:\/\/www.sonoraenequipo.com.mx\/confirman-segunda-muerte-por-viruela-del-mono-en-espana\/#article","isPartOf":{"@id":"https:\/\/www.sonoraenequipo.com.mx\/confirman-segunda-muerte-por-viruela-del-mono-en-espana\/"},"author":{"name":"enequipo","@id":"https:\/\/www.sonoraenequipo.com.mx\/#\/schema\/person\/50102df0fb23a8fa9e8effad8fa81386"},"headline":"Confirman segunda muerte por viruela del mono en Espa\u00f1a","datePublished":"2022-07-30T18:20:50+00:00","dateModified":"2022-07-31T05:24:25+00:00","mainEntityOfPage":{"@id":"https:\/\/www.sonoraenequipo.com.mx\/confirman-segunda-muerte-por-viruela-del-mono-en-espana\/"},"wordCount":185,"commentCount":0,"publisher":{"@id":"https:\/\/www.sonoraenequipo.com.mx\/#organization"},"image":{"@id":"https:\/\/www.sonoraenequipo.com.mx\/confirman-segunda-muerte-por-viruela-del-mono-en-espana\/#primaryimage"},"thumbnailUrl":"https:\/\/www.sonoraenequipo.com.mx\/storage\/2022\/07\/lesiones-viruela-del-mono.jpg","keywords":["Espa\u00f1a","viruela del mono"],"articleSection":["MUNDO"],"inLanguage":"es","potentialAction":[{"@type":"CommentAction","name":"Comment","target":["https:\/\/www.sonoraenequipo.com.mx\/confirman-segunda-muerte-por-viruela-del-mono-en-espana\/#respond"]}]},{"@type":"WebPage","@id":"https:\/\/www.sonoraenequipo.com.mx\/confirman-segunda-muerte-por-viruela-del-mono-en-espana\/","url":"https:\/\/www.sonoraenequipo.com.mx\/confirman-segunda-muerte-por-viruela-del-mono-en-espana\/","name":"Sonora en Equipo. Confirman segunda muerte por viruela del mono en Espa\u00f1a MUNDO","isPartOf":{"@id":"https:\/\/www.sonoraenequipo.com.mx\/#website"},"primaryImageOfPage":{"@id":"https:\/\/www.sonoraenequipo.com.mx\/confirman-segunda-muerte-por-viruela-del-mono-en-espana\/#primaryimage"},"image":{"@id":"https:\/\/www.sonoraenequipo.com.mx\/confirman-segunda-muerte-por-viruela-del-mono-en-espana\/#primaryimage"},"thumbnailUrl":"https:\/\/www.sonoraenequipo.com.mx\/storage\/2022\/07\/lesiones-viruela-del-mono.jpg","datePublished":"2022-07-30T18:20:50+00:00","dateModified":"2022-07-31T05:24:25+00:00","description":"MADRID,ESPA\u00d1A.\u2500\u2500 El Ministerio de Sanidad ha informado este s\u00e1bado de la segunda muerte por viruela del mono en Espa\u00f1a, tras notificar el viernes la En Sonora en Equipo publicamos toda la informaci\u00f3n de Sonora, M\u00e9xico y el Mundo de manera oportuna y busca que la libertad de expresi\u00f3n sea real. Visita nuestro medio informativo publicado desde Hermosillo, Sonora. %","breadcrumb":{"@id":"https:\/\/www.sonoraenequipo.com.mx\/confirman-segunda-muerte-por-viruela-del-mono-en-espana\/#breadcrumb"},"inLanguage":"es","potentialAction":[{"@type":"ReadAction","target":["https:\/\/www.sonoraenequipo.com.mx\/confirman-segunda-muerte-por-viruela-del-mono-en-espana\/"]}]},{"@type":"ImageObject","inLanguage":"es","@id":"https:\/\/www.sonoraenequipo.com.mx\/confirman-segunda-muerte-por-viruela-del-mono-en-espana\/#primaryimage","url":"https:\/\/www.sonoraenequipo.com.mx\/storage\/2022\/07\/lesiones-viruela-del-mono.jpg","contentUrl":"https:\/\/www.sonoraenequipo.com.mx\/storage\/2022\/07\/lesiones-viruela-del-mono.jpg","width":900,"height":514},{"@type":"BreadcrumbList","@id":"https:\/\/www.sonoraenequipo.com.mx\/confirman-segunda-muerte-por-viruela-del-mono-en-espana\/#breadcrumb","itemListElement":[{"@type":"ListItem","position":1,"name":"Portada","item":"https:\/\/www.sonoraenequipo.com.mx\/"},{"@type":"ListItem","position":2,"name":"Confirman segunda muerte por viruela del mono en Espa\u00f1a"}]},{"@type":"WebSite","@id":"https:\/\/www.sonoraenequipo.com.mx\/#website","url":"https:\/\/www.sonoraenequipo.com.mx\/","name":"Sonora en Equipo.","description":"Diario en l\u00ednea con Noticias desde Hermosillo, Sonora","publisher":{"@id":"https:\/\/www.sonoraenequipo.com.mx\/#organization"},"potentialAction":[{"@type":"SearchAction","target":{"@type":"EntryPoint","urlTemplate":"https:\/\/www.sonoraenequipo.com.mx\/?s={search_term_string}"},"query-input":{"@type":"PropertyValueSpecification","valueRequired":true,"valueName":"search_term_string"}}],"inLanguage":"es"},{"@type":"Organization","@id":"https:\/\/www.sonoraenequipo.com.mx\/#organization","name":"Sonoraenequipo.com.mx","url":"https:\/\/www.sonoraenequipo.com.mx\/","logo":{"@type":"ImageObject","inLanguage":"es","@id":"https:\/\/www.sonoraenequipo.com.mx\/#\/schema\/logo\/image\/","url":"https:\/\/www.sonoraenequipo.com.mx\/storage\/2019\/01\/sonoraenequipo_opt.png","contentUrl":"https:\/\/www.sonoraenequipo.com.mx\/storage\/2019\/01\/sonoraenequipo_opt.png","width":375,"height":125,"caption":"Sonoraenequipo.com.mx"},"image":{"@id":"https:\/\/www.sonoraenequipo.com.mx\/#\/schema\/logo\/image\/"},"sameAs":["https:\/\/www.facebook.com\/SonoraEE\/","https:\/\/x.com\/sonoraenequipo","https:\/\/www.youtube.com\/channel\/UC338nW-lPEYmJQs4ZABQ1SQ"]},{"@type":"Person","@id":"https:\/\/www.sonoraenequipo.com.mx\/#\/schema\/person\/50102df0fb23a8fa9e8effad8fa81386","name":"enequipo","image":{"@type":"ImageObject","inLanguage":"es","@id":"https:\/\/www.sonoraenequipo.com.mx\/#\/schema\/person\/image\/","url":"https:\/\/secure.gravatar.com\/avatar\/049821681b589dabc0bc20695993ccebb09f5b5d4d790cd9251b97faac7c652b?s=96&d=blank&r=g","contentUrl":"https:\/\/secure.gravatar.com\/avatar\/049821681b589dabc0bc20695993ccebb09f5b5d4d790cd9251b97faac7c652b?s=96&d=blank&r=g","caption":"enequipo"},"sameAs":["https:\/\/www.facebook.com\/SonoraEE"]}]}},"jetpack_featured_media_url":"https:\/\/www.sonoraenequipo.com.mx\/storage\/2022\/07\/lesiones-viruela-del-mono.jpg","_links":{"self":[{"href":"https:\/\/www.sonoraenequipo.com.mx\/api\/wp\/v2\/posts\/143825","targetHints":{"allow":["GET"]}}],"collection":[{"href":"https:\/\/www.sonoraenequipo.com.mx\/api\/wp\/v2\/posts"}],"about":[{"href":"https:\/\/www.sonoraenequipo.com.mx\/api\/wp\/v2\/types\/post"}],"author":[{"embeddable":true,"href":"https:\/\/www.sonoraenequipo.com.mx\/api\/wp\/v2\/users\/1"}],"replies":[{"embeddable":true,"href":"https:\/\/www.sonoraenequipo.com.mx\/api\/wp\/v2\/comments?post=143825"}],"version-history":[{"count":1,"href":"https:\/\/www.sonoraenequipo.com.mx\/api\/wp\/v2\/posts\/143825\/revisions"}],"predecessor-version":[{"id":143826,"href":"https:\/\/www.sonoraenequipo.com.mx\/api\/wp\/v2\/posts\/143825\/revisions\/143826"}],"wp:featuredmedia":[{"embeddable":true,"href":"https:\/\/www.sonoraenequipo.com.mx\/api\/wp\/v2\/media\/143483"}],"wp:attachment":[{"href":"https:\/\/www.sonoraenequipo.com.mx\/api\/wp\/v2\/media?parent=143825"}],"wp:term":[{"taxonomy":"category","embeddable":true,"href":"https:\/\/www.sonoraenequipo.com.mx\/api\/wp\/v2\/categories?post=143825"},{"taxonomy":"post_tag","embeddable":true,"href":"https:\/\/www.sonoraenequipo.com.mx\/api\/wp\/v2\/tags?post=143825"}],"curies":[{"name":"wp","href":"https:\/\/api.w.org\/{rel}","templated":true}]}}