{"id":143827,"date":"2022-07-30T12:35:38","date_gmt":"2022-07-30T19:35:38","guid":{"rendered":"https:\/\/www.sonoraenequipo.com.mx\/?p=143827"},"modified":"2022-07-30T12:39:23","modified_gmt":"2022-07-30T19:39:23","slug":"generamos-oportunidades-de-salud-y-educacion-para-la-juventud-de-sonora-gobernador-alfonso-durazo","status":"publish","type":"post","link":"https:\/\/www.sonoraenequipo.com.mx\/generamos-oportunidades-de-salud-y-educacion-para-la-juventud-de-sonora-gobernador-alfonso-durazo\/","title":{"rendered":"Generamos oportunidades de salud y educaci\u00f3n para la juventud de Sonora: gobernador Alfonso Durazo"},"content":{"rendered":"<p><strong>NACO, SONORA,MX.<\/strong><strong>\u2500\u2500<\/strong> Llevar oportunidades de salud y educaci\u00f3n a las y los j\u00f3venes de cada rinc\u00f3n del estado es una de las directrices del Gobierno de Sonora, por lo que sus instituciones llegar\u00e1n hasta donde sea necesario para generar mejores condiciones de vida, asegur\u00f3 ayer el gobernador, Alfonso Durazo Monta\u00f1o, al dar inicio a la vacunaci\u00f3n para menores de edad y la entrega de becas para estudiantes de preparatoria en Naco, Sonora.<\/p>\n<p>El mandatario hizo entrega de 158 becas del programa Benito Ju\u00e1rez a alumnos de preparatoria de la localidad, a quienes llam\u00f3 a esforzarse y aprovechar las condiciones de bienestar que se les ofrecen.<\/p>\n<p>\u00abEst\u00e1 el mundo lleno de oportunidades, a condici\u00f3n de que le echen ganas, yo les dir\u00eda, yo no s\u00e9 cu\u00e1l sea la palabra que ustedes usan ahora, pero en mi tiempo era &#8216;at\u00f3renle&#8217;. \u00c9chenle ganas, para adelante y van a tener extraordinarias oportunidades profesionales\u00bb, dijo.<\/p>\n<p>A la par con esto, el titular del Ejecutivo atestigu\u00f3 el arranque de la jornada de vacunaci\u00f3n para ni\u00f1as y ni\u00f1os de 5 a 11 a\u00f1os, poblaci\u00f3n a la que se destinaron 650 dosis de este biol\u00f3gico.<\/p>\n<p>Por su parte, Jos\u00e9 Lorenzo Villegas V\u00e1squez, presidente municipal de Naco, destac\u00f3 la cercan\u00eda que este gobierno estatal ha tendido con el municipio, sin distinciones de partido y siempre abierto al di\u00e1logo.<\/p>\n<p>\u00abHe sido cuatro veces alcalde de aqu\u00ed de Naco y en las cuatro alcald\u00edas me han tocado gobiernos del estado en los cuales no se ha trabajado en coordinaci\u00f3n como lo estamos haciendo con el suyo; es un trabajo que nuestros ciudadanos lo ven reflejado\u00bb, dijo.<\/p>\n<p><strong><u>Fecha de Publicaci\u00f3n 30 de julio de 2022 <\/u><\/strong><\/p>\n<p>&nbsp;<\/p>\n","protected":false},"excerpt":{"rendered":"<p>NACO, SONORA,MX.\u2500\u2500 Llevar oportunidades de salud y educaci\u00f3n a las y los j\u00f3venes de cada&#8230;<\/p>\n","protected":false},"author":1,"featured_media":143829,"comment_status":"open","ping_status":"open","sticky":false,"template":"","format":"standard","meta":{"_monsterinsights_skip_tracking":false,"_monsterinsights_sitenote_active":false,"_monsterinsights_sitenote_note":"","_monsterinsights_sitenote_category":0,"footnotes":""},"categories":[22],"tags":[2200,3294,74,15],"class_list":["post"],"yoast_head":" \n<title>Sonora en Equipo. Generamos oportunidades de salud y educaci\u00f3n para la juventud de Sonora: gobernador Alfonso Durazo Sonora<\/title>\n<meta name=\"description\" content=\"NACO, SONORA,MX.\u2500\u2500 Llevar oportunidades de salud y educaci\u00f3n a las y los j\u00f3venes de cada rinc\u00f3n del estado es una de las directrices del Gobierno de En Sonora en Equipo publicamos toda la informaci\u00f3n de Sonora, M\u00e9xico y el Mundo de manera oportuna y busca que la libertad de expresi\u00f3n sea real. Visita nuestro medio informativo publicado desde Hermosillo, Sonora. %\" \/>\n<meta name=\"robots\" content=\"index, follow, max-snippet:-1, max-image-preview:large, max-video-preview:-1\" \/>\n<link rel=\"canonical\" href=\"https:\/\/www.sonoraenequipo.com.mx\/generamos-oportunidades-de-salud-y-educacion-para-la-juventud-de-sonora-gobernador-alfonso-durazo\/\" \/>\n<meta property=\"og:locale\" content=\"es_ES\" \/>\n<meta property=\"og:type\" content=\"article\" \/>\n<meta property=\"og:title\" content=\"Sonora en Equipo. Generamos oportunidades de salud y educaci\u00f3n para la juventud de Sonora: gobernador Alfonso Durazo Sonora\" \/>\n<meta property=\"og:description\" content=\"NACO, SONORA,MX.\u2500\u2500 Llevar oportunidades de salud y educaci\u00f3n a las y los j\u00f3venes de cada rinc\u00f3n del estado es una de las directrices del Gobierno de En Sonora en Equipo publicamos toda la informaci\u00f3n de Sonora, M\u00e9xico y el Mundo de manera oportuna y busca que la libertad de expresi\u00f3n sea real. Visita nuestro medio informativo publicado desde Hermosillo, Sonora. %\" \/>\n<meta property=\"og:url\" content=\"https:\/\/www.sonoraenequipo.com.mx\/generamos-oportunidades-de-salud-y-educacion-para-la-juventud-de-sonora-gobernador-alfonso-durazo\/\" \/>\n<meta property=\"og:site_name\" content=\"Sonora en Equipo.\" \/>\n<meta property=\"article:publisher\" content=\"https:\/\/www.facebook.com\/SonoraEE\/\" \/>\n<meta property=\"article:author\" content=\"https:\/\/www.facebook.com\/SonoraEE\" \/>\n<meta property=\"article:published_time\" content=\"2022-07-30T19:35:38+00:00\" \/>\n<meta property=\"article:modified_time\" content=\"2022-07-30T19:39:23+00:00\" \/>\n<meta property=\"og:image\" content=\"https:\/\/www.sonoraenequipo.com.mx\/storage\/2022\/07\/becas-naco.jpg\" \/>\n\t<meta property=\"og:image:width\" content=\"600\" \/>\n\t<meta property=\"og:image:height\" content=\"399\" \/>\n\t<meta property=\"og:image:type\" content=\"image\/jpeg\" \/>\n<meta name=\"author\" content=\"enequipo\" \/>\n<meta name=\"twitter:card\" content=\"summary_large_image\" \/>\n<meta name=\"twitter:creator\" content=\"@sonoraenequipo\" \/>\n<meta name=\"twitter:site\" content=\"@sonoraenequipo\" \/>\n<meta name=\"twitter:label1\" content=\"Escrito por\" \/>\n\t<meta name=\"twitter:data1\" content=\"enequipo\" \/>\n\t<meta name=\"twitter:label2\" content=\"Tiempo de lectura\" \/>\n\t<meta name=\"twitter:data2\" content=\"2 minutos\" \/>\n<script type=\"application\/ld+json\" class=\"yoast-schema-graph\">{\"@context\":\"https:\/\/schema.org\",\"@graph\":[{\"@type\":\"Article\",\"@id\":\"https:\/\/www.sonoraenequipo.com.mx\/generamos-oportunidades-de-salud-y-educacion-para-la-juventud-de-sonora-gobernador-alfonso-durazo\/#article\",\"isPartOf\":{\"@id\":\"https:\/\/www.sonoraenequipo.com.mx\/generamos-oportunidades-de-salud-y-educacion-para-la-juventud-de-sonora-gobernador-alfonso-durazo\/\"},\"author\":{\"name\":\"enequipo\",\"@id\":\"https:\/\/www.sonoraenequipo.com.mx\/#\/schema\/person\/50102df0fb23a8fa9e8effad8fa81386\"},\"headline\":\"Generamos oportunidades de salud y educaci\u00f3n para la juventud de Sonora: gobernador Alfonso Durazo\",\"datePublished\":\"2022-07-30T19:35:38+00:00\",\"dateModified\":\"2022-07-30T19:39:23+00:00\",\"mainEntityOfPage\":{\"@id\":\"https:\/\/www.sonoraenequipo.com.mx\/generamos-oportunidades-de-salud-y-educacion-para-la-juventud-de-sonora-gobernador-alfonso-durazo\/\"},\"wordCount\":307,\"commentCount\":0,\"publisher\":{\"@id\":\"https:\/\/www.sonoraenequipo.com.mx\/#organization\"},\"image\":{\"@id\":\"https:\/\/www.sonoraenequipo.com.mx\/generamos-oportunidades-de-salud-y-educacion-para-la-juventud-de-sonora-gobernador-alfonso-durazo\/#primaryimage\"},\"thumbnailUrl\":\"https:\/\/www.sonoraenequipo.com.mx\/storage\/2022\/07\/becas-naco.jpg\",\"keywords\":[\"Alfonso Durazo\",\"becas\",\"salud\",\"Sonora\"],\"articleSection\":[\"Sonora\"],\"inLanguage\":\"es\",\"potentialAction\":[{\"@type\":\"CommentAction\",\"name\":\"Comment\",\"target\":[\"https:\/\/www.sonoraenequipo.com.mx\/generamos-oportunidades-de-salud-y-educacion-para-la-juventud-de-sonora-gobernador-alfonso-durazo\/#respond\"]}]},{\"@type\":\"WebPage\",\"@id\":\"https:\/\/www.sonoraenequipo.com.mx\/generamos-oportunidades-de-salud-y-educacion-para-la-juventud-de-sonora-gobernador-alfonso-durazo\/\",\"url\":\"https:\/\/www.sonoraenequipo.com.mx\/generamos-oportunidades-de-salud-y-educacion-para-la-juventud-de-sonora-gobernador-alfonso-durazo\/\",\"name\":\"Sonora en Equipo. Generamos oportunidades de salud y educaci\u00f3n para la juventud de Sonora: gobernador Alfonso Durazo Sonora\",\"isPartOf\":{\"@id\":\"https:\/\/www.sonoraenequipo.com.mx\/#website\"},\"primaryImageOfPage\":{\"@id\":\"https:\/\/www.sonoraenequipo.com.mx\/generamos-oportunidades-de-salud-y-educacion-para-la-juventud-de-sonora-gobernador-alfonso-durazo\/#primaryimage\"},\"image\":{\"@id\":\"https:\/\/www.sonoraenequipo.com.mx\/generamos-oportunidades-de-salud-y-educacion-para-la-juventud-de-sonora-gobernador-alfonso-durazo\/#primaryimage\"},\"thumbnailUrl\":\"https:\/\/www.sonoraenequipo.com.mx\/storage\/2022\/07\/becas-naco.jpg\",\"datePublished\":\"2022-07-30T19:35:38+00:00\",\"dateModified\":\"2022-07-30T19:39:23+00:00\",\"description\":\"NACO, SONORA,MX.\u2500\u2500 Llevar oportunidades de salud y educaci\u00f3n a las y los j\u00f3venes de cada rinc\u00f3n del estado es una de las directrices del Gobierno de En Sonora en Equipo publicamos toda la informaci\u00f3n de Sonora, M\u00e9xico y el Mundo de manera oportuna y busca que la libertad de expresi\u00f3n sea real. Visita nuestro medio informativo publicado desde Hermosillo, Sonora. %\",\"breadcrumb\":{\"@id\":\"https:\/\/www.sonoraenequipo.com.mx\/generamos-oportunidades-de-salud-y-educacion-para-la-juventud-de-sonora-gobernador-alfonso-durazo\/#breadcrumb\"},\"inLanguage\":\"es\",\"potentialAction\":[{\"@type\":\"ReadAction\",\"target\":[\"https:\/\/www.sonoraenequipo.com.mx\/generamos-oportunidades-de-salud-y-educacion-para-la-juventud-de-sonora-gobernador-alfonso-durazo\/\"]}]},{\"@type\":\"ImageObject\",\"inLanguage\":\"es\",\"@id\":\"https:\/\/www.sonoraenequipo.com.mx\/generamos-oportunidades-de-salud-y-educacion-para-la-juventud-de-sonora-gobernador-alfonso-durazo\/#primaryimage\",\"url\":\"https:\/\/www.sonoraenequipo.com.mx\/storage\/2022\/07\/becas-naco.jpg\",\"contentUrl\":\"https:\/\/www.sonoraenequipo.com.mx\/storage\/2022\/07\/becas-naco.jpg\",\"width\":600,\"height\":399},{\"@type\":\"BreadcrumbList\",\"@id\":\"https:\/\/www.sonoraenequipo.com.mx\/generamos-oportunidades-de-salud-y-educacion-para-la-juventud-de-sonora-gobernador-alfonso-durazo\/#breadcrumb\",\"itemListElement\":[{\"@type\":\"ListItem\",\"position\":1,\"name\":\"Portada\",\"item\":\"https:\/\/www.sonoraenequipo.com.mx\/\"},{\"@type\":\"ListItem\",\"position\":2,\"name\":\"Generamos oportunidades de salud y educaci\u00f3n para la juventud de Sonora: gobernador Alfonso Durazo\"}]},{\"@type\":\"WebSite\",\"@id\":\"https:\/\/www.sonoraenequipo.com.mx\/#website\",\"url\":\"https:\/\/www.sonoraenequipo.com.mx\/\",\"name\":\"Sonora en Equipo.\",\"description\":\"Diario en l\u00ednea con Noticias desde Hermosillo, Sonora\",\"publisher\":{\"@id\":\"https:\/\/www.sonoraenequipo.com.mx\/#organization\"},\"potentialAction\":[{\"@type\":\"SearchAction\",\"target\":{\"@type\":\"EntryPoint\",\"urlTemplate\":\"https:\/\/www.sonoraenequipo.com.mx\/?s={search_term_string}\"},\"query-input\":{\"@type\":\"PropertyValueSpecification\",\"valueRequired\":true,\"valueName\":\"search_term_string\"}}],\"inLanguage\":\"es\"},{\"@type\":\"Organization\",\"@id\":\"https:\/\/www.sonoraenequipo.com.mx\/#organization\",\"name\":\"Sonoraenequipo.com.mx\",\"url\":\"https:\/\/www.sonoraenequipo.com.mx\/\",\"logo\":{\"@type\":\"ImageObject\",\"inLanguage\":\"es\",\"@id\":\"https:\/\/www.sonoraenequipo.com.mx\/#\/schema\/logo\/image\/\",\"url\":\"https:\/\/www.sonoraenequipo.com.mx\/storage\/2019\/01\/sonoraenequipo_opt.png\",\"contentUrl\":\"https:\/\/www.sonoraenequipo.com.mx\/storage\/2019\/01\/sonoraenequipo_opt.png\",\"width\":375,\"height\":125,\"caption\":\"Sonoraenequipo.com.mx\"},\"image\":{\"@id\":\"https:\/\/www.sonoraenequipo.com.mx\/#\/schema\/logo\/image\/\"},\"sameAs\":[\"https:\/\/www.facebook.com\/SonoraEE\/\",\"https:\/\/x.com\/sonoraenequipo\",\"https:\/\/www.youtube.com\/channel\/UC338nW-lPEYmJQs4ZABQ1SQ\"]},{\"@type\":\"Person\",\"@id\":\"https:\/\/www.sonoraenequipo.com.mx\/#\/schema\/person\/50102df0fb23a8fa9e8effad8fa81386\",\"name\":\"enequipo\",\"image\":{\"@type\":\"ImageObject\",\"inLanguage\":\"es\",\"@id\":\"https:\/\/www.sonoraenequipo.com.mx\/#\/schema\/person\/image\/\",\"url\":\"https:\/\/secure.gravatar.com\/avatar\/049821681b589dabc0bc20695993ccebb09f5b5d4d790cd9251b97faac7c652b?s=96&d=blank&r=g\",\"contentUrl\":\"https:\/\/secure.gravatar.com\/avatar\/049821681b589dabc0bc20695993ccebb09f5b5d4d790cd9251b97faac7c652b?s=96&d=blank&r=g\",\"caption\":\"enequipo\"},\"sameAs\":[\"https:\/\/www.facebook.com\/SonoraEE\"]}]}<\/script>\n ","yoast_head_json":{"title":"Sonora en Equipo. Generamos oportunidades de salud y educaci\u00f3n para la juventud de Sonora: gobernador Alfonso Durazo Sonora","description":"NACO, SONORA,MX.\u2500\u2500 Llevar oportunidades de salud y educaci\u00f3n a las y los j\u00f3venes de cada rinc\u00f3n del estado es una de las directrices del Gobierno de En Sonora en Equipo publicamos toda la informaci\u00f3n de Sonora, M\u00e9xico y el Mundo de manera oportuna y busca que la libertad de expresi\u00f3n sea real. Visita nuestro medio informativo publicado desde Hermosillo, Sonora. %","robots":{"index":"index","follow":"follow","max-snippet":"max-snippet:-1","max-image-preview":"max-image-preview:large","max-video-preview":"max-video-preview:-1"},"canonical":"https:\/\/www.sonoraenequipo.com.mx\/generamos-oportunidades-de-salud-y-educacion-para-la-juventud-de-sonora-gobernador-alfonso-durazo\/","og_locale":"es_ES","og_type":"article","og_title":"Sonora en Equipo. Generamos oportunidades de salud y educaci\u00f3n para la juventud de Sonora: gobernador Alfonso Durazo Sonora","og_description":"NACO, SONORA,MX.\u2500\u2500 Llevar oportunidades de salud y educaci\u00f3n a las y los j\u00f3venes de cada rinc\u00f3n del estado es una de las directrices del Gobierno de En Sonora en Equipo publicamos toda la informaci\u00f3n de Sonora, M\u00e9xico y el Mundo de manera oportuna y busca que la libertad de expresi\u00f3n sea real. Visita nuestro medio informativo publicado desde Hermosillo, Sonora. %","og_url":"https:\/\/www.sonoraenequipo.com.mx\/generamos-oportunidades-de-salud-y-educacion-para-la-juventud-de-sonora-gobernador-alfonso-durazo\/","og_site_name":"Sonora en Equipo.","article_publisher":"https:\/\/www.facebook.com\/SonoraEE\/","article_author":"https:\/\/www.facebook.com\/SonoraEE","article_published_time":"2022-07-30T19:35:38+00:00","article_modified_time":"2022-07-30T19:39:23+00:00","og_image":[{"width":600,"height":399,"url":"https:\/\/www.sonoraenequipo.com.mx\/storage\/2022\/07\/becas-naco.jpg","type":"image\/jpeg"}],"author":"enequipo","twitter_card":"summary_large_image","twitter_creator":"@sonoraenequipo","twitter_site":"@sonoraenequipo","twitter_misc":{"Escrito por":"enequipo","Tiempo de lectura":"2 minutos"},"schema":{"@context":"https:\/\/schema.org","@graph":[{"@type":"Article","@id":"https:\/\/www.sonoraenequipo.com.mx\/generamos-oportunidades-de-salud-y-educacion-para-la-juventud-de-sonora-gobernador-alfonso-durazo\/#article","isPartOf":{"@id":"https:\/\/www.sonoraenequipo.com.mx\/generamos-oportunidades-de-salud-y-educacion-para-la-juventud-de-sonora-gobernador-alfonso-durazo\/"},"author":{"name":"enequipo","@id":"https:\/\/www.sonoraenequipo.com.mx\/#\/schema\/person\/50102df0fb23a8fa9e8effad8fa81386"},"headline":"Generamos oportunidades de salud y educaci\u00f3n para la juventud de Sonora: gobernador Alfonso Durazo","datePublished":"2022-07-30T19:35:38+00:00","dateModified":"2022-07-30T19:39:23+00:00","mainEntityOfPage":{"@id":"https:\/\/www.sonoraenequipo.com.mx\/generamos-oportunidades-de-salud-y-educacion-para-la-juventud-de-sonora-gobernador-alfonso-durazo\/"},"wordCount":307,"commentCount":0,"publisher":{"@id":"https:\/\/www.sonoraenequipo.com.mx\/#organization"},"image":{"@id":"https:\/\/www.sonoraenequipo.com.mx\/generamos-oportunidades-de-salud-y-educacion-para-la-juventud-de-sonora-gobernador-alfonso-durazo\/#primaryimage"},"thumbnailUrl":"https:\/\/www.sonoraenequipo.com.mx\/storage\/2022\/07\/becas-naco.jpg","keywords":["Alfonso Durazo","becas","salud","Sonora"],"articleSection":["Sonora"],"inLanguage":"es","potentialAction":[{"@type":"CommentAction","name":"Comment","target":["https:\/\/www.sonoraenequipo.com.mx\/generamos-oportunidades-de-salud-y-educacion-para-la-juventud-de-sonora-gobernador-alfonso-durazo\/#respond"]}]},{"@type":"WebPage","@id":"https:\/\/www.sonoraenequipo.com.mx\/generamos-oportunidades-de-salud-y-educacion-para-la-juventud-de-sonora-gobernador-alfonso-durazo\/","url":"https:\/\/www.sonoraenequipo.com.mx\/generamos-oportunidades-de-salud-y-educacion-para-la-juventud-de-sonora-gobernador-alfonso-durazo\/","name":"Sonora en Equipo. Generamos oportunidades de salud y educaci\u00f3n para la juventud de Sonora: gobernador Alfonso Durazo Sonora","isPartOf":{"@id":"https:\/\/www.sonoraenequipo.com.mx\/#website"},"primaryImageOfPage":{"@id":"https:\/\/www.sonoraenequipo.com.mx\/generamos-oportunidades-de-salud-y-educacion-para-la-juventud-de-sonora-gobernador-alfonso-durazo\/#primaryimage"},"image":{"@id":"https:\/\/www.sonoraenequipo.com.mx\/generamos-oportunidades-de-salud-y-educacion-para-la-juventud-de-sonora-gobernador-alfonso-durazo\/#primaryimage"},"thumbnailUrl":"https:\/\/www.sonoraenequipo.com.mx\/storage\/2022\/07\/becas-naco.jpg","datePublished":"2022-07-30T19:35:38+00:00","dateModified":"2022-07-30T19:39:23+00:00","description":"NACO, SONORA,MX.\u2500\u2500 Llevar oportunidades de salud y educaci\u00f3n a las y los j\u00f3venes de cada rinc\u00f3n del estado es una de las directrices del Gobierno de En Sonora en Equipo publicamos toda la informaci\u00f3n de Sonora, M\u00e9xico y el Mundo de manera oportuna y busca que la libertad de expresi\u00f3n sea real. Visita nuestro medio informativo publicado desde Hermosillo, Sonora. %","breadcrumb":{"@id":"https:\/\/www.sonoraenequipo.com.mx\/generamos-oportunidades-de-salud-y-educacion-para-la-juventud-de-sonora-gobernador-alfonso-durazo\/#breadcrumb"},"inLanguage":"es","potentialAction":[{"@type":"ReadAction","target":["https:\/\/www.sonoraenequipo.com.mx\/generamos-oportunidades-de-salud-y-educacion-para-la-juventud-de-sonora-gobernador-alfonso-durazo\/"]}]},{"@type":"ImageObject","inLanguage":"es","@id":"https:\/\/www.sonoraenequipo.com.mx\/generamos-oportunidades-de-salud-y-educacion-para-la-juventud-de-sonora-gobernador-alfonso-durazo\/#primaryimage","url":"https:\/\/www.sonoraenequipo.com.mx\/storage\/2022\/07\/becas-naco.jpg","contentUrl":"https:\/\/www.sonoraenequipo.com.mx\/storage\/2022\/07\/becas-naco.jpg","width":600,"height":399},{"@type":"BreadcrumbList","@id":"https:\/\/www.sonoraenequipo.com.mx\/generamos-oportunidades-de-salud-y-educacion-para-la-juventud-de-sonora-gobernador-alfonso-durazo\/#breadcrumb","itemListElement":[{"@type":"ListItem","position":1,"name":"Portada","item":"https:\/\/www.sonoraenequipo.com.mx\/"},{"@type":"ListItem","position":2,"name":"Generamos oportunidades de salud y educaci\u00f3n para la juventud de Sonora: gobernador Alfonso Durazo"}]},{"@type":"WebSite","@id":"https:\/\/www.sonoraenequipo.com.mx\/#website","url":"https:\/\/www.sonoraenequipo.com.mx\/","name":"Sonora en Equipo.","description":"Diario en l\u00ednea con Noticias desde Hermosillo, Sonora","publisher":{"@id":"https:\/\/www.sonoraenequipo.com.mx\/#organization"},"potentialAction":[{"@type":"SearchAction","target":{"@type":"EntryPoint","urlTemplate":"https:\/\/www.sonoraenequipo.com.mx\/?s={search_term_string}"},"query-input":{"@type":"PropertyValueSpecification","valueRequired":true,"valueName":"search_term_string"}}],"inLanguage":"es"},{"@type":"Organization","@id":"https:\/\/www.sonoraenequipo.com.mx\/#organization","name":"Sonoraenequipo.com.mx","url":"https:\/\/www.sonoraenequipo.com.mx\/","logo":{"@type":"ImageObject","inLanguage":"es","@id":"https:\/\/www.sonoraenequipo.com.mx\/#\/schema\/logo\/image\/","url":"https:\/\/www.sonoraenequipo.com.mx\/storage\/2019\/01\/sonoraenequipo_opt.png","contentUrl":"https:\/\/www.sonoraenequipo.com.mx\/storage\/2019\/01\/sonoraenequipo_opt.png","width":375,"height":125,"caption":"Sonoraenequipo.com.mx"},"image":{"@id":"https:\/\/www.sonoraenequipo.com.mx\/#\/schema\/logo\/image\/"},"sameAs":["https:\/\/www.facebook.com\/SonoraEE\/","https:\/\/x.com\/sonoraenequipo","https:\/\/www.youtube.com\/channel\/UC338nW-lPEYmJQs4ZABQ1SQ"]},{"@type":"Person","@id":"https:\/\/www.sonoraenequipo.com.mx\/#\/schema\/person\/50102df0fb23a8fa9e8effad8fa81386","name":"enequipo","image":{"@type":"ImageObject","inLanguage":"es","@id":"https:\/\/www.sonoraenequipo.com.mx\/#\/schema\/person\/image\/","url":"https:\/\/secure.gravatar.com\/avatar\/049821681b589dabc0bc20695993ccebb09f5b5d4d790cd9251b97faac7c652b?s=96&d=blank&r=g","contentUrl":"https:\/\/secure.gravatar.com\/avatar\/049821681b589dabc0bc20695993ccebb09f5b5d4d790cd9251b97faac7c652b?s=96&d=blank&r=g","caption":"enequipo"},"sameAs":["https:\/\/www.facebook.com\/SonoraEE"]}]}},"jetpack_featured_media_url":"https:\/\/www.sonoraenequipo.com.mx\/storage\/2022\/07\/becas-naco.jpg","_links":{"self":[{"href":"https:\/\/www.sonoraenequipo.com.mx\/api\/wp\/v2\/posts\/143827","targetHints":{"allow":["GET"]}}],"collection":[{"href":"https:\/\/www.sonoraenequipo.com.mx\/api\/wp\/v2\/posts"}],"about":[{"href":"https:\/\/www.sonoraenequipo.com.mx\/api\/wp\/v2\/types\/post"}],"author":[{"embeddable":true,"href":"https:\/\/www.sonoraenequipo.com.mx\/api\/wp\/v2\/users\/1"}],"replies":[{"embeddable":true,"href":"https:\/\/www.sonoraenequipo.com.mx\/api\/wp\/v2\/comments?post=143827"}],"version-history":[{"count":1,"href":"https:\/\/www.sonoraenequipo.com.mx\/api\/wp\/v2\/posts\/143827\/revisions"}],"predecessor-version":[{"id":143828,"href":"https:\/\/www.sonoraenequipo.com.mx\/api\/wp\/v2\/posts\/143827\/revisions\/143828"}],"wp:featuredmedia":[{"embeddable":true,"href":"https:\/\/www.sonoraenequipo.com.mx\/api\/wp\/v2\/media\/143829"}],"wp:attachment":[{"href":"https:\/\/www.sonoraenequipo.com.mx\/api\/wp\/v2\/media?parent=143827"}],"wp:term":[{"taxonomy":"category","embeddable":true,"href":"https:\/\/www.sonoraenequipo.com.mx\/api\/wp\/v2\/categories?post=143827"},{"taxonomy":"post_tag","embeddable":true,"href":"https:\/\/www.sonoraenequipo.com.mx\/api\/wp\/v2\/tags?post=143827"}],"curies":[{"name":"wp","href":"https:\/\/api.w.org\/{rel}","templated":true}]}}