{"id":143830,"date":"2022-07-30T12:51:59","date_gmt":"2022-07-30T19:51:59","guid":{"rendered":"https:\/\/www.sonoraenequipo.com.mx\/?p=143830"},"modified":"2022-07-30T12:51:59","modified_gmt":"2022-07-30T19:51:59","slug":"promovera-pri-convenios-que-tiene-de-beneficio-para-priistas","status":"publish","type":"post","link":"https:\/\/www.sonoraenequipo.com.mx\/promovera-pri-convenios-que-tiene-de-beneficio-para-priistas\/","title":{"rendered":"Promover\u00e1 PRI convenios que tiene de beneficio para pri\u00edstas"},"content":{"rendered":"<p>Hermosillo, Sonora, 29 de julio 2022.- Con el compromiso de contribuir a mejorar la calidad de vida de los militantes, acerc\u00e1ndoles la mayor cantidad de herramientas para lograrlo, la Secretaria de Gesti\u00f3n Social del CEN del PRI, Sara Rocha Medina, present\u00f3 en esta ciudad el esquema de convenios para que militantes del PRI obtengan beneficios en diversos servicios y productos.<\/p>\n<p>&nbsp;<\/p>\n<p>\u201cLos convenios y todo lo que estamos trabajando lo hacemos para que los militantes tengan beneficios y apoyos, y los sigamos ayudando con las gestiones, es instrucci\u00f3n del Presidente Alejandro Moreno y de la Secretaria General, Carolina Viggiano; pero la gesti\u00f3n como partido no es nueva, es un tema de toda la vida, es hist\u00f3rico en el partido, es uno de los pilares m\u00e1s importantes de nuestra instituci\u00f3n, no lo hemos dejado, seguimos hoy por hoy trabajando con ello\u201d manifest\u00f3 Rocha Medina.<\/p>\n<p>&nbsp;<\/p>\n<p>Por su parte el Presidente del CDE del PRI en Sonora, On\u00e9simo Aguilera Burrola, acompa\u00f1ado de la Secretaria General, Iris S\u00e1nchez Chiu y la Secretaria de Gesti\u00f3n Social de PRI en Sonora, Kiky D\u00edaz Brown, recalc\u00f3 que la gesti\u00f3n social es un \u00e1rea indispensable del partido.<\/p>\n<p>&nbsp;<\/p>\n<p>\u201cHoy nos fortalecemos con la presencia de la Secretaria Sara Rocha y como priistas sabemos que la gesti\u00f3n social es la verdadera pol\u00edtica, es fundamental para responder, para estar m\u00e1s cerca y apoyar a los militantes, con estos convenios estamos avanzando y ya tenemos pl\u00e1ticas con algunas empresas locales\u201d, destac\u00f3 Aguilera Burrola.<\/p>\n<p>&nbsp;<\/p>\n<p>Ante funcionarios de PRI en Sonora, de representantes de sectores y organizaciones, la Secretaria de Gesti\u00f3n Social del CEN, explic\u00f3 en qu\u00e9 consisten los convenios realizados, mismos que ya se tienen con asociaciones civiles, fundaciones, congregaciones, escuelas, hospitales, universidades, hoteles y otro tipo de empresas, mismas que establecen y recaban las cuotas, para dar descuentos desde 10 hasta 60%,\u00a0 adem\u00e1s de atenciones especiales, facilidades de pago, y otros beneficios a los militantes.<\/p>\n<p>&nbsp;<\/p>\n<p>\u201cTenemos que lograr nuevamente estar cerca de la gente, que sepa el militante que aqu\u00ed estamos, es nuestra obligaci\u00f3n responderle a la militancia con la gesti\u00f3n, porque la pol\u00edtica es servicio, y no servirse\u201d enfatiz\u00f3 Sara Rocha Medina.<\/p>\n","protected":false},"excerpt":{"rendered":"<p>Hermosillo, Sonora, 29 de julio 2022.- Con el compromiso de contribuir a mejorar la calidad&#8230;<\/p>\n","protected":false},"author":1,"featured_media":143831,"comment_status":"open","ping_status":"open","sticky":false,"template":"","format":"standard","meta":{"_monsterinsights_skip_tracking":false,"_monsterinsights_sitenote_active":false,"_monsterinsights_sitenote_note":"","_monsterinsights_sitenote_category":0,"footnotes":""},"categories":[22],"tags":[105,15],"class_list":["post"],"yoast_head":" \n<title>Sonora en Equipo. Promover\u00e1 PRI convenios que tiene de beneficio para pri\u00edstas Sonora<\/title>\n<meta name=\"description\" content=\"Hermosillo, Sonora, 29 de julio 2022.- Con el compromiso de contribuir a mejorar la calidad de vida de los militantes, acerc\u00e1ndoles la mayor cantidad de En Sonora en Equipo publicamos toda la informaci\u00f3n de Sonora, M\u00e9xico y el Mundo de manera oportuna y busca que la libertad de expresi\u00f3n sea real. Visita nuestro medio informativo publicado desde Hermosillo, Sonora. %\" \/>\n<meta name=\"robots\" content=\"index, follow, max-snippet:-1, max-image-preview:large, max-video-preview:-1\" \/>\n<link rel=\"canonical\" href=\"https:\/\/www.sonoraenequipo.com.mx\/promovera-pri-convenios-que-tiene-de-beneficio-para-priistas\/\" \/>\n<meta property=\"og:locale\" content=\"es_ES\" \/>\n<meta property=\"og:type\" content=\"article\" \/>\n<meta property=\"og:title\" content=\"Sonora en Equipo. Promover\u00e1 PRI convenios que tiene de beneficio para pri\u00edstas Sonora\" \/>\n<meta property=\"og:description\" content=\"Hermosillo, Sonora, 29 de julio 2022.- Con el compromiso de contribuir a mejorar la calidad de vida de los militantes, acerc\u00e1ndoles la mayor cantidad de En Sonora en Equipo publicamos toda la informaci\u00f3n de Sonora, M\u00e9xico y el Mundo de manera oportuna y busca que la libertad de expresi\u00f3n sea real. Visita nuestro medio informativo publicado desde Hermosillo, Sonora. %\" \/>\n<meta property=\"og:url\" content=\"https:\/\/www.sonoraenequipo.com.mx\/promovera-pri-convenios-que-tiene-de-beneficio-para-priistas\/\" \/>\n<meta property=\"og:site_name\" content=\"Sonora en Equipo.\" \/>\n<meta property=\"article:publisher\" content=\"https:\/\/www.facebook.com\/SonoraEE\/\" \/>\n<meta property=\"article:author\" content=\"https:\/\/www.facebook.com\/SonoraEE\" \/>\n<meta property=\"article:published_time\" content=\"2022-07-30T19:51:59+00:00\" \/>\n<meta property=\"og:image\" content=\"https:\/\/www.sonoraenequipo.com.mx\/storage\/2022\/07\/pri.jpg\" \/>\n\t<meta property=\"og:image:width\" content=\"600\" \/>\n\t<meta property=\"og:image:height\" content=\"400\" \/>\n\t<meta property=\"og:image:type\" content=\"image\/jpeg\" \/>\n<meta name=\"author\" content=\"enequipo\" \/>\n<meta name=\"twitter:card\" content=\"summary_large_image\" \/>\n<meta name=\"twitter:creator\" content=\"@sonoraenequipo\" \/>\n<meta name=\"twitter:site\" content=\"@sonoraenequipo\" \/>\n<meta name=\"twitter:label1\" content=\"Escrito por\" \/>\n\t<meta name=\"twitter:data1\" content=\"enequipo\" \/>\n\t<meta name=\"twitter:label2\" content=\"Tiempo de lectura\" \/>\n\t<meta name=\"twitter:data2\" content=\"2 minutos\" \/>\n<script type=\"application\/ld+json\" class=\"yoast-schema-graph\">{\"@context\":\"https:\/\/schema.org\",\"@graph\":[{\"@type\":\"Article\",\"@id\":\"https:\/\/www.sonoraenequipo.com.mx\/promovera-pri-convenios-que-tiene-de-beneficio-para-priistas\/#article\",\"isPartOf\":{\"@id\":\"https:\/\/www.sonoraenequipo.com.mx\/promovera-pri-convenios-que-tiene-de-beneficio-para-priistas\/\"},\"author\":{\"name\":\"enequipo\",\"@id\":\"https:\/\/www.sonoraenequipo.com.mx\/#\/schema\/person\/50102df0fb23a8fa9e8effad8fa81386\"},\"headline\":\"Promover\u00e1 PRI convenios que tiene de beneficio para pri\u00edstas\",\"datePublished\":\"2022-07-30T19:51:59+00:00\",\"mainEntityOfPage\":{\"@id\":\"https:\/\/www.sonoraenequipo.com.mx\/promovera-pri-convenios-que-tiene-de-beneficio-para-priistas\/\"},\"wordCount\":384,\"commentCount\":0,\"publisher\":{\"@id\":\"https:\/\/www.sonoraenequipo.com.mx\/#organization\"},\"image\":{\"@id\":\"https:\/\/www.sonoraenequipo.com.mx\/promovera-pri-convenios-que-tiene-de-beneficio-para-priistas\/#primaryimage\"},\"thumbnailUrl\":\"https:\/\/www.sonoraenequipo.com.mx\/storage\/2022\/07\/pri.jpg\",\"keywords\":[\"pri\",\"Sonora\"],\"articleSection\":[\"Sonora\"],\"inLanguage\":\"es\",\"potentialAction\":[{\"@type\":\"CommentAction\",\"name\":\"Comment\",\"target\":[\"https:\/\/www.sonoraenequipo.com.mx\/promovera-pri-convenios-que-tiene-de-beneficio-para-priistas\/#respond\"]}]},{\"@type\":\"WebPage\",\"@id\":\"https:\/\/www.sonoraenequipo.com.mx\/promovera-pri-convenios-que-tiene-de-beneficio-para-priistas\/\",\"url\":\"https:\/\/www.sonoraenequipo.com.mx\/promovera-pri-convenios-que-tiene-de-beneficio-para-priistas\/\",\"name\":\"Sonora en Equipo. Promover\u00e1 PRI convenios que tiene de beneficio para pri\u00edstas Sonora\",\"isPartOf\":{\"@id\":\"https:\/\/www.sonoraenequipo.com.mx\/#website\"},\"primaryImageOfPage\":{\"@id\":\"https:\/\/www.sonoraenequipo.com.mx\/promovera-pri-convenios-que-tiene-de-beneficio-para-priistas\/#primaryimage\"},\"image\":{\"@id\":\"https:\/\/www.sonoraenequipo.com.mx\/promovera-pri-convenios-que-tiene-de-beneficio-para-priistas\/#primaryimage\"},\"thumbnailUrl\":\"https:\/\/www.sonoraenequipo.com.mx\/storage\/2022\/07\/pri.jpg\",\"datePublished\":\"2022-07-30T19:51:59+00:00\",\"description\":\"Hermosillo, Sonora, 29 de julio 2022.- Con el compromiso de contribuir a mejorar la calidad de vida de los militantes, acerc\u00e1ndoles la mayor cantidad de En Sonora en Equipo publicamos toda la informaci\u00f3n de Sonora, M\u00e9xico y el Mundo de manera oportuna y busca que la libertad de expresi\u00f3n sea real. Visita nuestro medio informativo publicado desde Hermosillo, Sonora. %\",\"breadcrumb\":{\"@id\":\"https:\/\/www.sonoraenequipo.com.mx\/promovera-pri-convenios-que-tiene-de-beneficio-para-priistas\/#breadcrumb\"},\"inLanguage\":\"es\",\"potentialAction\":[{\"@type\":\"ReadAction\",\"target\":[\"https:\/\/www.sonoraenequipo.com.mx\/promovera-pri-convenios-que-tiene-de-beneficio-para-priistas\/\"]}]},{\"@type\":\"ImageObject\",\"inLanguage\":\"es\",\"@id\":\"https:\/\/www.sonoraenequipo.com.mx\/promovera-pri-convenios-que-tiene-de-beneficio-para-priistas\/#primaryimage\",\"url\":\"https:\/\/www.sonoraenequipo.com.mx\/storage\/2022\/07\/pri.jpg\",\"contentUrl\":\"https:\/\/www.sonoraenequipo.com.mx\/storage\/2022\/07\/pri.jpg\",\"width\":600,\"height\":400},{\"@type\":\"BreadcrumbList\",\"@id\":\"https:\/\/www.sonoraenequipo.com.mx\/promovera-pri-convenios-que-tiene-de-beneficio-para-priistas\/#breadcrumb\",\"itemListElement\":[{\"@type\":\"ListItem\",\"position\":1,\"name\":\"Portada\",\"item\":\"https:\/\/www.sonoraenequipo.com.mx\/\"},{\"@type\":\"ListItem\",\"position\":2,\"name\":\"Promover\u00e1 PRI convenios que tiene de beneficio para pri\u00edstas\"}]},{\"@type\":\"WebSite\",\"@id\":\"https:\/\/www.sonoraenequipo.com.mx\/#website\",\"url\":\"https:\/\/www.sonoraenequipo.com.mx\/\",\"name\":\"Sonora en Equipo.\",\"description\":\"Diario en l\u00ednea con Noticias desde Hermosillo, Sonora\",\"publisher\":{\"@id\":\"https:\/\/www.sonoraenequipo.com.mx\/#organization\"},\"potentialAction\":[{\"@type\":\"SearchAction\",\"target\":{\"@type\":\"EntryPoint\",\"urlTemplate\":\"https:\/\/www.sonoraenequipo.com.mx\/?s={search_term_string}\"},\"query-input\":{\"@type\":\"PropertyValueSpecification\",\"valueRequired\":true,\"valueName\":\"search_term_string\"}}],\"inLanguage\":\"es\"},{\"@type\":\"Organization\",\"@id\":\"https:\/\/www.sonoraenequipo.com.mx\/#organization\",\"name\":\"Sonoraenequipo.com.mx\",\"url\":\"https:\/\/www.sonoraenequipo.com.mx\/\",\"logo\":{\"@type\":\"ImageObject\",\"inLanguage\":\"es\",\"@id\":\"https:\/\/www.sonoraenequipo.com.mx\/#\/schema\/logo\/image\/\",\"url\":\"https:\/\/www.sonoraenequipo.com.mx\/storage\/2019\/01\/sonoraenequipo_opt.png\",\"contentUrl\":\"https:\/\/www.sonoraenequipo.com.mx\/storage\/2019\/01\/sonoraenequipo_opt.png\",\"width\":375,\"height\":125,\"caption\":\"Sonoraenequipo.com.mx\"},\"image\":{\"@id\":\"https:\/\/www.sonoraenequipo.com.mx\/#\/schema\/logo\/image\/\"},\"sameAs\":[\"https:\/\/www.facebook.com\/SonoraEE\/\",\"https:\/\/x.com\/sonoraenequipo\",\"https:\/\/www.youtube.com\/channel\/UC338nW-lPEYmJQs4ZABQ1SQ\"]},{\"@type\":\"Person\",\"@id\":\"https:\/\/www.sonoraenequipo.com.mx\/#\/schema\/person\/50102df0fb23a8fa9e8effad8fa81386\",\"name\":\"enequipo\",\"image\":{\"@type\":\"ImageObject\",\"inLanguage\":\"es\",\"@id\":\"https:\/\/www.sonoraenequipo.com.mx\/#\/schema\/person\/image\/\",\"url\":\"https:\/\/secure.gravatar.com\/avatar\/049821681b589dabc0bc20695993ccebb09f5b5d4d790cd9251b97faac7c652b?s=96&d=blank&r=g\",\"contentUrl\":\"https:\/\/secure.gravatar.com\/avatar\/049821681b589dabc0bc20695993ccebb09f5b5d4d790cd9251b97faac7c652b?s=96&d=blank&r=g\",\"caption\":\"enequipo\"},\"sameAs\":[\"https:\/\/www.facebook.com\/SonoraEE\"]}]}<\/script>\n ","yoast_head_json":{"title":"Sonora en Equipo. Promover\u00e1 PRI convenios que tiene de beneficio para pri\u00edstas Sonora","description":"Hermosillo, Sonora, 29 de julio 2022.- Con el compromiso de contribuir a mejorar la calidad de vida de los militantes, acerc\u00e1ndoles la mayor cantidad de En Sonora en Equipo publicamos toda la informaci\u00f3n de Sonora, M\u00e9xico y el Mundo de manera oportuna y busca que la libertad de expresi\u00f3n sea real. Visita nuestro medio informativo publicado desde Hermosillo, Sonora. %","robots":{"index":"index","follow":"follow","max-snippet":"max-snippet:-1","max-image-preview":"max-image-preview:large","max-video-preview":"max-video-preview:-1"},"canonical":"https:\/\/www.sonoraenequipo.com.mx\/promovera-pri-convenios-que-tiene-de-beneficio-para-priistas\/","og_locale":"es_ES","og_type":"article","og_title":"Sonora en Equipo. Promover\u00e1 PRI convenios que tiene de beneficio para pri\u00edstas Sonora","og_description":"Hermosillo, Sonora, 29 de julio 2022.- Con el compromiso de contribuir a mejorar la calidad de vida de los militantes, acerc\u00e1ndoles la mayor cantidad de En Sonora en Equipo publicamos toda la informaci\u00f3n de Sonora, M\u00e9xico y el Mundo de manera oportuna y busca que la libertad de expresi\u00f3n sea real. Visita nuestro medio informativo publicado desde Hermosillo, Sonora. %","og_url":"https:\/\/www.sonoraenequipo.com.mx\/promovera-pri-convenios-que-tiene-de-beneficio-para-priistas\/","og_site_name":"Sonora en Equipo.","article_publisher":"https:\/\/www.facebook.com\/SonoraEE\/","article_author":"https:\/\/www.facebook.com\/SonoraEE","article_published_time":"2022-07-30T19:51:59+00:00","og_image":[{"width":600,"height":400,"url":"https:\/\/www.sonoraenequipo.com.mx\/storage\/2022\/07\/pri.jpg","type":"image\/jpeg"}],"author":"enequipo","twitter_card":"summary_large_image","twitter_creator":"@sonoraenequipo","twitter_site":"@sonoraenequipo","twitter_misc":{"Escrito por":"enequipo","Tiempo de lectura":"2 minutos"},"schema":{"@context":"https:\/\/schema.org","@graph":[{"@type":"Article","@id":"https:\/\/www.sonoraenequipo.com.mx\/promovera-pri-convenios-que-tiene-de-beneficio-para-priistas\/#article","isPartOf":{"@id":"https:\/\/www.sonoraenequipo.com.mx\/promovera-pri-convenios-que-tiene-de-beneficio-para-priistas\/"},"author":{"name":"enequipo","@id":"https:\/\/www.sonoraenequipo.com.mx\/#\/schema\/person\/50102df0fb23a8fa9e8effad8fa81386"},"headline":"Promover\u00e1 PRI convenios que tiene de beneficio para pri\u00edstas","datePublished":"2022-07-30T19:51:59+00:00","mainEntityOfPage":{"@id":"https:\/\/www.sonoraenequipo.com.mx\/promovera-pri-convenios-que-tiene-de-beneficio-para-priistas\/"},"wordCount":384,"commentCount":0,"publisher":{"@id":"https:\/\/www.sonoraenequipo.com.mx\/#organization"},"image":{"@id":"https:\/\/www.sonoraenequipo.com.mx\/promovera-pri-convenios-que-tiene-de-beneficio-para-priistas\/#primaryimage"},"thumbnailUrl":"https:\/\/www.sonoraenequipo.com.mx\/storage\/2022\/07\/pri.jpg","keywords":["pri","Sonora"],"articleSection":["Sonora"],"inLanguage":"es","potentialAction":[{"@type":"CommentAction","name":"Comment","target":["https:\/\/www.sonoraenequipo.com.mx\/promovera-pri-convenios-que-tiene-de-beneficio-para-priistas\/#respond"]}]},{"@type":"WebPage","@id":"https:\/\/www.sonoraenequipo.com.mx\/promovera-pri-convenios-que-tiene-de-beneficio-para-priistas\/","url":"https:\/\/www.sonoraenequipo.com.mx\/promovera-pri-convenios-que-tiene-de-beneficio-para-priistas\/","name":"Sonora en Equipo. Promover\u00e1 PRI convenios que tiene de beneficio para pri\u00edstas Sonora","isPartOf":{"@id":"https:\/\/www.sonoraenequipo.com.mx\/#website"},"primaryImageOfPage":{"@id":"https:\/\/www.sonoraenequipo.com.mx\/promovera-pri-convenios-que-tiene-de-beneficio-para-priistas\/#primaryimage"},"image":{"@id":"https:\/\/www.sonoraenequipo.com.mx\/promovera-pri-convenios-que-tiene-de-beneficio-para-priistas\/#primaryimage"},"thumbnailUrl":"https:\/\/www.sonoraenequipo.com.mx\/storage\/2022\/07\/pri.jpg","datePublished":"2022-07-30T19:51:59+00:00","description":"Hermosillo, Sonora, 29 de julio 2022.- Con el compromiso de contribuir a mejorar la calidad de vida de los militantes, acerc\u00e1ndoles la mayor cantidad de En Sonora en Equipo publicamos toda la informaci\u00f3n de Sonora, M\u00e9xico y el Mundo de manera oportuna y busca que la libertad de expresi\u00f3n sea real. Visita nuestro medio informativo publicado desde Hermosillo, Sonora. %","breadcrumb":{"@id":"https:\/\/www.sonoraenequipo.com.mx\/promovera-pri-convenios-que-tiene-de-beneficio-para-priistas\/#breadcrumb"},"inLanguage":"es","potentialAction":[{"@type":"ReadAction","target":["https:\/\/www.sonoraenequipo.com.mx\/promovera-pri-convenios-que-tiene-de-beneficio-para-priistas\/"]}]},{"@type":"ImageObject","inLanguage":"es","@id":"https:\/\/www.sonoraenequipo.com.mx\/promovera-pri-convenios-que-tiene-de-beneficio-para-priistas\/#primaryimage","url":"https:\/\/www.sonoraenequipo.com.mx\/storage\/2022\/07\/pri.jpg","contentUrl":"https:\/\/www.sonoraenequipo.com.mx\/storage\/2022\/07\/pri.jpg","width":600,"height":400},{"@type":"BreadcrumbList","@id":"https:\/\/www.sonoraenequipo.com.mx\/promovera-pri-convenios-que-tiene-de-beneficio-para-priistas\/#breadcrumb","itemListElement":[{"@type":"ListItem","position":1,"name":"Portada","item":"https:\/\/www.sonoraenequipo.com.mx\/"},{"@type":"ListItem","position":2,"name":"Promover\u00e1 PRI convenios que tiene de beneficio para pri\u00edstas"}]},{"@type":"WebSite","@id":"https:\/\/www.sonoraenequipo.com.mx\/#website","url":"https:\/\/www.sonoraenequipo.com.mx\/","name":"Sonora en Equipo.","description":"Diario en l\u00ednea con Noticias desde Hermosillo, Sonora","publisher":{"@id":"https:\/\/www.sonoraenequipo.com.mx\/#organization"},"potentialAction":[{"@type":"SearchAction","target":{"@type":"EntryPoint","urlTemplate":"https:\/\/www.sonoraenequipo.com.mx\/?s={search_term_string}"},"query-input":{"@type":"PropertyValueSpecification","valueRequired":true,"valueName":"search_term_string"}}],"inLanguage":"es"},{"@type":"Organization","@id":"https:\/\/www.sonoraenequipo.com.mx\/#organization","name":"Sonoraenequipo.com.mx","url":"https:\/\/www.sonoraenequipo.com.mx\/","logo":{"@type":"ImageObject","inLanguage":"es","@id":"https:\/\/www.sonoraenequipo.com.mx\/#\/schema\/logo\/image\/","url":"https:\/\/www.sonoraenequipo.com.mx\/storage\/2019\/01\/sonoraenequipo_opt.png","contentUrl":"https:\/\/www.sonoraenequipo.com.mx\/storage\/2019\/01\/sonoraenequipo_opt.png","width":375,"height":125,"caption":"Sonoraenequipo.com.mx"},"image":{"@id":"https:\/\/www.sonoraenequipo.com.mx\/#\/schema\/logo\/image\/"},"sameAs":["https:\/\/www.facebook.com\/SonoraEE\/","https:\/\/x.com\/sonoraenequipo","https:\/\/www.youtube.com\/channel\/UC338nW-lPEYmJQs4ZABQ1SQ"]},{"@type":"Person","@id":"https:\/\/www.sonoraenequipo.com.mx\/#\/schema\/person\/50102df0fb23a8fa9e8effad8fa81386","name":"enequipo","image":{"@type":"ImageObject","inLanguage":"es","@id":"https:\/\/www.sonoraenequipo.com.mx\/#\/schema\/person\/image\/","url":"https:\/\/secure.gravatar.com\/avatar\/049821681b589dabc0bc20695993ccebb09f5b5d4d790cd9251b97faac7c652b?s=96&d=blank&r=g","contentUrl":"https:\/\/secure.gravatar.com\/avatar\/049821681b589dabc0bc20695993ccebb09f5b5d4d790cd9251b97faac7c652b?s=96&d=blank&r=g","caption":"enequipo"},"sameAs":["https:\/\/www.facebook.com\/SonoraEE"]}]}},"jetpack_featured_media_url":"https:\/\/www.sonoraenequipo.com.mx\/storage\/2022\/07\/pri.jpg","_links":{"self":[{"href":"https:\/\/www.sonoraenequipo.com.mx\/api\/wp\/v2\/posts\/143830","targetHints":{"allow":["GET"]}}],"collection":[{"href":"https:\/\/www.sonoraenequipo.com.mx\/api\/wp\/v2\/posts"}],"about":[{"href":"https:\/\/www.sonoraenequipo.com.mx\/api\/wp\/v2\/types\/post"}],"author":[{"embeddable":true,"href":"https:\/\/www.sonoraenequipo.com.mx\/api\/wp\/v2\/users\/1"}],"replies":[{"embeddable":true,"href":"https:\/\/www.sonoraenequipo.com.mx\/api\/wp\/v2\/comments?post=143830"}],"version-history":[{"count":1,"href":"https:\/\/www.sonoraenequipo.com.mx\/api\/wp\/v2\/posts\/143830\/revisions"}],"predecessor-version":[{"id":143832,"href":"https:\/\/www.sonoraenequipo.com.mx\/api\/wp\/v2\/posts\/143830\/revisions\/143832"}],"wp:featuredmedia":[{"embeddable":true,"href":"https:\/\/www.sonoraenequipo.com.mx\/api\/wp\/v2\/media\/143831"}],"wp:attachment":[{"href":"https:\/\/www.sonoraenequipo.com.mx\/api\/wp\/v2\/media?parent=143830"}],"wp:term":[{"taxonomy":"category","embeddable":true,"href":"https:\/\/www.sonoraenequipo.com.mx\/api\/wp\/v2\/categories?post=143830"},{"taxonomy":"post_tag","embeddable":true,"href":"https:\/\/www.sonoraenequipo.com.mx\/api\/wp\/v2\/tags?post=143830"}],"curies":[{"name":"wp","href":"https:\/\/api.w.org\/{rel}","templated":true}]}}