{"id":143833,"date":"2022-07-30T13:21:01","date_gmt":"2022-07-30T20:21:01","guid":{"rendered":"https:\/\/www.sonoraenequipo.com.mx\/?p=143833"},"modified":"2022-07-30T13:21:01","modified_gmt":"2022-07-30T20:21:01","slug":"resumen-de-acciones-de-la-policia-de-hermosillo-29-30-de-julio","status":"publish","type":"post","link":"https:\/\/www.sonoraenequipo.com.mx\/resumen-de-acciones-de-la-policia-de-hermosillo-29-30-de-julio\/","title":{"rendered":"Resumen de acciones de la Polic\u00eda de Hermosillo 29-30 \u00a0de julio"},"content":{"rendered":"<p>DETENIDOS<\/p>\n<p><strong>HERMOSILLO, SONORA,MX.<\/strong><strong>\u2500\u2500<\/strong> A las 03:20 horas de hoy, cuando la Polic\u00eda Preventiva arrest\u00f3 a Miguel \u00c1ngel \u00bb N\u00bb de 18 a\u00f1os de edad, por el delito de portaci\u00f3n de arma prohibida.<\/p>\n<p>&nbsp;<\/p>\n<p>Al individuo se le asegur\u00f3 un machete cuando se desplazaba por las calles Privada Andina y Nuevo Progreso de la<\/p>\n<p>Colonia Privadas del Real.<\/p>\n<p>&nbsp;<\/p>\n<p>.El joven caminaba por el carril de circulaci\u00f3n obstruyendo el tr\u00e1fico y poniendo en riesgo su vida, optando los agentes de interceptarlo.<\/p>\n<p>&nbsp;<\/p>\n<p>Al ver a los polic\u00edas el sujeto intent\u00f3 retirarse sin lograrlo y al inspeccionarlo se le localiz\u00f3 el arma blanca antes descrita, la cual se turn\u00f3 a la autoridad investigadora.<\/p>\n<p>&nbsp;<\/p>\n<p>Los Arroyos.- Efra\u00edn \u00abN\u00bb y Jes\u00fas Ricardo \u00abN\u00bb de 47 y 25 a\u00f1os de edad respectivamente,\u00a0 fueron capturados por la Polic\u00eda de Hermosillo, tras cometer da\u00f1os en perjuicio de una tienda de conveniencia.<\/p>\n<p>Dicha tienda se ubica en las calles<\/p>\n<p>Perimetral Norte y Arroyo Molinito, en donde a las 03:30 horas de hoy se reportaron da\u00f1os.<\/p>\n<p>Al llegar los oficiales tomaron nota de da\u00f1os al vidrio frontal del lado izquierdo y de que\u00a0 dejaron tirado en el piso un tubo galvanizado de color gris.<\/p>\n<p>El par de sujetos cuando vieron la patrulla corrieron y fueron alcanzados y detenidos por los agentes,\u00a0 quienes los pusieron a disposici\u00f3n del Ministerio P\u00fablico correspondiente.<\/p>\n<p>Villa Bonita &#8211; Momentos despu\u00e9s de que un menor de edad sustrajo de una casa una bicicleta,\u00a0 fue arrestado por la Polic\u00eda Municipal de Hermosillo.<\/p>\n<p>Los polic\u00edas preventivos circulaban a las 03:25 horas de hoy por la calle Jarda hacia el sur y detr\u00e1s de \u00e9l iba una persona, quien les pidi\u00f3 apoyo para arrestarlo.<\/p>\n<p>&nbsp;<\/p>\n<p>El afectado se\u00f1al\u00f3 al menor de 13 a\u00f1os de edad de sustraer del patio posterior de la vivienda la bicicleta, en la cual se desplazaba cuando qued\u00f3 detenido.<\/p>\n<p>Ampliaci\u00f3n Ladrilleras. &#8211; La Polic\u00eda Municipal arrest\u00f3 por el delito de violencia familiar a Roberto Leopoldo \u00abN\u00bb, de 31 a\u00f1os de edad.<\/p>\n<p>Los hechos fueron a las 21:12 horas de ayer, en un domicilio ubicado en las calles Huatabampito y Rep\u00fablica de Panam\u00e1 de la Ampliaci\u00f3n Ladrilleras.<\/p>\n<p>&nbsp;<\/p>\n<p>En ese lugar la afectada narr\u00f3 a los oficiales que su ex pareja lleg\u00f3 a la vivienda amenaz\u00e1ndola de muerte y con actitud violenta.<\/p>\n<p>&nbsp;<\/p>\n<p>Dijo que el hombre la sujet\u00f3 del cuello tratando de ahorcarla por lo que ella grit\u00f3 para pedir auxilio.<\/p>\n<p>&nbsp;<\/p>\n<p>Ante el se\u00f1alamiento los agentes municipales pusieron a disposici\u00f3n de la autoridad investigadora al presunto agresor, quien fue detenido por fuera del domicilio de la v\u00edctima.<\/p>\n<p>Bah\u00eda dd Kino.- Ayer por la ma\u00f1ana fue detenido por el delito de allanamiento de casa habitaci\u00f3n quien dijo llamarse Gabriel \u201cN\u201d, de 58 a\u00f1os, esto en las calles Miramar y\u00a0 Yavaros, de la colonia Centro, en Bah\u00eda de Kino.<\/p>\n<p>&nbsp;<\/p>\n<p>Elementos de la Polic\u00eda de Hermosillo atendieron un llamado que indicaba a una persona dentro de un inmueble, desconocido para los habitantes del lugar.<\/p>\n<p>&nbsp;<\/p>\n<p>Al llegar al sitio, los oficiales tienen a la vista a un masculino que sale del lugar, al cual abordan y detienen, a las 8:45 horas de ayer, para despu\u00e9s presentarlo ante el Ministerio P\u00fablico.<\/p>\n<p>&nbsp;<\/p>\n<p>&nbsp;<\/p>\n<p>El Jito.- Javier \u201cN\u201d, de 34 a\u00f1os, fue detenido por el delito de portaci\u00f3n de arma prohibida, esto a las 10:30 horas de ayer viernes, en las calles 5 de mayo y Ejido, de la colonia El Jito.<\/p>\n<p>&nbsp;<\/p>\n<p>Los agentes comisionados a esa zona de vigilancia tuvieron a la vista a un masculino que caminaba por la calle portando en su mano lo que parec\u00eda ser un arma prohibida.<\/p>\n<p>Al quererlo abordar, el sujeto sale corriendo, tratando de subir al techo de una vivienda, en donde es asegurado.<\/p>\n<p>&nbsp;<\/p>\n<p>El objeto era un pedazo de solera con punta y filo, por lo que fue presentado ante el Ministerio P\u00fablico.<\/p>\n<p>&nbsp;<\/p>\n<p>Amapolas.- Rafael \u201cN\u201d, de 34 a\u00f1os, fue detenido por el delito de posesi\u00f3n de posible narc\u00f3tico, esto a las 16:23 horas de ayer.<\/p>\n<p>&nbsp;<\/p>\n<p>Fue en la colonia Las Amapolas, donde los agentes preventivos observaron un veh\u00edculo sed\u00e1n de la marca Nissan, March, modelo reciente, rojo, en el cual viajaban a exceso de velocidad.<\/p>\n<p>&nbsp;<\/p>\n<p>Se le marc\u00f3 el alto para hacerle ver la falta cometida a la Ley de Tr\u00e1nsito y el riesgo que conlleva este comportamiento, pero el conductor huy\u00f3 a mayor velocidad, siendo seguido por los agentes policiales hasta darle alcance en las calles De los Cerezos y Pino donde se logr\u00f3 detener la unidad y arrestar al conductor.<\/p>\n<p>&nbsp;<\/p>\n<p>Tras realizarle una revisi\u00f3n se localiz\u00f3 en el asiento del copiloto una bolsa de pl\u00e1stico en cuyo interior hab\u00eda cinco envoltorios de pl\u00e1stico con material blanco y granulado, caracter\u00edsticas de un posible narc\u00f3tico.<\/p>\n<p>&nbsp;<\/p>\n<p>El hombre y la probable droga fueron puestos a disposici\u00f3n del Ministerio P\u00fablico.<\/p>\n<p>&nbsp;<\/p>\n<p>&nbsp;<\/p>\n<p>Coloso Bajo.- Daniel Abraham \u201cN\u201d, de 33 a\u00f1os, fue detenido por el delito de portaci\u00f3n de arma prohibida, siendo esta un pedazo de solera con punta y filo, de aproximadamente 50 cent\u00edmetros.<\/p>\n<p>&nbsp;<\/p>\n<p>Ayer a las 18:59 horas, elementos de la Polic\u00eda de Hermosillo atendieron un reporte en los callejones del \u00c1ngel y Mayito, de la colonia Coloso Bajo, donde se indicaba que una persona estaba armada en la v\u00eda p\u00fablica.<\/p>\n<p>&nbsp;<\/p>\n<p>Al llegar al sitio, a espaldas de una central camionera, vieron al hombre denunciado, al cual abordaron y desarmaron, para despu\u00e9s ponerlo a disposici\u00f3n del Ministerio P\u00fablico.<\/p>\n<p>La Cholla.- Ayer por la tarde, a las 19:04 horas, elementos de la Polic\u00eda de Hermosillo y Secretar\u00eda de la Defensa Nacional, realizaban recorridos de vigilancia y prevenci\u00f3n en la colonia La Cholla.<\/p>\n<p>&nbsp;<\/p>\n<p>Fue en las calles Tordo y Risco, de la misma colonia donde tuvieron a la vista a un sujeto que al ver las unidades se escondi\u00f3 detr\u00e1s de los veh\u00edculos.<\/p>\n<p>&nbsp;<\/p>\n<p>Al notar esta actitud, los oficiales lo abordan y revisan, encontr\u00e1ndole 25 envoltorios de pl\u00e1stico, en cuyo interior se localiz\u00f3 un material blanco y granulado, caracter\u00edsticas de un posible narc\u00f3tico.<\/p>\n<p>&nbsp;<\/p>\n<p>Luis Enrique \u201cN\u201d, de 32 a\u00f1os, y la probable droga fueron puestos a disposici\u00f3n de la autoridad investigadora.<\/p>\n<p><strong>ATENCI\u00d3N CIUDADANA:<\/strong><\/p>\n<p>Bah\u00eda de Kino.- Agentes de la Polic\u00eda de Hermosillo ayudaron, ayer por la ma\u00f1ana, a un hombre que presentaba una crisis por ahogamiento, esto en el \u00e1rea de playa de Bah\u00eda de Kino.<\/p>\n<p>&nbsp;<\/p>\n<p>Fue en el poste 170 donde los elementos llegaron tras recibir el reporte por medio del C5i, a las 8:58 horas.<\/p>\n<p>&nbsp;<\/p>\n<p>Ah\u00ed, los elementos policiales vieron a un hombre tirado en la orilla de la playa, junto a \u00e9l un familiar que dijo que lo hab\u00eda sacado del mar ya que estuvo gritando por ayuda.<\/p>\n<p>&nbsp;<\/p>\n<p>El hombre afectado refiri\u00f3 dificultad para respirar, por lo que los agentes y familiares le brindaron primeros auxilios y lo llevaron en brazos hasta donde se encontraba la unidad de Cruz Roja, en la cual lo trasladaron hasta el Centro de Salud\u00a0 para ser revisado y evaluado.<\/p>\n<p><strong><u>Fecha de Publicaci\u00f3n 30 de julio de 2022 <\/u><\/strong><\/p>\n<p>&nbsp;<\/p>\n","protected":false},"excerpt":{"rendered":"<p>DETENIDOS HERMOSILLO, SONORA,MX.\u2500\u2500 A las 03:20 horas de hoy, cuando la Polic\u00eda Preventiva arrest\u00f3 a&#8230;<\/p>\n","protected":false},"author":1,"featured_media":143834,"comment_status":"open","ping_status":"open","sticky":false,"template":"","format":"standard","meta":{"_monsterinsights_skip_tracking":false,"_monsterinsights_sitenote_active":false,"_monsterinsights_sitenote_note":"","_monsterinsights_sitenote_category":0,"footnotes":""},"categories":[3144],"tags":[35,7329],"class_list":["post"],"yoast_head":" \n<title>Sonora en Equipo. Resumen de acciones de la Polic\u00eda de Hermosillo 29-30 \u00a0de julio Polic\u00edaca<\/title>\n<meta name=\"description\" content=\"DETENIDOS HERMOSILLO, SONORA,MX.\u2500\u2500 A las 03:20 horas de hoy, cuando la Polic\u00eda Preventiva arrest\u00f3 a Miguel \u00c1ngel &quot; N&quot; de 18 a\u00f1os de edad, por el delito de En Sonora en Equipo publicamos toda la informaci\u00f3n de Sonora, M\u00e9xico y el Mundo de manera oportuna y busca que la libertad de expresi\u00f3n sea real. Visita nuestro medio informativo publicado desde Hermosillo, Sonora. %\" \/>\n<meta name=\"robots\" content=\"index, follow, max-snippet:-1, max-image-preview:large, max-video-preview:-1\" \/>\n<link rel=\"canonical\" href=\"https:\/\/www.sonoraenequipo.com.mx\/resumen-de-acciones-de-la-policia-de-hermosillo-29-30-de-julio\/\" \/>\n<meta property=\"og:locale\" content=\"es_ES\" \/>\n<meta property=\"og:type\" content=\"article\" \/>\n<meta property=\"og:title\" content=\"Sonora en Equipo. Resumen de acciones de la Polic\u00eda de Hermosillo 29-30 \u00a0de julio Polic\u00edaca\" \/>\n<meta property=\"og:description\" content=\"DETENIDOS HERMOSILLO, SONORA,MX.\u2500\u2500 A las 03:20 horas de hoy, cuando la Polic\u00eda Preventiva arrest\u00f3 a Miguel \u00c1ngel &quot; N&quot; de 18 a\u00f1os de edad, por el delito de En Sonora en Equipo publicamos toda la informaci\u00f3n de Sonora, M\u00e9xico y el Mundo de manera oportuna y busca que la libertad de expresi\u00f3n sea real. Visita nuestro medio informativo publicado desde Hermosillo, Sonora. %\" \/>\n<meta property=\"og:url\" content=\"https:\/\/www.sonoraenequipo.com.mx\/resumen-de-acciones-de-la-policia-de-hermosillo-29-30-de-julio\/\" \/>\n<meta property=\"og:site_name\" content=\"Sonora en Equipo.\" \/>\n<meta property=\"article:publisher\" content=\"https:\/\/www.facebook.com\/SonoraEE\/\" \/>\n<meta property=\"article:author\" content=\"https:\/\/www.facebook.com\/SonoraEE\" \/>\n<meta property=\"article:published_time\" content=\"2022-07-30T20:21:01+00:00\" \/>\n<meta property=\"og:image\" content=\"https:\/\/www.sonoraenequipo.com.mx\/storage\/2022\/07\/atn-cdna-kino.jpg\" \/>\n\t<meta property=\"og:image:width\" content=\"600\" \/>\n\t<meta property=\"og:image:height\" content=\"400\" \/>\n\t<meta property=\"og:image:type\" content=\"image\/jpeg\" \/>\n<meta name=\"author\" content=\"enequipo\" \/>\n<meta name=\"twitter:card\" content=\"summary_large_image\" \/>\n<meta name=\"twitter:creator\" content=\"@sonoraenequipo\" \/>\n<meta name=\"twitter:site\" content=\"@sonoraenequipo\" \/>\n<meta name=\"twitter:label1\" content=\"Escrito por\" \/>\n\t<meta name=\"twitter:data1\" content=\"enequipo\" \/>\n\t<meta name=\"twitter:label2\" content=\"Tiempo de lectura\" \/>\n\t<meta name=\"twitter:data2\" content=\"6 minutos\" \/>\n<script type=\"application\/ld+json\" class=\"yoast-schema-graph\">{\"@context\":\"https:\/\/schema.org\",\"@graph\":[{\"@type\":\"Article\",\"@id\":\"https:\/\/www.sonoraenequipo.com.mx\/resumen-de-acciones-de-la-policia-de-hermosillo-29-30-de-julio\/#article\",\"isPartOf\":{\"@id\":\"https:\/\/www.sonoraenequipo.com.mx\/resumen-de-acciones-de-la-policia-de-hermosillo-29-30-de-julio\/\"},\"author\":{\"name\":\"enequipo\",\"@id\":\"https:\/\/www.sonoraenequipo.com.mx\/#\/schema\/person\/50102df0fb23a8fa9e8effad8fa81386\"},\"headline\":\"Resumen de acciones de la Polic\u00eda de Hermosillo 29-30 \u00a0de julio\",\"datePublished\":\"2022-07-30T20:21:01+00:00\",\"mainEntityOfPage\":{\"@id\":\"https:\/\/www.sonoraenequipo.com.mx\/resumen-de-acciones-de-la-policia-de-hermosillo-29-30-de-julio\/\"},\"wordCount\":1240,\"commentCount\":0,\"publisher\":{\"@id\":\"https:\/\/www.sonoraenequipo.com.mx\/#organization\"},\"image\":{\"@id\":\"https:\/\/www.sonoraenequipo.com.mx\/resumen-de-acciones-de-la-policia-de-hermosillo-29-30-de-julio\/#primaryimage\"},\"thumbnailUrl\":\"https:\/\/www.sonoraenequipo.com.mx\/storage\/2022\/07\/atn-cdna-kino.jpg\",\"keywords\":[\"hermosillo\",\"sguridad\"],\"articleSection\":[\"Polic\u00edaca\"],\"inLanguage\":\"es\",\"potentialAction\":[{\"@type\":\"CommentAction\",\"name\":\"Comment\",\"target\":[\"https:\/\/www.sonoraenequipo.com.mx\/resumen-de-acciones-de-la-policia-de-hermosillo-29-30-de-julio\/#respond\"]}]},{\"@type\":\"WebPage\",\"@id\":\"https:\/\/www.sonoraenequipo.com.mx\/resumen-de-acciones-de-la-policia-de-hermosillo-29-30-de-julio\/\",\"url\":\"https:\/\/www.sonoraenequipo.com.mx\/resumen-de-acciones-de-la-policia-de-hermosillo-29-30-de-julio\/\",\"name\":\"Sonora en Equipo. Resumen de acciones de la Polic\u00eda de Hermosillo 29-30 \u00a0de julio Polic\u00edaca\",\"isPartOf\":{\"@id\":\"https:\/\/www.sonoraenequipo.com.mx\/#website\"},\"primaryImageOfPage\":{\"@id\":\"https:\/\/www.sonoraenequipo.com.mx\/resumen-de-acciones-de-la-policia-de-hermosillo-29-30-de-julio\/#primaryimage\"},\"image\":{\"@id\":\"https:\/\/www.sonoraenequipo.com.mx\/resumen-de-acciones-de-la-policia-de-hermosillo-29-30-de-julio\/#primaryimage\"},\"thumbnailUrl\":\"https:\/\/www.sonoraenequipo.com.mx\/storage\/2022\/07\/atn-cdna-kino.jpg\",\"datePublished\":\"2022-07-30T20:21:01+00:00\",\"description\":\"DETENIDOS HERMOSILLO, SONORA,MX.\u2500\u2500 A las 03:20 horas de hoy, cuando la Polic\u00eda Preventiva arrest\u00f3 a Miguel \u00c1ngel \\\" N\\\" de 18 a\u00f1os de edad, por el delito de En Sonora en Equipo publicamos toda la informaci\u00f3n de Sonora, M\u00e9xico y el Mundo de manera oportuna y busca que la libertad de expresi\u00f3n sea real. Visita nuestro medio informativo publicado desde Hermosillo, Sonora. %\",\"breadcrumb\":{\"@id\":\"https:\/\/www.sonoraenequipo.com.mx\/resumen-de-acciones-de-la-policia-de-hermosillo-29-30-de-julio\/#breadcrumb\"},\"inLanguage\":\"es\",\"potentialAction\":[{\"@type\":\"ReadAction\",\"target\":[\"https:\/\/www.sonoraenequipo.com.mx\/resumen-de-acciones-de-la-policia-de-hermosillo-29-30-de-julio\/\"]}]},{\"@type\":\"ImageObject\",\"inLanguage\":\"es\",\"@id\":\"https:\/\/www.sonoraenequipo.com.mx\/resumen-de-acciones-de-la-policia-de-hermosillo-29-30-de-julio\/#primaryimage\",\"url\":\"https:\/\/www.sonoraenequipo.com.mx\/storage\/2022\/07\/atn-cdna-kino.jpg\",\"contentUrl\":\"https:\/\/www.sonoraenequipo.com.mx\/storage\/2022\/07\/atn-cdna-kino.jpg\",\"width\":600,\"height\":400,\"caption\":\"apoyo a ciudadano que se ahogaba en kino\"},{\"@type\":\"BreadcrumbList\",\"@id\":\"https:\/\/www.sonoraenequipo.com.mx\/resumen-de-acciones-de-la-policia-de-hermosillo-29-30-de-julio\/#breadcrumb\",\"itemListElement\":[{\"@type\":\"ListItem\",\"position\":1,\"name\":\"Portada\",\"item\":\"https:\/\/www.sonoraenequipo.com.mx\/\"},{\"@type\":\"ListItem\",\"position\":2,\"name\":\"Resumen de acciones de la Polic\u00eda de Hermosillo 29-30 \u00a0de julio\"}]},{\"@type\":\"WebSite\",\"@id\":\"https:\/\/www.sonoraenequipo.com.mx\/#website\",\"url\":\"https:\/\/www.sonoraenequipo.com.mx\/\",\"name\":\"Sonora en Equipo.\",\"description\":\"Diario en l\u00ednea con Noticias desde Hermosillo, Sonora\",\"publisher\":{\"@id\":\"https:\/\/www.sonoraenequipo.com.mx\/#organization\"},\"potentialAction\":[{\"@type\":\"SearchAction\",\"target\":{\"@type\":\"EntryPoint\",\"urlTemplate\":\"https:\/\/www.sonoraenequipo.com.mx\/?s={search_term_string}\"},\"query-input\":{\"@type\":\"PropertyValueSpecification\",\"valueRequired\":true,\"valueName\":\"search_term_string\"}}],\"inLanguage\":\"es\"},{\"@type\":\"Organization\",\"@id\":\"https:\/\/www.sonoraenequipo.com.mx\/#organization\",\"name\":\"Sonoraenequipo.com.mx\",\"url\":\"https:\/\/www.sonoraenequipo.com.mx\/\",\"logo\":{\"@type\":\"ImageObject\",\"inLanguage\":\"es\",\"@id\":\"https:\/\/www.sonoraenequipo.com.mx\/#\/schema\/logo\/image\/\",\"url\":\"https:\/\/www.sonoraenequipo.com.mx\/storage\/2019\/01\/sonoraenequipo_opt.png\",\"contentUrl\":\"https:\/\/www.sonoraenequipo.com.mx\/storage\/2019\/01\/sonoraenequipo_opt.png\",\"width\":375,\"height\":125,\"caption\":\"Sonoraenequipo.com.mx\"},\"image\":{\"@id\":\"https:\/\/www.sonoraenequipo.com.mx\/#\/schema\/logo\/image\/\"},\"sameAs\":[\"https:\/\/www.facebook.com\/SonoraEE\/\",\"https:\/\/x.com\/sonoraenequipo\",\"https:\/\/www.youtube.com\/channel\/UC338nW-lPEYmJQs4ZABQ1SQ\"]},{\"@type\":\"Person\",\"@id\":\"https:\/\/www.sonoraenequipo.com.mx\/#\/schema\/person\/50102df0fb23a8fa9e8effad8fa81386\",\"name\":\"enequipo\",\"image\":{\"@type\":\"ImageObject\",\"inLanguage\":\"es\",\"@id\":\"https:\/\/www.sonoraenequipo.com.mx\/#\/schema\/person\/image\/\",\"url\":\"https:\/\/secure.gravatar.com\/avatar\/049821681b589dabc0bc20695993ccebb09f5b5d4d790cd9251b97faac7c652b?s=96&d=blank&r=g\",\"contentUrl\":\"https:\/\/secure.gravatar.com\/avatar\/049821681b589dabc0bc20695993ccebb09f5b5d4d790cd9251b97faac7c652b?s=96&d=blank&r=g\",\"caption\":\"enequipo\"},\"sameAs\":[\"https:\/\/www.facebook.com\/SonoraEE\"]}]}<\/script>\n ","yoast_head_json":{"title":"Sonora en Equipo. Resumen de acciones de la Polic\u00eda de Hermosillo 29-30 \u00a0de julio Polic\u00edaca","description":"DETENIDOS HERMOSILLO, SONORA,MX.\u2500\u2500 A las 03:20 horas de hoy, cuando la Polic\u00eda Preventiva arrest\u00f3 a Miguel \u00c1ngel \" N\" de 18 a\u00f1os de edad, por el delito de En Sonora en Equipo publicamos toda la informaci\u00f3n de Sonora, M\u00e9xico y el Mundo de manera oportuna y busca que la libertad de expresi\u00f3n sea real. Visita nuestro medio informativo publicado desde Hermosillo, Sonora. %","robots":{"index":"index","follow":"follow","max-snippet":"max-snippet:-1","max-image-preview":"max-image-preview:large","max-video-preview":"max-video-preview:-1"},"canonical":"https:\/\/www.sonoraenequipo.com.mx\/resumen-de-acciones-de-la-policia-de-hermosillo-29-30-de-julio\/","og_locale":"es_ES","og_type":"article","og_title":"Sonora en Equipo. Resumen de acciones de la Polic\u00eda de Hermosillo 29-30 \u00a0de julio Polic\u00edaca","og_description":"DETENIDOS HERMOSILLO, SONORA,MX.\u2500\u2500 A las 03:20 horas de hoy, cuando la Polic\u00eda Preventiva arrest\u00f3 a Miguel \u00c1ngel \" N\" de 18 a\u00f1os de edad, por el delito de En Sonora en Equipo publicamos toda la informaci\u00f3n de Sonora, M\u00e9xico y el Mundo de manera oportuna y busca que la libertad de expresi\u00f3n sea real. Visita nuestro medio informativo publicado desde Hermosillo, Sonora. %","og_url":"https:\/\/www.sonoraenequipo.com.mx\/resumen-de-acciones-de-la-policia-de-hermosillo-29-30-de-julio\/","og_site_name":"Sonora en Equipo.","article_publisher":"https:\/\/www.facebook.com\/SonoraEE\/","article_author":"https:\/\/www.facebook.com\/SonoraEE","article_published_time":"2022-07-30T20:21:01+00:00","og_image":[{"width":600,"height":400,"url":"https:\/\/www.sonoraenequipo.com.mx\/storage\/2022\/07\/atn-cdna-kino.jpg","type":"image\/jpeg"}],"author":"enequipo","twitter_card":"summary_large_image","twitter_creator":"@sonoraenequipo","twitter_site":"@sonoraenequipo","twitter_misc":{"Escrito por":"enequipo","Tiempo de lectura":"6 minutos"},"schema":{"@context":"https:\/\/schema.org","@graph":[{"@type":"Article","@id":"https:\/\/www.sonoraenequipo.com.mx\/resumen-de-acciones-de-la-policia-de-hermosillo-29-30-de-julio\/#article","isPartOf":{"@id":"https:\/\/www.sonoraenequipo.com.mx\/resumen-de-acciones-de-la-policia-de-hermosillo-29-30-de-julio\/"},"author":{"name":"enequipo","@id":"https:\/\/www.sonoraenequipo.com.mx\/#\/schema\/person\/50102df0fb23a8fa9e8effad8fa81386"},"headline":"Resumen de acciones de la Polic\u00eda de Hermosillo 29-30 \u00a0de julio","datePublished":"2022-07-30T20:21:01+00:00","mainEntityOfPage":{"@id":"https:\/\/www.sonoraenequipo.com.mx\/resumen-de-acciones-de-la-policia-de-hermosillo-29-30-de-julio\/"},"wordCount":1240,"commentCount":0,"publisher":{"@id":"https:\/\/www.sonoraenequipo.com.mx\/#organization"},"image":{"@id":"https:\/\/www.sonoraenequipo.com.mx\/resumen-de-acciones-de-la-policia-de-hermosillo-29-30-de-julio\/#primaryimage"},"thumbnailUrl":"https:\/\/www.sonoraenequipo.com.mx\/storage\/2022\/07\/atn-cdna-kino.jpg","keywords":["hermosillo","sguridad"],"articleSection":["Polic\u00edaca"],"inLanguage":"es","potentialAction":[{"@type":"CommentAction","name":"Comment","target":["https:\/\/www.sonoraenequipo.com.mx\/resumen-de-acciones-de-la-policia-de-hermosillo-29-30-de-julio\/#respond"]}]},{"@type":"WebPage","@id":"https:\/\/www.sonoraenequipo.com.mx\/resumen-de-acciones-de-la-policia-de-hermosillo-29-30-de-julio\/","url":"https:\/\/www.sonoraenequipo.com.mx\/resumen-de-acciones-de-la-policia-de-hermosillo-29-30-de-julio\/","name":"Sonora en Equipo. Resumen de acciones de la Polic\u00eda de Hermosillo 29-30 \u00a0de julio Polic\u00edaca","isPartOf":{"@id":"https:\/\/www.sonoraenequipo.com.mx\/#website"},"primaryImageOfPage":{"@id":"https:\/\/www.sonoraenequipo.com.mx\/resumen-de-acciones-de-la-policia-de-hermosillo-29-30-de-julio\/#primaryimage"},"image":{"@id":"https:\/\/www.sonoraenequipo.com.mx\/resumen-de-acciones-de-la-policia-de-hermosillo-29-30-de-julio\/#primaryimage"},"thumbnailUrl":"https:\/\/www.sonoraenequipo.com.mx\/storage\/2022\/07\/atn-cdna-kino.jpg","datePublished":"2022-07-30T20:21:01+00:00","description":"DETENIDOS HERMOSILLO, SONORA,MX.\u2500\u2500 A las 03:20 horas de hoy, cuando la Polic\u00eda Preventiva arrest\u00f3 a Miguel \u00c1ngel \" N\" de 18 a\u00f1os de edad, por el delito de En Sonora en Equipo publicamos toda la informaci\u00f3n de Sonora, M\u00e9xico y el Mundo de manera oportuna y busca que la libertad de expresi\u00f3n sea real. Visita nuestro medio informativo publicado desde Hermosillo, Sonora. %","breadcrumb":{"@id":"https:\/\/www.sonoraenequipo.com.mx\/resumen-de-acciones-de-la-policia-de-hermosillo-29-30-de-julio\/#breadcrumb"},"inLanguage":"es","potentialAction":[{"@type":"ReadAction","target":["https:\/\/www.sonoraenequipo.com.mx\/resumen-de-acciones-de-la-policia-de-hermosillo-29-30-de-julio\/"]}]},{"@type":"ImageObject","inLanguage":"es","@id":"https:\/\/www.sonoraenequipo.com.mx\/resumen-de-acciones-de-la-policia-de-hermosillo-29-30-de-julio\/#primaryimage","url":"https:\/\/www.sonoraenequipo.com.mx\/storage\/2022\/07\/atn-cdna-kino.jpg","contentUrl":"https:\/\/www.sonoraenequipo.com.mx\/storage\/2022\/07\/atn-cdna-kino.jpg","width":600,"height":400,"caption":"apoyo a ciudadano que se ahogaba en kino"},{"@type":"BreadcrumbList","@id":"https:\/\/www.sonoraenequipo.com.mx\/resumen-de-acciones-de-la-policia-de-hermosillo-29-30-de-julio\/#breadcrumb","itemListElement":[{"@type":"ListItem","position":1,"name":"Portada","item":"https:\/\/www.sonoraenequipo.com.mx\/"},{"@type":"ListItem","position":2,"name":"Resumen de acciones de la Polic\u00eda de Hermosillo 29-30 \u00a0de julio"}]},{"@type":"WebSite","@id":"https:\/\/www.sonoraenequipo.com.mx\/#website","url":"https:\/\/www.sonoraenequipo.com.mx\/","name":"Sonora en Equipo.","description":"Diario en l\u00ednea con Noticias desde Hermosillo, Sonora","publisher":{"@id":"https:\/\/www.sonoraenequipo.com.mx\/#organization"},"potentialAction":[{"@type":"SearchAction","target":{"@type":"EntryPoint","urlTemplate":"https:\/\/www.sonoraenequipo.com.mx\/?s={search_term_string}"},"query-input":{"@type":"PropertyValueSpecification","valueRequired":true,"valueName":"search_term_string"}}],"inLanguage":"es"},{"@type":"Organization","@id":"https:\/\/www.sonoraenequipo.com.mx\/#organization","name":"Sonoraenequipo.com.mx","url":"https:\/\/www.sonoraenequipo.com.mx\/","logo":{"@type":"ImageObject","inLanguage":"es","@id":"https:\/\/www.sonoraenequipo.com.mx\/#\/schema\/logo\/image\/","url":"https:\/\/www.sonoraenequipo.com.mx\/storage\/2019\/01\/sonoraenequipo_opt.png","contentUrl":"https:\/\/www.sonoraenequipo.com.mx\/storage\/2019\/01\/sonoraenequipo_opt.png","width":375,"height":125,"caption":"Sonoraenequipo.com.mx"},"image":{"@id":"https:\/\/www.sonoraenequipo.com.mx\/#\/schema\/logo\/image\/"},"sameAs":["https:\/\/www.facebook.com\/SonoraEE\/","https:\/\/x.com\/sonoraenequipo","https:\/\/www.youtube.com\/channel\/UC338nW-lPEYmJQs4ZABQ1SQ"]},{"@type":"Person","@id":"https:\/\/www.sonoraenequipo.com.mx\/#\/schema\/person\/50102df0fb23a8fa9e8effad8fa81386","name":"enequipo","image":{"@type":"ImageObject","inLanguage":"es","@id":"https:\/\/www.sonoraenequipo.com.mx\/#\/schema\/person\/image\/","url":"https:\/\/secure.gravatar.com\/avatar\/049821681b589dabc0bc20695993ccebb09f5b5d4d790cd9251b97faac7c652b?s=96&d=blank&r=g","contentUrl":"https:\/\/secure.gravatar.com\/avatar\/049821681b589dabc0bc20695993ccebb09f5b5d4d790cd9251b97faac7c652b?s=96&d=blank&r=g","caption":"enequipo"},"sameAs":["https:\/\/www.facebook.com\/SonoraEE"]}]}},"jetpack_featured_media_url":"https:\/\/www.sonoraenequipo.com.mx\/storage\/2022\/07\/atn-cdna-kino.jpg","_links":{"self":[{"href":"https:\/\/www.sonoraenequipo.com.mx\/api\/wp\/v2\/posts\/143833","targetHints":{"allow":["GET"]}}],"collection":[{"href":"https:\/\/www.sonoraenequipo.com.mx\/api\/wp\/v2\/posts"}],"about":[{"href":"https:\/\/www.sonoraenequipo.com.mx\/api\/wp\/v2\/types\/post"}],"author":[{"embeddable":true,"href":"https:\/\/www.sonoraenequipo.com.mx\/api\/wp\/v2\/users\/1"}],"replies":[{"embeddable":true,"href":"https:\/\/www.sonoraenequipo.com.mx\/api\/wp\/v2\/comments?post=143833"}],"version-history":[{"count":1,"href":"https:\/\/www.sonoraenequipo.com.mx\/api\/wp\/v2\/posts\/143833\/revisions"}],"predecessor-version":[{"id":143835,"href":"https:\/\/www.sonoraenequipo.com.mx\/api\/wp\/v2\/posts\/143833\/revisions\/143835"}],"wp:featuredmedia":[{"embeddable":true,"href":"https:\/\/www.sonoraenequipo.com.mx\/api\/wp\/v2\/media\/143834"}],"wp:attachment":[{"href":"https:\/\/www.sonoraenequipo.com.mx\/api\/wp\/v2\/media?parent=143833"}],"wp:term":[{"taxonomy":"category","embeddable":true,"href":"https:\/\/www.sonoraenequipo.com.mx\/api\/wp\/v2\/categories?post=143833"},{"taxonomy":"post_tag","embeddable":true,"href":"https:\/\/www.sonoraenequipo.com.mx\/api\/wp\/v2\/tags?post=143833"}],"curies":[{"name":"wp","href":"https:\/\/api.w.org\/{rel}","templated":true}]}}