{"id":144089,"date":"2022-08-02T21:41:04","date_gmt":"2022-08-03T04:41:04","guid":{"rendered":"https:\/\/www.sonoraenequipo.com.mx\/?p=144089"},"modified":"2022-08-02T21:42:20","modified_gmt":"2022-08-03T04:42:20","slug":"solo-472-medicos-especialistas-se-han-postulado-a-mas-de-10-mil-vacantes-imss","status":"publish","type":"post","link":"https:\/\/www.sonoraenequipo.com.mx\/solo-472-medicos-especialistas-se-han-postulado-a-mas-de-10-mil-vacantes-imss\/","title":{"rendered":"Solo 472 m\u00e9dicos especialistas se han postulado a m\u00e1s de 10 mil vacantes: IMSS"},"content":{"rendered":"<p><strong>CIUDAD DE M\u00c9XICO. MX.<\/strong> \u2014 Zo\u00e9 Robledo, director general del Instituto Mexicano del Seguro Social (IMSS), inform\u00f3 que de las 10 mil 495 vacantes de m\u00e9dicos especialistas que oferta el Gobierno federal, solo se han postulado 472 m\u00e9dicos.<\/p>\n<p>&nbsp;<\/p>\n<p> <\/p>\n<p>En el informe del Pulso de la Salud, el titular del IMSS detall\u00f3 que estas vacantes est\u00e1n ubicadas en 949 hospitales localizados en 560 municipios, de los cuales 303 presentan alg\u00fan nivel entre medio y alto de pobreza, seg\u00fan datos del Coneval.<\/p>\n<p>&nbsp;<\/p>\n<p>&nbsp;<\/p>\n<p>\u00abLa semana pasada presentamos esta Segunda Jornada Nacional de Reclutamiento y Contrataci\u00f3n de M\u00e9dicos y M\u00e9dicas Especialistas, son 10 mil 495 vacantes, hemos tenido una respuesta hasta el d\u00eda de ayer de 472 especialistas interesados en alguna de estas plazas.<\/p>\n<p>&nbsp;<\/p>\n<p>&nbsp;<\/p>\n<p>\u00abEl total de las vacantes que se est\u00e1n ofertando por parte de todas las instituciones est\u00e1n ubicados en 949 hospitales y esos hospitales est\u00e1n ubicados en 560 municipios, de estos 560 municipios, 303 presentan alg\u00fan nivel entre medio y alto de pobreza seg\u00fan los datos de Coneval. Entonces, efectivamente, \u00bfd\u00f3nde los necesitamos? En donde m\u00e1s lo necesita la poblaci\u00f3n, hospitales que se encuentran en municipios a veces apartados, pero que tienen una enorme necesidad de contar con m\u00e9dicos especialistas\u00bb.<\/p>\n<p>&nbsp;<\/p>\n<p>&nbsp;<\/p>\n<p>En el sal\u00f3n Tesorer\u00eda de Palacio Nacional, Zo\u00e9 Robledo invit\u00f3 a los m\u00e9dicos especialistas interesados en estas vacantes a ingresar al sitio https:\/\/medicosespecialistas.gob.mx.<\/p>\n<p>&nbsp;<\/p>\n<p>&nbsp;<\/p>\n<p>Publicada 02\/08\/2022<\/p>\n","protected":false},"excerpt":{"rendered":"<p>CIUDAD DE M\u00c9XICO. MX. \u2014 Zo\u00e9 Robledo, director general del Instituto Mexicano del Seguro Social&#8230;<\/p>\n","protected":false},"author":1,"featured_media":144090,"comment_status":"open","ping_status":"open","sticky":false,"template":"","format":"standard","meta":{"_monsterinsights_skip_tracking":false,"_monsterinsights_sitenote_active":false,"_monsterinsights_sitenote_note":"","_monsterinsights_sitenote_category":0,"footnotes":""},"categories":[5],"tags":[],"class_list":["post"],"yoast_head":" \n<title>Sonora en Equipo. Solo 472 m\u00e9dicos especialistas se han postulado a m\u00e1s de 10 mil vacantes: IMSS Rep\u00fablica<\/title>\n<meta name=\"description\" content=\"CIUDAD DE M\u00c9XICO. MX. \u2014 Zo\u00e9 Robledo, director general del Instituto Mexicano del Seguro Social (IMSS), inform\u00f3 que de las 10 mil 495 vacantes de m\u00e9dicos En Sonora en Equipo publicamos toda la informaci\u00f3n de Sonora, M\u00e9xico y el Mundo de manera oportuna y busca que la libertad de expresi\u00f3n sea real. Visita nuestro medio informativo publicado desde Hermosillo, Sonora. %\" \/>\n<meta name=\"robots\" content=\"index, follow, max-snippet:-1, max-image-preview:large, max-video-preview:-1\" \/>\n<link rel=\"canonical\" href=\"https:\/\/www.sonoraenequipo.com.mx\/solo-472-medicos-especialistas-se-han-postulado-a-mas-de-10-mil-vacantes-imss\/\" \/>\n<meta property=\"og:locale\" content=\"es_ES\" \/>\n<meta property=\"og:type\" content=\"article\" \/>\n<meta property=\"og:title\" content=\"Sonora en Equipo. Solo 472 m\u00e9dicos especialistas se han postulado a m\u00e1s de 10 mil vacantes: IMSS Rep\u00fablica\" \/>\n<meta property=\"og:description\" content=\"CIUDAD DE M\u00c9XICO. MX. \u2014 Zo\u00e9 Robledo, director general del Instituto Mexicano del Seguro Social (IMSS), inform\u00f3 que de las 10 mil 495 vacantes de m\u00e9dicos En Sonora en Equipo publicamos toda la informaci\u00f3n de Sonora, M\u00e9xico y el Mundo de manera oportuna y busca que la libertad de expresi\u00f3n sea real. Visita nuestro medio informativo publicado desde Hermosillo, Sonora. %\" \/>\n<meta property=\"og:url\" content=\"https:\/\/www.sonoraenequipo.com.mx\/solo-472-medicos-especialistas-se-han-postulado-a-mas-de-10-mil-vacantes-imss\/\" \/>\n<meta property=\"og:site_name\" content=\"Sonora en Equipo.\" \/>\n<meta property=\"article:publisher\" content=\"https:\/\/www.facebook.com\/SonoraEE\/\" \/>\n<meta property=\"article:author\" content=\"https:\/\/www.facebook.com\/SonoraEE\" \/>\n<meta property=\"article:published_time\" content=\"2022-08-03T04:41:04+00:00\" \/>\n<meta property=\"article:modified_time\" content=\"2022-08-03T04:42:20+00:00\" \/>\n<meta property=\"og:image\" content=\"https:\/\/www.sonoraenequipo.com.mx\/storage\/2022\/08\/seg-social.jpg\" \/>\n\t<meta property=\"og:image:width\" content=\"900\" \/>\n\t<meta property=\"og:image:height\" content=\"514\" \/>\n\t<meta property=\"og:image:type\" content=\"image\/jpeg\" \/>\n<meta name=\"author\" content=\"enequipo\" \/>\n<meta name=\"twitter:card\" content=\"summary_large_image\" \/>\n<meta name=\"twitter:creator\" content=\"@sonoraenequipo\" \/>\n<meta name=\"twitter:site\" content=\"@sonoraenequipo\" \/>\n<meta name=\"twitter:label1\" content=\"Escrito por\" \/>\n\t<meta name=\"twitter:data1\" content=\"enequipo\" \/>\n\t<meta name=\"twitter:label2\" content=\"Tiempo de lectura\" \/>\n\t<meta name=\"twitter:data2\" content=\"1 minuto\" \/>\n<script type=\"application\/ld+json\" class=\"yoast-schema-graph\">{\"@context\":\"https:\/\/schema.org\",\"@graph\":[{\"@type\":\"Article\",\"@id\":\"https:\/\/www.sonoraenequipo.com.mx\/solo-472-medicos-especialistas-se-han-postulado-a-mas-de-10-mil-vacantes-imss\/#article\",\"isPartOf\":{\"@id\":\"https:\/\/www.sonoraenequipo.com.mx\/solo-472-medicos-especialistas-se-han-postulado-a-mas-de-10-mil-vacantes-imss\/\"},\"author\":{\"name\":\"enequipo\",\"@id\":\"https:\/\/www.sonoraenequipo.com.mx\/#\/schema\/person\/50102df0fb23a8fa9e8effad8fa81386\"},\"headline\":\"Solo 472 m\u00e9dicos especialistas se han postulado a m\u00e1s de 10 mil vacantes: IMSS\",\"datePublished\":\"2022-08-03T04:41:04+00:00\",\"dateModified\":\"2022-08-03T04:42:20+00:00\",\"mainEntityOfPage\":{\"@id\":\"https:\/\/www.sonoraenequipo.com.mx\/solo-472-medicos-especialistas-se-han-postulado-a-mas-de-10-mil-vacantes-imss\/\"},\"wordCount\":257,\"commentCount\":0,\"publisher\":{\"@id\":\"https:\/\/www.sonoraenequipo.com.mx\/#organization\"},\"image\":{\"@id\":\"https:\/\/www.sonoraenequipo.com.mx\/solo-472-medicos-especialistas-se-han-postulado-a-mas-de-10-mil-vacantes-imss\/#primaryimage\"},\"thumbnailUrl\":\"https:\/\/www.sonoraenequipo.com.mx\/storage\/2022\/08\/seg-social.jpg\",\"articleSection\":[\"Rep\u00fablica\"],\"inLanguage\":\"es\",\"potentialAction\":[{\"@type\":\"CommentAction\",\"name\":\"Comment\",\"target\":[\"https:\/\/www.sonoraenequipo.com.mx\/solo-472-medicos-especialistas-se-han-postulado-a-mas-de-10-mil-vacantes-imss\/#respond\"]}]},{\"@type\":\"WebPage\",\"@id\":\"https:\/\/www.sonoraenequipo.com.mx\/solo-472-medicos-especialistas-se-han-postulado-a-mas-de-10-mil-vacantes-imss\/\",\"url\":\"https:\/\/www.sonoraenequipo.com.mx\/solo-472-medicos-especialistas-se-han-postulado-a-mas-de-10-mil-vacantes-imss\/\",\"name\":\"Sonora en Equipo. Solo 472 m\u00e9dicos especialistas se han postulado a m\u00e1s de 10 mil vacantes: IMSS Rep\u00fablica\",\"isPartOf\":{\"@id\":\"https:\/\/www.sonoraenequipo.com.mx\/#website\"},\"primaryImageOfPage\":{\"@id\":\"https:\/\/www.sonoraenequipo.com.mx\/solo-472-medicos-especialistas-se-han-postulado-a-mas-de-10-mil-vacantes-imss\/#primaryimage\"},\"image\":{\"@id\":\"https:\/\/www.sonoraenequipo.com.mx\/solo-472-medicos-especialistas-se-han-postulado-a-mas-de-10-mil-vacantes-imss\/#primaryimage\"},\"thumbnailUrl\":\"https:\/\/www.sonoraenequipo.com.mx\/storage\/2022\/08\/seg-social.jpg\",\"datePublished\":\"2022-08-03T04:41:04+00:00\",\"dateModified\":\"2022-08-03T04:42:20+00:00\",\"description\":\"CIUDAD DE M\u00c9XICO. MX. \u2014 Zo\u00e9 Robledo, director general del Instituto Mexicano del Seguro Social (IMSS), inform\u00f3 que de las 10 mil 495 vacantes de m\u00e9dicos En Sonora en Equipo publicamos toda la informaci\u00f3n de Sonora, M\u00e9xico y el Mundo de manera oportuna y busca que la libertad de expresi\u00f3n sea real. Visita nuestro medio informativo publicado desde Hermosillo, Sonora. %\",\"breadcrumb\":{\"@id\":\"https:\/\/www.sonoraenequipo.com.mx\/solo-472-medicos-especialistas-se-han-postulado-a-mas-de-10-mil-vacantes-imss\/#breadcrumb\"},\"inLanguage\":\"es\",\"potentialAction\":[{\"@type\":\"ReadAction\",\"target\":[\"https:\/\/www.sonoraenequipo.com.mx\/solo-472-medicos-especialistas-se-han-postulado-a-mas-de-10-mil-vacantes-imss\/\"]}]},{\"@type\":\"ImageObject\",\"inLanguage\":\"es\",\"@id\":\"https:\/\/www.sonoraenequipo.com.mx\/solo-472-medicos-especialistas-se-han-postulado-a-mas-de-10-mil-vacantes-imss\/#primaryimage\",\"url\":\"https:\/\/www.sonoraenequipo.com.mx\/storage\/2022\/08\/seg-social.jpg\",\"contentUrl\":\"https:\/\/www.sonoraenequipo.com.mx\/storage\/2022\/08\/seg-social.jpg\",\"width\":900,\"height\":514},{\"@type\":\"BreadcrumbList\",\"@id\":\"https:\/\/www.sonoraenequipo.com.mx\/solo-472-medicos-especialistas-se-han-postulado-a-mas-de-10-mil-vacantes-imss\/#breadcrumb\",\"itemListElement\":[{\"@type\":\"ListItem\",\"position\":1,\"name\":\"Portada\",\"item\":\"https:\/\/www.sonoraenequipo.com.mx\/\"},{\"@type\":\"ListItem\",\"position\":2,\"name\":\"Solo 472 m\u00e9dicos especialistas se han postulado a m\u00e1s de 10 mil vacantes: IMSS\"}]},{\"@type\":\"WebSite\",\"@id\":\"https:\/\/www.sonoraenequipo.com.mx\/#website\",\"url\":\"https:\/\/www.sonoraenequipo.com.mx\/\",\"name\":\"Sonora en Equipo.\",\"description\":\"Diario en l\u00ednea con Noticias desde Hermosillo, Sonora\",\"publisher\":{\"@id\":\"https:\/\/www.sonoraenequipo.com.mx\/#organization\"},\"potentialAction\":[{\"@type\":\"SearchAction\",\"target\":{\"@type\":\"EntryPoint\",\"urlTemplate\":\"https:\/\/www.sonoraenequipo.com.mx\/?s={search_term_string}\"},\"query-input\":{\"@type\":\"PropertyValueSpecification\",\"valueRequired\":true,\"valueName\":\"search_term_string\"}}],\"inLanguage\":\"es\"},{\"@type\":\"Organization\",\"@id\":\"https:\/\/www.sonoraenequipo.com.mx\/#organization\",\"name\":\"Sonoraenequipo.com.mx\",\"url\":\"https:\/\/www.sonoraenequipo.com.mx\/\",\"logo\":{\"@type\":\"ImageObject\",\"inLanguage\":\"es\",\"@id\":\"https:\/\/www.sonoraenequipo.com.mx\/#\/schema\/logo\/image\/\",\"url\":\"https:\/\/www.sonoraenequipo.com.mx\/storage\/2019\/01\/sonoraenequipo_opt.png\",\"contentUrl\":\"https:\/\/www.sonoraenequipo.com.mx\/storage\/2019\/01\/sonoraenequipo_opt.png\",\"width\":375,\"height\":125,\"caption\":\"Sonoraenequipo.com.mx\"},\"image\":{\"@id\":\"https:\/\/www.sonoraenequipo.com.mx\/#\/schema\/logo\/image\/\"},\"sameAs\":[\"https:\/\/www.facebook.com\/SonoraEE\/\",\"https:\/\/x.com\/sonoraenequipo\",\"https:\/\/www.youtube.com\/channel\/UC338nW-lPEYmJQs4ZABQ1SQ\"]},{\"@type\":\"Person\",\"@id\":\"https:\/\/www.sonoraenequipo.com.mx\/#\/schema\/person\/50102df0fb23a8fa9e8effad8fa81386\",\"name\":\"enequipo\",\"image\":{\"@type\":\"ImageObject\",\"inLanguage\":\"es\",\"@id\":\"https:\/\/www.sonoraenequipo.com.mx\/#\/schema\/person\/image\/\",\"url\":\"https:\/\/secure.gravatar.com\/avatar\/049821681b589dabc0bc20695993ccebb09f5b5d4d790cd9251b97faac7c652b?s=96&d=blank&r=g\",\"contentUrl\":\"https:\/\/secure.gravatar.com\/avatar\/049821681b589dabc0bc20695993ccebb09f5b5d4d790cd9251b97faac7c652b?s=96&d=blank&r=g\",\"caption\":\"enequipo\"},\"sameAs\":[\"https:\/\/www.facebook.com\/SonoraEE\"]}]}<\/script>\n ","yoast_head_json":{"title":"Sonora en Equipo. Solo 472 m\u00e9dicos especialistas se han postulado a m\u00e1s de 10 mil vacantes: IMSS Rep\u00fablica","description":"CIUDAD DE M\u00c9XICO. MX. \u2014 Zo\u00e9 Robledo, director general del Instituto Mexicano del Seguro Social (IMSS), inform\u00f3 que de las 10 mil 495 vacantes de m\u00e9dicos En Sonora en Equipo publicamos toda la informaci\u00f3n de Sonora, M\u00e9xico y el Mundo de manera oportuna y busca que la libertad de expresi\u00f3n sea real. Visita nuestro medio informativo publicado desde Hermosillo, Sonora. %","robots":{"index":"index","follow":"follow","max-snippet":"max-snippet:-1","max-image-preview":"max-image-preview:large","max-video-preview":"max-video-preview:-1"},"canonical":"https:\/\/www.sonoraenequipo.com.mx\/solo-472-medicos-especialistas-se-han-postulado-a-mas-de-10-mil-vacantes-imss\/","og_locale":"es_ES","og_type":"article","og_title":"Sonora en Equipo. Solo 472 m\u00e9dicos especialistas se han postulado a m\u00e1s de 10 mil vacantes: IMSS Rep\u00fablica","og_description":"CIUDAD DE M\u00c9XICO. MX. \u2014 Zo\u00e9 Robledo, director general del Instituto Mexicano del Seguro Social (IMSS), inform\u00f3 que de las 10 mil 495 vacantes de m\u00e9dicos En Sonora en Equipo publicamos toda la informaci\u00f3n de Sonora, M\u00e9xico y el Mundo de manera oportuna y busca que la libertad de expresi\u00f3n sea real. Visita nuestro medio informativo publicado desde Hermosillo, Sonora. %","og_url":"https:\/\/www.sonoraenequipo.com.mx\/solo-472-medicos-especialistas-se-han-postulado-a-mas-de-10-mil-vacantes-imss\/","og_site_name":"Sonora en Equipo.","article_publisher":"https:\/\/www.facebook.com\/SonoraEE\/","article_author":"https:\/\/www.facebook.com\/SonoraEE","article_published_time":"2022-08-03T04:41:04+00:00","article_modified_time":"2022-08-03T04:42:20+00:00","og_image":[{"width":900,"height":514,"url":"https:\/\/www.sonoraenequipo.com.mx\/storage\/2022\/08\/seg-social.jpg","type":"image\/jpeg"}],"author":"enequipo","twitter_card":"summary_large_image","twitter_creator":"@sonoraenequipo","twitter_site":"@sonoraenequipo","twitter_misc":{"Escrito por":"enequipo","Tiempo de lectura":"1 minuto"},"schema":{"@context":"https:\/\/schema.org","@graph":[{"@type":"Article","@id":"https:\/\/www.sonoraenequipo.com.mx\/solo-472-medicos-especialistas-se-han-postulado-a-mas-de-10-mil-vacantes-imss\/#article","isPartOf":{"@id":"https:\/\/www.sonoraenequipo.com.mx\/solo-472-medicos-especialistas-se-han-postulado-a-mas-de-10-mil-vacantes-imss\/"},"author":{"name":"enequipo","@id":"https:\/\/www.sonoraenequipo.com.mx\/#\/schema\/person\/50102df0fb23a8fa9e8effad8fa81386"},"headline":"Solo 472 m\u00e9dicos especialistas se han postulado a m\u00e1s de 10 mil vacantes: IMSS","datePublished":"2022-08-03T04:41:04+00:00","dateModified":"2022-08-03T04:42:20+00:00","mainEntityOfPage":{"@id":"https:\/\/www.sonoraenequipo.com.mx\/solo-472-medicos-especialistas-se-han-postulado-a-mas-de-10-mil-vacantes-imss\/"},"wordCount":257,"commentCount":0,"publisher":{"@id":"https:\/\/www.sonoraenequipo.com.mx\/#organization"},"image":{"@id":"https:\/\/www.sonoraenequipo.com.mx\/solo-472-medicos-especialistas-se-han-postulado-a-mas-de-10-mil-vacantes-imss\/#primaryimage"},"thumbnailUrl":"https:\/\/www.sonoraenequipo.com.mx\/storage\/2022\/08\/seg-social.jpg","articleSection":["Rep\u00fablica"],"inLanguage":"es","potentialAction":[{"@type":"CommentAction","name":"Comment","target":["https:\/\/www.sonoraenequipo.com.mx\/solo-472-medicos-especialistas-se-han-postulado-a-mas-de-10-mil-vacantes-imss\/#respond"]}]},{"@type":"WebPage","@id":"https:\/\/www.sonoraenequipo.com.mx\/solo-472-medicos-especialistas-se-han-postulado-a-mas-de-10-mil-vacantes-imss\/","url":"https:\/\/www.sonoraenequipo.com.mx\/solo-472-medicos-especialistas-se-han-postulado-a-mas-de-10-mil-vacantes-imss\/","name":"Sonora en Equipo. Solo 472 m\u00e9dicos especialistas se han postulado a m\u00e1s de 10 mil vacantes: IMSS Rep\u00fablica","isPartOf":{"@id":"https:\/\/www.sonoraenequipo.com.mx\/#website"},"primaryImageOfPage":{"@id":"https:\/\/www.sonoraenequipo.com.mx\/solo-472-medicos-especialistas-se-han-postulado-a-mas-de-10-mil-vacantes-imss\/#primaryimage"},"image":{"@id":"https:\/\/www.sonoraenequipo.com.mx\/solo-472-medicos-especialistas-se-han-postulado-a-mas-de-10-mil-vacantes-imss\/#primaryimage"},"thumbnailUrl":"https:\/\/www.sonoraenequipo.com.mx\/storage\/2022\/08\/seg-social.jpg","datePublished":"2022-08-03T04:41:04+00:00","dateModified":"2022-08-03T04:42:20+00:00","description":"CIUDAD DE M\u00c9XICO. MX. \u2014 Zo\u00e9 Robledo, director general del Instituto Mexicano del Seguro Social (IMSS), inform\u00f3 que de las 10 mil 495 vacantes de m\u00e9dicos En Sonora en Equipo publicamos toda la informaci\u00f3n de Sonora, M\u00e9xico y el Mundo de manera oportuna y busca que la libertad de expresi\u00f3n sea real. Visita nuestro medio informativo publicado desde Hermosillo, Sonora. %","breadcrumb":{"@id":"https:\/\/www.sonoraenequipo.com.mx\/solo-472-medicos-especialistas-se-han-postulado-a-mas-de-10-mil-vacantes-imss\/#breadcrumb"},"inLanguage":"es","potentialAction":[{"@type":"ReadAction","target":["https:\/\/www.sonoraenequipo.com.mx\/solo-472-medicos-especialistas-se-han-postulado-a-mas-de-10-mil-vacantes-imss\/"]}]},{"@type":"ImageObject","inLanguage":"es","@id":"https:\/\/www.sonoraenequipo.com.mx\/solo-472-medicos-especialistas-se-han-postulado-a-mas-de-10-mil-vacantes-imss\/#primaryimage","url":"https:\/\/www.sonoraenequipo.com.mx\/storage\/2022\/08\/seg-social.jpg","contentUrl":"https:\/\/www.sonoraenequipo.com.mx\/storage\/2022\/08\/seg-social.jpg","width":900,"height":514},{"@type":"BreadcrumbList","@id":"https:\/\/www.sonoraenequipo.com.mx\/solo-472-medicos-especialistas-se-han-postulado-a-mas-de-10-mil-vacantes-imss\/#breadcrumb","itemListElement":[{"@type":"ListItem","position":1,"name":"Portada","item":"https:\/\/www.sonoraenequipo.com.mx\/"},{"@type":"ListItem","position":2,"name":"Solo 472 m\u00e9dicos especialistas se han postulado a m\u00e1s de 10 mil vacantes: IMSS"}]},{"@type":"WebSite","@id":"https:\/\/www.sonoraenequipo.com.mx\/#website","url":"https:\/\/www.sonoraenequipo.com.mx\/","name":"Sonora en Equipo.","description":"Diario en l\u00ednea con Noticias desde Hermosillo, Sonora","publisher":{"@id":"https:\/\/www.sonoraenequipo.com.mx\/#organization"},"potentialAction":[{"@type":"SearchAction","target":{"@type":"EntryPoint","urlTemplate":"https:\/\/www.sonoraenequipo.com.mx\/?s={search_term_string}"},"query-input":{"@type":"PropertyValueSpecification","valueRequired":true,"valueName":"search_term_string"}}],"inLanguage":"es"},{"@type":"Organization","@id":"https:\/\/www.sonoraenequipo.com.mx\/#organization","name":"Sonoraenequipo.com.mx","url":"https:\/\/www.sonoraenequipo.com.mx\/","logo":{"@type":"ImageObject","inLanguage":"es","@id":"https:\/\/www.sonoraenequipo.com.mx\/#\/schema\/logo\/image\/","url":"https:\/\/www.sonoraenequipo.com.mx\/storage\/2019\/01\/sonoraenequipo_opt.png","contentUrl":"https:\/\/www.sonoraenequipo.com.mx\/storage\/2019\/01\/sonoraenequipo_opt.png","width":375,"height":125,"caption":"Sonoraenequipo.com.mx"},"image":{"@id":"https:\/\/www.sonoraenequipo.com.mx\/#\/schema\/logo\/image\/"},"sameAs":["https:\/\/www.facebook.com\/SonoraEE\/","https:\/\/x.com\/sonoraenequipo","https:\/\/www.youtube.com\/channel\/UC338nW-lPEYmJQs4ZABQ1SQ"]},{"@type":"Person","@id":"https:\/\/www.sonoraenequipo.com.mx\/#\/schema\/person\/50102df0fb23a8fa9e8effad8fa81386","name":"enequipo","image":{"@type":"ImageObject","inLanguage":"es","@id":"https:\/\/www.sonoraenequipo.com.mx\/#\/schema\/person\/image\/","url":"https:\/\/secure.gravatar.com\/avatar\/049821681b589dabc0bc20695993ccebb09f5b5d4d790cd9251b97faac7c652b?s=96&d=blank&r=g","contentUrl":"https:\/\/secure.gravatar.com\/avatar\/049821681b589dabc0bc20695993ccebb09f5b5d4d790cd9251b97faac7c652b?s=96&d=blank&r=g","caption":"enequipo"},"sameAs":["https:\/\/www.facebook.com\/SonoraEE"]}]}},"jetpack_featured_media_url":"https:\/\/www.sonoraenequipo.com.mx\/storage\/2022\/08\/seg-social.jpg","_links":{"self":[{"href":"https:\/\/www.sonoraenequipo.com.mx\/api\/wp\/v2\/posts\/144089","targetHints":{"allow":["GET"]}}],"collection":[{"href":"https:\/\/www.sonoraenequipo.com.mx\/api\/wp\/v2\/posts"}],"about":[{"href":"https:\/\/www.sonoraenequipo.com.mx\/api\/wp\/v2\/types\/post"}],"author":[{"embeddable":true,"href":"https:\/\/www.sonoraenequipo.com.mx\/api\/wp\/v2\/users\/1"}],"replies":[{"embeddable":true,"href":"https:\/\/www.sonoraenequipo.com.mx\/api\/wp\/v2\/comments?post=144089"}],"version-history":[{"count":1,"href":"https:\/\/www.sonoraenequipo.com.mx\/api\/wp\/v2\/posts\/144089\/revisions"}],"predecessor-version":[{"id":144091,"href":"https:\/\/www.sonoraenequipo.com.mx\/api\/wp\/v2\/posts\/144089\/revisions\/144091"}],"wp:featuredmedia":[{"embeddable":true,"href":"https:\/\/www.sonoraenequipo.com.mx\/api\/wp\/v2\/media\/144090"}],"wp:attachment":[{"href":"https:\/\/www.sonoraenequipo.com.mx\/api\/wp\/v2\/media?parent=144089"}],"wp:term":[{"taxonomy":"category","embeddable":true,"href":"https:\/\/www.sonoraenequipo.com.mx\/api\/wp\/v2\/categories?post=144089"},{"taxonomy":"post_tag","embeddable":true,"href":"https:\/\/www.sonoraenequipo.com.mx\/api\/wp\/v2\/tags?post=144089"}],"curies":[{"name":"wp","href":"https:\/\/api.w.org\/{rel}","templated":true}]}}