{"id":144139,"date":"2022-08-03T09:18:34","date_gmt":"2022-08-03T16:18:34","guid":{"rendered":"https:\/\/www.sonoraenequipo.com.mx\/?p=144139"},"modified":"2022-08-03T13:09:45","modified_gmt":"2022-08-03T20:09:45","slug":"avanza-el-mejoramiento-de-zonas-arqueologicas-cercanas-al-tren-maya","status":"publish","type":"post","link":"https:\/\/www.sonoraenequipo.com.mx\/avanza-el-mejoramiento-de-zonas-arqueologicas-cercanas-al-tren-maya\/","title":{"rendered":"Avanza el mejoramiento de zonas arqueol\u00f3gicas cercanas al Tren Maya"},"content":{"rendered":"<p><strong>CIUDAD DE M\u00c9XICO. MX. \u2014<\/strong> La recuperaci\u00f3n de zonas arqueol\u00f3gicas cerca de la ruta del Tren Maya es una prioridad del Gobierno de M\u00e9xico; el objetivo es enaltecer las culturas antiguas y promover el turismo nacional y extranjero en la regi\u00f3n, afirm\u00f3 el presidente Andr\u00e9s Manuel L\u00f3pez Obrador.<\/p>\n<p>&nbsp;<\/p>\n<p> <\/p>\n<p>&nbsp;<\/p>\n<p>\u201cEste programa tiene el prop\u00f3sito de que se conozcan las bellezas naturales del sureste, que los millones de turistas, visitantes que llegan a Canc\u00fan, puedan introducirse a estados como Yucat\u00e1n, Campeche, Tabasco, Chiapas, conocer todas las zonas arqueol\u00f3gicas de la cultura maya. Es una regi\u00f3n \u00fanica en el mundo por su belleza art\u00edstica, cultural\u201d, subray\u00f3 en conferencia de prensa matutina.<\/p>\n<p>&nbsp;<\/p>\n<p>&nbsp;<\/p>\n<p>El director general del Instituto Nacional de Antropolog\u00eda e Historia, Diego Prieto Hern\u00e1ndez, resalt\u00f3 que el salvamento arqueol\u00f3gico en el tramo 1, 2 y 3 del Tren Maya cumple con el 100 por ciento de vistos buenos de obra en las v\u00edas f\u00e9rreas; adem\u00e1s, trabaja en obras complementarias de prospecci\u00f3n.<\/p>\n<p>&nbsp;<\/p>\n<p>&nbsp;<\/p>\n<p>\u201cEn el tramo 5 norte llevamos un 11 por ciento de avance y en el tramo 5 sur, que estuvieron suspendidas un tiempo las obras en esta parte, ya llevamos el 89 por ciento de avance en lo que se refiere a la prospecci\u00f3n del \u00e1rea y los vistos buenos para que la obra pueda seguir su curso\u201d, detall\u00f3.<\/p>\n<p>&nbsp;<\/p>\n<p>&nbsp;<\/p>\n<p>El titular del INAH aclar\u00f3 que la zona de Ichkabal no est\u00e1 abierta al p\u00fablico y el Tren Maya no cruza ese sitio, se ubica a 24 kil\u00f3metros del tramo 6 y a 20 kil\u00f3metros del tramo 7. Refiri\u00f3 que ah\u00ed contin\u00faa la etapa de estudio e investigaci\u00f3n, por lo que no est\u00e1 programada su apertura en el corto plazo.<\/p>\n<p>&nbsp;<\/p>\n<p>&nbsp;<\/p>\n<p>Dio a conocer el reporte mensual de avance del Programa de Mejoramiento de Zonas Arqueol\u00f3gicas (Promeza) y la instalaci\u00f3n de Centros de Atenci\u00f3n a Visitantes (Catvis) que se realizan paralelo a la construcci\u00f3n del Tren Maya.<\/p>\n<p>&nbsp;<\/p>\n<p>&nbsp;<\/p>\n<p>Las zonas arqueol\u00f3gicas de la ruta Puuc ser\u00e1n atendidas desde el tramo 3, que va de Calkin\u00ed a Izamal, en Campeche y Yucat\u00e1n. Contempla la ciudad prehisp\u00e1nica de Uxmal, Kabah, Sayil, Oxkintok, Labn\u00e1, Xlapak, Chacmult\u00fan y Lolt\u00fan.<\/p>\n<p>&nbsp;<\/p>\n<p>&nbsp;<\/p>\n<p>En estos sitios inician los trabajos arqueol\u00f3gicos con la definici\u00f3n de proyectos de intervenci\u00f3n para la mejora de las unidades de servicio, que incluyen la creaci\u00f3n del Museo de la Ruta Puuc, en Kabah, as\u00ed como la instalaci\u00f3n de un Centro de Atenci\u00f3n a Visitantes en Uxmal.<\/p>\n<p>&nbsp;<\/p>\n<p>&nbsp;<\/p>\n<p>Entre la estaci\u00f3n Calkin\u00ed del Tren Maya y la zona arqueol\u00f3gica de Uxmal, se instalar\u00e1 un parque nacional de conservaci\u00f3n ecol\u00f3gica y recreo familiar, denominado Nuevo Uxmal, dirigido por la Secretar\u00eda de la Defensa Nacional, que priorizar\u00e1 el turismo sustentable con un sendero para bicicleta y el uso de transporte no contaminante.<\/p>\n<p>&nbsp;<\/p>\n<p>&nbsp;<\/p>\n<p>En todas las zonas de la ruta comenzaron las labores de limpieza y reconocimiento del \u00e1rea, que incluyen el levantamiento topogr\u00e1fico y el diagn\u00f3stico de necesidades de conservaci\u00f3n.<\/p>\n<p>&nbsp;<\/p>\n<p>&nbsp;<\/p>\n<p>Adem\u00e1s, se trabaja en la prospecci\u00f3n arqueol\u00f3gica con tecnolog\u00eda de detecci\u00f3n l\u00e1ser de superficie, Lidar, en el antiguo camino maya o Sacb\u00e9, construido hace m\u00e1s de mil 400 a\u00f1os, que conecta a las ciudades antiguas de Uxmal y Kabah. Esta senda ser\u00e1 administrada por las propias comunidades para ofrecer servicios y artesan\u00edas elaboradas en la regi\u00f3n.<\/p>\n<p>&nbsp;<\/p>\n<p>&nbsp;<\/p>\n<p>En la ciudad de Uxmal se llevan a cabo labores de investigaci\u00f3n a fin de abrir nuevas \u00e1reas de visita para enriquecer la experiencia tur\u00edstica y la apreciaci\u00f3n de la belleza arquitect\u00f3nica.<\/p>\n<p>&nbsp;<\/p>\n<p>&nbsp;<\/p>\n<p>Publicada 03\/08\/2022<\/p>\n","protected":false},"excerpt":{"rendered":"<p>CIUDAD DE M\u00c9XICO. MX. \u2014 La recuperaci\u00f3n de zonas arqueol\u00f3gicas cerca de la ruta del&#8230;<\/p>\n","protected":false},"author":1,"featured_media":144145,"comment_status":"open","ping_status":"open","sticky":false,"template":"","format":"standard","meta":{"_monsterinsights_skip_tracking":false,"_monsterinsights_sitenote_active":false,"_monsterinsights_sitenote_note":"","_monsterinsights_sitenote_category":0,"footnotes":""},"categories":[5],"tags":[],"class_list":["post"],"yoast_head":" \n<title>Sonora en Equipo. Avanza el mejoramiento de zonas arqueol\u00f3gicas cercanas al Tren Maya Rep\u00fablica<\/title>\n<meta name=\"description\" content=\"CIUDAD DE M\u00c9XICO. MX. \u2014 La recuperaci\u00f3n de zonas arqueol\u00f3gicas cerca de la ruta del Tren Maya es una prioridad del Gobierno de M\u00e9xico; el objetivo es En Sonora en Equipo publicamos toda la informaci\u00f3n de Sonora, M\u00e9xico y el Mundo de manera oportuna y busca que la libertad de expresi\u00f3n sea real. Visita nuestro medio informativo publicado desde Hermosillo, Sonora. %\" \/>\n<meta name=\"robots\" content=\"index, follow, max-snippet:-1, max-image-preview:large, max-video-preview:-1\" \/>\n<link rel=\"canonical\" href=\"https:\/\/www.sonoraenequipo.com.mx\/avanza-el-mejoramiento-de-zonas-arqueologicas-cercanas-al-tren-maya\/\" \/>\n<meta property=\"og:locale\" content=\"es_ES\" \/>\n<meta property=\"og:type\" content=\"article\" \/>\n<meta property=\"og:title\" content=\"Sonora en Equipo. Avanza el mejoramiento de zonas arqueol\u00f3gicas cercanas al Tren Maya Rep\u00fablica\" \/>\n<meta property=\"og:description\" content=\"CIUDAD DE M\u00c9XICO. MX. \u2014 La recuperaci\u00f3n de zonas arqueol\u00f3gicas cerca de la ruta del Tren Maya es una prioridad del Gobierno de M\u00e9xico; el objetivo es En Sonora en Equipo publicamos toda la informaci\u00f3n de Sonora, M\u00e9xico y el Mundo de manera oportuna y busca que la libertad de expresi\u00f3n sea real. Visita nuestro medio informativo publicado desde Hermosillo, Sonora. %\" \/>\n<meta property=\"og:url\" content=\"https:\/\/www.sonoraenequipo.com.mx\/avanza-el-mejoramiento-de-zonas-arqueologicas-cercanas-al-tren-maya\/\" \/>\n<meta property=\"og:site_name\" content=\"Sonora en Equipo.\" \/>\n<meta property=\"article:publisher\" content=\"https:\/\/www.facebook.com\/SonoraEE\/\" \/>\n<meta property=\"article:author\" content=\"https:\/\/www.facebook.com\/SonoraEE\" \/>\n<meta property=\"article:published_time\" content=\"2022-08-03T16:18:34+00:00\" \/>\n<meta property=\"article:modified_time\" content=\"2022-08-03T20:09:45+00:00\" \/>\n<meta property=\"og:image\" content=\"https:\/\/www.sonoraenequipo.com.mx\/storage\/2022\/08\/lopez-obrador-03.08.2022.jpg\" \/>\n\t<meta property=\"og:image:width\" content=\"900\" \/>\n\t<meta property=\"og:image:height\" content=\"514\" \/>\n\t<meta property=\"og:image:type\" content=\"image\/jpeg\" \/>\n<meta name=\"author\" content=\"enequipo\" \/>\n<meta name=\"twitter:card\" content=\"summary_large_image\" \/>\n<meta name=\"twitter:creator\" content=\"@sonoraenequipo\" \/>\n<meta name=\"twitter:site\" content=\"@sonoraenequipo\" \/>\n<meta name=\"twitter:label1\" content=\"Escrito por\" \/>\n\t<meta name=\"twitter:data1\" content=\"enequipo\" \/>\n\t<meta name=\"twitter:label2\" content=\"Tiempo de lectura\" \/>\n\t<meta name=\"twitter:data2\" content=\"3 minutos\" \/>\n<script type=\"application\/ld+json\" class=\"yoast-schema-graph\">{\"@context\":\"https:\/\/schema.org\",\"@graph\":[{\"@type\":\"Article\",\"@id\":\"https:\/\/www.sonoraenequipo.com.mx\/avanza-el-mejoramiento-de-zonas-arqueologicas-cercanas-al-tren-maya\/#article\",\"isPartOf\":{\"@id\":\"https:\/\/www.sonoraenequipo.com.mx\/avanza-el-mejoramiento-de-zonas-arqueologicas-cercanas-al-tren-maya\/\"},\"author\":{\"name\":\"enequipo\",\"@id\":\"https:\/\/www.sonoraenequipo.com.mx\/#\/schema\/person\/50102df0fb23a8fa9e8effad8fa81386\"},\"headline\":\"Avanza el mejoramiento de zonas arqueol\u00f3gicas cercanas al Tren Maya\",\"datePublished\":\"2022-08-03T16:18:34+00:00\",\"dateModified\":\"2022-08-03T20:09:45+00:00\",\"mainEntityOfPage\":{\"@id\":\"https:\/\/www.sonoraenequipo.com.mx\/avanza-el-mejoramiento-de-zonas-arqueologicas-cercanas-al-tren-maya\/\"},\"wordCount\":650,\"commentCount\":0,\"publisher\":{\"@id\":\"https:\/\/www.sonoraenequipo.com.mx\/#organization\"},\"image\":{\"@id\":\"https:\/\/www.sonoraenequipo.com.mx\/avanza-el-mejoramiento-de-zonas-arqueologicas-cercanas-al-tren-maya\/#primaryimage\"},\"thumbnailUrl\":\"https:\/\/www.sonoraenequipo.com.mx\/storage\/2022\/08\/lopez-obrador-03.08.2022.jpg\",\"articleSection\":[\"Rep\u00fablica\"],\"inLanguage\":\"es\",\"potentialAction\":[{\"@type\":\"CommentAction\",\"name\":\"Comment\",\"target\":[\"https:\/\/www.sonoraenequipo.com.mx\/avanza-el-mejoramiento-de-zonas-arqueologicas-cercanas-al-tren-maya\/#respond\"]}]},{\"@type\":\"WebPage\",\"@id\":\"https:\/\/www.sonoraenequipo.com.mx\/avanza-el-mejoramiento-de-zonas-arqueologicas-cercanas-al-tren-maya\/\",\"url\":\"https:\/\/www.sonoraenequipo.com.mx\/avanza-el-mejoramiento-de-zonas-arqueologicas-cercanas-al-tren-maya\/\",\"name\":\"Sonora en Equipo. Avanza el mejoramiento de zonas arqueol\u00f3gicas cercanas al Tren Maya Rep\u00fablica\",\"isPartOf\":{\"@id\":\"https:\/\/www.sonoraenequipo.com.mx\/#website\"},\"primaryImageOfPage\":{\"@id\":\"https:\/\/www.sonoraenequipo.com.mx\/avanza-el-mejoramiento-de-zonas-arqueologicas-cercanas-al-tren-maya\/#primaryimage\"},\"image\":{\"@id\":\"https:\/\/www.sonoraenequipo.com.mx\/avanza-el-mejoramiento-de-zonas-arqueologicas-cercanas-al-tren-maya\/#primaryimage\"},\"thumbnailUrl\":\"https:\/\/www.sonoraenequipo.com.mx\/storage\/2022\/08\/lopez-obrador-03.08.2022.jpg\",\"datePublished\":\"2022-08-03T16:18:34+00:00\",\"dateModified\":\"2022-08-03T20:09:45+00:00\",\"description\":\"CIUDAD DE M\u00c9XICO. MX. \u2014 La recuperaci\u00f3n de zonas arqueol\u00f3gicas cerca de la ruta del Tren Maya es una prioridad del Gobierno de M\u00e9xico; el objetivo es En Sonora en Equipo publicamos toda la informaci\u00f3n de Sonora, M\u00e9xico y el Mundo de manera oportuna y busca que la libertad de expresi\u00f3n sea real. Visita nuestro medio informativo publicado desde Hermosillo, Sonora. %\",\"breadcrumb\":{\"@id\":\"https:\/\/www.sonoraenequipo.com.mx\/avanza-el-mejoramiento-de-zonas-arqueologicas-cercanas-al-tren-maya\/#breadcrumb\"},\"inLanguage\":\"es\",\"potentialAction\":[{\"@type\":\"ReadAction\",\"target\":[\"https:\/\/www.sonoraenequipo.com.mx\/avanza-el-mejoramiento-de-zonas-arqueologicas-cercanas-al-tren-maya\/\"]}]},{\"@type\":\"ImageObject\",\"inLanguage\":\"es\",\"@id\":\"https:\/\/www.sonoraenequipo.com.mx\/avanza-el-mejoramiento-de-zonas-arqueologicas-cercanas-al-tren-maya\/#primaryimage\",\"url\":\"https:\/\/www.sonoraenequipo.com.mx\/storage\/2022\/08\/lopez-obrador-03.08.2022.jpg\",\"contentUrl\":\"https:\/\/www.sonoraenequipo.com.mx\/storage\/2022\/08\/lopez-obrador-03.08.2022.jpg\",\"width\":900,\"height\":514},{\"@type\":\"BreadcrumbList\",\"@id\":\"https:\/\/www.sonoraenequipo.com.mx\/avanza-el-mejoramiento-de-zonas-arqueologicas-cercanas-al-tren-maya\/#breadcrumb\",\"itemListElement\":[{\"@type\":\"ListItem\",\"position\":1,\"name\":\"Portada\",\"item\":\"https:\/\/www.sonoraenequipo.com.mx\/\"},{\"@type\":\"ListItem\",\"position\":2,\"name\":\"Avanza el mejoramiento de zonas arqueol\u00f3gicas cercanas al Tren Maya\"}]},{\"@type\":\"WebSite\",\"@id\":\"https:\/\/www.sonoraenequipo.com.mx\/#website\",\"url\":\"https:\/\/www.sonoraenequipo.com.mx\/\",\"name\":\"Sonora en Equipo.\",\"description\":\"Diario en l\u00ednea con Noticias desde Hermosillo, Sonora\",\"publisher\":{\"@id\":\"https:\/\/www.sonoraenequipo.com.mx\/#organization\"},\"potentialAction\":[{\"@type\":\"SearchAction\",\"target\":{\"@type\":\"EntryPoint\",\"urlTemplate\":\"https:\/\/www.sonoraenequipo.com.mx\/?s={search_term_string}\"},\"query-input\":{\"@type\":\"PropertyValueSpecification\",\"valueRequired\":true,\"valueName\":\"search_term_string\"}}],\"inLanguage\":\"es\"},{\"@type\":\"Organization\",\"@id\":\"https:\/\/www.sonoraenequipo.com.mx\/#organization\",\"name\":\"Sonoraenequipo.com.mx\",\"url\":\"https:\/\/www.sonoraenequipo.com.mx\/\",\"logo\":{\"@type\":\"ImageObject\",\"inLanguage\":\"es\",\"@id\":\"https:\/\/www.sonoraenequipo.com.mx\/#\/schema\/logo\/image\/\",\"url\":\"https:\/\/www.sonoraenequipo.com.mx\/storage\/2019\/01\/sonoraenequipo_opt.png\",\"contentUrl\":\"https:\/\/www.sonoraenequipo.com.mx\/storage\/2019\/01\/sonoraenequipo_opt.png\",\"width\":375,\"height\":125,\"caption\":\"Sonoraenequipo.com.mx\"},\"image\":{\"@id\":\"https:\/\/www.sonoraenequipo.com.mx\/#\/schema\/logo\/image\/\"},\"sameAs\":[\"https:\/\/www.facebook.com\/SonoraEE\/\",\"https:\/\/x.com\/sonoraenequipo\",\"https:\/\/www.youtube.com\/channel\/UC338nW-lPEYmJQs4ZABQ1SQ\"]},{\"@type\":\"Person\",\"@id\":\"https:\/\/www.sonoraenequipo.com.mx\/#\/schema\/person\/50102df0fb23a8fa9e8effad8fa81386\",\"name\":\"enequipo\",\"image\":{\"@type\":\"ImageObject\",\"inLanguage\":\"es\",\"@id\":\"https:\/\/www.sonoraenequipo.com.mx\/#\/schema\/person\/image\/\",\"url\":\"https:\/\/secure.gravatar.com\/avatar\/049821681b589dabc0bc20695993ccebb09f5b5d4d790cd9251b97faac7c652b?s=96&d=blank&r=g\",\"contentUrl\":\"https:\/\/secure.gravatar.com\/avatar\/049821681b589dabc0bc20695993ccebb09f5b5d4d790cd9251b97faac7c652b?s=96&d=blank&r=g\",\"caption\":\"enequipo\"},\"sameAs\":[\"https:\/\/www.facebook.com\/SonoraEE\"]}]}<\/script>\n ","yoast_head_json":{"title":"Sonora en Equipo. Avanza el mejoramiento de zonas arqueol\u00f3gicas cercanas al Tren Maya Rep\u00fablica","description":"CIUDAD DE M\u00c9XICO. MX. \u2014 La recuperaci\u00f3n de zonas arqueol\u00f3gicas cerca de la ruta del Tren Maya es una prioridad del Gobierno de M\u00e9xico; el objetivo es En Sonora en Equipo publicamos toda la informaci\u00f3n de Sonora, M\u00e9xico y el Mundo de manera oportuna y busca que la libertad de expresi\u00f3n sea real. Visita nuestro medio informativo publicado desde Hermosillo, Sonora. %","robots":{"index":"index","follow":"follow","max-snippet":"max-snippet:-1","max-image-preview":"max-image-preview:large","max-video-preview":"max-video-preview:-1"},"canonical":"https:\/\/www.sonoraenequipo.com.mx\/avanza-el-mejoramiento-de-zonas-arqueologicas-cercanas-al-tren-maya\/","og_locale":"es_ES","og_type":"article","og_title":"Sonora en Equipo. Avanza el mejoramiento de zonas arqueol\u00f3gicas cercanas al Tren Maya Rep\u00fablica","og_description":"CIUDAD DE M\u00c9XICO. MX. \u2014 La recuperaci\u00f3n de zonas arqueol\u00f3gicas cerca de la ruta del Tren Maya es una prioridad del Gobierno de M\u00e9xico; el objetivo es En Sonora en Equipo publicamos toda la informaci\u00f3n de Sonora, M\u00e9xico y el Mundo de manera oportuna y busca que la libertad de expresi\u00f3n sea real. Visita nuestro medio informativo publicado desde Hermosillo, Sonora. %","og_url":"https:\/\/www.sonoraenequipo.com.mx\/avanza-el-mejoramiento-de-zonas-arqueologicas-cercanas-al-tren-maya\/","og_site_name":"Sonora en Equipo.","article_publisher":"https:\/\/www.facebook.com\/SonoraEE\/","article_author":"https:\/\/www.facebook.com\/SonoraEE","article_published_time":"2022-08-03T16:18:34+00:00","article_modified_time":"2022-08-03T20:09:45+00:00","og_image":[{"width":900,"height":514,"url":"https:\/\/www.sonoraenequipo.com.mx\/storage\/2022\/08\/lopez-obrador-03.08.2022.jpg","type":"image\/jpeg"}],"author":"enequipo","twitter_card":"summary_large_image","twitter_creator":"@sonoraenequipo","twitter_site":"@sonoraenequipo","twitter_misc":{"Escrito por":"enequipo","Tiempo de lectura":"3 minutos"},"schema":{"@context":"https:\/\/schema.org","@graph":[{"@type":"Article","@id":"https:\/\/www.sonoraenequipo.com.mx\/avanza-el-mejoramiento-de-zonas-arqueologicas-cercanas-al-tren-maya\/#article","isPartOf":{"@id":"https:\/\/www.sonoraenequipo.com.mx\/avanza-el-mejoramiento-de-zonas-arqueologicas-cercanas-al-tren-maya\/"},"author":{"name":"enequipo","@id":"https:\/\/www.sonoraenequipo.com.mx\/#\/schema\/person\/50102df0fb23a8fa9e8effad8fa81386"},"headline":"Avanza el mejoramiento de zonas arqueol\u00f3gicas cercanas al Tren Maya","datePublished":"2022-08-03T16:18:34+00:00","dateModified":"2022-08-03T20:09:45+00:00","mainEntityOfPage":{"@id":"https:\/\/www.sonoraenequipo.com.mx\/avanza-el-mejoramiento-de-zonas-arqueologicas-cercanas-al-tren-maya\/"},"wordCount":650,"commentCount":0,"publisher":{"@id":"https:\/\/www.sonoraenequipo.com.mx\/#organization"},"image":{"@id":"https:\/\/www.sonoraenequipo.com.mx\/avanza-el-mejoramiento-de-zonas-arqueologicas-cercanas-al-tren-maya\/#primaryimage"},"thumbnailUrl":"https:\/\/www.sonoraenequipo.com.mx\/storage\/2022\/08\/lopez-obrador-03.08.2022.jpg","articleSection":["Rep\u00fablica"],"inLanguage":"es","potentialAction":[{"@type":"CommentAction","name":"Comment","target":["https:\/\/www.sonoraenequipo.com.mx\/avanza-el-mejoramiento-de-zonas-arqueologicas-cercanas-al-tren-maya\/#respond"]}]},{"@type":"WebPage","@id":"https:\/\/www.sonoraenequipo.com.mx\/avanza-el-mejoramiento-de-zonas-arqueologicas-cercanas-al-tren-maya\/","url":"https:\/\/www.sonoraenequipo.com.mx\/avanza-el-mejoramiento-de-zonas-arqueologicas-cercanas-al-tren-maya\/","name":"Sonora en Equipo. Avanza el mejoramiento de zonas arqueol\u00f3gicas cercanas al Tren Maya Rep\u00fablica","isPartOf":{"@id":"https:\/\/www.sonoraenequipo.com.mx\/#website"},"primaryImageOfPage":{"@id":"https:\/\/www.sonoraenequipo.com.mx\/avanza-el-mejoramiento-de-zonas-arqueologicas-cercanas-al-tren-maya\/#primaryimage"},"image":{"@id":"https:\/\/www.sonoraenequipo.com.mx\/avanza-el-mejoramiento-de-zonas-arqueologicas-cercanas-al-tren-maya\/#primaryimage"},"thumbnailUrl":"https:\/\/www.sonoraenequipo.com.mx\/storage\/2022\/08\/lopez-obrador-03.08.2022.jpg","datePublished":"2022-08-03T16:18:34+00:00","dateModified":"2022-08-03T20:09:45+00:00","description":"CIUDAD DE M\u00c9XICO. MX. \u2014 La recuperaci\u00f3n de zonas arqueol\u00f3gicas cerca de la ruta del Tren Maya es una prioridad del Gobierno de M\u00e9xico; el objetivo es En Sonora en Equipo publicamos toda la informaci\u00f3n de Sonora, M\u00e9xico y el Mundo de manera oportuna y busca que la libertad de expresi\u00f3n sea real. Visita nuestro medio informativo publicado desde Hermosillo, Sonora. %","breadcrumb":{"@id":"https:\/\/www.sonoraenequipo.com.mx\/avanza-el-mejoramiento-de-zonas-arqueologicas-cercanas-al-tren-maya\/#breadcrumb"},"inLanguage":"es","potentialAction":[{"@type":"ReadAction","target":["https:\/\/www.sonoraenequipo.com.mx\/avanza-el-mejoramiento-de-zonas-arqueologicas-cercanas-al-tren-maya\/"]}]},{"@type":"ImageObject","inLanguage":"es","@id":"https:\/\/www.sonoraenequipo.com.mx\/avanza-el-mejoramiento-de-zonas-arqueologicas-cercanas-al-tren-maya\/#primaryimage","url":"https:\/\/www.sonoraenequipo.com.mx\/storage\/2022\/08\/lopez-obrador-03.08.2022.jpg","contentUrl":"https:\/\/www.sonoraenequipo.com.mx\/storage\/2022\/08\/lopez-obrador-03.08.2022.jpg","width":900,"height":514},{"@type":"BreadcrumbList","@id":"https:\/\/www.sonoraenequipo.com.mx\/avanza-el-mejoramiento-de-zonas-arqueologicas-cercanas-al-tren-maya\/#breadcrumb","itemListElement":[{"@type":"ListItem","position":1,"name":"Portada","item":"https:\/\/www.sonoraenequipo.com.mx\/"},{"@type":"ListItem","position":2,"name":"Avanza el mejoramiento de zonas arqueol\u00f3gicas cercanas al Tren Maya"}]},{"@type":"WebSite","@id":"https:\/\/www.sonoraenequipo.com.mx\/#website","url":"https:\/\/www.sonoraenequipo.com.mx\/","name":"Sonora en Equipo.","description":"Diario en l\u00ednea con Noticias desde Hermosillo, Sonora","publisher":{"@id":"https:\/\/www.sonoraenequipo.com.mx\/#organization"},"potentialAction":[{"@type":"SearchAction","target":{"@type":"EntryPoint","urlTemplate":"https:\/\/www.sonoraenequipo.com.mx\/?s={search_term_string}"},"query-input":{"@type":"PropertyValueSpecification","valueRequired":true,"valueName":"search_term_string"}}],"inLanguage":"es"},{"@type":"Organization","@id":"https:\/\/www.sonoraenequipo.com.mx\/#organization","name":"Sonoraenequipo.com.mx","url":"https:\/\/www.sonoraenequipo.com.mx\/","logo":{"@type":"ImageObject","inLanguage":"es","@id":"https:\/\/www.sonoraenequipo.com.mx\/#\/schema\/logo\/image\/","url":"https:\/\/www.sonoraenequipo.com.mx\/storage\/2019\/01\/sonoraenequipo_opt.png","contentUrl":"https:\/\/www.sonoraenequipo.com.mx\/storage\/2019\/01\/sonoraenequipo_opt.png","width":375,"height":125,"caption":"Sonoraenequipo.com.mx"},"image":{"@id":"https:\/\/www.sonoraenequipo.com.mx\/#\/schema\/logo\/image\/"},"sameAs":["https:\/\/www.facebook.com\/SonoraEE\/","https:\/\/x.com\/sonoraenequipo","https:\/\/www.youtube.com\/channel\/UC338nW-lPEYmJQs4ZABQ1SQ"]},{"@type":"Person","@id":"https:\/\/www.sonoraenequipo.com.mx\/#\/schema\/person\/50102df0fb23a8fa9e8effad8fa81386","name":"enequipo","image":{"@type":"ImageObject","inLanguage":"es","@id":"https:\/\/www.sonoraenequipo.com.mx\/#\/schema\/person\/image\/","url":"https:\/\/secure.gravatar.com\/avatar\/049821681b589dabc0bc20695993ccebb09f5b5d4d790cd9251b97faac7c652b?s=96&d=blank&r=g","contentUrl":"https:\/\/secure.gravatar.com\/avatar\/049821681b589dabc0bc20695993ccebb09f5b5d4d790cd9251b97faac7c652b?s=96&d=blank&r=g","caption":"enequipo"},"sameAs":["https:\/\/www.facebook.com\/SonoraEE"]}]}},"jetpack_featured_media_url":"https:\/\/www.sonoraenequipo.com.mx\/storage\/2022\/08\/lopez-obrador-03.08.2022.jpg","_links":{"self":[{"href":"https:\/\/www.sonoraenequipo.com.mx\/api\/wp\/v2\/posts\/144139","targetHints":{"allow":["GET"]}}],"collection":[{"href":"https:\/\/www.sonoraenequipo.com.mx\/api\/wp\/v2\/posts"}],"about":[{"href":"https:\/\/www.sonoraenequipo.com.mx\/api\/wp\/v2\/types\/post"}],"author":[{"embeddable":true,"href":"https:\/\/www.sonoraenequipo.com.mx\/api\/wp\/v2\/users\/1"}],"replies":[{"embeddable":true,"href":"https:\/\/www.sonoraenequipo.com.mx\/api\/wp\/v2\/comments?post=144139"}],"version-history":[{"count":1,"href":"https:\/\/www.sonoraenequipo.com.mx\/api\/wp\/v2\/posts\/144139\/revisions"}],"predecessor-version":[{"id":144146,"href":"https:\/\/www.sonoraenequipo.com.mx\/api\/wp\/v2\/posts\/144139\/revisions\/144146"}],"wp:featuredmedia":[{"embeddable":true,"href":"https:\/\/www.sonoraenequipo.com.mx\/api\/wp\/v2\/media\/144145"}],"wp:attachment":[{"href":"https:\/\/www.sonoraenequipo.com.mx\/api\/wp\/v2\/media?parent=144139"}],"wp:term":[{"taxonomy":"category","embeddable":true,"href":"https:\/\/www.sonoraenequipo.com.mx\/api\/wp\/v2\/categories?post=144139"},{"taxonomy":"post_tag","embeddable":true,"href":"https:\/\/www.sonoraenequipo.com.mx\/api\/wp\/v2\/tags?post=144139"}],"curies":[{"name":"wp","href":"https:\/\/api.w.org\/{rel}","templated":true}]}}