{"id":144669,"date":"2022-08-10T16:07:29","date_gmt":"2022-08-10T23:07:29","guid":{"rendered":"https:\/\/www.sonoraenequipo.com.mx\/?p=144669"},"modified":"2022-08-10T22:15:22","modified_gmt":"2022-08-11T05:15:22","slug":"dan-sentencia-conjunta-de-621-anos-y-3-meses-a-cinco-secuestradores","status":"publish","type":"post","link":"https:\/\/www.sonoraenequipo.com.mx\/dan-sentencia-conjunta-de-621-anos-y-3-meses-a-cinco-secuestradores\/","title":{"rendered":"\u00a0Dan sentencia conjunta de 621 a\u00f1os y 3 meses a cinco secuestradores"},"content":{"rendered":"<p><strong>GUAYMAS, SONORA,MX.<\/strong><strong>\u2500\u2500<\/strong> Cinco personas, una femenina y cuatro masculinos, recibieron penas individuales de 124 a\u00f1os 3 meses de prisi\u00f3n y multa global de 8 millones 672 mil 635 pesos, por los delitos de secuestro agravado en n\u00famero de dos y asociaci\u00f3n delictuosa.<\/p>\n<p>&nbsp;<\/p>\n<p>Las penas fueron impuestas por un Juez con base a las pruebas recabadas y presentadas durante el Juicio por personal de la Trilog\u00eda Investigadora, de la Fiscal\u00eda General de Justicia del Estado de Sonora (FGJE).<\/p>\n<p>&nbsp;<\/p>\n<p>Quienes pasar\u00e1n el resto de sus vidas en la c\u00e1rcel son Mar\u00eda Sandra \u201cN.\u201d, Daniel Iv\u00e1n \u201cN.\u201d, Rosario \u201cN.\u201d,\u00a0 Jes\u00fas Alfredo y\/o Jes\u00fas Fernando \u201cN.\u201d, Jes\u00fas Manuel y\/o Jos\u00e9 Manuel y\/o Luis \u00c1ngel \u201cN.\u201d, entre todos acumulan 621 a\u00f1os 3 meses de prisi\u00f3n.<\/p>\n<p>&nbsp;<\/p>\n<p>Personal de Litigaci\u00f3n, de la Vicefiscal\u00eda de Control de Procesos, presentaron las pruebas en el Juicio Oral, que inici\u00f3 el pasado 2 de agosto y concluy\u00f3 el 9 de agosto dentro de la causa penal por secuestro agravado y asociaci\u00f3n delictuosa.<\/p>\n<p>&nbsp;<\/p>\n<p>La Trilog\u00eda Investigadora, Agente del Ministerio P\u00fablico, personal de la Agencia Ministerial de Investigaci\u00f3n Criminal (AMIC) y de Servicios Periciales, determin\u00f3 la responsabilidad de los sujetos en los hechos suscitados el 15 de diciembre de 2021.<\/p>\n<p>&nbsp;<\/p>\n<p>Portando armas de fuego, los masculinos arribaron a un hotel ubicado en Calle 14 entre 5 y 6, en la colonia Centro, de donde sacaron con violencia a dos masculinos que ah\u00ed se hospedaban, los subieron a un veh\u00edculo y los llevaron a otro sitio.<\/p>\n<p>&nbsp;<\/p>\n<p>En una vivienda situada en la colonia Popular los mantuvieron cautivos, estuvieron golpeando a las v\u00edctimas por varias horas hasta que salieron, fue cuando la mujer del grupo se uni\u00f3 para estarlos vigilando, uno de los perjudicados escap\u00f3 el d\u00eda siguiente, el 16 de diciembre.<\/p>\n<p>&nbsp;<\/p>\n<p>Pudo contactar a elementos de la Secretar\u00eda de Marina (SEMAR) y de Seguridad P\u00fablica Municipal, quienes liberaron al secuestrado, adem\u00e1s, en operativo con la Mesa Estatal de Seguridad pudieron detener en flagrancia delictiva a los ahora sentenciados.<\/p>\n","protected":false},"excerpt":{"rendered":"<p>GUAYMAS, SONORA,MX.\u2500\u2500 Cinco personas, una femenina y cuatro masculinos, recibieron penas individuales de 124 a\u00f1os&#8230;<\/p>\n","protected":false},"author":1,"featured_media":144672,"comment_status":"open","ping_status":"open","sticky":false,"template":"","format":"standard","meta":{"_monsterinsights_skip_tracking":false,"_monsterinsights_sitenote_active":false,"_monsterinsights_sitenote_note":"","_monsterinsights_sitenote_category":0,"footnotes":""},"categories":[3144],"tags":[621,3434],"class_list":["post"],"yoast_head":" \n<title>Sonora en Equipo. \u00a0Dan sentencia conjunta de 621 a\u00f1os y 3 meses a cinco secuestradores Polic\u00edaca<\/title>\n<meta name=\"description\" content=\"GUAYMAS, SONORA,MX.\u2500\u2500 Cinco personas, una femenina y cuatro masculinos, recibieron penas individuales de 124 a\u00f1os 3 meses de prisi\u00f3n y multa global de 8 En Sonora en Equipo publicamos toda la informaci\u00f3n de Sonora, M\u00e9xico y el Mundo de manera oportuna y busca que la libertad de expresi\u00f3n sea real. Visita nuestro medio informativo publicado desde Hermosillo, Sonora. %\" \/>\n<meta name=\"robots\" content=\"index, follow, max-snippet:-1, max-image-preview:large, max-video-preview:-1\" \/>\n<link rel=\"canonical\" href=\"https:\/\/www.sonoraenequipo.com.mx\/dan-sentencia-conjunta-de-621-anos-y-3-meses-a-cinco-secuestradores\/\" \/>\n<meta property=\"og:locale\" content=\"es_ES\" \/>\n<meta property=\"og:type\" content=\"article\" \/>\n<meta property=\"og:title\" content=\"Sonora en Equipo. \u00a0Dan sentencia conjunta de 621 a\u00f1os y 3 meses a cinco secuestradores Polic\u00edaca\" \/>\n<meta property=\"og:description\" content=\"GUAYMAS, SONORA,MX.\u2500\u2500 Cinco personas, una femenina y cuatro masculinos, recibieron penas individuales de 124 a\u00f1os 3 meses de prisi\u00f3n y multa global de 8 En Sonora en Equipo publicamos toda la informaci\u00f3n de Sonora, M\u00e9xico y el Mundo de manera oportuna y busca que la libertad de expresi\u00f3n sea real. Visita nuestro medio informativo publicado desde Hermosillo, Sonora. %\" \/>\n<meta property=\"og:url\" content=\"https:\/\/www.sonoraenequipo.com.mx\/dan-sentencia-conjunta-de-621-anos-y-3-meses-a-cinco-secuestradores\/\" \/>\n<meta property=\"og:site_name\" content=\"Sonora en Equipo.\" \/>\n<meta property=\"article:publisher\" content=\"https:\/\/www.facebook.com\/SonoraEE\/\" \/>\n<meta property=\"article:author\" content=\"https:\/\/www.facebook.com\/SonoraEE\" \/>\n<meta property=\"article:published_time\" content=\"2022-08-10T23:07:29+00:00\" \/>\n<meta property=\"article:modified_time\" content=\"2022-08-11T05:15:22+00:00\" \/>\n<meta property=\"og:image\" content=\"https:\/\/www.sonoraenequipo.com.mx\/storage\/2022\/08\/secuestradores.jpg\" \/>\n\t<meta property=\"og:image:width\" content=\"600\" \/>\n\t<meta property=\"og:image:height\" content=\"400\" \/>\n\t<meta property=\"og:image:type\" content=\"image\/jpeg\" \/>\n<meta name=\"author\" content=\"enequipo\" \/>\n<meta name=\"twitter:card\" content=\"summary_large_image\" \/>\n<meta name=\"twitter:creator\" content=\"@sonoraenequipo\" \/>\n<meta name=\"twitter:site\" content=\"@sonoraenequipo\" \/>\n<meta name=\"twitter:label1\" content=\"Escrito por\" \/>\n\t<meta name=\"twitter:data1\" content=\"enequipo\" \/>\n\t<meta name=\"twitter:label2\" content=\"Tiempo de lectura\" \/>\n\t<meta name=\"twitter:data2\" content=\"2 minutos\" \/>\n<script type=\"application\/ld+json\" class=\"yoast-schema-graph\">{\"@context\":\"https:\/\/schema.org\",\"@graph\":[{\"@type\":\"Article\",\"@id\":\"https:\/\/www.sonoraenequipo.com.mx\/dan-sentencia-conjunta-de-621-anos-y-3-meses-a-cinco-secuestradores\/#article\",\"isPartOf\":{\"@id\":\"https:\/\/www.sonoraenequipo.com.mx\/dan-sentencia-conjunta-de-621-anos-y-3-meses-a-cinco-secuestradores\/\"},\"author\":{\"name\":\"enequipo\",\"@id\":\"https:\/\/www.sonoraenequipo.com.mx\/#\/schema\/person\/50102df0fb23a8fa9e8effad8fa81386\"},\"headline\":\"\u00a0Dan sentencia conjunta de 621 a\u00f1os y 3 meses a cinco secuestradores\",\"datePublished\":\"2022-08-10T23:07:29+00:00\",\"dateModified\":\"2022-08-11T05:15:22+00:00\",\"mainEntityOfPage\":{\"@id\":\"https:\/\/www.sonoraenequipo.com.mx\/dan-sentencia-conjunta-de-621-anos-y-3-meses-a-cinco-secuestradores\/\"},\"wordCount\":358,\"commentCount\":0,\"publisher\":{\"@id\":\"https:\/\/www.sonoraenequipo.com.mx\/#organization\"},\"image\":{\"@id\":\"https:\/\/www.sonoraenequipo.com.mx\/dan-sentencia-conjunta-de-621-anos-y-3-meses-a-cinco-secuestradores\/#primaryimage\"},\"thumbnailUrl\":\"https:\/\/www.sonoraenequipo.com.mx\/storage\/2022\/08\/secuestradores.jpg\",\"keywords\":[\"Guaymas\",\"secuestro\"],\"articleSection\":[\"Polic\u00edaca\"],\"inLanguage\":\"es\",\"potentialAction\":[{\"@type\":\"CommentAction\",\"name\":\"Comment\",\"target\":[\"https:\/\/www.sonoraenequipo.com.mx\/dan-sentencia-conjunta-de-621-anos-y-3-meses-a-cinco-secuestradores\/#respond\"]}]},{\"@type\":\"WebPage\",\"@id\":\"https:\/\/www.sonoraenequipo.com.mx\/dan-sentencia-conjunta-de-621-anos-y-3-meses-a-cinco-secuestradores\/\",\"url\":\"https:\/\/www.sonoraenequipo.com.mx\/dan-sentencia-conjunta-de-621-anos-y-3-meses-a-cinco-secuestradores\/\",\"name\":\"Sonora en Equipo. \u00a0Dan sentencia conjunta de 621 a\u00f1os y 3 meses a cinco secuestradores Polic\u00edaca\",\"isPartOf\":{\"@id\":\"https:\/\/www.sonoraenequipo.com.mx\/#website\"},\"primaryImageOfPage\":{\"@id\":\"https:\/\/www.sonoraenequipo.com.mx\/dan-sentencia-conjunta-de-621-anos-y-3-meses-a-cinco-secuestradores\/#primaryimage\"},\"image\":{\"@id\":\"https:\/\/www.sonoraenequipo.com.mx\/dan-sentencia-conjunta-de-621-anos-y-3-meses-a-cinco-secuestradores\/#primaryimage\"},\"thumbnailUrl\":\"https:\/\/www.sonoraenequipo.com.mx\/storage\/2022\/08\/secuestradores.jpg\",\"datePublished\":\"2022-08-10T23:07:29+00:00\",\"dateModified\":\"2022-08-11T05:15:22+00:00\",\"description\":\"GUAYMAS, SONORA,MX.\u2500\u2500 Cinco personas, una femenina y cuatro masculinos, recibieron penas individuales de 124 a\u00f1os 3 meses de prisi\u00f3n y multa global de 8 En Sonora en Equipo publicamos toda la informaci\u00f3n de Sonora, M\u00e9xico y el Mundo de manera oportuna y busca que la libertad de expresi\u00f3n sea real. Visita nuestro medio informativo publicado desde Hermosillo, Sonora. %\",\"breadcrumb\":{\"@id\":\"https:\/\/www.sonoraenequipo.com.mx\/dan-sentencia-conjunta-de-621-anos-y-3-meses-a-cinco-secuestradores\/#breadcrumb\"},\"inLanguage\":\"es\",\"potentialAction\":[{\"@type\":\"ReadAction\",\"target\":[\"https:\/\/www.sonoraenequipo.com.mx\/dan-sentencia-conjunta-de-621-anos-y-3-meses-a-cinco-secuestradores\/\"]}]},{\"@type\":\"ImageObject\",\"inLanguage\":\"es\",\"@id\":\"https:\/\/www.sonoraenequipo.com.mx\/dan-sentencia-conjunta-de-621-anos-y-3-meses-a-cinco-secuestradores\/#primaryimage\",\"url\":\"https:\/\/www.sonoraenequipo.com.mx\/storage\/2022\/08\/secuestradores.jpg\",\"contentUrl\":\"https:\/\/www.sonoraenequipo.com.mx\/storage\/2022\/08\/secuestradores.jpg\",\"width\":600,\"height\":400},{\"@type\":\"BreadcrumbList\",\"@id\":\"https:\/\/www.sonoraenequipo.com.mx\/dan-sentencia-conjunta-de-621-anos-y-3-meses-a-cinco-secuestradores\/#breadcrumb\",\"itemListElement\":[{\"@type\":\"ListItem\",\"position\":1,\"name\":\"Portada\",\"item\":\"https:\/\/www.sonoraenequipo.com.mx\/\"},{\"@type\":\"ListItem\",\"position\":2,\"name\":\"\u00a0Dan sentencia conjunta de 621 a\u00f1os y 3 meses a cinco secuestradores\"}]},{\"@type\":\"WebSite\",\"@id\":\"https:\/\/www.sonoraenequipo.com.mx\/#website\",\"url\":\"https:\/\/www.sonoraenequipo.com.mx\/\",\"name\":\"Sonora en Equipo.\",\"description\":\"Diario en l\u00ednea con Noticias desde Hermosillo, Sonora\",\"publisher\":{\"@id\":\"https:\/\/www.sonoraenequipo.com.mx\/#organization\"},\"potentialAction\":[{\"@type\":\"SearchAction\",\"target\":{\"@type\":\"EntryPoint\",\"urlTemplate\":\"https:\/\/www.sonoraenequipo.com.mx\/?s={search_term_string}\"},\"query-input\":{\"@type\":\"PropertyValueSpecification\",\"valueRequired\":true,\"valueName\":\"search_term_string\"}}],\"inLanguage\":\"es\"},{\"@type\":\"Organization\",\"@id\":\"https:\/\/www.sonoraenequipo.com.mx\/#organization\",\"name\":\"Sonoraenequipo.com.mx\",\"url\":\"https:\/\/www.sonoraenequipo.com.mx\/\",\"logo\":{\"@type\":\"ImageObject\",\"inLanguage\":\"es\",\"@id\":\"https:\/\/www.sonoraenequipo.com.mx\/#\/schema\/logo\/image\/\",\"url\":\"https:\/\/www.sonoraenequipo.com.mx\/storage\/2019\/01\/sonoraenequipo_opt.png\",\"contentUrl\":\"https:\/\/www.sonoraenequipo.com.mx\/storage\/2019\/01\/sonoraenequipo_opt.png\",\"width\":375,\"height\":125,\"caption\":\"Sonoraenequipo.com.mx\"},\"image\":{\"@id\":\"https:\/\/www.sonoraenequipo.com.mx\/#\/schema\/logo\/image\/\"},\"sameAs\":[\"https:\/\/www.facebook.com\/SonoraEE\/\",\"https:\/\/x.com\/sonoraenequipo\",\"https:\/\/www.youtube.com\/channel\/UC338nW-lPEYmJQs4ZABQ1SQ\"]},{\"@type\":\"Person\",\"@id\":\"https:\/\/www.sonoraenequipo.com.mx\/#\/schema\/person\/50102df0fb23a8fa9e8effad8fa81386\",\"name\":\"enequipo\",\"image\":{\"@type\":\"ImageObject\",\"inLanguage\":\"es\",\"@id\":\"https:\/\/www.sonoraenequipo.com.mx\/#\/schema\/person\/image\/\",\"url\":\"https:\/\/secure.gravatar.com\/avatar\/049821681b589dabc0bc20695993ccebb09f5b5d4d790cd9251b97faac7c652b?s=96&d=blank&r=g\",\"contentUrl\":\"https:\/\/secure.gravatar.com\/avatar\/049821681b589dabc0bc20695993ccebb09f5b5d4d790cd9251b97faac7c652b?s=96&d=blank&r=g\",\"caption\":\"enequipo\"},\"sameAs\":[\"https:\/\/www.facebook.com\/SonoraEE\"]}]}<\/script>\n ","yoast_head_json":{"title":"Sonora en Equipo. \u00a0Dan sentencia conjunta de 621 a\u00f1os y 3 meses a cinco secuestradores Polic\u00edaca","description":"GUAYMAS, SONORA,MX.\u2500\u2500 Cinco personas, una femenina y cuatro masculinos, recibieron penas individuales de 124 a\u00f1os 3 meses de prisi\u00f3n y multa global de 8 En Sonora en Equipo publicamos toda la informaci\u00f3n de Sonora, M\u00e9xico y el Mundo de manera oportuna y busca que la libertad de expresi\u00f3n sea real. Visita nuestro medio informativo publicado desde Hermosillo, Sonora. %","robots":{"index":"index","follow":"follow","max-snippet":"max-snippet:-1","max-image-preview":"max-image-preview:large","max-video-preview":"max-video-preview:-1"},"canonical":"https:\/\/www.sonoraenequipo.com.mx\/dan-sentencia-conjunta-de-621-anos-y-3-meses-a-cinco-secuestradores\/","og_locale":"es_ES","og_type":"article","og_title":"Sonora en Equipo. \u00a0Dan sentencia conjunta de 621 a\u00f1os y 3 meses a cinco secuestradores Polic\u00edaca","og_description":"GUAYMAS, SONORA,MX.\u2500\u2500 Cinco personas, una femenina y cuatro masculinos, recibieron penas individuales de 124 a\u00f1os 3 meses de prisi\u00f3n y multa global de 8 En Sonora en Equipo publicamos toda la informaci\u00f3n de Sonora, M\u00e9xico y el Mundo de manera oportuna y busca que la libertad de expresi\u00f3n sea real. Visita nuestro medio informativo publicado desde Hermosillo, Sonora. %","og_url":"https:\/\/www.sonoraenequipo.com.mx\/dan-sentencia-conjunta-de-621-anos-y-3-meses-a-cinco-secuestradores\/","og_site_name":"Sonora en Equipo.","article_publisher":"https:\/\/www.facebook.com\/SonoraEE\/","article_author":"https:\/\/www.facebook.com\/SonoraEE","article_published_time":"2022-08-10T23:07:29+00:00","article_modified_time":"2022-08-11T05:15:22+00:00","og_image":[{"width":600,"height":400,"url":"https:\/\/www.sonoraenequipo.com.mx\/storage\/2022\/08\/secuestradores.jpg","type":"image\/jpeg"}],"author":"enequipo","twitter_card":"summary_large_image","twitter_creator":"@sonoraenequipo","twitter_site":"@sonoraenequipo","twitter_misc":{"Escrito por":"enequipo","Tiempo de lectura":"2 minutos"},"schema":{"@context":"https:\/\/schema.org","@graph":[{"@type":"Article","@id":"https:\/\/www.sonoraenequipo.com.mx\/dan-sentencia-conjunta-de-621-anos-y-3-meses-a-cinco-secuestradores\/#article","isPartOf":{"@id":"https:\/\/www.sonoraenequipo.com.mx\/dan-sentencia-conjunta-de-621-anos-y-3-meses-a-cinco-secuestradores\/"},"author":{"name":"enequipo","@id":"https:\/\/www.sonoraenequipo.com.mx\/#\/schema\/person\/50102df0fb23a8fa9e8effad8fa81386"},"headline":"\u00a0Dan sentencia conjunta de 621 a\u00f1os y 3 meses a cinco secuestradores","datePublished":"2022-08-10T23:07:29+00:00","dateModified":"2022-08-11T05:15:22+00:00","mainEntityOfPage":{"@id":"https:\/\/www.sonoraenequipo.com.mx\/dan-sentencia-conjunta-de-621-anos-y-3-meses-a-cinco-secuestradores\/"},"wordCount":358,"commentCount":0,"publisher":{"@id":"https:\/\/www.sonoraenequipo.com.mx\/#organization"},"image":{"@id":"https:\/\/www.sonoraenequipo.com.mx\/dan-sentencia-conjunta-de-621-anos-y-3-meses-a-cinco-secuestradores\/#primaryimage"},"thumbnailUrl":"https:\/\/www.sonoraenequipo.com.mx\/storage\/2022\/08\/secuestradores.jpg","keywords":["Guaymas","secuestro"],"articleSection":["Polic\u00edaca"],"inLanguage":"es","potentialAction":[{"@type":"CommentAction","name":"Comment","target":["https:\/\/www.sonoraenequipo.com.mx\/dan-sentencia-conjunta-de-621-anos-y-3-meses-a-cinco-secuestradores\/#respond"]}]},{"@type":"WebPage","@id":"https:\/\/www.sonoraenequipo.com.mx\/dan-sentencia-conjunta-de-621-anos-y-3-meses-a-cinco-secuestradores\/","url":"https:\/\/www.sonoraenequipo.com.mx\/dan-sentencia-conjunta-de-621-anos-y-3-meses-a-cinco-secuestradores\/","name":"Sonora en Equipo. \u00a0Dan sentencia conjunta de 621 a\u00f1os y 3 meses a cinco secuestradores Polic\u00edaca","isPartOf":{"@id":"https:\/\/www.sonoraenequipo.com.mx\/#website"},"primaryImageOfPage":{"@id":"https:\/\/www.sonoraenequipo.com.mx\/dan-sentencia-conjunta-de-621-anos-y-3-meses-a-cinco-secuestradores\/#primaryimage"},"image":{"@id":"https:\/\/www.sonoraenequipo.com.mx\/dan-sentencia-conjunta-de-621-anos-y-3-meses-a-cinco-secuestradores\/#primaryimage"},"thumbnailUrl":"https:\/\/www.sonoraenequipo.com.mx\/storage\/2022\/08\/secuestradores.jpg","datePublished":"2022-08-10T23:07:29+00:00","dateModified":"2022-08-11T05:15:22+00:00","description":"GUAYMAS, SONORA,MX.\u2500\u2500 Cinco personas, una femenina y cuatro masculinos, recibieron penas individuales de 124 a\u00f1os 3 meses de prisi\u00f3n y multa global de 8 En Sonora en Equipo publicamos toda la informaci\u00f3n de Sonora, M\u00e9xico y el Mundo de manera oportuna y busca que la libertad de expresi\u00f3n sea real. Visita nuestro medio informativo publicado desde Hermosillo, Sonora. %","breadcrumb":{"@id":"https:\/\/www.sonoraenequipo.com.mx\/dan-sentencia-conjunta-de-621-anos-y-3-meses-a-cinco-secuestradores\/#breadcrumb"},"inLanguage":"es","potentialAction":[{"@type":"ReadAction","target":["https:\/\/www.sonoraenequipo.com.mx\/dan-sentencia-conjunta-de-621-anos-y-3-meses-a-cinco-secuestradores\/"]}]},{"@type":"ImageObject","inLanguage":"es","@id":"https:\/\/www.sonoraenequipo.com.mx\/dan-sentencia-conjunta-de-621-anos-y-3-meses-a-cinco-secuestradores\/#primaryimage","url":"https:\/\/www.sonoraenequipo.com.mx\/storage\/2022\/08\/secuestradores.jpg","contentUrl":"https:\/\/www.sonoraenequipo.com.mx\/storage\/2022\/08\/secuestradores.jpg","width":600,"height":400},{"@type":"BreadcrumbList","@id":"https:\/\/www.sonoraenequipo.com.mx\/dan-sentencia-conjunta-de-621-anos-y-3-meses-a-cinco-secuestradores\/#breadcrumb","itemListElement":[{"@type":"ListItem","position":1,"name":"Portada","item":"https:\/\/www.sonoraenequipo.com.mx\/"},{"@type":"ListItem","position":2,"name":"\u00a0Dan sentencia conjunta de 621 a\u00f1os y 3 meses a cinco secuestradores"}]},{"@type":"WebSite","@id":"https:\/\/www.sonoraenequipo.com.mx\/#website","url":"https:\/\/www.sonoraenequipo.com.mx\/","name":"Sonora en Equipo.","description":"Diario en l\u00ednea con Noticias desde Hermosillo, Sonora","publisher":{"@id":"https:\/\/www.sonoraenequipo.com.mx\/#organization"},"potentialAction":[{"@type":"SearchAction","target":{"@type":"EntryPoint","urlTemplate":"https:\/\/www.sonoraenequipo.com.mx\/?s={search_term_string}"},"query-input":{"@type":"PropertyValueSpecification","valueRequired":true,"valueName":"search_term_string"}}],"inLanguage":"es"},{"@type":"Organization","@id":"https:\/\/www.sonoraenequipo.com.mx\/#organization","name":"Sonoraenequipo.com.mx","url":"https:\/\/www.sonoraenequipo.com.mx\/","logo":{"@type":"ImageObject","inLanguage":"es","@id":"https:\/\/www.sonoraenequipo.com.mx\/#\/schema\/logo\/image\/","url":"https:\/\/www.sonoraenequipo.com.mx\/storage\/2019\/01\/sonoraenequipo_opt.png","contentUrl":"https:\/\/www.sonoraenequipo.com.mx\/storage\/2019\/01\/sonoraenequipo_opt.png","width":375,"height":125,"caption":"Sonoraenequipo.com.mx"},"image":{"@id":"https:\/\/www.sonoraenequipo.com.mx\/#\/schema\/logo\/image\/"},"sameAs":["https:\/\/www.facebook.com\/SonoraEE\/","https:\/\/x.com\/sonoraenequipo","https:\/\/www.youtube.com\/channel\/UC338nW-lPEYmJQs4ZABQ1SQ"]},{"@type":"Person","@id":"https:\/\/www.sonoraenequipo.com.mx\/#\/schema\/person\/50102df0fb23a8fa9e8effad8fa81386","name":"enequipo","image":{"@type":"ImageObject","inLanguage":"es","@id":"https:\/\/www.sonoraenequipo.com.mx\/#\/schema\/person\/image\/","url":"https:\/\/secure.gravatar.com\/avatar\/049821681b589dabc0bc20695993ccebb09f5b5d4d790cd9251b97faac7c652b?s=96&d=blank&r=g","contentUrl":"https:\/\/secure.gravatar.com\/avatar\/049821681b589dabc0bc20695993ccebb09f5b5d4d790cd9251b97faac7c652b?s=96&d=blank&r=g","caption":"enequipo"},"sameAs":["https:\/\/www.facebook.com\/SonoraEE"]}]}},"jetpack_featured_media_url":"https:\/\/www.sonoraenequipo.com.mx\/storage\/2022\/08\/secuestradores.jpg","_links":{"self":[{"href":"https:\/\/www.sonoraenequipo.com.mx\/api\/wp\/v2\/posts\/144669","targetHints":{"allow":["GET"]}}],"collection":[{"href":"https:\/\/www.sonoraenequipo.com.mx\/api\/wp\/v2\/posts"}],"about":[{"href":"https:\/\/www.sonoraenequipo.com.mx\/api\/wp\/v2\/types\/post"}],"author":[{"embeddable":true,"href":"https:\/\/www.sonoraenequipo.com.mx\/api\/wp\/v2\/users\/1"}],"replies":[{"embeddable":true,"href":"https:\/\/www.sonoraenequipo.com.mx\/api\/wp\/v2\/comments?post=144669"}],"version-history":[{"count":1,"href":"https:\/\/www.sonoraenequipo.com.mx\/api\/wp\/v2\/posts\/144669\/revisions"}],"predecessor-version":[{"id":144674,"href":"https:\/\/www.sonoraenequipo.com.mx\/api\/wp\/v2\/posts\/144669\/revisions\/144674"}],"wp:featuredmedia":[{"embeddable":true,"href":"https:\/\/www.sonoraenequipo.com.mx\/api\/wp\/v2\/media\/144672"}],"wp:attachment":[{"href":"https:\/\/www.sonoraenequipo.com.mx\/api\/wp\/v2\/media?parent=144669"}],"wp:term":[{"taxonomy":"category","embeddable":true,"href":"https:\/\/www.sonoraenequipo.com.mx\/api\/wp\/v2\/categories?post=144669"},{"taxonomy":"post_tag","embeddable":true,"href":"https:\/\/www.sonoraenequipo.com.mx\/api\/wp\/v2\/tags?post=144669"}],"curies":[{"name":"wp","href":"https:\/\/api.w.org\/{rel}","templated":true}]}}