{"id":144678,"date":"2022-08-10T20:25:41","date_gmt":"2022-08-11T03:25:41","guid":{"rendered":"https:\/\/www.sonoraenequipo.com.mx\/?p=144678"},"modified":"2022-08-10T20:25:41","modified_gmt":"2022-08-11T03:25:41","slug":"fifa-podria-adelantar-inicio-del-mundial-de-catar-segun-filtracion","status":"publish","type":"post","link":"https:\/\/www.sonoraenequipo.com.mx\/fifa-podria-adelantar-inicio-del-mundial-de-catar-segun-filtracion\/","title":{"rendered":"FIFA podr\u00eda adelantar inicio del mundial de catar, seg\u00fan filtraci\u00f3n"},"content":{"rendered":"<p><strong>CIUDAD DE M\u00c9XICO.<\/strong><strong>\u2500\u2500<\/strong> La Copa del Mundo comenzar\u00eda un d\u00eda antes de lo previsto, ya que la FIFA estudia una propuesta para permitir que los anfitriones enfrenten a Ecuador el 20 de noviembre, seg\u00fan dijo una persona familiarizada con el plan.<\/p>\n<p>&nbsp;<\/p>\n<p>&nbsp;<\/p>\n<p>La persona pidi\u00f3 no ser identificada por no estar autorizada a hablar sobre el plan. Faltan casi 100 d\u00edas para el comienzo del torneo.<\/p>\n<p>&nbsp;<\/p>\n<p>La decisi\u00f3n podr\u00eda tomarse esta misma semana por un comit\u00e9 formado por el presidente de la FIFA, Gianni Infantino, y los l\u00edderes de las seis confederaciones continentales de futbol.<\/p>\n<p>&nbsp;<\/p>\n<p>Seg\u00fan una carta enviada por la FIFA esta semana y a la que AP tuvo acceso, el ente rector del futbol pidi\u00f3 que las confederaciones dieran el visto bueno antes del jueves.<\/p>\n<p><strong><u>Fecha de Publicaci\u00f3n\u00a0 10\u00a0 de agosto de 2022 <\/u><\/strong><\/p>\n<p>Fuente: Televisa deportes<\/p>\n","protected":false},"excerpt":{"rendered":"<p>CIUDAD DE M\u00c9XICO.\u2500\u2500 La Copa del Mundo comenzar\u00eda un d\u00eda antes de lo previsto, ya&#8230;<\/p>\n","protected":false},"author":1,"featured_media":144679,"comment_status":"open","ping_status":"open","sticky":false,"template":"","format":"standard","meta":{"_monsterinsights_skip_tracking":false,"_monsterinsights_sitenote_active":false,"_monsterinsights_sitenote_note":"","_monsterinsights_sitenote_category":0,"footnotes":""},"categories":[10],"tags":[6091,7355],"class_list":["post"],"yoast_head":" \n<title>Sonora en Equipo. FIFA podr\u00eda adelantar inicio del mundial de catar, seg\u00fan filtraci\u00f3n Deportes<\/title>\n<meta name=\"description\" content=\"CIUDAD DE M\u00c9XICO.\u2500\u2500 La Copa del Mundo comenzar\u00eda un d\u00eda antes de lo previsto, ya que la FIFA estudia una propuesta para permitir que los anfitriones En Sonora en Equipo publicamos toda la informaci\u00f3n de Sonora, M\u00e9xico y el Mundo de manera oportuna y busca que la libertad de expresi\u00f3n sea real. Visita nuestro medio informativo publicado desde Hermosillo, Sonora. %\" \/>\n<meta name=\"robots\" content=\"index, follow, max-snippet:-1, max-image-preview:large, max-video-preview:-1\" \/>\n<link rel=\"canonical\" href=\"https:\/\/www.sonoraenequipo.com.mx\/fifa-podria-adelantar-inicio-del-mundial-de-catar-segun-filtracion\/\" \/>\n<meta property=\"og:locale\" content=\"es_ES\" \/>\n<meta property=\"og:type\" content=\"article\" \/>\n<meta property=\"og:title\" content=\"Sonora en Equipo. FIFA podr\u00eda adelantar inicio del mundial de catar, seg\u00fan filtraci\u00f3n Deportes\" \/>\n<meta property=\"og:description\" content=\"CIUDAD DE M\u00c9XICO.\u2500\u2500 La Copa del Mundo comenzar\u00eda un d\u00eda antes de lo previsto, ya que la FIFA estudia una propuesta para permitir que los anfitriones En Sonora en Equipo publicamos toda la informaci\u00f3n de Sonora, M\u00e9xico y el Mundo de manera oportuna y busca que la libertad de expresi\u00f3n sea real. Visita nuestro medio informativo publicado desde Hermosillo, Sonora. %\" \/>\n<meta property=\"og:url\" content=\"https:\/\/www.sonoraenequipo.com.mx\/fifa-podria-adelantar-inicio-del-mundial-de-catar-segun-filtracion\/\" \/>\n<meta property=\"og:site_name\" content=\"Sonora en Equipo.\" \/>\n<meta property=\"article:publisher\" content=\"https:\/\/www.facebook.com\/SonoraEE\/\" \/>\n<meta property=\"article:author\" content=\"https:\/\/www.facebook.com\/SonoraEE\" \/>\n<meta property=\"article:published_time\" content=\"2022-08-11T03:25:41+00:00\" \/>\n<meta property=\"og:image\" content=\"https:\/\/www.sonoraenequipo.com.mx\/storage\/2022\/08\/copa.jpg\" \/>\n\t<meta property=\"og:image:width\" content=\"600\" \/>\n\t<meta property=\"og:image:height\" content=\"400\" \/>\n\t<meta property=\"og:image:type\" content=\"image\/jpeg\" \/>\n<meta name=\"author\" content=\"enequipo\" \/>\n<meta name=\"twitter:card\" content=\"summary_large_image\" \/>\n<meta name=\"twitter:creator\" content=\"@sonoraenequipo\" \/>\n<meta name=\"twitter:site\" content=\"@sonoraenequipo\" \/>\n<meta name=\"twitter:label1\" content=\"Escrito por\" \/>\n\t<meta name=\"twitter:data1\" content=\"enequipo\" \/>\n\t<meta name=\"twitter:label2\" content=\"Tiempo de lectura\" \/>\n\t<meta name=\"twitter:data2\" content=\"1 minuto\" \/>\n<script type=\"application\/ld+json\" class=\"yoast-schema-graph\">{\"@context\":\"https:\/\/schema.org\",\"@graph\":[{\"@type\":\"Article\",\"@id\":\"https:\/\/www.sonoraenequipo.com.mx\/fifa-podria-adelantar-inicio-del-mundial-de-catar-segun-filtracion\/#article\",\"isPartOf\":{\"@id\":\"https:\/\/www.sonoraenequipo.com.mx\/fifa-podria-adelantar-inicio-del-mundial-de-catar-segun-filtracion\/\"},\"author\":{\"name\":\"enequipo\",\"@id\":\"https:\/\/www.sonoraenequipo.com.mx\/#\/schema\/person\/50102df0fb23a8fa9e8effad8fa81386\"},\"headline\":\"FIFA podr\u00eda adelantar inicio del mundial de catar, seg\u00fan filtraci\u00f3n\",\"datePublished\":\"2022-08-11T03:25:41+00:00\",\"mainEntityOfPage\":{\"@id\":\"https:\/\/www.sonoraenequipo.com.mx\/fifa-podria-adelantar-inicio-del-mundial-de-catar-segun-filtracion\/\"},\"wordCount\":160,\"commentCount\":0,\"publisher\":{\"@id\":\"https:\/\/www.sonoraenequipo.com.mx\/#organization\"},\"image\":{\"@id\":\"https:\/\/www.sonoraenequipo.com.mx\/fifa-podria-adelantar-inicio-del-mundial-de-catar-segun-filtracion\/#primaryimage\"},\"thumbnailUrl\":\"https:\/\/www.sonoraenequipo.com.mx\/storage\/2022\/08\/copa.jpg\",\"keywords\":[\"catar2022\",\"copamundial\"],\"articleSection\":[\"Deportes\"],\"inLanguage\":\"es\",\"potentialAction\":[{\"@type\":\"CommentAction\",\"name\":\"Comment\",\"target\":[\"https:\/\/www.sonoraenequipo.com.mx\/fifa-podria-adelantar-inicio-del-mundial-de-catar-segun-filtracion\/#respond\"]}]},{\"@type\":\"WebPage\",\"@id\":\"https:\/\/www.sonoraenequipo.com.mx\/fifa-podria-adelantar-inicio-del-mundial-de-catar-segun-filtracion\/\",\"url\":\"https:\/\/www.sonoraenequipo.com.mx\/fifa-podria-adelantar-inicio-del-mundial-de-catar-segun-filtracion\/\",\"name\":\"Sonora en Equipo. FIFA podr\u00eda adelantar inicio del mundial de catar, seg\u00fan filtraci\u00f3n Deportes\",\"isPartOf\":{\"@id\":\"https:\/\/www.sonoraenequipo.com.mx\/#website\"},\"primaryImageOfPage\":{\"@id\":\"https:\/\/www.sonoraenequipo.com.mx\/fifa-podria-adelantar-inicio-del-mundial-de-catar-segun-filtracion\/#primaryimage\"},\"image\":{\"@id\":\"https:\/\/www.sonoraenequipo.com.mx\/fifa-podria-adelantar-inicio-del-mundial-de-catar-segun-filtracion\/#primaryimage\"},\"thumbnailUrl\":\"https:\/\/www.sonoraenequipo.com.mx\/storage\/2022\/08\/copa.jpg\",\"datePublished\":\"2022-08-11T03:25:41+00:00\",\"description\":\"CIUDAD DE M\u00c9XICO.\u2500\u2500 La Copa del Mundo comenzar\u00eda un d\u00eda antes de lo previsto, ya que la FIFA estudia una propuesta para permitir que los anfitriones En Sonora en Equipo publicamos toda la informaci\u00f3n de Sonora, M\u00e9xico y el Mundo de manera oportuna y busca que la libertad de expresi\u00f3n sea real. Visita nuestro medio informativo publicado desde Hermosillo, Sonora. %\",\"breadcrumb\":{\"@id\":\"https:\/\/www.sonoraenequipo.com.mx\/fifa-podria-adelantar-inicio-del-mundial-de-catar-segun-filtracion\/#breadcrumb\"},\"inLanguage\":\"es\",\"potentialAction\":[{\"@type\":\"ReadAction\",\"target\":[\"https:\/\/www.sonoraenequipo.com.mx\/fifa-podria-adelantar-inicio-del-mundial-de-catar-segun-filtracion\/\"]}]},{\"@type\":\"ImageObject\",\"inLanguage\":\"es\",\"@id\":\"https:\/\/www.sonoraenequipo.com.mx\/fifa-podria-adelantar-inicio-del-mundial-de-catar-segun-filtracion\/#primaryimage\",\"url\":\"https:\/\/www.sonoraenequipo.com.mx\/storage\/2022\/08\/copa.jpg\",\"contentUrl\":\"https:\/\/www.sonoraenequipo.com.mx\/storage\/2022\/08\/copa.jpg\",\"width\":600,\"height\":400},{\"@type\":\"BreadcrumbList\",\"@id\":\"https:\/\/www.sonoraenequipo.com.mx\/fifa-podria-adelantar-inicio-del-mundial-de-catar-segun-filtracion\/#breadcrumb\",\"itemListElement\":[{\"@type\":\"ListItem\",\"position\":1,\"name\":\"Portada\",\"item\":\"https:\/\/www.sonoraenequipo.com.mx\/\"},{\"@type\":\"ListItem\",\"position\":2,\"name\":\"FIFA podr\u00eda adelantar inicio del mundial de catar, seg\u00fan filtraci\u00f3n\"}]},{\"@type\":\"WebSite\",\"@id\":\"https:\/\/www.sonoraenequipo.com.mx\/#website\",\"url\":\"https:\/\/www.sonoraenequipo.com.mx\/\",\"name\":\"Sonora en Equipo.\",\"description\":\"Diario en l\u00ednea con Noticias desde Hermosillo, Sonora\",\"publisher\":{\"@id\":\"https:\/\/www.sonoraenequipo.com.mx\/#organization\"},\"potentialAction\":[{\"@type\":\"SearchAction\",\"target\":{\"@type\":\"EntryPoint\",\"urlTemplate\":\"https:\/\/www.sonoraenequipo.com.mx\/?s={search_term_string}\"},\"query-input\":{\"@type\":\"PropertyValueSpecification\",\"valueRequired\":true,\"valueName\":\"search_term_string\"}}],\"inLanguage\":\"es\"},{\"@type\":\"Organization\",\"@id\":\"https:\/\/www.sonoraenequipo.com.mx\/#organization\",\"name\":\"Sonoraenequipo.com.mx\",\"url\":\"https:\/\/www.sonoraenequipo.com.mx\/\",\"logo\":{\"@type\":\"ImageObject\",\"inLanguage\":\"es\",\"@id\":\"https:\/\/www.sonoraenequipo.com.mx\/#\/schema\/logo\/image\/\",\"url\":\"https:\/\/www.sonoraenequipo.com.mx\/storage\/2019\/01\/sonoraenequipo_opt.png\",\"contentUrl\":\"https:\/\/www.sonoraenequipo.com.mx\/storage\/2019\/01\/sonoraenequipo_opt.png\",\"width\":375,\"height\":125,\"caption\":\"Sonoraenequipo.com.mx\"},\"image\":{\"@id\":\"https:\/\/www.sonoraenequipo.com.mx\/#\/schema\/logo\/image\/\"},\"sameAs\":[\"https:\/\/www.facebook.com\/SonoraEE\/\",\"https:\/\/x.com\/sonoraenequipo\",\"https:\/\/www.youtube.com\/channel\/UC338nW-lPEYmJQs4ZABQ1SQ\"]},{\"@type\":\"Person\",\"@id\":\"https:\/\/www.sonoraenequipo.com.mx\/#\/schema\/person\/50102df0fb23a8fa9e8effad8fa81386\",\"name\":\"enequipo\",\"image\":{\"@type\":\"ImageObject\",\"inLanguage\":\"es\",\"@id\":\"https:\/\/www.sonoraenequipo.com.mx\/#\/schema\/person\/image\/\",\"url\":\"https:\/\/secure.gravatar.com\/avatar\/049821681b589dabc0bc20695993ccebb09f5b5d4d790cd9251b97faac7c652b?s=96&d=blank&r=g\",\"contentUrl\":\"https:\/\/secure.gravatar.com\/avatar\/049821681b589dabc0bc20695993ccebb09f5b5d4d790cd9251b97faac7c652b?s=96&d=blank&r=g\",\"caption\":\"enequipo\"},\"sameAs\":[\"https:\/\/www.facebook.com\/SonoraEE\"]}]}<\/script>\n ","yoast_head_json":{"title":"Sonora en Equipo. FIFA podr\u00eda adelantar inicio del mundial de catar, seg\u00fan filtraci\u00f3n Deportes","description":"CIUDAD DE M\u00c9XICO.\u2500\u2500 La Copa del Mundo comenzar\u00eda un d\u00eda antes de lo previsto, ya que la FIFA estudia una propuesta para permitir que los anfitriones En Sonora en Equipo publicamos toda la informaci\u00f3n de Sonora, M\u00e9xico y el Mundo de manera oportuna y busca que la libertad de expresi\u00f3n sea real. Visita nuestro medio informativo publicado desde Hermosillo, Sonora. %","robots":{"index":"index","follow":"follow","max-snippet":"max-snippet:-1","max-image-preview":"max-image-preview:large","max-video-preview":"max-video-preview:-1"},"canonical":"https:\/\/www.sonoraenequipo.com.mx\/fifa-podria-adelantar-inicio-del-mundial-de-catar-segun-filtracion\/","og_locale":"es_ES","og_type":"article","og_title":"Sonora en Equipo. FIFA podr\u00eda adelantar inicio del mundial de catar, seg\u00fan filtraci\u00f3n Deportes","og_description":"CIUDAD DE M\u00c9XICO.\u2500\u2500 La Copa del Mundo comenzar\u00eda un d\u00eda antes de lo previsto, ya que la FIFA estudia una propuesta para permitir que los anfitriones En Sonora en Equipo publicamos toda la informaci\u00f3n de Sonora, M\u00e9xico y el Mundo de manera oportuna y busca que la libertad de expresi\u00f3n sea real. Visita nuestro medio informativo publicado desde Hermosillo, Sonora. %","og_url":"https:\/\/www.sonoraenequipo.com.mx\/fifa-podria-adelantar-inicio-del-mundial-de-catar-segun-filtracion\/","og_site_name":"Sonora en Equipo.","article_publisher":"https:\/\/www.facebook.com\/SonoraEE\/","article_author":"https:\/\/www.facebook.com\/SonoraEE","article_published_time":"2022-08-11T03:25:41+00:00","og_image":[{"width":600,"height":400,"url":"https:\/\/www.sonoraenequipo.com.mx\/storage\/2022\/08\/copa.jpg","type":"image\/jpeg"}],"author":"enequipo","twitter_card":"summary_large_image","twitter_creator":"@sonoraenequipo","twitter_site":"@sonoraenequipo","twitter_misc":{"Escrito por":"enequipo","Tiempo de lectura":"1 minuto"},"schema":{"@context":"https:\/\/schema.org","@graph":[{"@type":"Article","@id":"https:\/\/www.sonoraenequipo.com.mx\/fifa-podria-adelantar-inicio-del-mundial-de-catar-segun-filtracion\/#article","isPartOf":{"@id":"https:\/\/www.sonoraenequipo.com.mx\/fifa-podria-adelantar-inicio-del-mundial-de-catar-segun-filtracion\/"},"author":{"name":"enequipo","@id":"https:\/\/www.sonoraenequipo.com.mx\/#\/schema\/person\/50102df0fb23a8fa9e8effad8fa81386"},"headline":"FIFA podr\u00eda adelantar inicio del mundial de catar, seg\u00fan filtraci\u00f3n","datePublished":"2022-08-11T03:25:41+00:00","mainEntityOfPage":{"@id":"https:\/\/www.sonoraenequipo.com.mx\/fifa-podria-adelantar-inicio-del-mundial-de-catar-segun-filtracion\/"},"wordCount":160,"commentCount":0,"publisher":{"@id":"https:\/\/www.sonoraenequipo.com.mx\/#organization"},"image":{"@id":"https:\/\/www.sonoraenequipo.com.mx\/fifa-podria-adelantar-inicio-del-mundial-de-catar-segun-filtracion\/#primaryimage"},"thumbnailUrl":"https:\/\/www.sonoraenequipo.com.mx\/storage\/2022\/08\/copa.jpg","keywords":["catar2022","copamundial"],"articleSection":["Deportes"],"inLanguage":"es","potentialAction":[{"@type":"CommentAction","name":"Comment","target":["https:\/\/www.sonoraenequipo.com.mx\/fifa-podria-adelantar-inicio-del-mundial-de-catar-segun-filtracion\/#respond"]}]},{"@type":"WebPage","@id":"https:\/\/www.sonoraenequipo.com.mx\/fifa-podria-adelantar-inicio-del-mundial-de-catar-segun-filtracion\/","url":"https:\/\/www.sonoraenequipo.com.mx\/fifa-podria-adelantar-inicio-del-mundial-de-catar-segun-filtracion\/","name":"Sonora en Equipo. FIFA podr\u00eda adelantar inicio del mundial de catar, seg\u00fan filtraci\u00f3n Deportes","isPartOf":{"@id":"https:\/\/www.sonoraenequipo.com.mx\/#website"},"primaryImageOfPage":{"@id":"https:\/\/www.sonoraenequipo.com.mx\/fifa-podria-adelantar-inicio-del-mundial-de-catar-segun-filtracion\/#primaryimage"},"image":{"@id":"https:\/\/www.sonoraenequipo.com.mx\/fifa-podria-adelantar-inicio-del-mundial-de-catar-segun-filtracion\/#primaryimage"},"thumbnailUrl":"https:\/\/www.sonoraenequipo.com.mx\/storage\/2022\/08\/copa.jpg","datePublished":"2022-08-11T03:25:41+00:00","description":"CIUDAD DE M\u00c9XICO.\u2500\u2500 La Copa del Mundo comenzar\u00eda un d\u00eda antes de lo previsto, ya que la FIFA estudia una propuesta para permitir que los anfitriones En Sonora en Equipo publicamos toda la informaci\u00f3n de Sonora, M\u00e9xico y el Mundo de manera oportuna y busca que la libertad de expresi\u00f3n sea real. Visita nuestro medio informativo publicado desde Hermosillo, Sonora. %","breadcrumb":{"@id":"https:\/\/www.sonoraenequipo.com.mx\/fifa-podria-adelantar-inicio-del-mundial-de-catar-segun-filtracion\/#breadcrumb"},"inLanguage":"es","potentialAction":[{"@type":"ReadAction","target":["https:\/\/www.sonoraenequipo.com.mx\/fifa-podria-adelantar-inicio-del-mundial-de-catar-segun-filtracion\/"]}]},{"@type":"ImageObject","inLanguage":"es","@id":"https:\/\/www.sonoraenequipo.com.mx\/fifa-podria-adelantar-inicio-del-mundial-de-catar-segun-filtracion\/#primaryimage","url":"https:\/\/www.sonoraenequipo.com.mx\/storage\/2022\/08\/copa.jpg","contentUrl":"https:\/\/www.sonoraenequipo.com.mx\/storage\/2022\/08\/copa.jpg","width":600,"height":400},{"@type":"BreadcrumbList","@id":"https:\/\/www.sonoraenequipo.com.mx\/fifa-podria-adelantar-inicio-del-mundial-de-catar-segun-filtracion\/#breadcrumb","itemListElement":[{"@type":"ListItem","position":1,"name":"Portada","item":"https:\/\/www.sonoraenequipo.com.mx\/"},{"@type":"ListItem","position":2,"name":"FIFA podr\u00eda adelantar inicio del mundial de catar, seg\u00fan filtraci\u00f3n"}]},{"@type":"WebSite","@id":"https:\/\/www.sonoraenequipo.com.mx\/#website","url":"https:\/\/www.sonoraenequipo.com.mx\/","name":"Sonora en Equipo.","description":"Diario en l\u00ednea con Noticias desde Hermosillo, Sonora","publisher":{"@id":"https:\/\/www.sonoraenequipo.com.mx\/#organization"},"potentialAction":[{"@type":"SearchAction","target":{"@type":"EntryPoint","urlTemplate":"https:\/\/www.sonoraenequipo.com.mx\/?s={search_term_string}"},"query-input":{"@type":"PropertyValueSpecification","valueRequired":true,"valueName":"search_term_string"}}],"inLanguage":"es"},{"@type":"Organization","@id":"https:\/\/www.sonoraenequipo.com.mx\/#organization","name":"Sonoraenequipo.com.mx","url":"https:\/\/www.sonoraenequipo.com.mx\/","logo":{"@type":"ImageObject","inLanguage":"es","@id":"https:\/\/www.sonoraenequipo.com.mx\/#\/schema\/logo\/image\/","url":"https:\/\/www.sonoraenequipo.com.mx\/storage\/2019\/01\/sonoraenequipo_opt.png","contentUrl":"https:\/\/www.sonoraenequipo.com.mx\/storage\/2019\/01\/sonoraenequipo_opt.png","width":375,"height":125,"caption":"Sonoraenequipo.com.mx"},"image":{"@id":"https:\/\/www.sonoraenequipo.com.mx\/#\/schema\/logo\/image\/"},"sameAs":["https:\/\/www.facebook.com\/SonoraEE\/","https:\/\/x.com\/sonoraenequipo","https:\/\/www.youtube.com\/channel\/UC338nW-lPEYmJQs4ZABQ1SQ"]},{"@type":"Person","@id":"https:\/\/www.sonoraenequipo.com.mx\/#\/schema\/person\/50102df0fb23a8fa9e8effad8fa81386","name":"enequipo","image":{"@type":"ImageObject","inLanguage":"es","@id":"https:\/\/www.sonoraenequipo.com.mx\/#\/schema\/person\/image\/","url":"https:\/\/secure.gravatar.com\/avatar\/049821681b589dabc0bc20695993ccebb09f5b5d4d790cd9251b97faac7c652b?s=96&d=blank&r=g","contentUrl":"https:\/\/secure.gravatar.com\/avatar\/049821681b589dabc0bc20695993ccebb09f5b5d4d790cd9251b97faac7c652b?s=96&d=blank&r=g","caption":"enequipo"},"sameAs":["https:\/\/www.facebook.com\/SonoraEE"]}]}},"jetpack_featured_media_url":"https:\/\/www.sonoraenequipo.com.mx\/storage\/2022\/08\/copa.jpg","_links":{"self":[{"href":"https:\/\/www.sonoraenequipo.com.mx\/api\/wp\/v2\/posts\/144678","targetHints":{"allow":["GET"]}}],"collection":[{"href":"https:\/\/www.sonoraenequipo.com.mx\/api\/wp\/v2\/posts"}],"about":[{"href":"https:\/\/www.sonoraenequipo.com.mx\/api\/wp\/v2\/types\/post"}],"author":[{"embeddable":true,"href":"https:\/\/www.sonoraenequipo.com.mx\/api\/wp\/v2\/users\/1"}],"replies":[{"embeddable":true,"href":"https:\/\/www.sonoraenequipo.com.mx\/api\/wp\/v2\/comments?post=144678"}],"version-history":[{"count":1,"href":"https:\/\/www.sonoraenequipo.com.mx\/api\/wp\/v2\/posts\/144678\/revisions"}],"predecessor-version":[{"id":144680,"href":"https:\/\/www.sonoraenequipo.com.mx\/api\/wp\/v2\/posts\/144678\/revisions\/144680"}],"wp:featuredmedia":[{"embeddable":true,"href":"https:\/\/www.sonoraenequipo.com.mx\/api\/wp\/v2\/media\/144679"}],"wp:attachment":[{"href":"https:\/\/www.sonoraenequipo.com.mx\/api\/wp\/v2\/media?parent=144678"}],"wp:term":[{"taxonomy":"category","embeddable":true,"href":"https:\/\/www.sonoraenequipo.com.mx\/api\/wp\/v2\/categories?post=144678"},{"taxonomy":"post_tag","embeddable":true,"href":"https:\/\/www.sonoraenequipo.com.mx\/api\/wp\/v2\/tags?post=144678"}],"curies":[{"name":"wp","href":"https:\/\/api.w.org\/{rel}","templated":true}]}}