{"id":144681,"date":"2022-08-10T19:33:01","date_gmt":"2022-08-11T02:33:01","guid":{"rendered":"https:\/\/www.sonoraenequipo.com.mx\/?p=144681"},"modified":"2022-08-10T22:14:16","modified_gmt":"2022-08-11T05:14:16","slug":"la-estrategia-nacional-de-seguridad-se-fortalece-con-el-trabajo-coordinado-maria-dolores-del-rio","status":"publish","type":"post","link":"https:\/\/www.sonoraenequipo.com.mx\/la-estrategia-nacional-de-seguridad-se-fortalece-con-el-trabajo-coordinado-maria-dolores-del-rio\/","title":{"rendered":"La Estrategia Nacional de Seguridad se fortalece con el trabajo coordinado: Mar\u00eda Dolores Del R\u00edo"},"content":{"rendered":"<p><strong>ACAPULCO, GUERRERO,MX.<\/strong><strong>\u2500\u2500<\/strong>Para contribuir al fortalecimiento de la estrategia de combate y prevenci\u00f3n del delito a trav\u00e9s de la coordinaci\u00f3n de los tres niveles de gobierno, Sonora particip\u00f3 en la 26 Asamblea Plenaria de la Conferencia Nacional de Secretarios de Seguridad P\u00fablica y del Sistema Penitenciario.<\/p>\n<p>&nbsp;<\/p>\n<p>Con la representaci\u00f3n del Gobierno de Sonora, Mar\u00eda Dolores Del R\u00edo S\u00e1nchez, secretaria de Seguridad P\u00fablica, ratific\u00f3 la importancia de caminar juntos y en una misma direcci\u00f3n para reducir la incidencia delictiva.<\/p>\n<p>&nbsp;<\/p>\n<p>Junto a Rosa Icela Rodr\u00edguez Vel\u00e1zquez, secretaria de Seguridad y Protecci\u00f3n Ciudadana, expuso que se analizaron avances de los acuerdos de colaboraci\u00f3n establecidos entre titulares de las 32 instituciones estatales de seguridad.<\/p>\n<p>&nbsp;<\/p>\n<p>De igual forma, dijo, se presentaron las contribuciones desde cada entidad federativa para el mejoramiento de los niveles de seguridad en el pa\u00eds.<\/p>\n<p>&nbsp;<\/p>\n<p>La funcionaria sonorense destac\u00f3 que, como parte de los principales compromisos, se aprob\u00f3 crear la Coordinaci\u00f3n Antiextorsi\u00f3n para hacer frente a este delito.<\/p>\n<p>&nbsp;<\/p>\n<p>Presentes: Ad\u00e1n Augusto L\u00f3pez Hern\u00e1ndez, secretario de Gobernaci\u00f3n; Luis Cresencio Sandoval Gonz\u00e1lez, secretario de la Defensa Nacional; Jos\u00e9 Rafael Ojeda Dur\u00e1n, secretario de Marina y Evelyn Salvado Pineda, gobernadora de Guerrero y anfitriona de la asamblea.<\/p>\n<p><strong><u>Fecha de Publicaci\u00f3n\u00a0 10\u00a0 de agosto de 2022 <\/u><\/strong><\/p>\n<p>&nbsp;<\/p>\n","protected":false},"excerpt":{"rendered":"<p>ACAPULCO, GUERRERO,MX.\u2500\u2500Para contribuir al fortalecimiento de la estrategia de combate y prevenci\u00f3n del delito a&#8230;<\/p>\n","protected":false},"author":1,"featured_media":144682,"comment_status":"open","ping_status":"open","sticky":false,"template":"","format":"standard","meta":{"_monsterinsights_skip_tracking":false,"_monsterinsights_sitenote_active":false,"_monsterinsights_sitenote_note":"","_monsterinsights_sitenote_category":0,"footnotes":""},"categories":[5],"tags":[53,170],"class_list":["post"],"yoast_head":" \n<title>Sonora en Equipo. La Estrategia Nacional de Seguridad se fortalece con el trabajo coordinado: Mar\u00eda Dolores Del R\u00edo Rep\u00fablica<\/title>\n<meta name=\"description\" content=\"ACAPULCO, GUERRERO,MX.\u2500\u2500Para contribuir al fortalecimiento de la estrategia de combate y prevenci\u00f3n del delito a trav\u00e9s de la coordinaci\u00f3n de los tres En Sonora en Equipo publicamos toda la informaci\u00f3n de Sonora, M\u00e9xico y el Mundo de manera oportuna y busca que la libertad de expresi\u00f3n sea real. Visita nuestro medio informativo publicado desde Hermosillo, Sonora. %\" \/>\n<meta name=\"robots\" content=\"index, follow, max-snippet:-1, max-image-preview:large, max-video-preview:-1\" \/>\n<link rel=\"canonical\" href=\"https:\/\/www.sonoraenequipo.com.mx\/la-estrategia-nacional-de-seguridad-se-fortalece-con-el-trabajo-coordinado-maria-dolores-del-rio\/\" \/>\n<meta property=\"og:locale\" content=\"es_ES\" \/>\n<meta property=\"og:type\" content=\"article\" \/>\n<meta property=\"og:title\" content=\"Sonora en Equipo. La Estrategia Nacional de Seguridad se fortalece con el trabajo coordinado: Mar\u00eda Dolores Del R\u00edo Rep\u00fablica\" \/>\n<meta property=\"og:description\" content=\"ACAPULCO, GUERRERO,MX.\u2500\u2500Para contribuir al fortalecimiento de la estrategia de combate y prevenci\u00f3n del delito a trav\u00e9s de la coordinaci\u00f3n de los tres En Sonora en Equipo publicamos toda la informaci\u00f3n de Sonora, M\u00e9xico y el Mundo de manera oportuna y busca que la libertad de expresi\u00f3n sea real. Visita nuestro medio informativo publicado desde Hermosillo, Sonora. %\" \/>\n<meta property=\"og:url\" content=\"https:\/\/www.sonoraenequipo.com.mx\/la-estrategia-nacional-de-seguridad-se-fortalece-con-el-trabajo-coordinado-maria-dolores-del-rio\/\" \/>\n<meta property=\"og:site_name\" content=\"Sonora en Equipo.\" \/>\n<meta property=\"article:publisher\" content=\"https:\/\/www.facebook.com\/SonoraEE\/\" \/>\n<meta property=\"article:author\" content=\"https:\/\/www.facebook.com\/SonoraEE\" \/>\n<meta property=\"article:published_time\" content=\"2022-08-11T02:33:01+00:00\" \/>\n<meta property=\"article:modified_time\" content=\"2022-08-11T05:14:16+00:00\" \/>\n<meta property=\"og:image\" content=\"https:\/\/www.sonoraenequipo.com.mx\/storage\/2022\/08\/mdr.jpg\" \/>\n\t<meta property=\"og:image:width\" content=\"600\" \/>\n\t<meta property=\"og:image:height\" content=\"400\" \/>\n\t<meta property=\"og:image:type\" content=\"image\/jpeg\" \/>\n<meta name=\"author\" content=\"enequipo\" \/>\n<meta name=\"twitter:card\" content=\"summary_large_image\" \/>\n<meta name=\"twitter:creator\" content=\"@sonoraenequipo\" \/>\n<meta name=\"twitter:site\" content=\"@sonoraenequipo\" \/>\n<meta name=\"twitter:label1\" content=\"Escrito por\" \/>\n\t<meta name=\"twitter:data1\" content=\"enequipo\" \/>\n\t<meta name=\"twitter:label2\" content=\"Tiempo de lectura\" \/>\n\t<meta name=\"twitter:data2\" content=\"1 minuto\" \/>\n<script type=\"application\/ld+json\" class=\"yoast-schema-graph\">{\"@context\":\"https:\/\/schema.org\",\"@graph\":[{\"@type\":\"Article\",\"@id\":\"https:\/\/www.sonoraenequipo.com.mx\/la-estrategia-nacional-de-seguridad-se-fortalece-con-el-trabajo-coordinado-maria-dolores-del-rio\/#article\",\"isPartOf\":{\"@id\":\"https:\/\/www.sonoraenequipo.com.mx\/la-estrategia-nacional-de-seguridad-se-fortalece-con-el-trabajo-coordinado-maria-dolores-del-rio\/\"},\"author\":{\"name\":\"enequipo\",\"@id\":\"https:\/\/www.sonoraenequipo.com.mx\/#\/schema\/person\/50102df0fb23a8fa9e8effad8fa81386\"},\"headline\":\"La Estrategia Nacional de Seguridad se fortalece con el trabajo coordinado: Mar\u00eda Dolores Del R\u00edo\",\"datePublished\":\"2022-08-11T02:33:01+00:00\",\"dateModified\":\"2022-08-11T05:14:16+00:00\",\"mainEntityOfPage\":{\"@id\":\"https:\/\/www.sonoraenequipo.com.mx\/la-estrategia-nacional-de-seguridad-se-fortalece-con-el-trabajo-coordinado-maria-dolores-del-rio\/\"},\"wordCount\":244,\"commentCount\":0,\"publisher\":{\"@id\":\"https:\/\/www.sonoraenequipo.com.mx\/#organization\"},\"image\":{\"@id\":\"https:\/\/www.sonoraenequipo.com.mx\/la-estrategia-nacional-de-seguridad-se-fortalece-con-el-trabajo-coordinado-maria-dolores-del-rio\/#primaryimage\"},\"thumbnailUrl\":\"https:\/\/www.sonoraenequipo.com.mx\/storage\/2022\/08\/mdr.jpg\",\"keywords\":[\"mexico\",\"Seguridad\"],\"articleSection\":[\"Rep\u00fablica\"],\"inLanguage\":\"es\",\"potentialAction\":[{\"@type\":\"CommentAction\",\"name\":\"Comment\",\"target\":[\"https:\/\/www.sonoraenequipo.com.mx\/la-estrategia-nacional-de-seguridad-se-fortalece-con-el-trabajo-coordinado-maria-dolores-del-rio\/#respond\"]}]},{\"@type\":\"WebPage\",\"@id\":\"https:\/\/www.sonoraenequipo.com.mx\/la-estrategia-nacional-de-seguridad-se-fortalece-con-el-trabajo-coordinado-maria-dolores-del-rio\/\",\"url\":\"https:\/\/www.sonoraenequipo.com.mx\/la-estrategia-nacional-de-seguridad-se-fortalece-con-el-trabajo-coordinado-maria-dolores-del-rio\/\",\"name\":\"Sonora en Equipo. La Estrategia Nacional de Seguridad se fortalece con el trabajo coordinado: Mar\u00eda Dolores Del R\u00edo Rep\u00fablica\",\"isPartOf\":{\"@id\":\"https:\/\/www.sonoraenequipo.com.mx\/#website\"},\"primaryImageOfPage\":{\"@id\":\"https:\/\/www.sonoraenequipo.com.mx\/la-estrategia-nacional-de-seguridad-se-fortalece-con-el-trabajo-coordinado-maria-dolores-del-rio\/#primaryimage\"},\"image\":{\"@id\":\"https:\/\/www.sonoraenequipo.com.mx\/la-estrategia-nacional-de-seguridad-se-fortalece-con-el-trabajo-coordinado-maria-dolores-del-rio\/#primaryimage\"},\"thumbnailUrl\":\"https:\/\/www.sonoraenequipo.com.mx\/storage\/2022\/08\/mdr.jpg\",\"datePublished\":\"2022-08-11T02:33:01+00:00\",\"dateModified\":\"2022-08-11T05:14:16+00:00\",\"description\":\"ACAPULCO, GUERRERO,MX.\u2500\u2500Para contribuir al fortalecimiento de la estrategia de combate y prevenci\u00f3n del delito a trav\u00e9s de la coordinaci\u00f3n de los tres En Sonora en Equipo publicamos toda la informaci\u00f3n de Sonora, M\u00e9xico y el Mundo de manera oportuna y busca que la libertad de expresi\u00f3n sea real. Visita nuestro medio informativo publicado desde Hermosillo, Sonora. %\",\"breadcrumb\":{\"@id\":\"https:\/\/www.sonoraenequipo.com.mx\/la-estrategia-nacional-de-seguridad-se-fortalece-con-el-trabajo-coordinado-maria-dolores-del-rio\/#breadcrumb\"},\"inLanguage\":\"es\",\"potentialAction\":[{\"@type\":\"ReadAction\",\"target\":[\"https:\/\/www.sonoraenequipo.com.mx\/la-estrategia-nacional-de-seguridad-se-fortalece-con-el-trabajo-coordinado-maria-dolores-del-rio\/\"]}]},{\"@type\":\"ImageObject\",\"inLanguage\":\"es\",\"@id\":\"https:\/\/www.sonoraenequipo.com.mx\/la-estrategia-nacional-de-seguridad-se-fortalece-con-el-trabajo-coordinado-maria-dolores-del-rio\/#primaryimage\",\"url\":\"https:\/\/www.sonoraenequipo.com.mx\/storage\/2022\/08\/mdr.jpg\",\"contentUrl\":\"https:\/\/www.sonoraenequipo.com.mx\/storage\/2022\/08\/mdr.jpg\",\"width\":600,\"height\":400},{\"@type\":\"BreadcrumbList\",\"@id\":\"https:\/\/www.sonoraenequipo.com.mx\/la-estrategia-nacional-de-seguridad-se-fortalece-con-el-trabajo-coordinado-maria-dolores-del-rio\/#breadcrumb\",\"itemListElement\":[{\"@type\":\"ListItem\",\"position\":1,\"name\":\"Portada\",\"item\":\"https:\/\/www.sonoraenequipo.com.mx\/\"},{\"@type\":\"ListItem\",\"position\":2,\"name\":\"La Estrategia Nacional de Seguridad se fortalece con el trabajo coordinado: Mar\u00eda Dolores Del R\u00edo\"}]},{\"@type\":\"WebSite\",\"@id\":\"https:\/\/www.sonoraenequipo.com.mx\/#website\",\"url\":\"https:\/\/www.sonoraenequipo.com.mx\/\",\"name\":\"Sonora en Equipo.\",\"description\":\"Diario en l\u00ednea con Noticias desde Hermosillo, Sonora\",\"publisher\":{\"@id\":\"https:\/\/www.sonoraenequipo.com.mx\/#organization\"},\"potentialAction\":[{\"@type\":\"SearchAction\",\"target\":{\"@type\":\"EntryPoint\",\"urlTemplate\":\"https:\/\/www.sonoraenequipo.com.mx\/?s={search_term_string}\"},\"query-input\":{\"@type\":\"PropertyValueSpecification\",\"valueRequired\":true,\"valueName\":\"search_term_string\"}}],\"inLanguage\":\"es\"},{\"@type\":\"Organization\",\"@id\":\"https:\/\/www.sonoraenequipo.com.mx\/#organization\",\"name\":\"Sonoraenequipo.com.mx\",\"url\":\"https:\/\/www.sonoraenequipo.com.mx\/\",\"logo\":{\"@type\":\"ImageObject\",\"inLanguage\":\"es\",\"@id\":\"https:\/\/www.sonoraenequipo.com.mx\/#\/schema\/logo\/image\/\",\"url\":\"https:\/\/www.sonoraenequipo.com.mx\/storage\/2019\/01\/sonoraenequipo_opt.png\",\"contentUrl\":\"https:\/\/www.sonoraenequipo.com.mx\/storage\/2019\/01\/sonoraenequipo_opt.png\",\"width\":375,\"height\":125,\"caption\":\"Sonoraenequipo.com.mx\"},\"image\":{\"@id\":\"https:\/\/www.sonoraenequipo.com.mx\/#\/schema\/logo\/image\/\"},\"sameAs\":[\"https:\/\/www.facebook.com\/SonoraEE\/\",\"https:\/\/x.com\/sonoraenequipo\",\"https:\/\/www.youtube.com\/channel\/UC338nW-lPEYmJQs4ZABQ1SQ\"]},{\"@type\":\"Person\",\"@id\":\"https:\/\/www.sonoraenequipo.com.mx\/#\/schema\/person\/50102df0fb23a8fa9e8effad8fa81386\",\"name\":\"enequipo\",\"image\":{\"@type\":\"ImageObject\",\"inLanguage\":\"es\",\"@id\":\"https:\/\/www.sonoraenequipo.com.mx\/#\/schema\/person\/image\/\",\"url\":\"https:\/\/secure.gravatar.com\/avatar\/049821681b589dabc0bc20695993ccebb09f5b5d4d790cd9251b97faac7c652b?s=96&d=blank&r=g\",\"contentUrl\":\"https:\/\/secure.gravatar.com\/avatar\/049821681b589dabc0bc20695993ccebb09f5b5d4d790cd9251b97faac7c652b?s=96&d=blank&r=g\",\"caption\":\"enequipo\"},\"sameAs\":[\"https:\/\/www.facebook.com\/SonoraEE\"]}]}<\/script>\n ","yoast_head_json":{"title":"Sonora en Equipo. La Estrategia Nacional de Seguridad se fortalece con el trabajo coordinado: Mar\u00eda Dolores Del R\u00edo Rep\u00fablica","description":"ACAPULCO, GUERRERO,MX.\u2500\u2500Para contribuir al fortalecimiento de la estrategia de combate y prevenci\u00f3n del delito a trav\u00e9s de la coordinaci\u00f3n de los tres En Sonora en Equipo publicamos toda la informaci\u00f3n de Sonora, M\u00e9xico y el Mundo de manera oportuna y busca que la libertad de expresi\u00f3n sea real. Visita nuestro medio informativo publicado desde Hermosillo, Sonora. %","robots":{"index":"index","follow":"follow","max-snippet":"max-snippet:-1","max-image-preview":"max-image-preview:large","max-video-preview":"max-video-preview:-1"},"canonical":"https:\/\/www.sonoraenequipo.com.mx\/la-estrategia-nacional-de-seguridad-se-fortalece-con-el-trabajo-coordinado-maria-dolores-del-rio\/","og_locale":"es_ES","og_type":"article","og_title":"Sonora en Equipo. La Estrategia Nacional de Seguridad se fortalece con el trabajo coordinado: Mar\u00eda Dolores Del R\u00edo Rep\u00fablica","og_description":"ACAPULCO, GUERRERO,MX.\u2500\u2500Para contribuir al fortalecimiento de la estrategia de combate y prevenci\u00f3n del delito a trav\u00e9s de la coordinaci\u00f3n de los tres En Sonora en Equipo publicamos toda la informaci\u00f3n de Sonora, M\u00e9xico y el Mundo de manera oportuna y busca que la libertad de expresi\u00f3n sea real. Visita nuestro medio informativo publicado desde Hermosillo, Sonora. %","og_url":"https:\/\/www.sonoraenequipo.com.mx\/la-estrategia-nacional-de-seguridad-se-fortalece-con-el-trabajo-coordinado-maria-dolores-del-rio\/","og_site_name":"Sonora en Equipo.","article_publisher":"https:\/\/www.facebook.com\/SonoraEE\/","article_author":"https:\/\/www.facebook.com\/SonoraEE","article_published_time":"2022-08-11T02:33:01+00:00","article_modified_time":"2022-08-11T05:14:16+00:00","og_image":[{"width":600,"height":400,"url":"https:\/\/www.sonoraenequipo.com.mx\/storage\/2022\/08\/mdr.jpg","type":"image\/jpeg"}],"author":"enequipo","twitter_card":"summary_large_image","twitter_creator":"@sonoraenequipo","twitter_site":"@sonoraenequipo","twitter_misc":{"Escrito por":"enequipo","Tiempo de lectura":"1 minuto"},"schema":{"@context":"https:\/\/schema.org","@graph":[{"@type":"Article","@id":"https:\/\/www.sonoraenequipo.com.mx\/la-estrategia-nacional-de-seguridad-se-fortalece-con-el-trabajo-coordinado-maria-dolores-del-rio\/#article","isPartOf":{"@id":"https:\/\/www.sonoraenequipo.com.mx\/la-estrategia-nacional-de-seguridad-se-fortalece-con-el-trabajo-coordinado-maria-dolores-del-rio\/"},"author":{"name":"enequipo","@id":"https:\/\/www.sonoraenequipo.com.mx\/#\/schema\/person\/50102df0fb23a8fa9e8effad8fa81386"},"headline":"La Estrategia Nacional de Seguridad se fortalece con el trabajo coordinado: Mar\u00eda Dolores Del R\u00edo","datePublished":"2022-08-11T02:33:01+00:00","dateModified":"2022-08-11T05:14:16+00:00","mainEntityOfPage":{"@id":"https:\/\/www.sonoraenequipo.com.mx\/la-estrategia-nacional-de-seguridad-se-fortalece-con-el-trabajo-coordinado-maria-dolores-del-rio\/"},"wordCount":244,"commentCount":0,"publisher":{"@id":"https:\/\/www.sonoraenequipo.com.mx\/#organization"},"image":{"@id":"https:\/\/www.sonoraenequipo.com.mx\/la-estrategia-nacional-de-seguridad-se-fortalece-con-el-trabajo-coordinado-maria-dolores-del-rio\/#primaryimage"},"thumbnailUrl":"https:\/\/www.sonoraenequipo.com.mx\/storage\/2022\/08\/mdr.jpg","keywords":["mexico","Seguridad"],"articleSection":["Rep\u00fablica"],"inLanguage":"es","potentialAction":[{"@type":"CommentAction","name":"Comment","target":["https:\/\/www.sonoraenequipo.com.mx\/la-estrategia-nacional-de-seguridad-se-fortalece-con-el-trabajo-coordinado-maria-dolores-del-rio\/#respond"]}]},{"@type":"WebPage","@id":"https:\/\/www.sonoraenequipo.com.mx\/la-estrategia-nacional-de-seguridad-se-fortalece-con-el-trabajo-coordinado-maria-dolores-del-rio\/","url":"https:\/\/www.sonoraenequipo.com.mx\/la-estrategia-nacional-de-seguridad-se-fortalece-con-el-trabajo-coordinado-maria-dolores-del-rio\/","name":"Sonora en Equipo. La Estrategia Nacional de Seguridad se fortalece con el trabajo coordinado: Mar\u00eda Dolores Del R\u00edo Rep\u00fablica","isPartOf":{"@id":"https:\/\/www.sonoraenequipo.com.mx\/#website"},"primaryImageOfPage":{"@id":"https:\/\/www.sonoraenequipo.com.mx\/la-estrategia-nacional-de-seguridad-se-fortalece-con-el-trabajo-coordinado-maria-dolores-del-rio\/#primaryimage"},"image":{"@id":"https:\/\/www.sonoraenequipo.com.mx\/la-estrategia-nacional-de-seguridad-se-fortalece-con-el-trabajo-coordinado-maria-dolores-del-rio\/#primaryimage"},"thumbnailUrl":"https:\/\/www.sonoraenequipo.com.mx\/storage\/2022\/08\/mdr.jpg","datePublished":"2022-08-11T02:33:01+00:00","dateModified":"2022-08-11T05:14:16+00:00","description":"ACAPULCO, GUERRERO,MX.\u2500\u2500Para contribuir al fortalecimiento de la estrategia de combate y prevenci\u00f3n del delito a trav\u00e9s de la coordinaci\u00f3n de los tres En Sonora en Equipo publicamos toda la informaci\u00f3n de Sonora, M\u00e9xico y el Mundo de manera oportuna y busca que la libertad de expresi\u00f3n sea real. Visita nuestro medio informativo publicado desde Hermosillo, Sonora. %","breadcrumb":{"@id":"https:\/\/www.sonoraenequipo.com.mx\/la-estrategia-nacional-de-seguridad-se-fortalece-con-el-trabajo-coordinado-maria-dolores-del-rio\/#breadcrumb"},"inLanguage":"es","potentialAction":[{"@type":"ReadAction","target":["https:\/\/www.sonoraenequipo.com.mx\/la-estrategia-nacional-de-seguridad-se-fortalece-con-el-trabajo-coordinado-maria-dolores-del-rio\/"]}]},{"@type":"ImageObject","inLanguage":"es","@id":"https:\/\/www.sonoraenequipo.com.mx\/la-estrategia-nacional-de-seguridad-se-fortalece-con-el-trabajo-coordinado-maria-dolores-del-rio\/#primaryimage","url":"https:\/\/www.sonoraenequipo.com.mx\/storage\/2022\/08\/mdr.jpg","contentUrl":"https:\/\/www.sonoraenequipo.com.mx\/storage\/2022\/08\/mdr.jpg","width":600,"height":400},{"@type":"BreadcrumbList","@id":"https:\/\/www.sonoraenequipo.com.mx\/la-estrategia-nacional-de-seguridad-se-fortalece-con-el-trabajo-coordinado-maria-dolores-del-rio\/#breadcrumb","itemListElement":[{"@type":"ListItem","position":1,"name":"Portada","item":"https:\/\/www.sonoraenequipo.com.mx\/"},{"@type":"ListItem","position":2,"name":"La Estrategia Nacional de Seguridad se fortalece con el trabajo coordinado: Mar\u00eda Dolores Del R\u00edo"}]},{"@type":"WebSite","@id":"https:\/\/www.sonoraenequipo.com.mx\/#website","url":"https:\/\/www.sonoraenequipo.com.mx\/","name":"Sonora en Equipo.","description":"Diario en l\u00ednea con Noticias desde Hermosillo, Sonora","publisher":{"@id":"https:\/\/www.sonoraenequipo.com.mx\/#organization"},"potentialAction":[{"@type":"SearchAction","target":{"@type":"EntryPoint","urlTemplate":"https:\/\/www.sonoraenequipo.com.mx\/?s={search_term_string}"},"query-input":{"@type":"PropertyValueSpecification","valueRequired":true,"valueName":"search_term_string"}}],"inLanguage":"es"},{"@type":"Organization","@id":"https:\/\/www.sonoraenequipo.com.mx\/#organization","name":"Sonoraenequipo.com.mx","url":"https:\/\/www.sonoraenequipo.com.mx\/","logo":{"@type":"ImageObject","inLanguage":"es","@id":"https:\/\/www.sonoraenequipo.com.mx\/#\/schema\/logo\/image\/","url":"https:\/\/www.sonoraenequipo.com.mx\/storage\/2019\/01\/sonoraenequipo_opt.png","contentUrl":"https:\/\/www.sonoraenequipo.com.mx\/storage\/2019\/01\/sonoraenequipo_opt.png","width":375,"height":125,"caption":"Sonoraenequipo.com.mx"},"image":{"@id":"https:\/\/www.sonoraenequipo.com.mx\/#\/schema\/logo\/image\/"},"sameAs":["https:\/\/www.facebook.com\/SonoraEE\/","https:\/\/x.com\/sonoraenequipo","https:\/\/www.youtube.com\/channel\/UC338nW-lPEYmJQs4ZABQ1SQ"]},{"@type":"Person","@id":"https:\/\/www.sonoraenequipo.com.mx\/#\/schema\/person\/50102df0fb23a8fa9e8effad8fa81386","name":"enequipo","image":{"@type":"ImageObject","inLanguage":"es","@id":"https:\/\/www.sonoraenequipo.com.mx\/#\/schema\/person\/image\/","url":"https:\/\/secure.gravatar.com\/avatar\/049821681b589dabc0bc20695993ccebb09f5b5d4d790cd9251b97faac7c652b?s=96&d=blank&r=g","contentUrl":"https:\/\/secure.gravatar.com\/avatar\/049821681b589dabc0bc20695993ccebb09f5b5d4d790cd9251b97faac7c652b?s=96&d=blank&r=g","caption":"enequipo"},"sameAs":["https:\/\/www.facebook.com\/SonoraEE"]}]}},"jetpack_featured_media_url":"https:\/\/www.sonoraenequipo.com.mx\/storage\/2022\/08\/mdr.jpg","_links":{"self":[{"href":"https:\/\/www.sonoraenequipo.com.mx\/api\/wp\/v2\/posts\/144681","targetHints":{"allow":["GET"]}}],"collection":[{"href":"https:\/\/www.sonoraenequipo.com.mx\/api\/wp\/v2\/posts"}],"about":[{"href":"https:\/\/www.sonoraenequipo.com.mx\/api\/wp\/v2\/types\/post"}],"author":[{"embeddable":true,"href":"https:\/\/www.sonoraenequipo.com.mx\/api\/wp\/v2\/users\/1"}],"replies":[{"embeddable":true,"href":"https:\/\/www.sonoraenequipo.com.mx\/api\/wp\/v2\/comments?post=144681"}],"version-history":[{"count":1,"href":"https:\/\/www.sonoraenequipo.com.mx\/api\/wp\/v2\/posts\/144681\/revisions"}],"predecessor-version":[{"id":144683,"href":"https:\/\/www.sonoraenequipo.com.mx\/api\/wp\/v2\/posts\/144681\/revisions\/144683"}],"wp:featuredmedia":[{"embeddable":true,"href":"https:\/\/www.sonoraenequipo.com.mx\/api\/wp\/v2\/media\/144682"}],"wp:attachment":[{"href":"https:\/\/www.sonoraenequipo.com.mx\/api\/wp\/v2\/media?parent=144681"}],"wp:term":[{"taxonomy":"category","embeddable":true,"href":"https:\/\/www.sonoraenequipo.com.mx\/api\/wp\/v2\/categories?post=144681"},{"taxonomy":"post_tag","embeddable":true,"href":"https:\/\/www.sonoraenequipo.com.mx\/api\/wp\/v2\/tags?post=144681"}],"curies":[{"name":"wp","href":"https:\/\/api.w.org\/{rel}","templated":true}]}}