{"id":144704,"date":"2022-08-10T21:08:23","date_gmt":"2022-08-11T04:08:23","guid":{"rendered":"https:\/\/www.sonoraenequipo.com.mx\/?p=144704"},"modified":"2022-08-10T21:08:23","modified_gmt":"2022-08-11T04:08:23","slug":"se-reune-antonio-astiazaran-con-trabajadores-de-aguah","status":"publish","type":"post","link":"https:\/\/www.sonoraenequipo.com.mx\/se-reune-antonio-astiazaran-con-trabajadores-de-aguah\/","title":{"rendered":"Se re\u00fane Antonio Astiazar\u00e1n con trabajadores de AGUAH"},"content":{"rendered":"<p><strong>HERMOSILLO, SONORA,MX.<\/strong><strong>\u2500\u2500<\/strong> El Presidente Municipal, Antonio Astiazar\u00e1n Guti\u00e9rrez asisti\u00f3 a una de las sesiones del programa de integraci\u00f3n y desarrollo En Equipo por Hermosillo, donde expuso a personal de Agua de Hermosillo (AGUAH) que su opini\u00f3n es muy importante para la administraci\u00f3n que encabeza.<\/p>\n<p>&nbsp;<\/p>\n<p>\u201cSoy de los que piensa que cuando una persona no est\u00e1 bien consigo misma, con su trabajo y con su familia, dif\u00edcilmente puede prestar un buen servicio, y para estar bien con nosotros mismos hay muchos aspectos importantes en el entorno de trabajo que tenemos\u201d, coment\u00f3.<\/p>\n<p>&nbsp;<\/p>\n<p>Mencion\u00f3 a quienes asistieron, que independientemente de la responsabilidad que tengan, no permitan que sus obligaciones profesionales ganen a sus necesidades personales; enfatiz\u00f3 que es bueno hacer una pausa y ver c\u00f3mo se encuentran y c\u00f3mo pueden mejorar.<\/p>\n<p>&nbsp;<\/p>\n<p>Explic\u00f3 que de eso se trata este ejercicio a cargo del instructor H\u00e9ctor Franco Rey, que se hace no solamente con el equipo de esta dependencia, sino con todo el personal del Gobierno Municipal, porque su opini\u00f3n es valiosa.<\/p>\n<p>&nbsp;<\/p>\n<p>El director general de Agua de Hermosillo, Renato Ulloa Valdez reiter\u00f3 el compromiso que tiene el Presidente Municipal para que esta sea una administraci\u00f3n diferente, en la que tambi\u00e9n se escuchan las necesidades de empleadas y empleados de todas las \u00e1reas.<\/p>\n<p>&nbsp;<\/p>\n<p>Asistieron Mar\u00eda de Guadalupe Olvera Tapia, directora de Recursos Humanos del Organismo Operador e Irma Laura Murillo Lozoya, contralora municipal.<\/p>\n<p><strong><u>Fecha de Publicaci\u00f3n\u00a0 10\u00a0 de agosto de 2022 <\/u><\/strong><\/p>\n<p>&nbsp;<\/p>\n","protected":false},"excerpt":{"rendered":"<p>HERMOSILLO, SONORA,MX.\u2500\u2500 El Presidente Municipal, Antonio Astiazar\u00e1n Guti\u00e9rrez asisti\u00f3 a una de las sesiones del&#8230;<\/p>\n","protected":false},"author":1,"featured_media":144706,"comment_status":"open","ping_status":"open","sticky":false,"template":"","format":"standard","meta":{"_monsterinsights_skip_tracking":false,"_monsterinsights_sitenote_active":false,"_monsterinsights_sitenote_note":"","_monsterinsights_sitenote_category":0,"footnotes":""},"categories":[4],"tags":[821,6026],"class_list":["post"],"yoast_head":" \n<title>Sonora en Equipo. Se re\u00fane Antonio Astiazar\u00e1n con trabajadores de AGUAH Municipios<\/title>\n<meta name=\"description\" content=\"HERMOSILLO, SONORA,MX.\u2500\u2500 El Presidente Municipal, Antonio Astiazar\u00e1n Guti\u00e9rrez asisti\u00f3 a una de las sesiones del programa de integraci\u00f3n y desarrollo En En Sonora en Equipo publicamos toda la informaci\u00f3n de Sonora, M\u00e9xico y el Mundo de manera oportuna y busca que la libertad de expresi\u00f3n sea real. Visita nuestro medio informativo publicado desde Hermosillo, Sonora. %\" \/>\n<meta name=\"robots\" content=\"index, follow, max-snippet:-1, max-image-preview:large, max-video-preview:-1\" \/>\n<link rel=\"canonical\" href=\"https:\/\/www.sonoraenequipo.com.mx\/se-reune-antonio-astiazaran-con-trabajadores-de-aguah\/\" \/>\n<meta property=\"og:locale\" content=\"es_ES\" \/>\n<meta property=\"og:type\" content=\"article\" \/>\n<meta property=\"og:title\" content=\"Sonora en Equipo. Se re\u00fane Antonio Astiazar\u00e1n con trabajadores de AGUAH Municipios\" \/>\n<meta property=\"og:description\" content=\"HERMOSILLO, SONORA,MX.\u2500\u2500 El Presidente Municipal, Antonio Astiazar\u00e1n Guti\u00e9rrez asisti\u00f3 a una de las sesiones del programa de integraci\u00f3n y desarrollo En En Sonora en Equipo publicamos toda la informaci\u00f3n de Sonora, M\u00e9xico y el Mundo de manera oportuna y busca que la libertad de expresi\u00f3n sea real. Visita nuestro medio informativo publicado desde Hermosillo, Sonora. %\" \/>\n<meta property=\"og:url\" content=\"https:\/\/www.sonoraenequipo.com.mx\/se-reune-antonio-astiazaran-con-trabajadores-de-aguah\/\" \/>\n<meta property=\"og:site_name\" content=\"Sonora en Equipo.\" \/>\n<meta property=\"article:publisher\" content=\"https:\/\/www.facebook.com\/SonoraEE\/\" \/>\n<meta property=\"article:author\" content=\"https:\/\/www.facebook.com\/SonoraEE\" \/>\n<meta property=\"article:published_time\" content=\"2022-08-11T04:08:23+00:00\" \/>\n<meta property=\"og:image\" content=\"https:\/\/www.sonoraenequipo.com.mx\/storage\/2022\/08\/tono-aguah.jpg\" \/>\n\t<meta property=\"og:image:width\" content=\"600\" \/>\n\t<meta property=\"og:image:height\" content=\"414\" \/>\n\t<meta property=\"og:image:type\" content=\"image\/jpeg\" \/>\n<meta name=\"author\" content=\"enequipo\" \/>\n<meta name=\"twitter:card\" content=\"summary_large_image\" \/>\n<meta name=\"twitter:creator\" content=\"@sonoraenequipo\" \/>\n<meta name=\"twitter:site\" content=\"@sonoraenequipo\" \/>\n<meta name=\"twitter:label1\" content=\"Escrito por\" \/>\n\t<meta name=\"twitter:data1\" content=\"enequipo\" \/>\n\t<meta name=\"twitter:label2\" content=\"Tiempo de lectura\" \/>\n\t<meta name=\"twitter:data2\" content=\"1 minuto\" \/>\n<script type=\"application\/ld+json\" class=\"yoast-schema-graph\">{\"@context\":\"https:\/\/schema.org\",\"@graph\":[{\"@type\":\"Article\",\"@id\":\"https:\/\/www.sonoraenequipo.com.mx\/se-reune-antonio-astiazaran-con-trabajadores-de-aguah\/#article\",\"isPartOf\":{\"@id\":\"https:\/\/www.sonoraenequipo.com.mx\/se-reune-antonio-astiazaran-con-trabajadores-de-aguah\/\"},\"author\":{\"name\":\"enequipo\",\"@id\":\"https:\/\/www.sonoraenequipo.com.mx\/#\/schema\/person\/50102df0fb23a8fa9e8effad8fa81386\"},\"headline\":\"Se re\u00fane Antonio Astiazar\u00e1n con trabajadores de AGUAH\",\"datePublished\":\"2022-08-11T04:08:23+00:00\",\"mainEntityOfPage\":{\"@id\":\"https:\/\/www.sonoraenequipo.com.mx\/se-reune-antonio-astiazaran-con-trabajadores-de-aguah\/\"},\"wordCount\":265,\"commentCount\":0,\"publisher\":{\"@id\":\"https:\/\/www.sonoraenequipo.com.mx\/#organization\"},\"image\":{\"@id\":\"https:\/\/www.sonoraenequipo.com.mx\/se-reune-antonio-astiazaran-con-trabajadores-de-aguah\/#primaryimage\"},\"thumbnailUrl\":\"https:\/\/www.sonoraenequipo.com.mx\/storage\/2022\/08\/tono-aguah.jpg\",\"keywords\":[\"Agua de Hermosillo\",\"to\u00f1o astiazaran\"],\"articleSection\":[\"Municipios\"],\"inLanguage\":\"es\",\"potentialAction\":[{\"@type\":\"CommentAction\",\"name\":\"Comment\",\"target\":[\"https:\/\/www.sonoraenequipo.com.mx\/se-reune-antonio-astiazaran-con-trabajadores-de-aguah\/#respond\"]}]},{\"@type\":\"WebPage\",\"@id\":\"https:\/\/www.sonoraenequipo.com.mx\/se-reune-antonio-astiazaran-con-trabajadores-de-aguah\/\",\"url\":\"https:\/\/www.sonoraenequipo.com.mx\/se-reune-antonio-astiazaran-con-trabajadores-de-aguah\/\",\"name\":\"Sonora en Equipo. Se re\u00fane Antonio Astiazar\u00e1n con trabajadores de AGUAH Municipios\",\"isPartOf\":{\"@id\":\"https:\/\/www.sonoraenequipo.com.mx\/#website\"},\"primaryImageOfPage\":{\"@id\":\"https:\/\/www.sonoraenequipo.com.mx\/se-reune-antonio-astiazaran-con-trabajadores-de-aguah\/#primaryimage\"},\"image\":{\"@id\":\"https:\/\/www.sonoraenequipo.com.mx\/se-reune-antonio-astiazaran-con-trabajadores-de-aguah\/#primaryimage\"},\"thumbnailUrl\":\"https:\/\/www.sonoraenequipo.com.mx\/storage\/2022\/08\/tono-aguah.jpg\",\"datePublished\":\"2022-08-11T04:08:23+00:00\",\"description\":\"HERMOSILLO, SONORA,MX.\u2500\u2500 El Presidente Municipal, Antonio Astiazar\u00e1n Guti\u00e9rrez asisti\u00f3 a una de las sesiones del programa de integraci\u00f3n y desarrollo En En Sonora en Equipo publicamos toda la informaci\u00f3n de Sonora, M\u00e9xico y el Mundo de manera oportuna y busca que la libertad de expresi\u00f3n sea real. Visita nuestro medio informativo publicado desde Hermosillo, Sonora. %\",\"breadcrumb\":{\"@id\":\"https:\/\/www.sonoraenequipo.com.mx\/se-reune-antonio-astiazaran-con-trabajadores-de-aguah\/#breadcrumb\"},\"inLanguage\":\"es\",\"potentialAction\":[{\"@type\":\"ReadAction\",\"target\":[\"https:\/\/www.sonoraenequipo.com.mx\/se-reune-antonio-astiazaran-con-trabajadores-de-aguah\/\"]}]},{\"@type\":\"ImageObject\",\"inLanguage\":\"es\",\"@id\":\"https:\/\/www.sonoraenequipo.com.mx\/se-reune-antonio-astiazaran-con-trabajadores-de-aguah\/#primaryimage\",\"url\":\"https:\/\/www.sonoraenequipo.com.mx\/storage\/2022\/08\/tono-aguah.jpg\",\"contentUrl\":\"https:\/\/www.sonoraenequipo.com.mx\/storage\/2022\/08\/tono-aguah.jpg\",\"width\":600,\"height\":414},{\"@type\":\"BreadcrumbList\",\"@id\":\"https:\/\/www.sonoraenequipo.com.mx\/se-reune-antonio-astiazaran-con-trabajadores-de-aguah\/#breadcrumb\",\"itemListElement\":[{\"@type\":\"ListItem\",\"position\":1,\"name\":\"Portada\",\"item\":\"https:\/\/www.sonoraenequipo.com.mx\/\"},{\"@type\":\"ListItem\",\"position\":2,\"name\":\"Se re\u00fane Antonio Astiazar\u00e1n con trabajadores de AGUAH\"}]},{\"@type\":\"WebSite\",\"@id\":\"https:\/\/www.sonoraenequipo.com.mx\/#website\",\"url\":\"https:\/\/www.sonoraenequipo.com.mx\/\",\"name\":\"Sonora en Equipo.\",\"description\":\"Diario en l\u00ednea con Noticias desde Hermosillo, Sonora\",\"publisher\":{\"@id\":\"https:\/\/www.sonoraenequipo.com.mx\/#organization\"},\"potentialAction\":[{\"@type\":\"SearchAction\",\"target\":{\"@type\":\"EntryPoint\",\"urlTemplate\":\"https:\/\/www.sonoraenequipo.com.mx\/?s={search_term_string}\"},\"query-input\":{\"@type\":\"PropertyValueSpecification\",\"valueRequired\":true,\"valueName\":\"search_term_string\"}}],\"inLanguage\":\"es\"},{\"@type\":\"Organization\",\"@id\":\"https:\/\/www.sonoraenequipo.com.mx\/#organization\",\"name\":\"Sonoraenequipo.com.mx\",\"url\":\"https:\/\/www.sonoraenequipo.com.mx\/\",\"logo\":{\"@type\":\"ImageObject\",\"inLanguage\":\"es\",\"@id\":\"https:\/\/www.sonoraenequipo.com.mx\/#\/schema\/logo\/image\/\",\"url\":\"https:\/\/www.sonoraenequipo.com.mx\/storage\/2019\/01\/sonoraenequipo_opt.png\",\"contentUrl\":\"https:\/\/www.sonoraenequipo.com.mx\/storage\/2019\/01\/sonoraenequipo_opt.png\",\"width\":375,\"height\":125,\"caption\":\"Sonoraenequipo.com.mx\"},\"image\":{\"@id\":\"https:\/\/www.sonoraenequipo.com.mx\/#\/schema\/logo\/image\/\"},\"sameAs\":[\"https:\/\/www.facebook.com\/SonoraEE\/\",\"https:\/\/x.com\/sonoraenequipo\",\"https:\/\/www.youtube.com\/channel\/UC338nW-lPEYmJQs4ZABQ1SQ\"]},{\"@type\":\"Person\",\"@id\":\"https:\/\/www.sonoraenequipo.com.mx\/#\/schema\/person\/50102df0fb23a8fa9e8effad8fa81386\",\"name\":\"enequipo\",\"image\":{\"@type\":\"ImageObject\",\"inLanguage\":\"es\",\"@id\":\"https:\/\/www.sonoraenequipo.com.mx\/#\/schema\/person\/image\/\",\"url\":\"https:\/\/secure.gravatar.com\/avatar\/049821681b589dabc0bc20695993ccebb09f5b5d4d790cd9251b97faac7c652b?s=96&d=blank&r=g\",\"contentUrl\":\"https:\/\/secure.gravatar.com\/avatar\/049821681b589dabc0bc20695993ccebb09f5b5d4d790cd9251b97faac7c652b?s=96&d=blank&r=g\",\"caption\":\"enequipo\"},\"sameAs\":[\"https:\/\/www.facebook.com\/SonoraEE\"]}]}<\/script>\n ","yoast_head_json":{"title":"Sonora en Equipo. Se re\u00fane Antonio Astiazar\u00e1n con trabajadores de AGUAH Municipios","description":"HERMOSILLO, SONORA,MX.\u2500\u2500 El Presidente Municipal, Antonio Astiazar\u00e1n Guti\u00e9rrez asisti\u00f3 a una de las sesiones del programa de integraci\u00f3n y desarrollo En En Sonora en Equipo publicamos toda la informaci\u00f3n de Sonora, M\u00e9xico y el Mundo de manera oportuna y busca que la libertad de expresi\u00f3n sea real. Visita nuestro medio informativo publicado desde Hermosillo, Sonora. %","robots":{"index":"index","follow":"follow","max-snippet":"max-snippet:-1","max-image-preview":"max-image-preview:large","max-video-preview":"max-video-preview:-1"},"canonical":"https:\/\/www.sonoraenequipo.com.mx\/se-reune-antonio-astiazaran-con-trabajadores-de-aguah\/","og_locale":"es_ES","og_type":"article","og_title":"Sonora en Equipo. Se re\u00fane Antonio Astiazar\u00e1n con trabajadores de AGUAH Municipios","og_description":"HERMOSILLO, SONORA,MX.\u2500\u2500 El Presidente Municipal, Antonio Astiazar\u00e1n Guti\u00e9rrez asisti\u00f3 a una de las sesiones del programa de integraci\u00f3n y desarrollo En En Sonora en Equipo publicamos toda la informaci\u00f3n de Sonora, M\u00e9xico y el Mundo de manera oportuna y busca que la libertad de expresi\u00f3n sea real. Visita nuestro medio informativo publicado desde Hermosillo, Sonora. %","og_url":"https:\/\/www.sonoraenequipo.com.mx\/se-reune-antonio-astiazaran-con-trabajadores-de-aguah\/","og_site_name":"Sonora en Equipo.","article_publisher":"https:\/\/www.facebook.com\/SonoraEE\/","article_author":"https:\/\/www.facebook.com\/SonoraEE","article_published_time":"2022-08-11T04:08:23+00:00","og_image":[{"width":600,"height":414,"url":"https:\/\/www.sonoraenequipo.com.mx\/storage\/2022\/08\/tono-aguah.jpg","type":"image\/jpeg"}],"author":"enequipo","twitter_card":"summary_large_image","twitter_creator":"@sonoraenequipo","twitter_site":"@sonoraenequipo","twitter_misc":{"Escrito por":"enequipo","Tiempo de lectura":"1 minuto"},"schema":{"@context":"https:\/\/schema.org","@graph":[{"@type":"Article","@id":"https:\/\/www.sonoraenequipo.com.mx\/se-reune-antonio-astiazaran-con-trabajadores-de-aguah\/#article","isPartOf":{"@id":"https:\/\/www.sonoraenequipo.com.mx\/se-reune-antonio-astiazaran-con-trabajadores-de-aguah\/"},"author":{"name":"enequipo","@id":"https:\/\/www.sonoraenequipo.com.mx\/#\/schema\/person\/50102df0fb23a8fa9e8effad8fa81386"},"headline":"Se re\u00fane Antonio Astiazar\u00e1n con trabajadores de AGUAH","datePublished":"2022-08-11T04:08:23+00:00","mainEntityOfPage":{"@id":"https:\/\/www.sonoraenequipo.com.mx\/se-reune-antonio-astiazaran-con-trabajadores-de-aguah\/"},"wordCount":265,"commentCount":0,"publisher":{"@id":"https:\/\/www.sonoraenequipo.com.mx\/#organization"},"image":{"@id":"https:\/\/www.sonoraenequipo.com.mx\/se-reune-antonio-astiazaran-con-trabajadores-de-aguah\/#primaryimage"},"thumbnailUrl":"https:\/\/www.sonoraenequipo.com.mx\/storage\/2022\/08\/tono-aguah.jpg","keywords":["Agua de Hermosillo","to\u00f1o astiazaran"],"articleSection":["Municipios"],"inLanguage":"es","potentialAction":[{"@type":"CommentAction","name":"Comment","target":["https:\/\/www.sonoraenequipo.com.mx\/se-reune-antonio-astiazaran-con-trabajadores-de-aguah\/#respond"]}]},{"@type":"WebPage","@id":"https:\/\/www.sonoraenequipo.com.mx\/se-reune-antonio-astiazaran-con-trabajadores-de-aguah\/","url":"https:\/\/www.sonoraenequipo.com.mx\/se-reune-antonio-astiazaran-con-trabajadores-de-aguah\/","name":"Sonora en Equipo. Se re\u00fane Antonio Astiazar\u00e1n con trabajadores de AGUAH Municipios","isPartOf":{"@id":"https:\/\/www.sonoraenequipo.com.mx\/#website"},"primaryImageOfPage":{"@id":"https:\/\/www.sonoraenequipo.com.mx\/se-reune-antonio-astiazaran-con-trabajadores-de-aguah\/#primaryimage"},"image":{"@id":"https:\/\/www.sonoraenequipo.com.mx\/se-reune-antonio-astiazaran-con-trabajadores-de-aguah\/#primaryimage"},"thumbnailUrl":"https:\/\/www.sonoraenequipo.com.mx\/storage\/2022\/08\/tono-aguah.jpg","datePublished":"2022-08-11T04:08:23+00:00","description":"HERMOSILLO, SONORA,MX.\u2500\u2500 El Presidente Municipal, Antonio Astiazar\u00e1n Guti\u00e9rrez asisti\u00f3 a una de las sesiones del programa de integraci\u00f3n y desarrollo En En Sonora en Equipo publicamos toda la informaci\u00f3n de Sonora, M\u00e9xico y el Mundo de manera oportuna y busca que la libertad de expresi\u00f3n sea real. Visita nuestro medio informativo publicado desde Hermosillo, Sonora. %","breadcrumb":{"@id":"https:\/\/www.sonoraenequipo.com.mx\/se-reune-antonio-astiazaran-con-trabajadores-de-aguah\/#breadcrumb"},"inLanguage":"es","potentialAction":[{"@type":"ReadAction","target":["https:\/\/www.sonoraenequipo.com.mx\/se-reune-antonio-astiazaran-con-trabajadores-de-aguah\/"]}]},{"@type":"ImageObject","inLanguage":"es","@id":"https:\/\/www.sonoraenequipo.com.mx\/se-reune-antonio-astiazaran-con-trabajadores-de-aguah\/#primaryimage","url":"https:\/\/www.sonoraenequipo.com.mx\/storage\/2022\/08\/tono-aguah.jpg","contentUrl":"https:\/\/www.sonoraenequipo.com.mx\/storage\/2022\/08\/tono-aguah.jpg","width":600,"height":414},{"@type":"BreadcrumbList","@id":"https:\/\/www.sonoraenequipo.com.mx\/se-reune-antonio-astiazaran-con-trabajadores-de-aguah\/#breadcrumb","itemListElement":[{"@type":"ListItem","position":1,"name":"Portada","item":"https:\/\/www.sonoraenequipo.com.mx\/"},{"@type":"ListItem","position":2,"name":"Se re\u00fane Antonio Astiazar\u00e1n con trabajadores de AGUAH"}]},{"@type":"WebSite","@id":"https:\/\/www.sonoraenequipo.com.mx\/#website","url":"https:\/\/www.sonoraenequipo.com.mx\/","name":"Sonora en Equipo.","description":"Diario en l\u00ednea con Noticias desde Hermosillo, Sonora","publisher":{"@id":"https:\/\/www.sonoraenequipo.com.mx\/#organization"},"potentialAction":[{"@type":"SearchAction","target":{"@type":"EntryPoint","urlTemplate":"https:\/\/www.sonoraenequipo.com.mx\/?s={search_term_string}"},"query-input":{"@type":"PropertyValueSpecification","valueRequired":true,"valueName":"search_term_string"}}],"inLanguage":"es"},{"@type":"Organization","@id":"https:\/\/www.sonoraenequipo.com.mx\/#organization","name":"Sonoraenequipo.com.mx","url":"https:\/\/www.sonoraenequipo.com.mx\/","logo":{"@type":"ImageObject","inLanguage":"es","@id":"https:\/\/www.sonoraenequipo.com.mx\/#\/schema\/logo\/image\/","url":"https:\/\/www.sonoraenequipo.com.mx\/storage\/2019\/01\/sonoraenequipo_opt.png","contentUrl":"https:\/\/www.sonoraenequipo.com.mx\/storage\/2019\/01\/sonoraenequipo_opt.png","width":375,"height":125,"caption":"Sonoraenequipo.com.mx"},"image":{"@id":"https:\/\/www.sonoraenequipo.com.mx\/#\/schema\/logo\/image\/"},"sameAs":["https:\/\/www.facebook.com\/SonoraEE\/","https:\/\/x.com\/sonoraenequipo","https:\/\/www.youtube.com\/channel\/UC338nW-lPEYmJQs4ZABQ1SQ"]},{"@type":"Person","@id":"https:\/\/www.sonoraenequipo.com.mx\/#\/schema\/person\/50102df0fb23a8fa9e8effad8fa81386","name":"enequipo","image":{"@type":"ImageObject","inLanguage":"es","@id":"https:\/\/www.sonoraenequipo.com.mx\/#\/schema\/person\/image\/","url":"https:\/\/secure.gravatar.com\/avatar\/049821681b589dabc0bc20695993ccebb09f5b5d4d790cd9251b97faac7c652b?s=96&d=blank&r=g","contentUrl":"https:\/\/secure.gravatar.com\/avatar\/049821681b589dabc0bc20695993ccebb09f5b5d4d790cd9251b97faac7c652b?s=96&d=blank&r=g","caption":"enequipo"},"sameAs":["https:\/\/www.facebook.com\/SonoraEE"]}]}},"jetpack_featured_media_url":"https:\/\/www.sonoraenequipo.com.mx\/storage\/2022\/08\/tono-aguah.jpg","_links":{"self":[{"href":"https:\/\/www.sonoraenequipo.com.mx\/api\/wp\/v2\/posts\/144704","targetHints":{"allow":["GET"]}}],"collection":[{"href":"https:\/\/www.sonoraenequipo.com.mx\/api\/wp\/v2\/posts"}],"about":[{"href":"https:\/\/www.sonoraenequipo.com.mx\/api\/wp\/v2\/types\/post"}],"author":[{"embeddable":true,"href":"https:\/\/www.sonoraenequipo.com.mx\/api\/wp\/v2\/users\/1"}],"replies":[{"embeddable":true,"href":"https:\/\/www.sonoraenequipo.com.mx\/api\/wp\/v2\/comments?post=144704"}],"version-history":[{"count":1,"href":"https:\/\/www.sonoraenequipo.com.mx\/api\/wp\/v2\/posts\/144704\/revisions"}],"predecessor-version":[{"id":144707,"href":"https:\/\/www.sonoraenequipo.com.mx\/api\/wp\/v2\/posts\/144704\/revisions\/144707"}],"wp:featuredmedia":[{"embeddable":true,"href":"https:\/\/www.sonoraenequipo.com.mx\/api\/wp\/v2\/media\/144706"}],"wp:attachment":[{"href":"https:\/\/www.sonoraenequipo.com.mx\/api\/wp\/v2\/media?parent=144704"}],"wp:term":[{"taxonomy":"category","embeddable":true,"href":"https:\/\/www.sonoraenequipo.com.mx\/api\/wp\/v2\/categories?post=144704"},{"taxonomy":"post_tag","embeddable":true,"href":"https:\/\/www.sonoraenequipo.com.mx\/api\/wp\/v2\/tags?post=144704"}],"curies":[{"name":"wp","href":"https:\/\/api.w.org\/{rel}","templated":true}]}}