{"id":144729,"date":"2022-08-10T20:00:57","date_gmt":"2022-08-11T03:00:57","guid":{"rendered":"https:\/\/www.sonoraenequipo.com.mx\/?p=144729"},"modified":"2022-08-11T12:03:45","modified_gmt":"2022-08-11T19:03:45","slug":"jaime-bonilla-podra-volver-al-senado-tribunal-electoral-ordena-devolverle-su-escano","status":"publish","type":"post","link":"https:\/\/www.sonoraenequipo.com.mx\/jaime-bonilla-podra-volver-al-senado-tribunal-electoral-ordena-devolverle-su-escano\/","title":{"rendered":"Jaime Bonilla podr\u00e1 volver al Senado; Tribunal Electoral ordena devolverle su esca\u00f1o"},"content":{"rendered":"<p><strong>CIUDAD DE M\u00c9XICO. MX. \u2014<\/strong> La Sala Superior del Tribunal Electoral del Poder Judicial de la Federaci\u00f3n (TEPJF) orden\u00f3 devolver a Jaime Bonilla su esca\u00f1o en el Senado de la Rep\u00fablica, luego de una ausencia de dos a\u00f1os en lo que gobern\u00f3 el estado de Baja California.<\/p>\n<p>&nbsp;<\/p>\n<p> <\/p>\n<p>&nbsp;<\/p>\n<p>Por mayor\u00eda de votos, la Sala Superior del TEPJF aprob\u00f3 el proyecto del magistrado Jos\u00e9 Luis Vargas, quien consider\u00f3 que no hay impedimento legal para que Jaime Bonilla recupere esca\u00f1o en la C\u00e1mara Alta, por lo que la decisi\u00f3n deber\u00e1 ser notificada a su suplente, Gerardo Novelo.<\/p>\n<p>&nbsp;<\/p>\n<p>Adem\u00e1s del ponente, a favor del proyecto votaron la magistrada M\u00f3nica Aral\u00ed Soto Fregoso y los magistrados Indalfer Infante Gonz\u00e1lez y Felipe Fuentes Barrera. En contraste, Janine Ot\u00e1lora Malassis y Felipe Fuentes Barrera votaron en contra.<\/p>\n<p>&nbsp;<\/p>\n<p>&nbsp;<\/p>\n<p>La resoluci\u00f3n se dio al analizar una impugnaci\u00f3n presentada por Jaime Bonilla contra la decisi\u00f3n de la Sala Regional Guadalajara del TEPJF, en la cual dej\u00f3 sin efectos jur\u00eddicos la sesi\u00f3n del 25 de marzo del Senado de la Rep\u00fablica en la que se inform\u00f3 la reincorporaci\u00f3n del exgobernador como senador.<\/p>\n<p>&nbsp;<\/p>\n<blockquote class=\"twitter-tweet\" data-width=\"550\" data-dnt=\"true\">\n<p lang=\"es\" dir=\"ltr\">El d\u00eda de hoy se hizo justicia. Con gusto les informo que el Tribunal Electoral del Poder Judicial de la Federaci\u00f3n me ha regresado el derecho de representarlos, un derecho que injustamente se me hab\u00eda retirado. (1\/2) <a href=\"https:\/\/t.co\/9D10fj41Uk\">pic.twitter.com\/9D10fj41Uk<\/a><\/p>\n<p>&mdash; Jaime Bonilla Valdez (@Jaime_BonillaV) <a href=\"https:\/\/twitter.com\/Jaime_BonillaV\/status\/1557446495443361792?ref_src=twsrc%5Etfw\">August 10, 2022<\/a><\/p><\/blockquote>\n<p><script async src=\"https:\/\/platform.twitter.com\/widgets.js\" charset=\"utf-8\"><\/script><\/p>\n<p>En su fallo, los magistrados de la Sala Regional Guadalajara argumentaron que al tomar protesta como mandatario estatal, Jaime Bonilla, opt\u00f3 por dicho cargo de elecci\u00f3n popular y agot\u00f3 su derecho a elegir entre ambos, quedando vacante la senadur\u00eda, \u201c<strong><em>de ah\u00ed que no sea posible su reincorporaci\u00f3n\u201d.<\/em><\/strong><\/p>\n<p>&nbsp;<\/p>\n<p>La sentencia de la Sala Superior del TEPJF vincula la C\u00e1mara de Senadores o su Comisi\u00f3n Permanente para que \u201cconvoque a Jaime Bonilla a efecto de que se reincorpore al cargo de Senador desempe\u00f1ando y se notifique la decisi\u00f3n a Gerardo Novelo Ozuna, senador suplente\u201d.<\/p>\n<p>&nbsp;<\/p>\n<p>&nbsp;<\/p>\n<p>Publicada 10\/08\/2022 \/Con informaci\u00f3n de ALMOMENTO)<\/p>\n","protected":false},"excerpt":{"rendered":"<p>CIUDAD DE M\u00c9XICO. MX. \u2014 La Sala Superior del Tribunal Electoral del Poder Judicial de&#8230;<\/p>\n","protected":false},"author":1,"featured_media":144730,"comment_status":"open","ping_status":"open","sticky":false,"template":"","format":"standard","meta":{"_monsterinsights_skip_tracking":false,"_monsterinsights_sitenote_active":false,"_monsterinsights_sitenote_note":"","_monsterinsights_sitenote_category":0,"footnotes":""},"categories":[5],"tags":[],"class_list":["post"],"yoast_head":" \n<title>Sonora en Equipo. Jaime Bonilla podr\u00e1 volver al Senado; Tribunal Electoral ordena devolverle su esca\u00f1o Rep\u00fablica<\/title>\n<meta name=\"description\" content=\"CIUDAD DE M\u00c9XICO. MX. \u2014 La Sala Superior del Tribunal Electoral del Poder Judicial de la Federaci\u00f3n (TEPJF) orden\u00f3 devolver a Jaime Bonilla su esca\u00f1o en En Sonora en Equipo publicamos toda la informaci\u00f3n de Sonora, M\u00e9xico y el Mundo de manera oportuna y busca que la libertad de expresi\u00f3n sea real. Visita nuestro medio informativo publicado desde Hermosillo, Sonora. %\" \/>\n<meta name=\"robots\" content=\"index, follow, max-snippet:-1, max-image-preview:large, max-video-preview:-1\" \/>\n<link rel=\"canonical\" href=\"https:\/\/www.sonoraenequipo.com.mx\/jaime-bonilla-podra-volver-al-senado-tribunal-electoral-ordena-devolverle-su-escano\/\" \/>\n<meta property=\"og:locale\" content=\"es_ES\" \/>\n<meta property=\"og:type\" content=\"article\" \/>\n<meta property=\"og:title\" content=\"Sonora en Equipo. Jaime Bonilla podr\u00e1 volver al Senado; Tribunal Electoral ordena devolverle su esca\u00f1o Rep\u00fablica\" \/>\n<meta property=\"og:description\" content=\"CIUDAD DE M\u00c9XICO. MX. \u2014 La Sala Superior del Tribunal Electoral del Poder Judicial de la Federaci\u00f3n (TEPJF) orden\u00f3 devolver a Jaime Bonilla su esca\u00f1o en En Sonora en Equipo publicamos toda la informaci\u00f3n de Sonora, M\u00e9xico y el Mundo de manera oportuna y busca que la libertad de expresi\u00f3n sea real. Visita nuestro medio informativo publicado desde Hermosillo, Sonora. %\" \/>\n<meta property=\"og:url\" content=\"https:\/\/www.sonoraenequipo.com.mx\/jaime-bonilla-podra-volver-al-senado-tribunal-electoral-ordena-devolverle-su-escano\/\" \/>\n<meta property=\"og:site_name\" content=\"Sonora en Equipo.\" \/>\n<meta property=\"article:publisher\" content=\"https:\/\/www.facebook.com\/SonoraEE\/\" \/>\n<meta property=\"article:author\" content=\"https:\/\/www.facebook.com\/SonoraEE\" \/>\n<meta property=\"article:published_time\" content=\"2022-08-11T03:00:57+00:00\" \/>\n<meta property=\"article:modified_time\" content=\"2022-08-11T19:03:45+00:00\" \/>\n<meta property=\"og:image\" content=\"https:\/\/www.sonoraenequipo.com.mx\/storage\/2022\/08\/jaime-bonillas.jpg\" \/>\n\t<meta property=\"og:image:width\" content=\"900\" \/>\n\t<meta property=\"og:image:height\" content=\"515\" \/>\n\t<meta property=\"og:image:type\" content=\"image\/jpeg\" \/>\n<meta name=\"author\" content=\"enequipo\" \/>\n<meta name=\"twitter:card\" content=\"summary_large_image\" \/>\n<meta name=\"twitter:creator\" content=\"@sonoraenequipo\" \/>\n<meta name=\"twitter:site\" content=\"@sonoraenequipo\" \/>\n<meta name=\"twitter:label1\" content=\"Escrito por\" \/>\n\t<meta name=\"twitter:data1\" content=\"enequipo\" \/>\n\t<meta name=\"twitter:label2\" content=\"Tiempo de lectura\" \/>\n\t<meta name=\"twitter:data2\" content=\"2 minutos\" \/>\n<script type=\"application\/ld+json\" class=\"yoast-schema-graph\">{\"@context\":\"https:\/\/schema.org\",\"@graph\":[{\"@type\":\"Article\",\"@id\":\"https:\/\/www.sonoraenequipo.com.mx\/jaime-bonilla-podra-volver-al-senado-tribunal-electoral-ordena-devolverle-su-escano\/#article\",\"isPartOf\":{\"@id\":\"https:\/\/www.sonoraenequipo.com.mx\/jaime-bonilla-podra-volver-al-senado-tribunal-electoral-ordena-devolverle-su-escano\/\"},\"author\":{\"name\":\"enequipo\",\"@id\":\"https:\/\/www.sonoraenequipo.com.mx\/#\/schema\/person\/50102df0fb23a8fa9e8effad8fa81386\"},\"headline\":\"Jaime Bonilla podr\u00e1 volver al Senado; Tribunal Electoral ordena devolverle su esca\u00f1o\",\"datePublished\":\"2022-08-11T03:00:57+00:00\",\"dateModified\":\"2022-08-11T19:03:45+00:00\",\"mainEntityOfPage\":{\"@id\":\"https:\/\/www.sonoraenequipo.com.mx\/jaime-bonilla-podra-volver-al-senado-tribunal-electoral-ordena-devolverle-su-escano\/\"},\"wordCount\":332,\"commentCount\":0,\"publisher\":{\"@id\":\"https:\/\/www.sonoraenequipo.com.mx\/#organization\"},\"image\":{\"@id\":\"https:\/\/www.sonoraenequipo.com.mx\/jaime-bonilla-podra-volver-al-senado-tribunal-electoral-ordena-devolverle-su-escano\/#primaryimage\"},\"thumbnailUrl\":\"https:\/\/www.sonoraenequipo.com.mx\/storage\/2022\/08\/jaime-bonillas.jpg\",\"articleSection\":[\"Rep\u00fablica\"],\"inLanguage\":\"es\",\"potentialAction\":[{\"@type\":\"CommentAction\",\"name\":\"Comment\",\"target\":[\"https:\/\/www.sonoraenequipo.com.mx\/jaime-bonilla-podra-volver-al-senado-tribunal-electoral-ordena-devolverle-su-escano\/#respond\"]}]},{\"@type\":\"WebPage\",\"@id\":\"https:\/\/www.sonoraenequipo.com.mx\/jaime-bonilla-podra-volver-al-senado-tribunal-electoral-ordena-devolverle-su-escano\/\",\"url\":\"https:\/\/www.sonoraenequipo.com.mx\/jaime-bonilla-podra-volver-al-senado-tribunal-electoral-ordena-devolverle-su-escano\/\",\"name\":\"Sonora en Equipo. Jaime Bonilla podr\u00e1 volver al Senado; Tribunal Electoral ordena devolverle su esca\u00f1o Rep\u00fablica\",\"isPartOf\":{\"@id\":\"https:\/\/www.sonoraenequipo.com.mx\/#website\"},\"primaryImageOfPage\":{\"@id\":\"https:\/\/www.sonoraenequipo.com.mx\/jaime-bonilla-podra-volver-al-senado-tribunal-electoral-ordena-devolverle-su-escano\/#primaryimage\"},\"image\":{\"@id\":\"https:\/\/www.sonoraenequipo.com.mx\/jaime-bonilla-podra-volver-al-senado-tribunal-electoral-ordena-devolverle-su-escano\/#primaryimage\"},\"thumbnailUrl\":\"https:\/\/www.sonoraenequipo.com.mx\/storage\/2022\/08\/jaime-bonillas.jpg\",\"datePublished\":\"2022-08-11T03:00:57+00:00\",\"dateModified\":\"2022-08-11T19:03:45+00:00\",\"description\":\"CIUDAD DE M\u00c9XICO. MX. \u2014 La Sala Superior del Tribunal Electoral del Poder Judicial de la Federaci\u00f3n (TEPJF) orden\u00f3 devolver a Jaime Bonilla su esca\u00f1o en En Sonora en Equipo publicamos toda la informaci\u00f3n de Sonora, M\u00e9xico y el Mundo de manera oportuna y busca que la libertad de expresi\u00f3n sea real. Visita nuestro medio informativo publicado desde Hermosillo, Sonora. %\",\"breadcrumb\":{\"@id\":\"https:\/\/www.sonoraenequipo.com.mx\/jaime-bonilla-podra-volver-al-senado-tribunal-electoral-ordena-devolverle-su-escano\/#breadcrumb\"},\"inLanguage\":\"es\",\"potentialAction\":[{\"@type\":\"ReadAction\",\"target\":[\"https:\/\/www.sonoraenequipo.com.mx\/jaime-bonilla-podra-volver-al-senado-tribunal-electoral-ordena-devolverle-su-escano\/\"]}]},{\"@type\":\"ImageObject\",\"inLanguage\":\"es\",\"@id\":\"https:\/\/www.sonoraenequipo.com.mx\/jaime-bonilla-podra-volver-al-senado-tribunal-electoral-ordena-devolverle-su-escano\/#primaryimage\",\"url\":\"https:\/\/www.sonoraenequipo.com.mx\/storage\/2022\/08\/jaime-bonillas.jpg\",\"contentUrl\":\"https:\/\/www.sonoraenequipo.com.mx\/storage\/2022\/08\/jaime-bonillas.jpg\",\"width\":900,\"height\":515},{\"@type\":\"BreadcrumbList\",\"@id\":\"https:\/\/www.sonoraenequipo.com.mx\/jaime-bonilla-podra-volver-al-senado-tribunal-electoral-ordena-devolverle-su-escano\/#breadcrumb\",\"itemListElement\":[{\"@type\":\"ListItem\",\"position\":1,\"name\":\"Portada\",\"item\":\"https:\/\/www.sonoraenequipo.com.mx\/\"},{\"@type\":\"ListItem\",\"position\":2,\"name\":\"Jaime Bonilla podr\u00e1 volver al Senado; Tribunal Electoral ordena devolverle su esca\u00f1o\"}]},{\"@type\":\"WebSite\",\"@id\":\"https:\/\/www.sonoraenequipo.com.mx\/#website\",\"url\":\"https:\/\/www.sonoraenequipo.com.mx\/\",\"name\":\"Sonora en Equipo.\",\"description\":\"Diario en l\u00ednea con Noticias desde Hermosillo, Sonora\",\"publisher\":{\"@id\":\"https:\/\/www.sonoraenequipo.com.mx\/#organization\"},\"potentialAction\":[{\"@type\":\"SearchAction\",\"target\":{\"@type\":\"EntryPoint\",\"urlTemplate\":\"https:\/\/www.sonoraenequipo.com.mx\/?s={search_term_string}\"},\"query-input\":{\"@type\":\"PropertyValueSpecification\",\"valueRequired\":true,\"valueName\":\"search_term_string\"}}],\"inLanguage\":\"es\"},{\"@type\":\"Organization\",\"@id\":\"https:\/\/www.sonoraenequipo.com.mx\/#organization\",\"name\":\"Sonoraenequipo.com.mx\",\"url\":\"https:\/\/www.sonoraenequipo.com.mx\/\",\"logo\":{\"@type\":\"ImageObject\",\"inLanguage\":\"es\",\"@id\":\"https:\/\/www.sonoraenequipo.com.mx\/#\/schema\/logo\/image\/\",\"url\":\"https:\/\/www.sonoraenequipo.com.mx\/storage\/2019\/01\/sonoraenequipo_opt.png\",\"contentUrl\":\"https:\/\/www.sonoraenequipo.com.mx\/storage\/2019\/01\/sonoraenequipo_opt.png\",\"width\":375,\"height\":125,\"caption\":\"Sonoraenequipo.com.mx\"},\"image\":{\"@id\":\"https:\/\/www.sonoraenequipo.com.mx\/#\/schema\/logo\/image\/\"},\"sameAs\":[\"https:\/\/www.facebook.com\/SonoraEE\/\",\"https:\/\/x.com\/sonoraenequipo\",\"https:\/\/www.youtube.com\/channel\/UC338nW-lPEYmJQs4ZABQ1SQ\"]},{\"@type\":\"Person\",\"@id\":\"https:\/\/www.sonoraenequipo.com.mx\/#\/schema\/person\/50102df0fb23a8fa9e8effad8fa81386\",\"name\":\"enequipo\",\"image\":{\"@type\":\"ImageObject\",\"inLanguage\":\"es\",\"@id\":\"https:\/\/www.sonoraenequipo.com.mx\/#\/schema\/person\/image\/\",\"url\":\"https:\/\/secure.gravatar.com\/avatar\/049821681b589dabc0bc20695993ccebb09f5b5d4d790cd9251b97faac7c652b?s=96&d=blank&r=g\",\"contentUrl\":\"https:\/\/secure.gravatar.com\/avatar\/049821681b589dabc0bc20695993ccebb09f5b5d4d790cd9251b97faac7c652b?s=96&d=blank&r=g\",\"caption\":\"enequipo\"},\"sameAs\":[\"https:\/\/www.facebook.com\/SonoraEE\"]}]}<\/script>\n ","yoast_head_json":{"title":"Sonora en Equipo. Jaime Bonilla podr\u00e1 volver al Senado; Tribunal Electoral ordena devolverle su esca\u00f1o Rep\u00fablica","description":"CIUDAD DE M\u00c9XICO. MX. \u2014 La Sala Superior del Tribunal Electoral del Poder Judicial de la Federaci\u00f3n (TEPJF) orden\u00f3 devolver a Jaime Bonilla su esca\u00f1o en En Sonora en Equipo publicamos toda la informaci\u00f3n de Sonora, M\u00e9xico y el Mundo de manera oportuna y busca que la libertad de expresi\u00f3n sea real. Visita nuestro medio informativo publicado desde Hermosillo, Sonora. %","robots":{"index":"index","follow":"follow","max-snippet":"max-snippet:-1","max-image-preview":"max-image-preview:large","max-video-preview":"max-video-preview:-1"},"canonical":"https:\/\/www.sonoraenequipo.com.mx\/jaime-bonilla-podra-volver-al-senado-tribunal-electoral-ordena-devolverle-su-escano\/","og_locale":"es_ES","og_type":"article","og_title":"Sonora en Equipo. Jaime Bonilla podr\u00e1 volver al Senado; Tribunal Electoral ordena devolverle su esca\u00f1o Rep\u00fablica","og_description":"CIUDAD DE M\u00c9XICO. MX. \u2014 La Sala Superior del Tribunal Electoral del Poder Judicial de la Federaci\u00f3n (TEPJF) orden\u00f3 devolver a Jaime Bonilla su esca\u00f1o en En Sonora en Equipo publicamos toda la informaci\u00f3n de Sonora, M\u00e9xico y el Mundo de manera oportuna y busca que la libertad de expresi\u00f3n sea real. Visita nuestro medio informativo publicado desde Hermosillo, Sonora. %","og_url":"https:\/\/www.sonoraenequipo.com.mx\/jaime-bonilla-podra-volver-al-senado-tribunal-electoral-ordena-devolverle-su-escano\/","og_site_name":"Sonora en Equipo.","article_publisher":"https:\/\/www.facebook.com\/SonoraEE\/","article_author":"https:\/\/www.facebook.com\/SonoraEE","article_published_time":"2022-08-11T03:00:57+00:00","article_modified_time":"2022-08-11T19:03:45+00:00","og_image":[{"width":900,"height":515,"url":"https:\/\/www.sonoraenequipo.com.mx\/storage\/2022\/08\/jaime-bonillas.jpg","type":"image\/jpeg"}],"author":"enequipo","twitter_card":"summary_large_image","twitter_creator":"@sonoraenequipo","twitter_site":"@sonoraenequipo","twitter_misc":{"Escrito por":"enequipo","Tiempo de lectura":"2 minutos"},"schema":{"@context":"https:\/\/schema.org","@graph":[{"@type":"Article","@id":"https:\/\/www.sonoraenequipo.com.mx\/jaime-bonilla-podra-volver-al-senado-tribunal-electoral-ordena-devolverle-su-escano\/#article","isPartOf":{"@id":"https:\/\/www.sonoraenequipo.com.mx\/jaime-bonilla-podra-volver-al-senado-tribunal-electoral-ordena-devolverle-su-escano\/"},"author":{"name":"enequipo","@id":"https:\/\/www.sonoraenequipo.com.mx\/#\/schema\/person\/50102df0fb23a8fa9e8effad8fa81386"},"headline":"Jaime Bonilla podr\u00e1 volver al Senado; Tribunal Electoral ordena devolverle su esca\u00f1o","datePublished":"2022-08-11T03:00:57+00:00","dateModified":"2022-08-11T19:03:45+00:00","mainEntityOfPage":{"@id":"https:\/\/www.sonoraenequipo.com.mx\/jaime-bonilla-podra-volver-al-senado-tribunal-electoral-ordena-devolverle-su-escano\/"},"wordCount":332,"commentCount":0,"publisher":{"@id":"https:\/\/www.sonoraenequipo.com.mx\/#organization"},"image":{"@id":"https:\/\/www.sonoraenequipo.com.mx\/jaime-bonilla-podra-volver-al-senado-tribunal-electoral-ordena-devolverle-su-escano\/#primaryimage"},"thumbnailUrl":"https:\/\/www.sonoraenequipo.com.mx\/storage\/2022\/08\/jaime-bonillas.jpg","articleSection":["Rep\u00fablica"],"inLanguage":"es","potentialAction":[{"@type":"CommentAction","name":"Comment","target":["https:\/\/www.sonoraenequipo.com.mx\/jaime-bonilla-podra-volver-al-senado-tribunal-electoral-ordena-devolverle-su-escano\/#respond"]}]},{"@type":"WebPage","@id":"https:\/\/www.sonoraenequipo.com.mx\/jaime-bonilla-podra-volver-al-senado-tribunal-electoral-ordena-devolverle-su-escano\/","url":"https:\/\/www.sonoraenequipo.com.mx\/jaime-bonilla-podra-volver-al-senado-tribunal-electoral-ordena-devolverle-su-escano\/","name":"Sonora en Equipo. Jaime Bonilla podr\u00e1 volver al Senado; Tribunal Electoral ordena devolverle su esca\u00f1o Rep\u00fablica","isPartOf":{"@id":"https:\/\/www.sonoraenequipo.com.mx\/#website"},"primaryImageOfPage":{"@id":"https:\/\/www.sonoraenequipo.com.mx\/jaime-bonilla-podra-volver-al-senado-tribunal-electoral-ordena-devolverle-su-escano\/#primaryimage"},"image":{"@id":"https:\/\/www.sonoraenequipo.com.mx\/jaime-bonilla-podra-volver-al-senado-tribunal-electoral-ordena-devolverle-su-escano\/#primaryimage"},"thumbnailUrl":"https:\/\/www.sonoraenequipo.com.mx\/storage\/2022\/08\/jaime-bonillas.jpg","datePublished":"2022-08-11T03:00:57+00:00","dateModified":"2022-08-11T19:03:45+00:00","description":"CIUDAD DE M\u00c9XICO. MX. \u2014 La Sala Superior del Tribunal Electoral del Poder Judicial de la Federaci\u00f3n (TEPJF) orden\u00f3 devolver a Jaime Bonilla su esca\u00f1o en En Sonora en Equipo publicamos toda la informaci\u00f3n de Sonora, M\u00e9xico y el Mundo de manera oportuna y busca que la libertad de expresi\u00f3n sea real. Visita nuestro medio informativo publicado desde Hermosillo, Sonora. %","breadcrumb":{"@id":"https:\/\/www.sonoraenequipo.com.mx\/jaime-bonilla-podra-volver-al-senado-tribunal-electoral-ordena-devolverle-su-escano\/#breadcrumb"},"inLanguage":"es","potentialAction":[{"@type":"ReadAction","target":["https:\/\/www.sonoraenequipo.com.mx\/jaime-bonilla-podra-volver-al-senado-tribunal-electoral-ordena-devolverle-su-escano\/"]}]},{"@type":"ImageObject","inLanguage":"es","@id":"https:\/\/www.sonoraenequipo.com.mx\/jaime-bonilla-podra-volver-al-senado-tribunal-electoral-ordena-devolverle-su-escano\/#primaryimage","url":"https:\/\/www.sonoraenequipo.com.mx\/storage\/2022\/08\/jaime-bonillas.jpg","contentUrl":"https:\/\/www.sonoraenequipo.com.mx\/storage\/2022\/08\/jaime-bonillas.jpg","width":900,"height":515},{"@type":"BreadcrumbList","@id":"https:\/\/www.sonoraenequipo.com.mx\/jaime-bonilla-podra-volver-al-senado-tribunal-electoral-ordena-devolverle-su-escano\/#breadcrumb","itemListElement":[{"@type":"ListItem","position":1,"name":"Portada","item":"https:\/\/www.sonoraenequipo.com.mx\/"},{"@type":"ListItem","position":2,"name":"Jaime Bonilla podr\u00e1 volver al Senado; Tribunal Electoral ordena devolverle su esca\u00f1o"}]},{"@type":"WebSite","@id":"https:\/\/www.sonoraenequipo.com.mx\/#website","url":"https:\/\/www.sonoraenequipo.com.mx\/","name":"Sonora en Equipo.","description":"Diario en l\u00ednea con Noticias desde Hermosillo, Sonora","publisher":{"@id":"https:\/\/www.sonoraenequipo.com.mx\/#organization"},"potentialAction":[{"@type":"SearchAction","target":{"@type":"EntryPoint","urlTemplate":"https:\/\/www.sonoraenequipo.com.mx\/?s={search_term_string}"},"query-input":{"@type":"PropertyValueSpecification","valueRequired":true,"valueName":"search_term_string"}}],"inLanguage":"es"},{"@type":"Organization","@id":"https:\/\/www.sonoraenequipo.com.mx\/#organization","name":"Sonoraenequipo.com.mx","url":"https:\/\/www.sonoraenequipo.com.mx\/","logo":{"@type":"ImageObject","inLanguage":"es","@id":"https:\/\/www.sonoraenequipo.com.mx\/#\/schema\/logo\/image\/","url":"https:\/\/www.sonoraenequipo.com.mx\/storage\/2019\/01\/sonoraenequipo_opt.png","contentUrl":"https:\/\/www.sonoraenequipo.com.mx\/storage\/2019\/01\/sonoraenequipo_opt.png","width":375,"height":125,"caption":"Sonoraenequipo.com.mx"},"image":{"@id":"https:\/\/www.sonoraenequipo.com.mx\/#\/schema\/logo\/image\/"},"sameAs":["https:\/\/www.facebook.com\/SonoraEE\/","https:\/\/x.com\/sonoraenequipo","https:\/\/www.youtube.com\/channel\/UC338nW-lPEYmJQs4ZABQ1SQ"]},{"@type":"Person","@id":"https:\/\/www.sonoraenequipo.com.mx\/#\/schema\/person\/50102df0fb23a8fa9e8effad8fa81386","name":"enequipo","image":{"@type":"ImageObject","inLanguage":"es","@id":"https:\/\/www.sonoraenequipo.com.mx\/#\/schema\/person\/image\/","url":"https:\/\/secure.gravatar.com\/avatar\/049821681b589dabc0bc20695993ccebb09f5b5d4d790cd9251b97faac7c652b?s=96&d=blank&r=g","contentUrl":"https:\/\/secure.gravatar.com\/avatar\/049821681b589dabc0bc20695993ccebb09f5b5d4d790cd9251b97faac7c652b?s=96&d=blank&r=g","caption":"enequipo"},"sameAs":["https:\/\/www.facebook.com\/SonoraEE"]}]}},"jetpack_featured_media_url":"https:\/\/www.sonoraenequipo.com.mx\/storage\/2022\/08\/jaime-bonillas.jpg","_links":{"self":[{"href":"https:\/\/www.sonoraenequipo.com.mx\/api\/wp\/v2\/posts\/144729","targetHints":{"allow":["GET"]}}],"collection":[{"href":"https:\/\/www.sonoraenequipo.com.mx\/api\/wp\/v2\/posts"}],"about":[{"href":"https:\/\/www.sonoraenequipo.com.mx\/api\/wp\/v2\/types\/post"}],"author":[{"embeddable":true,"href":"https:\/\/www.sonoraenequipo.com.mx\/api\/wp\/v2\/users\/1"}],"replies":[{"embeddable":true,"href":"https:\/\/www.sonoraenequipo.com.mx\/api\/wp\/v2\/comments?post=144729"}],"version-history":[{"count":1,"href":"https:\/\/www.sonoraenequipo.com.mx\/api\/wp\/v2\/posts\/144729\/revisions"}],"predecessor-version":[{"id":144731,"href":"https:\/\/www.sonoraenequipo.com.mx\/api\/wp\/v2\/posts\/144729\/revisions\/144731"}],"wp:featuredmedia":[{"embeddable":true,"href":"https:\/\/www.sonoraenequipo.com.mx\/api\/wp\/v2\/media\/144730"}],"wp:attachment":[{"href":"https:\/\/www.sonoraenequipo.com.mx\/api\/wp\/v2\/media?parent=144729"}],"wp:term":[{"taxonomy":"category","embeddable":true,"href":"https:\/\/www.sonoraenequipo.com.mx\/api\/wp\/v2\/categories?post=144729"},{"taxonomy":"post_tag","embeddable":true,"href":"https:\/\/www.sonoraenequipo.com.mx\/api\/wp\/v2\/tags?post=144729"}],"curies":[{"name":"wp","href":"https:\/\/api.w.org\/{rel}","templated":true}]}}