{"id":144925,"date":"2022-08-13T11:24:37","date_gmt":"2022-08-13T18:24:37","guid":{"rendered":"https:\/\/www.sonoraenequipo.com.mx\/?p=144925"},"modified":"2022-08-13T19:38:08","modified_gmt":"2022-08-14T02:38:08","slug":"tijuana-va-a-permanecer-en-activo-cuidando-a-los-ciudadanos-asegura-alcaldesa-monserrat-caballero","status":"publish","type":"post","link":"https:\/\/www.sonoraenequipo.com.mx\/tijuana-va-a-permanecer-en-activo-cuidando-a-los-ciudadanos-asegura-alcaldesa-monserrat-caballero\/","title":{"rendered":"\u00abTijuana  va a permanecer en activo cuidando a los ciudadanos\u00bb, asegura Alcaldesa Monserrat Caballero."},"content":{"rendered":"<p><strong>TIJUANA, BAJA CALIFORNIA. MX. \u2014<\/strong> Tras los ataques y la quema de transporte p\u00fablico en Baja California, Montserrat Caballero, alcaldesa de Tijuana por Morena, pidi\u00f3 al crimen organizado <strong>\u201ccobrar facturas\u201d<\/strong> a quienes no le pagaron y no actuar en contra de la poblaci\u00f3n civil.<\/p>\n<p>&nbsp;<\/p>\n<p> <\/p>\n<p>&nbsp;<\/p>\n<p><strong><em>\u201cNo vamos a permitir que un solo ciudadano tijuanense pague las consecuencias de quienes no pagaron sus facturas\u201d<\/em><\/strong>, dijo Caballero en un mensaje publicado en la p\u00e1gina de Facebook del Ayuntamiento de Tijuana.<\/p>\n<p>&nbsp;<\/p>\n<p>Durante la noche del viernes (10.08.2022), se reportaron varios incendios a veh\u00edculos de transporte y bloqueos en vialidades de Tijuana, Mexicali, Tecate y Ensenada.<\/p>\n<blockquote class=\"twitter-tweet\" data-width=\"550\" data-dnt=\"true\">\n<p lang=\"es\" dir=\"ltr\">\ud83d\udd34\u26a1\ufe0fTras la ola de violencia \ud83d\udd25\ud83d\ude8c que se vivi\u00f3 ayer en Baja California, la alcaldesa de Tijuana,  Monserrat Caballero, le pide al narco que cobre las facturas a quienes no les pagaron y no atente en contra de los ciudadanos. <br \/>\u00bfA qu\u00e9 se refiere la edil morenista? \ud83e\udd14 <a href=\"https:\/\/t.co\/u94Dy9sJoW\">pic.twitter.com\/u94Dy9sJoW<\/a><\/p>\n<p>&mdash; C\u00e9sar Cepeda (@cesarmty) <a href=\"https:\/\/twitter.com\/cesarmty\/status\/1558462433286660097?ref_src=twsrc%5Etfw\">August 13, 2022<\/a><\/p><\/blockquote>\n<p><script async src=\"https:\/\/platform.twitter.com\/widgets.js\" charset=\"utf-8\"><\/script><\/p>\n<p>&nbsp;<\/p>\n<p>Al respecto, la alcaldesa atribuy\u00f3 los ataques al crimen organizado, a quienes en su mensaje en Facebook advirti\u00f3 que <em>\u201c<strong>Tijuana se va a permanecer en activo cuidando a los ciudadanos\u201c.<\/strong><\/em><\/p>\n<p>&nbsp;<\/p>\n<p><em><strong>\u201cLes pedimos que cobren las facturas a quienes no les pagaron lo que les deben, no a las familias, no a los ciudadanos que trabajan, porque tambi\u00e9n nosotros estamos vigilantes de ello\u201d,<\/strong> <\/em>insisti\u00f3.<\/p>\n<p>&nbsp;<\/p>\n<p>Caballero agreg\u00f3 que 3 mil elementos de la Guardia Nacional y 2 mil polic\u00edas municipales est\u00e1n listos para salir a las calles en caso de que sea necesario para mantener la seguridad en la ciudad fronteriza.<\/p>\n<p>&nbsp;<\/p>\n<p>Tras los hechos de violencia, la gobernadora de de Baja California, Marina del Pilar, conden\u00f3 los hechos e inform\u00f3 que ya hay detenidos.<\/p>\n<p>&nbsp;<\/p>\n<p>&nbsp;<\/p>\n<p>En redes sociales, usuarios reprobaron la postura de la alcaldesa Montserrat Caballero y cuestionaron el que est\u00e9 \u201c<strong>legitimando p\u00fablicamente\u201d<\/strong> el uso de la coerci\u00f3n por parte del crimen organizado.<\/p>\n<p>&nbsp;<\/p>\n<p>La Gobernadora de Baja California por su parte env\u00edo un mensaje a trav\u00e9s de las redes sociales Twitter , facebook y You tube.<\/p>\n<p>&nbsp;<\/p>\n<p><iframe loading=\"lazy\" title=\"\ud83d\udd34 Mensaje a las y los bajacalifornianos.\" width=\"640\" height=\"360\" src=\"https:\/\/www.youtube.com\/embed\/CTqNtYkY0rk?feature=oembed\" frameborder=\"0\" allow=\"accelerometer; autoplay; clipboard-write; encrypted-media; gyroscope; picture-in-picture; web-share\" referrerpolicy=\"strict-origin-when-cross-origin\" allowfullscreen><\/iframe><\/p>\n<p>Publicada 13\/08\/2022 \/Con informaci\u00f3n de EE)<\/p>\n","protected":false},"excerpt":{"rendered":"<p>TIJUANA, BAJA CALIFORNIA. MX. \u2014 Tras los ataques y la quema de transporte p\u00fablico en&#8230;<\/p>\n","protected":false},"author":1,"featured_media":144915,"comment_status":"open","ping_status":"open","sticky":false,"template":"","format":"standard","meta":{"_monsterinsights_skip_tracking":false,"_monsterinsights_sitenote_active":false,"_monsterinsights_sitenote_note":"","_monsterinsights_sitenote_category":0,"footnotes":""},"categories":[5],"tags":[],"class_list":["post"],"yoast_head":" \n<title>Sonora en Equipo. &quot;Tijuana va a permanecer en activo cuidando a los ciudadanos&quot;, asegura Alcaldesa Monserrat Caballero. Rep\u00fablica<\/title>\n<meta name=\"description\" content=\"TIJUANA, BAJA CALIFORNIA. MX. \u2014 Tras los ataques y la quema de transporte p\u00fablico en Baja California, Montserrat Caballero, alcaldesa de Tijuana por En Sonora en Equipo publicamos toda la informaci\u00f3n de Sonora, M\u00e9xico y el Mundo de manera oportuna y busca que la libertad de expresi\u00f3n sea real. Visita nuestro medio informativo publicado desde Hermosillo, Sonora. %\" \/>\n<meta name=\"robots\" content=\"index, follow, max-snippet:-1, max-image-preview:large, max-video-preview:-1\" \/>\n<link rel=\"canonical\" href=\"https:\/\/www.sonoraenequipo.com.mx\/tijuana-va-a-permanecer-en-activo-cuidando-a-los-ciudadanos-asegura-alcaldesa-monserrat-caballero\/\" \/>\n<meta property=\"og:locale\" content=\"es_ES\" \/>\n<meta property=\"og:type\" content=\"article\" \/>\n<meta property=\"og:title\" content=\"Sonora en Equipo. &quot;Tijuana va a permanecer en activo cuidando a los ciudadanos&quot;, asegura Alcaldesa Monserrat Caballero. Rep\u00fablica\" \/>\n<meta property=\"og:description\" content=\"TIJUANA, BAJA CALIFORNIA. MX. \u2014 Tras los ataques y la quema de transporte p\u00fablico en Baja California, Montserrat Caballero, alcaldesa de Tijuana por En Sonora en Equipo publicamos toda la informaci\u00f3n de Sonora, M\u00e9xico y el Mundo de manera oportuna y busca que la libertad de expresi\u00f3n sea real. Visita nuestro medio informativo publicado desde Hermosillo, Sonora. %\" \/>\n<meta property=\"og:url\" content=\"https:\/\/www.sonoraenequipo.com.mx\/tijuana-va-a-permanecer-en-activo-cuidando-a-los-ciudadanos-asegura-alcaldesa-monserrat-caballero\/\" \/>\n<meta property=\"og:site_name\" content=\"Sonora en Equipo.\" \/>\n<meta property=\"article:publisher\" content=\"https:\/\/www.facebook.com\/SonoraEE\/\" \/>\n<meta property=\"article:author\" content=\"https:\/\/www.facebook.com\/SonoraEE\" \/>\n<meta property=\"article:published_time\" content=\"2022-08-13T18:24:37+00:00\" \/>\n<meta property=\"article:modified_time\" content=\"2022-08-14T02:38:08+00:00\" \/>\n<meta property=\"og:image\" content=\"https:\/\/www.sonoraenequipo.com.mx\/storage\/2022\/08\/Alcaldesa-de-Tijuana-BC.jpg\" \/>\n\t<meta property=\"og:image:width\" content=\"768\" \/>\n\t<meta property=\"og:image:height\" content=\"439\" \/>\n\t<meta property=\"og:image:type\" content=\"image\/jpeg\" \/>\n<meta name=\"author\" content=\"enequipo\" \/>\n<meta name=\"twitter:card\" content=\"summary_large_image\" \/>\n<meta name=\"twitter:creator\" content=\"@sonoraenequipo\" \/>\n<meta name=\"twitter:site\" content=\"@sonoraenequipo\" \/>\n<meta name=\"twitter:label1\" content=\"Escrito por\" \/>\n\t<meta name=\"twitter:data1\" content=\"enequipo\" \/>\n\t<meta name=\"twitter:label2\" content=\"Tiempo de lectura\" \/>\n\t<meta name=\"twitter:data2\" content=\"2 minutos\" \/>\n<script type=\"application\/ld+json\" class=\"yoast-schema-graph\">{\"@context\":\"https:\/\/schema.org\",\"@graph\":[{\"@type\":\"Article\",\"@id\":\"https:\/\/www.sonoraenequipo.com.mx\/tijuana-va-a-permanecer-en-activo-cuidando-a-los-ciudadanos-asegura-alcaldesa-monserrat-caballero\/#article\",\"isPartOf\":{\"@id\":\"https:\/\/www.sonoraenequipo.com.mx\/tijuana-va-a-permanecer-en-activo-cuidando-a-los-ciudadanos-asegura-alcaldesa-monserrat-caballero\/\"},\"author\":{\"name\":\"enequipo\",\"@id\":\"https:\/\/www.sonoraenequipo.com.mx\/#\/schema\/person\/50102df0fb23a8fa9e8effad8fa81386\"},\"headline\":\"\u00abTijuana va a permanecer en activo cuidando a los ciudadanos\u00bb, asegura Alcaldesa Monserrat Caballero.\",\"datePublished\":\"2022-08-13T18:24:37+00:00\",\"dateModified\":\"2022-08-14T02:38:08+00:00\",\"mainEntityOfPage\":{\"@id\":\"https:\/\/www.sonoraenequipo.com.mx\/tijuana-va-a-permanecer-en-activo-cuidando-a-los-ciudadanos-asegura-alcaldesa-monserrat-caballero\/\"},\"wordCount\":329,\"commentCount\":0,\"publisher\":{\"@id\":\"https:\/\/www.sonoraenequipo.com.mx\/#organization\"},\"image\":{\"@id\":\"https:\/\/www.sonoraenequipo.com.mx\/tijuana-va-a-permanecer-en-activo-cuidando-a-los-ciudadanos-asegura-alcaldesa-monserrat-caballero\/#primaryimage\"},\"thumbnailUrl\":\"https:\/\/www.sonoraenequipo.com.mx\/storage\/2022\/08\/Alcaldesa-de-Tijuana-BC.jpg\",\"articleSection\":[\"Rep\u00fablica\"],\"inLanguage\":\"es\",\"potentialAction\":[{\"@type\":\"CommentAction\",\"name\":\"Comment\",\"target\":[\"https:\/\/www.sonoraenequipo.com.mx\/tijuana-va-a-permanecer-en-activo-cuidando-a-los-ciudadanos-asegura-alcaldesa-monserrat-caballero\/#respond\"]}]},{\"@type\":\"WebPage\",\"@id\":\"https:\/\/www.sonoraenequipo.com.mx\/tijuana-va-a-permanecer-en-activo-cuidando-a-los-ciudadanos-asegura-alcaldesa-monserrat-caballero\/\",\"url\":\"https:\/\/www.sonoraenequipo.com.mx\/tijuana-va-a-permanecer-en-activo-cuidando-a-los-ciudadanos-asegura-alcaldesa-monserrat-caballero\/\",\"name\":\"Sonora en Equipo. \\\"Tijuana va a permanecer en activo cuidando a los ciudadanos\\\", asegura Alcaldesa Monserrat Caballero. Rep\u00fablica\",\"isPartOf\":{\"@id\":\"https:\/\/www.sonoraenequipo.com.mx\/#website\"},\"primaryImageOfPage\":{\"@id\":\"https:\/\/www.sonoraenequipo.com.mx\/tijuana-va-a-permanecer-en-activo-cuidando-a-los-ciudadanos-asegura-alcaldesa-monserrat-caballero\/#primaryimage\"},\"image\":{\"@id\":\"https:\/\/www.sonoraenequipo.com.mx\/tijuana-va-a-permanecer-en-activo-cuidando-a-los-ciudadanos-asegura-alcaldesa-monserrat-caballero\/#primaryimage\"},\"thumbnailUrl\":\"https:\/\/www.sonoraenequipo.com.mx\/storage\/2022\/08\/Alcaldesa-de-Tijuana-BC.jpg\",\"datePublished\":\"2022-08-13T18:24:37+00:00\",\"dateModified\":\"2022-08-14T02:38:08+00:00\",\"description\":\"TIJUANA, BAJA CALIFORNIA. MX. \u2014 Tras los ataques y la quema de transporte p\u00fablico en Baja California, Montserrat Caballero, alcaldesa de Tijuana por En Sonora en Equipo publicamos toda la informaci\u00f3n de Sonora, M\u00e9xico y el Mundo de manera oportuna y busca que la libertad de expresi\u00f3n sea real. Visita nuestro medio informativo publicado desde Hermosillo, Sonora. %\",\"breadcrumb\":{\"@id\":\"https:\/\/www.sonoraenequipo.com.mx\/tijuana-va-a-permanecer-en-activo-cuidando-a-los-ciudadanos-asegura-alcaldesa-monserrat-caballero\/#breadcrumb\"},\"inLanguage\":\"es\",\"potentialAction\":[{\"@type\":\"ReadAction\",\"target\":[\"https:\/\/www.sonoraenequipo.com.mx\/tijuana-va-a-permanecer-en-activo-cuidando-a-los-ciudadanos-asegura-alcaldesa-monserrat-caballero\/\"]}]},{\"@type\":\"ImageObject\",\"inLanguage\":\"es\",\"@id\":\"https:\/\/www.sonoraenequipo.com.mx\/tijuana-va-a-permanecer-en-activo-cuidando-a-los-ciudadanos-asegura-alcaldesa-monserrat-caballero\/#primaryimage\",\"url\":\"https:\/\/www.sonoraenequipo.com.mx\/storage\/2022\/08\/Alcaldesa-de-Tijuana-BC.jpg\",\"contentUrl\":\"https:\/\/www.sonoraenequipo.com.mx\/storage\/2022\/08\/Alcaldesa-de-Tijuana-BC.jpg\",\"width\":768,\"height\":439},{\"@type\":\"BreadcrumbList\",\"@id\":\"https:\/\/www.sonoraenequipo.com.mx\/tijuana-va-a-permanecer-en-activo-cuidando-a-los-ciudadanos-asegura-alcaldesa-monserrat-caballero\/#breadcrumb\",\"itemListElement\":[{\"@type\":\"ListItem\",\"position\":1,\"name\":\"Portada\",\"item\":\"https:\/\/www.sonoraenequipo.com.mx\/\"},{\"@type\":\"ListItem\",\"position\":2,\"name\":\"\u00abTijuana va a permanecer en activo cuidando a los ciudadanos\u00bb, asegura Alcaldesa Monserrat Caballero.\"}]},{\"@type\":\"WebSite\",\"@id\":\"https:\/\/www.sonoraenequipo.com.mx\/#website\",\"url\":\"https:\/\/www.sonoraenequipo.com.mx\/\",\"name\":\"Sonora en Equipo.\",\"description\":\"Diario en l\u00ednea con Noticias desde Hermosillo, Sonora\",\"publisher\":{\"@id\":\"https:\/\/www.sonoraenequipo.com.mx\/#organization\"},\"potentialAction\":[{\"@type\":\"SearchAction\",\"target\":{\"@type\":\"EntryPoint\",\"urlTemplate\":\"https:\/\/www.sonoraenequipo.com.mx\/?s={search_term_string}\"},\"query-input\":{\"@type\":\"PropertyValueSpecification\",\"valueRequired\":true,\"valueName\":\"search_term_string\"}}],\"inLanguage\":\"es\"},{\"@type\":\"Organization\",\"@id\":\"https:\/\/www.sonoraenequipo.com.mx\/#organization\",\"name\":\"Sonoraenequipo.com.mx\",\"url\":\"https:\/\/www.sonoraenequipo.com.mx\/\",\"logo\":{\"@type\":\"ImageObject\",\"inLanguage\":\"es\",\"@id\":\"https:\/\/www.sonoraenequipo.com.mx\/#\/schema\/logo\/image\/\",\"url\":\"https:\/\/www.sonoraenequipo.com.mx\/storage\/2019\/01\/sonoraenequipo_opt.png\",\"contentUrl\":\"https:\/\/www.sonoraenequipo.com.mx\/storage\/2019\/01\/sonoraenequipo_opt.png\",\"width\":375,\"height\":125,\"caption\":\"Sonoraenequipo.com.mx\"},\"image\":{\"@id\":\"https:\/\/www.sonoraenequipo.com.mx\/#\/schema\/logo\/image\/\"},\"sameAs\":[\"https:\/\/www.facebook.com\/SonoraEE\/\",\"https:\/\/x.com\/sonoraenequipo\",\"https:\/\/www.youtube.com\/channel\/UC338nW-lPEYmJQs4ZABQ1SQ\"]},{\"@type\":\"Person\",\"@id\":\"https:\/\/www.sonoraenequipo.com.mx\/#\/schema\/person\/50102df0fb23a8fa9e8effad8fa81386\",\"name\":\"enequipo\",\"image\":{\"@type\":\"ImageObject\",\"inLanguage\":\"es\",\"@id\":\"https:\/\/www.sonoraenequipo.com.mx\/#\/schema\/person\/image\/\",\"url\":\"https:\/\/secure.gravatar.com\/avatar\/049821681b589dabc0bc20695993ccebb09f5b5d4d790cd9251b97faac7c652b?s=96&d=blank&r=g\",\"contentUrl\":\"https:\/\/secure.gravatar.com\/avatar\/049821681b589dabc0bc20695993ccebb09f5b5d4d790cd9251b97faac7c652b?s=96&d=blank&r=g\",\"caption\":\"enequipo\"},\"sameAs\":[\"https:\/\/www.facebook.com\/SonoraEE\"]}]}<\/script>\n ","yoast_head_json":{"title":"Sonora en Equipo. \"Tijuana va a permanecer en activo cuidando a los ciudadanos\", asegura Alcaldesa Monserrat Caballero. Rep\u00fablica","description":"TIJUANA, BAJA CALIFORNIA. MX. \u2014 Tras los ataques y la quema de transporte p\u00fablico en Baja California, Montserrat Caballero, alcaldesa de Tijuana por En Sonora en Equipo publicamos toda la informaci\u00f3n de Sonora, M\u00e9xico y el Mundo de manera oportuna y busca que la libertad de expresi\u00f3n sea real. Visita nuestro medio informativo publicado desde Hermosillo, Sonora. %","robots":{"index":"index","follow":"follow","max-snippet":"max-snippet:-1","max-image-preview":"max-image-preview:large","max-video-preview":"max-video-preview:-1"},"canonical":"https:\/\/www.sonoraenequipo.com.mx\/tijuana-va-a-permanecer-en-activo-cuidando-a-los-ciudadanos-asegura-alcaldesa-monserrat-caballero\/","og_locale":"es_ES","og_type":"article","og_title":"Sonora en Equipo. \"Tijuana va a permanecer en activo cuidando a los ciudadanos\", asegura Alcaldesa Monserrat Caballero. Rep\u00fablica","og_description":"TIJUANA, BAJA CALIFORNIA. MX. \u2014 Tras los ataques y la quema de transporte p\u00fablico en Baja California, Montserrat Caballero, alcaldesa de Tijuana por En Sonora en Equipo publicamos toda la informaci\u00f3n de Sonora, M\u00e9xico y el Mundo de manera oportuna y busca que la libertad de expresi\u00f3n sea real. Visita nuestro medio informativo publicado desde Hermosillo, Sonora. %","og_url":"https:\/\/www.sonoraenequipo.com.mx\/tijuana-va-a-permanecer-en-activo-cuidando-a-los-ciudadanos-asegura-alcaldesa-monserrat-caballero\/","og_site_name":"Sonora en Equipo.","article_publisher":"https:\/\/www.facebook.com\/SonoraEE\/","article_author":"https:\/\/www.facebook.com\/SonoraEE","article_published_time":"2022-08-13T18:24:37+00:00","article_modified_time":"2022-08-14T02:38:08+00:00","og_image":[{"width":768,"height":439,"url":"https:\/\/www.sonoraenequipo.com.mx\/storage\/2022\/08\/Alcaldesa-de-Tijuana-BC.jpg","type":"image\/jpeg"}],"author":"enequipo","twitter_card":"summary_large_image","twitter_creator":"@sonoraenequipo","twitter_site":"@sonoraenequipo","twitter_misc":{"Escrito por":"enequipo","Tiempo de lectura":"2 minutos"},"schema":{"@context":"https:\/\/schema.org","@graph":[{"@type":"Article","@id":"https:\/\/www.sonoraenequipo.com.mx\/tijuana-va-a-permanecer-en-activo-cuidando-a-los-ciudadanos-asegura-alcaldesa-monserrat-caballero\/#article","isPartOf":{"@id":"https:\/\/www.sonoraenequipo.com.mx\/tijuana-va-a-permanecer-en-activo-cuidando-a-los-ciudadanos-asegura-alcaldesa-monserrat-caballero\/"},"author":{"name":"enequipo","@id":"https:\/\/www.sonoraenequipo.com.mx\/#\/schema\/person\/50102df0fb23a8fa9e8effad8fa81386"},"headline":"\u00abTijuana va a permanecer en activo cuidando a los ciudadanos\u00bb, asegura Alcaldesa Monserrat Caballero.","datePublished":"2022-08-13T18:24:37+00:00","dateModified":"2022-08-14T02:38:08+00:00","mainEntityOfPage":{"@id":"https:\/\/www.sonoraenequipo.com.mx\/tijuana-va-a-permanecer-en-activo-cuidando-a-los-ciudadanos-asegura-alcaldesa-monserrat-caballero\/"},"wordCount":329,"commentCount":0,"publisher":{"@id":"https:\/\/www.sonoraenequipo.com.mx\/#organization"},"image":{"@id":"https:\/\/www.sonoraenequipo.com.mx\/tijuana-va-a-permanecer-en-activo-cuidando-a-los-ciudadanos-asegura-alcaldesa-monserrat-caballero\/#primaryimage"},"thumbnailUrl":"https:\/\/www.sonoraenequipo.com.mx\/storage\/2022\/08\/Alcaldesa-de-Tijuana-BC.jpg","articleSection":["Rep\u00fablica"],"inLanguage":"es","potentialAction":[{"@type":"CommentAction","name":"Comment","target":["https:\/\/www.sonoraenequipo.com.mx\/tijuana-va-a-permanecer-en-activo-cuidando-a-los-ciudadanos-asegura-alcaldesa-monserrat-caballero\/#respond"]}]},{"@type":"WebPage","@id":"https:\/\/www.sonoraenequipo.com.mx\/tijuana-va-a-permanecer-en-activo-cuidando-a-los-ciudadanos-asegura-alcaldesa-monserrat-caballero\/","url":"https:\/\/www.sonoraenequipo.com.mx\/tijuana-va-a-permanecer-en-activo-cuidando-a-los-ciudadanos-asegura-alcaldesa-monserrat-caballero\/","name":"Sonora en Equipo. \"Tijuana va a permanecer en activo cuidando a los ciudadanos\", asegura Alcaldesa Monserrat Caballero. Rep\u00fablica","isPartOf":{"@id":"https:\/\/www.sonoraenequipo.com.mx\/#website"},"primaryImageOfPage":{"@id":"https:\/\/www.sonoraenequipo.com.mx\/tijuana-va-a-permanecer-en-activo-cuidando-a-los-ciudadanos-asegura-alcaldesa-monserrat-caballero\/#primaryimage"},"image":{"@id":"https:\/\/www.sonoraenequipo.com.mx\/tijuana-va-a-permanecer-en-activo-cuidando-a-los-ciudadanos-asegura-alcaldesa-monserrat-caballero\/#primaryimage"},"thumbnailUrl":"https:\/\/www.sonoraenequipo.com.mx\/storage\/2022\/08\/Alcaldesa-de-Tijuana-BC.jpg","datePublished":"2022-08-13T18:24:37+00:00","dateModified":"2022-08-14T02:38:08+00:00","description":"TIJUANA, BAJA CALIFORNIA. MX. \u2014 Tras los ataques y la quema de transporte p\u00fablico en Baja California, Montserrat Caballero, alcaldesa de Tijuana por En Sonora en Equipo publicamos toda la informaci\u00f3n de Sonora, M\u00e9xico y el Mundo de manera oportuna y busca que la libertad de expresi\u00f3n sea real. Visita nuestro medio informativo publicado desde Hermosillo, Sonora. %","breadcrumb":{"@id":"https:\/\/www.sonoraenequipo.com.mx\/tijuana-va-a-permanecer-en-activo-cuidando-a-los-ciudadanos-asegura-alcaldesa-monserrat-caballero\/#breadcrumb"},"inLanguage":"es","potentialAction":[{"@type":"ReadAction","target":["https:\/\/www.sonoraenequipo.com.mx\/tijuana-va-a-permanecer-en-activo-cuidando-a-los-ciudadanos-asegura-alcaldesa-monserrat-caballero\/"]}]},{"@type":"ImageObject","inLanguage":"es","@id":"https:\/\/www.sonoraenequipo.com.mx\/tijuana-va-a-permanecer-en-activo-cuidando-a-los-ciudadanos-asegura-alcaldesa-monserrat-caballero\/#primaryimage","url":"https:\/\/www.sonoraenequipo.com.mx\/storage\/2022\/08\/Alcaldesa-de-Tijuana-BC.jpg","contentUrl":"https:\/\/www.sonoraenequipo.com.mx\/storage\/2022\/08\/Alcaldesa-de-Tijuana-BC.jpg","width":768,"height":439},{"@type":"BreadcrumbList","@id":"https:\/\/www.sonoraenequipo.com.mx\/tijuana-va-a-permanecer-en-activo-cuidando-a-los-ciudadanos-asegura-alcaldesa-monserrat-caballero\/#breadcrumb","itemListElement":[{"@type":"ListItem","position":1,"name":"Portada","item":"https:\/\/www.sonoraenequipo.com.mx\/"},{"@type":"ListItem","position":2,"name":"\u00abTijuana va a permanecer en activo cuidando a los ciudadanos\u00bb, asegura Alcaldesa Monserrat Caballero."}]},{"@type":"WebSite","@id":"https:\/\/www.sonoraenequipo.com.mx\/#website","url":"https:\/\/www.sonoraenequipo.com.mx\/","name":"Sonora en Equipo.","description":"Diario en l\u00ednea con Noticias desde Hermosillo, Sonora","publisher":{"@id":"https:\/\/www.sonoraenequipo.com.mx\/#organization"},"potentialAction":[{"@type":"SearchAction","target":{"@type":"EntryPoint","urlTemplate":"https:\/\/www.sonoraenequipo.com.mx\/?s={search_term_string}"},"query-input":{"@type":"PropertyValueSpecification","valueRequired":true,"valueName":"search_term_string"}}],"inLanguage":"es"},{"@type":"Organization","@id":"https:\/\/www.sonoraenequipo.com.mx\/#organization","name":"Sonoraenequipo.com.mx","url":"https:\/\/www.sonoraenequipo.com.mx\/","logo":{"@type":"ImageObject","inLanguage":"es","@id":"https:\/\/www.sonoraenequipo.com.mx\/#\/schema\/logo\/image\/","url":"https:\/\/www.sonoraenequipo.com.mx\/storage\/2019\/01\/sonoraenequipo_opt.png","contentUrl":"https:\/\/www.sonoraenequipo.com.mx\/storage\/2019\/01\/sonoraenequipo_opt.png","width":375,"height":125,"caption":"Sonoraenequipo.com.mx"},"image":{"@id":"https:\/\/www.sonoraenequipo.com.mx\/#\/schema\/logo\/image\/"},"sameAs":["https:\/\/www.facebook.com\/SonoraEE\/","https:\/\/x.com\/sonoraenequipo","https:\/\/www.youtube.com\/channel\/UC338nW-lPEYmJQs4ZABQ1SQ"]},{"@type":"Person","@id":"https:\/\/www.sonoraenequipo.com.mx\/#\/schema\/person\/50102df0fb23a8fa9e8effad8fa81386","name":"enequipo","image":{"@type":"ImageObject","inLanguage":"es","@id":"https:\/\/www.sonoraenequipo.com.mx\/#\/schema\/person\/image\/","url":"https:\/\/secure.gravatar.com\/avatar\/049821681b589dabc0bc20695993ccebb09f5b5d4d790cd9251b97faac7c652b?s=96&d=blank&r=g","contentUrl":"https:\/\/secure.gravatar.com\/avatar\/049821681b589dabc0bc20695993ccebb09f5b5d4d790cd9251b97faac7c652b?s=96&d=blank&r=g","caption":"enequipo"},"sameAs":["https:\/\/www.facebook.com\/SonoraEE"]}]}},"jetpack_featured_media_url":"https:\/\/www.sonoraenequipo.com.mx\/storage\/2022\/08\/Alcaldesa-de-Tijuana-BC.jpg","_links":{"self":[{"href":"https:\/\/www.sonoraenequipo.com.mx\/api\/wp\/v2\/posts\/144925","targetHints":{"allow":["GET"]}}],"collection":[{"href":"https:\/\/www.sonoraenequipo.com.mx\/api\/wp\/v2\/posts"}],"about":[{"href":"https:\/\/www.sonoraenequipo.com.mx\/api\/wp\/v2\/types\/post"}],"author":[{"embeddable":true,"href":"https:\/\/www.sonoraenequipo.com.mx\/api\/wp\/v2\/users\/1"}],"replies":[{"embeddable":true,"href":"https:\/\/www.sonoraenequipo.com.mx\/api\/wp\/v2\/comments?post=144925"}],"version-history":[{"count":3,"href":"https:\/\/www.sonoraenequipo.com.mx\/api\/wp\/v2\/posts\/144925\/revisions"}],"predecessor-version":[{"id":144928,"href":"https:\/\/www.sonoraenequipo.com.mx\/api\/wp\/v2\/posts\/144925\/revisions\/144928"}],"wp:featuredmedia":[{"embeddable":true,"href":"https:\/\/www.sonoraenequipo.com.mx\/api\/wp\/v2\/media\/144915"}],"wp:attachment":[{"href":"https:\/\/www.sonoraenequipo.com.mx\/api\/wp\/v2\/media?parent=144925"}],"wp:term":[{"taxonomy":"category","embeddable":true,"href":"https:\/\/www.sonoraenequipo.com.mx\/api\/wp\/v2\/categories?post=144925"},{"taxonomy":"post_tag","embeddable":true,"href":"https:\/\/www.sonoraenequipo.com.mx\/api\/wp\/v2\/tags?post=144925"}],"curies":[{"name":"wp","href":"https:\/\/api.w.org\/{rel}","templated":true}]}}