{"id":144929,"date":"2022-08-13T12:14:57","date_gmt":"2022-08-13T19:14:57","guid":{"rendered":"https:\/\/www.sonoraenequipo.com.mx\/?p=144929"},"modified":"2022-08-13T19:57:33","modified_gmt":"2022-08-14T02:57:33","slug":"cjng-fue-el-autor-de-los-actos-de-violencia-en-baja-california-revelan-autoridades","status":"publish","type":"post","link":"https:\/\/www.sonoraenequipo.com.mx\/cjng-fue-el-autor-de-los-actos-de-violencia-en-baja-california-revelan-autoridades\/","title":{"rendered":"CJNG fue el autor de los actos de violencia en Baja California, revelan autoridades"},"content":{"rendered":"<p><strong>TIJUANA, BAJA CALIFORNIA. MX. \u2014<\/strong> Integrantes del C\u00e1rtel de Jalisco Nueva Generaci\u00f3n son los autores de los actos de violencia ocurridos ayer en el estado, donde 24 veh\u00edculos se incendiaron y hay 15 detenidos, ocho de ellos pertenecientes a dicha agrupaci\u00f3n, inform\u00f3 la Secretar\u00eda de la Defensa Nacional a las autoridades de la entidad.<\/p>\n<p>&nbsp;<\/p>\n<p> <\/p>\n<p>Durante el encuentro que sostuvieron en el cuartel militar Morelos de esta ciudad los cinco presidentes municipales, dos concejales y la gobernadora del estado, Marina del Pilar \u00c1vila Olmedo, con elementos del Ej\u00e9rcito y la Fiscal\u00eda General del Estado, se les confirm\u00f3 que el CJNG fue quien perpetr\u00f3 los hechos violentos de ayer ocurridos en los cinco municipios. Aunque ninguno se atrevi\u00f3 a calificarlo como <em><strong>\u201cnarcoterrorismo\u201d.<\/strong><\/em><\/p>\n<h3><\/h3>\n<h3>SSPC: 17 detenidos por la violencia en Baja California; identifican a tres integrantes del CJNG<\/h3>\n<p>&nbsp;<\/p>\n<p><em><strong>\u00abCobren las facturas a quienes les deben y no a los ciudadanos\u00bb,<\/strong><\/em> pide alcaldesa de Tijuana a criminales<\/p>\n<p>&nbsp;<\/p>\n<p>La violencia se extiende a BC: Hay ataques simult\u00e1neos en Tijuana, Tecate, Mexicali, Ensenada y Rosarito<\/p>\n<p>&nbsp;<\/p>\n<p>Al salir del encuentro, la presidenta municipal de Tijuana, Montserrat Caballero, dijo que los hechos, seg\u00fan les inform\u00f3 la Sedena, \u201c<strong><em>fueron por la detenci\u00f3n de un ente criminal en otro lugar del pa\u00eds\u2026vamos a proteger Tijuana, estamos listos, la Sedena tambi\u00e9n, el Estado tambi\u00e9n y mantengamos la calma. El problema es serio pero no grave, todav\u00eda no tenemos homicidios ni lesionados\u201d.<\/em><\/strong><\/p>\n<p>&nbsp;<\/p>\n<p>Dijo que tambi\u00e9n el fiscal local, Ricardo Iv\u00e1n Carpio, ratific\u00f3 durante el encuentro que los hechos fueron provocados por miembros del CJNG.<\/p>\n<p>&nbsp;<\/p>\n<p>Armando Ayala, presidente municipal de Ensenada, dio m\u00e1s detalles, incluso dijo que fue una acci\u00f3n sistem\u00e1tica que actu\u00f3 bajo el mismo mando y que de los 15 detenidos, hay 8 que abiertamente aceptaron formar parte del CJNG.<\/p>\n<p>&nbsp;<\/p>\n<p>Tambi\u00e9n dijo que la presencia de dicho c\u00e1rtel es en toda la entidad y coment\u00f3 que los actos: <strong><em>\u201ctienen que ver con el c\u00e1rtel, esa es la informaci\u00f3n que tenemos; es el c\u00e1rtel que esta haciendo presi\u00f3n sobre las autoridades \u00bfy qu\u00e9 dice la federaci\u00f3n? Que van a llegar 200 elementos adicionales; la Fiscal\u00eda General de la Rep\u00fablica est\u00e1 trabajando en las investigaciones, hay ocho detenidos relacionados con el cartel\u201d.<\/em><\/strong><\/p>\n<p>&nbsp;<\/p>\n<p><em><strong>\u2013\u00bfActuaron bajo un mismo mando?<\/strong> <\/em>\u2013Le pregunt\u00f3 la reportera de Punto Norte, portal especializado en seguridad p\u00fablica.<\/p>\n<p>&nbsp;<\/p>\n<p><strong><em>\u201cS\u00ed claro!!! Si hay correlaci\u00f3n, ya hay personas que est\u00e1n en la fiscal\u00eda que son investigadas. A muchos los detiene la polic\u00eda municipal\u2026 Todos est\u00e1n vinculados y esperamos tener m\u00e1s informaci\u00f3n con esos ocho detenidos (que aceptaron pertenecer al CJNG)\u201d.<\/em><\/strong><\/p>\n<p>&nbsp;<\/p>\n<p>Y a\u00f1adi\u00f3:<\/p>\n<p><strong><em>\u201cFue sistem\u00e1tico, es un asunto de nivel nacional, lo hemos visto en otros estados, peor que aqu\u00ed pero no por eso no vamos a tomar acciones. Lo que queremos es que no haya p\u00e1nico y se afecte la econom\u00eda, estamos haciendo acciones para que se restablezca\u201d.<\/em><\/strong><\/p>\n<p>&nbsp;<\/p>\n<p>Armando Ayala, presidente municipal de Ensenada, coment\u00f3 respecto a la presencia de dicho c\u00e1rtel en la entidad: \u201c<em><strong>tiene presencia en todo el estado y ha habido detenciones en toda la Rep\u00fablica Mexicana, y estas son reacciones porque el gobierno federal esta actuando. Es un asunto federal que rebasa la capacidad de los municipios que somos solo preventivos.\u201d<\/strong><\/em><\/p>\n<h3>Entre los 15 detenidos hay mujeres, aunque no se precis\u00f3 cu\u00e1ntas.<\/h3>\n<p>En cuanto a la presencia policiaca, existen 3 mil elementos entre Guardia Nacional y elementos del Ej\u00e9rcito. En Tijuana hay 2 mil polic\u00edas municipal que est\u00e1n coordinados con la federaci\u00f3n y el estado; en Ensenada habr\u00e1 550 elementos m\u00e1s que estaban en entrenamiento y ahora se incorporaran ante los acontecimientos.<\/p>\n<p>&nbsp;<\/p>\n<p>El resultado de los actos terroristas de ayer fueron 15 veh\u00edculos incendiados en Tijuana y seis detenidos; tres veh\u00edculos en Ensenada y tres detenidos; tres veh\u00edculos en Rosarito y dos detenidos; un veh\u00edculo incendiado en Mexicali y tres detenidos, adem\u00e1s de varias armas y bombas molotov, y en Tecate hubo dos autos incendiados pero ning\u00fan detenido.<\/p>\n<p>&nbsp;<\/p>\n<p>En el caso de Ensenada, el presidente municipal adelant\u00f3 que pudo haber sido mayor la acci\u00f3n del CJNG, \u201chasta siete actos en el centro de la ciudad\u201d, pero con los retenes que se pusieron en las entradas y salidas de la ciudad se logr\u00f3 frenar dichas acciones.<\/p>\n<p>&nbsp;<\/p>\n<p>En cuanto a las ciudades, todas se encuentran con poca afluencia peatonal y vehicular; en Tijuana, Ensenada y Rosario, las tres ciudades tur\u00edsticas, sus establecimientos se manten\u00edan cerrados hasta la mitad del d\u00eda. En Tecate y Mexicali hay pocos veh\u00edculos transitando.<\/p>\n<p>&nbsp;<\/p>\n<p>El presidente municipal de Ensenada dijo que la feria de la vendimia, el festival Rosarito Fest y las carreras fuera de carretera, eventos que se realizar\u00e1n este mes, a\u00fan siguen en pie.<\/p>\n<p>&nbsp;<\/p>\n<p>En cuanto a la gobernadora, se limit\u00f3 a emitir un mensaje v\u00eda redes sociales llamando a mantener la calma y a informar que se esta trabajando en coordinaci\u00f3n entre todos los niveles de gobierno.<\/p>\n<p><iframe loading=\"lazy\" title=\"\ud83d\udd34 Mensaje a las y los bajacalifornianos.\" width=\"640\" height=\"360\" src=\"https:\/\/www.youtube.com\/embed\/CTqNtYkY0rk?start=8&#038;feature=oembed\" frameborder=\"0\" allow=\"accelerometer; autoplay; clipboard-write; encrypted-media; gyroscope; picture-in-picture; web-share\" referrerpolicy=\"strict-origin-when-cross-origin\" allowfullscreen><\/iframe><\/p>\n<p>La rueda de prensa de \u201cimpunidad cero\u201d que se realizar\u00eda hoy fue cancelada.<\/p>\n<p>&nbsp;<\/p>\n<p>&nbsp;<\/p>\n<p>Publicada 13\/08\/2022<\/p>\n","protected":false},"excerpt":{"rendered":"<p>TIJUANA, BAJA CALIFORNIA. MX. \u2014 Integrantes del C\u00e1rtel de Jalisco Nueva Generaci\u00f3n son los autores&#8230;<\/p>\n","protected":false},"author":1,"featured_media":144931,"comment_status":"open","ping_status":"open","sticky":false,"template":"","format":"standard","meta":{"_monsterinsights_skip_tracking":false,"_monsterinsights_sitenote_active":false,"_monsterinsights_sitenote_note":"","_monsterinsights_sitenote_category":0,"footnotes":""},"categories":[5],"tags":[],"class_list":["post"],"yoast_head":" \n<title>Sonora en Equipo. CJNG fue el autor de los actos de violencia en Baja California, revelan autoridades Rep\u00fablica<\/title>\n<meta name=\"description\" content=\"TIJUANA, BAJA CALIFORNIA. MX. \u2014 Integrantes del C\u00e1rtel de Jalisco Nueva Generaci\u00f3n son los autores de los actos de violencia ocurridos ayer en el estado, En Sonora en Equipo publicamos toda la informaci\u00f3n de Sonora, M\u00e9xico y el Mundo de manera oportuna y busca que la libertad de expresi\u00f3n sea real. Visita nuestro medio informativo publicado desde Hermosillo, Sonora. %\" \/>\n<meta name=\"robots\" content=\"index, follow, max-snippet:-1, max-image-preview:large, max-video-preview:-1\" \/>\n<link rel=\"canonical\" href=\"https:\/\/www.sonoraenequipo.com.mx\/cjng-fue-el-autor-de-los-actos-de-violencia-en-baja-california-revelan-autoridades\/\" \/>\n<meta property=\"og:locale\" content=\"es_ES\" \/>\n<meta property=\"og:type\" content=\"article\" \/>\n<meta property=\"og:title\" content=\"Sonora en Equipo. CJNG fue el autor de los actos de violencia en Baja California, revelan autoridades Rep\u00fablica\" \/>\n<meta property=\"og:description\" content=\"TIJUANA, BAJA CALIFORNIA. MX. \u2014 Integrantes del C\u00e1rtel de Jalisco Nueva Generaci\u00f3n son los autores de los actos de violencia ocurridos ayer en el estado, En Sonora en Equipo publicamos toda la informaci\u00f3n de Sonora, M\u00e9xico y el Mundo de manera oportuna y busca que la libertad de expresi\u00f3n sea real. Visita nuestro medio informativo publicado desde Hermosillo, Sonora. %\" \/>\n<meta property=\"og:url\" content=\"https:\/\/www.sonoraenequipo.com.mx\/cjng-fue-el-autor-de-los-actos-de-violencia-en-baja-california-revelan-autoridades\/\" \/>\n<meta property=\"og:site_name\" content=\"Sonora en Equipo.\" \/>\n<meta property=\"article:publisher\" content=\"https:\/\/www.facebook.com\/SonoraEE\/\" \/>\n<meta property=\"article:author\" content=\"https:\/\/www.facebook.com\/SonoraEE\" \/>\n<meta property=\"article:published_time\" content=\"2022-08-13T19:14:57+00:00\" \/>\n<meta property=\"article:modified_time\" content=\"2022-08-14T02:57:33+00:00\" \/>\n<meta property=\"og:image\" content=\"https:\/\/www.sonoraenequipo.com.mx\/storage\/2022\/08\/Quema-de-vehiiculos-en-Tijuana.jpg\" \/>\n\t<meta property=\"og:image:width\" content=\"900\" \/>\n\t<meta property=\"og:image:height\" content=\"515\" \/>\n\t<meta property=\"og:image:type\" content=\"image\/jpeg\" \/>\n<meta name=\"author\" content=\"enequipo\" \/>\n<meta name=\"twitter:card\" content=\"summary_large_image\" \/>\n<meta name=\"twitter:creator\" content=\"@sonoraenequipo\" \/>\n<meta name=\"twitter:site\" content=\"@sonoraenequipo\" \/>\n<meta name=\"twitter:label1\" content=\"Escrito por\" \/>\n\t<meta name=\"twitter:data1\" content=\"enequipo\" \/>\n\t<meta name=\"twitter:label2\" content=\"Tiempo de lectura\" \/>\n\t<meta name=\"twitter:data2\" content=\"4 minutos\" \/>\n<script type=\"application\/ld+json\" class=\"yoast-schema-graph\">{\"@context\":\"https:\/\/schema.org\",\"@graph\":[{\"@type\":\"Article\",\"@id\":\"https:\/\/www.sonoraenequipo.com.mx\/cjng-fue-el-autor-de-los-actos-de-violencia-en-baja-california-revelan-autoridades\/#article\",\"isPartOf\":{\"@id\":\"https:\/\/www.sonoraenequipo.com.mx\/cjng-fue-el-autor-de-los-actos-de-violencia-en-baja-california-revelan-autoridades\/\"},\"author\":{\"name\":\"enequipo\",\"@id\":\"https:\/\/www.sonoraenequipo.com.mx\/#\/schema\/person\/50102df0fb23a8fa9e8effad8fa81386\"},\"headline\":\"CJNG fue el autor de los actos de violencia en Baja California, revelan autoridades\",\"datePublished\":\"2022-08-13T19:14:57+00:00\",\"dateModified\":\"2022-08-14T02:57:33+00:00\",\"mainEntityOfPage\":{\"@id\":\"https:\/\/www.sonoraenequipo.com.mx\/cjng-fue-el-autor-de-los-actos-de-violencia-en-baja-california-revelan-autoridades\/\"},\"wordCount\":902,\"commentCount\":0,\"publisher\":{\"@id\":\"https:\/\/www.sonoraenequipo.com.mx\/#organization\"},\"image\":{\"@id\":\"https:\/\/www.sonoraenequipo.com.mx\/cjng-fue-el-autor-de-los-actos-de-violencia-en-baja-california-revelan-autoridades\/#primaryimage\"},\"thumbnailUrl\":\"https:\/\/www.sonoraenequipo.com.mx\/storage\/2022\/08\/Quema-de-vehiiculos-en-Tijuana.jpg\",\"articleSection\":[\"Rep\u00fablica\"],\"inLanguage\":\"es\",\"potentialAction\":[{\"@type\":\"CommentAction\",\"name\":\"Comment\",\"target\":[\"https:\/\/www.sonoraenequipo.com.mx\/cjng-fue-el-autor-de-los-actos-de-violencia-en-baja-california-revelan-autoridades\/#respond\"]}]},{\"@type\":\"WebPage\",\"@id\":\"https:\/\/www.sonoraenequipo.com.mx\/cjng-fue-el-autor-de-los-actos-de-violencia-en-baja-california-revelan-autoridades\/\",\"url\":\"https:\/\/www.sonoraenequipo.com.mx\/cjng-fue-el-autor-de-los-actos-de-violencia-en-baja-california-revelan-autoridades\/\",\"name\":\"Sonora en Equipo. CJNG fue el autor de los actos de violencia en Baja California, revelan autoridades Rep\u00fablica\",\"isPartOf\":{\"@id\":\"https:\/\/www.sonoraenequipo.com.mx\/#website\"},\"primaryImageOfPage\":{\"@id\":\"https:\/\/www.sonoraenequipo.com.mx\/cjng-fue-el-autor-de-los-actos-de-violencia-en-baja-california-revelan-autoridades\/#primaryimage\"},\"image\":{\"@id\":\"https:\/\/www.sonoraenequipo.com.mx\/cjng-fue-el-autor-de-los-actos-de-violencia-en-baja-california-revelan-autoridades\/#primaryimage\"},\"thumbnailUrl\":\"https:\/\/www.sonoraenequipo.com.mx\/storage\/2022\/08\/Quema-de-vehiiculos-en-Tijuana.jpg\",\"datePublished\":\"2022-08-13T19:14:57+00:00\",\"dateModified\":\"2022-08-14T02:57:33+00:00\",\"description\":\"TIJUANA, BAJA CALIFORNIA. MX. \u2014 Integrantes del C\u00e1rtel de Jalisco Nueva Generaci\u00f3n son los autores de los actos de violencia ocurridos ayer en el estado, En Sonora en Equipo publicamos toda la informaci\u00f3n de Sonora, M\u00e9xico y el Mundo de manera oportuna y busca que la libertad de expresi\u00f3n sea real. Visita nuestro medio informativo publicado desde Hermosillo, Sonora. %\",\"breadcrumb\":{\"@id\":\"https:\/\/www.sonoraenequipo.com.mx\/cjng-fue-el-autor-de-los-actos-de-violencia-en-baja-california-revelan-autoridades\/#breadcrumb\"},\"inLanguage\":\"es\",\"potentialAction\":[{\"@type\":\"ReadAction\",\"target\":[\"https:\/\/www.sonoraenequipo.com.mx\/cjng-fue-el-autor-de-los-actos-de-violencia-en-baja-california-revelan-autoridades\/\"]}]},{\"@type\":\"ImageObject\",\"inLanguage\":\"es\",\"@id\":\"https:\/\/www.sonoraenequipo.com.mx\/cjng-fue-el-autor-de-los-actos-de-violencia-en-baja-california-revelan-autoridades\/#primaryimage\",\"url\":\"https:\/\/www.sonoraenequipo.com.mx\/storage\/2022\/08\/Quema-de-vehiiculos-en-Tijuana.jpg\",\"contentUrl\":\"https:\/\/www.sonoraenequipo.com.mx\/storage\/2022\/08\/Quema-de-vehiiculos-en-Tijuana.jpg\",\"width\":900,\"height\":515},{\"@type\":\"BreadcrumbList\",\"@id\":\"https:\/\/www.sonoraenequipo.com.mx\/cjng-fue-el-autor-de-los-actos-de-violencia-en-baja-california-revelan-autoridades\/#breadcrumb\",\"itemListElement\":[{\"@type\":\"ListItem\",\"position\":1,\"name\":\"Portada\",\"item\":\"https:\/\/www.sonoraenequipo.com.mx\/\"},{\"@type\":\"ListItem\",\"position\":2,\"name\":\"CJNG fue el autor de los actos de violencia en Baja California, revelan autoridades\"}]},{\"@type\":\"WebSite\",\"@id\":\"https:\/\/www.sonoraenequipo.com.mx\/#website\",\"url\":\"https:\/\/www.sonoraenequipo.com.mx\/\",\"name\":\"Sonora en Equipo.\",\"description\":\"Diario en l\u00ednea con Noticias desde Hermosillo, Sonora\",\"publisher\":{\"@id\":\"https:\/\/www.sonoraenequipo.com.mx\/#organization\"},\"potentialAction\":[{\"@type\":\"SearchAction\",\"target\":{\"@type\":\"EntryPoint\",\"urlTemplate\":\"https:\/\/www.sonoraenequipo.com.mx\/?s={search_term_string}\"},\"query-input\":{\"@type\":\"PropertyValueSpecification\",\"valueRequired\":true,\"valueName\":\"search_term_string\"}}],\"inLanguage\":\"es\"},{\"@type\":\"Organization\",\"@id\":\"https:\/\/www.sonoraenequipo.com.mx\/#organization\",\"name\":\"Sonoraenequipo.com.mx\",\"url\":\"https:\/\/www.sonoraenequipo.com.mx\/\",\"logo\":{\"@type\":\"ImageObject\",\"inLanguage\":\"es\",\"@id\":\"https:\/\/www.sonoraenequipo.com.mx\/#\/schema\/logo\/image\/\",\"url\":\"https:\/\/www.sonoraenequipo.com.mx\/storage\/2019\/01\/sonoraenequipo_opt.png\",\"contentUrl\":\"https:\/\/www.sonoraenequipo.com.mx\/storage\/2019\/01\/sonoraenequipo_opt.png\",\"width\":375,\"height\":125,\"caption\":\"Sonoraenequipo.com.mx\"},\"image\":{\"@id\":\"https:\/\/www.sonoraenequipo.com.mx\/#\/schema\/logo\/image\/\"},\"sameAs\":[\"https:\/\/www.facebook.com\/SonoraEE\/\",\"https:\/\/x.com\/sonoraenequipo\",\"https:\/\/www.youtube.com\/channel\/UC338nW-lPEYmJQs4ZABQ1SQ\"]},{\"@type\":\"Person\",\"@id\":\"https:\/\/www.sonoraenequipo.com.mx\/#\/schema\/person\/50102df0fb23a8fa9e8effad8fa81386\",\"name\":\"enequipo\",\"image\":{\"@type\":\"ImageObject\",\"inLanguage\":\"es\",\"@id\":\"https:\/\/www.sonoraenequipo.com.mx\/#\/schema\/person\/image\/\",\"url\":\"https:\/\/secure.gravatar.com\/avatar\/049821681b589dabc0bc20695993ccebb09f5b5d4d790cd9251b97faac7c652b?s=96&d=blank&r=g\",\"contentUrl\":\"https:\/\/secure.gravatar.com\/avatar\/049821681b589dabc0bc20695993ccebb09f5b5d4d790cd9251b97faac7c652b?s=96&d=blank&r=g\",\"caption\":\"enequipo\"},\"sameAs\":[\"https:\/\/www.facebook.com\/SonoraEE\"]}]}<\/script>\n ","yoast_head_json":{"title":"Sonora en Equipo. CJNG fue el autor de los actos de violencia en Baja California, revelan autoridades Rep\u00fablica","description":"TIJUANA, BAJA CALIFORNIA. MX. \u2014 Integrantes del C\u00e1rtel de Jalisco Nueva Generaci\u00f3n son los autores de los actos de violencia ocurridos ayer en el estado, En Sonora en Equipo publicamos toda la informaci\u00f3n de Sonora, M\u00e9xico y el Mundo de manera oportuna y busca que la libertad de expresi\u00f3n sea real. Visita nuestro medio informativo publicado desde Hermosillo, Sonora. %","robots":{"index":"index","follow":"follow","max-snippet":"max-snippet:-1","max-image-preview":"max-image-preview:large","max-video-preview":"max-video-preview:-1"},"canonical":"https:\/\/www.sonoraenequipo.com.mx\/cjng-fue-el-autor-de-los-actos-de-violencia-en-baja-california-revelan-autoridades\/","og_locale":"es_ES","og_type":"article","og_title":"Sonora en Equipo. CJNG fue el autor de los actos de violencia en Baja California, revelan autoridades Rep\u00fablica","og_description":"TIJUANA, BAJA CALIFORNIA. MX. \u2014 Integrantes del C\u00e1rtel de Jalisco Nueva Generaci\u00f3n son los autores de los actos de violencia ocurridos ayer en el estado, En Sonora en Equipo publicamos toda la informaci\u00f3n de Sonora, M\u00e9xico y el Mundo de manera oportuna y busca que la libertad de expresi\u00f3n sea real. Visita nuestro medio informativo publicado desde Hermosillo, Sonora. %","og_url":"https:\/\/www.sonoraenequipo.com.mx\/cjng-fue-el-autor-de-los-actos-de-violencia-en-baja-california-revelan-autoridades\/","og_site_name":"Sonora en Equipo.","article_publisher":"https:\/\/www.facebook.com\/SonoraEE\/","article_author":"https:\/\/www.facebook.com\/SonoraEE","article_published_time":"2022-08-13T19:14:57+00:00","article_modified_time":"2022-08-14T02:57:33+00:00","og_image":[{"width":900,"height":515,"url":"https:\/\/www.sonoraenequipo.com.mx\/storage\/2022\/08\/Quema-de-vehiiculos-en-Tijuana.jpg","type":"image\/jpeg"}],"author":"enequipo","twitter_card":"summary_large_image","twitter_creator":"@sonoraenequipo","twitter_site":"@sonoraenequipo","twitter_misc":{"Escrito por":"enequipo","Tiempo de lectura":"4 minutos"},"schema":{"@context":"https:\/\/schema.org","@graph":[{"@type":"Article","@id":"https:\/\/www.sonoraenequipo.com.mx\/cjng-fue-el-autor-de-los-actos-de-violencia-en-baja-california-revelan-autoridades\/#article","isPartOf":{"@id":"https:\/\/www.sonoraenequipo.com.mx\/cjng-fue-el-autor-de-los-actos-de-violencia-en-baja-california-revelan-autoridades\/"},"author":{"name":"enequipo","@id":"https:\/\/www.sonoraenequipo.com.mx\/#\/schema\/person\/50102df0fb23a8fa9e8effad8fa81386"},"headline":"CJNG fue el autor de los actos de violencia en Baja California, revelan autoridades","datePublished":"2022-08-13T19:14:57+00:00","dateModified":"2022-08-14T02:57:33+00:00","mainEntityOfPage":{"@id":"https:\/\/www.sonoraenequipo.com.mx\/cjng-fue-el-autor-de-los-actos-de-violencia-en-baja-california-revelan-autoridades\/"},"wordCount":902,"commentCount":0,"publisher":{"@id":"https:\/\/www.sonoraenequipo.com.mx\/#organization"},"image":{"@id":"https:\/\/www.sonoraenequipo.com.mx\/cjng-fue-el-autor-de-los-actos-de-violencia-en-baja-california-revelan-autoridades\/#primaryimage"},"thumbnailUrl":"https:\/\/www.sonoraenequipo.com.mx\/storage\/2022\/08\/Quema-de-vehiiculos-en-Tijuana.jpg","articleSection":["Rep\u00fablica"],"inLanguage":"es","potentialAction":[{"@type":"CommentAction","name":"Comment","target":["https:\/\/www.sonoraenequipo.com.mx\/cjng-fue-el-autor-de-los-actos-de-violencia-en-baja-california-revelan-autoridades\/#respond"]}]},{"@type":"WebPage","@id":"https:\/\/www.sonoraenequipo.com.mx\/cjng-fue-el-autor-de-los-actos-de-violencia-en-baja-california-revelan-autoridades\/","url":"https:\/\/www.sonoraenequipo.com.mx\/cjng-fue-el-autor-de-los-actos-de-violencia-en-baja-california-revelan-autoridades\/","name":"Sonora en Equipo. CJNG fue el autor de los actos de violencia en Baja California, revelan autoridades Rep\u00fablica","isPartOf":{"@id":"https:\/\/www.sonoraenequipo.com.mx\/#website"},"primaryImageOfPage":{"@id":"https:\/\/www.sonoraenequipo.com.mx\/cjng-fue-el-autor-de-los-actos-de-violencia-en-baja-california-revelan-autoridades\/#primaryimage"},"image":{"@id":"https:\/\/www.sonoraenequipo.com.mx\/cjng-fue-el-autor-de-los-actos-de-violencia-en-baja-california-revelan-autoridades\/#primaryimage"},"thumbnailUrl":"https:\/\/www.sonoraenequipo.com.mx\/storage\/2022\/08\/Quema-de-vehiiculos-en-Tijuana.jpg","datePublished":"2022-08-13T19:14:57+00:00","dateModified":"2022-08-14T02:57:33+00:00","description":"TIJUANA, BAJA CALIFORNIA. MX. \u2014 Integrantes del C\u00e1rtel de Jalisco Nueva Generaci\u00f3n son los autores de los actos de violencia ocurridos ayer en el estado, En Sonora en Equipo publicamos toda la informaci\u00f3n de Sonora, M\u00e9xico y el Mundo de manera oportuna y busca que la libertad de expresi\u00f3n sea real. Visita nuestro medio informativo publicado desde Hermosillo, Sonora. %","breadcrumb":{"@id":"https:\/\/www.sonoraenequipo.com.mx\/cjng-fue-el-autor-de-los-actos-de-violencia-en-baja-california-revelan-autoridades\/#breadcrumb"},"inLanguage":"es","potentialAction":[{"@type":"ReadAction","target":["https:\/\/www.sonoraenequipo.com.mx\/cjng-fue-el-autor-de-los-actos-de-violencia-en-baja-california-revelan-autoridades\/"]}]},{"@type":"ImageObject","inLanguage":"es","@id":"https:\/\/www.sonoraenequipo.com.mx\/cjng-fue-el-autor-de-los-actos-de-violencia-en-baja-california-revelan-autoridades\/#primaryimage","url":"https:\/\/www.sonoraenequipo.com.mx\/storage\/2022\/08\/Quema-de-vehiiculos-en-Tijuana.jpg","contentUrl":"https:\/\/www.sonoraenequipo.com.mx\/storage\/2022\/08\/Quema-de-vehiiculos-en-Tijuana.jpg","width":900,"height":515},{"@type":"BreadcrumbList","@id":"https:\/\/www.sonoraenequipo.com.mx\/cjng-fue-el-autor-de-los-actos-de-violencia-en-baja-california-revelan-autoridades\/#breadcrumb","itemListElement":[{"@type":"ListItem","position":1,"name":"Portada","item":"https:\/\/www.sonoraenequipo.com.mx\/"},{"@type":"ListItem","position":2,"name":"CJNG fue el autor de los actos de violencia en Baja California, revelan autoridades"}]},{"@type":"WebSite","@id":"https:\/\/www.sonoraenequipo.com.mx\/#website","url":"https:\/\/www.sonoraenequipo.com.mx\/","name":"Sonora en Equipo.","description":"Diario en l\u00ednea con Noticias desde Hermosillo, Sonora","publisher":{"@id":"https:\/\/www.sonoraenequipo.com.mx\/#organization"},"potentialAction":[{"@type":"SearchAction","target":{"@type":"EntryPoint","urlTemplate":"https:\/\/www.sonoraenequipo.com.mx\/?s={search_term_string}"},"query-input":{"@type":"PropertyValueSpecification","valueRequired":true,"valueName":"search_term_string"}}],"inLanguage":"es"},{"@type":"Organization","@id":"https:\/\/www.sonoraenequipo.com.mx\/#organization","name":"Sonoraenequipo.com.mx","url":"https:\/\/www.sonoraenequipo.com.mx\/","logo":{"@type":"ImageObject","inLanguage":"es","@id":"https:\/\/www.sonoraenequipo.com.mx\/#\/schema\/logo\/image\/","url":"https:\/\/www.sonoraenequipo.com.mx\/storage\/2019\/01\/sonoraenequipo_opt.png","contentUrl":"https:\/\/www.sonoraenequipo.com.mx\/storage\/2019\/01\/sonoraenequipo_opt.png","width":375,"height":125,"caption":"Sonoraenequipo.com.mx"},"image":{"@id":"https:\/\/www.sonoraenequipo.com.mx\/#\/schema\/logo\/image\/"},"sameAs":["https:\/\/www.facebook.com\/SonoraEE\/","https:\/\/x.com\/sonoraenequipo","https:\/\/www.youtube.com\/channel\/UC338nW-lPEYmJQs4ZABQ1SQ"]},{"@type":"Person","@id":"https:\/\/www.sonoraenequipo.com.mx\/#\/schema\/person\/50102df0fb23a8fa9e8effad8fa81386","name":"enequipo","image":{"@type":"ImageObject","inLanguage":"es","@id":"https:\/\/www.sonoraenequipo.com.mx\/#\/schema\/person\/image\/","url":"https:\/\/secure.gravatar.com\/avatar\/049821681b589dabc0bc20695993ccebb09f5b5d4d790cd9251b97faac7c652b?s=96&d=blank&r=g","contentUrl":"https:\/\/secure.gravatar.com\/avatar\/049821681b589dabc0bc20695993ccebb09f5b5d4d790cd9251b97faac7c652b?s=96&d=blank&r=g","caption":"enequipo"},"sameAs":["https:\/\/www.facebook.com\/SonoraEE"]}]}},"jetpack_featured_media_url":"https:\/\/www.sonoraenequipo.com.mx\/storage\/2022\/08\/Quema-de-vehiiculos-en-Tijuana.jpg","_links":{"self":[{"href":"https:\/\/www.sonoraenequipo.com.mx\/api\/wp\/v2\/posts\/144929","targetHints":{"allow":["GET"]}}],"collection":[{"href":"https:\/\/www.sonoraenequipo.com.mx\/api\/wp\/v2\/posts"}],"about":[{"href":"https:\/\/www.sonoraenequipo.com.mx\/api\/wp\/v2\/types\/post"}],"author":[{"embeddable":true,"href":"https:\/\/www.sonoraenequipo.com.mx\/api\/wp\/v2\/users\/1"}],"replies":[{"embeddable":true,"href":"https:\/\/www.sonoraenequipo.com.mx\/api\/wp\/v2\/comments?post=144929"}],"version-history":[{"count":2,"href":"https:\/\/www.sonoraenequipo.com.mx\/api\/wp\/v2\/posts\/144929\/revisions"}],"predecessor-version":[{"id":144933,"href":"https:\/\/www.sonoraenequipo.com.mx\/api\/wp\/v2\/posts\/144929\/revisions\/144933"}],"wp:featuredmedia":[{"embeddable":true,"href":"https:\/\/www.sonoraenequipo.com.mx\/api\/wp\/v2\/media\/144931"}],"wp:attachment":[{"href":"https:\/\/www.sonoraenequipo.com.mx\/api\/wp\/v2\/media?parent=144929"}],"wp:term":[{"taxonomy":"category","embeddable":true,"href":"https:\/\/www.sonoraenequipo.com.mx\/api\/wp\/v2\/categories?post=144929"},{"taxonomy":"post_tag","embeddable":true,"href":"https:\/\/www.sonoraenequipo.com.mx\/api\/wp\/v2\/tags?post=144929"}],"curies":[{"name":"wp","href":"https:\/\/api.w.org\/{rel}","templated":true}]}}