{"id":144934,"date":"2022-08-13T17:58:10","date_gmt":"2022-08-14T00:58:10","guid":{"rendered":"https:\/\/www.sonoraenequipo.com.mx\/?p=144934"},"modified":"2022-08-13T20:26:54","modified_gmt":"2022-08-14T03:26:54","slug":"se-formo-la-depresion-tropical-numero-diez-e-en-el-oceano-pacifico","status":"publish","type":"post","link":"https:\/\/www.sonoraenequipo.com.mx\/se-formo-la-depresion-tropical-numero-diez-e-en-el-oceano-pacifico\/","title":{"rendered":"Se form\u00f3 la Depresi\u00f3n Tropical N\u00famero Diez-E en el oc\u00e9ano Pac\u00edfico"},"content":{"rendered":"<p><strong>CIUDAD DE M\u00c9XICO. MX. \u2014<\/strong> Esta tarde\u00a0 de s\u00e1bado (13.08.2022), se form\u00f3 la Depresi\u00f3n Tropical Diez-E, a partir de una zona de baja presi\u00f3n en el oc\u00e9ano Pac\u00edfico. Su centro se localiz\u00f3 aproximadamente a 570 kil\u00f3metros (km) al sur-suroeste de Cabo San Lucas, Baja California Sur, con vientos m\u00e1ximos sostenidos de 55 kil\u00f3metros por hora (km\/h), rachas de 75 km\/h y desplazamiento hacia el oeste-noroeste a 17 km\/h.<\/p>\n<p>&nbsp;<\/p>\n<p> <\/p>\n<p>Su circulaci\u00f3n ocasiona oleaje de 1.5 a 2.5 metros (m) de altura en las costas de Baja California Sur, Colima y Jalisco; refuerza la probabilidad de lluvias fuertes en Baja California Sur y el occidente del pa\u00eds.<\/p>\n<p>&nbsp;<\/p>\n<p>A la navegaci\u00f3n mar\u00edtima en las inmediaciones del sistema, se le exhorta a extremar precauciones por condiciones de vientos fuertes y oleaje elevado.<\/p>\n<p>&nbsp;<\/p>\n<blockquote class=\"twitter-tweet\" data-width=\"550\" data-dnt=\"true\">\n<p lang=\"es\" dir=\"ltr\"><a href=\"https:\/\/twitter.com\/hashtag\/AvisoMeteorol%C3%B3gico?src=hash&amp;ref_src=twsrc%5Etfw\">#AvisoMeteorol\u00f3gico<\/a> Se form\u00f3 la <a href=\"https:\/\/twitter.com\/hashtag\/Depresi%C3%B3nTropical?src=hash&amp;ref_src=twsrc%5Etfw\">#Depresi\u00f3nTropical<\/a> N\u00famero Diez-E en el oc\u00e9ano <a href=\"https:\/\/twitter.com\/hashtag\/Pac%C3%ADfico?src=hash&amp;ref_src=twsrc%5Etfw\">#Pac\u00edfico<\/a> <\/p>\n<p>M\u00e1s informaci\u00f3n en \u27a1\ufe0f <a href=\"https:\/\/t.co\/Cnk72UmoKJ\">https:\/\/t.co\/Cnk72UmoKJ<\/a> <a href=\"https:\/\/t.co\/JTG02KlEXX\">pic.twitter.com\/JTG02KlEXX<\/a><\/p>\n<p>&mdash; CONAGUA Clima (@conagua_clima) <a href=\"https:\/\/twitter.com\/conagua_clima\/status\/1558581516342505473?ref_src=twsrc%5Etfw\">August 13, 2022<\/a><\/p><\/blockquote>\n<p><script async src=\"https:\/\/platform.twitter.com\/widgets.js\" charset=\"utf-8\"><\/script><\/p>\n<p>Para mayor informaci\u00f3n sobre las condiciones meteorol\u00f3gicas consulta las p\u00e1ginas<br \/>\nde internet www.gob.mx\/conagua y https:\/\/smn.conagua.gob.mx, las cuentas de<br \/>\nTwitter @conagua_mx y @conagua_clima, y de Facebook<\/p>\n<p>&nbsp;<\/p>\n<p>Publicada 13\/08\/2022<\/p>\n","protected":false},"excerpt":{"rendered":"<p>CIUDAD DE M\u00c9XICO. MX. \u2014 Esta tarde\u00a0 de s\u00e1bado (13.08.2022), se form\u00f3 la Depresi\u00f3n Tropical&#8230;<\/p>\n","protected":false},"author":1,"featured_media":144935,"comment_status":"open","ping_status":"open","sticky":false,"template":"","format":"standard","meta":{"_monsterinsights_skip_tracking":false,"_monsterinsights_sitenote_active":false,"_monsterinsights_sitenote_note":"","_monsterinsights_sitenote_category":0,"footnotes":""},"categories":[5],"tags":[],"class_list":["post"],"yoast_head":" \n<title>Sonora en Equipo. Se form\u00f3 la Depresi\u00f3n Tropical N\u00famero Diez-E en el oc\u00e9ano Pac\u00edfico Rep\u00fablica<\/title>\n<meta name=\"description\" content=\"CIUDAD DE M\u00c9XICO. MX. \u2014 Esta tarde\u00a0 de s\u00e1bado (13.08.2022), se form\u00f3 la Depresi\u00f3n Tropical Diez-E, a partir de una zona de baja presi\u00f3n en el oc\u00e9ano En Sonora en Equipo publicamos toda la informaci\u00f3n de Sonora, M\u00e9xico y el Mundo de manera oportuna y busca que la libertad de expresi\u00f3n sea real. Visita nuestro medio informativo publicado desde Hermosillo, Sonora. %\" \/>\n<meta name=\"robots\" content=\"index, follow, max-snippet:-1, max-image-preview:large, max-video-preview:-1\" \/>\n<link rel=\"canonical\" href=\"https:\/\/www.sonoraenequipo.com.mx\/se-formo-la-depresion-tropical-numero-diez-e-en-el-oceano-pacifico\/\" \/>\n<meta property=\"og:locale\" content=\"es_ES\" \/>\n<meta property=\"og:type\" content=\"article\" \/>\n<meta property=\"og:title\" content=\"Sonora en Equipo. Se form\u00f3 la Depresi\u00f3n Tropical N\u00famero Diez-E en el oc\u00e9ano Pac\u00edfico Rep\u00fablica\" \/>\n<meta property=\"og:description\" content=\"CIUDAD DE M\u00c9XICO. MX. \u2014 Esta tarde\u00a0 de s\u00e1bado (13.08.2022), se form\u00f3 la Depresi\u00f3n Tropical Diez-E, a partir de una zona de baja presi\u00f3n en el oc\u00e9ano En Sonora en Equipo publicamos toda la informaci\u00f3n de Sonora, M\u00e9xico y el Mundo de manera oportuna y busca que la libertad de expresi\u00f3n sea real. Visita nuestro medio informativo publicado desde Hermosillo, Sonora. %\" \/>\n<meta property=\"og:url\" content=\"https:\/\/www.sonoraenequipo.com.mx\/se-formo-la-depresion-tropical-numero-diez-e-en-el-oceano-pacifico\/\" \/>\n<meta property=\"og:site_name\" content=\"Sonora en Equipo.\" \/>\n<meta property=\"article:publisher\" content=\"https:\/\/www.facebook.com\/SonoraEE\/\" \/>\n<meta property=\"article:author\" content=\"https:\/\/www.facebook.com\/SonoraEE\" \/>\n<meta property=\"article:published_time\" content=\"2022-08-14T00:58:10+00:00\" \/>\n<meta property=\"article:modified_time\" content=\"2022-08-14T03:26:54+00:00\" \/>\n<meta property=\"og:image\" content=\"https:\/\/www.sonoraenequipo.com.mx\/storage\/2022\/08\/depresion-tropical-diez-e-smn.jpg\" \/>\n\t<meta property=\"og:image:width\" content=\"900\" \/>\n\t<meta property=\"og:image:height\" content=\"514\" \/>\n\t<meta property=\"og:image:type\" content=\"image\/jpeg\" \/>\n<meta name=\"author\" content=\"enequipo\" \/>\n<meta name=\"twitter:card\" content=\"summary_large_image\" \/>\n<meta name=\"twitter:creator\" content=\"@sonoraenequipo\" \/>\n<meta name=\"twitter:site\" content=\"@sonoraenequipo\" \/>\n<meta name=\"twitter:label1\" content=\"Escrito por\" \/>\n\t<meta name=\"twitter:data1\" content=\"enequipo\" \/>\n\t<meta name=\"twitter:label2\" content=\"Tiempo de lectura\" \/>\n\t<meta name=\"twitter:data2\" content=\"1 minuto\" \/>\n<script type=\"application\/ld+json\" class=\"yoast-schema-graph\">{\"@context\":\"https:\/\/schema.org\",\"@graph\":[{\"@type\":\"Article\",\"@id\":\"https:\/\/www.sonoraenequipo.com.mx\/se-formo-la-depresion-tropical-numero-diez-e-en-el-oceano-pacifico\/#article\",\"isPartOf\":{\"@id\":\"https:\/\/www.sonoraenequipo.com.mx\/se-formo-la-depresion-tropical-numero-diez-e-en-el-oceano-pacifico\/\"},\"author\":{\"name\":\"enequipo\",\"@id\":\"https:\/\/www.sonoraenequipo.com.mx\/#\/schema\/person\/50102df0fb23a8fa9e8effad8fa81386\"},\"headline\":\"Se form\u00f3 la Depresi\u00f3n Tropical N\u00famero Diez-E en el oc\u00e9ano Pac\u00edfico\",\"datePublished\":\"2022-08-14T00:58:10+00:00\",\"dateModified\":\"2022-08-14T03:26:54+00:00\",\"mainEntityOfPage\":{\"@id\":\"https:\/\/www.sonoraenequipo.com.mx\/se-formo-la-depresion-tropical-numero-diez-e-en-el-oceano-pacifico\/\"},\"wordCount\":199,\"commentCount\":0,\"publisher\":{\"@id\":\"https:\/\/www.sonoraenequipo.com.mx\/#organization\"},\"image\":{\"@id\":\"https:\/\/www.sonoraenequipo.com.mx\/se-formo-la-depresion-tropical-numero-diez-e-en-el-oceano-pacifico\/#primaryimage\"},\"thumbnailUrl\":\"https:\/\/www.sonoraenequipo.com.mx\/storage\/2022\/08\/depresion-tropical-diez-e-smn.jpg\",\"articleSection\":[\"Rep\u00fablica\"],\"inLanguage\":\"es\",\"potentialAction\":[{\"@type\":\"CommentAction\",\"name\":\"Comment\",\"target\":[\"https:\/\/www.sonoraenequipo.com.mx\/se-formo-la-depresion-tropical-numero-diez-e-en-el-oceano-pacifico\/#respond\"]}]},{\"@type\":\"WebPage\",\"@id\":\"https:\/\/www.sonoraenequipo.com.mx\/se-formo-la-depresion-tropical-numero-diez-e-en-el-oceano-pacifico\/\",\"url\":\"https:\/\/www.sonoraenequipo.com.mx\/se-formo-la-depresion-tropical-numero-diez-e-en-el-oceano-pacifico\/\",\"name\":\"Sonora en Equipo. Se form\u00f3 la Depresi\u00f3n Tropical N\u00famero Diez-E en el oc\u00e9ano Pac\u00edfico Rep\u00fablica\",\"isPartOf\":{\"@id\":\"https:\/\/www.sonoraenequipo.com.mx\/#website\"},\"primaryImageOfPage\":{\"@id\":\"https:\/\/www.sonoraenequipo.com.mx\/se-formo-la-depresion-tropical-numero-diez-e-en-el-oceano-pacifico\/#primaryimage\"},\"image\":{\"@id\":\"https:\/\/www.sonoraenequipo.com.mx\/se-formo-la-depresion-tropical-numero-diez-e-en-el-oceano-pacifico\/#primaryimage\"},\"thumbnailUrl\":\"https:\/\/www.sonoraenequipo.com.mx\/storage\/2022\/08\/depresion-tropical-diez-e-smn.jpg\",\"datePublished\":\"2022-08-14T00:58:10+00:00\",\"dateModified\":\"2022-08-14T03:26:54+00:00\",\"description\":\"CIUDAD DE M\u00c9XICO. MX. \u2014 Esta tarde\u00a0 de s\u00e1bado (13.08.2022), se form\u00f3 la Depresi\u00f3n Tropical Diez-E, a partir de una zona de baja presi\u00f3n en el oc\u00e9ano En Sonora en Equipo publicamos toda la informaci\u00f3n de Sonora, M\u00e9xico y el Mundo de manera oportuna y busca que la libertad de expresi\u00f3n sea real. Visita nuestro medio informativo publicado desde Hermosillo, Sonora. %\",\"breadcrumb\":{\"@id\":\"https:\/\/www.sonoraenequipo.com.mx\/se-formo-la-depresion-tropical-numero-diez-e-en-el-oceano-pacifico\/#breadcrumb\"},\"inLanguage\":\"es\",\"potentialAction\":[{\"@type\":\"ReadAction\",\"target\":[\"https:\/\/www.sonoraenequipo.com.mx\/se-formo-la-depresion-tropical-numero-diez-e-en-el-oceano-pacifico\/\"]}]},{\"@type\":\"ImageObject\",\"inLanguage\":\"es\",\"@id\":\"https:\/\/www.sonoraenequipo.com.mx\/se-formo-la-depresion-tropical-numero-diez-e-en-el-oceano-pacifico\/#primaryimage\",\"url\":\"https:\/\/www.sonoraenequipo.com.mx\/storage\/2022\/08\/depresion-tropical-diez-e-smn.jpg\",\"contentUrl\":\"https:\/\/www.sonoraenequipo.com.mx\/storage\/2022\/08\/depresion-tropical-diez-e-smn.jpg\",\"width\":900,\"height\":514},{\"@type\":\"BreadcrumbList\",\"@id\":\"https:\/\/www.sonoraenequipo.com.mx\/se-formo-la-depresion-tropical-numero-diez-e-en-el-oceano-pacifico\/#breadcrumb\",\"itemListElement\":[{\"@type\":\"ListItem\",\"position\":1,\"name\":\"Portada\",\"item\":\"https:\/\/www.sonoraenequipo.com.mx\/\"},{\"@type\":\"ListItem\",\"position\":2,\"name\":\"Se form\u00f3 la Depresi\u00f3n Tropical N\u00famero Diez-E en el oc\u00e9ano Pac\u00edfico\"}]},{\"@type\":\"WebSite\",\"@id\":\"https:\/\/www.sonoraenequipo.com.mx\/#website\",\"url\":\"https:\/\/www.sonoraenequipo.com.mx\/\",\"name\":\"Sonora en Equipo.\",\"description\":\"Diario en l\u00ednea con Noticias desde Hermosillo, Sonora\",\"publisher\":{\"@id\":\"https:\/\/www.sonoraenequipo.com.mx\/#organization\"},\"potentialAction\":[{\"@type\":\"SearchAction\",\"target\":{\"@type\":\"EntryPoint\",\"urlTemplate\":\"https:\/\/www.sonoraenequipo.com.mx\/?s={search_term_string}\"},\"query-input\":{\"@type\":\"PropertyValueSpecification\",\"valueRequired\":true,\"valueName\":\"search_term_string\"}}],\"inLanguage\":\"es\"},{\"@type\":\"Organization\",\"@id\":\"https:\/\/www.sonoraenequipo.com.mx\/#organization\",\"name\":\"Sonoraenequipo.com.mx\",\"url\":\"https:\/\/www.sonoraenequipo.com.mx\/\",\"logo\":{\"@type\":\"ImageObject\",\"inLanguage\":\"es\",\"@id\":\"https:\/\/www.sonoraenequipo.com.mx\/#\/schema\/logo\/image\/\",\"url\":\"https:\/\/www.sonoraenequipo.com.mx\/storage\/2019\/01\/sonoraenequipo_opt.png\",\"contentUrl\":\"https:\/\/www.sonoraenequipo.com.mx\/storage\/2019\/01\/sonoraenequipo_opt.png\",\"width\":375,\"height\":125,\"caption\":\"Sonoraenequipo.com.mx\"},\"image\":{\"@id\":\"https:\/\/www.sonoraenequipo.com.mx\/#\/schema\/logo\/image\/\"},\"sameAs\":[\"https:\/\/www.facebook.com\/SonoraEE\/\",\"https:\/\/x.com\/sonoraenequipo\",\"https:\/\/www.youtube.com\/channel\/UC338nW-lPEYmJQs4ZABQ1SQ\"]},{\"@type\":\"Person\",\"@id\":\"https:\/\/www.sonoraenequipo.com.mx\/#\/schema\/person\/50102df0fb23a8fa9e8effad8fa81386\",\"name\":\"enequipo\",\"image\":{\"@type\":\"ImageObject\",\"inLanguage\":\"es\",\"@id\":\"https:\/\/www.sonoraenequipo.com.mx\/#\/schema\/person\/image\/\",\"url\":\"https:\/\/secure.gravatar.com\/avatar\/049821681b589dabc0bc20695993ccebb09f5b5d4d790cd9251b97faac7c652b?s=96&d=blank&r=g\",\"contentUrl\":\"https:\/\/secure.gravatar.com\/avatar\/049821681b589dabc0bc20695993ccebb09f5b5d4d790cd9251b97faac7c652b?s=96&d=blank&r=g\",\"caption\":\"enequipo\"},\"sameAs\":[\"https:\/\/www.facebook.com\/SonoraEE\"]}]}<\/script>\n ","yoast_head_json":{"title":"Sonora en Equipo. Se form\u00f3 la Depresi\u00f3n Tropical N\u00famero Diez-E en el oc\u00e9ano Pac\u00edfico Rep\u00fablica","description":"CIUDAD DE M\u00c9XICO. MX. \u2014 Esta tarde\u00a0 de s\u00e1bado (13.08.2022), se form\u00f3 la Depresi\u00f3n Tropical Diez-E, a partir de una zona de baja presi\u00f3n en el oc\u00e9ano En Sonora en Equipo publicamos toda la informaci\u00f3n de Sonora, M\u00e9xico y el Mundo de manera oportuna y busca que la libertad de expresi\u00f3n sea real. Visita nuestro medio informativo publicado desde Hermosillo, Sonora. %","robots":{"index":"index","follow":"follow","max-snippet":"max-snippet:-1","max-image-preview":"max-image-preview:large","max-video-preview":"max-video-preview:-1"},"canonical":"https:\/\/www.sonoraenequipo.com.mx\/se-formo-la-depresion-tropical-numero-diez-e-en-el-oceano-pacifico\/","og_locale":"es_ES","og_type":"article","og_title":"Sonora en Equipo. Se form\u00f3 la Depresi\u00f3n Tropical N\u00famero Diez-E en el oc\u00e9ano Pac\u00edfico Rep\u00fablica","og_description":"CIUDAD DE M\u00c9XICO. MX. \u2014 Esta tarde\u00a0 de s\u00e1bado (13.08.2022), se form\u00f3 la Depresi\u00f3n Tropical Diez-E, a partir de una zona de baja presi\u00f3n en el oc\u00e9ano En Sonora en Equipo publicamos toda la informaci\u00f3n de Sonora, M\u00e9xico y el Mundo de manera oportuna y busca que la libertad de expresi\u00f3n sea real. Visita nuestro medio informativo publicado desde Hermosillo, Sonora. %","og_url":"https:\/\/www.sonoraenequipo.com.mx\/se-formo-la-depresion-tropical-numero-diez-e-en-el-oceano-pacifico\/","og_site_name":"Sonora en Equipo.","article_publisher":"https:\/\/www.facebook.com\/SonoraEE\/","article_author":"https:\/\/www.facebook.com\/SonoraEE","article_published_time":"2022-08-14T00:58:10+00:00","article_modified_time":"2022-08-14T03:26:54+00:00","og_image":[{"width":900,"height":514,"url":"https:\/\/www.sonoraenequipo.com.mx\/storage\/2022\/08\/depresion-tropical-diez-e-smn.jpg","type":"image\/jpeg"}],"author":"enequipo","twitter_card":"summary_large_image","twitter_creator":"@sonoraenequipo","twitter_site":"@sonoraenequipo","twitter_misc":{"Escrito por":"enequipo","Tiempo de lectura":"1 minuto"},"schema":{"@context":"https:\/\/schema.org","@graph":[{"@type":"Article","@id":"https:\/\/www.sonoraenequipo.com.mx\/se-formo-la-depresion-tropical-numero-diez-e-en-el-oceano-pacifico\/#article","isPartOf":{"@id":"https:\/\/www.sonoraenequipo.com.mx\/se-formo-la-depresion-tropical-numero-diez-e-en-el-oceano-pacifico\/"},"author":{"name":"enequipo","@id":"https:\/\/www.sonoraenequipo.com.mx\/#\/schema\/person\/50102df0fb23a8fa9e8effad8fa81386"},"headline":"Se form\u00f3 la Depresi\u00f3n Tropical N\u00famero Diez-E en el oc\u00e9ano Pac\u00edfico","datePublished":"2022-08-14T00:58:10+00:00","dateModified":"2022-08-14T03:26:54+00:00","mainEntityOfPage":{"@id":"https:\/\/www.sonoraenequipo.com.mx\/se-formo-la-depresion-tropical-numero-diez-e-en-el-oceano-pacifico\/"},"wordCount":199,"commentCount":0,"publisher":{"@id":"https:\/\/www.sonoraenequipo.com.mx\/#organization"},"image":{"@id":"https:\/\/www.sonoraenequipo.com.mx\/se-formo-la-depresion-tropical-numero-diez-e-en-el-oceano-pacifico\/#primaryimage"},"thumbnailUrl":"https:\/\/www.sonoraenequipo.com.mx\/storage\/2022\/08\/depresion-tropical-diez-e-smn.jpg","articleSection":["Rep\u00fablica"],"inLanguage":"es","potentialAction":[{"@type":"CommentAction","name":"Comment","target":["https:\/\/www.sonoraenequipo.com.mx\/se-formo-la-depresion-tropical-numero-diez-e-en-el-oceano-pacifico\/#respond"]}]},{"@type":"WebPage","@id":"https:\/\/www.sonoraenequipo.com.mx\/se-formo-la-depresion-tropical-numero-diez-e-en-el-oceano-pacifico\/","url":"https:\/\/www.sonoraenequipo.com.mx\/se-formo-la-depresion-tropical-numero-diez-e-en-el-oceano-pacifico\/","name":"Sonora en Equipo. Se form\u00f3 la Depresi\u00f3n Tropical N\u00famero Diez-E en el oc\u00e9ano Pac\u00edfico Rep\u00fablica","isPartOf":{"@id":"https:\/\/www.sonoraenequipo.com.mx\/#website"},"primaryImageOfPage":{"@id":"https:\/\/www.sonoraenequipo.com.mx\/se-formo-la-depresion-tropical-numero-diez-e-en-el-oceano-pacifico\/#primaryimage"},"image":{"@id":"https:\/\/www.sonoraenequipo.com.mx\/se-formo-la-depresion-tropical-numero-diez-e-en-el-oceano-pacifico\/#primaryimage"},"thumbnailUrl":"https:\/\/www.sonoraenequipo.com.mx\/storage\/2022\/08\/depresion-tropical-diez-e-smn.jpg","datePublished":"2022-08-14T00:58:10+00:00","dateModified":"2022-08-14T03:26:54+00:00","description":"CIUDAD DE M\u00c9XICO. MX. \u2014 Esta tarde\u00a0 de s\u00e1bado (13.08.2022), se form\u00f3 la Depresi\u00f3n Tropical Diez-E, a partir de una zona de baja presi\u00f3n en el oc\u00e9ano En Sonora en Equipo publicamos toda la informaci\u00f3n de Sonora, M\u00e9xico y el Mundo de manera oportuna y busca que la libertad de expresi\u00f3n sea real. Visita nuestro medio informativo publicado desde Hermosillo, Sonora. %","breadcrumb":{"@id":"https:\/\/www.sonoraenequipo.com.mx\/se-formo-la-depresion-tropical-numero-diez-e-en-el-oceano-pacifico\/#breadcrumb"},"inLanguage":"es","potentialAction":[{"@type":"ReadAction","target":["https:\/\/www.sonoraenequipo.com.mx\/se-formo-la-depresion-tropical-numero-diez-e-en-el-oceano-pacifico\/"]}]},{"@type":"ImageObject","inLanguage":"es","@id":"https:\/\/www.sonoraenequipo.com.mx\/se-formo-la-depresion-tropical-numero-diez-e-en-el-oceano-pacifico\/#primaryimage","url":"https:\/\/www.sonoraenequipo.com.mx\/storage\/2022\/08\/depresion-tropical-diez-e-smn.jpg","contentUrl":"https:\/\/www.sonoraenequipo.com.mx\/storage\/2022\/08\/depresion-tropical-diez-e-smn.jpg","width":900,"height":514},{"@type":"BreadcrumbList","@id":"https:\/\/www.sonoraenequipo.com.mx\/se-formo-la-depresion-tropical-numero-diez-e-en-el-oceano-pacifico\/#breadcrumb","itemListElement":[{"@type":"ListItem","position":1,"name":"Portada","item":"https:\/\/www.sonoraenequipo.com.mx\/"},{"@type":"ListItem","position":2,"name":"Se form\u00f3 la Depresi\u00f3n Tropical N\u00famero Diez-E en el oc\u00e9ano Pac\u00edfico"}]},{"@type":"WebSite","@id":"https:\/\/www.sonoraenequipo.com.mx\/#website","url":"https:\/\/www.sonoraenequipo.com.mx\/","name":"Sonora en Equipo.","description":"Diario en l\u00ednea con Noticias desde Hermosillo, Sonora","publisher":{"@id":"https:\/\/www.sonoraenequipo.com.mx\/#organization"},"potentialAction":[{"@type":"SearchAction","target":{"@type":"EntryPoint","urlTemplate":"https:\/\/www.sonoraenequipo.com.mx\/?s={search_term_string}"},"query-input":{"@type":"PropertyValueSpecification","valueRequired":true,"valueName":"search_term_string"}}],"inLanguage":"es"},{"@type":"Organization","@id":"https:\/\/www.sonoraenequipo.com.mx\/#organization","name":"Sonoraenequipo.com.mx","url":"https:\/\/www.sonoraenequipo.com.mx\/","logo":{"@type":"ImageObject","inLanguage":"es","@id":"https:\/\/www.sonoraenequipo.com.mx\/#\/schema\/logo\/image\/","url":"https:\/\/www.sonoraenequipo.com.mx\/storage\/2019\/01\/sonoraenequipo_opt.png","contentUrl":"https:\/\/www.sonoraenequipo.com.mx\/storage\/2019\/01\/sonoraenequipo_opt.png","width":375,"height":125,"caption":"Sonoraenequipo.com.mx"},"image":{"@id":"https:\/\/www.sonoraenequipo.com.mx\/#\/schema\/logo\/image\/"},"sameAs":["https:\/\/www.facebook.com\/SonoraEE\/","https:\/\/x.com\/sonoraenequipo","https:\/\/www.youtube.com\/channel\/UC338nW-lPEYmJQs4ZABQ1SQ"]},{"@type":"Person","@id":"https:\/\/www.sonoraenequipo.com.mx\/#\/schema\/person\/50102df0fb23a8fa9e8effad8fa81386","name":"enequipo","image":{"@type":"ImageObject","inLanguage":"es","@id":"https:\/\/www.sonoraenequipo.com.mx\/#\/schema\/person\/image\/","url":"https:\/\/secure.gravatar.com\/avatar\/049821681b589dabc0bc20695993ccebb09f5b5d4d790cd9251b97faac7c652b?s=96&d=blank&r=g","contentUrl":"https:\/\/secure.gravatar.com\/avatar\/049821681b589dabc0bc20695993ccebb09f5b5d4d790cd9251b97faac7c652b?s=96&d=blank&r=g","caption":"enequipo"},"sameAs":["https:\/\/www.facebook.com\/SonoraEE"]}]}},"jetpack_featured_media_url":"https:\/\/www.sonoraenequipo.com.mx\/storage\/2022\/08\/depresion-tropical-diez-e-smn.jpg","_links":{"self":[{"href":"https:\/\/www.sonoraenequipo.com.mx\/api\/wp\/v2\/posts\/144934","targetHints":{"allow":["GET"]}}],"collection":[{"href":"https:\/\/www.sonoraenequipo.com.mx\/api\/wp\/v2\/posts"}],"about":[{"href":"https:\/\/www.sonoraenequipo.com.mx\/api\/wp\/v2\/types\/post"}],"author":[{"embeddable":true,"href":"https:\/\/www.sonoraenequipo.com.mx\/api\/wp\/v2\/users\/1"}],"replies":[{"embeddable":true,"href":"https:\/\/www.sonoraenequipo.com.mx\/api\/wp\/v2\/comments?post=144934"}],"version-history":[{"count":1,"href":"https:\/\/www.sonoraenequipo.com.mx\/api\/wp\/v2\/posts\/144934\/revisions"}],"predecessor-version":[{"id":144936,"href":"https:\/\/www.sonoraenequipo.com.mx\/api\/wp\/v2\/posts\/144934\/revisions\/144936"}],"wp:featuredmedia":[{"embeddable":true,"href":"https:\/\/www.sonoraenequipo.com.mx\/api\/wp\/v2\/media\/144935"}],"wp:attachment":[{"href":"https:\/\/www.sonoraenequipo.com.mx\/api\/wp\/v2\/media?parent=144934"}],"wp:term":[{"taxonomy":"category","embeddable":true,"href":"https:\/\/www.sonoraenequipo.com.mx\/api\/wp\/v2\/categories?post=144934"},{"taxonomy":"post_tag","embeddable":true,"href":"https:\/\/www.sonoraenequipo.com.mx\/api\/wp\/v2\/tags?post=144934"}],"curies":[{"name":"wp","href":"https:\/\/api.w.org\/{rel}","templated":true}]}}