{"id":144953,"date":"2022-08-13T20:25:32","date_gmt":"2022-08-14T03:25:32","guid":{"rendered":"https:\/\/www.sonoraenequipo.com.mx\/?p=144953"},"modified":"2022-08-14T14:50:14","modified_gmt":"2022-08-14T21:50:14","slug":"unison-da-la-bienvenida-a-estudiantes-de-movilidad-presencial-entrante-2022-2","status":"publish","type":"post","link":"https:\/\/www.sonoraenequipo.com.mx\/unison-da-la-bienvenida-a-estudiantes-de-movilidad-presencial-entrante-2022-2\/","title":{"rendered":"Unison da la bienvenida a estudiantes de Movilidad Presencial Entrante 2022-2"},"content":{"rendered":"<p><strong>HERMOSILLO, SONORA. MX. \u2014<\/strong> Este viernes la rectora Mar\u00eda Rita Plancarte Mart\u00ednez presidi\u00f3 la reuni\u00f3n de orientaci\u00f3n y bienvenida para los estudiantes del programa de Movilidad Presencial Entrante 2022-2, grupo integrado por un total de 18 alumnos provenientes de siete pa\u00edses de Norteam\u00e9rica, Centroam\u00e9rica, Sudam\u00e9rica y Europa.<\/p>\n<p>&nbsp;<\/p>\n<p> <\/p>\n<p>&nbsp;<\/p>\n<p><em>\u201cLa Universidad alcanza su plenitud en la medida en que alcanza sus actividades esenciales\u201d,<\/em> expres\u00f3 la rectora al darles la bienvenida a los j\u00f3venes con quienes se reinicia el programa de manera presencial.<\/p>\n<p>&nbsp;<\/p>\n<p>&nbsp;<\/p>\n<p>Coment\u00f3 a los alumnos que la instituci\u00f3n tiene muchos servicios que brindarles y les invit\u00f3 a sentirse en la confianza durante su estancia acad\u00e9mica; precis\u00f3, adem\u00e1s, que la Universidad cuenta con una planta docente excelente y con programas reconocidos a nivel nacional e internacional.<\/p>\n<p>&nbsp;<\/p>\n<p>&nbsp;<\/p>\n<p>Explic\u00f3 que no solamente se adquieren habilidades y competencias, sino tambi\u00e9n una serie de experiencias que forman con un sentido que permite entender al otro, reconocer al otro.<\/p>\n<p>&nbsp;<\/p>\n<p>&nbsp;<\/p>\n<p><em>\u201cSomos seres humanos y tenemos mucho que aprender de nosotros con la intenci\u00f3n de mejorar nuestra estancia en este mundo en que vivimos; cuidando el medio ambiente y siendo m\u00e1s respetuosos de principios y valores que nos debemos para poder vivir en una sociedad m\u00e1s justa, m\u00e1s igualitaria y, sobre todo, m\u00e1s sustentable\u201d,<\/em> expres\u00f3.<\/p>\n<p>&nbsp;<\/p>\n<p>&nbsp;<\/p>\n<p>La rectora estuvo acompa\u00f1ada en este evento por el secretario General Acad\u00e9mico, Ram\u00f3n Enrique Robles Zepeda, quien en su oportunidad tambi\u00e9n dio la bienvenida a los estudiantes del programa de Movilidad y destac\u00f3 lo importante del programa que se ha fortalecido durante muchos a\u00f1os en la instituci\u00f3n.<\/p>\n<p>&nbsp;<\/p>\n<p>&nbsp;<\/p>\n<p>Consider\u00f3 un gusto recibirlos en esta universidad que es l\u00edder en el noroeste del pa\u00eds y sigue siendo una de las mejores instituciones de educaci\u00f3n superior de M\u00e9xico.<\/p>\n<p>&nbsp;<\/p>\n<p>&nbsp;<\/p>\n<p><em>\u201cEsperamos que la Universidad y la ciudad los acojan muy bien, que est\u00e9n a gusto y que, sobre todo, se cumplan sus expectativas, que es muy importante\u201d,<\/em> reiter\u00f3.<\/p>\n<p>&nbsp;<\/p>\n<p>&nbsp;<\/p>\n<p>Presidieron tambi\u00e9n esta bienvenida la Directora de Apoyo a Estudiantes, Mar\u00eda Olga Quintana Zavala y la subdirectora de Cooperaci\u00f3n, Movilidad e Internacionalizaci\u00f3n, Marisol Delgado Torres y todo el equipo de apoyo.<\/p>\n<p>&nbsp;<\/p>\n<p>&nbsp;<\/p>\n<p>Los 18 estudiantes que conforman el grupo de Movilidad Presencial Entrante 2022-2 provienen de Argentina (1), Colombia (8), Per\u00fa (1), Costa Rica (3), Espa\u00f1a (1), Francia (3) y M\u00e9xico (1).<\/p>\n<p>&nbsp;<\/p>\n<p>&nbsp;<\/p>\n<p>Las instituciones de procedencia son: Universidad Nacional De Cuyo, Argentina; Universidad Antonio Nari\u00f1o, Universidad de Boyac\u00e1, Universidad La Gran Colombia, Universidad Pedag\u00f3gica y Tecnol\u00f3gica de Colombia, y la Fundaci\u00f3n Universitaria Konrad Lorenz, de Colombia.<\/p>\n<p>&nbsp;<\/p>\n<p>&nbsp;<\/p>\n<p>As\u00ed como de la Universidad Continental de Per\u00fa; el Instituto Tecnol\u00f3gico de Costa Rica y la Universidad Nacional de Cuyo de Costa Rica; La Universidad P\u00fablica de Navarra, Espa\u00f1a; The Institut National Des Sciences Appliqu\u00e9s de Strasbourg y la University Paul-Val\u00e9ry Montpellier; y el Instituto Tecnol\u00f3gico de Sonora, de M\u00e9xico.<\/p>\n<p>&nbsp;<\/p>\n<p>&nbsp;<\/p>\n<p>Publicada 13\/08\/2022<\/p>\n","protected":false},"excerpt":{"rendered":"<p>HERMOSILLO, SONORA. MX. \u2014 Este viernes la rectora Mar\u00eda Rita Plancarte Mart\u00ednez presidi\u00f3 la reuni\u00f3n&#8230;<\/p>\n","protected":false},"author":1,"featured_media":144958,"comment_status":"open","ping_status":"open","sticky":false,"template":"","format":"standard","meta":{"_monsterinsights_skip_tracking":false,"_monsterinsights_sitenote_active":false,"_monsterinsights_sitenote_note":"","_monsterinsights_sitenote_category":0,"footnotes":""},"categories":[22],"tags":[],"class_list":["post"],"yoast_head":" \n<title>Sonora en Equipo. Unison da la bienvenida a estudiantes de Movilidad Presencial Entrante 2022-2 Sonora<\/title>\n<meta name=\"description\" content=\"HERMOSILLO, SONORA. MX. \u2014 Este viernes la rectora Mar\u00eda Rita Plancarte Mart\u00ednez presidi\u00f3 la reuni\u00f3n de orientaci\u00f3n y bienvenida para los estudiantes del En Sonora en Equipo publicamos toda la informaci\u00f3n de Sonora, M\u00e9xico y el Mundo de manera oportuna y busca que la libertad de expresi\u00f3n sea real. Visita nuestro medio informativo publicado desde Hermosillo, Sonora. %\" \/>\n<meta name=\"robots\" content=\"index, follow, max-snippet:-1, max-image-preview:large, max-video-preview:-1\" \/>\n<link rel=\"canonical\" href=\"https:\/\/www.sonoraenequipo.com.mx\/unison-da-la-bienvenida-a-estudiantes-de-movilidad-presencial-entrante-2022-2\/\" \/>\n<meta property=\"og:locale\" content=\"es_ES\" \/>\n<meta property=\"og:type\" content=\"article\" \/>\n<meta property=\"og:title\" content=\"Sonora en Equipo. Unison da la bienvenida a estudiantes de Movilidad Presencial Entrante 2022-2 Sonora\" \/>\n<meta property=\"og:description\" content=\"HERMOSILLO, SONORA. MX. \u2014 Este viernes la rectora Mar\u00eda Rita Plancarte Mart\u00ednez presidi\u00f3 la reuni\u00f3n de orientaci\u00f3n y bienvenida para los estudiantes del En Sonora en Equipo publicamos toda la informaci\u00f3n de Sonora, M\u00e9xico y el Mundo de manera oportuna y busca que la libertad de expresi\u00f3n sea real. Visita nuestro medio informativo publicado desde Hermosillo, Sonora. %\" \/>\n<meta property=\"og:url\" content=\"https:\/\/www.sonoraenequipo.com.mx\/unison-da-la-bienvenida-a-estudiantes-de-movilidad-presencial-entrante-2022-2\/\" \/>\n<meta property=\"og:site_name\" content=\"Sonora en Equipo.\" \/>\n<meta property=\"article:publisher\" content=\"https:\/\/www.facebook.com\/SonoraEE\/\" \/>\n<meta property=\"article:author\" content=\"https:\/\/www.facebook.com\/SonoraEE\" \/>\n<meta property=\"article:published_time\" content=\"2022-08-14T03:25:32+00:00\" \/>\n<meta property=\"article:modified_time\" content=\"2022-08-14T21:50:14+00:00\" \/>\n<meta property=\"og:image\" content=\"https:\/\/www.sonoraenequipo.com.mx\/storage\/2022\/08\/MOVILIDAD-CT.jpg\" \/>\n\t<meta property=\"og:image:width\" content=\"900\" \/>\n\t<meta property=\"og:image:height\" content=\"514\" \/>\n\t<meta property=\"og:image:type\" content=\"image\/jpeg\" \/>\n<meta name=\"author\" content=\"enequipo\" \/>\n<meta name=\"twitter:card\" content=\"summary_large_image\" \/>\n<meta name=\"twitter:creator\" content=\"@sonoraenequipo\" \/>\n<meta name=\"twitter:site\" content=\"@sonoraenequipo\" \/>\n<meta name=\"twitter:label1\" content=\"Escrito por\" \/>\n\t<meta name=\"twitter:data1\" content=\"enequipo\" \/>\n\t<meta name=\"twitter:label2\" content=\"Tiempo de lectura\" \/>\n\t<meta name=\"twitter:data2\" content=\"3 minutos\" \/>\n<script type=\"application\/ld+json\" class=\"yoast-schema-graph\">{\"@context\":\"https:\/\/schema.org\",\"@graph\":[{\"@type\":\"Article\",\"@id\":\"https:\/\/www.sonoraenequipo.com.mx\/unison-da-la-bienvenida-a-estudiantes-de-movilidad-presencial-entrante-2022-2\/#article\",\"isPartOf\":{\"@id\":\"https:\/\/www.sonoraenequipo.com.mx\/unison-da-la-bienvenida-a-estudiantes-de-movilidad-presencial-entrante-2022-2\/\"},\"author\":{\"name\":\"enequipo\",\"@id\":\"https:\/\/www.sonoraenequipo.com.mx\/#\/schema\/person\/50102df0fb23a8fa9e8effad8fa81386\"},\"headline\":\"Unison da la bienvenida a estudiantes de Movilidad Presencial Entrante 2022-2\",\"datePublished\":\"2022-08-14T03:25:32+00:00\",\"dateModified\":\"2022-08-14T21:50:14+00:00\",\"mainEntityOfPage\":{\"@id\":\"https:\/\/www.sonoraenequipo.com.mx\/unison-da-la-bienvenida-a-estudiantes-de-movilidad-presencial-entrante-2022-2\/\"},\"wordCount\":526,\"commentCount\":0,\"publisher\":{\"@id\":\"https:\/\/www.sonoraenequipo.com.mx\/#organization\"},\"image\":{\"@id\":\"https:\/\/www.sonoraenequipo.com.mx\/unison-da-la-bienvenida-a-estudiantes-de-movilidad-presencial-entrante-2022-2\/#primaryimage\"},\"thumbnailUrl\":\"https:\/\/www.sonoraenequipo.com.mx\/storage\/2022\/08\/MOVILIDAD-CT.jpg\",\"articleSection\":[\"Sonora\"],\"inLanguage\":\"es\",\"potentialAction\":[{\"@type\":\"CommentAction\",\"name\":\"Comment\",\"target\":[\"https:\/\/www.sonoraenequipo.com.mx\/unison-da-la-bienvenida-a-estudiantes-de-movilidad-presencial-entrante-2022-2\/#respond\"]}]},{\"@type\":\"WebPage\",\"@id\":\"https:\/\/www.sonoraenequipo.com.mx\/unison-da-la-bienvenida-a-estudiantes-de-movilidad-presencial-entrante-2022-2\/\",\"url\":\"https:\/\/www.sonoraenequipo.com.mx\/unison-da-la-bienvenida-a-estudiantes-de-movilidad-presencial-entrante-2022-2\/\",\"name\":\"Sonora en Equipo. Unison da la bienvenida a estudiantes de Movilidad Presencial Entrante 2022-2 Sonora\",\"isPartOf\":{\"@id\":\"https:\/\/www.sonoraenequipo.com.mx\/#website\"},\"primaryImageOfPage\":{\"@id\":\"https:\/\/www.sonoraenequipo.com.mx\/unison-da-la-bienvenida-a-estudiantes-de-movilidad-presencial-entrante-2022-2\/#primaryimage\"},\"image\":{\"@id\":\"https:\/\/www.sonoraenequipo.com.mx\/unison-da-la-bienvenida-a-estudiantes-de-movilidad-presencial-entrante-2022-2\/#primaryimage\"},\"thumbnailUrl\":\"https:\/\/www.sonoraenequipo.com.mx\/storage\/2022\/08\/MOVILIDAD-CT.jpg\",\"datePublished\":\"2022-08-14T03:25:32+00:00\",\"dateModified\":\"2022-08-14T21:50:14+00:00\",\"description\":\"HERMOSILLO, SONORA. MX. \u2014 Este viernes la rectora Mar\u00eda Rita Plancarte Mart\u00ednez presidi\u00f3 la reuni\u00f3n de orientaci\u00f3n y bienvenida para los estudiantes del En Sonora en Equipo publicamos toda la informaci\u00f3n de Sonora, M\u00e9xico y el Mundo de manera oportuna y busca que la libertad de expresi\u00f3n sea real. Visita nuestro medio informativo publicado desde Hermosillo, Sonora. %\",\"breadcrumb\":{\"@id\":\"https:\/\/www.sonoraenequipo.com.mx\/unison-da-la-bienvenida-a-estudiantes-de-movilidad-presencial-entrante-2022-2\/#breadcrumb\"},\"inLanguage\":\"es\",\"potentialAction\":[{\"@type\":\"ReadAction\",\"target\":[\"https:\/\/www.sonoraenequipo.com.mx\/unison-da-la-bienvenida-a-estudiantes-de-movilidad-presencial-entrante-2022-2\/\"]}]},{\"@type\":\"ImageObject\",\"inLanguage\":\"es\",\"@id\":\"https:\/\/www.sonoraenequipo.com.mx\/unison-da-la-bienvenida-a-estudiantes-de-movilidad-presencial-entrante-2022-2\/#primaryimage\",\"url\":\"https:\/\/www.sonoraenequipo.com.mx\/storage\/2022\/08\/MOVILIDAD-CT.jpg\",\"contentUrl\":\"https:\/\/www.sonoraenequipo.com.mx\/storage\/2022\/08\/MOVILIDAD-CT.jpg\",\"width\":900,\"height\":514},{\"@type\":\"BreadcrumbList\",\"@id\":\"https:\/\/www.sonoraenequipo.com.mx\/unison-da-la-bienvenida-a-estudiantes-de-movilidad-presencial-entrante-2022-2\/#breadcrumb\",\"itemListElement\":[{\"@type\":\"ListItem\",\"position\":1,\"name\":\"Portada\",\"item\":\"https:\/\/www.sonoraenequipo.com.mx\/\"},{\"@type\":\"ListItem\",\"position\":2,\"name\":\"Unison da la bienvenida a estudiantes de Movilidad Presencial Entrante 2022-2\"}]},{\"@type\":\"WebSite\",\"@id\":\"https:\/\/www.sonoraenequipo.com.mx\/#website\",\"url\":\"https:\/\/www.sonoraenequipo.com.mx\/\",\"name\":\"Sonora en Equipo.\",\"description\":\"Diario en l\u00ednea con Noticias desde Hermosillo, Sonora\",\"publisher\":{\"@id\":\"https:\/\/www.sonoraenequipo.com.mx\/#organization\"},\"potentialAction\":[{\"@type\":\"SearchAction\",\"target\":{\"@type\":\"EntryPoint\",\"urlTemplate\":\"https:\/\/www.sonoraenequipo.com.mx\/?s={search_term_string}\"},\"query-input\":{\"@type\":\"PropertyValueSpecification\",\"valueRequired\":true,\"valueName\":\"search_term_string\"}}],\"inLanguage\":\"es\"},{\"@type\":\"Organization\",\"@id\":\"https:\/\/www.sonoraenequipo.com.mx\/#organization\",\"name\":\"Sonoraenequipo.com.mx\",\"url\":\"https:\/\/www.sonoraenequipo.com.mx\/\",\"logo\":{\"@type\":\"ImageObject\",\"inLanguage\":\"es\",\"@id\":\"https:\/\/www.sonoraenequipo.com.mx\/#\/schema\/logo\/image\/\",\"url\":\"https:\/\/www.sonoraenequipo.com.mx\/storage\/2019\/01\/sonoraenequipo_opt.png\",\"contentUrl\":\"https:\/\/www.sonoraenequipo.com.mx\/storage\/2019\/01\/sonoraenequipo_opt.png\",\"width\":375,\"height\":125,\"caption\":\"Sonoraenequipo.com.mx\"},\"image\":{\"@id\":\"https:\/\/www.sonoraenequipo.com.mx\/#\/schema\/logo\/image\/\"},\"sameAs\":[\"https:\/\/www.facebook.com\/SonoraEE\/\",\"https:\/\/x.com\/sonoraenequipo\",\"https:\/\/www.youtube.com\/channel\/UC338nW-lPEYmJQs4ZABQ1SQ\"]},{\"@type\":\"Person\",\"@id\":\"https:\/\/www.sonoraenequipo.com.mx\/#\/schema\/person\/50102df0fb23a8fa9e8effad8fa81386\",\"name\":\"enequipo\",\"image\":{\"@type\":\"ImageObject\",\"inLanguage\":\"es\",\"@id\":\"https:\/\/www.sonoraenequipo.com.mx\/#\/schema\/person\/image\/\",\"url\":\"https:\/\/secure.gravatar.com\/avatar\/049821681b589dabc0bc20695993ccebb09f5b5d4d790cd9251b97faac7c652b?s=96&d=blank&r=g\",\"contentUrl\":\"https:\/\/secure.gravatar.com\/avatar\/049821681b589dabc0bc20695993ccebb09f5b5d4d790cd9251b97faac7c652b?s=96&d=blank&r=g\",\"caption\":\"enequipo\"},\"sameAs\":[\"https:\/\/www.facebook.com\/SonoraEE\"]}]}<\/script>\n ","yoast_head_json":{"title":"Sonora en Equipo. Unison da la bienvenida a estudiantes de Movilidad Presencial Entrante 2022-2 Sonora","description":"HERMOSILLO, SONORA. MX. \u2014 Este viernes la rectora Mar\u00eda Rita Plancarte Mart\u00ednez presidi\u00f3 la reuni\u00f3n de orientaci\u00f3n y bienvenida para los estudiantes del En Sonora en Equipo publicamos toda la informaci\u00f3n de Sonora, M\u00e9xico y el Mundo de manera oportuna y busca que la libertad de expresi\u00f3n sea real. Visita nuestro medio informativo publicado desde Hermosillo, Sonora. %","robots":{"index":"index","follow":"follow","max-snippet":"max-snippet:-1","max-image-preview":"max-image-preview:large","max-video-preview":"max-video-preview:-1"},"canonical":"https:\/\/www.sonoraenequipo.com.mx\/unison-da-la-bienvenida-a-estudiantes-de-movilidad-presencial-entrante-2022-2\/","og_locale":"es_ES","og_type":"article","og_title":"Sonora en Equipo. Unison da la bienvenida a estudiantes de Movilidad Presencial Entrante 2022-2 Sonora","og_description":"HERMOSILLO, SONORA. MX. \u2014 Este viernes la rectora Mar\u00eda Rita Plancarte Mart\u00ednez presidi\u00f3 la reuni\u00f3n de orientaci\u00f3n y bienvenida para los estudiantes del En Sonora en Equipo publicamos toda la informaci\u00f3n de Sonora, M\u00e9xico y el Mundo de manera oportuna y busca que la libertad de expresi\u00f3n sea real. Visita nuestro medio informativo publicado desde Hermosillo, Sonora. %","og_url":"https:\/\/www.sonoraenequipo.com.mx\/unison-da-la-bienvenida-a-estudiantes-de-movilidad-presencial-entrante-2022-2\/","og_site_name":"Sonora en Equipo.","article_publisher":"https:\/\/www.facebook.com\/SonoraEE\/","article_author":"https:\/\/www.facebook.com\/SonoraEE","article_published_time":"2022-08-14T03:25:32+00:00","article_modified_time":"2022-08-14T21:50:14+00:00","og_image":[{"width":900,"height":514,"url":"https:\/\/www.sonoraenequipo.com.mx\/storage\/2022\/08\/MOVILIDAD-CT.jpg","type":"image\/jpeg"}],"author":"enequipo","twitter_card":"summary_large_image","twitter_creator":"@sonoraenequipo","twitter_site":"@sonoraenequipo","twitter_misc":{"Escrito por":"enequipo","Tiempo de lectura":"3 minutos"},"schema":{"@context":"https:\/\/schema.org","@graph":[{"@type":"Article","@id":"https:\/\/www.sonoraenequipo.com.mx\/unison-da-la-bienvenida-a-estudiantes-de-movilidad-presencial-entrante-2022-2\/#article","isPartOf":{"@id":"https:\/\/www.sonoraenequipo.com.mx\/unison-da-la-bienvenida-a-estudiantes-de-movilidad-presencial-entrante-2022-2\/"},"author":{"name":"enequipo","@id":"https:\/\/www.sonoraenequipo.com.mx\/#\/schema\/person\/50102df0fb23a8fa9e8effad8fa81386"},"headline":"Unison da la bienvenida a estudiantes de Movilidad Presencial Entrante 2022-2","datePublished":"2022-08-14T03:25:32+00:00","dateModified":"2022-08-14T21:50:14+00:00","mainEntityOfPage":{"@id":"https:\/\/www.sonoraenequipo.com.mx\/unison-da-la-bienvenida-a-estudiantes-de-movilidad-presencial-entrante-2022-2\/"},"wordCount":526,"commentCount":0,"publisher":{"@id":"https:\/\/www.sonoraenequipo.com.mx\/#organization"},"image":{"@id":"https:\/\/www.sonoraenequipo.com.mx\/unison-da-la-bienvenida-a-estudiantes-de-movilidad-presencial-entrante-2022-2\/#primaryimage"},"thumbnailUrl":"https:\/\/www.sonoraenequipo.com.mx\/storage\/2022\/08\/MOVILIDAD-CT.jpg","articleSection":["Sonora"],"inLanguage":"es","potentialAction":[{"@type":"CommentAction","name":"Comment","target":["https:\/\/www.sonoraenequipo.com.mx\/unison-da-la-bienvenida-a-estudiantes-de-movilidad-presencial-entrante-2022-2\/#respond"]}]},{"@type":"WebPage","@id":"https:\/\/www.sonoraenequipo.com.mx\/unison-da-la-bienvenida-a-estudiantes-de-movilidad-presencial-entrante-2022-2\/","url":"https:\/\/www.sonoraenequipo.com.mx\/unison-da-la-bienvenida-a-estudiantes-de-movilidad-presencial-entrante-2022-2\/","name":"Sonora en Equipo. Unison da la bienvenida a estudiantes de Movilidad Presencial Entrante 2022-2 Sonora","isPartOf":{"@id":"https:\/\/www.sonoraenequipo.com.mx\/#website"},"primaryImageOfPage":{"@id":"https:\/\/www.sonoraenequipo.com.mx\/unison-da-la-bienvenida-a-estudiantes-de-movilidad-presencial-entrante-2022-2\/#primaryimage"},"image":{"@id":"https:\/\/www.sonoraenequipo.com.mx\/unison-da-la-bienvenida-a-estudiantes-de-movilidad-presencial-entrante-2022-2\/#primaryimage"},"thumbnailUrl":"https:\/\/www.sonoraenequipo.com.mx\/storage\/2022\/08\/MOVILIDAD-CT.jpg","datePublished":"2022-08-14T03:25:32+00:00","dateModified":"2022-08-14T21:50:14+00:00","description":"HERMOSILLO, SONORA. MX. \u2014 Este viernes la rectora Mar\u00eda Rita Plancarte Mart\u00ednez presidi\u00f3 la reuni\u00f3n de orientaci\u00f3n y bienvenida para los estudiantes del En Sonora en Equipo publicamos toda la informaci\u00f3n de Sonora, M\u00e9xico y el Mundo de manera oportuna y busca que la libertad de expresi\u00f3n sea real. Visita nuestro medio informativo publicado desde Hermosillo, Sonora. %","breadcrumb":{"@id":"https:\/\/www.sonoraenequipo.com.mx\/unison-da-la-bienvenida-a-estudiantes-de-movilidad-presencial-entrante-2022-2\/#breadcrumb"},"inLanguage":"es","potentialAction":[{"@type":"ReadAction","target":["https:\/\/www.sonoraenequipo.com.mx\/unison-da-la-bienvenida-a-estudiantes-de-movilidad-presencial-entrante-2022-2\/"]}]},{"@type":"ImageObject","inLanguage":"es","@id":"https:\/\/www.sonoraenequipo.com.mx\/unison-da-la-bienvenida-a-estudiantes-de-movilidad-presencial-entrante-2022-2\/#primaryimage","url":"https:\/\/www.sonoraenequipo.com.mx\/storage\/2022\/08\/MOVILIDAD-CT.jpg","contentUrl":"https:\/\/www.sonoraenequipo.com.mx\/storage\/2022\/08\/MOVILIDAD-CT.jpg","width":900,"height":514},{"@type":"BreadcrumbList","@id":"https:\/\/www.sonoraenequipo.com.mx\/unison-da-la-bienvenida-a-estudiantes-de-movilidad-presencial-entrante-2022-2\/#breadcrumb","itemListElement":[{"@type":"ListItem","position":1,"name":"Portada","item":"https:\/\/www.sonoraenequipo.com.mx\/"},{"@type":"ListItem","position":2,"name":"Unison da la bienvenida a estudiantes de Movilidad Presencial Entrante 2022-2"}]},{"@type":"WebSite","@id":"https:\/\/www.sonoraenequipo.com.mx\/#website","url":"https:\/\/www.sonoraenequipo.com.mx\/","name":"Sonora en Equipo.","description":"Diario en l\u00ednea con Noticias desde Hermosillo, Sonora","publisher":{"@id":"https:\/\/www.sonoraenequipo.com.mx\/#organization"},"potentialAction":[{"@type":"SearchAction","target":{"@type":"EntryPoint","urlTemplate":"https:\/\/www.sonoraenequipo.com.mx\/?s={search_term_string}"},"query-input":{"@type":"PropertyValueSpecification","valueRequired":true,"valueName":"search_term_string"}}],"inLanguage":"es"},{"@type":"Organization","@id":"https:\/\/www.sonoraenequipo.com.mx\/#organization","name":"Sonoraenequipo.com.mx","url":"https:\/\/www.sonoraenequipo.com.mx\/","logo":{"@type":"ImageObject","inLanguage":"es","@id":"https:\/\/www.sonoraenequipo.com.mx\/#\/schema\/logo\/image\/","url":"https:\/\/www.sonoraenequipo.com.mx\/storage\/2019\/01\/sonoraenequipo_opt.png","contentUrl":"https:\/\/www.sonoraenequipo.com.mx\/storage\/2019\/01\/sonoraenequipo_opt.png","width":375,"height":125,"caption":"Sonoraenequipo.com.mx"},"image":{"@id":"https:\/\/www.sonoraenequipo.com.mx\/#\/schema\/logo\/image\/"},"sameAs":["https:\/\/www.facebook.com\/SonoraEE\/","https:\/\/x.com\/sonoraenequipo","https:\/\/www.youtube.com\/channel\/UC338nW-lPEYmJQs4ZABQ1SQ"]},{"@type":"Person","@id":"https:\/\/www.sonoraenequipo.com.mx\/#\/schema\/person\/50102df0fb23a8fa9e8effad8fa81386","name":"enequipo","image":{"@type":"ImageObject","inLanguage":"es","@id":"https:\/\/www.sonoraenequipo.com.mx\/#\/schema\/person\/image\/","url":"https:\/\/secure.gravatar.com\/avatar\/049821681b589dabc0bc20695993ccebb09f5b5d4d790cd9251b97faac7c652b?s=96&d=blank&r=g","contentUrl":"https:\/\/secure.gravatar.com\/avatar\/049821681b589dabc0bc20695993ccebb09f5b5d4d790cd9251b97faac7c652b?s=96&d=blank&r=g","caption":"enequipo"},"sameAs":["https:\/\/www.facebook.com\/SonoraEE"]}]}},"jetpack_featured_media_url":"https:\/\/www.sonoraenequipo.com.mx\/storage\/2022\/08\/MOVILIDAD-CT.jpg","_links":{"self":[{"href":"https:\/\/www.sonoraenequipo.com.mx\/api\/wp\/v2\/posts\/144953","targetHints":{"allow":["GET"]}}],"collection":[{"href":"https:\/\/www.sonoraenequipo.com.mx\/api\/wp\/v2\/posts"}],"about":[{"href":"https:\/\/www.sonoraenequipo.com.mx\/api\/wp\/v2\/types\/post"}],"author":[{"embeddable":true,"href":"https:\/\/www.sonoraenequipo.com.mx\/api\/wp\/v2\/users\/1"}],"replies":[{"embeddable":true,"href":"https:\/\/www.sonoraenequipo.com.mx\/api\/wp\/v2\/comments?post=144953"}],"version-history":[{"count":1,"href":"https:\/\/www.sonoraenequipo.com.mx\/api\/wp\/v2\/posts\/144953\/revisions"}],"predecessor-version":[{"id":144963,"href":"https:\/\/www.sonoraenequipo.com.mx\/api\/wp\/v2\/posts\/144953\/revisions\/144963"}],"wp:featuredmedia":[{"embeddable":true,"href":"https:\/\/www.sonoraenequipo.com.mx\/api\/wp\/v2\/media\/144958"}],"wp:attachment":[{"href":"https:\/\/www.sonoraenequipo.com.mx\/api\/wp\/v2\/media?parent=144953"}],"wp:term":[{"taxonomy":"category","embeddable":true,"href":"https:\/\/www.sonoraenequipo.com.mx\/api\/wp\/v2\/categories?post=144953"},{"taxonomy":"post_tag","embeddable":true,"href":"https:\/\/www.sonoraenequipo.com.mx\/api\/wp\/v2\/tags?post=144953"}],"curies":[{"name":"wp","href":"https:\/\/api.w.org\/{rel}","templated":true}]}}