{"id":1452,"date":"2015-12-14T16:14:43","date_gmt":"2015-12-14T16:14:43","guid":{"rendered":"http:\/\/www.sonoraenequipo.com.mx\/?p=1452"},"modified":"2015-12-14T16:14:43","modified_gmt":"2015-12-14T16:14:43","slug":"musica-de-cine-cierra-temporada-de-conciertos-orquesta-filarmonica-de-sonora-%e2%80%8f","status":"publish","type":"post","link":"https:\/\/www.sonoraenequipo.com.mx\/musica-de-cine-cierra-temporada-de-conciertos-orquesta-filarmonica-de-sonora-%e2%80%8f\/","title":{"rendered":"m\u00fasica de cine, cierra temporada de conciertos Orquesta Filarm\u00f3nica de Sonora.\u200f"},"content":{"rendered":"<p>13122015. HERMOSILLO, SONORA.MX. \u2014 La Orquesta Filarm\u00f3nica de Sonora, cerr\u00f3 su temporada de conciertos con una presentaci\u00f3n de M\u00fasica de Cine, en el teatro de la Ciudad de la Casa de la Cultura de Sonora, a beneficio del Programa de M\u00fasica Orquestal, del Instituto Sonorense de Cultura, (ISC). <\/p>\n<p><span id=\"ecxyui_3_16_0_1_1450108991794_4491\" style=\"font-family: Arial,Helvetica,sans-serif; font-size: small;\">Mario Welfo \u00c1lvarez Beltr\u00e1n, titular del ISC, se\u00f1al\u00f3 que el concierto se realiz\u00f3 para la recaudaci\u00f3n de fondos de apoyo para la orquesta para que as\u00ed puedan financiar mejores instrumentos adem\u00e1s de realizar giras.<\/p>\n<p>Tenemos el cierre de la temporada de la Orquesta Filarm\u00f3nica de Sonora, en esta ocasi\u00f3n se vendieron los boletos y el dinero recaudado ser\u00e1 a beneficio de los mismos integrantes de la Orquesta se\u00f1al\u00f3.<\/p>\n<p><strong>M\u00fasica para todos<\/strong><\/p>\n<p>Decenas de personas de diferentes edades hicieron fila por m\u00e1s de media hora en el interior de La Casa de la Cultura de Sonora, donde la Orquesta Filarm\u00f3nica de Sonora, present\u00f3 un especial de m\u00fasica de cine.<\/p>\n<p>Minutos antes del mediod\u00eda del domingo las puertas del teatro se abrieron para recibir a la audiencia que llen\u00f3 las 491 butacas de la sala, a tal grado, que algunas personas observaron el espect\u00e1culo a las afueras por medio de pantallas.<\/p>\n<p>La sala se oscureci\u00f3 y las campanillas del Suite de la saga de pel\u00edculas de Harry Potter, comenz\u00f3 a sonar al mismo tiempo que se proyectaban escenas de las siete pel\u00edculas que narran la vida de estudiante del famoso mago.<\/p>\n<p>Momentos despu\u00e9s instrumentos de viento y de percusi\u00f3n llevaron a los asistentes por una Odisea en el espacio, posteriormente interpretaron la m\u00fasica de pel\u00edculas como El Extra\u00f1o Mundo de Jack, Gladiador, La Lista de Schindler, La Pantera Rosa, Los Picapiedra, Piratas del Caribe, Alicia en el Pa\u00eds de las Maravillas y por \u00faltimo el Suite de las pel\u00edculas Star Wars.<\/p>\n<p>Estamos muy contentos con los resultados de los eventos, manifest\u00f3 el titular del ISC, y a\u00f1adi\u00f3 que este a\u00f1o la Orquesta Filarm\u00f3nica de Sonora, tuvo dos temporadas de entre 13 y 15 conciertos todos con lleno total y sobrecupo.<\/p>\n<p>Al evento acudi\u00f3 adem\u00e1s del <strong>Secretario de Cultura<\/strong>, Mario Welfo \u00c1lvarez Beltr\u00e1n,y el <strong>Secretario de Educaci\u00f3n<\/strong>, Ernesto de Lucas Hopkins. <\/span> <\/p>\n","protected":false},"excerpt":{"rendered":"<p>13122015. HERMOSILLO, SONORA.MX. \u2014 La Orquesta Filarm\u00f3nica de Sonora, cerr\u00f3 su temporada de conciertos con&#8230;<\/p>\n","protected":false},"author":1,"featured_media":0,"comment_status":"open","ping_status":"open","sticky":false,"template":"","format":"standard","meta":{"_monsterinsights_skip_tracking":false,"_monsterinsights_sitenote_active":false,"_monsterinsights_sitenote_note":"","_monsterinsights_sitenote_category":0,"footnotes":""},"categories":[1],"tags":[],"class_list":["post"],"yoast_head":" \n<title>Sonora en Equipo. m\u00fasica de cine, cierra temporada de conciertos Orquesta Filarm\u00f3nica de Sonora.\u200f<\/title>\n<meta name=\"description\" content=\"13122015. HERMOSILLO, SONORA.MX. \u2014 La Orquesta Filarm\u00f3nica de Sonora, cerr\u00f3 su temporada de conciertos con una presentaci\u00f3n de M\u00fasica de Cine, en el En Sonora en Equipo publicamos toda la informaci\u00f3n de Sonora, M\u00e9xico y el Mundo de manera oportuna y busca que la libertad de expresi\u00f3n sea real. Visita nuestro medio informativo publicado desde Hermosillo, Sonora. %\" \/>\n<meta name=\"robots\" content=\"index, follow, max-snippet:-1, max-image-preview:large, max-video-preview:-1\" \/>\n<link rel=\"canonical\" href=\"https:\/\/www.sonoraenequipo.com.mx\/musica-de-cine-cierra-temporada-de-conciertos-orquesta-filarmonica-de-sonora-\u200f\/\" \/>\n<meta property=\"og:locale\" content=\"es_ES\" \/>\n<meta property=\"og:type\" content=\"article\" \/>\n<meta property=\"og:title\" content=\"Sonora en Equipo. m\u00fasica de cine, cierra temporada de conciertos Orquesta Filarm\u00f3nica de Sonora.\u200f\" \/>\n<meta property=\"og:description\" content=\"13122015. HERMOSILLO, SONORA.MX. \u2014 La Orquesta Filarm\u00f3nica de Sonora, cerr\u00f3 su temporada de conciertos con una presentaci\u00f3n de M\u00fasica de Cine, en el En Sonora en Equipo publicamos toda la informaci\u00f3n de Sonora, M\u00e9xico y el Mundo de manera oportuna y busca que la libertad de expresi\u00f3n sea real. Visita nuestro medio informativo publicado desde Hermosillo, Sonora. %\" \/>\n<meta property=\"og:url\" content=\"https:\/\/www.sonoraenequipo.com.mx\/musica-de-cine-cierra-temporada-de-conciertos-orquesta-filarmonica-de-sonora-\u200f\/\" \/>\n<meta property=\"og:site_name\" content=\"Sonora en Equipo.\" \/>\n<meta property=\"article:publisher\" content=\"https:\/\/www.facebook.com\/SonoraEE\/\" \/>\n<meta property=\"article:author\" content=\"https:\/\/www.facebook.com\/SonoraEE\" \/>\n<meta property=\"article:published_time\" content=\"2015-12-14T16:14:43+00:00\" \/>\n<meta name=\"author\" content=\"enequipo\" \/>\n<meta name=\"twitter:card\" content=\"summary_large_image\" \/>\n<meta name=\"twitter:creator\" content=\"@sonoraenequipo\" \/>\n<meta name=\"twitter:site\" content=\"@sonoraenequipo\" \/>\n<meta name=\"twitter:label1\" content=\"Escrito por\" \/>\n\t<meta name=\"twitter:data1\" content=\"enequipo\" \/>\n\t<meta name=\"twitter:label2\" content=\"Tiempo de lectura\" \/>\n\t<meta name=\"twitter:data2\" content=\"2 minutos\" \/>\n<script type=\"application\/ld+json\" class=\"yoast-schema-graph\">{\"@context\":\"https:\/\/schema.org\",\"@graph\":[{\"@type\":\"Article\",\"@id\":\"https:\/\/www.sonoraenequipo.com.mx\/musica-de-cine-cierra-temporada-de-conciertos-orquesta-filarmonica-de-sonora-%e2%80%8f\/#article\",\"isPartOf\":{\"@id\":\"https:\/\/www.sonoraenequipo.com.mx\/musica-de-cine-cierra-temporada-de-conciertos-orquesta-filarmonica-de-sonora-%e2%80%8f\/\"},\"author\":{\"name\":\"enequipo\",\"@id\":\"https:\/\/www.sonoraenequipo.com.mx\/#\/schema\/person\/50102df0fb23a8fa9e8effad8fa81386\"},\"headline\":\"m\u00fasica de cine, cierra temporada de conciertos Orquesta Filarm\u00f3nica de Sonora.\u200f\",\"datePublished\":\"2015-12-14T16:14:43+00:00\",\"mainEntityOfPage\":{\"@id\":\"https:\/\/www.sonoraenequipo.com.mx\/musica-de-cine-cierra-temporada-de-conciertos-orquesta-filarmonica-de-sonora-%e2%80%8f\/\"},\"wordCount\":398,\"commentCount\":0,\"publisher\":{\"@id\":\"https:\/\/www.sonoraenequipo.com.mx\/#organization\"},\"articleSection\":[\"Sin categorizar\"],\"inLanguage\":\"es\",\"potentialAction\":[{\"@type\":\"CommentAction\",\"name\":\"Comment\",\"target\":[\"https:\/\/www.sonoraenequipo.com.mx\/musica-de-cine-cierra-temporada-de-conciertos-orquesta-filarmonica-de-sonora-%e2%80%8f\/#respond\"]}]},{\"@type\":\"WebPage\",\"@id\":\"https:\/\/www.sonoraenequipo.com.mx\/musica-de-cine-cierra-temporada-de-conciertos-orquesta-filarmonica-de-sonora-%e2%80%8f\/\",\"url\":\"https:\/\/www.sonoraenequipo.com.mx\/musica-de-cine-cierra-temporada-de-conciertos-orquesta-filarmonica-de-sonora-%e2%80%8f\/\",\"name\":\"Sonora en Equipo. m\u00fasica de cine, cierra temporada de conciertos Orquesta Filarm\u00f3nica de Sonora.\u200f\",\"isPartOf\":{\"@id\":\"https:\/\/www.sonoraenequipo.com.mx\/#website\"},\"datePublished\":\"2015-12-14T16:14:43+00:00\",\"description\":\"13122015. HERMOSILLO, SONORA.MX. \u2014 La Orquesta Filarm\u00f3nica de Sonora, cerr\u00f3 su temporada de conciertos con una presentaci\u00f3n de M\u00fasica de Cine, en el En Sonora en Equipo publicamos toda la informaci\u00f3n de Sonora, M\u00e9xico y el Mundo de manera oportuna y busca que la libertad de expresi\u00f3n sea real. Visita nuestro medio informativo publicado desde Hermosillo, Sonora. %\",\"breadcrumb\":{\"@id\":\"https:\/\/www.sonoraenequipo.com.mx\/musica-de-cine-cierra-temporada-de-conciertos-orquesta-filarmonica-de-sonora-%e2%80%8f\/#breadcrumb\"},\"inLanguage\":\"es\",\"potentialAction\":[{\"@type\":\"ReadAction\",\"target\":[\"https:\/\/www.sonoraenequipo.com.mx\/musica-de-cine-cierra-temporada-de-conciertos-orquesta-filarmonica-de-sonora-%e2%80%8f\/\"]}]},{\"@type\":\"BreadcrumbList\",\"@id\":\"https:\/\/www.sonoraenequipo.com.mx\/musica-de-cine-cierra-temporada-de-conciertos-orquesta-filarmonica-de-sonora-%e2%80%8f\/#breadcrumb\",\"itemListElement\":[{\"@type\":\"ListItem\",\"position\":1,\"name\":\"Portada\",\"item\":\"https:\/\/www.sonoraenequipo.com.mx\/\"},{\"@type\":\"ListItem\",\"position\":2,\"name\":\"m\u00fasica de cine, cierra temporada de conciertos Orquesta Filarm\u00f3nica de Sonora.\u200f\"}]},{\"@type\":\"WebSite\",\"@id\":\"https:\/\/www.sonoraenequipo.com.mx\/#website\",\"url\":\"https:\/\/www.sonoraenequipo.com.mx\/\",\"name\":\"Sonora en Equipo.\",\"description\":\"Diario en l\u00ednea con Noticias desde Hermosillo, Sonora\",\"publisher\":{\"@id\":\"https:\/\/www.sonoraenequipo.com.mx\/#organization\"},\"potentialAction\":[{\"@type\":\"SearchAction\",\"target\":{\"@type\":\"EntryPoint\",\"urlTemplate\":\"https:\/\/www.sonoraenequipo.com.mx\/?s={search_term_string}\"},\"query-input\":{\"@type\":\"PropertyValueSpecification\",\"valueRequired\":true,\"valueName\":\"search_term_string\"}}],\"inLanguage\":\"es\"},{\"@type\":\"Organization\",\"@id\":\"https:\/\/www.sonoraenequipo.com.mx\/#organization\",\"name\":\"Sonoraenequipo.com.mx\",\"url\":\"https:\/\/www.sonoraenequipo.com.mx\/\",\"logo\":{\"@type\":\"ImageObject\",\"inLanguage\":\"es\",\"@id\":\"https:\/\/www.sonoraenequipo.com.mx\/#\/schema\/logo\/image\/\",\"url\":\"https:\/\/www.sonoraenequipo.com.mx\/storage\/2019\/01\/sonoraenequipo_opt.png\",\"contentUrl\":\"https:\/\/www.sonoraenequipo.com.mx\/storage\/2019\/01\/sonoraenequipo_opt.png\",\"width\":375,\"height\":125,\"caption\":\"Sonoraenequipo.com.mx\"},\"image\":{\"@id\":\"https:\/\/www.sonoraenequipo.com.mx\/#\/schema\/logo\/image\/\"},\"sameAs\":[\"https:\/\/www.facebook.com\/SonoraEE\/\",\"https:\/\/x.com\/sonoraenequipo\",\"https:\/\/www.youtube.com\/channel\/UC338nW-lPEYmJQs4ZABQ1SQ\"]},{\"@type\":\"Person\",\"@id\":\"https:\/\/www.sonoraenequipo.com.mx\/#\/schema\/person\/50102df0fb23a8fa9e8effad8fa81386\",\"name\":\"enequipo\",\"image\":{\"@type\":\"ImageObject\",\"inLanguage\":\"es\",\"@id\":\"https:\/\/www.sonoraenequipo.com.mx\/#\/schema\/person\/image\/\",\"url\":\"https:\/\/secure.gravatar.com\/avatar\/049821681b589dabc0bc20695993ccebb09f5b5d4d790cd9251b97faac7c652b?s=96&d=blank&r=g\",\"contentUrl\":\"https:\/\/secure.gravatar.com\/avatar\/049821681b589dabc0bc20695993ccebb09f5b5d4d790cd9251b97faac7c652b?s=96&d=blank&r=g\",\"caption\":\"enequipo\"},\"sameAs\":[\"https:\/\/www.facebook.com\/SonoraEE\"]}]}<\/script>\n ","yoast_head_json":{"title":"Sonora en Equipo. m\u00fasica de cine, cierra temporada de conciertos Orquesta Filarm\u00f3nica de Sonora.\u200f","description":"13122015. HERMOSILLO, SONORA.MX. \u2014 La Orquesta Filarm\u00f3nica de Sonora, cerr\u00f3 su temporada de conciertos con una presentaci\u00f3n de M\u00fasica de Cine, en el En Sonora en Equipo publicamos toda la informaci\u00f3n de Sonora, M\u00e9xico y el Mundo de manera oportuna y busca que la libertad de expresi\u00f3n sea real. Visita nuestro medio informativo publicado desde Hermosillo, Sonora. %","robots":{"index":"index","follow":"follow","max-snippet":"max-snippet:-1","max-image-preview":"max-image-preview:large","max-video-preview":"max-video-preview:-1"},"canonical":"https:\/\/www.sonoraenequipo.com.mx\/musica-de-cine-cierra-temporada-de-conciertos-orquesta-filarmonica-de-sonora-\u200f\/","og_locale":"es_ES","og_type":"article","og_title":"Sonora en Equipo. m\u00fasica de cine, cierra temporada de conciertos Orquesta Filarm\u00f3nica de Sonora.\u200f","og_description":"13122015. HERMOSILLO, SONORA.MX. \u2014 La Orquesta Filarm\u00f3nica de Sonora, cerr\u00f3 su temporada de conciertos con una presentaci\u00f3n de M\u00fasica de Cine, en el En Sonora en Equipo publicamos toda la informaci\u00f3n de Sonora, M\u00e9xico y el Mundo de manera oportuna y busca que la libertad de expresi\u00f3n sea real. Visita nuestro medio informativo publicado desde Hermosillo, Sonora. %","og_url":"https:\/\/www.sonoraenequipo.com.mx\/musica-de-cine-cierra-temporada-de-conciertos-orquesta-filarmonica-de-sonora-\u200f\/","og_site_name":"Sonora en Equipo.","article_publisher":"https:\/\/www.facebook.com\/SonoraEE\/","article_author":"https:\/\/www.facebook.com\/SonoraEE","article_published_time":"2015-12-14T16:14:43+00:00","author":"enequipo","twitter_card":"summary_large_image","twitter_creator":"@sonoraenequipo","twitter_site":"@sonoraenequipo","twitter_misc":{"Escrito por":"enequipo","Tiempo de lectura":"2 minutos"},"schema":{"@context":"https:\/\/schema.org","@graph":[{"@type":"Article","@id":"https:\/\/www.sonoraenequipo.com.mx\/musica-de-cine-cierra-temporada-de-conciertos-orquesta-filarmonica-de-sonora-%e2%80%8f\/#article","isPartOf":{"@id":"https:\/\/www.sonoraenequipo.com.mx\/musica-de-cine-cierra-temporada-de-conciertos-orquesta-filarmonica-de-sonora-%e2%80%8f\/"},"author":{"name":"enequipo","@id":"https:\/\/www.sonoraenequipo.com.mx\/#\/schema\/person\/50102df0fb23a8fa9e8effad8fa81386"},"headline":"m\u00fasica de cine, cierra temporada de conciertos Orquesta Filarm\u00f3nica de Sonora.\u200f","datePublished":"2015-12-14T16:14:43+00:00","mainEntityOfPage":{"@id":"https:\/\/www.sonoraenequipo.com.mx\/musica-de-cine-cierra-temporada-de-conciertos-orquesta-filarmonica-de-sonora-%e2%80%8f\/"},"wordCount":398,"commentCount":0,"publisher":{"@id":"https:\/\/www.sonoraenequipo.com.mx\/#organization"},"articleSection":["Sin categorizar"],"inLanguage":"es","potentialAction":[{"@type":"CommentAction","name":"Comment","target":["https:\/\/www.sonoraenequipo.com.mx\/musica-de-cine-cierra-temporada-de-conciertos-orquesta-filarmonica-de-sonora-%e2%80%8f\/#respond"]}]},{"@type":"WebPage","@id":"https:\/\/www.sonoraenequipo.com.mx\/musica-de-cine-cierra-temporada-de-conciertos-orquesta-filarmonica-de-sonora-%e2%80%8f\/","url":"https:\/\/www.sonoraenequipo.com.mx\/musica-de-cine-cierra-temporada-de-conciertos-orquesta-filarmonica-de-sonora-%e2%80%8f\/","name":"Sonora en Equipo. m\u00fasica de cine, cierra temporada de conciertos Orquesta Filarm\u00f3nica de Sonora.\u200f","isPartOf":{"@id":"https:\/\/www.sonoraenequipo.com.mx\/#website"},"datePublished":"2015-12-14T16:14:43+00:00","description":"13122015. HERMOSILLO, SONORA.MX. \u2014 La Orquesta Filarm\u00f3nica de Sonora, cerr\u00f3 su temporada de conciertos con una presentaci\u00f3n de M\u00fasica de Cine, en el En Sonora en Equipo publicamos toda la informaci\u00f3n de Sonora, M\u00e9xico y el Mundo de manera oportuna y busca que la libertad de expresi\u00f3n sea real. Visita nuestro medio informativo publicado desde Hermosillo, Sonora. %","breadcrumb":{"@id":"https:\/\/www.sonoraenequipo.com.mx\/musica-de-cine-cierra-temporada-de-conciertos-orquesta-filarmonica-de-sonora-%e2%80%8f\/#breadcrumb"},"inLanguage":"es","potentialAction":[{"@type":"ReadAction","target":["https:\/\/www.sonoraenequipo.com.mx\/musica-de-cine-cierra-temporada-de-conciertos-orquesta-filarmonica-de-sonora-%e2%80%8f\/"]}]},{"@type":"BreadcrumbList","@id":"https:\/\/www.sonoraenequipo.com.mx\/musica-de-cine-cierra-temporada-de-conciertos-orquesta-filarmonica-de-sonora-%e2%80%8f\/#breadcrumb","itemListElement":[{"@type":"ListItem","position":1,"name":"Portada","item":"https:\/\/www.sonoraenequipo.com.mx\/"},{"@type":"ListItem","position":2,"name":"m\u00fasica de cine, cierra temporada de conciertos Orquesta Filarm\u00f3nica de Sonora.\u200f"}]},{"@type":"WebSite","@id":"https:\/\/www.sonoraenequipo.com.mx\/#website","url":"https:\/\/www.sonoraenequipo.com.mx\/","name":"Sonora en Equipo.","description":"Diario en l\u00ednea con Noticias desde Hermosillo, Sonora","publisher":{"@id":"https:\/\/www.sonoraenequipo.com.mx\/#organization"},"potentialAction":[{"@type":"SearchAction","target":{"@type":"EntryPoint","urlTemplate":"https:\/\/www.sonoraenequipo.com.mx\/?s={search_term_string}"},"query-input":{"@type":"PropertyValueSpecification","valueRequired":true,"valueName":"search_term_string"}}],"inLanguage":"es"},{"@type":"Organization","@id":"https:\/\/www.sonoraenequipo.com.mx\/#organization","name":"Sonoraenequipo.com.mx","url":"https:\/\/www.sonoraenequipo.com.mx\/","logo":{"@type":"ImageObject","inLanguage":"es","@id":"https:\/\/www.sonoraenequipo.com.mx\/#\/schema\/logo\/image\/","url":"https:\/\/www.sonoraenequipo.com.mx\/storage\/2019\/01\/sonoraenequipo_opt.png","contentUrl":"https:\/\/www.sonoraenequipo.com.mx\/storage\/2019\/01\/sonoraenequipo_opt.png","width":375,"height":125,"caption":"Sonoraenequipo.com.mx"},"image":{"@id":"https:\/\/www.sonoraenequipo.com.mx\/#\/schema\/logo\/image\/"},"sameAs":["https:\/\/www.facebook.com\/SonoraEE\/","https:\/\/x.com\/sonoraenequipo","https:\/\/www.youtube.com\/channel\/UC338nW-lPEYmJQs4ZABQ1SQ"]},{"@type":"Person","@id":"https:\/\/www.sonoraenequipo.com.mx\/#\/schema\/person\/50102df0fb23a8fa9e8effad8fa81386","name":"enequipo","image":{"@type":"ImageObject","inLanguage":"es","@id":"https:\/\/www.sonoraenequipo.com.mx\/#\/schema\/person\/image\/","url":"https:\/\/secure.gravatar.com\/avatar\/049821681b589dabc0bc20695993ccebb09f5b5d4d790cd9251b97faac7c652b?s=96&d=blank&r=g","contentUrl":"https:\/\/secure.gravatar.com\/avatar\/049821681b589dabc0bc20695993ccebb09f5b5d4d790cd9251b97faac7c652b?s=96&d=blank&r=g","caption":"enequipo"},"sameAs":["https:\/\/www.facebook.com\/SonoraEE"]}]}},"jetpack_featured_media_url":"","_links":{"self":[{"href":"https:\/\/www.sonoraenequipo.com.mx\/api\/wp\/v2\/posts\/1452","targetHints":{"allow":["GET"]}}],"collection":[{"href":"https:\/\/www.sonoraenequipo.com.mx\/api\/wp\/v2\/posts"}],"about":[{"href":"https:\/\/www.sonoraenequipo.com.mx\/api\/wp\/v2\/types\/post"}],"author":[{"embeddable":true,"href":"https:\/\/www.sonoraenequipo.com.mx\/api\/wp\/v2\/users\/1"}],"replies":[{"embeddable":true,"href":"https:\/\/www.sonoraenequipo.com.mx\/api\/wp\/v2\/comments?post=1452"}],"version-history":[{"count":0,"href":"https:\/\/www.sonoraenequipo.com.mx\/api\/wp\/v2\/posts\/1452\/revisions"}],"wp:attachment":[{"href":"https:\/\/www.sonoraenequipo.com.mx\/api\/wp\/v2\/media?parent=1452"}],"wp:term":[{"taxonomy":"category","embeddable":true,"href":"https:\/\/www.sonoraenequipo.com.mx\/api\/wp\/v2\/categories?post=1452"},{"taxonomy":"post_tag","embeddable":true,"href":"https:\/\/www.sonoraenequipo.com.mx\/api\/wp\/v2\/tags?post=1452"}],"curies":[{"name":"wp","href":"https:\/\/api.w.org\/{rel}","templated":true}]}}