{"id":145310,"date":"2022-08-18T21:41:27","date_gmt":"2022-08-19T04:41:27","guid":{"rendered":"https:\/\/www.sonoraenequipo.com.mx\/?p=145310"},"modified":"2022-08-18T21:41:27","modified_gmt":"2022-08-19T04:41:27","slug":"reduce-consejeria-juridica-su-gasto-en-un-83-por-ciento-adolfo-salazar","status":"publish","type":"post","link":"https:\/\/www.sonoraenequipo.com.mx\/reduce-consejeria-juridica-su-gasto-en-un-83-por-ciento-adolfo-salazar\/","title":{"rendered":"Reduce Consejer\u00eda Jur\u00eddica su gasto en un 83 por ciento: Adolfo Salazar"},"content":{"rendered":"<p><strong>HERMOSILLO, SONORA,MX.<\/strong><strong>\u2500\u2500<\/strong> Una reducci\u00f3n del gasto en un 83 por ciento es lo que ha logrado la Consejer\u00eda Jur\u00eddica pese a que, para cumplir los servicios que brinda a las y los sonorenses en materia legal, ha tenido que apoyarse de servicios profesionales externos, inform\u00f3 ayer Adolfo Salazar Razo.<\/p>\n<p>&nbsp;<\/p>\n<p>En rueda de prensa, el secretario de la Consejer\u00eda Jur\u00eddica del Estado detall\u00f3 que actualmente se est\u00e1n atendiendo seis mil 300 casos legales, por lo que, para brindar este apoyo a los solicitantes, se ha contratado a prestadores de servicios externos de car\u00e1cter jur\u00eddico.<\/p>\n<p>&nbsp;<\/p>\n<p>\u201cEstamos sujetos y estamos obligados a rendir cuentas; esa es nuestra responsabilidad. Pero tambi\u00e9n estamos obligados a cumplir con la ciudadan\u00eda, de cuidar en todo momento el patrimonio del estado. Esa es nuestra obligaci\u00f3n, de atender de una manera responsable cada juicio. Porque no estamos hablando de pocos, estamos hablando de miles de millones de pesos que radican en alrededor de seis mil 300 juicios que se est\u00e1n atendiendo o se est\u00e1n coordinando desde la Consejer\u00eda Jur\u00eddica\u201d, coment\u00f3.<\/p>\n<p>&nbsp;<\/p>\n<p>Salazar Razo detall\u00f3 que durante esta administraci\u00f3n se contrataron prestadores de servicios profesionales para la asesor\u00eda y construcci\u00f3n de asuntos de car\u00e1cter legislativo, elaboraci\u00f3n de iniciativas de ley y decretos, as\u00ed como la atenci\u00f3n a juicios de car\u00e1cter civil, mercantil, administrativo, penal, electoral, agrario y a0poyo consultivo en los asuntos vinculados a la elaboraci\u00f3n de convenios y contratos que se suscriben por todas las dependencias del Gobierno de Sonora.<\/p>\n<p>&nbsp;<\/p>\n<p>La suma total del gasto mensual para el pago a estos prestadores de servicio de apoyo jur\u00eddico es de 541 mil 482 pesos mensuales, y el gasto anual es de cuatro millones 714 mil 345 pesos para finales de diciembre; Salazar Razo aclar\u00f3 que no fueron contratados al inicio del 2022, si no en abril y mayo de este a\u00f1o.<\/p>\n<p>&nbsp;<\/p>\n<p>El consejero jur\u00eddico, detall\u00f3 que, a pesar de contratar servicios profesionales de car\u00e1cter externo, se ha logrado una reducci\u00f3n del 83 por ciento del gasto que se ejerci\u00f3 durante la pasada administraci\u00f3n.<\/p>\n<p>&nbsp;<\/p>\n<p>\u201cQuiero que quede muy claro que se ha reducido el gasto en alrededor de 83 por ciento en lo que respecta a los servicios profesionales contratados por la consejer\u00eda, porque nos comprometimos a que \u00edbamos a meter al estado en un proceso de austeridad y de ahorro\u201d, explic\u00f3.<\/p>\n<p>&nbsp;<\/p>\n<p>El titular de la Consejer\u00eda Jur\u00eddica del Estado contrast\u00f3 que, durante este 2022, el gasto anual en ese rubro, es de cuatro millones 714 mil 345 pesos, mientras que el sexenio pasado, durante toda la administraci\u00f3n, el gasto en la contrataci\u00f3n de estos servicios fue de 147 millones 691 mil pesos.<\/p>\n<p>&nbsp;<\/p>\n<p>\u201cCreo que queda muy claro que, para nosotros, es muy importante la austeridad, es muy importante la rendici\u00f3n de cuentas y la transparencia. Se puede reducir el gasto en esta dimensi\u00f3n y tener los mejores resultados. Se puede trabajar con poco, se puede trabajar acortando los presupuestos en estos temas siendo eficiente\u201d, finaliz\u00f3.<\/p>\n<p><strong><u>Fecha de Publicaci\u00f3n\u00a0 18\u00a0 de agosto de 2022 <\/u><\/strong><\/p>\n<p>&nbsp;<\/p>\n","protected":false},"excerpt":{"rendered":"<p>HERMOSILLO, SONORA,MX.\u2500\u2500 Una reducci\u00f3n del gasto en un 83 por ciento es lo que ha&#8230;<\/p>\n","protected":false},"author":1,"featured_media":145311,"comment_status":"open","ping_status":"open","sticky":false,"template":"","format":"standard","meta":{"_monsterinsights_skip_tracking":false,"_monsterinsights_sitenote_active":false,"_monsterinsights_sitenote_note":"","_monsterinsights_sitenote_category":0,"footnotes":""},"categories":[22],"tags":[7381,15],"class_list":["post"],"yoast_head":" \n<title>Sonora en Equipo. Reduce Consejer\u00eda Jur\u00eddica su gasto en un 83 por ciento: Adolfo Salazar Sonora<\/title>\n<meta name=\"description\" content=\"HERMOSILLO, SONORA,MX.\u2500\u2500 Una reducci\u00f3n del gasto en un 83 por ciento es lo que ha logrado la Consejer\u00eda Jur\u00eddica pese a que, para cumplir los servicios En Sonora en Equipo publicamos toda la informaci\u00f3n de Sonora, M\u00e9xico y el Mundo de manera oportuna y busca que la libertad de expresi\u00f3n sea real. Visita nuestro medio informativo publicado desde Hermosillo, Sonora. %\" \/>\n<meta name=\"robots\" content=\"index, follow, max-snippet:-1, max-image-preview:large, max-video-preview:-1\" \/>\n<link rel=\"canonical\" href=\"https:\/\/www.sonoraenequipo.com.mx\/reduce-consejeria-juridica-su-gasto-en-un-83-por-ciento-adolfo-salazar\/\" \/>\n<meta property=\"og:locale\" content=\"es_ES\" \/>\n<meta property=\"og:type\" content=\"article\" \/>\n<meta property=\"og:title\" content=\"Sonora en Equipo. Reduce Consejer\u00eda Jur\u00eddica su gasto en un 83 por ciento: Adolfo Salazar Sonora\" \/>\n<meta property=\"og:description\" content=\"HERMOSILLO, SONORA,MX.\u2500\u2500 Una reducci\u00f3n del gasto en un 83 por ciento es lo que ha logrado la Consejer\u00eda Jur\u00eddica pese a que, para cumplir los servicios En Sonora en Equipo publicamos toda la informaci\u00f3n de Sonora, M\u00e9xico y el Mundo de manera oportuna y busca que la libertad de expresi\u00f3n sea real. Visita nuestro medio informativo publicado desde Hermosillo, Sonora. %\" \/>\n<meta property=\"og:url\" content=\"https:\/\/www.sonoraenequipo.com.mx\/reduce-consejeria-juridica-su-gasto-en-un-83-por-ciento-adolfo-salazar\/\" \/>\n<meta property=\"og:site_name\" content=\"Sonora en Equipo.\" \/>\n<meta property=\"article:publisher\" content=\"https:\/\/www.facebook.com\/SonoraEE\/\" \/>\n<meta property=\"article:author\" content=\"https:\/\/www.facebook.com\/SonoraEE\" \/>\n<meta property=\"article:published_time\" content=\"2022-08-19T04:41:27+00:00\" \/>\n<meta property=\"og:image\" content=\"https:\/\/www.sonoraenequipo.com.mx\/storage\/2022\/08\/salazar.jpg\" \/>\n\t<meta property=\"og:image:width\" content=\"600\" \/>\n\t<meta property=\"og:image:height\" content=\"400\" \/>\n\t<meta property=\"og:image:type\" content=\"image\/jpeg\" \/>\n<meta name=\"author\" content=\"enequipo\" \/>\n<meta name=\"twitter:card\" content=\"summary_large_image\" \/>\n<meta name=\"twitter:creator\" content=\"@sonoraenequipo\" \/>\n<meta name=\"twitter:site\" content=\"@sonoraenequipo\" \/>\n<meta name=\"twitter:label1\" content=\"Escrito por\" \/>\n\t<meta name=\"twitter:data1\" content=\"enequipo\" \/>\n\t<meta name=\"twitter:label2\" content=\"Tiempo de lectura\" \/>\n\t<meta name=\"twitter:data2\" content=\"3 minutos\" \/>\n<script type=\"application\/ld+json\" class=\"yoast-schema-graph\">{\"@context\":\"https:\/\/schema.org\",\"@graph\":[{\"@type\":\"Article\",\"@id\":\"https:\/\/www.sonoraenequipo.com.mx\/reduce-consejeria-juridica-su-gasto-en-un-83-por-ciento-adolfo-salazar\/#article\",\"isPartOf\":{\"@id\":\"https:\/\/www.sonoraenequipo.com.mx\/reduce-consejeria-juridica-su-gasto-en-un-83-por-ciento-adolfo-salazar\/\"},\"author\":{\"name\":\"enequipo\",\"@id\":\"https:\/\/www.sonoraenequipo.com.mx\/#\/schema\/person\/50102df0fb23a8fa9e8effad8fa81386\"},\"headline\":\"Reduce Consejer\u00eda Jur\u00eddica su gasto en un 83 por ciento: Adolfo Salazar\",\"datePublished\":\"2022-08-19T04:41:27+00:00\",\"mainEntityOfPage\":{\"@id\":\"https:\/\/www.sonoraenequipo.com.mx\/reduce-consejeria-juridica-su-gasto-en-un-83-por-ciento-adolfo-salazar\/\"},\"wordCount\":536,\"commentCount\":0,\"publisher\":{\"@id\":\"https:\/\/www.sonoraenequipo.com.mx\/#organization\"},\"image\":{\"@id\":\"https:\/\/www.sonoraenequipo.com.mx\/reduce-consejeria-juridica-su-gasto-en-un-83-por-ciento-adolfo-salazar\/#primaryimage\"},\"thumbnailUrl\":\"https:\/\/www.sonoraenequipo.com.mx\/storage\/2022\/08\/salazar.jpg\",\"keywords\":[\"consejeria jur\u00eddica\",\"Sonora\"],\"articleSection\":[\"Sonora\"],\"inLanguage\":\"es\",\"potentialAction\":[{\"@type\":\"CommentAction\",\"name\":\"Comment\",\"target\":[\"https:\/\/www.sonoraenequipo.com.mx\/reduce-consejeria-juridica-su-gasto-en-un-83-por-ciento-adolfo-salazar\/#respond\"]}]},{\"@type\":\"WebPage\",\"@id\":\"https:\/\/www.sonoraenequipo.com.mx\/reduce-consejeria-juridica-su-gasto-en-un-83-por-ciento-adolfo-salazar\/\",\"url\":\"https:\/\/www.sonoraenequipo.com.mx\/reduce-consejeria-juridica-su-gasto-en-un-83-por-ciento-adolfo-salazar\/\",\"name\":\"Sonora en Equipo. Reduce Consejer\u00eda Jur\u00eddica su gasto en un 83 por ciento: Adolfo Salazar Sonora\",\"isPartOf\":{\"@id\":\"https:\/\/www.sonoraenequipo.com.mx\/#website\"},\"primaryImageOfPage\":{\"@id\":\"https:\/\/www.sonoraenequipo.com.mx\/reduce-consejeria-juridica-su-gasto-en-un-83-por-ciento-adolfo-salazar\/#primaryimage\"},\"image\":{\"@id\":\"https:\/\/www.sonoraenequipo.com.mx\/reduce-consejeria-juridica-su-gasto-en-un-83-por-ciento-adolfo-salazar\/#primaryimage\"},\"thumbnailUrl\":\"https:\/\/www.sonoraenequipo.com.mx\/storage\/2022\/08\/salazar.jpg\",\"datePublished\":\"2022-08-19T04:41:27+00:00\",\"description\":\"HERMOSILLO, SONORA,MX.\u2500\u2500 Una reducci\u00f3n del gasto en un 83 por ciento es lo que ha logrado la Consejer\u00eda Jur\u00eddica pese a que, para cumplir los servicios En Sonora en Equipo publicamos toda la informaci\u00f3n de Sonora, M\u00e9xico y el Mundo de manera oportuna y busca que la libertad de expresi\u00f3n sea real. Visita nuestro medio informativo publicado desde Hermosillo, Sonora. %\",\"breadcrumb\":{\"@id\":\"https:\/\/www.sonoraenequipo.com.mx\/reduce-consejeria-juridica-su-gasto-en-un-83-por-ciento-adolfo-salazar\/#breadcrumb\"},\"inLanguage\":\"es\",\"potentialAction\":[{\"@type\":\"ReadAction\",\"target\":[\"https:\/\/www.sonoraenequipo.com.mx\/reduce-consejeria-juridica-su-gasto-en-un-83-por-ciento-adolfo-salazar\/\"]}]},{\"@type\":\"ImageObject\",\"inLanguage\":\"es\",\"@id\":\"https:\/\/www.sonoraenequipo.com.mx\/reduce-consejeria-juridica-su-gasto-en-un-83-por-ciento-adolfo-salazar\/#primaryimage\",\"url\":\"https:\/\/www.sonoraenequipo.com.mx\/storage\/2022\/08\/salazar.jpg\",\"contentUrl\":\"https:\/\/www.sonoraenequipo.com.mx\/storage\/2022\/08\/salazar.jpg\",\"width\":600,\"height\":400},{\"@type\":\"BreadcrumbList\",\"@id\":\"https:\/\/www.sonoraenequipo.com.mx\/reduce-consejeria-juridica-su-gasto-en-un-83-por-ciento-adolfo-salazar\/#breadcrumb\",\"itemListElement\":[{\"@type\":\"ListItem\",\"position\":1,\"name\":\"Portada\",\"item\":\"https:\/\/www.sonoraenequipo.com.mx\/\"},{\"@type\":\"ListItem\",\"position\":2,\"name\":\"Reduce Consejer\u00eda Jur\u00eddica su gasto en un 83 por ciento: Adolfo Salazar\"}]},{\"@type\":\"WebSite\",\"@id\":\"https:\/\/www.sonoraenequipo.com.mx\/#website\",\"url\":\"https:\/\/www.sonoraenequipo.com.mx\/\",\"name\":\"Sonora en Equipo.\",\"description\":\"Diario en l\u00ednea con Noticias desde Hermosillo, Sonora\",\"publisher\":{\"@id\":\"https:\/\/www.sonoraenequipo.com.mx\/#organization\"},\"potentialAction\":[{\"@type\":\"SearchAction\",\"target\":{\"@type\":\"EntryPoint\",\"urlTemplate\":\"https:\/\/www.sonoraenequipo.com.mx\/?s={search_term_string}\"},\"query-input\":{\"@type\":\"PropertyValueSpecification\",\"valueRequired\":true,\"valueName\":\"search_term_string\"}}],\"inLanguage\":\"es\"},{\"@type\":\"Organization\",\"@id\":\"https:\/\/www.sonoraenequipo.com.mx\/#organization\",\"name\":\"Sonoraenequipo.com.mx\",\"url\":\"https:\/\/www.sonoraenequipo.com.mx\/\",\"logo\":{\"@type\":\"ImageObject\",\"inLanguage\":\"es\",\"@id\":\"https:\/\/www.sonoraenequipo.com.mx\/#\/schema\/logo\/image\/\",\"url\":\"https:\/\/www.sonoraenequipo.com.mx\/storage\/2019\/01\/sonoraenequipo_opt.png\",\"contentUrl\":\"https:\/\/www.sonoraenequipo.com.mx\/storage\/2019\/01\/sonoraenequipo_opt.png\",\"width\":375,\"height\":125,\"caption\":\"Sonoraenequipo.com.mx\"},\"image\":{\"@id\":\"https:\/\/www.sonoraenequipo.com.mx\/#\/schema\/logo\/image\/\"},\"sameAs\":[\"https:\/\/www.facebook.com\/SonoraEE\/\",\"https:\/\/x.com\/sonoraenequipo\",\"https:\/\/www.youtube.com\/channel\/UC338nW-lPEYmJQs4ZABQ1SQ\"]},{\"@type\":\"Person\",\"@id\":\"https:\/\/www.sonoraenequipo.com.mx\/#\/schema\/person\/50102df0fb23a8fa9e8effad8fa81386\",\"name\":\"enequipo\",\"image\":{\"@type\":\"ImageObject\",\"inLanguage\":\"es\",\"@id\":\"https:\/\/www.sonoraenequipo.com.mx\/#\/schema\/person\/image\/\",\"url\":\"https:\/\/secure.gravatar.com\/avatar\/049821681b589dabc0bc20695993ccebb09f5b5d4d790cd9251b97faac7c652b?s=96&d=blank&r=g\",\"contentUrl\":\"https:\/\/secure.gravatar.com\/avatar\/049821681b589dabc0bc20695993ccebb09f5b5d4d790cd9251b97faac7c652b?s=96&d=blank&r=g\",\"caption\":\"enequipo\"},\"sameAs\":[\"https:\/\/www.facebook.com\/SonoraEE\"]}]}<\/script>\n ","yoast_head_json":{"title":"Sonora en Equipo. Reduce Consejer\u00eda Jur\u00eddica su gasto en un 83 por ciento: Adolfo Salazar Sonora","description":"HERMOSILLO, SONORA,MX.\u2500\u2500 Una reducci\u00f3n del gasto en un 83 por ciento es lo que ha logrado la Consejer\u00eda Jur\u00eddica pese a que, para cumplir los servicios En Sonora en Equipo publicamos toda la informaci\u00f3n de Sonora, M\u00e9xico y el Mundo de manera oportuna y busca que la libertad de expresi\u00f3n sea real. Visita nuestro medio informativo publicado desde Hermosillo, Sonora. %","robots":{"index":"index","follow":"follow","max-snippet":"max-snippet:-1","max-image-preview":"max-image-preview:large","max-video-preview":"max-video-preview:-1"},"canonical":"https:\/\/www.sonoraenequipo.com.mx\/reduce-consejeria-juridica-su-gasto-en-un-83-por-ciento-adolfo-salazar\/","og_locale":"es_ES","og_type":"article","og_title":"Sonora en Equipo. Reduce Consejer\u00eda Jur\u00eddica su gasto en un 83 por ciento: Adolfo Salazar Sonora","og_description":"HERMOSILLO, SONORA,MX.\u2500\u2500 Una reducci\u00f3n del gasto en un 83 por ciento es lo que ha logrado la Consejer\u00eda Jur\u00eddica pese a que, para cumplir los servicios En Sonora en Equipo publicamos toda la informaci\u00f3n de Sonora, M\u00e9xico y el Mundo de manera oportuna y busca que la libertad de expresi\u00f3n sea real. Visita nuestro medio informativo publicado desde Hermosillo, Sonora. %","og_url":"https:\/\/www.sonoraenequipo.com.mx\/reduce-consejeria-juridica-su-gasto-en-un-83-por-ciento-adolfo-salazar\/","og_site_name":"Sonora en Equipo.","article_publisher":"https:\/\/www.facebook.com\/SonoraEE\/","article_author":"https:\/\/www.facebook.com\/SonoraEE","article_published_time":"2022-08-19T04:41:27+00:00","og_image":[{"width":600,"height":400,"url":"https:\/\/www.sonoraenequipo.com.mx\/storage\/2022\/08\/salazar.jpg","type":"image\/jpeg"}],"author":"enequipo","twitter_card":"summary_large_image","twitter_creator":"@sonoraenequipo","twitter_site":"@sonoraenequipo","twitter_misc":{"Escrito por":"enequipo","Tiempo de lectura":"3 minutos"},"schema":{"@context":"https:\/\/schema.org","@graph":[{"@type":"Article","@id":"https:\/\/www.sonoraenequipo.com.mx\/reduce-consejeria-juridica-su-gasto-en-un-83-por-ciento-adolfo-salazar\/#article","isPartOf":{"@id":"https:\/\/www.sonoraenequipo.com.mx\/reduce-consejeria-juridica-su-gasto-en-un-83-por-ciento-adolfo-salazar\/"},"author":{"name":"enequipo","@id":"https:\/\/www.sonoraenequipo.com.mx\/#\/schema\/person\/50102df0fb23a8fa9e8effad8fa81386"},"headline":"Reduce Consejer\u00eda Jur\u00eddica su gasto en un 83 por ciento: Adolfo Salazar","datePublished":"2022-08-19T04:41:27+00:00","mainEntityOfPage":{"@id":"https:\/\/www.sonoraenequipo.com.mx\/reduce-consejeria-juridica-su-gasto-en-un-83-por-ciento-adolfo-salazar\/"},"wordCount":536,"commentCount":0,"publisher":{"@id":"https:\/\/www.sonoraenequipo.com.mx\/#organization"},"image":{"@id":"https:\/\/www.sonoraenequipo.com.mx\/reduce-consejeria-juridica-su-gasto-en-un-83-por-ciento-adolfo-salazar\/#primaryimage"},"thumbnailUrl":"https:\/\/www.sonoraenequipo.com.mx\/storage\/2022\/08\/salazar.jpg","keywords":["consejeria jur\u00eddica","Sonora"],"articleSection":["Sonora"],"inLanguage":"es","potentialAction":[{"@type":"CommentAction","name":"Comment","target":["https:\/\/www.sonoraenequipo.com.mx\/reduce-consejeria-juridica-su-gasto-en-un-83-por-ciento-adolfo-salazar\/#respond"]}]},{"@type":"WebPage","@id":"https:\/\/www.sonoraenequipo.com.mx\/reduce-consejeria-juridica-su-gasto-en-un-83-por-ciento-adolfo-salazar\/","url":"https:\/\/www.sonoraenequipo.com.mx\/reduce-consejeria-juridica-su-gasto-en-un-83-por-ciento-adolfo-salazar\/","name":"Sonora en Equipo. Reduce Consejer\u00eda Jur\u00eddica su gasto en un 83 por ciento: Adolfo Salazar Sonora","isPartOf":{"@id":"https:\/\/www.sonoraenequipo.com.mx\/#website"},"primaryImageOfPage":{"@id":"https:\/\/www.sonoraenequipo.com.mx\/reduce-consejeria-juridica-su-gasto-en-un-83-por-ciento-adolfo-salazar\/#primaryimage"},"image":{"@id":"https:\/\/www.sonoraenequipo.com.mx\/reduce-consejeria-juridica-su-gasto-en-un-83-por-ciento-adolfo-salazar\/#primaryimage"},"thumbnailUrl":"https:\/\/www.sonoraenequipo.com.mx\/storage\/2022\/08\/salazar.jpg","datePublished":"2022-08-19T04:41:27+00:00","description":"HERMOSILLO, SONORA,MX.\u2500\u2500 Una reducci\u00f3n del gasto en un 83 por ciento es lo que ha logrado la Consejer\u00eda Jur\u00eddica pese a que, para cumplir los servicios En Sonora en Equipo publicamos toda la informaci\u00f3n de Sonora, M\u00e9xico y el Mundo de manera oportuna y busca que la libertad de expresi\u00f3n sea real. Visita nuestro medio informativo publicado desde Hermosillo, Sonora. %","breadcrumb":{"@id":"https:\/\/www.sonoraenequipo.com.mx\/reduce-consejeria-juridica-su-gasto-en-un-83-por-ciento-adolfo-salazar\/#breadcrumb"},"inLanguage":"es","potentialAction":[{"@type":"ReadAction","target":["https:\/\/www.sonoraenequipo.com.mx\/reduce-consejeria-juridica-su-gasto-en-un-83-por-ciento-adolfo-salazar\/"]}]},{"@type":"ImageObject","inLanguage":"es","@id":"https:\/\/www.sonoraenequipo.com.mx\/reduce-consejeria-juridica-su-gasto-en-un-83-por-ciento-adolfo-salazar\/#primaryimage","url":"https:\/\/www.sonoraenequipo.com.mx\/storage\/2022\/08\/salazar.jpg","contentUrl":"https:\/\/www.sonoraenequipo.com.mx\/storage\/2022\/08\/salazar.jpg","width":600,"height":400},{"@type":"BreadcrumbList","@id":"https:\/\/www.sonoraenequipo.com.mx\/reduce-consejeria-juridica-su-gasto-en-un-83-por-ciento-adolfo-salazar\/#breadcrumb","itemListElement":[{"@type":"ListItem","position":1,"name":"Portada","item":"https:\/\/www.sonoraenequipo.com.mx\/"},{"@type":"ListItem","position":2,"name":"Reduce Consejer\u00eda Jur\u00eddica su gasto en un 83 por ciento: Adolfo Salazar"}]},{"@type":"WebSite","@id":"https:\/\/www.sonoraenequipo.com.mx\/#website","url":"https:\/\/www.sonoraenequipo.com.mx\/","name":"Sonora en Equipo.","description":"Diario en l\u00ednea con Noticias desde Hermosillo, Sonora","publisher":{"@id":"https:\/\/www.sonoraenequipo.com.mx\/#organization"},"potentialAction":[{"@type":"SearchAction","target":{"@type":"EntryPoint","urlTemplate":"https:\/\/www.sonoraenequipo.com.mx\/?s={search_term_string}"},"query-input":{"@type":"PropertyValueSpecification","valueRequired":true,"valueName":"search_term_string"}}],"inLanguage":"es"},{"@type":"Organization","@id":"https:\/\/www.sonoraenequipo.com.mx\/#organization","name":"Sonoraenequipo.com.mx","url":"https:\/\/www.sonoraenequipo.com.mx\/","logo":{"@type":"ImageObject","inLanguage":"es","@id":"https:\/\/www.sonoraenequipo.com.mx\/#\/schema\/logo\/image\/","url":"https:\/\/www.sonoraenequipo.com.mx\/storage\/2019\/01\/sonoraenequipo_opt.png","contentUrl":"https:\/\/www.sonoraenequipo.com.mx\/storage\/2019\/01\/sonoraenequipo_opt.png","width":375,"height":125,"caption":"Sonoraenequipo.com.mx"},"image":{"@id":"https:\/\/www.sonoraenequipo.com.mx\/#\/schema\/logo\/image\/"},"sameAs":["https:\/\/www.facebook.com\/SonoraEE\/","https:\/\/x.com\/sonoraenequipo","https:\/\/www.youtube.com\/channel\/UC338nW-lPEYmJQs4ZABQ1SQ"]},{"@type":"Person","@id":"https:\/\/www.sonoraenequipo.com.mx\/#\/schema\/person\/50102df0fb23a8fa9e8effad8fa81386","name":"enequipo","image":{"@type":"ImageObject","inLanguage":"es","@id":"https:\/\/www.sonoraenequipo.com.mx\/#\/schema\/person\/image\/","url":"https:\/\/secure.gravatar.com\/avatar\/049821681b589dabc0bc20695993ccebb09f5b5d4d790cd9251b97faac7c652b?s=96&d=blank&r=g","contentUrl":"https:\/\/secure.gravatar.com\/avatar\/049821681b589dabc0bc20695993ccebb09f5b5d4d790cd9251b97faac7c652b?s=96&d=blank&r=g","caption":"enequipo"},"sameAs":["https:\/\/www.facebook.com\/SonoraEE"]}]}},"jetpack_featured_media_url":"https:\/\/www.sonoraenequipo.com.mx\/storage\/2022\/08\/salazar.jpg","_links":{"self":[{"href":"https:\/\/www.sonoraenequipo.com.mx\/api\/wp\/v2\/posts\/145310","targetHints":{"allow":["GET"]}}],"collection":[{"href":"https:\/\/www.sonoraenequipo.com.mx\/api\/wp\/v2\/posts"}],"about":[{"href":"https:\/\/www.sonoraenequipo.com.mx\/api\/wp\/v2\/types\/post"}],"author":[{"embeddable":true,"href":"https:\/\/www.sonoraenequipo.com.mx\/api\/wp\/v2\/users\/1"}],"replies":[{"embeddable":true,"href":"https:\/\/www.sonoraenequipo.com.mx\/api\/wp\/v2\/comments?post=145310"}],"version-history":[{"count":1,"href":"https:\/\/www.sonoraenequipo.com.mx\/api\/wp\/v2\/posts\/145310\/revisions"}],"predecessor-version":[{"id":145312,"href":"https:\/\/www.sonoraenequipo.com.mx\/api\/wp\/v2\/posts\/145310\/revisions\/145312"}],"wp:featuredmedia":[{"embeddable":true,"href":"https:\/\/www.sonoraenequipo.com.mx\/api\/wp\/v2\/media\/145311"}],"wp:attachment":[{"href":"https:\/\/www.sonoraenequipo.com.mx\/api\/wp\/v2\/media?parent=145310"}],"wp:term":[{"taxonomy":"category","embeddable":true,"href":"https:\/\/www.sonoraenequipo.com.mx\/api\/wp\/v2\/categories?post=145310"},{"taxonomy":"post_tag","embeddable":true,"href":"https:\/\/www.sonoraenequipo.com.mx\/api\/wp\/v2\/tags?post=145310"}],"curies":[{"name":"wp","href":"https:\/\/api.w.org\/{rel}","templated":true}]}}