{"id":145316,"date":"2022-08-18T21:55:08","date_gmt":"2022-08-19T04:55:08","guid":{"rendered":"https:\/\/www.sonoraenequipo.com.mx\/?p=145316"},"modified":"2022-08-18T21:55:08","modified_gmt":"2022-08-19T04:55:08","slug":"invitan-a-mipymes-a-participar-en-hermosillo-47-desafio-empresarial-2","status":"publish","type":"post","link":"https:\/\/www.sonoraenequipo.com.mx\/invitan-a-mipymes-a-participar-en-hermosillo-47-desafio-empresarial-2\/","title":{"rendered":"Invitan a MiPyMEs a participar en Hermosillo 47, desaf\u00edo empresarial"},"content":{"rendered":"<p><strong>HERMOSILLO, SONORA,MX.<\/strong><strong>\u2500\u2500<\/strong> Para aquellas micro, peque\u00f1as y medianas empresas (MiPyMEs) que busquen acelerar su crecimiento, la Agencia Municipal de Desarrollo Econ\u00f3mico (AMDE), ha anunciado \u201cHermosillo 47\u201d, un desaf\u00edo empresarial que busca impulsarlas.<\/p>\n<p>La directora de la AMDE, Gertie M. Agraz Boeneker sostuvo un encuentro con empresarios y representantes de instituciones para explicar en qu\u00e9 consiste este desaf\u00edo que constar\u00e1 de tres etapas para las MiPyMEs participantes, una ser\u00e1 la capacitaci\u00f3n, la segunda un evento magistral que contar\u00e1 con charlas, espacios de networking y aprendizaje adem\u00e1s del desaf\u00edo empresarial y la tercera el cierre que incluye mentor\u00edas con empresarios muy reconocidos en Hermosillo.<\/p>\n<p>\u201cEstamos invitando a empresas de muy reciente creaci\u00f3n, hasta empresas ya consolidadas pero que est\u00e9n en un momento en el que requieren un empujoncito para acelerar, escalar, desarrollar un proyecto que represente una expansi\u00f3n, una mayor generaci\u00f3n de empleos\u201d, agreg\u00f3.<\/p>\n<p>Durante el evento magistral programado para el 29 de septiembre en el Tec de Monterrey que contar\u00e1 con conferencistas como Oso Trava, Sarah\u00ed Contreras y David Mart\u00ednez, se presentar\u00e1n a los diez finalistas de este desaf\u00edo quienes podr\u00e1n concursar por un premio que hasta el momento supera los 100 mil pesos tanto en efectivo como en especie.<\/p>\n<p>\u201cHay qu\u00e9 agregar que durante el evento magistral vamos a tener a todas las empresas que se hayan registrado, nuestros jueces son empresarios que han aceptado participar como mentores y van a hacer una selecci\u00f3n de diez empresas que har\u00e1n un \u201cpitch\u201d de tres minutos de los cuales, tres resultar\u00e1n ganadores, adem\u00e1s de premios especiales y vamos a tener una bolsa de m\u00e1s de 100 mil pesos\u201d, expres\u00f3.<\/p>\n<p>Quienes deseen registrarse en la convocatoria que ya se encuentra abierta deber\u00e1n ingresar a www.hermosillo47.com donde podr\u00e1n ver las bases para formar parte de este desaf\u00edo para aquellas empresas que busquen un impulso.<\/p>\n<p>Asistieron Omar Guti\u00e9rrez G\u00f3mez, director del Centro Municipal del Emprendedor; Alexis Samaniego, empresario local y Ra\u00fal Liz\u00e1rraras, director del Instituto de Emprendimiento del Tec de Monterrey quienes detallaron los objetivos y din\u00e1mica de este desaf\u00edo empresarial.<\/p>\n<p>Detalles:<\/p>\n<p>*28 de junio: Inicio de convocatoria<\/p>\n<p>*4 de septiembre: Cierre de convocatoria<\/p>\n<p>*Del 5 al 7 de septiembre: Capacitaciones para empresas participantes<\/p>\n<p>* 19 de septiembre: Anuncio de empresas finalistas<\/p>\n<p>* 29 de septiembre: Evento Magistral con Oso Trava, conferencista, inversionista y asesor de empresas; Sarah\u00ed Contreras, con el tema E- Commerce y David Mart\u00ednez, gestor y analista.<\/p>\n<p>*3 de octubre: Mentor\u00edas por empresarios locales para finalistas.<\/p>\n<p><strong><u>Fecha de Publicaci\u00f3n\u00a0 18\u00a0 de agosto de 2022 <\/u><\/strong><\/p>\n<p>&nbsp;<\/p>\n","protected":false},"excerpt":{"rendered":"<p>HERMOSILLO, SONORA,MX.\u2500\u2500 Para aquellas micro, peque\u00f1as y medianas empresas (MiPyMEs) que busquen acelerar su crecimiento,&#8230;<\/p>\n","protected":false},"author":1,"featured_media":145317,"comment_status":"open","ping_status":"open","sticky":false,"template":"","format":"standard","meta":{"_monsterinsights_skip_tracking":false,"_monsterinsights_sitenote_active":false,"_monsterinsights_sitenote_note":"","_monsterinsights_sitenote_category":0,"footnotes":""},"categories":[4],"tags":[93,35],"class_list":["post"],"yoast_head":" \n<title>Sonora en Equipo. Invitan a MiPyMEs a participar en Hermosillo 47, desaf\u00edo empresarial Municipios<\/title>\n<meta name=\"description\" content=\"HERMOSILLO, SONORA,MX.\u2500\u2500 Para aquellas micro, peque\u00f1as y medianas empresas (MiPyMEs) que busquen acelerar su crecimiento, la Agencia Municipal de En Sonora en Equipo publicamos toda la informaci\u00f3n de Sonora, M\u00e9xico y el Mundo de manera oportuna y busca que la libertad de expresi\u00f3n sea real. Visita nuestro medio informativo publicado desde Hermosillo, Sonora. %\" \/>\n<meta name=\"robots\" content=\"index, follow, max-snippet:-1, max-image-preview:large, max-video-preview:-1\" \/>\n<link rel=\"canonical\" href=\"https:\/\/www.sonoraenequipo.com.mx\/invitan-a-mipymes-a-participar-en-hermosillo-47-desafio-empresarial-2\/\" \/>\n<meta property=\"og:locale\" content=\"es_ES\" \/>\n<meta property=\"og:type\" content=\"article\" \/>\n<meta property=\"og:title\" content=\"Sonora en Equipo. Invitan a MiPyMEs a participar en Hermosillo 47, desaf\u00edo empresarial Municipios\" \/>\n<meta property=\"og:description\" content=\"HERMOSILLO, SONORA,MX.\u2500\u2500 Para aquellas micro, peque\u00f1as y medianas empresas (MiPyMEs) que busquen acelerar su crecimiento, la Agencia Municipal de En Sonora en Equipo publicamos toda la informaci\u00f3n de Sonora, M\u00e9xico y el Mundo de manera oportuna y busca que la libertad de expresi\u00f3n sea real. Visita nuestro medio informativo publicado desde Hermosillo, Sonora. %\" \/>\n<meta property=\"og:url\" content=\"https:\/\/www.sonoraenequipo.com.mx\/invitan-a-mipymes-a-participar-en-hermosillo-47-desafio-empresarial-2\/\" \/>\n<meta property=\"og:site_name\" content=\"Sonora en Equipo.\" \/>\n<meta property=\"article:publisher\" content=\"https:\/\/www.facebook.com\/SonoraEE\/\" \/>\n<meta property=\"article:author\" content=\"https:\/\/www.facebook.com\/SonoraEE\" \/>\n<meta property=\"article:published_time\" content=\"2022-08-19T04:55:08+00:00\" \/>\n<meta property=\"og:image\" content=\"https:\/\/www.sonoraenequipo.com.mx\/storage\/2022\/08\/hmo47.jpg\" \/>\n\t<meta property=\"og:image:width\" content=\"600\" \/>\n\t<meta property=\"og:image:height\" content=\"400\" \/>\n\t<meta property=\"og:image:type\" content=\"image\/jpeg\" \/>\n<meta name=\"author\" content=\"enequipo\" \/>\n<meta name=\"twitter:card\" content=\"summary_large_image\" \/>\n<meta name=\"twitter:creator\" content=\"@sonoraenequipo\" \/>\n<meta name=\"twitter:site\" content=\"@sonoraenequipo\" \/>\n<meta name=\"twitter:label1\" content=\"Escrito por\" \/>\n\t<meta name=\"twitter:data1\" content=\"enequipo\" \/>\n\t<meta name=\"twitter:label2\" content=\"Tiempo de lectura\" \/>\n\t<meta name=\"twitter:data2\" content=\"2 minutos\" \/>\n<script type=\"application\/ld+json\" class=\"yoast-schema-graph\">{\"@context\":\"https:\/\/schema.org\",\"@graph\":[{\"@type\":\"Article\",\"@id\":\"https:\/\/www.sonoraenequipo.com.mx\/invitan-a-mipymes-a-participar-en-hermosillo-47-desafio-empresarial-2\/#article\",\"isPartOf\":{\"@id\":\"https:\/\/www.sonoraenequipo.com.mx\/invitan-a-mipymes-a-participar-en-hermosillo-47-desafio-empresarial-2\/\"},\"author\":{\"name\":\"enequipo\",\"@id\":\"https:\/\/www.sonoraenequipo.com.mx\/#\/schema\/person\/50102df0fb23a8fa9e8effad8fa81386\"},\"headline\":\"Invitan a MiPyMEs a participar en Hermosillo 47, desaf\u00edo empresarial\",\"datePublished\":\"2022-08-19T04:55:08+00:00\",\"mainEntityOfPage\":{\"@id\":\"https:\/\/www.sonoraenequipo.com.mx\/invitan-a-mipymes-a-participar-en-hermosillo-47-desafio-empresarial-2\/\"},\"wordCount\":444,\"commentCount\":0,\"publisher\":{\"@id\":\"https:\/\/www.sonoraenequipo.com.mx\/#organization\"},\"image\":{\"@id\":\"https:\/\/www.sonoraenequipo.com.mx\/invitan-a-mipymes-a-participar-en-hermosillo-47-desafio-empresarial-2\/#primaryimage\"},\"thumbnailUrl\":\"https:\/\/www.sonoraenequipo.com.mx\/storage\/2022\/08\/hmo47.jpg\",\"keywords\":[\"econom\u00eda\",\"hermosillo\"],\"articleSection\":[\"Municipios\"],\"inLanguage\":\"es\",\"potentialAction\":[{\"@type\":\"CommentAction\",\"name\":\"Comment\",\"target\":[\"https:\/\/www.sonoraenequipo.com.mx\/invitan-a-mipymes-a-participar-en-hermosillo-47-desafio-empresarial-2\/#respond\"]}]},{\"@type\":\"WebPage\",\"@id\":\"https:\/\/www.sonoraenequipo.com.mx\/invitan-a-mipymes-a-participar-en-hermosillo-47-desafio-empresarial-2\/\",\"url\":\"https:\/\/www.sonoraenequipo.com.mx\/invitan-a-mipymes-a-participar-en-hermosillo-47-desafio-empresarial-2\/\",\"name\":\"Sonora en Equipo. Invitan a MiPyMEs a participar en Hermosillo 47, desaf\u00edo empresarial Municipios\",\"isPartOf\":{\"@id\":\"https:\/\/www.sonoraenequipo.com.mx\/#website\"},\"primaryImageOfPage\":{\"@id\":\"https:\/\/www.sonoraenequipo.com.mx\/invitan-a-mipymes-a-participar-en-hermosillo-47-desafio-empresarial-2\/#primaryimage\"},\"image\":{\"@id\":\"https:\/\/www.sonoraenequipo.com.mx\/invitan-a-mipymes-a-participar-en-hermosillo-47-desafio-empresarial-2\/#primaryimage\"},\"thumbnailUrl\":\"https:\/\/www.sonoraenequipo.com.mx\/storage\/2022\/08\/hmo47.jpg\",\"datePublished\":\"2022-08-19T04:55:08+00:00\",\"description\":\"HERMOSILLO, SONORA,MX.\u2500\u2500 Para aquellas micro, peque\u00f1as y medianas empresas (MiPyMEs) que busquen acelerar su crecimiento, la Agencia Municipal de En Sonora en Equipo publicamos toda la informaci\u00f3n de Sonora, M\u00e9xico y el Mundo de manera oportuna y busca que la libertad de expresi\u00f3n sea real. Visita nuestro medio informativo publicado desde Hermosillo, Sonora. %\",\"breadcrumb\":{\"@id\":\"https:\/\/www.sonoraenequipo.com.mx\/invitan-a-mipymes-a-participar-en-hermosillo-47-desafio-empresarial-2\/#breadcrumb\"},\"inLanguage\":\"es\",\"potentialAction\":[{\"@type\":\"ReadAction\",\"target\":[\"https:\/\/www.sonoraenequipo.com.mx\/invitan-a-mipymes-a-participar-en-hermosillo-47-desafio-empresarial-2\/\"]}]},{\"@type\":\"ImageObject\",\"inLanguage\":\"es\",\"@id\":\"https:\/\/www.sonoraenequipo.com.mx\/invitan-a-mipymes-a-participar-en-hermosillo-47-desafio-empresarial-2\/#primaryimage\",\"url\":\"https:\/\/www.sonoraenequipo.com.mx\/storage\/2022\/08\/hmo47.jpg\",\"contentUrl\":\"https:\/\/www.sonoraenequipo.com.mx\/storage\/2022\/08\/hmo47.jpg\",\"width\":600,\"height\":400},{\"@type\":\"BreadcrumbList\",\"@id\":\"https:\/\/www.sonoraenequipo.com.mx\/invitan-a-mipymes-a-participar-en-hermosillo-47-desafio-empresarial-2\/#breadcrumb\",\"itemListElement\":[{\"@type\":\"ListItem\",\"position\":1,\"name\":\"Portada\",\"item\":\"https:\/\/www.sonoraenequipo.com.mx\/\"},{\"@type\":\"ListItem\",\"position\":2,\"name\":\"Invitan a MiPyMEs a participar en Hermosillo 47, desaf\u00edo empresarial\"}]},{\"@type\":\"WebSite\",\"@id\":\"https:\/\/www.sonoraenequipo.com.mx\/#website\",\"url\":\"https:\/\/www.sonoraenequipo.com.mx\/\",\"name\":\"Sonora en Equipo.\",\"description\":\"Diario en l\u00ednea con Noticias desde Hermosillo, Sonora\",\"publisher\":{\"@id\":\"https:\/\/www.sonoraenequipo.com.mx\/#organization\"},\"potentialAction\":[{\"@type\":\"SearchAction\",\"target\":{\"@type\":\"EntryPoint\",\"urlTemplate\":\"https:\/\/www.sonoraenequipo.com.mx\/?s={search_term_string}\"},\"query-input\":{\"@type\":\"PropertyValueSpecification\",\"valueRequired\":true,\"valueName\":\"search_term_string\"}}],\"inLanguage\":\"es\"},{\"@type\":\"Organization\",\"@id\":\"https:\/\/www.sonoraenequipo.com.mx\/#organization\",\"name\":\"Sonoraenequipo.com.mx\",\"url\":\"https:\/\/www.sonoraenequipo.com.mx\/\",\"logo\":{\"@type\":\"ImageObject\",\"inLanguage\":\"es\",\"@id\":\"https:\/\/www.sonoraenequipo.com.mx\/#\/schema\/logo\/image\/\",\"url\":\"https:\/\/www.sonoraenequipo.com.mx\/storage\/2019\/01\/sonoraenequipo_opt.png\",\"contentUrl\":\"https:\/\/www.sonoraenequipo.com.mx\/storage\/2019\/01\/sonoraenequipo_opt.png\",\"width\":375,\"height\":125,\"caption\":\"Sonoraenequipo.com.mx\"},\"image\":{\"@id\":\"https:\/\/www.sonoraenequipo.com.mx\/#\/schema\/logo\/image\/\"},\"sameAs\":[\"https:\/\/www.facebook.com\/SonoraEE\/\",\"https:\/\/x.com\/sonoraenequipo\",\"https:\/\/www.youtube.com\/channel\/UC338nW-lPEYmJQs4ZABQ1SQ\"]},{\"@type\":\"Person\",\"@id\":\"https:\/\/www.sonoraenequipo.com.mx\/#\/schema\/person\/50102df0fb23a8fa9e8effad8fa81386\",\"name\":\"enequipo\",\"image\":{\"@type\":\"ImageObject\",\"inLanguage\":\"es\",\"@id\":\"https:\/\/www.sonoraenequipo.com.mx\/#\/schema\/person\/image\/\",\"url\":\"https:\/\/secure.gravatar.com\/avatar\/049821681b589dabc0bc20695993ccebb09f5b5d4d790cd9251b97faac7c652b?s=96&d=blank&r=g\",\"contentUrl\":\"https:\/\/secure.gravatar.com\/avatar\/049821681b589dabc0bc20695993ccebb09f5b5d4d790cd9251b97faac7c652b?s=96&d=blank&r=g\",\"caption\":\"enequipo\"},\"sameAs\":[\"https:\/\/www.facebook.com\/SonoraEE\"]}]}<\/script>\n ","yoast_head_json":{"title":"Sonora en Equipo. Invitan a MiPyMEs a participar en Hermosillo 47, desaf\u00edo empresarial Municipios","description":"HERMOSILLO, SONORA,MX.\u2500\u2500 Para aquellas micro, peque\u00f1as y medianas empresas (MiPyMEs) que busquen acelerar su crecimiento, la Agencia Municipal de En Sonora en Equipo publicamos toda la informaci\u00f3n de Sonora, M\u00e9xico y el Mundo de manera oportuna y busca que la libertad de expresi\u00f3n sea real. Visita nuestro medio informativo publicado desde Hermosillo, Sonora. %","robots":{"index":"index","follow":"follow","max-snippet":"max-snippet:-1","max-image-preview":"max-image-preview:large","max-video-preview":"max-video-preview:-1"},"canonical":"https:\/\/www.sonoraenequipo.com.mx\/invitan-a-mipymes-a-participar-en-hermosillo-47-desafio-empresarial-2\/","og_locale":"es_ES","og_type":"article","og_title":"Sonora en Equipo. Invitan a MiPyMEs a participar en Hermosillo 47, desaf\u00edo empresarial Municipios","og_description":"HERMOSILLO, SONORA,MX.\u2500\u2500 Para aquellas micro, peque\u00f1as y medianas empresas (MiPyMEs) que busquen acelerar su crecimiento, la Agencia Municipal de En Sonora en Equipo publicamos toda la informaci\u00f3n de Sonora, M\u00e9xico y el Mundo de manera oportuna y busca que la libertad de expresi\u00f3n sea real. Visita nuestro medio informativo publicado desde Hermosillo, Sonora. %","og_url":"https:\/\/www.sonoraenequipo.com.mx\/invitan-a-mipymes-a-participar-en-hermosillo-47-desafio-empresarial-2\/","og_site_name":"Sonora en Equipo.","article_publisher":"https:\/\/www.facebook.com\/SonoraEE\/","article_author":"https:\/\/www.facebook.com\/SonoraEE","article_published_time":"2022-08-19T04:55:08+00:00","og_image":[{"width":600,"height":400,"url":"https:\/\/www.sonoraenequipo.com.mx\/storage\/2022\/08\/hmo47.jpg","type":"image\/jpeg"}],"author":"enequipo","twitter_card":"summary_large_image","twitter_creator":"@sonoraenequipo","twitter_site":"@sonoraenequipo","twitter_misc":{"Escrito por":"enequipo","Tiempo de lectura":"2 minutos"},"schema":{"@context":"https:\/\/schema.org","@graph":[{"@type":"Article","@id":"https:\/\/www.sonoraenequipo.com.mx\/invitan-a-mipymes-a-participar-en-hermosillo-47-desafio-empresarial-2\/#article","isPartOf":{"@id":"https:\/\/www.sonoraenequipo.com.mx\/invitan-a-mipymes-a-participar-en-hermosillo-47-desafio-empresarial-2\/"},"author":{"name":"enequipo","@id":"https:\/\/www.sonoraenequipo.com.mx\/#\/schema\/person\/50102df0fb23a8fa9e8effad8fa81386"},"headline":"Invitan a MiPyMEs a participar en Hermosillo 47, desaf\u00edo empresarial","datePublished":"2022-08-19T04:55:08+00:00","mainEntityOfPage":{"@id":"https:\/\/www.sonoraenequipo.com.mx\/invitan-a-mipymes-a-participar-en-hermosillo-47-desafio-empresarial-2\/"},"wordCount":444,"commentCount":0,"publisher":{"@id":"https:\/\/www.sonoraenequipo.com.mx\/#organization"},"image":{"@id":"https:\/\/www.sonoraenequipo.com.mx\/invitan-a-mipymes-a-participar-en-hermosillo-47-desafio-empresarial-2\/#primaryimage"},"thumbnailUrl":"https:\/\/www.sonoraenequipo.com.mx\/storage\/2022\/08\/hmo47.jpg","keywords":["econom\u00eda","hermosillo"],"articleSection":["Municipios"],"inLanguage":"es","potentialAction":[{"@type":"CommentAction","name":"Comment","target":["https:\/\/www.sonoraenequipo.com.mx\/invitan-a-mipymes-a-participar-en-hermosillo-47-desafio-empresarial-2\/#respond"]}]},{"@type":"WebPage","@id":"https:\/\/www.sonoraenequipo.com.mx\/invitan-a-mipymes-a-participar-en-hermosillo-47-desafio-empresarial-2\/","url":"https:\/\/www.sonoraenequipo.com.mx\/invitan-a-mipymes-a-participar-en-hermosillo-47-desafio-empresarial-2\/","name":"Sonora en Equipo. Invitan a MiPyMEs a participar en Hermosillo 47, desaf\u00edo empresarial Municipios","isPartOf":{"@id":"https:\/\/www.sonoraenequipo.com.mx\/#website"},"primaryImageOfPage":{"@id":"https:\/\/www.sonoraenequipo.com.mx\/invitan-a-mipymes-a-participar-en-hermosillo-47-desafio-empresarial-2\/#primaryimage"},"image":{"@id":"https:\/\/www.sonoraenequipo.com.mx\/invitan-a-mipymes-a-participar-en-hermosillo-47-desafio-empresarial-2\/#primaryimage"},"thumbnailUrl":"https:\/\/www.sonoraenequipo.com.mx\/storage\/2022\/08\/hmo47.jpg","datePublished":"2022-08-19T04:55:08+00:00","description":"HERMOSILLO, SONORA,MX.\u2500\u2500 Para aquellas micro, peque\u00f1as y medianas empresas (MiPyMEs) que busquen acelerar su crecimiento, la Agencia Municipal de En Sonora en Equipo publicamos toda la informaci\u00f3n de Sonora, M\u00e9xico y el Mundo de manera oportuna y busca que la libertad de expresi\u00f3n sea real. Visita nuestro medio informativo publicado desde Hermosillo, Sonora. %","breadcrumb":{"@id":"https:\/\/www.sonoraenequipo.com.mx\/invitan-a-mipymes-a-participar-en-hermosillo-47-desafio-empresarial-2\/#breadcrumb"},"inLanguage":"es","potentialAction":[{"@type":"ReadAction","target":["https:\/\/www.sonoraenequipo.com.mx\/invitan-a-mipymes-a-participar-en-hermosillo-47-desafio-empresarial-2\/"]}]},{"@type":"ImageObject","inLanguage":"es","@id":"https:\/\/www.sonoraenequipo.com.mx\/invitan-a-mipymes-a-participar-en-hermosillo-47-desafio-empresarial-2\/#primaryimage","url":"https:\/\/www.sonoraenequipo.com.mx\/storage\/2022\/08\/hmo47.jpg","contentUrl":"https:\/\/www.sonoraenequipo.com.mx\/storage\/2022\/08\/hmo47.jpg","width":600,"height":400},{"@type":"BreadcrumbList","@id":"https:\/\/www.sonoraenequipo.com.mx\/invitan-a-mipymes-a-participar-en-hermosillo-47-desafio-empresarial-2\/#breadcrumb","itemListElement":[{"@type":"ListItem","position":1,"name":"Portada","item":"https:\/\/www.sonoraenequipo.com.mx\/"},{"@type":"ListItem","position":2,"name":"Invitan a MiPyMEs a participar en Hermosillo 47, desaf\u00edo empresarial"}]},{"@type":"WebSite","@id":"https:\/\/www.sonoraenequipo.com.mx\/#website","url":"https:\/\/www.sonoraenequipo.com.mx\/","name":"Sonora en Equipo.","description":"Diario en l\u00ednea con Noticias desde Hermosillo, Sonora","publisher":{"@id":"https:\/\/www.sonoraenequipo.com.mx\/#organization"},"potentialAction":[{"@type":"SearchAction","target":{"@type":"EntryPoint","urlTemplate":"https:\/\/www.sonoraenequipo.com.mx\/?s={search_term_string}"},"query-input":{"@type":"PropertyValueSpecification","valueRequired":true,"valueName":"search_term_string"}}],"inLanguage":"es"},{"@type":"Organization","@id":"https:\/\/www.sonoraenequipo.com.mx\/#organization","name":"Sonoraenequipo.com.mx","url":"https:\/\/www.sonoraenequipo.com.mx\/","logo":{"@type":"ImageObject","inLanguage":"es","@id":"https:\/\/www.sonoraenequipo.com.mx\/#\/schema\/logo\/image\/","url":"https:\/\/www.sonoraenequipo.com.mx\/storage\/2019\/01\/sonoraenequipo_opt.png","contentUrl":"https:\/\/www.sonoraenequipo.com.mx\/storage\/2019\/01\/sonoraenequipo_opt.png","width":375,"height":125,"caption":"Sonoraenequipo.com.mx"},"image":{"@id":"https:\/\/www.sonoraenequipo.com.mx\/#\/schema\/logo\/image\/"},"sameAs":["https:\/\/www.facebook.com\/SonoraEE\/","https:\/\/x.com\/sonoraenequipo","https:\/\/www.youtube.com\/channel\/UC338nW-lPEYmJQs4ZABQ1SQ"]},{"@type":"Person","@id":"https:\/\/www.sonoraenequipo.com.mx\/#\/schema\/person\/50102df0fb23a8fa9e8effad8fa81386","name":"enequipo","image":{"@type":"ImageObject","inLanguage":"es","@id":"https:\/\/www.sonoraenequipo.com.mx\/#\/schema\/person\/image\/","url":"https:\/\/secure.gravatar.com\/avatar\/049821681b589dabc0bc20695993ccebb09f5b5d4d790cd9251b97faac7c652b?s=96&d=blank&r=g","contentUrl":"https:\/\/secure.gravatar.com\/avatar\/049821681b589dabc0bc20695993ccebb09f5b5d4d790cd9251b97faac7c652b?s=96&d=blank&r=g","caption":"enequipo"},"sameAs":["https:\/\/www.facebook.com\/SonoraEE"]}]}},"jetpack_featured_media_url":"https:\/\/www.sonoraenequipo.com.mx\/storage\/2022\/08\/hmo47.jpg","_links":{"self":[{"href":"https:\/\/www.sonoraenequipo.com.mx\/api\/wp\/v2\/posts\/145316","targetHints":{"allow":["GET"]}}],"collection":[{"href":"https:\/\/www.sonoraenequipo.com.mx\/api\/wp\/v2\/posts"}],"about":[{"href":"https:\/\/www.sonoraenequipo.com.mx\/api\/wp\/v2\/types\/post"}],"author":[{"embeddable":true,"href":"https:\/\/www.sonoraenequipo.com.mx\/api\/wp\/v2\/users\/1"}],"replies":[{"embeddable":true,"href":"https:\/\/www.sonoraenequipo.com.mx\/api\/wp\/v2\/comments?post=145316"}],"version-history":[{"count":1,"href":"https:\/\/www.sonoraenequipo.com.mx\/api\/wp\/v2\/posts\/145316\/revisions"}],"predecessor-version":[{"id":145318,"href":"https:\/\/www.sonoraenequipo.com.mx\/api\/wp\/v2\/posts\/145316\/revisions\/145318"}],"wp:featuredmedia":[{"embeddable":true,"href":"https:\/\/www.sonoraenequipo.com.mx\/api\/wp\/v2\/media\/145317"}],"wp:attachment":[{"href":"https:\/\/www.sonoraenequipo.com.mx\/api\/wp\/v2\/media?parent=145316"}],"wp:term":[{"taxonomy":"category","embeddable":true,"href":"https:\/\/www.sonoraenequipo.com.mx\/api\/wp\/v2\/categories?post=145316"},{"taxonomy":"post_tag","embeddable":true,"href":"https:\/\/www.sonoraenequipo.com.mx\/api\/wp\/v2\/tags?post=145316"}],"curies":[{"name":"wp","href":"https:\/\/api.w.org\/{rel}","templated":true}]}}