{"id":145319,"date":"2022-08-18T22:25:29","date_gmt":"2022-08-19T05:25:29","guid":{"rendered":"https:\/\/www.sonoraenequipo.com.mx\/?p=145319"},"modified":"2022-08-18T22:25:29","modified_gmt":"2022-08-19T05:25:29","slug":"conclusiones-de-la-4t-sobre-la-desaparicion-de-los-normalistas-de-ayotzinapa","status":"publish","type":"post","link":"https:\/\/www.sonoraenequipo.com.mx\/conclusiones-de-la-4t-sobre-la-desaparicion-de-los-normalistas-de-ayotzinapa\/","title":{"rendered":"Conclusiones de la 4T sobre la desaparici\u00f3n de los normalistas de Ayotzinapa"},"content":{"rendered":"<p>Esta informaci\u00f3n fue compartida durante el informe de la Comisi\u00f3n para la Verdad y Acceso a la Justicia del caso Ayotzinapa<\/p>\n<p>&nbsp;<\/p>\n<p>El subsecretario de Derechos Humanos de la Secretar\u00eda de Gobernaci\u00f3n (Segob), Alejandro Encinas, revel\u00f3 que no existe indicio alguno de que los 43 estudiantes normalistas desaparecidos en la Normal Rural de Ayotzinapa, desaparecidos en septiembre de 2014, se encuentren con vida.<\/p>\n<p>&nbsp;<\/p>\n<p>Este se\u00f1alamiento de subsecretario Encinas Rodr\u00edguez aunar\u00eda a la versi\u00f3n de que todos los testimonios y evidencias acreditan que los normalistas fueron \u00abarteramente\u00bb ultimados y desaparecidos.<\/p>\n<p>&nbsp;<\/p>\n<p>\u00abNo hay indicio alguno de que los estudiantes se encuentran con vida, por el contrario, todos los testimonios y evidencias acreditan que estos fueron arteramente ultimados y desaparecidos\u00bb, se\u00f1al\u00f3 el funcionario.<\/p>\n<p>Que la desaparici\u00f3n de los 43 estudiantes de la Normal \u00abIsidro Burgos de Ayotzinapa\u00bb la noche del 26 al 27 de septiembre de 2014 fue un crimen de Estado, en el que participaron integrantes del grupo delictivo Guerreros Unidos y elementos de diversas instituciones del Estado mexicano.<\/p>\n<p>Que autoridades federales y estatales del m\u00e1s alto nivel fueron omisas y negligentes, existiendo elementos de presunci\u00f3n respecto de alterar hechos y circunstancias para establecer una conclusi\u00f3n ajena a la verdad de los hechos.<\/p>\n<p>Que en todo momento las autoridades federales, estatales y municipales tuvieron conocimiento de la movilizaci\u00f3n de los estudiantes desde su salida de la Escuela Normal Isidro Burgos, Guerrero, hasta su desaparici\u00f3n, y sus acciones, omisiones y participaci\u00f3n permitieron la desaparici\u00f3n y ejecuci\u00f3n de los estudiantes, as\u00ed como el homicidio de otras seis personas m\u00e1s.<\/p>\n<p>Que en ning\u00fan momento la presencia de los estudiantes en Iguala obedeci\u00f3 a la intenci\u00f3n de boicotear el acto de la presidenta municipal del DIF.<\/p>\n<p>Que el grupo delictivo actu\u00f3 con un amplio n\u00famero de sicarios y halcones, a partir de un mando central y al menos tres c\u00e9lulas de halcones y sicarios, con el apoyo de distintas polic\u00edas municipales y agentes del Estado.<\/p>\n<p>Que en ning\u00fan momento existi\u00f3 comunicaci\u00f3n alguna entre los estudiantes y el grupo delictivo durante los hechos.<\/p>\n<p>Que tras la salida de la Terminal de Autobuses de Iguala, en ning\u00fan momento los estudiantes estuvieron juntos durante su desaparici\u00f3n.<\/p>\n<p>Se confirma la intervenci\u00f3n de la polic\u00eda de Iguala en el aseguramiento de los estudiantes en el autob\u00fas 1531.<\/p>\n<p>Se confirma la presencia de polic\u00edas de Huitzuco en el Palacio de Justicia en iguala y en Santa Teresa.<\/p>\n<p>Se confirma el traslado del autob\u00fas (Ecoter), sin pasaje, hacia el estado de Morelos, librando todos los retenes establecidos.<\/p>\n<p>Se confirma que los mandos militares de la regi\u00f3n no realizaron acciones para la protecci\u00f3n y b\u00fasqueda del soldado Julio C\u00e9sar L\u00f3pez Patolzin.<\/p>\n<p>Que al filo de las 22:45 horas del 26 de septiembre de 2014, tras los hechos de violencia y la persecuci\u00f3n, se dio la orden de desaparecer a los estudiantes.<\/p>\n<p>Se confirma la identificaci\u00f3n de tres de los 43 estudiantes desaparecidos.<\/p>\n<p>Que no hay indicio alguno de que los estudiantes se encuentren con vida. Por el contrario, todos los testimonios y evidencias acreditan que \u00e9stos fueron arteramente ultimados y desaparecidos.<\/p>\n<p>Que es necesario continuar con la b\u00fasqueda en: la ribera del r\u00edo Balsas y en la laguna del nuevo Balsas, en Atzcala, municipio de Eduardo Neri; en la Barranca de Tonalapa, municipio de Tepecoacuilco; en Brecha de Lobos y en el Paraje Suriana en Iguala, y en las inmediaciones de Tepeguaje.<\/p>\n<p>Existen indicios suficientes para que la FGR inicie o contin\u00fae las indagatorias para el deslinde de responsabilidades.<\/p>\n<p><strong><u>Fecha de Publicaci\u00f3n\u00a0 18\u00a0 de agosto de 2022 <\/u><\/strong><\/p>\n<p>Tomado de Informador mx.<\/p>\n","protected":false},"excerpt":{"rendered":"<p>Esta informaci\u00f3n fue compartida durante el informe de la Comisi\u00f3n para la Verdad y Acceso&#8230;<\/p>\n","protected":false},"author":1,"featured_media":145320,"comment_status":"open","ping_status":"open","sticky":false,"template":"","format":"standard","meta":{"_monsterinsights_skip_tracking":false,"_monsterinsights_sitenote_active":false,"_monsterinsights_sitenote_note":"","_monsterinsights_sitenote_category":0,"footnotes":""},"categories":[5],"tags":[86],"class_list":["post"],"yoast_head":" \n<title>Sonora en Equipo. Conclusiones de la 4T sobre la desaparici\u00f3n de los normalistas de Ayotzinapa Rep\u00fablica<\/title>\n<meta name=\"description\" content=\"Esta informaci\u00f3n fue compartida durante el informe de la Comisi\u00f3n para la Verdad y Acceso a la Justicia del caso Ayotzinapa &nbsp; El subsecretario de En Sonora en Equipo publicamos toda la informaci\u00f3n de Sonora, M\u00e9xico y el Mundo de manera oportuna y busca que la libertad de expresi\u00f3n sea real. Visita nuestro medio informativo publicado desde Hermosillo, Sonora. %\" \/>\n<meta name=\"robots\" content=\"index, follow, max-snippet:-1, max-image-preview:large, max-video-preview:-1\" \/>\n<link rel=\"canonical\" href=\"https:\/\/www.sonoraenequipo.com.mx\/conclusiones-de-la-4t-sobre-la-desaparicion-de-los-normalistas-de-ayotzinapa\/\" \/>\n<meta property=\"og:locale\" content=\"es_ES\" \/>\n<meta property=\"og:type\" content=\"article\" \/>\n<meta property=\"og:title\" content=\"Sonora en Equipo. Conclusiones de la 4T sobre la desaparici\u00f3n de los normalistas de Ayotzinapa Rep\u00fablica\" \/>\n<meta property=\"og:description\" content=\"Esta informaci\u00f3n fue compartida durante el informe de la Comisi\u00f3n para la Verdad y Acceso a la Justicia del caso Ayotzinapa &nbsp; El subsecretario de En Sonora en Equipo publicamos toda la informaci\u00f3n de Sonora, M\u00e9xico y el Mundo de manera oportuna y busca que la libertad de expresi\u00f3n sea real. Visita nuestro medio informativo publicado desde Hermosillo, Sonora. %\" \/>\n<meta property=\"og:url\" content=\"https:\/\/www.sonoraenequipo.com.mx\/conclusiones-de-la-4t-sobre-la-desaparicion-de-los-normalistas-de-ayotzinapa\/\" \/>\n<meta property=\"og:site_name\" content=\"Sonora en Equipo.\" \/>\n<meta property=\"article:publisher\" content=\"https:\/\/www.facebook.com\/SonoraEE\/\" \/>\n<meta property=\"article:author\" content=\"https:\/\/www.facebook.com\/SonoraEE\" \/>\n<meta property=\"article:published_time\" content=\"2022-08-19T05:25:29+00:00\" \/>\n<meta property=\"og:image\" content=\"https:\/\/www.sonoraenequipo.com.mx\/storage\/2022\/08\/encinas.jpg\" \/>\n\t<meta property=\"og:image:width\" content=\"600\" \/>\n\t<meta property=\"og:image:height\" content=\"400\" \/>\n\t<meta property=\"og:image:type\" content=\"image\/jpeg\" \/>\n<meta name=\"author\" content=\"enequipo\" \/>\n<meta name=\"twitter:card\" content=\"summary_large_image\" \/>\n<meta name=\"twitter:creator\" content=\"@sonoraenequipo\" \/>\n<meta name=\"twitter:site\" content=\"@sonoraenequipo\" \/>\n<meta name=\"twitter:label1\" content=\"Escrito por\" \/>\n\t<meta name=\"twitter:data1\" content=\"enequipo\" \/>\n\t<meta name=\"twitter:label2\" content=\"Tiempo de lectura\" \/>\n\t<meta name=\"twitter:data2\" content=\"3 minutos\" \/>\n<script type=\"application\/ld+json\" class=\"yoast-schema-graph\">{\"@context\":\"https:\/\/schema.org\",\"@graph\":[{\"@type\":\"Article\",\"@id\":\"https:\/\/www.sonoraenequipo.com.mx\/conclusiones-de-la-4t-sobre-la-desaparicion-de-los-normalistas-de-ayotzinapa\/#article\",\"isPartOf\":{\"@id\":\"https:\/\/www.sonoraenequipo.com.mx\/conclusiones-de-la-4t-sobre-la-desaparicion-de-los-normalistas-de-ayotzinapa\/\"},\"author\":{\"name\":\"enequipo\",\"@id\":\"https:\/\/www.sonoraenequipo.com.mx\/#\/schema\/person\/50102df0fb23a8fa9e8effad8fa81386\"},\"headline\":\"Conclusiones de la 4T sobre la desaparici\u00f3n de los normalistas de Ayotzinapa\",\"datePublished\":\"2022-08-19T05:25:29+00:00\",\"mainEntityOfPage\":{\"@id\":\"https:\/\/www.sonoraenequipo.com.mx\/conclusiones-de-la-4t-sobre-la-desaparicion-de-los-normalistas-de-ayotzinapa\/\"},\"wordCount\":633,\"commentCount\":0,\"publisher\":{\"@id\":\"https:\/\/www.sonoraenequipo.com.mx\/#organization\"},\"image\":{\"@id\":\"https:\/\/www.sonoraenequipo.com.mx\/conclusiones-de-la-4t-sobre-la-desaparicion-de-los-normalistas-de-ayotzinapa\/#primaryimage\"},\"thumbnailUrl\":\"https:\/\/www.sonoraenequipo.com.mx\/storage\/2022\/08\/encinas.jpg\",\"keywords\":[\"Ayotzinapa\"],\"articleSection\":[\"Rep\u00fablica\"],\"inLanguage\":\"es\",\"potentialAction\":[{\"@type\":\"CommentAction\",\"name\":\"Comment\",\"target\":[\"https:\/\/www.sonoraenequipo.com.mx\/conclusiones-de-la-4t-sobre-la-desaparicion-de-los-normalistas-de-ayotzinapa\/#respond\"]}]},{\"@type\":\"WebPage\",\"@id\":\"https:\/\/www.sonoraenequipo.com.mx\/conclusiones-de-la-4t-sobre-la-desaparicion-de-los-normalistas-de-ayotzinapa\/\",\"url\":\"https:\/\/www.sonoraenequipo.com.mx\/conclusiones-de-la-4t-sobre-la-desaparicion-de-los-normalistas-de-ayotzinapa\/\",\"name\":\"Sonora en Equipo. Conclusiones de la 4T sobre la desaparici\u00f3n de los normalistas de Ayotzinapa Rep\u00fablica\",\"isPartOf\":{\"@id\":\"https:\/\/www.sonoraenequipo.com.mx\/#website\"},\"primaryImageOfPage\":{\"@id\":\"https:\/\/www.sonoraenequipo.com.mx\/conclusiones-de-la-4t-sobre-la-desaparicion-de-los-normalistas-de-ayotzinapa\/#primaryimage\"},\"image\":{\"@id\":\"https:\/\/www.sonoraenequipo.com.mx\/conclusiones-de-la-4t-sobre-la-desaparicion-de-los-normalistas-de-ayotzinapa\/#primaryimage\"},\"thumbnailUrl\":\"https:\/\/www.sonoraenequipo.com.mx\/storage\/2022\/08\/encinas.jpg\",\"datePublished\":\"2022-08-19T05:25:29+00:00\",\"description\":\"Esta informaci\u00f3n fue compartida durante el informe de la Comisi\u00f3n para la Verdad y Acceso a la Justicia del caso Ayotzinapa &nbsp; El subsecretario de En Sonora en Equipo publicamos toda la informaci\u00f3n de Sonora, M\u00e9xico y el Mundo de manera oportuna y busca que la libertad de expresi\u00f3n sea real. Visita nuestro medio informativo publicado desde Hermosillo, Sonora. %\",\"breadcrumb\":{\"@id\":\"https:\/\/www.sonoraenequipo.com.mx\/conclusiones-de-la-4t-sobre-la-desaparicion-de-los-normalistas-de-ayotzinapa\/#breadcrumb\"},\"inLanguage\":\"es\",\"potentialAction\":[{\"@type\":\"ReadAction\",\"target\":[\"https:\/\/www.sonoraenequipo.com.mx\/conclusiones-de-la-4t-sobre-la-desaparicion-de-los-normalistas-de-ayotzinapa\/\"]}]},{\"@type\":\"ImageObject\",\"inLanguage\":\"es\",\"@id\":\"https:\/\/www.sonoraenequipo.com.mx\/conclusiones-de-la-4t-sobre-la-desaparicion-de-los-normalistas-de-ayotzinapa\/#primaryimage\",\"url\":\"https:\/\/www.sonoraenequipo.com.mx\/storage\/2022\/08\/encinas.jpg\",\"contentUrl\":\"https:\/\/www.sonoraenequipo.com.mx\/storage\/2022\/08\/encinas.jpg\",\"width\":600,\"height\":400},{\"@type\":\"BreadcrumbList\",\"@id\":\"https:\/\/www.sonoraenequipo.com.mx\/conclusiones-de-la-4t-sobre-la-desaparicion-de-los-normalistas-de-ayotzinapa\/#breadcrumb\",\"itemListElement\":[{\"@type\":\"ListItem\",\"position\":1,\"name\":\"Portada\",\"item\":\"https:\/\/www.sonoraenequipo.com.mx\/\"},{\"@type\":\"ListItem\",\"position\":2,\"name\":\"Conclusiones de la 4T sobre la desaparici\u00f3n de los normalistas de Ayotzinapa\"}]},{\"@type\":\"WebSite\",\"@id\":\"https:\/\/www.sonoraenequipo.com.mx\/#website\",\"url\":\"https:\/\/www.sonoraenequipo.com.mx\/\",\"name\":\"Sonora en Equipo.\",\"description\":\"Diario en l\u00ednea con Noticias desde Hermosillo, Sonora\",\"publisher\":{\"@id\":\"https:\/\/www.sonoraenequipo.com.mx\/#organization\"},\"potentialAction\":[{\"@type\":\"SearchAction\",\"target\":{\"@type\":\"EntryPoint\",\"urlTemplate\":\"https:\/\/www.sonoraenequipo.com.mx\/?s={search_term_string}\"},\"query-input\":{\"@type\":\"PropertyValueSpecification\",\"valueRequired\":true,\"valueName\":\"search_term_string\"}}],\"inLanguage\":\"es\"},{\"@type\":\"Organization\",\"@id\":\"https:\/\/www.sonoraenequipo.com.mx\/#organization\",\"name\":\"Sonoraenequipo.com.mx\",\"url\":\"https:\/\/www.sonoraenequipo.com.mx\/\",\"logo\":{\"@type\":\"ImageObject\",\"inLanguage\":\"es\",\"@id\":\"https:\/\/www.sonoraenequipo.com.mx\/#\/schema\/logo\/image\/\",\"url\":\"https:\/\/www.sonoraenequipo.com.mx\/storage\/2019\/01\/sonoraenequipo_opt.png\",\"contentUrl\":\"https:\/\/www.sonoraenequipo.com.mx\/storage\/2019\/01\/sonoraenequipo_opt.png\",\"width\":375,\"height\":125,\"caption\":\"Sonoraenequipo.com.mx\"},\"image\":{\"@id\":\"https:\/\/www.sonoraenequipo.com.mx\/#\/schema\/logo\/image\/\"},\"sameAs\":[\"https:\/\/www.facebook.com\/SonoraEE\/\",\"https:\/\/x.com\/sonoraenequipo\",\"https:\/\/www.youtube.com\/channel\/UC338nW-lPEYmJQs4ZABQ1SQ\"]},{\"@type\":\"Person\",\"@id\":\"https:\/\/www.sonoraenequipo.com.mx\/#\/schema\/person\/50102df0fb23a8fa9e8effad8fa81386\",\"name\":\"enequipo\",\"image\":{\"@type\":\"ImageObject\",\"inLanguage\":\"es\",\"@id\":\"https:\/\/www.sonoraenequipo.com.mx\/#\/schema\/person\/image\/\",\"url\":\"https:\/\/secure.gravatar.com\/avatar\/049821681b589dabc0bc20695993ccebb09f5b5d4d790cd9251b97faac7c652b?s=96&d=blank&r=g\",\"contentUrl\":\"https:\/\/secure.gravatar.com\/avatar\/049821681b589dabc0bc20695993ccebb09f5b5d4d790cd9251b97faac7c652b?s=96&d=blank&r=g\",\"caption\":\"enequipo\"},\"sameAs\":[\"https:\/\/www.facebook.com\/SonoraEE\"]}]}<\/script>\n ","yoast_head_json":{"title":"Sonora en Equipo. Conclusiones de la 4T sobre la desaparici\u00f3n de los normalistas de Ayotzinapa Rep\u00fablica","description":"Esta informaci\u00f3n fue compartida durante el informe de la Comisi\u00f3n para la Verdad y Acceso a la Justicia del caso Ayotzinapa &nbsp; El subsecretario de En Sonora en Equipo publicamos toda la informaci\u00f3n de Sonora, M\u00e9xico y el Mundo de manera oportuna y busca que la libertad de expresi\u00f3n sea real. Visita nuestro medio informativo publicado desde Hermosillo, Sonora. %","robots":{"index":"index","follow":"follow","max-snippet":"max-snippet:-1","max-image-preview":"max-image-preview:large","max-video-preview":"max-video-preview:-1"},"canonical":"https:\/\/www.sonoraenequipo.com.mx\/conclusiones-de-la-4t-sobre-la-desaparicion-de-los-normalistas-de-ayotzinapa\/","og_locale":"es_ES","og_type":"article","og_title":"Sonora en Equipo. Conclusiones de la 4T sobre la desaparici\u00f3n de los normalistas de Ayotzinapa Rep\u00fablica","og_description":"Esta informaci\u00f3n fue compartida durante el informe de la Comisi\u00f3n para la Verdad y Acceso a la Justicia del caso Ayotzinapa &nbsp; El subsecretario de En Sonora en Equipo publicamos toda la informaci\u00f3n de Sonora, M\u00e9xico y el Mundo de manera oportuna y busca que la libertad de expresi\u00f3n sea real. Visita nuestro medio informativo publicado desde Hermosillo, Sonora. %","og_url":"https:\/\/www.sonoraenequipo.com.mx\/conclusiones-de-la-4t-sobre-la-desaparicion-de-los-normalistas-de-ayotzinapa\/","og_site_name":"Sonora en Equipo.","article_publisher":"https:\/\/www.facebook.com\/SonoraEE\/","article_author":"https:\/\/www.facebook.com\/SonoraEE","article_published_time":"2022-08-19T05:25:29+00:00","og_image":[{"width":600,"height":400,"url":"https:\/\/www.sonoraenequipo.com.mx\/storage\/2022\/08\/encinas.jpg","type":"image\/jpeg"}],"author":"enequipo","twitter_card":"summary_large_image","twitter_creator":"@sonoraenequipo","twitter_site":"@sonoraenequipo","twitter_misc":{"Escrito por":"enequipo","Tiempo de lectura":"3 minutos"},"schema":{"@context":"https:\/\/schema.org","@graph":[{"@type":"Article","@id":"https:\/\/www.sonoraenequipo.com.mx\/conclusiones-de-la-4t-sobre-la-desaparicion-de-los-normalistas-de-ayotzinapa\/#article","isPartOf":{"@id":"https:\/\/www.sonoraenequipo.com.mx\/conclusiones-de-la-4t-sobre-la-desaparicion-de-los-normalistas-de-ayotzinapa\/"},"author":{"name":"enequipo","@id":"https:\/\/www.sonoraenequipo.com.mx\/#\/schema\/person\/50102df0fb23a8fa9e8effad8fa81386"},"headline":"Conclusiones de la 4T sobre la desaparici\u00f3n de los normalistas de Ayotzinapa","datePublished":"2022-08-19T05:25:29+00:00","mainEntityOfPage":{"@id":"https:\/\/www.sonoraenequipo.com.mx\/conclusiones-de-la-4t-sobre-la-desaparicion-de-los-normalistas-de-ayotzinapa\/"},"wordCount":633,"commentCount":0,"publisher":{"@id":"https:\/\/www.sonoraenequipo.com.mx\/#organization"},"image":{"@id":"https:\/\/www.sonoraenequipo.com.mx\/conclusiones-de-la-4t-sobre-la-desaparicion-de-los-normalistas-de-ayotzinapa\/#primaryimage"},"thumbnailUrl":"https:\/\/www.sonoraenequipo.com.mx\/storage\/2022\/08\/encinas.jpg","keywords":["Ayotzinapa"],"articleSection":["Rep\u00fablica"],"inLanguage":"es","potentialAction":[{"@type":"CommentAction","name":"Comment","target":["https:\/\/www.sonoraenequipo.com.mx\/conclusiones-de-la-4t-sobre-la-desaparicion-de-los-normalistas-de-ayotzinapa\/#respond"]}]},{"@type":"WebPage","@id":"https:\/\/www.sonoraenequipo.com.mx\/conclusiones-de-la-4t-sobre-la-desaparicion-de-los-normalistas-de-ayotzinapa\/","url":"https:\/\/www.sonoraenequipo.com.mx\/conclusiones-de-la-4t-sobre-la-desaparicion-de-los-normalistas-de-ayotzinapa\/","name":"Sonora en Equipo. Conclusiones de la 4T sobre la desaparici\u00f3n de los normalistas de Ayotzinapa Rep\u00fablica","isPartOf":{"@id":"https:\/\/www.sonoraenequipo.com.mx\/#website"},"primaryImageOfPage":{"@id":"https:\/\/www.sonoraenequipo.com.mx\/conclusiones-de-la-4t-sobre-la-desaparicion-de-los-normalistas-de-ayotzinapa\/#primaryimage"},"image":{"@id":"https:\/\/www.sonoraenequipo.com.mx\/conclusiones-de-la-4t-sobre-la-desaparicion-de-los-normalistas-de-ayotzinapa\/#primaryimage"},"thumbnailUrl":"https:\/\/www.sonoraenequipo.com.mx\/storage\/2022\/08\/encinas.jpg","datePublished":"2022-08-19T05:25:29+00:00","description":"Esta informaci\u00f3n fue compartida durante el informe de la Comisi\u00f3n para la Verdad y Acceso a la Justicia del caso Ayotzinapa &nbsp; El subsecretario de En Sonora en Equipo publicamos toda la informaci\u00f3n de Sonora, M\u00e9xico y el Mundo de manera oportuna y busca que la libertad de expresi\u00f3n sea real. Visita nuestro medio informativo publicado desde Hermosillo, Sonora. %","breadcrumb":{"@id":"https:\/\/www.sonoraenequipo.com.mx\/conclusiones-de-la-4t-sobre-la-desaparicion-de-los-normalistas-de-ayotzinapa\/#breadcrumb"},"inLanguage":"es","potentialAction":[{"@type":"ReadAction","target":["https:\/\/www.sonoraenequipo.com.mx\/conclusiones-de-la-4t-sobre-la-desaparicion-de-los-normalistas-de-ayotzinapa\/"]}]},{"@type":"ImageObject","inLanguage":"es","@id":"https:\/\/www.sonoraenequipo.com.mx\/conclusiones-de-la-4t-sobre-la-desaparicion-de-los-normalistas-de-ayotzinapa\/#primaryimage","url":"https:\/\/www.sonoraenequipo.com.mx\/storage\/2022\/08\/encinas.jpg","contentUrl":"https:\/\/www.sonoraenequipo.com.mx\/storage\/2022\/08\/encinas.jpg","width":600,"height":400},{"@type":"BreadcrumbList","@id":"https:\/\/www.sonoraenequipo.com.mx\/conclusiones-de-la-4t-sobre-la-desaparicion-de-los-normalistas-de-ayotzinapa\/#breadcrumb","itemListElement":[{"@type":"ListItem","position":1,"name":"Portada","item":"https:\/\/www.sonoraenequipo.com.mx\/"},{"@type":"ListItem","position":2,"name":"Conclusiones de la 4T sobre la desaparici\u00f3n de los normalistas de Ayotzinapa"}]},{"@type":"WebSite","@id":"https:\/\/www.sonoraenequipo.com.mx\/#website","url":"https:\/\/www.sonoraenequipo.com.mx\/","name":"Sonora en Equipo.","description":"Diario en l\u00ednea con Noticias desde Hermosillo, Sonora","publisher":{"@id":"https:\/\/www.sonoraenequipo.com.mx\/#organization"},"potentialAction":[{"@type":"SearchAction","target":{"@type":"EntryPoint","urlTemplate":"https:\/\/www.sonoraenequipo.com.mx\/?s={search_term_string}"},"query-input":{"@type":"PropertyValueSpecification","valueRequired":true,"valueName":"search_term_string"}}],"inLanguage":"es"},{"@type":"Organization","@id":"https:\/\/www.sonoraenequipo.com.mx\/#organization","name":"Sonoraenequipo.com.mx","url":"https:\/\/www.sonoraenequipo.com.mx\/","logo":{"@type":"ImageObject","inLanguage":"es","@id":"https:\/\/www.sonoraenequipo.com.mx\/#\/schema\/logo\/image\/","url":"https:\/\/www.sonoraenequipo.com.mx\/storage\/2019\/01\/sonoraenequipo_opt.png","contentUrl":"https:\/\/www.sonoraenequipo.com.mx\/storage\/2019\/01\/sonoraenequipo_opt.png","width":375,"height":125,"caption":"Sonoraenequipo.com.mx"},"image":{"@id":"https:\/\/www.sonoraenequipo.com.mx\/#\/schema\/logo\/image\/"},"sameAs":["https:\/\/www.facebook.com\/SonoraEE\/","https:\/\/x.com\/sonoraenequipo","https:\/\/www.youtube.com\/channel\/UC338nW-lPEYmJQs4ZABQ1SQ"]},{"@type":"Person","@id":"https:\/\/www.sonoraenequipo.com.mx\/#\/schema\/person\/50102df0fb23a8fa9e8effad8fa81386","name":"enequipo","image":{"@type":"ImageObject","inLanguage":"es","@id":"https:\/\/www.sonoraenequipo.com.mx\/#\/schema\/person\/image\/","url":"https:\/\/secure.gravatar.com\/avatar\/049821681b589dabc0bc20695993ccebb09f5b5d4d790cd9251b97faac7c652b?s=96&d=blank&r=g","contentUrl":"https:\/\/secure.gravatar.com\/avatar\/049821681b589dabc0bc20695993ccebb09f5b5d4d790cd9251b97faac7c652b?s=96&d=blank&r=g","caption":"enequipo"},"sameAs":["https:\/\/www.facebook.com\/SonoraEE"]}]}},"jetpack_featured_media_url":"https:\/\/www.sonoraenequipo.com.mx\/storage\/2022\/08\/encinas.jpg","_links":{"self":[{"href":"https:\/\/www.sonoraenequipo.com.mx\/api\/wp\/v2\/posts\/145319","targetHints":{"allow":["GET"]}}],"collection":[{"href":"https:\/\/www.sonoraenequipo.com.mx\/api\/wp\/v2\/posts"}],"about":[{"href":"https:\/\/www.sonoraenequipo.com.mx\/api\/wp\/v2\/types\/post"}],"author":[{"embeddable":true,"href":"https:\/\/www.sonoraenequipo.com.mx\/api\/wp\/v2\/users\/1"}],"replies":[{"embeddable":true,"href":"https:\/\/www.sonoraenequipo.com.mx\/api\/wp\/v2\/comments?post=145319"}],"version-history":[{"count":1,"href":"https:\/\/www.sonoraenequipo.com.mx\/api\/wp\/v2\/posts\/145319\/revisions"}],"predecessor-version":[{"id":145321,"href":"https:\/\/www.sonoraenequipo.com.mx\/api\/wp\/v2\/posts\/145319\/revisions\/145321"}],"wp:featuredmedia":[{"embeddable":true,"href":"https:\/\/www.sonoraenequipo.com.mx\/api\/wp\/v2\/media\/145320"}],"wp:attachment":[{"href":"https:\/\/www.sonoraenequipo.com.mx\/api\/wp\/v2\/media?parent=145319"}],"wp:term":[{"taxonomy":"category","embeddable":true,"href":"https:\/\/www.sonoraenequipo.com.mx\/api\/wp\/v2\/categories?post=145319"},{"taxonomy":"post_tag","embeddable":true,"href":"https:\/\/www.sonoraenequipo.com.mx\/api\/wp\/v2\/tags?post=145319"}],"curies":[{"name":"wp","href":"https:\/\/api.w.org\/{rel}","templated":true}]}}