{"id":145341,"date":"2022-08-19T20:25:19","date_gmt":"2022-08-20T03:25:19","guid":{"rendered":"https:\/\/www.sonoraenequipo.com.mx\/?p=145341"},"modified":"2022-08-19T20:54:46","modified_gmt":"2022-08-20T03:54:46","slug":"capacita-ssp-a-policias-de-cajeme-para-atender-casos-de-violencia-familiar-y-de-genero","status":"publish","type":"post","link":"https:\/\/www.sonoraenequipo.com.mx\/capacita-ssp-a-policias-de-cajeme-para-atender-casos-de-violencia-familiar-y-de-genero\/","title":{"rendered":"Capacita SSP a polic\u00edas de Cajeme para atender casos de violencia familiar y de g\u00e9nero"},"content":{"rendered":"<p><strong>CAJEME, SONORA,MX.<\/strong><strong>\u2500\u2500<\/strong>Como parte de la Estrategia Integral de la Secretar\u00eda de Seguridad P\u00fablica (SSP) de Sonora para atender casos de violencia familiar y de g\u00e9nero que ingresan a la l\u00ednea de emergencia 9-1-1, se capacit\u00f3 a polic\u00edas de Cajeme en el Protocolo Salva, inform\u00f3 Zulema Boneo Silva.<\/p>\n<p>&nbsp;<\/p>\n<p>La coordinadora de Vinculaci\u00f3n y Programas con Perspectiva de G\u00e9nero de la SSP, se\u00f1al\u00f3 que se trabaja en forma permanente en la capacitaci\u00f3n de polic\u00edas municipales en la entidad para homologar criterios de atenci\u00f3n, prevenci\u00f3n y seguimiento relacionados a estos tipos de violencia.<\/p>\n<p>&nbsp;<\/p>\n<p>Reconoci\u00f3 la voluntad y coordinaci\u00f3n de las autoridades municipales para fortalecer a las corporaciones en la materia y, con ello, ofrecer una atenci\u00f3n integral a la ciudadan\u00eda con base en el Sistema de Atenci\u00f3n a la Violencia Familiar y de G\u00e9nero (Salva).<\/p>\n<p>&nbsp;<\/p>\n<p>A\u00f1adi\u00f3 que elementos de Seguridad P\u00fablica de Cajeme participan en sesiones grupales escalonadas hasta alcanzar la totalidad de las y los oficiales.<\/p>\n<p>&nbsp;<\/p>\n<p>Boneo Silva record\u00f3 que el protocolo Salva se activa con la llamada a la l\u00ednea de emergencias 9-1-1 por violencia familiar y de g\u00e9nero, en la que personal certificado brinda atenci\u00f3n y seguimiento.<\/p>\n<p>&nbsp;<\/p>\n<p>Afirm\u00f3 que la meta de la Secretar\u00eda de Seguridad P\u00fablica es contar con la totalidad del estado de fuerza del estado certificado en el protocolo, misma que est\u00e1 pr\u00f3xima a cumplirse.<\/p>\n<p><strong><u>Fecha de Publicaci\u00f3n\u00a0 19\u00a0 de agosto de 2022 <\/u><\/strong><\/p>\n<p>&nbsp;<\/p>\n","protected":false},"excerpt":{"rendered":"<p>CAJEME, SONORA,MX.\u2500\u2500Como parte de la Estrategia Integral de la Secretar\u00eda de Seguridad P\u00fablica (SSP) de&#8230;<\/p>\n","protected":false},"author":1,"featured_media":145342,"comment_status":"open","ping_status":"open","sticky":false,"template":"","format":"standard","meta":{"_monsterinsights_skip_tracking":false,"_monsterinsights_sitenote_active":false,"_monsterinsights_sitenote_note":"","_monsterinsights_sitenote_category":0,"footnotes":""},"categories":[22],"tags":[],"class_list":["post"],"yoast_head":" \n<title>Sonora en Equipo. Capacita SSP a polic\u00edas de Cajeme para atender casos de violencia familiar y de g\u00e9nero Sonora<\/title>\n<meta name=\"description\" content=\"CAJEME, SONORA,MX.\u2500\u2500Como parte de la Estrategia Integral de la Secretar\u00eda de Seguridad P\u00fablica (SSP) de Sonora para atender casos de violencia familiar y En Sonora en Equipo publicamos toda la informaci\u00f3n de Sonora, M\u00e9xico y el Mundo de manera oportuna y busca que la libertad de expresi\u00f3n sea real. Visita nuestro medio informativo publicado desde Hermosillo, Sonora. %\" \/>\n<meta name=\"robots\" content=\"index, follow, max-snippet:-1, max-image-preview:large, max-video-preview:-1\" \/>\n<link rel=\"canonical\" href=\"https:\/\/www.sonoraenequipo.com.mx\/capacita-ssp-a-policias-de-cajeme-para-atender-casos-de-violencia-familiar-y-de-genero\/\" \/>\n<meta property=\"og:locale\" content=\"es_ES\" \/>\n<meta property=\"og:type\" content=\"article\" \/>\n<meta property=\"og:title\" content=\"Sonora en Equipo. Capacita SSP a polic\u00edas de Cajeme para atender casos de violencia familiar y de g\u00e9nero Sonora\" \/>\n<meta property=\"og:description\" content=\"CAJEME, SONORA,MX.\u2500\u2500Como parte de la Estrategia Integral de la Secretar\u00eda de Seguridad P\u00fablica (SSP) de Sonora para atender casos de violencia familiar y En Sonora en Equipo publicamos toda la informaci\u00f3n de Sonora, M\u00e9xico y el Mundo de manera oportuna y busca que la libertad de expresi\u00f3n sea real. Visita nuestro medio informativo publicado desde Hermosillo, Sonora. %\" \/>\n<meta property=\"og:url\" content=\"https:\/\/www.sonoraenequipo.com.mx\/capacita-ssp-a-policias-de-cajeme-para-atender-casos-de-violencia-familiar-y-de-genero\/\" \/>\n<meta property=\"og:site_name\" content=\"Sonora en Equipo.\" \/>\n<meta property=\"article:publisher\" content=\"https:\/\/www.facebook.com\/SonoraEE\/\" \/>\n<meta property=\"article:author\" content=\"https:\/\/www.facebook.com\/SonoraEE\" \/>\n<meta property=\"article:published_time\" content=\"2022-08-20T03:25:19+00:00\" \/>\n<meta property=\"article:modified_time\" content=\"2022-08-20T03:54:46+00:00\" \/>\n<meta property=\"og:image\" content=\"https:\/\/www.sonoraenequipo.com.mx\/storage\/2022\/08\/ssp.jpg\" \/>\n\t<meta property=\"og:image:width\" content=\"600\" \/>\n\t<meta property=\"og:image:height\" content=\"400\" \/>\n\t<meta property=\"og:image:type\" content=\"image\/jpeg\" \/>\n<meta name=\"author\" content=\"enequipo\" \/>\n<meta name=\"twitter:card\" content=\"summary_large_image\" \/>\n<meta name=\"twitter:creator\" content=\"@sonoraenequipo\" \/>\n<meta name=\"twitter:site\" content=\"@sonoraenequipo\" \/>\n<meta name=\"twitter:label1\" content=\"Escrito por\" \/>\n\t<meta name=\"twitter:data1\" content=\"enequipo\" \/>\n\t<meta name=\"twitter:label2\" content=\"Tiempo de lectura\" \/>\n\t<meta name=\"twitter:data2\" content=\"1 minuto\" \/>\n<script type=\"application\/ld+json\" class=\"yoast-schema-graph\">{\"@context\":\"https:\/\/schema.org\",\"@graph\":[{\"@type\":\"Article\",\"@id\":\"https:\/\/www.sonoraenequipo.com.mx\/capacita-ssp-a-policias-de-cajeme-para-atender-casos-de-violencia-familiar-y-de-genero\/#article\",\"isPartOf\":{\"@id\":\"https:\/\/www.sonoraenequipo.com.mx\/capacita-ssp-a-policias-de-cajeme-para-atender-casos-de-violencia-familiar-y-de-genero\/\"},\"author\":{\"name\":\"enequipo\",\"@id\":\"https:\/\/www.sonoraenequipo.com.mx\/#\/schema\/person\/50102df0fb23a8fa9e8effad8fa81386\"},\"headline\":\"Capacita SSP a polic\u00edas de Cajeme para atender casos de violencia familiar y de g\u00e9nero\",\"datePublished\":\"2022-08-20T03:25:19+00:00\",\"dateModified\":\"2022-08-20T03:54:46+00:00\",\"mainEntityOfPage\":{\"@id\":\"https:\/\/www.sonoraenequipo.com.mx\/capacita-ssp-a-policias-de-cajeme-para-atender-casos-de-violencia-familiar-y-de-genero\/\"},\"wordCount\":277,\"commentCount\":0,\"publisher\":{\"@id\":\"https:\/\/www.sonoraenequipo.com.mx\/#organization\"},\"image\":{\"@id\":\"https:\/\/www.sonoraenequipo.com.mx\/capacita-ssp-a-policias-de-cajeme-para-atender-casos-de-violencia-familiar-y-de-genero\/#primaryimage\"},\"thumbnailUrl\":\"https:\/\/www.sonoraenequipo.com.mx\/storage\/2022\/08\/ssp.jpg\",\"articleSection\":[\"Sonora\"],\"inLanguage\":\"es\",\"potentialAction\":[{\"@type\":\"CommentAction\",\"name\":\"Comment\",\"target\":[\"https:\/\/www.sonoraenequipo.com.mx\/capacita-ssp-a-policias-de-cajeme-para-atender-casos-de-violencia-familiar-y-de-genero\/#respond\"]}]},{\"@type\":\"WebPage\",\"@id\":\"https:\/\/www.sonoraenequipo.com.mx\/capacita-ssp-a-policias-de-cajeme-para-atender-casos-de-violencia-familiar-y-de-genero\/\",\"url\":\"https:\/\/www.sonoraenequipo.com.mx\/capacita-ssp-a-policias-de-cajeme-para-atender-casos-de-violencia-familiar-y-de-genero\/\",\"name\":\"Sonora en Equipo. Capacita SSP a polic\u00edas de Cajeme para atender casos de violencia familiar y de g\u00e9nero Sonora\",\"isPartOf\":{\"@id\":\"https:\/\/www.sonoraenequipo.com.mx\/#website\"},\"primaryImageOfPage\":{\"@id\":\"https:\/\/www.sonoraenequipo.com.mx\/capacita-ssp-a-policias-de-cajeme-para-atender-casos-de-violencia-familiar-y-de-genero\/#primaryimage\"},\"image\":{\"@id\":\"https:\/\/www.sonoraenequipo.com.mx\/capacita-ssp-a-policias-de-cajeme-para-atender-casos-de-violencia-familiar-y-de-genero\/#primaryimage\"},\"thumbnailUrl\":\"https:\/\/www.sonoraenequipo.com.mx\/storage\/2022\/08\/ssp.jpg\",\"datePublished\":\"2022-08-20T03:25:19+00:00\",\"dateModified\":\"2022-08-20T03:54:46+00:00\",\"description\":\"CAJEME, SONORA,MX.\u2500\u2500Como parte de la Estrategia Integral de la Secretar\u00eda de Seguridad P\u00fablica (SSP) de Sonora para atender casos de violencia familiar y En Sonora en Equipo publicamos toda la informaci\u00f3n de Sonora, M\u00e9xico y el Mundo de manera oportuna y busca que la libertad de expresi\u00f3n sea real. Visita nuestro medio informativo publicado desde Hermosillo, Sonora. %\",\"breadcrumb\":{\"@id\":\"https:\/\/www.sonoraenequipo.com.mx\/capacita-ssp-a-policias-de-cajeme-para-atender-casos-de-violencia-familiar-y-de-genero\/#breadcrumb\"},\"inLanguage\":\"es\",\"potentialAction\":[{\"@type\":\"ReadAction\",\"target\":[\"https:\/\/www.sonoraenequipo.com.mx\/capacita-ssp-a-policias-de-cajeme-para-atender-casos-de-violencia-familiar-y-de-genero\/\"]}]},{\"@type\":\"ImageObject\",\"inLanguage\":\"es\",\"@id\":\"https:\/\/www.sonoraenequipo.com.mx\/capacita-ssp-a-policias-de-cajeme-para-atender-casos-de-violencia-familiar-y-de-genero\/#primaryimage\",\"url\":\"https:\/\/www.sonoraenequipo.com.mx\/storage\/2022\/08\/ssp.jpg\",\"contentUrl\":\"https:\/\/www.sonoraenequipo.com.mx\/storage\/2022\/08\/ssp.jpg\",\"width\":600,\"height\":400},{\"@type\":\"BreadcrumbList\",\"@id\":\"https:\/\/www.sonoraenequipo.com.mx\/capacita-ssp-a-policias-de-cajeme-para-atender-casos-de-violencia-familiar-y-de-genero\/#breadcrumb\",\"itemListElement\":[{\"@type\":\"ListItem\",\"position\":1,\"name\":\"Portada\",\"item\":\"https:\/\/www.sonoraenequipo.com.mx\/\"},{\"@type\":\"ListItem\",\"position\":2,\"name\":\"Capacita SSP a polic\u00edas de Cajeme para atender casos de violencia familiar y de g\u00e9nero\"}]},{\"@type\":\"WebSite\",\"@id\":\"https:\/\/www.sonoraenequipo.com.mx\/#website\",\"url\":\"https:\/\/www.sonoraenequipo.com.mx\/\",\"name\":\"Sonora en Equipo.\",\"description\":\"Diario en l\u00ednea con Noticias desde Hermosillo, Sonora\",\"publisher\":{\"@id\":\"https:\/\/www.sonoraenequipo.com.mx\/#organization\"},\"potentialAction\":[{\"@type\":\"SearchAction\",\"target\":{\"@type\":\"EntryPoint\",\"urlTemplate\":\"https:\/\/www.sonoraenequipo.com.mx\/?s={search_term_string}\"},\"query-input\":{\"@type\":\"PropertyValueSpecification\",\"valueRequired\":true,\"valueName\":\"search_term_string\"}}],\"inLanguage\":\"es\"},{\"@type\":\"Organization\",\"@id\":\"https:\/\/www.sonoraenequipo.com.mx\/#organization\",\"name\":\"Sonoraenequipo.com.mx\",\"url\":\"https:\/\/www.sonoraenequipo.com.mx\/\",\"logo\":{\"@type\":\"ImageObject\",\"inLanguage\":\"es\",\"@id\":\"https:\/\/www.sonoraenequipo.com.mx\/#\/schema\/logo\/image\/\",\"url\":\"https:\/\/www.sonoraenequipo.com.mx\/storage\/2019\/01\/sonoraenequipo_opt.png\",\"contentUrl\":\"https:\/\/www.sonoraenequipo.com.mx\/storage\/2019\/01\/sonoraenequipo_opt.png\",\"width\":375,\"height\":125,\"caption\":\"Sonoraenequipo.com.mx\"},\"image\":{\"@id\":\"https:\/\/www.sonoraenequipo.com.mx\/#\/schema\/logo\/image\/\"},\"sameAs\":[\"https:\/\/www.facebook.com\/SonoraEE\/\",\"https:\/\/x.com\/sonoraenequipo\",\"https:\/\/www.youtube.com\/channel\/UC338nW-lPEYmJQs4ZABQ1SQ\"]},{\"@type\":\"Person\",\"@id\":\"https:\/\/www.sonoraenequipo.com.mx\/#\/schema\/person\/50102df0fb23a8fa9e8effad8fa81386\",\"name\":\"enequipo\",\"image\":{\"@type\":\"ImageObject\",\"inLanguage\":\"es\",\"@id\":\"https:\/\/www.sonoraenequipo.com.mx\/#\/schema\/person\/image\/\",\"url\":\"https:\/\/secure.gravatar.com\/avatar\/049821681b589dabc0bc20695993ccebb09f5b5d4d790cd9251b97faac7c652b?s=96&d=blank&r=g\",\"contentUrl\":\"https:\/\/secure.gravatar.com\/avatar\/049821681b589dabc0bc20695993ccebb09f5b5d4d790cd9251b97faac7c652b?s=96&d=blank&r=g\",\"caption\":\"enequipo\"},\"sameAs\":[\"https:\/\/www.facebook.com\/SonoraEE\"]}]}<\/script>\n ","yoast_head_json":{"title":"Sonora en Equipo. Capacita SSP a polic\u00edas de Cajeme para atender casos de violencia familiar y de g\u00e9nero Sonora","description":"CAJEME, SONORA,MX.\u2500\u2500Como parte de la Estrategia Integral de la Secretar\u00eda de Seguridad P\u00fablica (SSP) de Sonora para atender casos de violencia familiar y En Sonora en Equipo publicamos toda la informaci\u00f3n de Sonora, M\u00e9xico y el Mundo de manera oportuna y busca que la libertad de expresi\u00f3n sea real. Visita nuestro medio informativo publicado desde Hermosillo, Sonora. %","robots":{"index":"index","follow":"follow","max-snippet":"max-snippet:-1","max-image-preview":"max-image-preview:large","max-video-preview":"max-video-preview:-1"},"canonical":"https:\/\/www.sonoraenequipo.com.mx\/capacita-ssp-a-policias-de-cajeme-para-atender-casos-de-violencia-familiar-y-de-genero\/","og_locale":"es_ES","og_type":"article","og_title":"Sonora en Equipo. Capacita SSP a polic\u00edas de Cajeme para atender casos de violencia familiar y de g\u00e9nero Sonora","og_description":"CAJEME, SONORA,MX.\u2500\u2500Como parte de la Estrategia Integral de la Secretar\u00eda de Seguridad P\u00fablica (SSP) de Sonora para atender casos de violencia familiar y En Sonora en Equipo publicamos toda la informaci\u00f3n de Sonora, M\u00e9xico y el Mundo de manera oportuna y busca que la libertad de expresi\u00f3n sea real. Visita nuestro medio informativo publicado desde Hermosillo, Sonora. %","og_url":"https:\/\/www.sonoraenequipo.com.mx\/capacita-ssp-a-policias-de-cajeme-para-atender-casos-de-violencia-familiar-y-de-genero\/","og_site_name":"Sonora en Equipo.","article_publisher":"https:\/\/www.facebook.com\/SonoraEE\/","article_author":"https:\/\/www.facebook.com\/SonoraEE","article_published_time":"2022-08-20T03:25:19+00:00","article_modified_time":"2022-08-20T03:54:46+00:00","og_image":[{"width":600,"height":400,"url":"https:\/\/www.sonoraenequipo.com.mx\/storage\/2022\/08\/ssp.jpg","type":"image\/jpeg"}],"author":"enequipo","twitter_card":"summary_large_image","twitter_creator":"@sonoraenequipo","twitter_site":"@sonoraenequipo","twitter_misc":{"Escrito por":"enequipo","Tiempo de lectura":"1 minuto"},"schema":{"@context":"https:\/\/schema.org","@graph":[{"@type":"Article","@id":"https:\/\/www.sonoraenequipo.com.mx\/capacita-ssp-a-policias-de-cajeme-para-atender-casos-de-violencia-familiar-y-de-genero\/#article","isPartOf":{"@id":"https:\/\/www.sonoraenequipo.com.mx\/capacita-ssp-a-policias-de-cajeme-para-atender-casos-de-violencia-familiar-y-de-genero\/"},"author":{"name":"enequipo","@id":"https:\/\/www.sonoraenequipo.com.mx\/#\/schema\/person\/50102df0fb23a8fa9e8effad8fa81386"},"headline":"Capacita SSP a polic\u00edas de Cajeme para atender casos de violencia familiar y de g\u00e9nero","datePublished":"2022-08-20T03:25:19+00:00","dateModified":"2022-08-20T03:54:46+00:00","mainEntityOfPage":{"@id":"https:\/\/www.sonoraenequipo.com.mx\/capacita-ssp-a-policias-de-cajeme-para-atender-casos-de-violencia-familiar-y-de-genero\/"},"wordCount":277,"commentCount":0,"publisher":{"@id":"https:\/\/www.sonoraenequipo.com.mx\/#organization"},"image":{"@id":"https:\/\/www.sonoraenequipo.com.mx\/capacita-ssp-a-policias-de-cajeme-para-atender-casos-de-violencia-familiar-y-de-genero\/#primaryimage"},"thumbnailUrl":"https:\/\/www.sonoraenequipo.com.mx\/storage\/2022\/08\/ssp.jpg","articleSection":["Sonora"],"inLanguage":"es","potentialAction":[{"@type":"CommentAction","name":"Comment","target":["https:\/\/www.sonoraenequipo.com.mx\/capacita-ssp-a-policias-de-cajeme-para-atender-casos-de-violencia-familiar-y-de-genero\/#respond"]}]},{"@type":"WebPage","@id":"https:\/\/www.sonoraenequipo.com.mx\/capacita-ssp-a-policias-de-cajeme-para-atender-casos-de-violencia-familiar-y-de-genero\/","url":"https:\/\/www.sonoraenequipo.com.mx\/capacita-ssp-a-policias-de-cajeme-para-atender-casos-de-violencia-familiar-y-de-genero\/","name":"Sonora en Equipo. Capacita SSP a polic\u00edas de Cajeme para atender casos de violencia familiar y de g\u00e9nero Sonora","isPartOf":{"@id":"https:\/\/www.sonoraenequipo.com.mx\/#website"},"primaryImageOfPage":{"@id":"https:\/\/www.sonoraenequipo.com.mx\/capacita-ssp-a-policias-de-cajeme-para-atender-casos-de-violencia-familiar-y-de-genero\/#primaryimage"},"image":{"@id":"https:\/\/www.sonoraenequipo.com.mx\/capacita-ssp-a-policias-de-cajeme-para-atender-casos-de-violencia-familiar-y-de-genero\/#primaryimage"},"thumbnailUrl":"https:\/\/www.sonoraenequipo.com.mx\/storage\/2022\/08\/ssp.jpg","datePublished":"2022-08-20T03:25:19+00:00","dateModified":"2022-08-20T03:54:46+00:00","description":"CAJEME, SONORA,MX.\u2500\u2500Como parte de la Estrategia Integral de la Secretar\u00eda de Seguridad P\u00fablica (SSP) de Sonora para atender casos de violencia familiar y En Sonora en Equipo publicamos toda la informaci\u00f3n de Sonora, M\u00e9xico y el Mundo de manera oportuna y busca que la libertad de expresi\u00f3n sea real. Visita nuestro medio informativo publicado desde Hermosillo, Sonora. %","breadcrumb":{"@id":"https:\/\/www.sonoraenequipo.com.mx\/capacita-ssp-a-policias-de-cajeme-para-atender-casos-de-violencia-familiar-y-de-genero\/#breadcrumb"},"inLanguage":"es","potentialAction":[{"@type":"ReadAction","target":["https:\/\/www.sonoraenequipo.com.mx\/capacita-ssp-a-policias-de-cajeme-para-atender-casos-de-violencia-familiar-y-de-genero\/"]}]},{"@type":"ImageObject","inLanguage":"es","@id":"https:\/\/www.sonoraenequipo.com.mx\/capacita-ssp-a-policias-de-cajeme-para-atender-casos-de-violencia-familiar-y-de-genero\/#primaryimage","url":"https:\/\/www.sonoraenequipo.com.mx\/storage\/2022\/08\/ssp.jpg","contentUrl":"https:\/\/www.sonoraenequipo.com.mx\/storage\/2022\/08\/ssp.jpg","width":600,"height":400},{"@type":"BreadcrumbList","@id":"https:\/\/www.sonoraenequipo.com.mx\/capacita-ssp-a-policias-de-cajeme-para-atender-casos-de-violencia-familiar-y-de-genero\/#breadcrumb","itemListElement":[{"@type":"ListItem","position":1,"name":"Portada","item":"https:\/\/www.sonoraenequipo.com.mx\/"},{"@type":"ListItem","position":2,"name":"Capacita SSP a polic\u00edas de Cajeme para atender casos de violencia familiar y de g\u00e9nero"}]},{"@type":"WebSite","@id":"https:\/\/www.sonoraenequipo.com.mx\/#website","url":"https:\/\/www.sonoraenequipo.com.mx\/","name":"Sonora en Equipo.","description":"Diario en l\u00ednea con Noticias desde Hermosillo, Sonora","publisher":{"@id":"https:\/\/www.sonoraenequipo.com.mx\/#organization"},"potentialAction":[{"@type":"SearchAction","target":{"@type":"EntryPoint","urlTemplate":"https:\/\/www.sonoraenequipo.com.mx\/?s={search_term_string}"},"query-input":{"@type":"PropertyValueSpecification","valueRequired":true,"valueName":"search_term_string"}}],"inLanguage":"es"},{"@type":"Organization","@id":"https:\/\/www.sonoraenequipo.com.mx\/#organization","name":"Sonoraenequipo.com.mx","url":"https:\/\/www.sonoraenequipo.com.mx\/","logo":{"@type":"ImageObject","inLanguage":"es","@id":"https:\/\/www.sonoraenequipo.com.mx\/#\/schema\/logo\/image\/","url":"https:\/\/www.sonoraenequipo.com.mx\/storage\/2019\/01\/sonoraenequipo_opt.png","contentUrl":"https:\/\/www.sonoraenequipo.com.mx\/storage\/2019\/01\/sonoraenequipo_opt.png","width":375,"height":125,"caption":"Sonoraenequipo.com.mx"},"image":{"@id":"https:\/\/www.sonoraenequipo.com.mx\/#\/schema\/logo\/image\/"},"sameAs":["https:\/\/www.facebook.com\/SonoraEE\/","https:\/\/x.com\/sonoraenequipo","https:\/\/www.youtube.com\/channel\/UC338nW-lPEYmJQs4ZABQ1SQ"]},{"@type":"Person","@id":"https:\/\/www.sonoraenequipo.com.mx\/#\/schema\/person\/50102df0fb23a8fa9e8effad8fa81386","name":"enequipo","image":{"@type":"ImageObject","inLanguage":"es","@id":"https:\/\/www.sonoraenequipo.com.mx\/#\/schema\/person\/image\/","url":"https:\/\/secure.gravatar.com\/avatar\/049821681b589dabc0bc20695993ccebb09f5b5d4d790cd9251b97faac7c652b?s=96&d=blank&r=g","contentUrl":"https:\/\/secure.gravatar.com\/avatar\/049821681b589dabc0bc20695993ccebb09f5b5d4d790cd9251b97faac7c652b?s=96&d=blank&r=g","caption":"enequipo"},"sameAs":["https:\/\/www.facebook.com\/SonoraEE"]}]}},"jetpack_featured_media_url":"https:\/\/www.sonoraenequipo.com.mx\/storage\/2022\/08\/ssp.jpg","_links":{"self":[{"href":"https:\/\/www.sonoraenequipo.com.mx\/api\/wp\/v2\/posts\/145341","targetHints":{"allow":["GET"]}}],"collection":[{"href":"https:\/\/www.sonoraenequipo.com.mx\/api\/wp\/v2\/posts"}],"about":[{"href":"https:\/\/www.sonoraenequipo.com.mx\/api\/wp\/v2\/types\/post"}],"author":[{"embeddable":true,"href":"https:\/\/www.sonoraenequipo.com.mx\/api\/wp\/v2\/users\/1"}],"replies":[{"embeddable":true,"href":"https:\/\/www.sonoraenequipo.com.mx\/api\/wp\/v2\/comments?post=145341"}],"version-history":[{"count":1,"href":"https:\/\/www.sonoraenequipo.com.mx\/api\/wp\/v2\/posts\/145341\/revisions"}],"predecessor-version":[{"id":145343,"href":"https:\/\/www.sonoraenequipo.com.mx\/api\/wp\/v2\/posts\/145341\/revisions\/145343"}],"wp:featuredmedia":[{"embeddable":true,"href":"https:\/\/www.sonoraenequipo.com.mx\/api\/wp\/v2\/media\/145342"}],"wp:attachment":[{"href":"https:\/\/www.sonoraenequipo.com.mx\/api\/wp\/v2\/media?parent=145341"}],"wp:term":[{"taxonomy":"category","embeddable":true,"href":"https:\/\/www.sonoraenequipo.com.mx\/api\/wp\/v2\/categories?post=145341"},{"taxonomy":"post_tag","embeddable":true,"href":"https:\/\/www.sonoraenequipo.com.mx\/api\/wp\/v2\/tags?post=145341"}],"curies":[{"name":"wp","href":"https:\/\/api.w.org\/{rel}","templated":true}]}}