{"id":145354,"date":"2022-08-19T15:49:32","date_gmt":"2022-08-19T22:49:32","guid":{"rendered":"https:\/\/www.sonoraenequipo.com.mx\/?p=145354"},"modified":"2022-08-19T15:49:32","modified_gmt":"2022-08-19T22:49:32","slug":"incautan-pesp-y-sedena-armas-y-equipo-tactico-en-bacum","status":"publish","type":"post","link":"https:\/\/www.sonoraenequipo.com.mx\/incautan-pesp-y-sedena-armas-y-equipo-tactico-en-bacum\/","title":{"rendered":"Incautan PESP y SEDENA armas y equipo t\u00e1ctico en B\u00e1cum"},"content":{"rendered":"<p><strong>B\u00c1CUM, SONORA,MX.<\/strong><strong>\u2500\u2500 <\/strong>Durante patrullajes de vigilancia en B\u00e1cum, la Polic\u00eda Estatal de Seguridad P\u00fablica (PESP), en coordinaci\u00f3n con la Secretar\u00eda de la Defensa Nacional (Sedena), registraron el aseguramiento de armas de fuego, equipo t\u00e1ctico, cartuchos y cargadores en un veh\u00edculo robado.<\/p>\n<p>&nbsp;<\/p>\n<p>La tarde del mi\u00e9rcoles, elementos de la Polic\u00eda Estatal y Sedena realizaban patrullajes de vigilancia en el camino de terracer\u00eda que conduce a la localidad Rancho Porfirio, lugar donde recuperaron un veh\u00edculo Nissan, l\u00ednea X-Trail, modelo 2016, que se encontraba estacionado en la zona con las puertas abiertas.<\/p>\n<p>&nbsp;<\/p>\n<p>Al inspeccionar los datos del veh\u00edculo, se inform\u00f3 a los polic\u00edas sobre el registro de reporte de robo desde el 3 de agosto de este a\u00f1o.<\/p>\n<p>&nbsp;<\/p>\n<p>Adem\u00e1s, dentro del auto vieron armas de fuego, asegurando tres fusiles de los conocidos como AK-47, as\u00ed como 15 cargadores, 247 cartuchos y tres chalecos.<\/p>\n<p>&nbsp;<\/p>\n<p>Toda la materia qued\u00f3 asegurada y a disposici\u00f3n del Ministerio P\u00fablico para los tr\u00e1mites legales correspondientes.<\/p>\n<p>&nbsp;<\/p>\n<p>Oficiales de la Polic\u00eda Estatal contin\u00faan en la zona del Valle del Yaqui, en trabajo conjunto con los tres niveles de gobierno, para la prevenci\u00f3n del delito y atenci\u00f3n de la denuncia ciudadana a la l\u00ednea an\u00f3nima 089 y de emergencias 9-1-1.<\/p>\n<p><strong><u>Fecha de Publicaci\u00f3n\u00a0 19\u00a0 de agosto de 2022 <\/u><\/strong><\/p>\n<p>&nbsp;<\/p>\n","protected":false},"excerpt":{"rendered":"<p>B\u00c1CUM, SONORA,MX.\u2500\u2500 Durante patrullajes de vigilancia en B\u00e1cum, la Polic\u00eda Estatal de Seguridad P\u00fablica (PESP),&#8230;<\/p>\n","protected":false},"author":1,"featured_media":145355,"comment_status":"open","ping_status":"open","sticky":false,"template":"","format":"standard","meta":{"_monsterinsights_skip_tracking":false,"_monsterinsights_sitenote_active":false,"_monsterinsights_sitenote_note":"","_monsterinsights_sitenote_category":0,"footnotes":""},"categories":[3144],"tags":[299,15],"class_list":["post"],"yoast_head":" \n<title>Sonora en Equipo. Incautan PESP y SEDENA armas y equipo t\u00e1ctico en B\u00e1cum Polic\u00edaca<\/title>\n<meta name=\"description\" content=\"B\u00c1CUM, SONORA,MX.\u2500\u2500 Durante patrullajes de vigilancia en B\u00e1cum, la Polic\u00eda Estatal de Seguridad P\u00fablica (PESP), en coordinaci\u00f3n con la Secretar\u00eda de la En Sonora en Equipo publicamos toda la informaci\u00f3n de Sonora, M\u00e9xico y el Mundo de manera oportuna y busca que la libertad de expresi\u00f3n sea real. Visita nuestro medio informativo publicado desde Hermosillo, Sonora. %\" \/>\n<meta name=\"robots\" content=\"index, follow, max-snippet:-1, max-image-preview:large, max-video-preview:-1\" \/>\n<link rel=\"canonical\" href=\"https:\/\/www.sonoraenequipo.com.mx\/incautan-pesp-y-sedena-armas-y-equipo-tactico-en-bacum\/\" \/>\n<meta property=\"og:locale\" content=\"es_ES\" \/>\n<meta property=\"og:type\" content=\"article\" \/>\n<meta property=\"og:title\" content=\"Sonora en Equipo. Incautan PESP y SEDENA armas y equipo t\u00e1ctico en B\u00e1cum Polic\u00edaca\" \/>\n<meta property=\"og:description\" content=\"B\u00c1CUM, SONORA,MX.\u2500\u2500 Durante patrullajes de vigilancia en B\u00e1cum, la Polic\u00eda Estatal de Seguridad P\u00fablica (PESP), en coordinaci\u00f3n con la Secretar\u00eda de la En Sonora en Equipo publicamos toda la informaci\u00f3n de Sonora, M\u00e9xico y el Mundo de manera oportuna y busca que la libertad de expresi\u00f3n sea real. Visita nuestro medio informativo publicado desde Hermosillo, Sonora. %\" \/>\n<meta property=\"og:url\" content=\"https:\/\/www.sonoraenequipo.com.mx\/incautan-pesp-y-sedena-armas-y-equipo-tactico-en-bacum\/\" \/>\n<meta property=\"og:site_name\" content=\"Sonora en Equipo.\" \/>\n<meta property=\"article:publisher\" content=\"https:\/\/www.facebook.com\/SonoraEE\/\" \/>\n<meta property=\"article:author\" content=\"https:\/\/www.facebook.com\/SonoraEE\" \/>\n<meta property=\"article:published_time\" content=\"2022-08-19T22:49:32+00:00\" \/>\n<meta property=\"og:image\" content=\"https:\/\/www.sonoraenequipo.com.mx\/storage\/2022\/08\/armas-1.jpg\" \/>\n\t<meta property=\"og:image:width\" content=\"600\" \/>\n\t<meta property=\"og:image:height\" content=\"400\" \/>\n\t<meta property=\"og:image:type\" content=\"image\/jpeg\" \/>\n<meta name=\"author\" content=\"enequipo\" \/>\n<meta name=\"twitter:card\" content=\"summary_large_image\" \/>\n<meta name=\"twitter:creator\" content=\"@sonoraenequipo\" \/>\n<meta name=\"twitter:site\" content=\"@sonoraenequipo\" \/>\n<meta name=\"twitter:label1\" content=\"Escrito por\" \/>\n\t<meta name=\"twitter:data1\" content=\"enequipo\" \/>\n\t<meta name=\"twitter:label2\" content=\"Tiempo de lectura\" \/>\n\t<meta name=\"twitter:data2\" content=\"1 minuto\" \/>\n<script type=\"application\/ld+json\" class=\"yoast-schema-graph\">{\"@context\":\"https:\/\/schema.org\",\"@graph\":[{\"@type\":\"Article\",\"@id\":\"https:\/\/www.sonoraenequipo.com.mx\/incautan-pesp-y-sedena-armas-y-equipo-tactico-en-bacum\/#article\",\"isPartOf\":{\"@id\":\"https:\/\/www.sonoraenequipo.com.mx\/incautan-pesp-y-sedena-armas-y-equipo-tactico-en-bacum\/\"},\"author\":{\"name\":\"enequipo\",\"@id\":\"https:\/\/www.sonoraenequipo.com.mx\/#\/schema\/person\/50102df0fb23a8fa9e8effad8fa81386\"},\"headline\":\"Incautan PESP y SEDENA armas y equipo t\u00e1ctico en B\u00e1cum\",\"datePublished\":\"2022-08-19T22:49:32+00:00\",\"mainEntityOfPage\":{\"@id\":\"https:\/\/www.sonoraenequipo.com.mx\/incautan-pesp-y-sedena-armas-y-equipo-tactico-en-bacum\/\"},\"wordCount\":246,\"commentCount\":0,\"publisher\":{\"@id\":\"https:\/\/www.sonoraenequipo.com.mx\/#organization\"},\"image\":{\"@id\":\"https:\/\/www.sonoraenequipo.com.mx\/incautan-pesp-y-sedena-armas-y-equipo-tactico-en-bacum\/#primaryimage\"},\"thumbnailUrl\":\"https:\/\/www.sonoraenequipo.com.mx\/storage\/2022\/08\/armas-1.jpg\",\"keywords\":[\"inseguridad\",\"Sonora\"],\"articleSection\":[\"Polic\u00edaca\"],\"inLanguage\":\"es\",\"potentialAction\":[{\"@type\":\"CommentAction\",\"name\":\"Comment\",\"target\":[\"https:\/\/www.sonoraenequipo.com.mx\/incautan-pesp-y-sedena-armas-y-equipo-tactico-en-bacum\/#respond\"]}]},{\"@type\":\"WebPage\",\"@id\":\"https:\/\/www.sonoraenequipo.com.mx\/incautan-pesp-y-sedena-armas-y-equipo-tactico-en-bacum\/\",\"url\":\"https:\/\/www.sonoraenequipo.com.mx\/incautan-pesp-y-sedena-armas-y-equipo-tactico-en-bacum\/\",\"name\":\"Sonora en Equipo. Incautan PESP y SEDENA armas y equipo t\u00e1ctico en B\u00e1cum Polic\u00edaca\",\"isPartOf\":{\"@id\":\"https:\/\/www.sonoraenequipo.com.mx\/#website\"},\"primaryImageOfPage\":{\"@id\":\"https:\/\/www.sonoraenequipo.com.mx\/incautan-pesp-y-sedena-armas-y-equipo-tactico-en-bacum\/#primaryimage\"},\"image\":{\"@id\":\"https:\/\/www.sonoraenequipo.com.mx\/incautan-pesp-y-sedena-armas-y-equipo-tactico-en-bacum\/#primaryimage\"},\"thumbnailUrl\":\"https:\/\/www.sonoraenequipo.com.mx\/storage\/2022\/08\/armas-1.jpg\",\"datePublished\":\"2022-08-19T22:49:32+00:00\",\"description\":\"B\u00c1CUM, SONORA,MX.\u2500\u2500 Durante patrullajes de vigilancia en B\u00e1cum, la Polic\u00eda Estatal de Seguridad P\u00fablica (PESP), en coordinaci\u00f3n con la Secretar\u00eda de la En Sonora en Equipo publicamos toda la informaci\u00f3n de Sonora, M\u00e9xico y el Mundo de manera oportuna y busca que la libertad de expresi\u00f3n sea real. Visita nuestro medio informativo publicado desde Hermosillo, Sonora. %\",\"breadcrumb\":{\"@id\":\"https:\/\/www.sonoraenequipo.com.mx\/incautan-pesp-y-sedena-armas-y-equipo-tactico-en-bacum\/#breadcrumb\"},\"inLanguage\":\"es\",\"potentialAction\":[{\"@type\":\"ReadAction\",\"target\":[\"https:\/\/www.sonoraenequipo.com.mx\/incautan-pesp-y-sedena-armas-y-equipo-tactico-en-bacum\/\"]}]},{\"@type\":\"ImageObject\",\"inLanguage\":\"es\",\"@id\":\"https:\/\/www.sonoraenequipo.com.mx\/incautan-pesp-y-sedena-armas-y-equipo-tactico-en-bacum\/#primaryimage\",\"url\":\"https:\/\/www.sonoraenequipo.com.mx\/storage\/2022\/08\/armas-1.jpg\",\"contentUrl\":\"https:\/\/www.sonoraenequipo.com.mx\/storage\/2022\/08\/armas-1.jpg\",\"width\":600,\"height\":400},{\"@type\":\"BreadcrumbList\",\"@id\":\"https:\/\/www.sonoraenequipo.com.mx\/incautan-pesp-y-sedena-armas-y-equipo-tactico-en-bacum\/#breadcrumb\",\"itemListElement\":[{\"@type\":\"ListItem\",\"position\":1,\"name\":\"Portada\",\"item\":\"https:\/\/www.sonoraenequipo.com.mx\/\"},{\"@type\":\"ListItem\",\"position\":2,\"name\":\"Incautan PESP y SEDENA armas y equipo t\u00e1ctico en B\u00e1cum\"}]},{\"@type\":\"WebSite\",\"@id\":\"https:\/\/www.sonoraenequipo.com.mx\/#website\",\"url\":\"https:\/\/www.sonoraenequipo.com.mx\/\",\"name\":\"Sonora en Equipo.\",\"description\":\"Diario en l\u00ednea con Noticias desde Hermosillo, Sonora\",\"publisher\":{\"@id\":\"https:\/\/www.sonoraenequipo.com.mx\/#organization\"},\"potentialAction\":[{\"@type\":\"SearchAction\",\"target\":{\"@type\":\"EntryPoint\",\"urlTemplate\":\"https:\/\/www.sonoraenequipo.com.mx\/?s={search_term_string}\"},\"query-input\":{\"@type\":\"PropertyValueSpecification\",\"valueRequired\":true,\"valueName\":\"search_term_string\"}}],\"inLanguage\":\"es\"},{\"@type\":\"Organization\",\"@id\":\"https:\/\/www.sonoraenequipo.com.mx\/#organization\",\"name\":\"Sonoraenequipo.com.mx\",\"url\":\"https:\/\/www.sonoraenequipo.com.mx\/\",\"logo\":{\"@type\":\"ImageObject\",\"inLanguage\":\"es\",\"@id\":\"https:\/\/www.sonoraenequipo.com.mx\/#\/schema\/logo\/image\/\",\"url\":\"https:\/\/www.sonoraenequipo.com.mx\/storage\/2019\/01\/sonoraenequipo_opt.png\",\"contentUrl\":\"https:\/\/www.sonoraenequipo.com.mx\/storage\/2019\/01\/sonoraenequipo_opt.png\",\"width\":375,\"height\":125,\"caption\":\"Sonoraenequipo.com.mx\"},\"image\":{\"@id\":\"https:\/\/www.sonoraenequipo.com.mx\/#\/schema\/logo\/image\/\"},\"sameAs\":[\"https:\/\/www.facebook.com\/SonoraEE\/\",\"https:\/\/x.com\/sonoraenequipo\",\"https:\/\/www.youtube.com\/channel\/UC338nW-lPEYmJQs4ZABQ1SQ\"]},{\"@type\":\"Person\",\"@id\":\"https:\/\/www.sonoraenequipo.com.mx\/#\/schema\/person\/50102df0fb23a8fa9e8effad8fa81386\",\"name\":\"enequipo\",\"image\":{\"@type\":\"ImageObject\",\"inLanguage\":\"es\",\"@id\":\"https:\/\/www.sonoraenequipo.com.mx\/#\/schema\/person\/image\/\",\"url\":\"https:\/\/secure.gravatar.com\/avatar\/049821681b589dabc0bc20695993ccebb09f5b5d4d790cd9251b97faac7c652b?s=96&d=blank&r=g\",\"contentUrl\":\"https:\/\/secure.gravatar.com\/avatar\/049821681b589dabc0bc20695993ccebb09f5b5d4d790cd9251b97faac7c652b?s=96&d=blank&r=g\",\"caption\":\"enequipo\"},\"sameAs\":[\"https:\/\/www.facebook.com\/SonoraEE\"]}]}<\/script>\n ","yoast_head_json":{"title":"Sonora en Equipo. Incautan PESP y SEDENA armas y equipo t\u00e1ctico en B\u00e1cum Polic\u00edaca","description":"B\u00c1CUM, SONORA,MX.\u2500\u2500 Durante patrullajes de vigilancia en B\u00e1cum, la Polic\u00eda Estatal de Seguridad P\u00fablica (PESP), en coordinaci\u00f3n con la Secretar\u00eda de la En Sonora en Equipo publicamos toda la informaci\u00f3n de Sonora, M\u00e9xico y el Mundo de manera oportuna y busca que la libertad de expresi\u00f3n sea real. Visita nuestro medio informativo publicado desde Hermosillo, Sonora. %","robots":{"index":"index","follow":"follow","max-snippet":"max-snippet:-1","max-image-preview":"max-image-preview:large","max-video-preview":"max-video-preview:-1"},"canonical":"https:\/\/www.sonoraenequipo.com.mx\/incautan-pesp-y-sedena-armas-y-equipo-tactico-en-bacum\/","og_locale":"es_ES","og_type":"article","og_title":"Sonora en Equipo. Incautan PESP y SEDENA armas y equipo t\u00e1ctico en B\u00e1cum Polic\u00edaca","og_description":"B\u00c1CUM, SONORA,MX.\u2500\u2500 Durante patrullajes de vigilancia en B\u00e1cum, la Polic\u00eda Estatal de Seguridad P\u00fablica (PESP), en coordinaci\u00f3n con la Secretar\u00eda de la En Sonora en Equipo publicamos toda la informaci\u00f3n de Sonora, M\u00e9xico y el Mundo de manera oportuna y busca que la libertad de expresi\u00f3n sea real. Visita nuestro medio informativo publicado desde Hermosillo, Sonora. %","og_url":"https:\/\/www.sonoraenequipo.com.mx\/incautan-pesp-y-sedena-armas-y-equipo-tactico-en-bacum\/","og_site_name":"Sonora en Equipo.","article_publisher":"https:\/\/www.facebook.com\/SonoraEE\/","article_author":"https:\/\/www.facebook.com\/SonoraEE","article_published_time":"2022-08-19T22:49:32+00:00","og_image":[{"width":600,"height":400,"url":"https:\/\/www.sonoraenequipo.com.mx\/storage\/2022\/08\/armas-1.jpg","type":"image\/jpeg"}],"author":"enequipo","twitter_card":"summary_large_image","twitter_creator":"@sonoraenequipo","twitter_site":"@sonoraenequipo","twitter_misc":{"Escrito por":"enequipo","Tiempo de lectura":"1 minuto"},"schema":{"@context":"https:\/\/schema.org","@graph":[{"@type":"Article","@id":"https:\/\/www.sonoraenequipo.com.mx\/incautan-pesp-y-sedena-armas-y-equipo-tactico-en-bacum\/#article","isPartOf":{"@id":"https:\/\/www.sonoraenequipo.com.mx\/incautan-pesp-y-sedena-armas-y-equipo-tactico-en-bacum\/"},"author":{"name":"enequipo","@id":"https:\/\/www.sonoraenequipo.com.mx\/#\/schema\/person\/50102df0fb23a8fa9e8effad8fa81386"},"headline":"Incautan PESP y SEDENA armas y equipo t\u00e1ctico en B\u00e1cum","datePublished":"2022-08-19T22:49:32+00:00","mainEntityOfPage":{"@id":"https:\/\/www.sonoraenequipo.com.mx\/incautan-pesp-y-sedena-armas-y-equipo-tactico-en-bacum\/"},"wordCount":246,"commentCount":0,"publisher":{"@id":"https:\/\/www.sonoraenequipo.com.mx\/#organization"},"image":{"@id":"https:\/\/www.sonoraenequipo.com.mx\/incautan-pesp-y-sedena-armas-y-equipo-tactico-en-bacum\/#primaryimage"},"thumbnailUrl":"https:\/\/www.sonoraenequipo.com.mx\/storage\/2022\/08\/armas-1.jpg","keywords":["inseguridad","Sonora"],"articleSection":["Polic\u00edaca"],"inLanguage":"es","potentialAction":[{"@type":"CommentAction","name":"Comment","target":["https:\/\/www.sonoraenequipo.com.mx\/incautan-pesp-y-sedena-armas-y-equipo-tactico-en-bacum\/#respond"]}]},{"@type":"WebPage","@id":"https:\/\/www.sonoraenequipo.com.mx\/incautan-pesp-y-sedena-armas-y-equipo-tactico-en-bacum\/","url":"https:\/\/www.sonoraenequipo.com.mx\/incautan-pesp-y-sedena-armas-y-equipo-tactico-en-bacum\/","name":"Sonora en Equipo. Incautan PESP y SEDENA armas y equipo t\u00e1ctico en B\u00e1cum Polic\u00edaca","isPartOf":{"@id":"https:\/\/www.sonoraenequipo.com.mx\/#website"},"primaryImageOfPage":{"@id":"https:\/\/www.sonoraenequipo.com.mx\/incautan-pesp-y-sedena-armas-y-equipo-tactico-en-bacum\/#primaryimage"},"image":{"@id":"https:\/\/www.sonoraenequipo.com.mx\/incautan-pesp-y-sedena-armas-y-equipo-tactico-en-bacum\/#primaryimage"},"thumbnailUrl":"https:\/\/www.sonoraenequipo.com.mx\/storage\/2022\/08\/armas-1.jpg","datePublished":"2022-08-19T22:49:32+00:00","description":"B\u00c1CUM, SONORA,MX.\u2500\u2500 Durante patrullajes de vigilancia en B\u00e1cum, la Polic\u00eda Estatal de Seguridad P\u00fablica (PESP), en coordinaci\u00f3n con la Secretar\u00eda de la En Sonora en Equipo publicamos toda la informaci\u00f3n de Sonora, M\u00e9xico y el Mundo de manera oportuna y busca que la libertad de expresi\u00f3n sea real. Visita nuestro medio informativo publicado desde Hermosillo, Sonora. %","breadcrumb":{"@id":"https:\/\/www.sonoraenequipo.com.mx\/incautan-pesp-y-sedena-armas-y-equipo-tactico-en-bacum\/#breadcrumb"},"inLanguage":"es","potentialAction":[{"@type":"ReadAction","target":["https:\/\/www.sonoraenequipo.com.mx\/incautan-pesp-y-sedena-armas-y-equipo-tactico-en-bacum\/"]}]},{"@type":"ImageObject","inLanguage":"es","@id":"https:\/\/www.sonoraenequipo.com.mx\/incautan-pesp-y-sedena-armas-y-equipo-tactico-en-bacum\/#primaryimage","url":"https:\/\/www.sonoraenequipo.com.mx\/storage\/2022\/08\/armas-1.jpg","contentUrl":"https:\/\/www.sonoraenequipo.com.mx\/storage\/2022\/08\/armas-1.jpg","width":600,"height":400},{"@type":"BreadcrumbList","@id":"https:\/\/www.sonoraenequipo.com.mx\/incautan-pesp-y-sedena-armas-y-equipo-tactico-en-bacum\/#breadcrumb","itemListElement":[{"@type":"ListItem","position":1,"name":"Portada","item":"https:\/\/www.sonoraenequipo.com.mx\/"},{"@type":"ListItem","position":2,"name":"Incautan PESP y SEDENA armas y equipo t\u00e1ctico en B\u00e1cum"}]},{"@type":"WebSite","@id":"https:\/\/www.sonoraenequipo.com.mx\/#website","url":"https:\/\/www.sonoraenequipo.com.mx\/","name":"Sonora en Equipo.","description":"Diario en l\u00ednea con Noticias desde Hermosillo, Sonora","publisher":{"@id":"https:\/\/www.sonoraenequipo.com.mx\/#organization"},"potentialAction":[{"@type":"SearchAction","target":{"@type":"EntryPoint","urlTemplate":"https:\/\/www.sonoraenequipo.com.mx\/?s={search_term_string}"},"query-input":{"@type":"PropertyValueSpecification","valueRequired":true,"valueName":"search_term_string"}}],"inLanguage":"es"},{"@type":"Organization","@id":"https:\/\/www.sonoraenequipo.com.mx\/#organization","name":"Sonoraenequipo.com.mx","url":"https:\/\/www.sonoraenequipo.com.mx\/","logo":{"@type":"ImageObject","inLanguage":"es","@id":"https:\/\/www.sonoraenequipo.com.mx\/#\/schema\/logo\/image\/","url":"https:\/\/www.sonoraenequipo.com.mx\/storage\/2019\/01\/sonoraenequipo_opt.png","contentUrl":"https:\/\/www.sonoraenequipo.com.mx\/storage\/2019\/01\/sonoraenequipo_opt.png","width":375,"height":125,"caption":"Sonoraenequipo.com.mx"},"image":{"@id":"https:\/\/www.sonoraenequipo.com.mx\/#\/schema\/logo\/image\/"},"sameAs":["https:\/\/www.facebook.com\/SonoraEE\/","https:\/\/x.com\/sonoraenequipo","https:\/\/www.youtube.com\/channel\/UC338nW-lPEYmJQs4ZABQ1SQ"]},{"@type":"Person","@id":"https:\/\/www.sonoraenequipo.com.mx\/#\/schema\/person\/50102df0fb23a8fa9e8effad8fa81386","name":"enequipo","image":{"@type":"ImageObject","inLanguage":"es","@id":"https:\/\/www.sonoraenequipo.com.mx\/#\/schema\/person\/image\/","url":"https:\/\/secure.gravatar.com\/avatar\/049821681b589dabc0bc20695993ccebb09f5b5d4d790cd9251b97faac7c652b?s=96&d=blank&r=g","contentUrl":"https:\/\/secure.gravatar.com\/avatar\/049821681b589dabc0bc20695993ccebb09f5b5d4d790cd9251b97faac7c652b?s=96&d=blank&r=g","caption":"enequipo"},"sameAs":["https:\/\/www.facebook.com\/SonoraEE"]}]}},"jetpack_featured_media_url":"https:\/\/www.sonoraenequipo.com.mx\/storage\/2022\/08\/armas-1.jpg","_links":{"self":[{"href":"https:\/\/www.sonoraenequipo.com.mx\/api\/wp\/v2\/posts\/145354","targetHints":{"allow":["GET"]}}],"collection":[{"href":"https:\/\/www.sonoraenequipo.com.mx\/api\/wp\/v2\/posts"}],"about":[{"href":"https:\/\/www.sonoraenequipo.com.mx\/api\/wp\/v2\/types\/post"}],"author":[{"embeddable":true,"href":"https:\/\/www.sonoraenequipo.com.mx\/api\/wp\/v2\/users\/1"}],"replies":[{"embeddable":true,"href":"https:\/\/www.sonoraenequipo.com.mx\/api\/wp\/v2\/comments?post=145354"}],"version-history":[{"count":1,"href":"https:\/\/www.sonoraenequipo.com.mx\/api\/wp\/v2\/posts\/145354\/revisions"}],"predecessor-version":[{"id":145356,"href":"https:\/\/www.sonoraenequipo.com.mx\/api\/wp\/v2\/posts\/145354\/revisions\/145356"}],"wp:featuredmedia":[{"embeddable":true,"href":"https:\/\/www.sonoraenequipo.com.mx\/api\/wp\/v2\/media\/145355"}],"wp:attachment":[{"href":"https:\/\/www.sonoraenequipo.com.mx\/api\/wp\/v2\/media?parent=145354"}],"wp:term":[{"taxonomy":"category","embeddable":true,"href":"https:\/\/www.sonoraenequipo.com.mx\/api\/wp\/v2\/categories?post=145354"},{"taxonomy":"post_tag","embeddable":true,"href":"https:\/\/www.sonoraenequipo.com.mx\/api\/wp\/v2\/tags?post=145354"}],"curies":[{"name":"wp","href":"https:\/\/api.w.org\/{rel}","templated":true}]}}