{"id":145357,"date":"2022-08-19T16:54:31","date_gmt":"2022-08-19T23:54:31","guid":{"rendered":"https:\/\/www.sonoraenequipo.com.mx\/?p=145357"},"modified":"2022-08-19T20:49:10","modified_gmt":"2022-08-20T03:49:10","slug":"eligen-consejo-directivo-de-la-asociacion-sonorense-de-boxeo","status":"publish","type":"post","link":"https:\/\/www.sonoraenequipo.com.mx\/eligen-consejo-directivo-de-la-asociacion-sonorense-de-boxeo\/","title":{"rendered":"Eligen Consejo Directivo de la Asociaci\u00f3n Sonorense de Boxeo"},"content":{"rendered":"<p><strong>HERMOSILLO, SONORA,MX.<\/strong><strong>\u2500\u2500<\/strong> La Asociaci\u00f3n Sonorense de Boxeo efectu\u00f3 este jueves su Asamblea General Ordinaria en donde se eligi\u00f3 a un nuevo Consejo Directivo que estar\u00e1 al frente del pugilismo amateur en la entidad por los pr\u00f3ximos cuatro a\u00f1os.<\/p>\n<p>&nbsp;<\/p>\n<p>Luego de celebrarse la votaci\u00f3n, como parte del orden del d\u00eda, se eligi\u00f3 de manera un\u00e1nime -12 puntos a favor por cero en contra- la planilla que encabeza Francisco Jos\u00e9 B\u00farquez D\u00edaz, quien ser\u00e1 el nuevo presidente de la Asociaci\u00f3n Sonorense de Boxeo Aficionado para el periodo 2022-26.<\/p>\n<p>&nbsp;<\/p>\n<p>Dentro del equipo que completa la mesa directiva, se encuentran: Omar C\u00e1rdenas Avenda\u00f1o, vicepresidente; Daniel S\u00e1nchez G\u00f3mez, secretaria; Christian Ch\u00e1vez Ch\u00e1vez, tesorero; Esmeralda P\u00e1ez Lagarda, comisaria; y Said Nieblas Barranco, en el puesto de vocal deportista.<\/p>\n<p>&nbsp;<\/p>\n<p>El nuevo dirigente de la Asociaci\u00f3n Sonorense de Boxeo, Francisco Jos\u00e9 B\u00farquez D\u00edaz, quien hace dos d\u00e9cadas incursion\u00f3 en el pugilismo amateur, dijo que buscar\u00e1n m\u00e1s oportunidades para los boxeadores de la entidad.<\/p>\n<p>&nbsp;<\/p>\n<p>\u201cQueremos dar m\u00e1s actividad a los muchachos, sobre todo en las zonas rurales, de donde salen talentos, la idea es ofrecerles m\u00e1s oportunidades a los chavos, adem\u00e1s tendremos un enfoque en las capacitaciones para fortalecer los grupos t\u00e9cnicos que incluye a jueces, entrenadores y r\u00e9feris, porque de ah\u00ed se permea todo lo del boxeador\u201d, agreg\u00f3.<\/p>\n<p>&nbsp;<\/p>\n<p>Para dar fe y legalidad a la Asamblea General Ordinaria, estuvo el presidente de la Federaci\u00f3n Mexicana de Boxeo, Ricardo Contreras, quien, acompa\u00f1ado por el secretario del organismo, \u00d3scar Contreras, llev\u00f3 el protocolo de la reuni\u00f3n; asimismo, asisti\u00f3 el director general de la Codeson, Erubiel Durazo, adem\u00e1s de Jes\u00fas Alberto Garc\u00eda Velarde, subdirector de deporte competitivo.<\/p>\n<p>&nbsp;<\/p>\n<p>En el marco del evento, la Federaci\u00f3n Mexicana de Boxeo Amateur, entreg\u00f3 diplomas de reconocimiento a los entrenadores sonorenses Sergio Campa y Alberto Guti\u00e9rrez, por sus 25 a\u00f1os forjando generaciones de pugilistas.<\/p>\n<p><strong><u>Fecha de Publicaci\u00f3n\u00a0 19\u00a0 de agosto de 2022 <\/u><\/strong><\/p>\n<p>&nbsp;<\/p>\n","protected":false},"excerpt":{"rendered":"<p>HERMOSILLO, SONORA,MX.\u2500\u2500 La Asociaci\u00f3n Sonorense de Boxeo efectu\u00f3 este jueves su Asamblea General Ordinaria en&#8230;<\/p>\n","protected":false},"author":1,"featured_media":145358,"comment_status":"open","ping_status":"open","sticky":false,"template":"","format":"standard","meta":{"_monsterinsights_skip_tracking":false,"_monsterinsights_sitenote_active":false,"_monsterinsights_sitenote_note":"","_monsterinsights_sitenote_category":0,"footnotes":""},"categories":[10],"tags":[4973,15],"class_list":["post"],"yoast_head":" \n<title>Sonora en Equipo. Eligen Consejo Directivo de la Asociaci\u00f3n Sonorense de Boxeo Deportes<\/title>\n<meta name=\"description\" content=\"HERMOSILLO, SONORA,MX.\u2500\u2500 La Asociaci\u00f3n Sonorense de Boxeo efectu\u00f3 este jueves su Asamblea General Ordinaria en donde se eligi\u00f3 a un nuevo Consejo En Sonora en Equipo publicamos toda la informaci\u00f3n de Sonora, M\u00e9xico y el Mundo de manera oportuna y busca que la libertad de expresi\u00f3n sea real. Visita nuestro medio informativo publicado desde Hermosillo, Sonora. %\" \/>\n<meta name=\"robots\" content=\"index, follow, max-snippet:-1, max-image-preview:large, max-video-preview:-1\" \/>\n<link rel=\"canonical\" href=\"https:\/\/www.sonoraenequipo.com.mx\/eligen-consejo-directivo-de-la-asociacion-sonorense-de-boxeo\/\" \/>\n<meta property=\"og:locale\" content=\"es_ES\" \/>\n<meta property=\"og:type\" content=\"article\" \/>\n<meta property=\"og:title\" content=\"Sonora en Equipo. Eligen Consejo Directivo de la Asociaci\u00f3n Sonorense de Boxeo Deportes\" \/>\n<meta property=\"og:description\" content=\"HERMOSILLO, SONORA,MX.\u2500\u2500 La Asociaci\u00f3n Sonorense de Boxeo efectu\u00f3 este jueves su Asamblea General Ordinaria en donde se eligi\u00f3 a un nuevo Consejo En Sonora en Equipo publicamos toda la informaci\u00f3n de Sonora, M\u00e9xico y el Mundo de manera oportuna y busca que la libertad de expresi\u00f3n sea real. Visita nuestro medio informativo publicado desde Hermosillo, Sonora. %\" \/>\n<meta property=\"og:url\" content=\"https:\/\/www.sonoraenequipo.com.mx\/eligen-consejo-directivo-de-la-asociacion-sonorense-de-boxeo\/\" \/>\n<meta property=\"og:site_name\" content=\"Sonora en Equipo.\" \/>\n<meta property=\"article:publisher\" content=\"https:\/\/www.facebook.com\/SonoraEE\/\" \/>\n<meta property=\"article:author\" content=\"https:\/\/www.facebook.com\/SonoraEE\" \/>\n<meta property=\"article:published_time\" content=\"2022-08-19T23:54:31+00:00\" \/>\n<meta property=\"article:modified_time\" content=\"2022-08-20T03:49:10+00:00\" \/>\n<meta property=\"og:image\" content=\"https:\/\/www.sonoraenequipo.com.mx\/storage\/2022\/08\/box.jpg\" \/>\n\t<meta property=\"og:image:width\" content=\"600\" \/>\n\t<meta property=\"og:image:height\" content=\"400\" \/>\n\t<meta property=\"og:image:type\" content=\"image\/jpeg\" \/>\n<meta name=\"author\" content=\"enequipo\" \/>\n<meta name=\"twitter:card\" content=\"summary_large_image\" \/>\n<meta name=\"twitter:creator\" content=\"@sonoraenequipo\" \/>\n<meta name=\"twitter:site\" content=\"@sonoraenequipo\" \/>\n<meta name=\"twitter:label1\" content=\"Escrito por\" \/>\n\t<meta name=\"twitter:data1\" content=\"enequipo\" \/>\n\t<meta name=\"twitter:label2\" content=\"Tiempo de lectura\" \/>\n\t<meta name=\"twitter:data2\" content=\"2 minutos\" \/>\n<script type=\"application\/ld+json\" class=\"yoast-schema-graph\">{\"@context\":\"https:\/\/schema.org\",\"@graph\":[{\"@type\":\"Article\",\"@id\":\"https:\/\/www.sonoraenequipo.com.mx\/eligen-consejo-directivo-de-la-asociacion-sonorense-de-boxeo\/#article\",\"isPartOf\":{\"@id\":\"https:\/\/www.sonoraenequipo.com.mx\/eligen-consejo-directivo-de-la-asociacion-sonorense-de-boxeo\/\"},\"author\":{\"name\":\"enequipo\",\"@id\":\"https:\/\/www.sonoraenequipo.com.mx\/#\/schema\/person\/50102df0fb23a8fa9e8effad8fa81386\"},\"headline\":\"Eligen Consejo Directivo de la Asociaci\u00f3n Sonorense de Boxeo\",\"datePublished\":\"2022-08-19T23:54:31+00:00\",\"dateModified\":\"2022-08-20T03:49:10+00:00\",\"mainEntityOfPage\":{\"@id\":\"https:\/\/www.sonoraenequipo.com.mx\/eligen-consejo-directivo-de-la-asociacion-sonorense-de-boxeo\/\"},\"wordCount\":358,\"commentCount\":0,\"publisher\":{\"@id\":\"https:\/\/www.sonoraenequipo.com.mx\/#organization\"},\"image\":{\"@id\":\"https:\/\/www.sonoraenequipo.com.mx\/eligen-consejo-directivo-de-la-asociacion-sonorense-de-boxeo\/#primaryimage\"},\"thumbnailUrl\":\"https:\/\/www.sonoraenequipo.com.mx\/storage\/2022\/08\/box.jpg\",\"keywords\":[\"BOX\",\"Sonora\"],\"articleSection\":[\"Deportes\"],\"inLanguage\":\"es\",\"potentialAction\":[{\"@type\":\"CommentAction\",\"name\":\"Comment\",\"target\":[\"https:\/\/www.sonoraenequipo.com.mx\/eligen-consejo-directivo-de-la-asociacion-sonorense-de-boxeo\/#respond\"]}]},{\"@type\":\"WebPage\",\"@id\":\"https:\/\/www.sonoraenequipo.com.mx\/eligen-consejo-directivo-de-la-asociacion-sonorense-de-boxeo\/\",\"url\":\"https:\/\/www.sonoraenequipo.com.mx\/eligen-consejo-directivo-de-la-asociacion-sonorense-de-boxeo\/\",\"name\":\"Sonora en Equipo. Eligen Consejo Directivo de la Asociaci\u00f3n Sonorense de Boxeo Deportes\",\"isPartOf\":{\"@id\":\"https:\/\/www.sonoraenequipo.com.mx\/#website\"},\"primaryImageOfPage\":{\"@id\":\"https:\/\/www.sonoraenequipo.com.mx\/eligen-consejo-directivo-de-la-asociacion-sonorense-de-boxeo\/#primaryimage\"},\"image\":{\"@id\":\"https:\/\/www.sonoraenequipo.com.mx\/eligen-consejo-directivo-de-la-asociacion-sonorense-de-boxeo\/#primaryimage\"},\"thumbnailUrl\":\"https:\/\/www.sonoraenequipo.com.mx\/storage\/2022\/08\/box.jpg\",\"datePublished\":\"2022-08-19T23:54:31+00:00\",\"dateModified\":\"2022-08-20T03:49:10+00:00\",\"description\":\"HERMOSILLO, SONORA,MX.\u2500\u2500 La Asociaci\u00f3n Sonorense de Boxeo efectu\u00f3 este jueves su Asamblea General Ordinaria en donde se eligi\u00f3 a un nuevo Consejo En Sonora en Equipo publicamos toda la informaci\u00f3n de Sonora, M\u00e9xico y el Mundo de manera oportuna y busca que la libertad de expresi\u00f3n sea real. Visita nuestro medio informativo publicado desde Hermosillo, Sonora. %\",\"breadcrumb\":{\"@id\":\"https:\/\/www.sonoraenequipo.com.mx\/eligen-consejo-directivo-de-la-asociacion-sonorense-de-boxeo\/#breadcrumb\"},\"inLanguage\":\"es\",\"potentialAction\":[{\"@type\":\"ReadAction\",\"target\":[\"https:\/\/www.sonoraenequipo.com.mx\/eligen-consejo-directivo-de-la-asociacion-sonorense-de-boxeo\/\"]}]},{\"@type\":\"ImageObject\",\"inLanguage\":\"es\",\"@id\":\"https:\/\/www.sonoraenequipo.com.mx\/eligen-consejo-directivo-de-la-asociacion-sonorense-de-boxeo\/#primaryimage\",\"url\":\"https:\/\/www.sonoraenequipo.com.mx\/storage\/2022\/08\/box.jpg\",\"contentUrl\":\"https:\/\/www.sonoraenequipo.com.mx\/storage\/2022\/08\/box.jpg\",\"width\":600,\"height\":400},{\"@type\":\"BreadcrumbList\",\"@id\":\"https:\/\/www.sonoraenequipo.com.mx\/eligen-consejo-directivo-de-la-asociacion-sonorense-de-boxeo\/#breadcrumb\",\"itemListElement\":[{\"@type\":\"ListItem\",\"position\":1,\"name\":\"Portada\",\"item\":\"https:\/\/www.sonoraenequipo.com.mx\/\"},{\"@type\":\"ListItem\",\"position\":2,\"name\":\"Eligen Consejo Directivo de la Asociaci\u00f3n Sonorense de Boxeo\"}]},{\"@type\":\"WebSite\",\"@id\":\"https:\/\/www.sonoraenequipo.com.mx\/#website\",\"url\":\"https:\/\/www.sonoraenequipo.com.mx\/\",\"name\":\"Sonora en Equipo.\",\"description\":\"Diario en l\u00ednea con Noticias desde Hermosillo, Sonora\",\"publisher\":{\"@id\":\"https:\/\/www.sonoraenequipo.com.mx\/#organization\"},\"potentialAction\":[{\"@type\":\"SearchAction\",\"target\":{\"@type\":\"EntryPoint\",\"urlTemplate\":\"https:\/\/www.sonoraenequipo.com.mx\/?s={search_term_string}\"},\"query-input\":{\"@type\":\"PropertyValueSpecification\",\"valueRequired\":true,\"valueName\":\"search_term_string\"}}],\"inLanguage\":\"es\"},{\"@type\":\"Organization\",\"@id\":\"https:\/\/www.sonoraenequipo.com.mx\/#organization\",\"name\":\"Sonoraenequipo.com.mx\",\"url\":\"https:\/\/www.sonoraenequipo.com.mx\/\",\"logo\":{\"@type\":\"ImageObject\",\"inLanguage\":\"es\",\"@id\":\"https:\/\/www.sonoraenequipo.com.mx\/#\/schema\/logo\/image\/\",\"url\":\"https:\/\/www.sonoraenequipo.com.mx\/storage\/2019\/01\/sonoraenequipo_opt.png\",\"contentUrl\":\"https:\/\/www.sonoraenequipo.com.mx\/storage\/2019\/01\/sonoraenequipo_opt.png\",\"width\":375,\"height\":125,\"caption\":\"Sonoraenequipo.com.mx\"},\"image\":{\"@id\":\"https:\/\/www.sonoraenequipo.com.mx\/#\/schema\/logo\/image\/\"},\"sameAs\":[\"https:\/\/www.facebook.com\/SonoraEE\/\",\"https:\/\/x.com\/sonoraenequipo\",\"https:\/\/www.youtube.com\/channel\/UC338nW-lPEYmJQs4ZABQ1SQ\"]},{\"@type\":\"Person\",\"@id\":\"https:\/\/www.sonoraenequipo.com.mx\/#\/schema\/person\/50102df0fb23a8fa9e8effad8fa81386\",\"name\":\"enequipo\",\"image\":{\"@type\":\"ImageObject\",\"inLanguage\":\"es\",\"@id\":\"https:\/\/www.sonoraenequipo.com.mx\/#\/schema\/person\/image\/\",\"url\":\"https:\/\/secure.gravatar.com\/avatar\/049821681b589dabc0bc20695993ccebb09f5b5d4d790cd9251b97faac7c652b?s=96&d=blank&r=g\",\"contentUrl\":\"https:\/\/secure.gravatar.com\/avatar\/049821681b589dabc0bc20695993ccebb09f5b5d4d790cd9251b97faac7c652b?s=96&d=blank&r=g\",\"caption\":\"enequipo\"},\"sameAs\":[\"https:\/\/www.facebook.com\/SonoraEE\"]}]}<\/script>\n ","yoast_head_json":{"title":"Sonora en Equipo. Eligen Consejo Directivo de la Asociaci\u00f3n Sonorense de Boxeo Deportes","description":"HERMOSILLO, SONORA,MX.\u2500\u2500 La Asociaci\u00f3n Sonorense de Boxeo efectu\u00f3 este jueves su Asamblea General Ordinaria en donde se eligi\u00f3 a un nuevo Consejo En Sonora en Equipo publicamos toda la informaci\u00f3n de Sonora, M\u00e9xico y el Mundo de manera oportuna y busca que la libertad de expresi\u00f3n sea real. Visita nuestro medio informativo publicado desde Hermosillo, Sonora. %","robots":{"index":"index","follow":"follow","max-snippet":"max-snippet:-1","max-image-preview":"max-image-preview:large","max-video-preview":"max-video-preview:-1"},"canonical":"https:\/\/www.sonoraenequipo.com.mx\/eligen-consejo-directivo-de-la-asociacion-sonorense-de-boxeo\/","og_locale":"es_ES","og_type":"article","og_title":"Sonora en Equipo. Eligen Consejo Directivo de la Asociaci\u00f3n Sonorense de Boxeo Deportes","og_description":"HERMOSILLO, SONORA,MX.\u2500\u2500 La Asociaci\u00f3n Sonorense de Boxeo efectu\u00f3 este jueves su Asamblea General Ordinaria en donde se eligi\u00f3 a un nuevo Consejo En Sonora en Equipo publicamos toda la informaci\u00f3n de Sonora, M\u00e9xico y el Mundo de manera oportuna y busca que la libertad de expresi\u00f3n sea real. Visita nuestro medio informativo publicado desde Hermosillo, Sonora. %","og_url":"https:\/\/www.sonoraenequipo.com.mx\/eligen-consejo-directivo-de-la-asociacion-sonorense-de-boxeo\/","og_site_name":"Sonora en Equipo.","article_publisher":"https:\/\/www.facebook.com\/SonoraEE\/","article_author":"https:\/\/www.facebook.com\/SonoraEE","article_published_time":"2022-08-19T23:54:31+00:00","article_modified_time":"2022-08-20T03:49:10+00:00","og_image":[{"width":600,"height":400,"url":"https:\/\/www.sonoraenequipo.com.mx\/storage\/2022\/08\/box.jpg","type":"image\/jpeg"}],"author":"enequipo","twitter_card":"summary_large_image","twitter_creator":"@sonoraenequipo","twitter_site":"@sonoraenequipo","twitter_misc":{"Escrito por":"enequipo","Tiempo de lectura":"2 minutos"},"schema":{"@context":"https:\/\/schema.org","@graph":[{"@type":"Article","@id":"https:\/\/www.sonoraenequipo.com.mx\/eligen-consejo-directivo-de-la-asociacion-sonorense-de-boxeo\/#article","isPartOf":{"@id":"https:\/\/www.sonoraenequipo.com.mx\/eligen-consejo-directivo-de-la-asociacion-sonorense-de-boxeo\/"},"author":{"name":"enequipo","@id":"https:\/\/www.sonoraenequipo.com.mx\/#\/schema\/person\/50102df0fb23a8fa9e8effad8fa81386"},"headline":"Eligen Consejo Directivo de la Asociaci\u00f3n Sonorense de Boxeo","datePublished":"2022-08-19T23:54:31+00:00","dateModified":"2022-08-20T03:49:10+00:00","mainEntityOfPage":{"@id":"https:\/\/www.sonoraenequipo.com.mx\/eligen-consejo-directivo-de-la-asociacion-sonorense-de-boxeo\/"},"wordCount":358,"commentCount":0,"publisher":{"@id":"https:\/\/www.sonoraenequipo.com.mx\/#organization"},"image":{"@id":"https:\/\/www.sonoraenequipo.com.mx\/eligen-consejo-directivo-de-la-asociacion-sonorense-de-boxeo\/#primaryimage"},"thumbnailUrl":"https:\/\/www.sonoraenequipo.com.mx\/storage\/2022\/08\/box.jpg","keywords":["BOX","Sonora"],"articleSection":["Deportes"],"inLanguage":"es","potentialAction":[{"@type":"CommentAction","name":"Comment","target":["https:\/\/www.sonoraenequipo.com.mx\/eligen-consejo-directivo-de-la-asociacion-sonorense-de-boxeo\/#respond"]}]},{"@type":"WebPage","@id":"https:\/\/www.sonoraenequipo.com.mx\/eligen-consejo-directivo-de-la-asociacion-sonorense-de-boxeo\/","url":"https:\/\/www.sonoraenequipo.com.mx\/eligen-consejo-directivo-de-la-asociacion-sonorense-de-boxeo\/","name":"Sonora en Equipo. Eligen Consejo Directivo de la Asociaci\u00f3n Sonorense de Boxeo Deportes","isPartOf":{"@id":"https:\/\/www.sonoraenequipo.com.mx\/#website"},"primaryImageOfPage":{"@id":"https:\/\/www.sonoraenequipo.com.mx\/eligen-consejo-directivo-de-la-asociacion-sonorense-de-boxeo\/#primaryimage"},"image":{"@id":"https:\/\/www.sonoraenequipo.com.mx\/eligen-consejo-directivo-de-la-asociacion-sonorense-de-boxeo\/#primaryimage"},"thumbnailUrl":"https:\/\/www.sonoraenequipo.com.mx\/storage\/2022\/08\/box.jpg","datePublished":"2022-08-19T23:54:31+00:00","dateModified":"2022-08-20T03:49:10+00:00","description":"HERMOSILLO, SONORA,MX.\u2500\u2500 La Asociaci\u00f3n Sonorense de Boxeo efectu\u00f3 este jueves su Asamblea General Ordinaria en donde se eligi\u00f3 a un nuevo Consejo En Sonora en Equipo publicamos toda la informaci\u00f3n de Sonora, M\u00e9xico y el Mundo de manera oportuna y busca que la libertad de expresi\u00f3n sea real. Visita nuestro medio informativo publicado desde Hermosillo, Sonora. %","breadcrumb":{"@id":"https:\/\/www.sonoraenequipo.com.mx\/eligen-consejo-directivo-de-la-asociacion-sonorense-de-boxeo\/#breadcrumb"},"inLanguage":"es","potentialAction":[{"@type":"ReadAction","target":["https:\/\/www.sonoraenequipo.com.mx\/eligen-consejo-directivo-de-la-asociacion-sonorense-de-boxeo\/"]}]},{"@type":"ImageObject","inLanguage":"es","@id":"https:\/\/www.sonoraenequipo.com.mx\/eligen-consejo-directivo-de-la-asociacion-sonorense-de-boxeo\/#primaryimage","url":"https:\/\/www.sonoraenequipo.com.mx\/storage\/2022\/08\/box.jpg","contentUrl":"https:\/\/www.sonoraenequipo.com.mx\/storage\/2022\/08\/box.jpg","width":600,"height":400},{"@type":"BreadcrumbList","@id":"https:\/\/www.sonoraenequipo.com.mx\/eligen-consejo-directivo-de-la-asociacion-sonorense-de-boxeo\/#breadcrumb","itemListElement":[{"@type":"ListItem","position":1,"name":"Portada","item":"https:\/\/www.sonoraenequipo.com.mx\/"},{"@type":"ListItem","position":2,"name":"Eligen Consejo Directivo de la Asociaci\u00f3n Sonorense de Boxeo"}]},{"@type":"WebSite","@id":"https:\/\/www.sonoraenequipo.com.mx\/#website","url":"https:\/\/www.sonoraenequipo.com.mx\/","name":"Sonora en Equipo.","description":"Diario en l\u00ednea con Noticias desde Hermosillo, Sonora","publisher":{"@id":"https:\/\/www.sonoraenequipo.com.mx\/#organization"},"potentialAction":[{"@type":"SearchAction","target":{"@type":"EntryPoint","urlTemplate":"https:\/\/www.sonoraenequipo.com.mx\/?s={search_term_string}"},"query-input":{"@type":"PropertyValueSpecification","valueRequired":true,"valueName":"search_term_string"}}],"inLanguage":"es"},{"@type":"Organization","@id":"https:\/\/www.sonoraenequipo.com.mx\/#organization","name":"Sonoraenequipo.com.mx","url":"https:\/\/www.sonoraenequipo.com.mx\/","logo":{"@type":"ImageObject","inLanguage":"es","@id":"https:\/\/www.sonoraenequipo.com.mx\/#\/schema\/logo\/image\/","url":"https:\/\/www.sonoraenequipo.com.mx\/storage\/2019\/01\/sonoraenequipo_opt.png","contentUrl":"https:\/\/www.sonoraenequipo.com.mx\/storage\/2019\/01\/sonoraenequipo_opt.png","width":375,"height":125,"caption":"Sonoraenequipo.com.mx"},"image":{"@id":"https:\/\/www.sonoraenequipo.com.mx\/#\/schema\/logo\/image\/"},"sameAs":["https:\/\/www.facebook.com\/SonoraEE\/","https:\/\/x.com\/sonoraenequipo","https:\/\/www.youtube.com\/channel\/UC338nW-lPEYmJQs4ZABQ1SQ"]},{"@type":"Person","@id":"https:\/\/www.sonoraenequipo.com.mx\/#\/schema\/person\/50102df0fb23a8fa9e8effad8fa81386","name":"enequipo","image":{"@type":"ImageObject","inLanguage":"es","@id":"https:\/\/www.sonoraenequipo.com.mx\/#\/schema\/person\/image\/","url":"https:\/\/secure.gravatar.com\/avatar\/049821681b589dabc0bc20695993ccebb09f5b5d4d790cd9251b97faac7c652b?s=96&d=blank&r=g","contentUrl":"https:\/\/secure.gravatar.com\/avatar\/049821681b589dabc0bc20695993ccebb09f5b5d4d790cd9251b97faac7c652b?s=96&d=blank&r=g","caption":"enequipo"},"sameAs":["https:\/\/www.facebook.com\/SonoraEE"]}]}},"jetpack_featured_media_url":"https:\/\/www.sonoraenequipo.com.mx\/storage\/2022\/08\/box.jpg","_links":{"self":[{"href":"https:\/\/www.sonoraenequipo.com.mx\/api\/wp\/v2\/posts\/145357","targetHints":{"allow":["GET"]}}],"collection":[{"href":"https:\/\/www.sonoraenequipo.com.mx\/api\/wp\/v2\/posts"}],"about":[{"href":"https:\/\/www.sonoraenequipo.com.mx\/api\/wp\/v2\/types\/post"}],"author":[{"embeddable":true,"href":"https:\/\/www.sonoraenequipo.com.mx\/api\/wp\/v2\/users\/1"}],"replies":[{"embeddable":true,"href":"https:\/\/www.sonoraenequipo.com.mx\/api\/wp\/v2\/comments?post=145357"}],"version-history":[{"count":1,"href":"https:\/\/www.sonoraenequipo.com.mx\/api\/wp\/v2\/posts\/145357\/revisions"}],"predecessor-version":[{"id":145359,"href":"https:\/\/www.sonoraenequipo.com.mx\/api\/wp\/v2\/posts\/145357\/revisions\/145359"}],"wp:featuredmedia":[{"embeddable":true,"href":"https:\/\/www.sonoraenequipo.com.mx\/api\/wp\/v2\/media\/145358"}],"wp:attachment":[{"href":"https:\/\/www.sonoraenequipo.com.mx\/api\/wp\/v2\/media?parent=145357"}],"wp:term":[{"taxonomy":"category","embeddable":true,"href":"https:\/\/www.sonoraenequipo.com.mx\/api\/wp\/v2\/categories?post=145357"},{"taxonomy":"post_tag","embeddable":true,"href":"https:\/\/www.sonoraenequipo.com.mx\/api\/wp\/v2\/tags?post=145357"}],"curies":[{"name":"wp","href":"https:\/\/api.w.org\/{rel}","templated":true}]}}