{"id":145384,"date":"2022-08-19T10:30:05","date_gmt":"2022-08-19T17:30:05","guid":{"rendered":"https:\/\/www.sonoraenequipo.com.mx\/?p=145384"},"modified":"2022-08-19T23:45:22","modified_gmt":"2022-08-20T06:45:22","slug":"sale-rosario-robles-de-prision-tras-tres-anos-privada-de-su-libertad","status":"publish","type":"post","link":"https:\/\/www.sonoraenequipo.com.mx\/sale-rosario-robles-de-prision-tras-tres-anos-privada-de-su-libertad\/","title":{"rendered":"Sale Rosario Robles de prisi\u00f3n tras tres a\u00f1os privada de su libertad"},"content":{"rendered":"<p><strong>CIUDAD DE M\u00c9XICO. MX. \u2014<\/strong> Despu\u00e9s de permanecer durante tres a\u00f1os privada de su libertad, la noche de este viernes 19 de agosto, Rosario Robles, ex titular de las secretar\u00edas de Desarrollo Social (Sedesol) y de Desarrollo Agrario, Territorial y Urbano (Sedatu), sali\u00f3 de prisi\u00f3n. El delito que se le imputaba era \u00abLa Estafa Maestra\u00bb que queda pendiente de resolver.<\/p>\n<p>&nbsp;<\/p>\n<p> <\/p>\n<p>&nbsp;<\/p>\n<p>De hecho, Robles qued\u00f3 en libertad despu\u00e9s que las autoridades le dictaron prisi\u00f3n preventiva en agosto de 2019 por los delitos de ejercicio indebido del servicio p\u00fablico.<\/p>\n<p>&nbsp;<\/p>\n<p>Asimismo, de acuerdo a los primeros reportes la ex funcionaria tendr\u00e1 que presentarse a firmar cada 15 d\u00edas y no puede salir de M\u00e9xico, inform\u00f3 Reporte \u00cdndigo.<\/p>\n<p>&nbsp;<\/p>\n<p>En ese sentido, la defensa de Rosario Robles argumentaba que debido a los delitos que se le acusaban no ameritaba la prisi\u00f3n preventiva oficiosa que le impusieron las autoridades.<\/p>\n<p>&nbsp;<\/p>\n<p>Sin embargo, durante el desahogo de las pruebas correspondientes, las autoridades determinaron que la ex funcionaria deb\u00eda permanecer bajo custodia federal porque carec\u00eda de arraigo en la CDMX.<\/p>\n<blockquote class=\"twitter-tweet\" data-width=\"550\" data-dnt=\"true\">\n<p lang=\"es\" dir=\"ltr\">El 23er Tribunal Colegiado en Materia Administrativa consider\u00f3 que la Sala Superior y en consecuencia la <a href=\"https:\/\/twitter.com\/hashtag\/SFP?src=hash&amp;ref_src=twsrc%5Etfw\">#SFP<\/a>, violaron mis derechos y orden\u00f3 que se declare la nulidad de la sentencia que me inhabilitaba por 10 a\u00f1os. Aqu\u00ed les comparto un mensaje.  \ud83d\udc47 <a href=\"https:\/\/t.co\/WqEClcYRLZ\">pic.twitter.com\/WqEClcYRLZ<\/a><\/p>\n<p>&mdash; Rosario Robles (@Rosario_Robles_) <a href=\"https:\/\/twitter.com\/Rosario_Robles_\/status\/1542914042615971840?ref_src=twsrc%5Etfw\">July 1, 2022<\/a><\/p><\/blockquote>\n<p><script async src=\"https:\/\/platform.twitter.com\/widgets.js\" charset=\"utf-8\"><\/script><\/p>\n<p>Publicada 19\/08\/2022<\/p>\n","protected":false},"excerpt":{"rendered":"<p>CIUDAD DE M\u00c9XICO. MX. \u2014 Despu\u00e9s de permanecer durante tres a\u00f1os privada de su libertad,&#8230;<\/p>\n","protected":false},"author":1,"featured_media":145385,"comment_status":"open","ping_status":"open","sticky":false,"template":"","format":"standard","meta":{"_monsterinsights_skip_tracking":false,"_monsterinsights_sitenote_active":false,"_monsterinsights_sitenote_note":"","_monsterinsights_sitenote_category":0,"footnotes":""},"categories":[5],"tags":[],"class_list":["post"],"yoast_head":" \n<title>Sonora en Equipo. Sale Rosario Robles de prisi\u00f3n tras tres a\u00f1os privada de su libertad Rep\u00fablica<\/title>\n<meta name=\"description\" content=\"CIUDAD DE M\u00c9XICO. MX. \u2014 Despu\u00e9s de permanecer durante tres a\u00f1os privada de su libertad, la noche de este viernes 19 de agosto, Rosario Robles, ex titular En Sonora en Equipo publicamos toda la informaci\u00f3n de Sonora, M\u00e9xico y el Mundo de manera oportuna y busca que la libertad de expresi\u00f3n sea real. Visita nuestro medio informativo publicado desde Hermosillo, Sonora. %\" \/>\n<meta name=\"robots\" content=\"index, follow, max-snippet:-1, max-image-preview:large, max-video-preview:-1\" \/>\n<link rel=\"canonical\" href=\"https:\/\/www.sonoraenequipo.com.mx\/sale-rosario-robles-de-prision-tras-tres-anos-privada-de-su-libertad\/\" \/>\n<meta property=\"og:locale\" content=\"es_ES\" \/>\n<meta property=\"og:type\" content=\"article\" \/>\n<meta property=\"og:title\" content=\"Sonora en Equipo. Sale Rosario Robles de prisi\u00f3n tras tres a\u00f1os privada de su libertad Rep\u00fablica\" \/>\n<meta property=\"og:description\" content=\"CIUDAD DE M\u00c9XICO. MX. \u2014 Despu\u00e9s de permanecer durante tres a\u00f1os privada de su libertad, la noche de este viernes 19 de agosto, Rosario Robles, ex titular En Sonora en Equipo publicamos toda la informaci\u00f3n de Sonora, M\u00e9xico y el Mundo de manera oportuna y busca que la libertad de expresi\u00f3n sea real. Visita nuestro medio informativo publicado desde Hermosillo, Sonora. %\" \/>\n<meta property=\"og:url\" content=\"https:\/\/www.sonoraenequipo.com.mx\/sale-rosario-robles-de-prision-tras-tres-anos-privada-de-su-libertad\/\" \/>\n<meta property=\"og:site_name\" content=\"Sonora en Equipo.\" \/>\n<meta property=\"article:publisher\" content=\"https:\/\/www.facebook.com\/SonoraEE\/\" \/>\n<meta property=\"article:author\" content=\"https:\/\/www.facebook.com\/SonoraEE\" \/>\n<meta property=\"article:published_time\" content=\"2022-08-19T17:30:05+00:00\" \/>\n<meta property=\"article:modified_time\" content=\"2022-08-20T06:45:22+00:00\" \/>\n<meta property=\"og:image\" content=\"https:\/\/www.sonoraenequipo.com.mx\/storage\/2022\/08\/rosario-robles-en-libertad.jpg\" \/>\n\t<meta property=\"og:image:width\" content=\"900\" \/>\n\t<meta property=\"og:image:height\" content=\"514\" \/>\n\t<meta property=\"og:image:type\" content=\"image\/jpeg\" \/>\n<meta name=\"author\" content=\"enequipo\" \/>\n<meta name=\"twitter:card\" content=\"summary_large_image\" \/>\n<meta name=\"twitter:creator\" content=\"@sonoraenequipo\" \/>\n<meta name=\"twitter:site\" content=\"@sonoraenequipo\" \/>\n<meta name=\"twitter:label1\" content=\"Escrito por\" \/>\n\t<meta name=\"twitter:data1\" content=\"enequipo\" \/>\n\t<meta name=\"twitter:label2\" content=\"Tiempo de lectura\" \/>\n\t<meta name=\"twitter:data2\" content=\"1 minuto\" \/>\n<script type=\"application\/ld+json\" class=\"yoast-schema-graph\">{\"@context\":\"https:\/\/schema.org\",\"@graph\":[{\"@type\":\"Article\",\"@id\":\"https:\/\/www.sonoraenequipo.com.mx\/sale-rosario-robles-de-prision-tras-tres-anos-privada-de-su-libertad\/#article\",\"isPartOf\":{\"@id\":\"https:\/\/www.sonoraenequipo.com.mx\/sale-rosario-robles-de-prision-tras-tres-anos-privada-de-su-libertad\/\"},\"author\":{\"name\":\"enequipo\",\"@id\":\"https:\/\/www.sonoraenequipo.com.mx\/#\/schema\/person\/50102df0fb23a8fa9e8effad8fa81386\"},\"headline\":\"Sale Rosario Robles de prisi\u00f3n tras tres a\u00f1os privada de su libertad\",\"datePublished\":\"2022-08-19T17:30:05+00:00\",\"dateModified\":\"2022-08-20T06:45:22+00:00\",\"mainEntityOfPage\":{\"@id\":\"https:\/\/www.sonoraenequipo.com.mx\/sale-rosario-robles-de-prision-tras-tres-anos-privada-de-su-libertad\/\"},\"wordCount\":206,\"commentCount\":0,\"publisher\":{\"@id\":\"https:\/\/www.sonoraenequipo.com.mx\/#organization\"},\"image\":{\"@id\":\"https:\/\/www.sonoraenequipo.com.mx\/sale-rosario-robles-de-prision-tras-tres-anos-privada-de-su-libertad\/#primaryimage\"},\"thumbnailUrl\":\"https:\/\/www.sonoraenequipo.com.mx\/storage\/2022\/08\/rosario-robles-en-libertad.jpg\",\"articleSection\":[\"Rep\u00fablica\"],\"inLanguage\":\"es\",\"potentialAction\":[{\"@type\":\"CommentAction\",\"name\":\"Comment\",\"target\":[\"https:\/\/www.sonoraenequipo.com.mx\/sale-rosario-robles-de-prision-tras-tres-anos-privada-de-su-libertad\/#respond\"]}]},{\"@type\":\"WebPage\",\"@id\":\"https:\/\/www.sonoraenequipo.com.mx\/sale-rosario-robles-de-prision-tras-tres-anos-privada-de-su-libertad\/\",\"url\":\"https:\/\/www.sonoraenequipo.com.mx\/sale-rosario-robles-de-prision-tras-tres-anos-privada-de-su-libertad\/\",\"name\":\"Sonora en Equipo. Sale Rosario Robles de prisi\u00f3n tras tres a\u00f1os privada de su libertad Rep\u00fablica\",\"isPartOf\":{\"@id\":\"https:\/\/www.sonoraenequipo.com.mx\/#website\"},\"primaryImageOfPage\":{\"@id\":\"https:\/\/www.sonoraenequipo.com.mx\/sale-rosario-robles-de-prision-tras-tres-anos-privada-de-su-libertad\/#primaryimage\"},\"image\":{\"@id\":\"https:\/\/www.sonoraenequipo.com.mx\/sale-rosario-robles-de-prision-tras-tres-anos-privada-de-su-libertad\/#primaryimage\"},\"thumbnailUrl\":\"https:\/\/www.sonoraenequipo.com.mx\/storage\/2022\/08\/rosario-robles-en-libertad.jpg\",\"datePublished\":\"2022-08-19T17:30:05+00:00\",\"dateModified\":\"2022-08-20T06:45:22+00:00\",\"description\":\"CIUDAD DE M\u00c9XICO. MX. \u2014 Despu\u00e9s de permanecer durante tres a\u00f1os privada de su libertad, la noche de este viernes 19 de agosto, Rosario Robles, ex titular En Sonora en Equipo publicamos toda la informaci\u00f3n de Sonora, M\u00e9xico y el Mundo de manera oportuna y busca que la libertad de expresi\u00f3n sea real. Visita nuestro medio informativo publicado desde Hermosillo, Sonora. %\",\"breadcrumb\":{\"@id\":\"https:\/\/www.sonoraenequipo.com.mx\/sale-rosario-robles-de-prision-tras-tres-anos-privada-de-su-libertad\/#breadcrumb\"},\"inLanguage\":\"es\",\"potentialAction\":[{\"@type\":\"ReadAction\",\"target\":[\"https:\/\/www.sonoraenequipo.com.mx\/sale-rosario-robles-de-prision-tras-tres-anos-privada-de-su-libertad\/\"]}]},{\"@type\":\"ImageObject\",\"inLanguage\":\"es\",\"@id\":\"https:\/\/www.sonoraenequipo.com.mx\/sale-rosario-robles-de-prision-tras-tres-anos-privada-de-su-libertad\/#primaryimage\",\"url\":\"https:\/\/www.sonoraenequipo.com.mx\/storage\/2022\/08\/rosario-robles-en-libertad.jpg\",\"contentUrl\":\"https:\/\/www.sonoraenequipo.com.mx\/storage\/2022\/08\/rosario-robles-en-libertad.jpg\",\"width\":900,\"height\":514},{\"@type\":\"BreadcrumbList\",\"@id\":\"https:\/\/www.sonoraenequipo.com.mx\/sale-rosario-robles-de-prision-tras-tres-anos-privada-de-su-libertad\/#breadcrumb\",\"itemListElement\":[{\"@type\":\"ListItem\",\"position\":1,\"name\":\"Portada\",\"item\":\"https:\/\/www.sonoraenequipo.com.mx\/\"},{\"@type\":\"ListItem\",\"position\":2,\"name\":\"Sale Rosario Robles de prisi\u00f3n tras tres a\u00f1os privada de su libertad\"}]},{\"@type\":\"WebSite\",\"@id\":\"https:\/\/www.sonoraenequipo.com.mx\/#website\",\"url\":\"https:\/\/www.sonoraenequipo.com.mx\/\",\"name\":\"Sonora en Equipo.\",\"description\":\"Diario en l\u00ednea con Noticias desde Hermosillo, Sonora\",\"publisher\":{\"@id\":\"https:\/\/www.sonoraenequipo.com.mx\/#organization\"},\"potentialAction\":[{\"@type\":\"SearchAction\",\"target\":{\"@type\":\"EntryPoint\",\"urlTemplate\":\"https:\/\/www.sonoraenequipo.com.mx\/?s={search_term_string}\"},\"query-input\":{\"@type\":\"PropertyValueSpecification\",\"valueRequired\":true,\"valueName\":\"search_term_string\"}}],\"inLanguage\":\"es\"},{\"@type\":\"Organization\",\"@id\":\"https:\/\/www.sonoraenequipo.com.mx\/#organization\",\"name\":\"Sonoraenequipo.com.mx\",\"url\":\"https:\/\/www.sonoraenequipo.com.mx\/\",\"logo\":{\"@type\":\"ImageObject\",\"inLanguage\":\"es\",\"@id\":\"https:\/\/www.sonoraenequipo.com.mx\/#\/schema\/logo\/image\/\",\"url\":\"https:\/\/www.sonoraenequipo.com.mx\/storage\/2019\/01\/sonoraenequipo_opt.png\",\"contentUrl\":\"https:\/\/www.sonoraenequipo.com.mx\/storage\/2019\/01\/sonoraenequipo_opt.png\",\"width\":375,\"height\":125,\"caption\":\"Sonoraenequipo.com.mx\"},\"image\":{\"@id\":\"https:\/\/www.sonoraenequipo.com.mx\/#\/schema\/logo\/image\/\"},\"sameAs\":[\"https:\/\/www.facebook.com\/SonoraEE\/\",\"https:\/\/x.com\/sonoraenequipo\",\"https:\/\/www.youtube.com\/channel\/UC338nW-lPEYmJQs4ZABQ1SQ\"]},{\"@type\":\"Person\",\"@id\":\"https:\/\/www.sonoraenequipo.com.mx\/#\/schema\/person\/50102df0fb23a8fa9e8effad8fa81386\",\"name\":\"enequipo\",\"image\":{\"@type\":\"ImageObject\",\"inLanguage\":\"es\",\"@id\":\"https:\/\/www.sonoraenequipo.com.mx\/#\/schema\/person\/image\/\",\"url\":\"https:\/\/secure.gravatar.com\/avatar\/049821681b589dabc0bc20695993ccebb09f5b5d4d790cd9251b97faac7c652b?s=96&d=blank&r=g\",\"contentUrl\":\"https:\/\/secure.gravatar.com\/avatar\/049821681b589dabc0bc20695993ccebb09f5b5d4d790cd9251b97faac7c652b?s=96&d=blank&r=g\",\"caption\":\"enequipo\"},\"sameAs\":[\"https:\/\/www.facebook.com\/SonoraEE\"]}]}<\/script>\n ","yoast_head_json":{"title":"Sonora en Equipo. Sale Rosario Robles de prisi\u00f3n tras tres a\u00f1os privada de su libertad Rep\u00fablica","description":"CIUDAD DE M\u00c9XICO. MX. \u2014 Despu\u00e9s de permanecer durante tres a\u00f1os privada de su libertad, la noche de este viernes 19 de agosto, Rosario Robles, ex titular En Sonora en Equipo publicamos toda la informaci\u00f3n de Sonora, M\u00e9xico y el Mundo de manera oportuna y busca que la libertad de expresi\u00f3n sea real. Visita nuestro medio informativo publicado desde Hermosillo, Sonora. %","robots":{"index":"index","follow":"follow","max-snippet":"max-snippet:-1","max-image-preview":"max-image-preview:large","max-video-preview":"max-video-preview:-1"},"canonical":"https:\/\/www.sonoraenequipo.com.mx\/sale-rosario-robles-de-prision-tras-tres-anos-privada-de-su-libertad\/","og_locale":"es_ES","og_type":"article","og_title":"Sonora en Equipo. Sale Rosario Robles de prisi\u00f3n tras tres a\u00f1os privada de su libertad Rep\u00fablica","og_description":"CIUDAD DE M\u00c9XICO. MX. \u2014 Despu\u00e9s de permanecer durante tres a\u00f1os privada de su libertad, la noche de este viernes 19 de agosto, Rosario Robles, ex titular En Sonora en Equipo publicamos toda la informaci\u00f3n de Sonora, M\u00e9xico y el Mundo de manera oportuna y busca que la libertad de expresi\u00f3n sea real. Visita nuestro medio informativo publicado desde Hermosillo, Sonora. %","og_url":"https:\/\/www.sonoraenequipo.com.mx\/sale-rosario-robles-de-prision-tras-tres-anos-privada-de-su-libertad\/","og_site_name":"Sonora en Equipo.","article_publisher":"https:\/\/www.facebook.com\/SonoraEE\/","article_author":"https:\/\/www.facebook.com\/SonoraEE","article_published_time":"2022-08-19T17:30:05+00:00","article_modified_time":"2022-08-20T06:45:22+00:00","og_image":[{"width":900,"height":514,"url":"https:\/\/www.sonoraenequipo.com.mx\/storage\/2022\/08\/rosario-robles-en-libertad.jpg","type":"image\/jpeg"}],"author":"enequipo","twitter_card":"summary_large_image","twitter_creator":"@sonoraenequipo","twitter_site":"@sonoraenequipo","twitter_misc":{"Escrito por":"enequipo","Tiempo de lectura":"1 minuto"},"schema":{"@context":"https:\/\/schema.org","@graph":[{"@type":"Article","@id":"https:\/\/www.sonoraenequipo.com.mx\/sale-rosario-robles-de-prision-tras-tres-anos-privada-de-su-libertad\/#article","isPartOf":{"@id":"https:\/\/www.sonoraenequipo.com.mx\/sale-rosario-robles-de-prision-tras-tres-anos-privada-de-su-libertad\/"},"author":{"name":"enequipo","@id":"https:\/\/www.sonoraenequipo.com.mx\/#\/schema\/person\/50102df0fb23a8fa9e8effad8fa81386"},"headline":"Sale Rosario Robles de prisi\u00f3n tras tres a\u00f1os privada de su libertad","datePublished":"2022-08-19T17:30:05+00:00","dateModified":"2022-08-20T06:45:22+00:00","mainEntityOfPage":{"@id":"https:\/\/www.sonoraenequipo.com.mx\/sale-rosario-robles-de-prision-tras-tres-anos-privada-de-su-libertad\/"},"wordCount":206,"commentCount":0,"publisher":{"@id":"https:\/\/www.sonoraenequipo.com.mx\/#organization"},"image":{"@id":"https:\/\/www.sonoraenequipo.com.mx\/sale-rosario-robles-de-prision-tras-tres-anos-privada-de-su-libertad\/#primaryimage"},"thumbnailUrl":"https:\/\/www.sonoraenequipo.com.mx\/storage\/2022\/08\/rosario-robles-en-libertad.jpg","articleSection":["Rep\u00fablica"],"inLanguage":"es","potentialAction":[{"@type":"CommentAction","name":"Comment","target":["https:\/\/www.sonoraenequipo.com.mx\/sale-rosario-robles-de-prision-tras-tres-anos-privada-de-su-libertad\/#respond"]}]},{"@type":"WebPage","@id":"https:\/\/www.sonoraenequipo.com.mx\/sale-rosario-robles-de-prision-tras-tres-anos-privada-de-su-libertad\/","url":"https:\/\/www.sonoraenequipo.com.mx\/sale-rosario-robles-de-prision-tras-tres-anos-privada-de-su-libertad\/","name":"Sonora en Equipo. Sale Rosario Robles de prisi\u00f3n tras tres a\u00f1os privada de su libertad Rep\u00fablica","isPartOf":{"@id":"https:\/\/www.sonoraenequipo.com.mx\/#website"},"primaryImageOfPage":{"@id":"https:\/\/www.sonoraenequipo.com.mx\/sale-rosario-robles-de-prision-tras-tres-anos-privada-de-su-libertad\/#primaryimage"},"image":{"@id":"https:\/\/www.sonoraenequipo.com.mx\/sale-rosario-robles-de-prision-tras-tres-anos-privada-de-su-libertad\/#primaryimage"},"thumbnailUrl":"https:\/\/www.sonoraenequipo.com.mx\/storage\/2022\/08\/rosario-robles-en-libertad.jpg","datePublished":"2022-08-19T17:30:05+00:00","dateModified":"2022-08-20T06:45:22+00:00","description":"CIUDAD DE M\u00c9XICO. MX. \u2014 Despu\u00e9s de permanecer durante tres a\u00f1os privada de su libertad, la noche de este viernes 19 de agosto, Rosario Robles, ex titular En Sonora en Equipo publicamos toda la informaci\u00f3n de Sonora, M\u00e9xico y el Mundo de manera oportuna y busca que la libertad de expresi\u00f3n sea real. Visita nuestro medio informativo publicado desde Hermosillo, Sonora. %","breadcrumb":{"@id":"https:\/\/www.sonoraenequipo.com.mx\/sale-rosario-robles-de-prision-tras-tres-anos-privada-de-su-libertad\/#breadcrumb"},"inLanguage":"es","potentialAction":[{"@type":"ReadAction","target":["https:\/\/www.sonoraenequipo.com.mx\/sale-rosario-robles-de-prision-tras-tres-anos-privada-de-su-libertad\/"]}]},{"@type":"ImageObject","inLanguage":"es","@id":"https:\/\/www.sonoraenequipo.com.mx\/sale-rosario-robles-de-prision-tras-tres-anos-privada-de-su-libertad\/#primaryimage","url":"https:\/\/www.sonoraenequipo.com.mx\/storage\/2022\/08\/rosario-robles-en-libertad.jpg","contentUrl":"https:\/\/www.sonoraenequipo.com.mx\/storage\/2022\/08\/rosario-robles-en-libertad.jpg","width":900,"height":514},{"@type":"BreadcrumbList","@id":"https:\/\/www.sonoraenequipo.com.mx\/sale-rosario-robles-de-prision-tras-tres-anos-privada-de-su-libertad\/#breadcrumb","itemListElement":[{"@type":"ListItem","position":1,"name":"Portada","item":"https:\/\/www.sonoraenequipo.com.mx\/"},{"@type":"ListItem","position":2,"name":"Sale Rosario Robles de prisi\u00f3n tras tres a\u00f1os privada de su libertad"}]},{"@type":"WebSite","@id":"https:\/\/www.sonoraenequipo.com.mx\/#website","url":"https:\/\/www.sonoraenequipo.com.mx\/","name":"Sonora en Equipo.","description":"Diario en l\u00ednea con Noticias desde Hermosillo, Sonora","publisher":{"@id":"https:\/\/www.sonoraenequipo.com.mx\/#organization"},"potentialAction":[{"@type":"SearchAction","target":{"@type":"EntryPoint","urlTemplate":"https:\/\/www.sonoraenequipo.com.mx\/?s={search_term_string}"},"query-input":{"@type":"PropertyValueSpecification","valueRequired":true,"valueName":"search_term_string"}}],"inLanguage":"es"},{"@type":"Organization","@id":"https:\/\/www.sonoraenequipo.com.mx\/#organization","name":"Sonoraenequipo.com.mx","url":"https:\/\/www.sonoraenequipo.com.mx\/","logo":{"@type":"ImageObject","inLanguage":"es","@id":"https:\/\/www.sonoraenequipo.com.mx\/#\/schema\/logo\/image\/","url":"https:\/\/www.sonoraenequipo.com.mx\/storage\/2019\/01\/sonoraenequipo_opt.png","contentUrl":"https:\/\/www.sonoraenequipo.com.mx\/storage\/2019\/01\/sonoraenequipo_opt.png","width":375,"height":125,"caption":"Sonoraenequipo.com.mx"},"image":{"@id":"https:\/\/www.sonoraenequipo.com.mx\/#\/schema\/logo\/image\/"},"sameAs":["https:\/\/www.facebook.com\/SonoraEE\/","https:\/\/x.com\/sonoraenequipo","https:\/\/www.youtube.com\/channel\/UC338nW-lPEYmJQs4ZABQ1SQ"]},{"@type":"Person","@id":"https:\/\/www.sonoraenequipo.com.mx\/#\/schema\/person\/50102df0fb23a8fa9e8effad8fa81386","name":"enequipo","image":{"@type":"ImageObject","inLanguage":"es","@id":"https:\/\/www.sonoraenequipo.com.mx\/#\/schema\/person\/image\/","url":"https:\/\/secure.gravatar.com\/avatar\/049821681b589dabc0bc20695993ccebb09f5b5d4d790cd9251b97faac7c652b?s=96&d=blank&r=g","contentUrl":"https:\/\/secure.gravatar.com\/avatar\/049821681b589dabc0bc20695993ccebb09f5b5d4d790cd9251b97faac7c652b?s=96&d=blank&r=g","caption":"enequipo"},"sameAs":["https:\/\/www.facebook.com\/SonoraEE"]}]}},"jetpack_featured_media_url":"https:\/\/www.sonoraenequipo.com.mx\/storage\/2022\/08\/rosario-robles-en-libertad.jpg","_links":{"self":[{"href":"https:\/\/www.sonoraenequipo.com.mx\/api\/wp\/v2\/posts\/145384","targetHints":{"allow":["GET"]}}],"collection":[{"href":"https:\/\/www.sonoraenequipo.com.mx\/api\/wp\/v2\/posts"}],"about":[{"href":"https:\/\/www.sonoraenequipo.com.mx\/api\/wp\/v2\/types\/post"}],"author":[{"embeddable":true,"href":"https:\/\/www.sonoraenequipo.com.mx\/api\/wp\/v2\/users\/1"}],"replies":[{"embeddable":true,"href":"https:\/\/www.sonoraenequipo.com.mx\/api\/wp\/v2\/comments?post=145384"}],"version-history":[{"count":1,"href":"https:\/\/www.sonoraenequipo.com.mx\/api\/wp\/v2\/posts\/145384\/revisions"}],"predecessor-version":[{"id":145386,"href":"https:\/\/www.sonoraenequipo.com.mx\/api\/wp\/v2\/posts\/145384\/revisions\/145386"}],"wp:featuredmedia":[{"embeddable":true,"href":"https:\/\/www.sonoraenequipo.com.mx\/api\/wp\/v2\/media\/145385"}],"wp:attachment":[{"href":"https:\/\/www.sonoraenequipo.com.mx\/api\/wp\/v2\/media?parent=145384"}],"wp:term":[{"taxonomy":"category","embeddable":true,"href":"https:\/\/www.sonoraenequipo.com.mx\/api\/wp\/v2\/categories?post=145384"},{"taxonomy":"post_tag","embeddable":true,"href":"https:\/\/www.sonoraenequipo.com.mx\/api\/wp\/v2\/tags?post=145384"}],"curies":[{"name":"wp","href":"https:\/\/api.w.org\/{rel}","templated":true}]}}