{"id":1454,"date":"2015-12-14T16:20:10","date_gmt":"2015-12-14T16:20:10","guid":{"rendered":"http:\/\/www.sonoraenequipo.com.mx\/?p=1454"},"modified":"2015-12-15T17:05:12","modified_gmt":"2015-12-15T17:05:12","slug":"se-reune-gobernadora-claudia-pavlovich-con-consul-general-de-china-en-mexico","status":"publish","type":"post","link":"https:\/\/www.sonoraenequipo.com.mx\/se-reune-gobernadora-claudia-pavlovich-con-consul-general-de-china-en-mexico\/","title":{"rendered":"Se re\u00fane Gobernadora Claudia Pavlovich con C\u00f3nsul General de China en M\u00e9xico"},"content":{"rendered":"<p>11122015. HERMOSILLO, SONORA.MX.\u2014\u00a0 La Gobernadora Claudia Pavlovich y el C\u00f3nsul General de la Rep\u00fablica Popular China en M\u00e9xico, Jian Wang, se reunieron en Hermosillo para intercambiar saludos, revisar la agenda bilateral de negocios entre ambas regiones y evaluar futuras inversiones en el estado. <br \/>\nLa Gobernadora de Sonora reiter\u00f3 el inter\u00e9s de seguir explorando oportunidades de negocios en el mercado chino y ofreci\u00f3 todas las facilidades para que en el futuro cercano empresarios de ese pa\u00eds puedan invertir en el estado.<\/p>\n<p>Lo que buscamos es promover a Sonora como una regi\u00f3n atractiva a las inversiones y por otro lado seguir impulsar que nuestros productos agropecuarios lleguen a los hogares chinos, destac\u00f3 la Gobernadora.<\/p>\n<p>En el encuentro tambi\u00e9n participaron el alcalde de Hermosillo, Manuel Ignacio Acosta y el Secretario de Econom\u00eda, Jorge Vidal Ahumada.<\/p>\n<p>China es el mayor consumidor de carne de cerdo ya tiene acuerdos firmado con M\u00e9xico para que se exporten productos c\u00e1rnicos de Sonora, e inclusive algunas plantas tienen acreditados los certificados fitosanitarios para enviar este producto a ese pa\u00eds asi\u00e1tico.<\/p>\n<p>Ambas partes manifestamos el deseo de mantener y estrechar nuestras relaciones y v\u00ednculos bilaterales y por supuesto m\u00e1s oportunidades de trabajar en conjunto, destac\u00f3 el diplom\u00e1tico chino.<\/p>\n<p>Jian Wang aprovech\u00f3 la visita para felicitar a la Gobernadora Claudia Pavlovich por su reciente triunfo electoral y convertirse en la \u00fanica mujer Gobernadora del pa\u00eds.<\/p>\n<p>Resalt\u00f3 que la entidad tiene un gran potencial en materia tur\u00edstica, en temas culturales y China tiene \u00e1reas muy interesantes donde se puede colaborar y consolidar esta relaci\u00f3n con las nuevas autoridades de Sonora.<\/p>\n","protected":false},"excerpt":{"rendered":"<p>11122015. HERMOSILLO, SONORA.MX.\u2014\u00a0 La Gobernadora Claudia Pavlovich y el C\u00f3nsul General de la Rep\u00fablica Popular&#8230;<\/p>\n","protected":false},"author":1,"featured_media":0,"comment_status":"open","ping_status":"open","sticky":false,"template":"","format":"standard","meta":{"_monsterinsights_skip_tracking":false,"_monsterinsights_sitenote_active":false,"_monsterinsights_sitenote_note":"","_monsterinsights_sitenote_category":0,"footnotes":""},"categories":[13,22],"tags":[],"class_list":["post"],"yoast_head":" \n<title>Sonora en Equipo. Se re\u00fane Gobernadora Claudia Pavlovich con C\u00f3nsul General de China en M\u00e9xico<\/title>\n<meta name=\"description\" content=\"11122015. HERMOSILLO, SONORA.MX.\u2014\u00a0 La Gobernadora Claudia Pavlovich y el C\u00f3nsul General de la Rep\u00fablica Popular China en M\u00e9xico, Jian Wang, se reunieron En Sonora en Equipo publicamos toda la informaci\u00f3n de Sonora, M\u00e9xico y el Mundo de manera oportuna y busca que la libertad de expresi\u00f3n sea real. Visita nuestro medio informativo publicado desde Hermosillo, Sonora. %\" \/>\n<meta name=\"robots\" content=\"index, follow, max-snippet:-1, max-image-preview:large, max-video-preview:-1\" \/>\n<link rel=\"canonical\" href=\"https:\/\/www.sonoraenequipo.com.mx\/se-reune-gobernadora-claudia-pavlovich-con-consul-general-de-china-en-mexico\/\" \/>\n<meta property=\"og:locale\" content=\"es_ES\" \/>\n<meta property=\"og:type\" content=\"article\" \/>\n<meta property=\"og:title\" content=\"Sonora en Equipo. Se re\u00fane Gobernadora Claudia Pavlovich con C\u00f3nsul General de China en M\u00e9xico\" \/>\n<meta property=\"og:description\" content=\"11122015. HERMOSILLO, SONORA.MX.\u2014\u00a0 La Gobernadora Claudia Pavlovich y el C\u00f3nsul General de la Rep\u00fablica Popular China en M\u00e9xico, Jian Wang, se reunieron En Sonora en Equipo publicamos toda la informaci\u00f3n de Sonora, M\u00e9xico y el Mundo de manera oportuna y busca que la libertad de expresi\u00f3n sea real. Visita nuestro medio informativo publicado desde Hermosillo, Sonora. %\" \/>\n<meta property=\"og:url\" content=\"https:\/\/www.sonoraenequipo.com.mx\/se-reune-gobernadora-claudia-pavlovich-con-consul-general-de-china-en-mexico\/\" \/>\n<meta property=\"og:site_name\" content=\"Sonora en Equipo.\" \/>\n<meta property=\"article:publisher\" content=\"https:\/\/www.facebook.com\/SonoraEE\/\" \/>\n<meta property=\"article:author\" content=\"https:\/\/www.facebook.com\/SonoraEE\" \/>\n<meta property=\"article:published_time\" content=\"2015-12-14T16:20:10+00:00\" \/>\n<meta property=\"article:modified_time\" content=\"2015-12-15T17:05:12+00:00\" \/>\n<meta name=\"author\" content=\"enequipo\" \/>\n<meta name=\"twitter:card\" content=\"summary_large_image\" \/>\n<meta name=\"twitter:creator\" content=\"@sonoraenequipo\" \/>\n<meta name=\"twitter:site\" content=\"@sonoraenequipo\" \/>\n<meta name=\"twitter:label1\" content=\"Escrito por\" \/>\n\t<meta name=\"twitter:data1\" content=\"enequipo\" \/>\n\t<meta name=\"twitter:label2\" content=\"Tiempo de lectura\" \/>\n\t<meta name=\"twitter:data2\" content=\"1 minuto\" \/>\n<script type=\"application\/ld+json\" class=\"yoast-schema-graph\">{\"@context\":\"https:\/\/schema.org\",\"@graph\":[{\"@type\":\"Article\",\"@id\":\"https:\/\/www.sonoraenequipo.com.mx\/se-reune-gobernadora-claudia-pavlovich-con-consul-general-de-china-en-mexico\/#article\",\"isPartOf\":{\"@id\":\"https:\/\/www.sonoraenequipo.com.mx\/se-reune-gobernadora-claudia-pavlovich-con-consul-general-de-china-en-mexico\/\"},\"author\":{\"name\":\"enequipo\",\"@id\":\"https:\/\/www.sonoraenequipo.com.mx\/#\/schema\/person\/50102df0fb23a8fa9e8effad8fa81386\"},\"headline\":\"Se re\u00fane Gobernadora Claudia Pavlovich con C\u00f3nsul General de China en M\u00e9xico\",\"datePublished\":\"2015-12-14T16:20:10+00:00\",\"dateModified\":\"2015-12-15T17:05:12+00:00\",\"mainEntityOfPage\":{\"@id\":\"https:\/\/www.sonoraenequipo.com.mx\/se-reune-gobernadora-claudia-pavlovich-con-consul-general-de-china-en-mexico\/\"},\"wordCount\":292,\"commentCount\":0,\"publisher\":{\"@id\":\"https:\/\/www.sonoraenequipo.com.mx\/#organization\"},\"articleSection\":[\"Destacadas\",\"Sonora\"],\"inLanguage\":\"es\",\"potentialAction\":[{\"@type\":\"CommentAction\",\"name\":\"Comment\",\"target\":[\"https:\/\/www.sonoraenequipo.com.mx\/se-reune-gobernadora-claudia-pavlovich-con-consul-general-de-china-en-mexico\/#respond\"]}]},{\"@type\":\"WebPage\",\"@id\":\"https:\/\/www.sonoraenequipo.com.mx\/se-reune-gobernadora-claudia-pavlovich-con-consul-general-de-china-en-mexico\/\",\"url\":\"https:\/\/www.sonoraenequipo.com.mx\/se-reune-gobernadora-claudia-pavlovich-con-consul-general-de-china-en-mexico\/\",\"name\":\"Sonora en Equipo. Se re\u00fane Gobernadora Claudia Pavlovich con C\u00f3nsul General de China en M\u00e9xico\",\"isPartOf\":{\"@id\":\"https:\/\/www.sonoraenequipo.com.mx\/#website\"},\"datePublished\":\"2015-12-14T16:20:10+00:00\",\"dateModified\":\"2015-12-15T17:05:12+00:00\",\"description\":\"11122015. HERMOSILLO, SONORA.MX.\u2014\u00a0 La Gobernadora Claudia Pavlovich y el C\u00f3nsul General de la Rep\u00fablica Popular China en M\u00e9xico, Jian Wang, se reunieron En Sonora en Equipo publicamos toda la informaci\u00f3n de Sonora, M\u00e9xico y el Mundo de manera oportuna y busca que la libertad de expresi\u00f3n sea real. Visita nuestro medio informativo publicado desde Hermosillo, Sonora. %\",\"breadcrumb\":{\"@id\":\"https:\/\/www.sonoraenequipo.com.mx\/se-reune-gobernadora-claudia-pavlovich-con-consul-general-de-china-en-mexico\/#breadcrumb\"},\"inLanguage\":\"es\",\"potentialAction\":[{\"@type\":\"ReadAction\",\"target\":[\"https:\/\/www.sonoraenequipo.com.mx\/se-reune-gobernadora-claudia-pavlovich-con-consul-general-de-china-en-mexico\/\"]}]},{\"@type\":\"BreadcrumbList\",\"@id\":\"https:\/\/www.sonoraenequipo.com.mx\/se-reune-gobernadora-claudia-pavlovich-con-consul-general-de-china-en-mexico\/#breadcrumb\",\"itemListElement\":[{\"@type\":\"ListItem\",\"position\":1,\"name\":\"Portada\",\"item\":\"https:\/\/www.sonoraenequipo.com.mx\/\"},{\"@type\":\"ListItem\",\"position\":2,\"name\":\"Se re\u00fane Gobernadora Claudia Pavlovich con C\u00f3nsul General de China en M\u00e9xico\"}]},{\"@type\":\"WebSite\",\"@id\":\"https:\/\/www.sonoraenequipo.com.mx\/#website\",\"url\":\"https:\/\/www.sonoraenequipo.com.mx\/\",\"name\":\"Sonora en Equipo.\",\"description\":\"Diario en l\u00ednea con Noticias desde Hermosillo, Sonora\",\"publisher\":{\"@id\":\"https:\/\/www.sonoraenequipo.com.mx\/#organization\"},\"potentialAction\":[{\"@type\":\"SearchAction\",\"target\":{\"@type\":\"EntryPoint\",\"urlTemplate\":\"https:\/\/www.sonoraenequipo.com.mx\/?s={search_term_string}\"},\"query-input\":{\"@type\":\"PropertyValueSpecification\",\"valueRequired\":true,\"valueName\":\"search_term_string\"}}],\"inLanguage\":\"es\"},{\"@type\":\"Organization\",\"@id\":\"https:\/\/www.sonoraenequipo.com.mx\/#organization\",\"name\":\"Sonoraenequipo.com.mx\",\"url\":\"https:\/\/www.sonoraenequipo.com.mx\/\",\"logo\":{\"@type\":\"ImageObject\",\"inLanguage\":\"es\",\"@id\":\"https:\/\/www.sonoraenequipo.com.mx\/#\/schema\/logo\/image\/\",\"url\":\"https:\/\/www.sonoraenequipo.com.mx\/storage\/2019\/01\/sonoraenequipo_opt.png\",\"contentUrl\":\"https:\/\/www.sonoraenequipo.com.mx\/storage\/2019\/01\/sonoraenequipo_opt.png\",\"width\":375,\"height\":125,\"caption\":\"Sonoraenequipo.com.mx\"},\"image\":{\"@id\":\"https:\/\/www.sonoraenequipo.com.mx\/#\/schema\/logo\/image\/\"},\"sameAs\":[\"https:\/\/www.facebook.com\/SonoraEE\/\",\"https:\/\/x.com\/sonoraenequipo\",\"https:\/\/www.youtube.com\/channel\/UC338nW-lPEYmJQs4ZABQ1SQ\"]},{\"@type\":\"Person\",\"@id\":\"https:\/\/www.sonoraenequipo.com.mx\/#\/schema\/person\/50102df0fb23a8fa9e8effad8fa81386\",\"name\":\"enequipo\",\"image\":{\"@type\":\"ImageObject\",\"inLanguage\":\"es\",\"@id\":\"https:\/\/www.sonoraenequipo.com.mx\/#\/schema\/person\/image\/\",\"url\":\"https:\/\/secure.gravatar.com\/avatar\/049821681b589dabc0bc20695993ccebb09f5b5d4d790cd9251b97faac7c652b?s=96&d=blank&r=g\",\"contentUrl\":\"https:\/\/secure.gravatar.com\/avatar\/049821681b589dabc0bc20695993ccebb09f5b5d4d790cd9251b97faac7c652b?s=96&d=blank&r=g\",\"caption\":\"enequipo\"},\"sameAs\":[\"https:\/\/www.facebook.com\/SonoraEE\"]}]}<\/script>\n ","yoast_head_json":{"title":"Sonora en Equipo. Se re\u00fane Gobernadora Claudia Pavlovich con C\u00f3nsul General de China en M\u00e9xico","description":"11122015. HERMOSILLO, SONORA.MX.\u2014\u00a0 La Gobernadora Claudia Pavlovich y el C\u00f3nsul General de la Rep\u00fablica Popular China en M\u00e9xico, Jian Wang, se reunieron En Sonora en Equipo publicamos toda la informaci\u00f3n de Sonora, M\u00e9xico y el Mundo de manera oportuna y busca que la libertad de expresi\u00f3n sea real. Visita nuestro medio informativo publicado desde Hermosillo, Sonora. %","robots":{"index":"index","follow":"follow","max-snippet":"max-snippet:-1","max-image-preview":"max-image-preview:large","max-video-preview":"max-video-preview:-1"},"canonical":"https:\/\/www.sonoraenequipo.com.mx\/se-reune-gobernadora-claudia-pavlovich-con-consul-general-de-china-en-mexico\/","og_locale":"es_ES","og_type":"article","og_title":"Sonora en Equipo. Se re\u00fane Gobernadora Claudia Pavlovich con C\u00f3nsul General de China en M\u00e9xico","og_description":"11122015. HERMOSILLO, SONORA.MX.\u2014\u00a0 La Gobernadora Claudia Pavlovich y el C\u00f3nsul General de la Rep\u00fablica Popular China en M\u00e9xico, Jian Wang, se reunieron En Sonora en Equipo publicamos toda la informaci\u00f3n de Sonora, M\u00e9xico y el Mundo de manera oportuna y busca que la libertad de expresi\u00f3n sea real. Visita nuestro medio informativo publicado desde Hermosillo, Sonora. %","og_url":"https:\/\/www.sonoraenequipo.com.mx\/se-reune-gobernadora-claudia-pavlovich-con-consul-general-de-china-en-mexico\/","og_site_name":"Sonora en Equipo.","article_publisher":"https:\/\/www.facebook.com\/SonoraEE\/","article_author":"https:\/\/www.facebook.com\/SonoraEE","article_published_time":"2015-12-14T16:20:10+00:00","article_modified_time":"2015-12-15T17:05:12+00:00","author":"enequipo","twitter_card":"summary_large_image","twitter_creator":"@sonoraenequipo","twitter_site":"@sonoraenequipo","twitter_misc":{"Escrito por":"enequipo","Tiempo de lectura":"1 minuto"},"schema":{"@context":"https:\/\/schema.org","@graph":[{"@type":"Article","@id":"https:\/\/www.sonoraenequipo.com.mx\/se-reune-gobernadora-claudia-pavlovich-con-consul-general-de-china-en-mexico\/#article","isPartOf":{"@id":"https:\/\/www.sonoraenequipo.com.mx\/se-reune-gobernadora-claudia-pavlovich-con-consul-general-de-china-en-mexico\/"},"author":{"name":"enequipo","@id":"https:\/\/www.sonoraenequipo.com.mx\/#\/schema\/person\/50102df0fb23a8fa9e8effad8fa81386"},"headline":"Se re\u00fane Gobernadora Claudia Pavlovich con C\u00f3nsul General de China en M\u00e9xico","datePublished":"2015-12-14T16:20:10+00:00","dateModified":"2015-12-15T17:05:12+00:00","mainEntityOfPage":{"@id":"https:\/\/www.sonoraenequipo.com.mx\/se-reune-gobernadora-claudia-pavlovich-con-consul-general-de-china-en-mexico\/"},"wordCount":292,"commentCount":0,"publisher":{"@id":"https:\/\/www.sonoraenequipo.com.mx\/#organization"},"articleSection":["Destacadas","Sonora"],"inLanguage":"es","potentialAction":[{"@type":"CommentAction","name":"Comment","target":["https:\/\/www.sonoraenequipo.com.mx\/se-reune-gobernadora-claudia-pavlovich-con-consul-general-de-china-en-mexico\/#respond"]}]},{"@type":"WebPage","@id":"https:\/\/www.sonoraenequipo.com.mx\/se-reune-gobernadora-claudia-pavlovich-con-consul-general-de-china-en-mexico\/","url":"https:\/\/www.sonoraenequipo.com.mx\/se-reune-gobernadora-claudia-pavlovich-con-consul-general-de-china-en-mexico\/","name":"Sonora en Equipo. Se re\u00fane Gobernadora Claudia Pavlovich con C\u00f3nsul General de China en M\u00e9xico","isPartOf":{"@id":"https:\/\/www.sonoraenequipo.com.mx\/#website"},"datePublished":"2015-12-14T16:20:10+00:00","dateModified":"2015-12-15T17:05:12+00:00","description":"11122015. HERMOSILLO, SONORA.MX.\u2014\u00a0 La Gobernadora Claudia Pavlovich y el C\u00f3nsul General de la Rep\u00fablica Popular China en M\u00e9xico, Jian Wang, se reunieron En Sonora en Equipo publicamos toda la informaci\u00f3n de Sonora, M\u00e9xico y el Mundo de manera oportuna y busca que la libertad de expresi\u00f3n sea real. Visita nuestro medio informativo publicado desde Hermosillo, Sonora. %","breadcrumb":{"@id":"https:\/\/www.sonoraenequipo.com.mx\/se-reune-gobernadora-claudia-pavlovich-con-consul-general-de-china-en-mexico\/#breadcrumb"},"inLanguage":"es","potentialAction":[{"@type":"ReadAction","target":["https:\/\/www.sonoraenequipo.com.mx\/se-reune-gobernadora-claudia-pavlovich-con-consul-general-de-china-en-mexico\/"]}]},{"@type":"BreadcrumbList","@id":"https:\/\/www.sonoraenequipo.com.mx\/se-reune-gobernadora-claudia-pavlovich-con-consul-general-de-china-en-mexico\/#breadcrumb","itemListElement":[{"@type":"ListItem","position":1,"name":"Portada","item":"https:\/\/www.sonoraenequipo.com.mx\/"},{"@type":"ListItem","position":2,"name":"Se re\u00fane Gobernadora Claudia Pavlovich con C\u00f3nsul General de China en M\u00e9xico"}]},{"@type":"WebSite","@id":"https:\/\/www.sonoraenequipo.com.mx\/#website","url":"https:\/\/www.sonoraenequipo.com.mx\/","name":"Sonora en Equipo.","description":"Diario en l\u00ednea con Noticias desde Hermosillo, Sonora","publisher":{"@id":"https:\/\/www.sonoraenequipo.com.mx\/#organization"},"potentialAction":[{"@type":"SearchAction","target":{"@type":"EntryPoint","urlTemplate":"https:\/\/www.sonoraenequipo.com.mx\/?s={search_term_string}"},"query-input":{"@type":"PropertyValueSpecification","valueRequired":true,"valueName":"search_term_string"}}],"inLanguage":"es"},{"@type":"Organization","@id":"https:\/\/www.sonoraenequipo.com.mx\/#organization","name":"Sonoraenequipo.com.mx","url":"https:\/\/www.sonoraenequipo.com.mx\/","logo":{"@type":"ImageObject","inLanguage":"es","@id":"https:\/\/www.sonoraenequipo.com.mx\/#\/schema\/logo\/image\/","url":"https:\/\/www.sonoraenequipo.com.mx\/storage\/2019\/01\/sonoraenequipo_opt.png","contentUrl":"https:\/\/www.sonoraenequipo.com.mx\/storage\/2019\/01\/sonoraenequipo_opt.png","width":375,"height":125,"caption":"Sonoraenequipo.com.mx"},"image":{"@id":"https:\/\/www.sonoraenequipo.com.mx\/#\/schema\/logo\/image\/"},"sameAs":["https:\/\/www.facebook.com\/SonoraEE\/","https:\/\/x.com\/sonoraenequipo","https:\/\/www.youtube.com\/channel\/UC338nW-lPEYmJQs4ZABQ1SQ"]},{"@type":"Person","@id":"https:\/\/www.sonoraenequipo.com.mx\/#\/schema\/person\/50102df0fb23a8fa9e8effad8fa81386","name":"enequipo","image":{"@type":"ImageObject","inLanguage":"es","@id":"https:\/\/www.sonoraenequipo.com.mx\/#\/schema\/person\/image\/","url":"https:\/\/secure.gravatar.com\/avatar\/049821681b589dabc0bc20695993ccebb09f5b5d4d790cd9251b97faac7c652b?s=96&d=blank&r=g","contentUrl":"https:\/\/secure.gravatar.com\/avatar\/049821681b589dabc0bc20695993ccebb09f5b5d4d790cd9251b97faac7c652b?s=96&d=blank&r=g","caption":"enequipo"},"sameAs":["https:\/\/www.facebook.com\/SonoraEE"]}]}},"jetpack_featured_media_url":"","_links":{"self":[{"href":"https:\/\/www.sonoraenequipo.com.mx\/api\/wp\/v2\/posts\/1454","targetHints":{"allow":["GET"]}}],"collection":[{"href":"https:\/\/www.sonoraenequipo.com.mx\/api\/wp\/v2\/posts"}],"about":[{"href":"https:\/\/www.sonoraenequipo.com.mx\/api\/wp\/v2\/types\/post"}],"author":[{"embeddable":true,"href":"https:\/\/www.sonoraenequipo.com.mx\/api\/wp\/v2\/users\/1"}],"replies":[{"embeddable":true,"href":"https:\/\/www.sonoraenequipo.com.mx\/api\/wp\/v2\/comments?post=1454"}],"version-history":[{"count":0,"href":"https:\/\/www.sonoraenequipo.com.mx\/api\/wp\/v2\/posts\/1454\/revisions"}],"wp:attachment":[{"href":"https:\/\/www.sonoraenequipo.com.mx\/api\/wp\/v2\/media?parent=1454"}],"wp:term":[{"taxonomy":"category","embeddable":true,"href":"https:\/\/www.sonoraenequipo.com.mx\/api\/wp\/v2\/categories?post=1454"},{"taxonomy":"post_tag","embeddable":true,"href":"https:\/\/www.sonoraenequipo.com.mx\/api\/wp\/v2\/tags?post=1454"}],"curies":[{"name":"wp","href":"https:\/\/api.w.org\/{rel}","templated":true}]}}