{"id":145958,"date":"2022-08-28T07:15:24","date_gmt":"2022-08-28T14:15:24","guid":{"rendered":"https:\/\/www.sonoraenequipo.com.mx\/?p=145958"},"modified":"2022-08-28T18:19:38","modified_gmt":"2022-08-29T01:19:38","slug":"llevan-tono-astiazaran-y-su-esposa-patricia-ruibal-bazar-escolar-a-miguel-aleman","status":"publish","type":"post","link":"https:\/\/www.sonoraenequipo.com.mx\/llevan-tono-astiazaran-y-su-esposa-patricia-ruibal-bazar-escolar-a-miguel-aleman\/","title":{"rendered":"HERMOSILLO. Llevan autoridades municipales Bazar Escolar a Miguel Alem\u00e1n"},"content":{"rendered":"<p>\u25baHabitantes del poblado pudieron adquirir uniformes, calzado y materiales escolares a precios accesibles<\/p>\n<p>&nbsp;<\/p>\n<p><strong>HERMOSILLO, SONORA,MX.<\/strong><strong>\u2500\u2500<\/strong> Habitantes del poblado Miguel Alem\u00e1n aprovecharon la facilidad de comprar los materiales para sus hijas e hijos a precios accesibles en el Bazar Escolar que organiz\u00f3 el Sistema DIF Hermosillo, donde el Presidente Municipal, Antonio Astiazar\u00e1n Guti\u00e9rrez celebr\u00f3 por la oportunidad que tuvieron de comprar cosas de calidad y a buen precio.<\/p>\n<p>&nbsp;<\/p>\n<p>En el primer Bazar Escolar 2022 que se llev\u00f3 a cabo en el poblado, acompa\u00f1ado por Patricia Ruibal Zaragoza, su esposa y tambi\u00e9n Presidenta de DIF Hermosillo, Astiazar\u00e1n Guti\u00e9rrez salud\u00f3 a quienes asistieron y agradeci\u00f3 a las personas que hicieron posible el evento realizado en el Centro H\u00e1bitat.<\/p>\n<p>&nbsp;<\/p>\n<p>Participaron miembros de la Uni\u00f3n de Comerciantes de Hermosillo, donde vendieron mochilas, \u00fatiles escolares, uniformes y calzado; tambi\u00e9n se realizaron ex\u00e1menes de la vista, venta de armaz\u00f3n y mica a un costo de 590 pesos.<\/p>\n<p>&nbsp;<\/p>\n<p>Simult\u00e1neamente se instalaron mesas de atenci\u00f3n del programa Ayuntamiento en tu Colonia, para acercar las dependencias del Gobierno Municipal a la comunidad rural y recibir reportes e inquietudes de la ciudadan\u00eda.<\/p>\n<p>&nbsp;<\/p>\n<p>Dentro de su d\u00e9cima gira de trabajo por la comunidad, inauguraron un comedor de DIF Hermosillo en la colonia Trinidad S\u00e1nchez Leyva, con la colaboraci\u00f3n 1Mission, el Patronato de DIF Hermosillo, agricultores de la costa y el Banco de Alimentos, donde se servir\u00e1n 60 comidas y 60 cenas diarias a ni\u00f1os y ni\u00f1as en situaci\u00f3n vulnerable.<\/p>\n<p>&nbsp;<\/p>\n<p>Lo acompa\u00f1aron Isela Montes de Oca, directora de DIF Hermosillo; Arturo Contreras, comisario de la poblaci\u00f3n; Daniela Luj\u00e1n, directora de COMUNA y representante de Parques M\u00e9xico; Ana Gonz\u00e1lez, directora de 1MISSION; Josu\u00e9 Chenoweth, coordinador de 1MISSION en Miguel Alem\u00e1n; Irma Andrade, coordinadora de Ludoteca; Carolina Andrade, coordinadora del Centro Comunitario; la regidora Guadalupe Herrera y los regidores Antonio Contreras y Eduardo Acu\u00f1a.<\/p>\n<p><strong><u>Fecha de publicaci\u00f3n 28 de agosto de 2022<\/u><\/strong><\/p>\n","protected":false},"excerpt":{"rendered":"<p>\u25baHabitantes del poblado pudieron adquirir uniformes, calzado y materiales escolares a precios accesibles &nbsp; HERMOSILLO,&#8230;<\/p>\n","protected":false},"author":1,"featured_media":0,"comment_status":"open","ping_status":"open","sticky":false,"template":"","format":"standard","meta":{"_monsterinsights_skip_tracking":false,"_monsterinsights_sitenote_active":false,"_monsterinsights_sitenote_note":"","_monsterinsights_sitenote_category":0,"footnotes":""},"categories":[4],"tags":[1740,1502,5644],"class_list":["post"],"yoast_head":" \n<title>Sonora en Equipo. HERMOSILLO. Llevan autoridades municipales Bazar Escolar a Miguel Alem\u00e1n Municipios<\/title>\n<meta name=\"description\" content=\"\u25baHabitantes del poblado pudieron adquirir uniformes, calzado y materiales escolares a precios accesibles &nbsp; HERMOSILLO, SONORA,MX.\u2500\u2500 Habitantes del En Sonora en Equipo publicamos toda la informaci\u00f3n de Sonora, M\u00e9xico y el Mundo de manera oportuna y busca que la libertad de expresi\u00f3n sea real. Visita nuestro medio informativo publicado desde Hermosillo, Sonora. %\" \/>\n<meta name=\"robots\" content=\"index, follow, max-snippet:-1, max-image-preview:large, max-video-preview:-1\" \/>\n<link rel=\"canonical\" href=\"https:\/\/www.sonoraenequipo.com.mx\/llevan-tono-astiazaran-y-su-esposa-patricia-ruibal-bazar-escolar-a-miguel-aleman\/\" \/>\n<meta property=\"og:locale\" content=\"es_ES\" \/>\n<meta property=\"og:type\" content=\"article\" \/>\n<meta property=\"og:title\" content=\"Sonora en Equipo. HERMOSILLO. Llevan autoridades municipales Bazar Escolar a Miguel Alem\u00e1n Municipios\" \/>\n<meta property=\"og:description\" content=\"\u25baHabitantes del poblado pudieron adquirir uniformes, calzado y materiales escolares a precios accesibles &nbsp; HERMOSILLO, SONORA,MX.\u2500\u2500 Habitantes del En Sonora en Equipo publicamos toda la informaci\u00f3n de Sonora, M\u00e9xico y el Mundo de manera oportuna y busca que la libertad de expresi\u00f3n sea real. Visita nuestro medio informativo publicado desde Hermosillo, Sonora. %\" \/>\n<meta property=\"og:url\" content=\"https:\/\/www.sonoraenequipo.com.mx\/llevan-tono-astiazaran-y-su-esposa-patricia-ruibal-bazar-escolar-a-miguel-aleman\/\" \/>\n<meta property=\"og:site_name\" content=\"Sonora en Equipo.\" \/>\n<meta property=\"article:publisher\" content=\"https:\/\/www.facebook.com\/SonoraEE\/\" \/>\n<meta property=\"article:author\" content=\"https:\/\/www.facebook.com\/SonoraEE\" \/>\n<meta property=\"article:published_time\" content=\"2022-08-28T14:15:24+00:00\" \/>\n<meta property=\"article:modified_time\" content=\"2022-08-29T01:19:38+00:00\" \/>\n<meta property=\"og:image\" content=\"https:\/\/www.sonoraenequipo.com.mx\/storage\/2022\/08\/tono-bazar-aleman.jpg\" \/>\n\t<meta property=\"og:image:width\" content=\"700\" \/>\n\t<meta property=\"og:image:height\" content=\"466\" \/>\n\t<meta property=\"og:image:type\" content=\"image\/jpeg\" \/>\n<meta name=\"author\" content=\"enequipo\" \/>\n<meta name=\"twitter:card\" content=\"summary_large_image\" \/>\n<meta name=\"twitter:creator\" content=\"@sonoraenequipo\" \/>\n<meta name=\"twitter:site\" content=\"@sonoraenequipo\" \/>\n<meta name=\"twitter:label1\" content=\"Escrito por\" \/>\n\t<meta name=\"twitter:data1\" content=\"enequipo\" \/>\n\t<meta name=\"twitter:label2\" content=\"Tiempo de lectura\" \/>\n\t<meta name=\"twitter:data2\" content=\"2 minutos\" \/>\n<script type=\"application\/ld+json\" class=\"yoast-schema-graph\">{\"@context\":\"https:\/\/schema.org\",\"@graph\":[{\"@type\":\"Article\",\"@id\":\"https:\/\/www.sonoraenequipo.com.mx\/llevan-tono-astiazaran-y-su-esposa-patricia-ruibal-bazar-escolar-a-miguel-aleman\/#article\",\"isPartOf\":{\"@id\":\"https:\/\/www.sonoraenequipo.com.mx\/llevan-tono-astiazaran-y-su-esposa-patricia-ruibal-bazar-escolar-a-miguel-aleman\/\"},\"author\":{\"name\":\"enequipo\",\"@id\":\"https:\/\/www.sonoraenequipo.com.mx\/#\/schema\/person\/50102df0fb23a8fa9e8effad8fa81386\"},\"headline\":\"HERMOSILLO. Llevan autoridades municipales Bazar Escolar a Miguel Alem\u00e1n\",\"datePublished\":\"2022-08-28T14:15:24+00:00\",\"dateModified\":\"2022-08-29T01:19:38+00:00\",\"mainEntityOfPage\":{\"@id\":\"https:\/\/www.sonoraenequipo.com.mx\/llevan-tono-astiazaran-y-su-esposa-patricia-ruibal-bazar-escolar-a-miguel-aleman\/\"},\"wordCount\":348,\"commentCount\":0,\"publisher\":{\"@id\":\"https:\/\/www.sonoraenequipo.com.mx\/#organization\"},\"keywords\":[\"Miguel Alem\u00e1n\",\"REGRESO A CLASES\",\"to\u00f1o\"],\"articleSection\":[\"Municipios\"],\"inLanguage\":\"es\",\"potentialAction\":[{\"@type\":\"CommentAction\",\"name\":\"Comment\",\"target\":[\"https:\/\/www.sonoraenequipo.com.mx\/llevan-tono-astiazaran-y-su-esposa-patricia-ruibal-bazar-escolar-a-miguel-aleman\/#respond\"]}]},{\"@type\":\"WebPage\",\"@id\":\"https:\/\/www.sonoraenequipo.com.mx\/llevan-tono-astiazaran-y-su-esposa-patricia-ruibal-bazar-escolar-a-miguel-aleman\/\",\"url\":\"https:\/\/www.sonoraenequipo.com.mx\/llevan-tono-astiazaran-y-su-esposa-patricia-ruibal-bazar-escolar-a-miguel-aleman\/\",\"name\":\"Sonora en Equipo. HERMOSILLO. Llevan autoridades municipales Bazar Escolar a Miguel Alem\u00e1n Municipios\",\"isPartOf\":{\"@id\":\"https:\/\/www.sonoraenequipo.com.mx\/#website\"},\"datePublished\":\"2022-08-28T14:15:24+00:00\",\"dateModified\":\"2022-08-29T01:19:38+00:00\",\"description\":\"\u25baHabitantes del poblado pudieron adquirir uniformes, calzado y materiales escolares a precios accesibles &nbsp; HERMOSILLO, SONORA,MX.\u2500\u2500 Habitantes del En Sonora en Equipo publicamos toda la informaci\u00f3n de Sonora, M\u00e9xico y el Mundo de manera oportuna y busca que la libertad de expresi\u00f3n sea real. Visita nuestro medio informativo publicado desde Hermosillo, Sonora. %\",\"breadcrumb\":{\"@id\":\"https:\/\/www.sonoraenequipo.com.mx\/llevan-tono-astiazaran-y-su-esposa-patricia-ruibal-bazar-escolar-a-miguel-aleman\/#breadcrumb\"},\"inLanguage\":\"es\",\"potentialAction\":[{\"@type\":\"ReadAction\",\"target\":[\"https:\/\/www.sonoraenequipo.com.mx\/llevan-tono-astiazaran-y-su-esposa-patricia-ruibal-bazar-escolar-a-miguel-aleman\/\"]}]},{\"@type\":\"BreadcrumbList\",\"@id\":\"https:\/\/www.sonoraenequipo.com.mx\/llevan-tono-astiazaran-y-su-esposa-patricia-ruibal-bazar-escolar-a-miguel-aleman\/#breadcrumb\",\"itemListElement\":[{\"@type\":\"ListItem\",\"position\":1,\"name\":\"Portada\",\"item\":\"https:\/\/www.sonoraenequipo.com.mx\/\"},{\"@type\":\"ListItem\",\"position\":2,\"name\":\"HERMOSILLO. Llevan autoridades municipales Bazar Escolar a Miguel Alem\u00e1n\"}]},{\"@type\":\"WebSite\",\"@id\":\"https:\/\/www.sonoraenequipo.com.mx\/#website\",\"url\":\"https:\/\/www.sonoraenequipo.com.mx\/\",\"name\":\"Sonora en Equipo.\",\"description\":\"Diario en l\u00ednea con Noticias desde Hermosillo, Sonora\",\"publisher\":{\"@id\":\"https:\/\/www.sonoraenequipo.com.mx\/#organization\"},\"potentialAction\":[{\"@type\":\"SearchAction\",\"target\":{\"@type\":\"EntryPoint\",\"urlTemplate\":\"https:\/\/www.sonoraenequipo.com.mx\/?s={search_term_string}\"},\"query-input\":{\"@type\":\"PropertyValueSpecification\",\"valueRequired\":true,\"valueName\":\"search_term_string\"}}],\"inLanguage\":\"es\"},{\"@type\":\"Organization\",\"@id\":\"https:\/\/www.sonoraenequipo.com.mx\/#organization\",\"name\":\"Sonoraenequipo.com.mx\",\"url\":\"https:\/\/www.sonoraenequipo.com.mx\/\",\"logo\":{\"@type\":\"ImageObject\",\"inLanguage\":\"es\",\"@id\":\"https:\/\/www.sonoraenequipo.com.mx\/#\/schema\/logo\/image\/\",\"url\":\"https:\/\/www.sonoraenequipo.com.mx\/storage\/2019\/01\/sonoraenequipo_opt.png\",\"contentUrl\":\"https:\/\/www.sonoraenequipo.com.mx\/storage\/2019\/01\/sonoraenequipo_opt.png\",\"width\":375,\"height\":125,\"caption\":\"Sonoraenequipo.com.mx\"},\"image\":{\"@id\":\"https:\/\/www.sonoraenequipo.com.mx\/#\/schema\/logo\/image\/\"},\"sameAs\":[\"https:\/\/www.facebook.com\/SonoraEE\/\",\"https:\/\/x.com\/sonoraenequipo\",\"https:\/\/www.youtube.com\/channel\/UC338nW-lPEYmJQs4ZABQ1SQ\"]},{\"@type\":\"Person\",\"@id\":\"https:\/\/www.sonoraenequipo.com.mx\/#\/schema\/person\/50102df0fb23a8fa9e8effad8fa81386\",\"name\":\"enequipo\",\"image\":{\"@type\":\"ImageObject\",\"inLanguage\":\"es\",\"@id\":\"https:\/\/www.sonoraenequipo.com.mx\/#\/schema\/person\/image\/\",\"url\":\"https:\/\/secure.gravatar.com\/avatar\/049821681b589dabc0bc20695993ccebb09f5b5d4d790cd9251b97faac7c652b?s=96&d=blank&r=g\",\"contentUrl\":\"https:\/\/secure.gravatar.com\/avatar\/049821681b589dabc0bc20695993ccebb09f5b5d4d790cd9251b97faac7c652b?s=96&d=blank&r=g\",\"caption\":\"enequipo\"},\"sameAs\":[\"https:\/\/www.facebook.com\/SonoraEE\"]}]}<\/script>\n ","yoast_head_json":{"title":"Sonora en Equipo. HERMOSILLO. Llevan autoridades municipales Bazar Escolar a Miguel Alem\u00e1n Municipios","description":"\u25baHabitantes del poblado pudieron adquirir uniformes, calzado y materiales escolares a precios accesibles &nbsp; HERMOSILLO, SONORA,MX.\u2500\u2500 Habitantes del En Sonora en Equipo publicamos toda la informaci\u00f3n de Sonora, M\u00e9xico y el Mundo de manera oportuna y busca que la libertad de expresi\u00f3n sea real. Visita nuestro medio informativo publicado desde Hermosillo, Sonora. %","robots":{"index":"index","follow":"follow","max-snippet":"max-snippet:-1","max-image-preview":"max-image-preview:large","max-video-preview":"max-video-preview:-1"},"canonical":"https:\/\/www.sonoraenequipo.com.mx\/llevan-tono-astiazaran-y-su-esposa-patricia-ruibal-bazar-escolar-a-miguel-aleman\/","og_locale":"es_ES","og_type":"article","og_title":"Sonora en Equipo. HERMOSILLO. Llevan autoridades municipales Bazar Escolar a Miguel Alem\u00e1n Municipios","og_description":"\u25baHabitantes del poblado pudieron adquirir uniformes, calzado y materiales escolares a precios accesibles &nbsp; HERMOSILLO, SONORA,MX.\u2500\u2500 Habitantes del En Sonora en Equipo publicamos toda la informaci\u00f3n de Sonora, M\u00e9xico y el Mundo de manera oportuna y busca que la libertad de expresi\u00f3n sea real. Visita nuestro medio informativo publicado desde Hermosillo, Sonora. %","og_url":"https:\/\/www.sonoraenequipo.com.mx\/llevan-tono-astiazaran-y-su-esposa-patricia-ruibal-bazar-escolar-a-miguel-aleman\/","og_site_name":"Sonora en Equipo.","article_publisher":"https:\/\/www.facebook.com\/SonoraEE\/","article_author":"https:\/\/www.facebook.com\/SonoraEE","article_published_time":"2022-08-28T14:15:24+00:00","article_modified_time":"2022-08-29T01:19:38+00:00","og_image":[{"width":700,"height":466,"url":"https:\/\/www.sonoraenequipo.com.mx\/storage\/2022\/08\/tono-bazar-aleman.jpg","type":"image\/jpeg"}],"author":"enequipo","twitter_card":"summary_large_image","twitter_creator":"@sonoraenequipo","twitter_site":"@sonoraenequipo","twitter_misc":{"Escrito por":"enequipo","Tiempo de lectura":"2 minutos"},"schema":{"@context":"https:\/\/schema.org","@graph":[{"@type":"Article","@id":"https:\/\/www.sonoraenequipo.com.mx\/llevan-tono-astiazaran-y-su-esposa-patricia-ruibal-bazar-escolar-a-miguel-aleman\/#article","isPartOf":{"@id":"https:\/\/www.sonoraenequipo.com.mx\/llevan-tono-astiazaran-y-su-esposa-patricia-ruibal-bazar-escolar-a-miguel-aleman\/"},"author":{"name":"enequipo","@id":"https:\/\/www.sonoraenequipo.com.mx\/#\/schema\/person\/50102df0fb23a8fa9e8effad8fa81386"},"headline":"HERMOSILLO. Llevan autoridades municipales Bazar Escolar a Miguel Alem\u00e1n","datePublished":"2022-08-28T14:15:24+00:00","dateModified":"2022-08-29T01:19:38+00:00","mainEntityOfPage":{"@id":"https:\/\/www.sonoraenequipo.com.mx\/llevan-tono-astiazaran-y-su-esposa-patricia-ruibal-bazar-escolar-a-miguel-aleman\/"},"wordCount":348,"commentCount":0,"publisher":{"@id":"https:\/\/www.sonoraenequipo.com.mx\/#organization"},"keywords":["Miguel Alem\u00e1n","REGRESO A CLASES","to\u00f1o"],"articleSection":["Municipios"],"inLanguage":"es","potentialAction":[{"@type":"CommentAction","name":"Comment","target":["https:\/\/www.sonoraenequipo.com.mx\/llevan-tono-astiazaran-y-su-esposa-patricia-ruibal-bazar-escolar-a-miguel-aleman\/#respond"]}]},{"@type":"WebPage","@id":"https:\/\/www.sonoraenequipo.com.mx\/llevan-tono-astiazaran-y-su-esposa-patricia-ruibal-bazar-escolar-a-miguel-aleman\/","url":"https:\/\/www.sonoraenequipo.com.mx\/llevan-tono-astiazaran-y-su-esposa-patricia-ruibal-bazar-escolar-a-miguel-aleman\/","name":"Sonora en Equipo. HERMOSILLO. Llevan autoridades municipales Bazar Escolar a Miguel Alem\u00e1n Municipios","isPartOf":{"@id":"https:\/\/www.sonoraenequipo.com.mx\/#website"},"datePublished":"2022-08-28T14:15:24+00:00","dateModified":"2022-08-29T01:19:38+00:00","description":"\u25baHabitantes del poblado pudieron adquirir uniformes, calzado y materiales escolares a precios accesibles &nbsp; HERMOSILLO, SONORA,MX.\u2500\u2500 Habitantes del En Sonora en Equipo publicamos toda la informaci\u00f3n de Sonora, M\u00e9xico y el Mundo de manera oportuna y busca que la libertad de expresi\u00f3n sea real. Visita nuestro medio informativo publicado desde Hermosillo, Sonora. %","breadcrumb":{"@id":"https:\/\/www.sonoraenequipo.com.mx\/llevan-tono-astiazaran-y-su-esposa-patricia-ruibal-bazar-escolar-a-miguel-aleman\/#breadcrumb"},"inLanguage":"es","potentialAction":[{"@type":"ReadAction","target":["https:\/\/www.sonoraenequipo.com.mx\/llevan-tono-astiazaran-y-su-esposa-patricia-ruibal-bazar-escolar-a-miguel-aleman\/"]}]},{"@type":"BreadcrumbList","@id":"https:\/\/www.sonoraenequipo.com.mx\/llevan-tono-astiazaran-y-su-esposa-patricia-ruibal-bazar-escolar-a-miguel-aleman\/#breadcrumb","itemListElement":[{"@type":"ListItem","position":1,"name":"Portada","item":"https:\/\/www.sonoraenequipo.com.mx\/"},{"@type":"ListItem","position":2,"name":"HERMOSILLO. Llevan autoridades municipales Bazar Escolar a Miguel Alem\u00e1n"}]},{"@type":"WebSite","@id":"https:\/\/www.sonoraenequipo.com.mx\/#website","url":"https:\/\/www.sonoraenequipo.com.mx\/","name":"Sonora en Equipo.","description":"Diario en l\u00ednea con Noticias desde Hermosillo, Sonora","publisher":{"@id":"https:\/\/www.sonoraenequipo.com.mx\/#organization"},"potentialAction":[{"@type":"SearchAction","target":{"@type":"EntryPoint","urlTemplate":"https:\/\/www.sonoraenequipo.com.mx\/?s={search_term_string}"},"query-input":{"@type":"PropertyValueSpecification","valueRequired":true,"valueName":"search_term_string"}}],"inLanguage":"es"},{"@type":"Organization","@id":"https:\/\/www.sonoraenequipo.com.mx\/#organization","name":"Sonoraenequipo.com.mx","url":"https:\/\/www.sonoraenequipo.com.mx\/","logo":{"@type":"ImageObject","inLanguage":"es","@id":"https:\/\/www.sonoraenequipo.com.mx\/#\/schema\/logo\/image\/","url":"https:\/\/www.sonoraenequipo.com.mx\/storage\/2019\/01\/sonoraenequipo_opt.png","contentUrl":"https:\/\/www.sonoraenequipo.com.mx\/storage\/2019\/01\/sonoraenequipo_opt.png","width":375,"height":125,"caption":"Sonoraenequipo.com.mx"},"image":{"@id":"https:\/\/www.sonoraenequipo.com.mx\/#\/schema\/logo\/image\/"},"sameAs":["https:\/\/www.facebook.com\/SonoraEE\/","https:\/\/x.com\/sonoraenequipo","https:\/\/www.youtube.com\/channel\/UC338nW-lPEYmJQs4ZABQ1SQ"]},{"@type":"Person","@id":"https:\/\/www.sonoraenequipo.com.mx\/#\/schema\/person\/50102df0fb23a8fa9e8effad8fa81386","name":"enequipo","image":{"@type":"ImageObject","inLanguage":"es","@id":"https:\/\/www.sonoraenequipo.com.mx\/#\/schema\/person\/image\/","url":"https:\/\/secure.gravatar.com\/avatar\/049821681b589dabc0bc20695993ccebb09f5b5d4d790cd9251b97faac7c652b?s=96&d=blank&r=g","contentUrl":"https:\/\/secure.gravatar.com\/avatar\/049821681b589dabc0bc20695993ccebb09f5b5d4d790cd9251b97faac7c652b?s=96&d=blank&r=g","caption":"enequipo"},"sameAs":["https:\/\/www.facebook.com\/SonoraEE"]}]}},"jetpack_featured_media_url":"","_links":{"self":[{"href":"https:\/\/www.sonoraenequipo.com.mx\/api\/wp\/v2\/posts\/145958","targetHints":{"allow":["GET"]}}],"collection":[{"href":"https:\/\/www.sonoraenequipo.com.mx\/api\/wp\/v2\/posts"}],"about":[{"href":"https:\/\/www.sonoraenequipo.com.mx\/api\/wp\/v2\/types\/post"}],"author":[{"embeddable":true,"href":"https:\/\/www.sonoraenequipo.com.mx\/api\/wp\/v2\/users\/1"}],"replies":[{"embeddable":true,"href":"https:\/\/www.sonoraenequipo.com.mx\/api\/wp\/v2\/comments?post=145958"}],"version-history":[{"count":2,"href":"https:\/\/www.sonoraenequipo.com.mx\/api\/wp\/v2\/posts\/145958\/revisions"}],"predecessor-version":[{"id":146001,"href":"https:\/\/www.sonoraenequipo.com.mx\/api\/wp\/v2\/posts\/145958\/revisions\/146001"}],"wp:attachment":[{"href":"https:\/\/www.sonoraenequipo.com.mx\/api\/wp\/v2\/media?parent=145958"}],"wp:term":[{"taxonomy":"category","embeddable":true,"href":"https:\/\/www.sonoraenequipo.com.mx\/api\/wp\/v2\/categories?post=145958"},{"taxonomy":"post_tag","embeddable":true,"href":"https:\/\/www.sonoraenequipo.com.mx\/api\/wp\/v2\/tags?post=145958"}],"curies":[{"name":"wp","href":"https:\/\/api.w.org\/{rel}","templated":true}]}}