{"id":145962,"date":"2022-08-28T08:05:24","date_gmt":"2022-08-28T15:05:24","guid":{"rendered":"https:\/\/www.sonoraenequipo.com.mx\/?p=145962"},"modified":"2022-08-28T16:40:59","modified_gmt":"2022-08-28T23:40:59","slug":"sec-y-snte-comparten-interes-de-garantizar-un-regreso-a-clases-normal-2","status":"publish","type":"post","link":"https:\/\/www.sonoraenequipo.com.mx\/sec-y-snte-comparten-interes-de-garantizar-un-regreso-a-clases-normal-2\/","title":{"rendered":"SEC y SNTE comparten inter\u00e9s de garantizar un regreso a clases\u00a0 normal"},"content":{"rendered":"<p><strong>HERMOSILLO, SONORA,MX.<\/strong><strong>\u2500\u2500<\/strong> Que las ni\u00f1as, ni\u00f1os y adolescentes en Sonora cuenten con las condiciones adecuadas para iniciar el ciclo escolar 2022-2023 en situaci\u00f3n de normalidad, tras dos a\u00f1os de clases a distancia, es un inter\u00e9s compartido entre la Secretar\u00eda de Educaci\u00f3n y Cultura (SEC) y las secciones 28 y 54 del Sindicato Nacional de Trabajadores de la Educaci\u00f3n (SNTE).<\/p>\n<p>&nbsp;<\/p>\n<p>&nbsp;<\/p>\n<p>&nbsp;<\/p>\n<p>El titular de la SEC, Aar\u00f3n Grageda Bustamante, sostuvo una reuni\u00f3n de trabajo con los secretarios generales de ambas secciones, C\u00e9sar Adalberto Salazar L\u00f3pez y Jes\u00fas Javier Ceballos Corral, respectivamente, acompa\u00f1ados de un equipo de colaboradores, para analizar temas relevantes sobre el regreso a clases presenciales de la totalidad de los estudiantes.<\/p>\n<p>&nbsp;<\/p>\n<p>&nbsp;<\/p>\n<p>&nbsp;<\/p>\n<p>El funcionario estatal agradeci\u00f3 el inter\u00e9s de colaboraci\u00f3n del gremio magisterial, con el cual se ha establecido una alianza importante para reforzar estrategias que permitan un mejor funcionamiento de los centros escolares donde laboran sus agremiados.<\/p>\n<p>&nbsp;<\/p>\n<p>&nbsp;<\/p>\n<p>&nbsp;<\/p>\n<p>Grageda Bustamante present\u00f3, con el apoyo de directivos de distintas \u00e1reas que conforman la SEC, un balance de los temas prioritarios para el servicio educativo como acciones de rehabilitaci\u00f3n y mantenimiento escolar, asignaci\u00f3n de plazas y situaci\u00f3n de las escuelas en la regi\u00f3n de Guaymas-Empalme, entre otros.<\/p>\n<p>&nbsp;<\/p>\n<p>&nbsp;<\/p>\n<p>&nbsp;<\/p>\n<p>Juan Antonio L\u00f3pez Olivarr\u00eda, director general de Planeaci\u00f3n, present\u00f3 un informe detallado de los planteles educativos que no se encuentran en condiciones de apertura para el pr\u00f3ximo lunes, en los cuales se trabaja arduamente para que cuenten con los servicios b\u00e1sicos y abran sus puertas lo m\u00e1s pronto posible.<\/p>\n<p>&nbsp;<\/p>\n<p>&nbsp;<\/p>\n<p>&nbsp;<\/p>\n<p>Por su parte, Ricardo Alcaraz Ruiz, director general de Recursos Humanos, se\u00f1al\u00f3 que existe un avance significativo en la asignaci\u00f3n de plazas, ya que el proceso inici\u00f3 con anticipaci\u00f3n y se cuenta con el apoyo de ambas secciones sindicales.<\/p>\n<p>&nbsp;<\/p>\n<p>&nbsp;<\/p>\n<p>&nbsp;<\/p>\n<p>Los secretarios generales coincidieron en resaltar el esfuerzo que ha realizado el Gobierno de Sonora, a trav\u00e9s de la SEC y otras dependencias, para garantizar condiciones de calidad en los centros escolares y reiteraron el compromiso de reforzar el ejercicio de colaboraci\u00f3n entre ambas instancias.<\/p>\n<p>&nbsp;<\/p>\n<p>&nbsp;<\/p>\n<p>&nbsp;<\/p>\n<p>Se acord\u00f3 generar un intercambio de informaci\u00f3n sobre los aspectos m\u00e1s relevantes relacionados con la operatividad del sistema educativo, con el objetivo de ofrecer soluciones a cualquier situaci\u00f3n derivada de la reanudaci\u00f3n de las clases en la entidad.<\/p>\n<p>&nbsp;<\/p>\n<p>&nbsp;<\/p>\n<p>&nbsp;<\/p>\n<p>Al concluir la sesi\u00f3n de trabajo, realizaron un recorrido por el centro de atenci\u00f3n telef\u00f3nica habilitado por la SEC para dar asistencia, orientaci\u00f3n y seguimiento a los reportes que genere la comunidad educativa durante el arranque del ciclo escolar 2022-2023.<\/p>\n<p><strong><u>Fecha de publicaci\u00f3n 28 de agosto de 2022<\/u><\/strong><\/p>\n","protected":false},"excerpt":{"rendered":"<p>HERMOSILLO, SONORA,MX.\u2500\u2500 Que las ni\u00f1as, ni\u00f1os y adolescentes en Sonora cuenten con las condiciones adecuadas&#8230;<\/p>\n","protected":false},"author":1,"featured_media":0,"comment_status":"open","ping_status":"open","sticky":false,"template":"","format":"standard","meta":{"_monsterinsights_skip_tracking":false,"_monsterinsights_sitenote_active":false,"_monsterinsights_sitenote_note":"","_monsterinsights_sitenote_category":0,"footnotes":""},"categories":[22],"tags":[7422,483,695],"class_list":["post"],"yoast_head":" \n<title>Sonora en Equipo. SEC y SNTE comparten inter\u00e9s de garantizar un regreso a clases\u00a0 normal Sonora<\/title>\n<meta name=\"description\" content=\"HERMOSILLO, SONORA,MX.\u2500\u2500 Que las ni\u00f1as, ni\u00f1os y adolescentes en Sonora cuenten con las condiciones adecuadas para iniciar el ciclo escolar 2022-2023 en En Sonora en Equipo publicamos toda la informaci\u00f3n de Sonora, M\u00e9xico y el Mundo de manera oportuna y busca que la libertad de expresi\u00f3n sea real. Visita nuestro medio informativo publicado desde Hermosillo, Sonora. %\" \/>\n<meta name=\"robots\" content=\"index, follow, max-snippet:-1, max-image-preview:large, max-video-preview:-1\" \/>\n<link rel=\"canonical\" href=\"https:\/\/www.sonoraenequipo.com.mx\/sec-y-snte-comparten-interes-de-garantizar-un-regreso-a-clases-normal-2\/\" \/>\n<meta property=\"og:locale\" content=\"es_ES\" \/>\n<meta property=\"og:type\" content=\"article\" \/>\n<meta property=\"og:title\" content=\"Sonora en Equipo. SEC y SNTE comparten inter\u00e9s de garantizar un regreso a clases\u00a0 normal Sonora\" \/>\n<meta property=\"og:description\" content=\"HERMOSILLO, SONORA,MX.\u2500\u2500 Que las ni\u00f1as, ni\u00f1os y adolescentes en Sonora cuenten con las condiciones adecuadas para iniciar el ciclo escolar 2022-2023 en En Sonora en Equipo publicamos toda la informaci\u00f3n de Sonora, M\u00e9xico y el Mundo de manera oportuna y busca que la libertad de expresi\u00f3n sea real. Visita nuestro medio informativo publicado desde Hermosillo, Sonora. %\" \/>\n<meta property=\"og:url\" content=\"https:\/\/www.sonoraenequipo.com.mx\/sec-y-snte-comparten-interes-de-garantizar-un-regreso-a-clases-normal-2\/\" \/>\n<meta property=\"og:site_name\" content=\"Sonora en Equipo.\" \/>\n<meta property=\"article:publisher\" content=\"https:\/\/www.facebook.com\/SonoraEE\/\" \/>\n<meta property=\"article:author\" content=\"https:\/\/www.facebook.com\/SonoraEE\" \/>\n<meta property=\"article:published_time\" content=\"2022-08-28T15:05:24+00:00\" \/>\n<meta property=\"article:modified_time\" content=\"2022-08-28T23:40:59+00:00\" \/>\n<meta property=\"og:image\" content=\"https:\/\/www.sonoraenequipo.com.mx\/storage\/2022\/08\/secsnte.jpg\" \/>\n\t<meta property=\"og:image:width\" content=\"700\" \/>\n\t<meta property=\"og:image:height\" content=\"467\" \/>\n\t<meta property=\"og:image:type\" content=\"image\/jpeg\" \/>\n<meta name=\"author\" content=\"enequipo\" \/>\n<meta name=\"twitter:card\" content=\"summary_large_image\" \/>\n<meta name=\"twitter:creator\" content=\"@sonoraenequipo\" \/>\n<meta name=\"twitter:site\" content=\"@sonoraenequipo\" \/>\n<meta name=\"twitter:label1\" content=\"Escrito por\" \/>\n\t<meta name=\"twitter:data1\" content=\"enequipo\" \/>\n\t<meta name=\"twitter:label2\" content=\"Tiempo de lectura\" \/>\n\t<meta name=\"twitter:data2\" content=\"2 minutos\" \/>\n<script type=\"application\/ld+json\" class=\"yoast-schema-graph\">{\"@context\":\"https:\/\/schema.org\",\"@graph\":[{\"@type\":\"Article\",\"@id\":\"https:\/\/www.sonoraenequipo.com.mx\/sec-y-snte-comparten-interes-de-garantizar-un-regreso-a-clases-normal-2\/#article\",\"isPartOf\":{\"@id\":\"https:\/\/www.sonoraenequipo.com.mx\/sec-y-snte-comparten-interes-de-garantizar-un-regreso-a-clases-normal-2\/\"},\"author\":{\"name\":\"enequipo\",\"@id\":\"https:\/\/www.sonoraenequipo.com.mx\/#\/schema\/person\/50102df0fb23a8fa9e8effad8fa81386\"},\"headline\":\"SEC y SNTE comparten inter\u00e9s de garantizar un regreso a clases\u00a0 normal\",\"datePublished\":\"2022-08-28T15:05:24+00:00\",\"dateModified\":\"2022-08-28T23:40:59+00:00\",\"mainEntityOfPage\":{\"@id\":\"https:\/\/www.sonoraenequipo.com.mx\/sec-y-snte-comparten-interes-de-garantizar-un-regreso-a-clases-normal-2\/\"},\"wordCount\":487,\"commentCount\":0,\"publisher\":{\"@id\":\"https:\/\/www.sonoraenequipo.com.mx\/#organization\"},\"keywords\":[\"regresoa clases.sonora\",\"SEC\",\"SNTE\"],\"articleSection\":[\"Sonora\"],\"inLanguage\":\"es\",\"potentialAction\":[{\"@type\":\"CommentAction\",\"name\":\"Comment\",\"target\":[\"https:\/\/www.sonoraenequipo.com.mx\/sec-y-snte-comparten-interes-de-garantizar-un-regreso-a-clases-normal-2\/#respond\"]}]},{\"@type\":\"WebPage\",\"@id\":\"https:\/\/www.sonoraenequipo.com.mx\/sec-y-snte-comparten-interes-de-garantizar-un-regreso-a-clases-normal-2\/\",\"url\":\"https:\/\/www.sonoraenequipo.com.mx\/sec-y-snte-comparten-interes-de-garantizar-un-regreso-a-clases-normal-2\/\",\"name\":\"Sonora en Equipo. SEC y SNTE comparten inter\u00e9s de garantizar un regreso a clases\u00a0 normal Sonora\",\"isPartOf\":{\"@id\":\"https:\/\/www.sonoraenequipo.com.mx\/#website\"},\"datePublished\":\"2022-08-28T15:05:24+00:00\",\"dateModified\":\"2022-08-28T23:40:59+00:00\",\"description\":\"HERMOSILLO, SONORA,MX.\u2500\u2500 Que las ni\u00f1as, ni\u00f1os y adolescentes en Sonora cuenten con las condiciones adecuadas para iniciar el ciclo escolar 2022-2023 en En Sonora en Equipo publicamos toda la informaci\u00f3n de Sonora, M\u00e9xico y el Mundo de manera oportuna y busca que la libertad de expresi\u00f3n sea real. Visita nuestro medio informativo publicado desde Hermosillo, Sonora. %\",\"breadcrumb\":{\"@id\":\"https:\/\/www.sonoraenequipo.com.mx\/sec-y-snte-comparten-interes-de-garantizar-un-regreso-a-clases-normal-2\/#breadcrumb\"},\"inLanguage\":\"es\",\"potentialAction\":[{\"@type\":\"ReadAction\",\"target\":[\"https:\/\/www.sonoraenequipo.com.mx\/sec-y-snte-comparten-interes-de-garantizar-un-regreso-a-clases-normal-2\/\"]}]},{\"@type\":\"BreadcrumbList\",\"@id\":\"https:\/\/www.sonoraenequipo.com.mx\/sec-y-snte-comparten-interes-de-garantizar-un-regreso-a-clases-normal-2\/#breadcrumb\",\"itemListElement\":[{\"@type\":\"ListItem\",\"position\":1,\"name\":\"Portada\",\"item\":\"https:\/\/www.sonoraenequipo.com.mx\/\"},{\"@type\":\"ListItem\",\"position\":2,\"name\":\"SEC y SNTE comparten inter\u00e9s de garantizar un regreso a clases\u00a0 normal\"}]},{\"@type\":\"WebSite\",\"@id\":\"https:\/\/www.sonoraenequipo.com.mx\/#website\",\"url\":\"https:\/\/www.sonoraenequipo.com.mx\/\",\"name\":\"Sonora en Equipo.\",\"description\":\"Diario en l\u00ednea con Noticias desde Hermosillo, Sonora\",\"publisher\":{\"@id\":\"https:\/\/www.sonoraenequipo.com.mx\/#organization\"},\"potentialAction\":[{\"@type\":\"SearchAction\",\"target\":{\"@type\":\"EntryPoint\",\"urlTemplate\":\"https:\/\/www.sonoraenequipo.com.mx\/?s={search_term_string}\"},\"query-input\":{\"@type\":\"PropertyValueSpecification\",\"valueRequired\":true,\"valueName\":\"search_term_string\"}}],\"inLanguage\":\"es\"},{\"@type\":\"Organization\",\"@id\":\"https:\/\/www.sonoraenequipo.com.mx\/#organization\",\"name\":\"Sonoraenequipo.com.mx\",\"url\":\"https:\/\/www.sonoraenequipo.com.mx\/\",\"logo\":{\"@type\":\"ImageObject\",\"inLanguage\":\"es\",\"@id\":\"https:\/\/www.sonoraenequipo.com.mx\/#\/schema\/logo\/image\/\",\"url\":\"https:\/\/www.sonoraenequipo.com.mx\/storage\/2019\/01\/sonoraenequipo_opt.png\",\"contentUrl\":\"https:\/\/www.sonoraenequipo.com.mx\/storage\/2019\/01\/sonoraenequipo_opt.png\",\"width\":375,\"height\":125,\"caption\":\"Sonoraenequipo.com.mx\"},\"image\":{\"@id\":\"https:\/\/www.sonoraenequipo.com.mx\/#\/schema\/logo\/image\/\"},\"sameAs\":[\"https:\/\/www.facebook.com\/SonoraEE\/\",\"https:\/\/x.com\/sonoraenequipo\",\"https:\/\/www.youtube.com\/channel\/UC338nW-lPEYmJQs4ZABQ1SQ\"]},{\"@type\":\"Person\",\"@id\":\"https:\/\/www.sonoraenequipo.com.mx\/#\/schema\/person\/50102df0fb23a8fa9e8effad8fa81386\",\"name\":\"enequipo\",\"image\":{\"@type\":\"ImageObject\",\"inLanguage\":\"es\",\"@id\":\"https:\/\/www.sonoraenequipo.com.mx\/#\/schema\/person\/image\/\",\"url\":\"https:\/\/secure.gravatar.com\/avatar\/049821681b589dabc0bc20695993ccebb09f5b5d4d790cd9251b97faac7c652b?s=96&d=blank&r=g\",\"contentUrl\":\"https:\/\/secure.gravatar.com\/avatar\/049821681b589dabc0bc20695993ccebb09f5b5d4d790cd9251b97faac7c652b?s=96&d=blank&r=g\",\"caption\":\"enequipo\"},\"sameAs\":[\"https:\/\/www.facebook.com\/SonoraEE\"]}]}<\/script>\n ","yoast_head_json":{"title":"Sonora en Equipo. SEC y SNTE comparten inter\u00e9s de garantizar un regreso a clases\u00a0 normal Sonora","description":"HERMOSILLO, SONORA,MX.\u2500\u2500 Que las ni\u00f1as, ni\u00f1os y adolescentes en Sonora cuenten con las condiciones adecuadas para iniciar el ciclo escolar 2022-2023 en En Sonora en Equipo publicamos toda la informaci\u00f3n de Sonora, M\u00e9xico y el Mundo de manera oportuna y busca que la libertad de expresi\u00f3n sea real. Visita nuestro medio informativo publicado desde Hermosillo, Sonora. %","robots":{"index":"index","follow":"follow","max-snippet":"max-snippet:-1","max-image-preview":"max-image-preview:large","max-video-preview":"max-video-preview:-1"},"canonical":"https:\/\/www.sonoraenequipo.com.mx\/sec-y-snte-comparten-interes-de-garantizar-un-regreso-a-clases-normal-2\/","og_locale":"es_ES","og_type":"article","og_title":"Sonora en Equipo. SEC y SNTE comparten inter\u00e9s de garantizar un regreso a clases\u00a0 normal Sonora","og_description":"HERMOSILLO, SONORA,MX.\u2500\u2500 Que las ni\u00f1as, ni\u00f1os y adolescentes en Sonora cuenten con las condiciones adecuadas para iniciar el ciclo escolar 2022-2023 en En Sonora en Equipo publicamos toda la informaci\u00f3n de Sonora, M\u00e9xico y el Mundo de manera oportuna y busca que la libertad de expresi\u00f3n sea real. Visita nuestro medio informativo publicado desde Hermosillo, Sonora. %","og_url":"https:\/\/www.sonoraenequipo.com.mx\/sec-y-snte-comparten-interes-de-garantizar-un-regreso-a-clases-normal-2\/","og_site_name":"Sonora en Equipo.","article_publisher":"https:\/\/www.facebook.com\/SonoraEE\/","article_author":"https:\/\/www.facebook.com\/SonoraEE","article_published_time":"2022-08-28T15:05:24+00:00","article_modified_time":"2022-08-28T23:40:59+00:00","og_image":[{"width":700,"height":467,"url":"https:\/\/www.sonoraenequipo.com.mx\/storage\/2022\/08\/secsnte.jpg","type":"image\/jpeg"}],"author":"enequipo","twitter_card":"summary_large_image","twitter_creator":"@sonoraenequipo","twitter_site":"@sonoraenequipo","twitter_misc":{"Escrito por":"enequipo","Tiempo de lectura":"2 minutos"},"schema":{"@context":"https:\/\/schema.org","@graph":[{"@type":"Article","@id":"https:\/\/www.sonoraenequipo.com.mx\/sec-y-snte-comparten-interes-de-garantizar-un-regreso-a-clases-normal-2\/#article","isPartOf":{"@id":"https:\/\/www.sonoraenequipo.com.mx\/sec-y-snte-comparten-interes-de-garantizar-un-regreso-a-clases-normal-2\/"},"author":{"name":"enequipo","@id":"https:\/\/www.sonoraenequipo.com.mx\/#\/schema\/person\/50102df0fb23a8fa9e8effad8fa81386"},"headline":"SEC y SNTE comparten inter\u00e9s de garantizar un regreso a clases\u00a0 normal","datePublished":"2022-08-28T15:05:24+00:00","dateModified":"2022-08-28T23:40:59+00:00","mainEntityOfPage":{"@id":"https:\/\/www.sonoraenequipo.com.mx\/sec-y-snte-comparten-interes-de-garantizar-un-regreso-a-clases-normal-2\/"},"wordCount":487,"commentCount":0,"publisher":{"@id":"https:\/\/www.sonoraenequipo.com.mx\/#organization"},"keywords":["regresoa clases.sonora","SEC","SNTE"],"articleSection":["Sonora"],"inLanguage":"es","potentialAction":[{"@type":"CommentAction","name":"Comment","target":["https:\/\/www.sonoraenequipo.com.mx\/sec-y-snte-comparten-interes-de-garantizar-un-regreso-a-clases-normal-2\/#respond"]}]},{"@type":"WebPage","@id":"https:\/\/www.sonoraenequipo.com.mx\/sec-y-snte-comparten-interes-de-garantizar-un-regreso-a-clases-normal-2\/","url":"https:\/\/www.sonoraenequipo.com.mx\/sec-y-snte-comparten-interes-de-garantizar-un-regreso-a-clases-normal-2\/","name":"Sonora en Equipo. SEC y SNTE comparten inter\u00e9s de garantizar un regreso a clases\u00a0 normal Sonora","isPartOf":{"@id":"https:\/\/www.sonoraenequipo.com.mx\/#website"},"datePublished":"2022-08-28T15:05:24+00:00","dateModified":"2022-08-28T23:40:59+00:00","description":"HERMOSILLO, SONORA,MX.\u2500\u2500 Que las ni\u00f1as, ni\u00f1os y adolescentes en Sonora cuenten con las condiciones adecuadas para iniciar el ciclo escolar 2022-2023 en En Sonora en Equipo publicamos toda la informaci\u00f3n de Sonora, M\u00e9xico y el Mundo de manera oportuna y busca que la libertad de expresi\u00f3n sea real. Visita nuestro medio informativo publicado desde Hermosillo, Sonora. %","breadcrumb":{"@id":"https:\/\/www.sonoraenequipo.com.mx\/sec-y-snte-comparten-interes-de-garantizar-un-regreso-a-clases-normal-2\/#breadcrumb"},"inLanguage":"es","potentialAction":[{"@type":"ReadAction","target":["https:\/\/www.sonoraenequipo.com.mx\/sec-y-snte-comparten-interes-de-garantizar-un-regreso-a-clases-normal-2\/"]}]},{"@type":"BreadcrumbList","@id":"https:\/\/www.sonoraenequipo.com.mx\/sec-y-snte-comparten-interes-de-garantizar-un-regreso-a-clases-normal-2\/#breadcrumb","itemListElement":[{"@type":"ListItem","position":1,"name":"Portada","item":"https:\/\/www.sonoraenequipo.com.mx\/"},{"@type":"ListItem","position":2,"name":"SEC y SNTE comparten inter\u00e9s de garantizar un regreso a clases\u00a0 normal"}]},{"@type":"WebSite","@id":"https:\/\/www.sonoraenequipo.com.mx\/#website","url":"https:\/\/www.sonoraenequipo.com.mx\/","name":"Sonora en Equipo.","description":"Diario en l\u00ednea con Noticias desde Hermosillo, Sonora","publisher":{"@id":"https:\/\/www.sonoraenequipo.com.mx\/#organization"},"potentialAction":[{"@type":"SearchAction","target":{"@type":"EntryPoint","urlTemplate":"https:\/\/www.sonoraenequipo.com.mx\/?s={search_term_string}"},"query-input":{"@type":"PropertyValueSpecification","valueRequired":true,"valueName":"search_term_string"}}],"inLanguage":"es"},{"@type":"Organization","@id":"https:\/\/www.sonoraenequipo.com.mx\/#organization","name":"Sonoraenequipo.com.mx","url":"https:\/\/www.sonoraenequipo.com.mx\/","logo":{"@type":"ImageObject","inLanguage":"es","@id":"https:\/\/www.sonoraenequipo.com.mx\/#\/schema\/logo\/image\/","url":"https:\/\/www.sonoraenequipo.com.mx\/storage\/2019\/01\/sonoraenequipo_opt.png","contentUrl":"https:\/\/www.sonoraenequipo.com.mx\/storage\/2019\/01\/sonoraenequipo_opt.png","width":375,"height":125,"caption":"Sonoraenequipo.com.mx"},"image":{"@id":"https:\/\/www.sonoraenequipo.com.mx\/#\/schema\/logo\/image\/"},"sameAs":["https:\/\/www.facebook.com\/SonoraEE\/","https:\/\/x.com\/sonoraenequipo","https:\/\/www.youtube.com\/channel\/UC338nW-lPEYmJQs4ZABQ1SQ"]},{"@type":"Person","@id":"https:\/\/www.sonoraenequipo.com.mx\/#\/schema\/person\/50102df0fb23a8fa9e8effad8fa81386","name":"enequipo","image":{"@type":"ImageObject","inLanguage":"es","@id":"https:\/\/www.sonoraenequipo.com.mx\/#\/schema\/person\/image\/","url":"https:\/\/secure.gravatar.com\/avatar\/049821681b589dabc0bc20695993ccebb09f5b5d4d790cd9251b97faac7c652b?s=96&d=blank&r=g","contentUrl":"https:\/\/secure.gravatar.com\/avatar\/049821681b589dabc0bc20695993ccebb09f5b5d4d790cd9251b97faac7c652b?s=96&d=blank&r=g","caption":"enequipo"},"sameAs":["https:\/\/www.facebook.com\/SonoraEE"]}]}},"jetpack_featured_media_url":"","_links":{"self":[{"href":"https:\/\/www.sonoraenequipo.com.mx\/api\/wp\/v2\/posts\/145962","targetHints":{"allow":["GET"]}}],"collection":[{"href":"https:\/\/www.sonoraenequipo.com.mx\/api\/wp\/v2\/posts"}],"about":[{"href":"https:\/\/www.sonoraenequipo.com.mx\/api\/wp\/v2\/types\/post"}],"author":[{"embeddable":true,"href":"https:\/\/www.sonoraenequipo.com.mx\/api\/wp\/v2\/users\/1"}],"replies":[{"embeddable":true,"href":"https:\/\/www.sonoraenequipo.com.mx\/api\/wp\/v2\/comments?post=145962"}],"version-history":[{"count":1,"href":"https:\/\/www.sonoraenequipo.com.mx\/api\/wp\/v2\/posts\/145962\/revisions"}],"predecessor-version":[{"id":145964,"href":"https:\/\/www.sonoraenequipo.com.mx\/api\/wp\/v2\/posts\/145962\/revisions\/145964"}],"wp:attachment":[{"href":"https:\/\/www.sonoraenequipo.com.mx\/api\/wp\/v2\/media?parent=145962"}],"wp:term":[{"taxonomy":"category","embeddable":true,"href":"https:\/\/www.sonoraenequipo.com.mx\/api\/wp\/v2\/categories?post=145962"},{"taxonomy":"post_tag","embeddable":true,"href":"https:\/\/www.sonoraenequipo.com.mx\/api\/wp\/v2\/tags?post=145962"}],"curies":[{"name":"wp","href":"https:\/\/api.w.org\/{rel}","templated":true}]}}