{"id":145969,"date":"2022-08-28T16:08:50","date_gmt":"2022-08-28T23:08:50","guid":{"rendered":"https:\/\/www.sonoraenequipo.com.mx\/?p=145969"},"modified":"2022-08-28T16:08:50","modified_gmt":"2022-08-28T23:08:50","slug":"policia-de-hermosillo-busca-impactar-con-platicas-d-a-r-e-a-unos-5-mil-estudiantes","status":"publish","type":"post","link":"https:\/\/www.sonoraenequipo.com.mx\/policia-de-hermosillo-busca-impactar-con-platicas-d-a-r-e-a-unos-5-mil-estudiantes\/","title":{"rendered":"Polic\u00eda de Hermosillo busca impactar con pl\u00e1ticas D.A.R.E. a unos 5 mil estudiantes"},"content":{"rendered":"<p><strong>HERMOSILLO, SONORA,MX.<\/strong><strong>\u2500\u2500<\/strong> A partir del pr\u00f3ximo lunes, inicio del ciclo escolar 2022-2023, el personal DARE* de la Polic\u00eda de Hermosillo iniciar\u00e1 las pl\u00e1ticas y lecciones sobre la resistencia a drogas y alcohol.<\/p>\n<p>(*)D.A.R.E. es un Programa que se crea en los Estados Unidos en 1983. La palabra DARE se forma de las siglas, en ingl\u00e9s: Drugs Abuse Resistence Education, en M\u00e9xico se denomina \u00abEducaci\u00f3n Preventiva Contra el Consumo de Drogas\u00bb.<\/p>\n<p>&nbsp;<\/p>\n<p>Carlos Carpio Ibarra, director del Departamento de Prevenci\u00f3n y Atenci\u00f3n Ciudadana de la Polic\u00eda de Hermosillo, dijo que los cuatro elementos certificados DARE iniciar\u00e1n las visitas en 40 planteles educativos para hacer la agenda, mientras que en una segunda etapa se visitar\u00e1n 60 escuelas para trabajar durante este ciclo escolar.<\/p>\n<p>&nbsp;<\/p>\n<p>Se contempla que sean 100 escuelas de nivel primaria donde se den los cursos y se beneficie a m\u00e1s de 5 mil alumnos con estas lecciones y el fortalecimiento de toma correcta de decisiones, indic\u00f3.<\/p>\n<p>&nbsp;<\/p>\n<p>&nbsp;<\/p>\n<p>Agreg\u00f3 que desde la semana pasada, el comisario general Manuel Emilio Hoyos D\u00edaz hizo entrega de 10 mil libros DARE, 5 mil para tercer y cuarto grado, as\u00ed como igual n\u00famero de libros para alumnos de quinto y sexto de primaria.<\/p>\n<p>&nbsp;<\/p>\n<p>Las escuelas contempladas para este ciclo 2022-2023 se encuentran en colonias como la Nuevo Hermosillo, La Cholla, Los Arroyos, Lomas del Sur, Insurgentes, Paseo del Pedregal, Villa Verde, Villas del Real, L\u00f3pez Portillo, Lomas de Madrid, Insurgentes, Altares, Solidaridad, Puerta del Rey, Real del Carmen, Ar\u00e1ndanos y Tierra Nueva.<\/p>\n<p>&nbsp;<\/p>\n<p>Por su parte Germ\u00e1n Ch\u00e1vez, encargado del Programa DARE Hermosillo, agreg\u00f3 que a los alumnos de tercer y cuarto grado se les brindan cuatro lecciones, entre las que se tocan temas como\u00bb Seguridad Personal\u00bb, \u00abSustancias Da\u00f1inas\u00bb (alcohol y tabaco), \u00abResoluci\u00f3n de conflictos sin el Uso de Violencia\u00bb\u00a0 y \u00abFortalecimiento de Autoestima\u00bb.<\/p>\n<p>&nbsp;<\/p>\n<p>Los alumnos de quinto y sexto llevan alrededor de 10 lecciones destacando:\u00a0 \u00abModelo de Toma de Decisiones\u00bb, \u00abEfectos en la Salud por el Consumo de Drogas Legales \u00ab(alcohol y tabaco), \u00abTipos de Violencia\u00bb, \u00abResoluci\u00f3n de Conflictos\u00bb, entre otros, se\u00f1al\u00f3.<\/p>\n<p>&nbsp;<\/p>\n<p>Adem\u00e1s-a\u00f1adi\u00f3-\u00a0 se impulsa el fortalecimiento de valores como asertividad, autoestima y responsabilidad.<\/p>\n<p><strong><u>Fecha de publicaci\u00f3n 28 de agosto de 2022<\/u><\/strong><\/p>\n<p>&nbsp;<\/p>\n","protected":false},"excerpt":{"rendered":"<p>HERMOSILLO, SONORA,MX.\u2500\u2500 A partir del pr\u00f3ximo lunes, inicio del ciclo escolar 2022-2023, el personal DARE*&#8230;<\/p>\n","protected":false},"author":1,"featured_media":145970,"comment_status":"open","ping_status":"open","sticky":false,"template":"","format":"standard","meta":{"_monsterinsights_skip_tracking":false,"_monsterinsights_sitenote_active":false,"_monsterinsights_sitenote_note":"","_monsterinsights_sitenote_category":0,"footnotes":""},"categories":[3144],"tags":[3387,47,35,3486],"class_list":["post"],"yoast_head":" \n<title>Sonora en Equipo. Polic\u00eda de Hermosillo busca impactar con pl\u00e1ticas D.A.R.E. a unos 5 mil estudiantes Polic\u00edaca<\/title>\n<meta name=\"description\" content=\"HERMOSILLO, SONORA,MX.\u2500\u2500 A partir del pr\u00f3ximo lunes, inicio del ciclo escolar 2022-2023, el personal DARE* de la Polic\u00eda de Hermosillo iniciar\u00e1 las En Sonora en Equipo publicamos toda la informaci\u00f3n de Sonora, M\u00e9xico y el Mundo de manera oportuna y busca que la libertad de expresi\u00f3n sea real. Visita nuestro medio informativo publicado desde Hermosillo, Sonora. %\" \/>\n<meta name=\"robots\" content=\"index, follow, max-snippet:-1, max-image-preview:large, max-video-preview:-1\" \/>\n<link rel=\"canonical\" href=\"https:\/\/www.sonoraenequipo.com.mx\/policia-de-hermosillo-busca-impactar-con-platicas-d-a-r-e-a-unos-5-mil-estudiantes\/\" \/>\n<meta property=\"og:locale\" content=\"es_ES\" \/>\n<meta property=\"og:type\" content=\"article\" \/>\n<meta property=\"og:title\" content=\"Sonora en Equipo. Polic\u00eda de Hermosillo busca impactar con pl\u00e1ticas D.A.R.E. a unos 5 mil estudiantes Polic\u00edaca\" \/>\n<meta property=\"og:description\" content=\"HERMOSILLO, SONORA,MX.\u2500\u2500 A partir del pr\u00f3ximo lunes, inicio del ciclo escolar 2022-2023, el personal DARE* de la Polic\u00eda de Hermosillo iniciar\u00e1 las En Sonora en Equipo publicamos toda la informaci\u00f3n de Sonora, M\u00e9xico y el Mundo de manera oportuna y busca que la libertad de expresi\u00f3n sea real. Visita nuestro medio informativo publicado desde Hermosillo, Sonora. %\" \/>\n<meta property=\"og:url\" content=\"https:\/\/www.sonoraenequipo.com.mx\/policia-de-hermosillo-busca-impactar-con-platicas-d-a-r-e-a-unos-5-mil-estudiantes\/\" \/>\n<meta property=\"og:site_name\" content=\"Sonora en Equipo.\" \/>\n<meta property=\"article:publisher\" content=\"https:\/\/www.facebook.com\/SonoraEE\/\" \/>\n<meta property=\"article:author\" content=\"https:\/\/www.facebook.com\/SonoraEE\" \/>\n<meta property=\"article:published_time\" content=\"2022-08-28T23:08:50+00:00\" \/>\n<meta property=\"og:image\" content=\"https:\/\/www.sonoraenequipo.com.mx\/storage\/2022\/08\/dare-platica.jpg\" \/>\n\t<meta property=\"og:image:width\" content=\"700\" \/>\n\t<meta property=\"og:image:height\" content=\"393\" \/>\n\t<meta property=\"og:image:type\" content=\"image\/jpeg\" \/>\n<meta name=\"author\" content=\"enequipo\" \/>\n<meta name=\"twitter:card\" content=\"summary_large_image\" \/>\n<meta name=\"twitter:creator\" content=\"@sonoraenequipo\" \/>\n<meta name=\"twitter:site\" content=\"@sonoraenequipo\" \/>\n<meta name=\"twitter:label1\" content=\"Escrito por\" \/>\n\t<meta name=\"twitter:data1\" content=\"enequipo\" \/>\n\t<meta name=\"twitter:label2\" content=\"Tiempo de lectura\" \/>\n\t<meta name=\"twitter:data2\" content=\"2 minutos\" \/>\n<script type=\"application\/ld+json\" class=\"yoast-schema-graph\">{\"@context\":\"https:\/\/schema.org\",\"@graph\":[{\"@type\":\"Article\",\"@id\":\"https:\/\/www.sonoraenequipo.com.mx\/policia-de-hermosillo-busca-impactar-con-platicas-d-a-r-e-a-unos-5-mil-estudiantes\/#article\",\"isPartOf\":{\"@id\":\"https:\/\/www.sonoraenequipo.com.mx\/policia-de-hermosillo-busca-impactar-con-platicas-d-a-r-e-a-unos-5-mil-estudiantes\/\"},\"author\":{\"name\":\"enequipo\",\"@id\":\"https:\/\/www.sonoraenequipo.com.mx\/#\/schema\/person\/50102df0fb23a8fa9e8effad8fa81386\"},\"headline\":\"Polic\u00eda de Hermosillo busca impactar con pl\u00e1ticas D.A.R.E. a unos 5 mil estudiantes\",\"datePublished\":\"2022-08-28T23:08:50+00:00\",\"mainEntityOfPage\":{\"@id\":\"https:\/\/www.sonoraenequipo.com.mx\/policia-de-hermosillo-busca-impactar-con-platicas-d-a-r-e-a-unos-5-mil-estudiantes\/\"},\"wordCount\":401,\"commentCount\":0,\"publisher\":{\"@id\":\"https:\/\/www.sonoraenequipo.com.mx\/#organization\"},\"image\":{\"@id\":\"https:\/\/www.sonoraenequipo.com.mx\/policia-de-hermosillo-busca-impactar-con-platicas-d-a-r-e-a-unos-5-mil-estudiantes\/#primaryimage\"},\"thumbnailUrl\":\"https:\/\/www.sonoraenequipo.com.mx\/storage\/2022\/08\/dare-platica.jpg\",\"keywords\":[\"dare\",\"educaci\u00f3n\",\"hermosillo\",\"Polic\u00eda\"],\"articleSection\":[\"Polic\u00edaca\"],\"inLanguage\":\"es\",\"potentialAction\":[{\"@type\":\"CommentAction\",\"name\":\"Comment\",\"target\":[\"https:\/\/www.sonoraenequipo.com.mx\/policia-de-hermosillo-busca-impactar-con-platicas-d-a-r-e-a-unos-5-mil-estudiantes\/#respond\"]}]},{\"@type\":\"WebPage\",\"@id\":\"https:\/\/www.sonoraenequipo.com.mx\/policia-de-hermosillo-busca-impactar-con-platicas-d-a-r-e-a-unos-5-mil-estudiantes\/\",\"url\":\"https:\/\/www.sonoraenequipo.com.mx\/policia-de-hermosillo-busca-impactar-con-platicas-d-a-r-e-a-unos-5-mil-estudiantes\/\",\"name\":\"Sonora en Equipo. Polic\u00eda de Hermosillo busca impactar con pl\u00e1ticas D.A.R.E. a unos 5 mil estudiantes Polic\u00edaca\",\"isPartOf\":{\"@id\":\"https:\/\/www.sonoraenequipo.com.mx\/#website\"},\"primaryImageOfPage\":{\"@id\":\"https:\/\/www.sonoraenequipo.com.mx\/policia-de-hermosillo-busca-impactar-con-platicas-d-a-r-e-a-unos-5-mil-estudiantes\/#primaryimage\"},\"image\":{\"@id\":\"https:\/\/www.sonoraenequipo.com.mx\/policia-de-hermosillo-busca-impactar-con-platicas-d-a-r-e-a-unos-5-mil-estudiantes\/#primaryimage\"},\"thumbnailUrl\":\"https:\/\/www.sonoraenequipo.com.mx\/storage\/2022\/08\/dare-platica.jpg\",\"datePublished\":\"2022-08-28T23:08:50+00:00\",\"description\":\"HERMOSILLO, SONORA,MX.\u2500\u2500 A partir del pr\u00f3ximo lunes, inicio del ciclo escolar 2022-2023, el personal DARE* de la Polic\u00eda de Hermosillo iniciar\u00e1 las En Sonora en Equipo publicamos toda la informaci\u00f3n de Sonora, M\u00e9xico y el Mundo de manera oportuna y busca que la libertad de expresi\u00f3n sea real. Visita nuestro medio informativo publicado desde Hermosillo, Sonora. %\",\"breadcrumb\":{\"@id\":\"https:\/\/www.sonoraenequipo.com.mx\/policia-de-hermosillo-busca-impactar-con-platicas-d-a-r-e-a-unos-5-mil-estudiantes\/#breadcrumb\"},\"inLanguage\":\"es\",\"potentialAction\":[{\"@type\":\"ReadAction\",\"target\":[\"https:\/\/www.sonoraenequipo.com.mx\/policia-de-hermosillo-busca-impactar-con-platicas-d-a-r-e-a-unos-5-mil-estudiantes\/\"]}]},{\"@type\":\"ImageObject\",\"inLanguage\":\"es\",\"@id\":\"https:\/\/www.sonoraenequipo.com.mx\/policia-de-hermosillo-busca-impactar-con-platicas-d-a-r-e-a-unos-5-mil-estudiantes\/#primaryimage\",\"url\":\"https:\/\/www.sonoraenequipo.com.mx\/storage\/2022\/08\/dare-platica.jpg\",\"contentUrl\":\"https:\/\/www.sonoraenequipo.com.mx\/storage\/2022\/08\/dare-platica.jpg\",\"width\":700,\"height\":393},{\"@type\":\"BreadcrumbList\",\"@id\":\"https:\/\/www.sonoraenequipo.com.mx\/policia-de-hermosillo-busca-impactar-con-platicas-d-a-r-e-a-unos-5-mil-estudiantes\/#breadcrumb\",\"itemListElement\":[{\"@type\":\"ListItem\",\"position\":1,\"name\":\"Portada\",\"item\":\"https:\/\/www.sonoraenequipo.com.mx\/\"},{\"@type\":\"ListItem\",\"position\":2,\"name\":\"Polic\u00eda de Hermosillo busca impactar con pl\u00e1ticas D.A.R.E. a unos 5 mil estudiantes\"}]},{\"@type\":\"WebSite\",\"@id\":\"https:\/\/www.sonoraenequipo.com.mx\/#website\",\"url\":\"https:\/\/www.sonoraenequipo.com.mx\/\",\"name\":\"Sonora en Equipo.\",\"description\":\"Diario en l\u00ednea con Noticias desde Hermosillo, Sonora\",\"publisher\":{\"@id\":\"https:\/\/www.sonoraenequipo.com.mx\/#organization\"},\"potentialAction\":[{\"@type\":\"SearchAction\",\"target\":{\"@type\":\"EntryPoint\",\"urlTemplate\":\"https:\/\/www.sonoraenequipo.com.mx\/?s={search_term_string}\"},\"query-input\":{\"@type\":\"PropertyValueSpecification\",\"valueRequired\":true,\"valueName\":\"search_term_string\"}}],\"inLanguage\":\"es\"},{\"@type\":\"Organization\",\"@id\":\"https:\/\/www.sonoraenequipo.com.mx\/#organization\",\"name\":\"Sonoraenequipo.com.mx\",\"url\":\"https:\/\/www.sonoraenequipo.com.mx\/\",\"logo\":{\"@type\":\"ImageObject\",\"inLanguage\":\"es\",\"@id\":\"https:\/\/www.sonoraenequipo.com.mx\/#\/schema\/logo\/image\/\",\"url\":\"https:\/\/www.sonoraenequipo.com.mx\/storage\/2019\/01\/sonoraenequipo_opt.png\",\"contentUrl\":\"https:\/\/www.sonoraenequipo.com.mx\/storage\/2019\/01\/sonoraenequipo_opt.png\",\"width\":375,\"height\":125,\"caption\":\"Sonoraenequipo.com.mx\"},\"image\":{\"@id\":\"https:\/\/www.sonoraenequipo.com.mx\/#\/schema\/logo\/image\/\"},\"sameAs\":[\"https:\/\/www.facebook.com\/SonoraEE\/\",\"https:\/\/x.com\/sonoraenequipo\",\"https:\/\/www.youtube.com\/channel\/UC338nW-lPEYmJQs4ZABQ1SQ\"]},{\"@type\":\"Person\",\"@id\":\"https:\/\/www.sonoraenequipo.com.mx\/#\/schema\/person\/50102df0fb23a8fa9e8effad8fa81386\",\"name\":\"enequipo\",\"image\":{\"@type\":\"ImageObject\",\"inLanguage\":\"es\",\"@id\":\"https:\/\/www.sonoraenequipo.com.mx\/#\/schema\/person\/image\/\",\"url\":\"https:\/\/secure.gravatar.com\/avatar\/049821681b589dabc0bc20695993ccebb09f5b5d4d790cd9251b97faac7c652b?s=96&d=blank&r=g\",\"contentUrl\":\"https:\/\/secure.gravatar.com\/avatar\/049821681b589dabc0bc20695993ccebb09f5b5d4d790cd9251b97faac7c652b?s=96&d=blank&r=g\",\"caption\":\"enequipo\"},\"sameAs\":[\"https:\/\/www.facebook.com\/SonoraEE\"]}]}<\/script>\n ","yoast_head_json":{"title":"Sonora en Equipo. Polic\u00eda de Hermosillo busca impactar con pl\u00e1ticas D.A.R.E. a unos 5 mil estudiantes Polic\u00edaca","description":"HERMOSILLO, SONORA,MX.\u2500\u2500 A partir del pr\u00f3ximo lunes, inicio del ciclo escolar 2022-2023, el personal DARE* de la Polic\u00eda de Hermosillo iniciar\u00e1 las En Sonora en Equipo publicamos toda la informaci\u00f3n de Sonora, M\u00e9xico y el Mundo de manera oportuna y busca que la libertad de expresi\u00f3n sea real. Visita nuestro medio informativo publicado desde Hermosillo, Sonora. %","robots":{"index":"index","follow":"follow","max-snippet":"max-snippet:-1","max-image-preview":"max-image-preview:large","max-video-preview":"max-video-preview:-1"},"canonical":"https:\/\/www.sonoraenequipo.com.mx\/policia-de-hermosillo-busca-impactar-con-platicas-d-a-r-e-a-unos-5-mil-estudiantes\/","og_locale":"es_ES","og_type":"article","og_title":"Sonora en Equipo. Polic\u00eda de Hermosillo busca impactar con pl\u00e1ticas D.A.R.E. a unos 5 mil estudiantes Polic\u00edaca","og_description":"HERMOSILLO, SONORA,MX.\u2500\u2500 A partir del pr\u00f3ximo lunes, inicio del ciclo escolar 2022-2023, el personal DARE* de la Polic\u00eda de Hermosillo iniciar\u00e1 las En Sonora en Equipo publicamos toda la informaci\u00f3n de Sonora, M\u00e9xico y el Mundo de manera oportuna y busca que la libertad de expresi\u00f3n sea real. Visita nuestro medio informativo publicado desde Hermosillo, Sonora. %","og_url":"https:\/\/www.sonoraenequipo.com.mx\/policia-de-hermosillo-busca-impactar-con-platicas-d-a-r-e-a-unos-5-mil-estudiantes\/","og_site_name":"Sonora en Equipo.","article_publisher":"https:\/\/www.facebook.com\/SonoraEE\/","article_author":"https:\/\/www.facebook.com\/SonoraEE","article_published_time":"2022-08-28T23:08:50+00:00","og_image":[{"width":700,"height":393,"url":"https:\/\/www.sonoraenequipo.com.mx\/storage\/2022\/08\/dare-platica.jpg","type":"image\/jpeg"}],"author":"enequipo","twitter_card":"summary_large_image","twitter_creator":"@sonoraenequipo","twitter_site":"@sonoraenequipo","twitter_misc":{"Escrito por":"enequipo","Tiempo de lectura":"2 minutos"},"schema":{"@context":"https:\/\/schema.org","@graph":[{"@type":"Article","@id":"https:\/\/www.sonoraenequipo.com.mx\/policia-de-hermosillo-busca-impactar-con-platicas-d-a-r-e-a-unos-5-mil-estudiantes\/#article","isPartOf":{"@id":"https:\/\/www.sonoraenequipo.com.mx\/policia-de-hermosillo-busca-impactar-con-platicas-d-a-r-e-a-unos-5-mil-estudiantes\/"},"author":{"name":"enequipo","@id":"https:\/\/www.sonoraenequipo.com.mx\/#\/schema\/person\/50102df0fb23a8fa9e8effad8fa81386"},"headline":"Polic\u00eda de Hermosillo busca impactar con pl\u00e1ticas D.A.R.E. a unos 5 mil estudiantes","datePublished":"2022-08-28T23:08:50+00:00","mainEntityOfPage":{"@id":"https:\/\/www.sonoraenequipo.com.mx\/policia-de-hermosillo-busca-impactar-con-platicas-d-a-r-e-a-unos-5-mil-estudiantes\/"},"wordCount":401,"commentCount":0,"publisher":{"@id":"https:\/\/www.sonoraenequipo.com.mx\/#organization"},"image":{"@id":"https:\/\/www.sonoraenequipo.com.mx\/policia-de-hermosillo-busca-impactar-con-platicas-d-a-r-e-a-unos-5-mil-estudiantes\/#primaryimage"},"thumbnailUrl":"https:\/\/www.sonoraenequipo.com.mx\/storage\/2022\/08\/dare-platica.jpg","keywords":["dare","educaci\u00f3n","hermosillo","Polic\u00eda"],"articleSection":["Polic\u00edaca"],"inLanguage":"es","potentialAction":[{"@type":"CommentAction","name":"Comment","target":["https:\/\/www.sonoraenequipo.com.mx\/policia-de-hermosillo-busca-impactar-con-platicas-d-a-r-e-a-unos-5-mil-estudiantes\/#respond"]}]},{"@type":"WebPage","@id":"https:\/\/www.sonoraenequipo.com.mx\/policia-de-hermosillo-busca-impactar-con-platicas-d-a-r-e-a-unos-5-mil-estudiantes\/","url":"https:\/\/www.sonoraenequipo.com.mx\/policia-de-hermosillo-busca-impactar-con-platicas-d-a-r-e-a-unos-5-mil-estudiantes\/","name":"Sonora en Equipo. Polic\u00eda de Hermosillo busca impactar con pl\u00e1ticas D.A.R.E. a unos 5 mil estudiantes Polic\u00edaca","isPartOf":{"@id":"https:\/\/www.sonoraenequipo.com.mx\/#website"},"primaryImageOfPage":{"@id":"https:\/\/www.sonoraenequipo.com.mx\/policia-de-hermosillo-busca-impactar-con-platicas-d-a-r-e-a-unos-5-mil-estudiantes\/#primaryimage"},"image":{"@id":"https:\/\/www.sonoraenequipo.com.mx\/policia-de-hermosillo-busca-impactar-con-platicas-d-a-r-e-a-unos-5-mil-estudiantes\/#primaryimage"},"thumbnailUrl":"https:\/\/www.sonoraenequipo.com.mx\/storage\/2022\/08\/dare-platica.jpg","datePublished":"2022-08-28T23:08:50+00:00","description":"HERMOSILLO, SONORA,MX.\u2500\u2500 A partir del pr\u00f3ximo lunes, inicio del ciclo escolar 2022-2023, el personal DARE* de la Polic\u00eda de Hermosillo iniciar\u00e1 las En Sonora en Equipo publicamos toda la informaci\u00f3n de Sonora, M\u00e9xico y el Mundo de manera oportuna y busca que la libertad de expresi\u00f3n sea real. Visita nuestro medio informativo publicado desde Hermosillo, Sonora. %","breadcrumb":{"@id":"https:\/\/www.sonoraenequipo.com.mx\/policia-de-hermosillo-busca-impactar-con-platicas-d-a-r-e-a-unos-5-mil-estudiantes\/#breadcrumb"},"inLanguage":"es","potentialAction":[{"@type":"ReadAction","target":["https:\/\/www.sonoraenequipo.com.mx\/policia-de-hermosillo-busca-impactar-con-platicas-d-a-r-e-a-unos-5-mil-estudiantes\/"]}]},{"@type":"ImageObject","inLanguage":"es","@id":"https:\/\/www.sonoraenequipo.com.mx\/policia-de-hermosillo-busca-impactar-con-platicas-d-a-r-e-a-unos-5-mil-estudiantes\/#primaryimage","url":"https:\/\/www.sonoraenequipo.com.mx\/storage\/2022\/08\/dare-platica.jpg","contentUrl":"https:\/\/www.sonoraenequipo.com.mx\/storage\/2022\/08\/dare-platica.jpg","width":700,"height":393},{"@type":"BreadcrumbList","@id":"https:\/\/www.sonoraenequipo.com.mx\/policia-de-hermosillo-busca-impactar-con-platicas-d-a-r-e-a-unos-5-mil-estudiantes\/#breadcrumb","itemListElement":[{"@type":"ListItem","position":1,"name":"Portada","item":"https:\/\/www.sonoraenequipo.com.mx\/"},{"@type":"ListItem","position":2,"name":"Polic\u00eda de Hermosillo busca impactar con pl\u00e1ticas D.A.R.E. a unos 5 mil estudiantes"}]},{"@type":"WebSite","@id":"https:\/\/www.sonoraenequipo.com.mx\/#website","url":"https:\/\/www.sonoraenequipo.com.mx\/","name":"Sonora en Equipo.","description":"Diario en l\u00ednea con Noticias desde Hermosillo, Sonora","publisher":{"@id":"https:\/\/www.sonoraenequipo.com.mx\/#organization"},"potentialAction":[{"@type":"SearchAction","target":{"@type":"EntryPoint","urlTemplate":"https:\/\/www.sonoraenequipo.com.mx\/?s={search_term_string}"},"query-input":{"@type":"PropertyValueSpecification","valueRequired":true,"valueName":"search_term_string"}}],"inLanguage":"es"},{"@type":"Organization","@id":"https:\/\/www.sonoraenequipo.com.mx\/#organization","name":"Sonoraenequipo.com.mx","url":"https:\/\/www.sonoraenequipo.com.mx\/","logo":{"@type":"ImageObject","inLanguage":"es","@id":"https:\/\/www.sonoraenequipo.com.mx\/#\/schema\/logo\/image\/","url":"https:\/\/www.sonoraenequipo.com.mx\/storage\/2019\/01\/sonoraenequipo_opt.png","contentUrl":"https:\/\/www.sonoraenequipo.com.mx\/storage\/2019\/01\/sonoraenequipo_opt.png","width":375,"height":125,"caption":"Sonoraenequipo.com.mx"},"image":{"@id":"https:\/\/www.sonoraenequipo.com.mx\/#\/schema\/logo\/image\/"},"sameAs":["https:\/\/www.facebook.com\/SonoraEE\/","https:\/\/x.com\/sonoraenequipo","https:\/\/www.youtube.com\/channel\/UC338nW-lPEYmJQs4ZABQ1SQ"]},{"@type":"Person","@id":"https:\/\/www.sonoraenequipo.com.mx\/#\/schema\/person\/50102df0fb23a8fa9e8effad8fa81386","name":"enequipo","image":{"@type":"ImageObject","inLanguage":"es","@id":"https:\/\/www.sonoraenequipo.com.mx\/#\/schema\/person\/image\/","url":"https:\/\/secure.gravatar.com\/avatar\/049821681b589dabc0bc20695993ccebb09f5b5d4d790cd9251b97faac7c652b?s=96&d=blank&r=g","contentUrl":"https:\/\/secure.gravatar.com\/avatar\/049821681b589dabc0bc20695993ccebb09f5b5d4d790cd9251b97faac7c652b?s=96&d=blank&r=g","caption":"enequipo"},"sameAs":["https:\/\/www.facebook.com\/SonoraEE"]}]}},"jetpack_featured_media_url":"https:\/\/www.sonoraenequipo.com.mx\/storage\/2022\/08\/dare-platica.jpg","_links":{"self":[{"href":"https:\/\/www.sonoraenequipo.com.mx\/api\/wp\/v2\/posts\/145969","targetHints":{"allow":["GET"]}}],"collection":[{"href":"https:\/\/www.sonoraenequipo.com.mx\/api\/wp\/v2\/posts"}],"about":[{"href":"https:\/\/www.sonoraenequipo.com.mx\/api\/wp\/v2\/types\/post"}],"author":[{"embeddable":true,"href":"https:\/\/www.sonoraenequipo.com.mx\/api\/wp\/v2\/users\/1"}],"replies":[{"embeddable":true,"href":"https:\/\/www.sonoraenequipo.com.mx\/api\/wp\/v2\/comments?post=145969"}],"version-history":[{"count":1,"href":"https:\/\/www.sonoraenequipo.com.mx\/api\/wp\/v2\/posts\/145969\/revisions"}],"predecessor-version":[{"id":145971,"href":"https:\/\/www.sonoraenequipo.com.mx\/api\/wp\/v2\/posts\/145969\/revisions\/145971"}],"wp:featuredmedia":[{"embeddable":true,"href":"https:\/\/www.sonoraenequipo.com.mx\/api\/wp\/v2\/media\/145970"}],"wp:attachment":[{"href":"https:\/\/www.sonoraenequipo.com.mx\/api\/wp\/v2\/media?parent=145969"}],"wp:term":[{"taxonomy":"category","embeddable":true,"href":"https:\/\/www.sonoraenequipo.com.mx\/api\/wp\/v2\/categories?post=145969"},{"taxonomy":"post_tag","embeddable":true,"href":"https:\/\/www.sonoraenequipo.com.mx\/api\/wp\/v2\/tags?post=145969"}],"curies":[{"name":"wp","href":"https:\/\/api.w.org\/{rel}","templated":true}]}}