{"id":145979,"date":"2022-08-28T10:20:29","date_gmt":"2022-08-28T17:20:29","guid":{"rendered":"https:\/\/www.sonoraenequipo.com.mx\/?p=145979"},"modified":"2022-08-28T17:57:00","modified_gmt":"2022-08-29T00:57:00","slug":"revelan-tumba-maya-en-el-sureste-mexicano-tras-24-anos-de-investigacion","status":"publish","type":"post","link":"https:\/\/www.sonoraenequipo.com.mx\/revelan-tumba-maya-en-el-sureste-mexicano-tras-24-anos-de-investigacion\/","title":{"rendered":"Revelan tumba maya en el sureste mexicano tras 24 a\u00f1os de investigaci\u00f3n"},"content":{"rendered":"<p><strong>CIUDAD DE M\u00c9XICO. MX. \u2014<\/strong> ras 24 a\u00f1os de investigaci\u00f3n, arque\u00f3logos mexicanos revelaron m\u00e1s datos de una tumba maya descubierta en 1998 y que pertenece al rey maya Kalonch\u00e9 Uk\u2019uuw Chan Chaahk o \u201cSe\u00f1or del dominio de los Ka\u2019n en Ho\u201d, la cual se encuentra en la plaza ceremonial de la zona ecoarqueol\u00f3gica de Dzibilchalt\u00fan, ubicada al norte de Yucat\u00e1n, sureste de M\u00e9xico.<\/p>\n<p>&nbsp;<\/p>\n<p> <\/p>\n<p>&nbsp;<\/p>\n<p>&nbsp;<\/p>\n<p>Aunque los datos del personaje y su reino estaban escritos en la Estela 19, el investigador dice que varios a\u00f1os despu\u00e9s, apoyados con el avance de la epigraf\u00eda, hicieron la traducci\u00f3n confiable de los jerogl\u00edficos mayas que dicen: \u201cKalonch\u00e9 Uk\u2019uuw Chan Chaahk, Rey de Ich Kan Sih\u00f3\u201d.<\/p>\n<p>&nbsp;<\/p>\n<p>&nbsp;<\/p>\n<p><img loading=\"lazy\" decoding=\"async\" class=\"x-none size-medium \" src=\"https:\/\/www.sonoraenequipo.com.mx\/storage\/2022\/08\/descubren-tumba-maya-639x365.jpg\" alt=\"\" width=\"639\" height=\"365\" \/><\/p>\n<p>De los 35 monumentos verticales de piedra (estelas) encontrados en el sitio, solo unos cuantos ten\u00edan el texto legible, \u201clas otras estaban erosionadas por el paso del tiempo\u201d, asegur\u00f3 l arque\u00f3logo \u00c1ngel G\u00f3ngora Salas, director del proyecto.<\/p>\n<p>&nbsp;<\/p>\n<p>&nbsp;<\/p>\n<p>PUBLICADO EL 28\/AGOSTO\/2022 \/ Con informaci\u00f3n de EE\/ )<\/p>\n","protected":false},"excerpt":{"rendered":"<p>CIUDAD DE M\u00c9XICO. MX. \u2014 ras 24 a\u00f1os de investigaci\u00f3n, arque\u00f3logos mexicanos revelaron m\u00e1s datos&#8230;<\/p>\n","protected":false},"author":1,"featured_media":145989,"comment_status":"open","ping_status":"open","sticky":false,"template":"","format":"standard","meta":{"_monsterinsights_skip_tracking":false,"_monsterinsights_sitenote_active":false,"_monsterinsights_sitenote_note":"","_monsterinsights_sitenote_category":0,"footnotes":""},"categories":[5],"tags":[],"class_list":["post"],"yoast_head":" \n<title>Sonora en Equipo. Revelan tumba maya en el sureste mexicano tras 24 a\u00f1os de investigaci\u00f3n Rep\u00fablica<\/title>\n<meta name=\"description\" content=\"CIUDAD DE M\u00c9XICO. MX. \u2014 ras 24 a\u00f1os de investigaci\u00f3n, arque\u00f3logos mexicanos revelaron m\u00e1s datos de una tumba maya descubierta en 1998 y que pertenece al En Sonora en Equipo publicamos toda la informaci\u00f3n de Sonora, M\u00e9xico y el Mundo de manera oportuna y busca que la libertad de expresi\u00f3n sea real. Visita nuestro medio informativo publicado desde Hermosillo, Sonora. %\" \/>\n<meta name=\"robots\" content=\"index, follow, max-snippet:-1, max-image-preview:large, max-video-preview:-1\" \/>\n<link rel=\"canonical\" href=\"https:\/\/www.sonoraenequipo.com.mx\/revelan-tumba-maya-en-el-sureste-mexicano-tras-24-anos-de-investigacion\/\" \/>\n<meta property=\"og:locale\" content=\"es_ES\" \/>\n<meta property=\"og:type\" content=\"article\" \/>\n<meta property=\"og:title\" content=\"Sonora en Equipo. Revelan tumba maya en el sureste mexicano tras 24 a\u00f1os de investigaci\u00f3n Rep\u00fablica\" \/>\n<meta property=\"og:description\" content=\"CIUDAD DE M\u00c9XICO. MX. \u2014 ras 24 a\u00f1os de investigaci\u00f3n, arque\u00f3logos mexicanos revelaron m\u00e1s datos de una tumba maya descubierta en 1998 y que pertenece al En Sonora en Equipo publicamos toda la informaci\u00f3n de Sonora, M\u00e9xico y el Mundo de manera oportuna y busca que la libertad de expresi\u00f3n sea real. Visita nuestro medio informativo publicado desde Hermosillo, Sonora. %\" \/>\n<meta property=\"og:url\" content=\"https:\/\/www.sonoraenequipo.com.mx\/revelan-tumba-maya-en-el-sureste-mexicano-tras-24-anos-de-investigacion\/\" \/>\n<meta property=\"og:site_name\" content=\"Sonora en Equipo.\" \/>\n<meta property=\"article:publisher\" content=\"https:\/\/www.facebook.com\/SonoraEE\/\" \/>\n<meta property=\"article:author\" content=\"https:\/\/www.facebook.com\/SonoraEE\" \/>\n<meta property=\"article:published_time\" content=\"2022-08-28T17:20:29+00:00\" \/>\n<meta property=\"article:modified_time\" content=\"2022-08-29T00:57:00+00:00\" \/>\n<meta property=\"og:image\" content=\"https:\/\/www.sonoraenequipo.com.mx\/storage\/2022\/08\/tumba-maya.jpg\" \/>\n\t<meta property=\"og:image:width\" content=\"900\" \/>\n\t<meta property=\"og:image:height\" content=\"514\" \/>\n\t<meta property=\"og:image:type\" content=\"image\/jpeg\" \/>\n<meta name=\"author\" content=\"enequipo\" \/>\n<meta name=\"twitter:card\" content=\"summary_large_image\" \/>\n<meta name=\"twitter:creator\" content=\"@sonoraenequipo\" \/>\n<meta name=\"twitter:site\" content=\"@sonoraenequipo\" \/>\n<meta name=\"twitter:label1\" content=\"Escrito por\" \/>\n\t<meta name=\"twitter:data1\" content=\"enequipo\" \/>\n\t<meta name=\"twitter:label2\" content=\"Tiempo de lectura\" \/>\n\t<meta name=\"twitter:data2\" content=\"1 minuto\" \/>\n<script type=\"application\/ld+json\" class=\"yoast-schema-graph\">{\"@context\":\"https:\/\/schema.org\",\"@graph\":[{\"@type\":\"Article\",\"@id\":\"https:\/\/www.sonoraenequipo.com.mx\/revelan-tumba-maya-en-el-sureste-mexicano-tras-24-anos-de-investigacion\/#article\",\"isPartOf\":{\"@id\":\"https:\/\/www.sonoraenequipo.com.mx\/revelan-tumba-maya-en-el-sureste-mexicano-tras-24-anos-de-investigacion\/\"},\"author\":{\"name\":\"enequipo\",\"@id\":\"https:\/\/www.sonoraenequipo.com.mx\/#\/schema\/person\/50102df0fb23a8fa9e8effad8fa81386\"},\"headline\":\"Revelan tumba maya en el sureste mexicano tras 24 a\u00f1os de investigaci\u00f3n\",\"datePublished\":\"2022-08-28T17:20:29+00:00\",\"dateModified\":\"2022-08-29T00:57:00+00:00\",\"mainEntityOfPage\":{\"@id\":\"https:\/\/www.sonoraenequipo.com.mx\/revelan-tumba-maya-en-el-sureste-mexicano-tras-24-anos-de-investigacion\/\"},\"wordCount\":191,\"commentCount\":0,\"publisher\":{\"@id\":\"https:\/\/www.sonoraenequipo.com.mx\/#organization\"},\"image\":{\"@id\":\"https:\/\/www.sonoraenequipo.com.mx\/revelan-tumba-maya-en-el-sureste-mexicano-tras-24-anos-de-investigacion\/#primaryimage\"},\"thumbnailUrl\":\"https:\/\/www.sonoraenequipo.com.mx\/storage\/2022\/08\/tumba-maya.jpg\",\"articleSection\":[\"Rep\u00fablica\"],\"inLanguage\":\"es\",\"potentialAction\":[{\"@type\":\"CommentAction\",\"name\":\"Comment\",\"target\":[\"https:\/\/www.sonoraenequipo.com.mx\/revelan-tumba-maya-en-el-sureste-mexicano-tras-24-anos-de-investigacion\/#respond\"]}]},{\"@type\":\"WebPage\",\"@id\":\"https:\/\/www.sonoraenequipo.com.mx\/revelan-tumba-maya-en-el-sureste-mexicano-tras-24-anos-de-investigacion\/\",\"url\":\"https:\/\/www.sonoraenequipo.com.mx\/revelan-tumba-maya-en-el-sureste-mexicano-tras-24-anos-de-investigacion\/\",\"name\":\"Sonora en Equipo. Revelan tumba maya en el sureste mexicano tras 24 a\u00f1os de investigaci\u00f3n Rep\u00fablica\",\"isPartOf\":{\"@id\":\"https:\/\/www.sonoraenequipo.com.mx\/#website\"},\"primaryImageOfPage\":{\"@id\":\"https:\/\/www.sonoraenequipo.com.mx\/revelan-tumba-maya-en-el-sureste-mexicano-tras-24-anos-de-investigacion\/#primaryimage\"},\"image\":{\"@id\":\"https:\/\/www.sonoraenequipo.com.mx\/revelan-tumba-maya-en-el-sureste-mexicano-tras-24-anos-de-investigacion\/#primaryimage\"},\"thumbnailUrl\":\"https:\/\/www.sonoraenequipo.com.mx\/storage\/2022\/08\/tumba-maya.jpg\",\"datePublished\":\"2022-08-28T17:20:29+00:00\",\"dateModified\":\"2022-08-29T00:57:00+00:00\",\"description\":\"CIUDAD DE M\u00c9XICO. MX. \u2014 ras 24 a\u00f1os de investigaci\u00f3n, arque\u00f3logos mexicanos revelaron m\u00e1s datos de una tumba maya descubierta en 1998 y que pertenece al En Sonora en Equipo publicamos toda la informaci\u00f3n de Sonora, M\u00e9xico y el Mundo de manera oportuna y busca que la libertad de expresi\u00f3n sea real. Visita nuestro medio informativo publicado desde Hermosillo, Sonora. %\",\"breadcrumb\":{\"@id\":\"https:\/\/www.sonoraenequipo.com.mx\/revelan-tumba-maya-en-el-sureste-mexicano-tras-24-anos-de-investigacion\/#breadcrumb\"},\"inLanguage\":\"es\",\"potentialAction\":[{\"@type\":\"ReadAction\",\"target\":[\"https:\/\/www.sonoraenequipo.com.mx\/revelan-tumba-maya-en-el-sureste-mexicano-tras-24-anos-de-investigacion\/\"]}]},{\"@type\":\"ImageObject\",\"inLanguage\":\"es\",\"@id\":\"https:\/\/www.sonoraenequipo.com.mx\/revelan-tumba-maya-en-el-sureste-mexicano-tras-24-anos-de-investigacion\/#primaryimage\",\"url\":\"https:\/\/www.sonoraenequipo.com.mx\/storage\/2022\/08\/tumba-maya.jpg\",\"contentUrl\":\"https:\/\/www.sonoraenequipo.com.mx\/storage\/2022\/08\/tumba-maya.jpg\",\"width\":900,\"height\":514},{\"@type\":\"BreadcrumbList\",\"@id\":\"https:\/\/www.sonoraenequipo.com.mx\/revelan-tumba-maya-en-el-sureste-mexicano-tras-24-anos-de-investigacion\/#breadcrumb\",\"itemListElement\":[{\"@type\":\"ListItem\",\"position\":1,\"name\":\"Portada\",\"item\":\"https:\/\/www.sonoraenequipo.com.mx\/\"},{\"@type\":\"ListItem\",\"position\":2,\"name\":\"Revelan tumba maya en el sureste mexicano tras 24 a\u00f1os de investigaci\u00f3n\"}]},{\"@type\":\"WebSite\",\"@id\":\"https:\/\/www.sonoraenequipo.com.mx\/#website\",\"url\":\"https:\/\/www.sonoraenequipo.com.mx\/\",\"name\":\"Sonora en Equipo.\",\"description\":\"Diario en l\u00ednea con Noticias desde Hermosillo, Sonora\",\"publisher\":{\"@id\":\"https:\/\/www.sonoraenequipo.com.mx\/#organization\"},\"potentialAction\":[{\"@type\":\"SearchAction\",\"target\":{\"@type\":\"EntryPoint\",\"urlTemplate\":\"https:\/\/www.sonoraenequipo.com.mx\/?s={search_term_string}\"},\"query-input\":{\"@type\":\"PropertyValueSpecification\",\"valueRequired\":true,\"valueName\":\"search_term_string\"}}],\"inLanguage\":\"es\"},{\"@type\":\"Organization\",\"@id\":\"https:\/\/www.sonoraenequipo.com.mx\/#organization\",\"name\":\"Sonoraenequipo.com.mx\",\"url\":\"https:\/\/www.sonoraenequipo.com.mx\/\",\"logo\":{\"@type\":\"ImageObject\",\"inLanguage\":\"es\",\"@id\":\"https:\/\/www.sonoraenequipo.com.mx\/#\/schema\/logo\/image\/\",\"url\":\"https:\/\/www.sonoraenequipo.com.mx\/storage\/2019\/01\/sonoraenequipo_opt.png\",\"contentUrl\":\"https:\/\/www.sonoraenequipo.com.mx\/storage\/2019\/01\/sonoraenequipo_opt.png\",\"width\":375,\"height\":125,\"caption\":\"Sonoraenequipo.com.mx\"},\"image\":{\"@id\":\"https:\/\/www.sonoraenequipo.com.mx\/#\/schema\/logo\/image\/\"},\"sameAs\":[\"https:\/\/www.facebook.com\/SonoraEE\/\",\"https:\/\/x.com\/sonoraenequipo\",\"https:\/\/www.youtube.com\/channel\/UC338nW-lPEYmJQs4ZABQ1SQ\"]},{\"@type\":\"Person\",\"@id\":\"https:\/\/www.sonoraenequipo.com.mx\/#\/schema\/person\/50102df0fb23a8fa9e8effad8fa81386\",\"name\":\"enequipo\",\"image\":{\"@type\":\"ImageObject\",\"inLanguage\":\"es\",\"@id\":\"https:\/\/www.sonoraenequipo.com.mx\/#\/schema\/person\/image\/\",\"url\":\"https:\/\/secure.gravatar.com\/avatar\/049821681b589dabc0bc20695993ccebb09f5b5d4d790cd9251b97faac7c652b?s=96&d=blank&r=g\",\"contentUrl\":\"https:\/\/secure.gravatar.com\/avatar\/049821681b589dabc0bc20695993ccebb09f5b5d4d790cd9251b97faac7c652b?s=96&d=blank&r=g\",\"caption\":\"enequipo\"},\"sameAs\":[\"https:\/\/www.facebook.com\/SonoraEE\"]}]}<\/script>\n ","yoast_head_json":{"title":"Sonora en Equipo. Revelan tumba maya en el sureste mexicano tras 24 a\u00f1os de investigaci\u00f3n Rep\u00fablica","description":"CIUDAD DE M\u00c9XICO. MX. \u2014 ras 24 a\u00f1os de investigaci\u00f3n, arque\u00f3logos mexicanos revelaron m\u00e1s datos de una tumba maya descubierta en 1998 y que pertenece al En Sonora en Equipo publicamos toda la informaci\u00f3n de Sonora, M\u00e9xico y el Mundo de manera oportuna y busca que la libertad de expresi\u00f3n sea real. Visita nuestro medio informativo publicado desde Hermosillo, Sonora. %","robots":{"index":"index","follow":"follow","max-snippet":"max-snippet:-1","max-image-preview":"max-image-preview:large","max-video-preview":"max-video-preview:-1"},"canonical":"https:\/\/www.sonoraenequipo.com.mx\/revelan-tumba-maya-en-el-sureste-mexicano-tras-24-anos-de-investigacion\/","og_locale":"es_ES","og_type":"article","og_title":"Sonora en Equipo. Revelan tumba maya en el sureste mexicano tras 24 a\u00f1os de investigaci\u00f3n Rep\u00fablica","og_description":"CIUDAD DE M\u00c9XICO. MX. \u2014 ras 24 a\u00f1os de investigaci\u00f3n, arque\u00f3logos mexicanos revelaron m\u00e1s datos de una tumba maya descubierta en 1998 y que pertenece al En Sonora en Equipo publicamos toda la informaci\u00f3n de Sonora, M\u00e9xico y el Mundo de manera oportuna y busca que la libertad de expresi\u00f3n sea real. Visita nuestro medio informativo publicado desde Hermosillo, Sonora. %","og_url":"https:\/\/www.sonoraenequipo.com.mx\/revelan-tumba-maya-en-el-sureste-mexicano-tras-24-anos-de-investigacion\/","og_site_name":"Sonora en Equipo.","article_publisher":"https:\/\/www.facebook.com\/SonoraEE\/","article_author":"https:\/\/www.facebook.com\/SonoraEE","article_published_time":"2022-08-28T17:20:29+00:00","article_modified_time":"2022-08-29T00:57:00+00:00","og_image":[{"width":900,"height":514,"url":"https:\/\/www.sonoraenequipo.com.mx\/storage\/2022\/08\/tumba-maya.jpg","type":"image\/jpeg"}],"author":"enequipo","twitter_card":"summary_large_image","twitter_creator":"@sonoraenequipo","twitter_site":"@sonoraenequipo","twitter_misc":{"Escrito por":"enequipo","Tiempo de lectura":"1 minuto"},"schema":{"@context":"https:\/\/schema.org","@graph":[{"@type":"Article","@id":"https:\/\/www.sonoraenequipo.com.mx\/revelan-tumba-maya-en-el-sureste-mexicano-tras-24-anos-de-investigacion\/#article","isPartOf":{"@id":"https:\/\/www.sonoraenequipo.com.mx\/revelan-tumba-maya-en-el-sureste-mexicano-tras-24-anos-de-investigacion\/"},"author":{"name":"enequipo","@id":"https:\/\/www.sonoraenequipo.com.mx\/#\/schema\/person\/50102df0fb23a8fa9e8effad8fa81386"},"headline":"Revelan tumba maya en el sureste mexicano tras 24 a\u00f1os de investigaci\u00f3n","datePublished":"2022-08-28T17:20:29+00:00","dateModified":"2022-08-29T00:57:00+00:00","mainEntityOfPage":{"@id":"https:\/\/www.sonoraenequipo.com.mx\/revelan-tumba-maya-en-el-sureste-mexicano-tras-24-anos-de-investigacion\/"},"wordCount":191,"commentCount":0,"publisher":{"@id":"https:\/\/www.sonoraenequipo.com.mx\/#organization"},"image":{"@id":"https:\/\/www.sonoraenequipo.com.mx\/revelan-tumba-maya-en-el-sureste-mexicano-tras-24-anos-de-investigacion\/#primaryimage"},"thumbnailUrl":"https:\/\/www.sonoraenequipo.com.mx\/storage\/2022\/08\/tumba-maya.jpg","articleSection":["Rep\u00fablica"],"inLanguage":"es","potentialAction":[{"@type":"CommentAction","name":"Comment","target":["https:\/\/www.sonoraenequipo.com.mx\/revelan-tumba-maya-en-el-sureste-mexicano-tras-24-anos-de-investigacion\/#respond"]}]},{"@type":"WebPage","@id":"https:\/\/www.sonoraenequipo.com.mx\/revelan-tumba-maya-en-el-sureste-mexicano-tras-24-anos-de-investigacion\/","url":"https:\/\/www.sonoraenequipo.com.mx\/revelan-tumba-maya-en-el-sureste-mexicano-tras-24-anos-de-investigacion\/","name":"Sonora en Equipo. Revelan tumba maya en el sureste mexicano tras 24 a\u00f1os de investigaci\u00f3n Rep\u00fablica","isPartOf":{"@id":"https:\/\/www.sonoraenequipo.com.mx\/#website"},"primaryImageOfPage":{"@id":"https:\/\/www.sonoraenequipo.com.mx\/revelan-tumba-maya-en-el-sureste-mexicano-tras-24-anos-de-investigacion\/#primaryimage"},"image":{"@id":"https:\/\/www.sonoraenequipo.com.mx\/revelan-tumba-maya-en-el-sureste-mexicano-tras-24-anos-de-investigacion\/#primaryimage"},"thumbnailUrl":"https:\/\/www.sonoraenequipo.com.mx\/storage\/2022\/08\/tumba-maya.jpg","datePublished":"2022-08-28T17:20:29+00:00","dateModified":"2022-08-29T00:57:00+00:00","description":"CIUDAD DE M\u00c9XICO. MX. \u2014 ras 24 a\u00f1os de investigaci\u00f3n, arque\u00f3logos mexicanos revelaron m\u00e1s datos de una tumba maya descubierta en 1998 y que pertenece al En Sonora en Equipo publicamos toda la informaci\u00f3n de Sonora, M\u00e9xico y el Mundo de manera oportuna y busca que la libertad de expresi\u00f3n sea real. Visita nuestro medio informativo publicado desde Hermosillo, Sonora. %","breadcrumb":{"@id":"https:\/\/www.sonoraenequipo.com.mx\/revelan-tumba-maya-en-el-sureste-mexicano-tras-24-anos-de-investigacion\/#breadcrumb"},"inLanguage":"es","potentialAction":[{"@type":"ReadAction","target":["https:\/\/www.sonoraenequipo.com.mx\/revelan-tumba-maya-en-el-sureste-mexicano-tras-24-anos-de-investigacion\/"]}]},{"@type":"ImageObject","inLanguage":"es","@id":"https:\/\/www.sonoraenequipo.com.mx\/revelan-tumba-maya-en-el-sureste-mexicano-tras-24-anos-de-investigacion\/#primaryimage","url":"https:\/\/www.sonoraenequipo.com.mx\/storage\/2022\/08\/tumba-maya.jpg","contentUrl":"https:\/\/www.sonoraenequipo.com.mx\/storage\/2022\/08\/tumba-maya.jpg","width":900,"height":514},{"@type":"BreadcrumbList","@id":"https:\/\/www.sonoraenequipo.com.mx\/revelan-tumba-maya-en-el-sureste-mexicano-tras-24-anos-de-investigacion\/#breadcrumb","itemListElement":[{"@type":"ListItem","position":1,"name":"Portada","item":"https:\/\/www.sonoraenequipo.com.mx\/"},{"@type":"ListItem","position":2,"name":"Revelan tumba maya en el sureste mexicano tras 24 a\u00f1os de investigaci\u00f3n"}]},{"@type":"WebSite","@id":"https:\/\/www.sonoraenequipo.com.mx\/#website","url":"https:\/\/www.sonoraenequipo.com.mx\/","name":"Sonora en Equipo.","description":"Diario en l\u00ednea con Noticias desde Hermosillo, Sonora","publisher":{"@id":"https:\/\/www.sonoraenequipo.com.mx\/#organization"},"potentialAction":[{"@type":"SearchAction","target":{"@type":"EntryPoint","urlTemplate":"https:\/\/www.sonoraenequipo.com.mx\/?s={search_term_string}"},"query-input":{"@type":"PropertyValueSpecification","valueRequired":true,"valueName":"search_term_string"}}],"inLanguage":"es"},{"@type":"Organization","@id":"https:\/\/www.sonoraenequipo.com.mx\/#organization","name":"Sonoraenequipo.com.mx","url":"https:\/\/www.sonoraenequipo.com.mx\/","logo":{"@type":"ImageObject","inLanguage":"es","@id":"https:\/\/www.sonoraenequipo.com.mx\/#\/schema\/logo\/image\/","url":"https:\/\/www.sonoraenequipo.com.mx\/storage\/2019\/01\/sonoraenequipo_opt.png","contentUrl":"https:\/\/www.sonoraenequipo.com.mx\/storage\/2019\/01\/sonoraenequipo_opt.png","width":375,"height":125,"caption":"Sonoraenequipo.com.mx"},"image":{"@id":"https:\/\/www.sonoraenequipo.com.mx\/#\/schema\/logo\/image\/"},"sameAs":["https:\/\/www.facebook.com\/SonoraEE\/","https:\/\/x.com\/sonoraenequipo","https:\/\/www.youtube.com\/channel\/UC338nW-lPEYmJQs4ZABQ1SQ"]},{"@type":"Person","@id":"https:\/\/www.sonoraenequipo.com.mx\/#\/schema\/person\/50102df0fb23a8fa9e8effad8fa81386","name":"enequipo","image":{"@type":"ImageObject","inLanguage":"es","@id":"https:\/\/www.sonoraenequipo.com.mx\/#\/schema\/person\/image\/","url":"https:\/\/secure.gravatar.com\/avatar\/049821681b589dabc0bc20695993ccebb09f5b5d4d790cd9251b97faac7c652b?s=96&d=blank&r=g","contentUrl":"https:\/\/secure.gravatar.com\/avatar\/049821681b589dabc0bc20695993ccebb09f5b5d4d790cd9251b97faac7c652b?s=96&d=blank&r=g","caption":"enequipo"},"sameAs":["https:\/\/www.facebook.com\/SonoraEE"]}]}},"jetpack_featured_media_url":"https:\/\/www.sonoraenequipo.com.mx\/storage\/2022\/08\/tumba-maya.jpg","_links":{"self":[{"href":"https:\/\/www.sonoraenequipo.com.mx\/api\/wp\/v2\/posts\/145979","targetHints":{"allow":["GET"]}}],"collection":[{"href":"https:\/\/www.sonoraenequipo.com.mx\/api\/wp\/v2\/posts"}],"about":[{"href":"https:\/\/www.sonoraenequipo.com.mx\/api\/wp\/v2\/types\/post"}],"author":[{"embeddable":true,"href":"https:\/\/www.sonoraenequipo.com.mx\/api\/wp\/v2\/users\/1"}],"replies":[{"embeddable":true,"href":"https:\/\/www.sonoraenequipo.com.mx\/api\/wp\/v2\/comments?post=145979"}],"version-history":[{"count":1,"href":"https:\/\/www.sonoraenequipo.com.mx\/api\/wp\/v2\/posts\/145979\/revisions"}],"predecessor-version":[{"id":145995,"href":"https:\/\/www.sonoraenequipo.com.mx\/api\/wp\/v2\/posts\/145979\/revisions\/145995"}],"wp:featuredmedia":[{"embeddable":true,"href":"https:\/\/www.sonoraenequipo.com.mx\/api\/wp\/v2\/media\/145989"}],"wp:attachment":[{"href":"https:\/\/www.sonoraenequipo.com.mx\/api\/wp\/v2\/media?parent=145979"}],"wp:term":[{"taxonomy":"category","embeddable":true,"href":"https:\/\/www.sonoraenequipo.com.mx\/api\/wp\/v2\/categories?post=145979"},{"taxonomy":"post_tag","embeddable":true,"href":"https:\/\/www.sonoraenequipo.com.mx\/api\/wp\/v2\/tags?post=145979"}],"curies":[{"name":"wp","href":"https:\/\/api.w.org\/{rel}","templated":true}]}}